{"id":21877,"date":"2024-08-19T17:37:50","date_gmt":"2024-08-19T23:37:50","guid":{"rendered":"https:\/\/conexionnacional.mx\/?p=21877"},"modified":"2024-08-19T17:37:52","modified_gmt":"2024-08-19T23:37:52","slug":"michael-arroyo-ex-america-anota-golazo-en-segunda-division-de-ecuador","status":"publish","type":"post","link":"https:\/\/conexionnacional.mx\/index.php\/2024\/08\/19\/michael-arroyo-ex-america-anota-golazo-en-segunda-division-de-ecuador\/","title":{"rendered":"Michael Arroyo, ex Am\u00e9rica, \u00a1anota GOLAZO en segunda divisi\u00f3n de Ecuador! (VIDEO)"},"content":{"rendered":"\n<p>El exjugador del&nbsp;<strong>Am\u00e9rica<\/strong>&nbsp;se luci\u00f3 en un tiro libre con el&nbsp;<strong>Luz Valdivia<\/strong>, su actual equipo, que gracias a Miky jugar\u00e1 la Final provincial antes de la fase nacional (Final del Torneo de Ascenso de Santa Elena).<\/p>\n\n\n\n<p>Corr\u00eda el minuto 2 del choque y&nbsp;<strong>Michael Arroyo&nbsp;<\/strong>agarr\u00f3 el bal\u00f3n; se par\u00f3 como sol\u00eda hacerlo en el&nbsp;<strong>Estadio Azteca<\/strong>; con dos hombres en la barrera, en el costado izquierdo de la cancha, el atacante sac\u00f3 un tremendo disparo que se elev\u00f3 y baj\u00f3 justo cerca del \u00e1ngulo zurdo del portero rival: \u00a1Golazo de Arroyo!<\/p>\n\n\n\n<figure class=\"wp-block-embed is-type-rich is-provider-twitter wp-block-embed-twitter\"><div class=\"wp-block-embed__wrapper\">\n<blockquote class=\"twitter-tweet\" data-width=\"550\" data-dnt=\"true\"><p lang=\"es\" dir=\"ltr\">Como solo Micky lo sabe hacer <br><br>Michael Arroyo anota el gol de la victoria de Luz Valdivia frente a Santa Elena SC. Con este golazo Luz Valdivia clasifica a la Final del Toreneo de Ascenso de Santa Elena . <a href=\"https:\/\/t.co\/MeE4vIHntd\">pic.twitter.com\/MeE4vIHntd<\/a><\/p>&mdash; TERADEPORTES (@Teradeportes) <a href=\"https:\/\/twitter.com\/Teradeportes\/status\/1824944445646610581?ref_src=twsrc%5Etfw\">August 17, 2024<\/a><\/blockquote><script async src=\"https:\/\/platform.twitter.com\/widgets.js\" charset=\"utf-8\"><\/script>\n<\/div><\/figure>\n\n\n\n<h2 class=\"wp-block-heading\"><strong>\u00bfCU\u00c1NTOS GOLES ANOT\u00d3 MICHAEL ARROYO CON EL AM\u00c9RICA EN M\u00c9XICO?<\/strong><\/h2>\n\n\n\n<p>El ecuatoriano&nbsp;<strong>Michael Arroyo,&nbsp;<\/strong>con el club de Coapa, logr\u00f3 el t\u00edtulo del Apertura 2014 y tambi\u00e9n el bicampeonato de CONCACAF, en 2015 y 2016; adem\u00e1s, disput\u00f3 132 partidos y anot\u00f3 27 goles con el&nbsp;<strong>Am\u00e9rica.<\/strong><\/p>\n\n\n\n<p>Pese a su buen rendimiento, su relaci\u00f3n con los de&nbsp;<strong>Coapa en CDMX&nbsp;<\/strong>lleg\u00f3 a su fin en 2017; despu\u00e9s de su paso con el&nbsp;<strong>Gremio de Brasil,&nbsp;<\/strong>el ecuatoriano busc\u00f3 suerte en el&nbsp;<strong>Naranja Mek\u00e1nica local;&nbsp;<\/strong>posteriormente, Luz Valdivia le abri\u00f3 las puertas, donde justamente clav\u00f3 la diana, en la victoria contra Elena SC.<\/p>\n\n\n\n<p>Dentro de su paso por el futbol mexicano, el sudamericano&nbsp;<strong>Michael Arroyo<\/strong>&nbsp;lleg\u00f3 en el 2010 con el&nbsp;<strong>San Luis;&nbsp;<\/strong>posteriormente, su carta la compr\u00f3 el&nbsp;<strong>Atlante<\/strong>, d\u00e1ndole la oportunidad de ponerse la camiseta amarila en 2014.<\/p>\n\n\n\n<figure class=\"wp-block-image\"><img decoding=\"async\" src=\"data:image\/gif;base64,R0lGODlhAQABAAAAACH5BAEKAAEALAAAAAABAAEAAAICTAEAOw==\" data-src=\"https:\/\/www.elfinanciero.com.mx\/resizer\/hvkO8DGvy5K-9hECnU36mp47xXA=\/1440x0\/filters:format(jpg):quality(70)\/cloudfront-us-east-1.images.arcpublishing.com\/elfinanciero\/HRCY3D5GUJASVMAVAQ6QISPL24.jpg\" class=\"lazyload\" alt=\"\u00a1Michael Arroyo es baja con Am\u00e9rica!\"\/><figcaption class=\"wp-element-caption\"><strong>Michael Arroyo&nbsp;<\/strong>En un festejo con Am\u00e9rica&#8230;<\/figcaption><\/figure>\n","protected":false},"excerpt":{"rendered":"<p>El exjugador del&nbsp;Am\u00e9rica&nbsp;se luci\u00f3 en un tiro libre con el&nbsp;Luz Valdivia, su actual equipo, que gracias a Miky jugar\u00e1 la Final provincial antes de la fase nacional (Final del Torneo de Ascenso de Santa Elena). Corr\u00eda el minuto 2 del choque y&nbsp;Michael Arroyo&nbsp;agarr\u00f3 el bal\u00f3n; se par\u00f3 como sol\u00eda hacerlo en el&nbsp;Estadio Azteca; con dos [&hellip;]<\/p>\n","protected":false},"author":1,"featured_media":21878,"comment_status":"closed","ping_status":"closed","sticky":false,"template":"","format":"aside","meta":{"googlesitekit_rrm_CAowytPeCw:productID":"","footnotes":""},"categories":[19],"tags":[8608,8607],"class_list":["post-21877","post","type-post","status-publish","format-aside","has-post-thumbnail","hentry","category-deportes","tag-ex-america","tag-michael-arroyo","post_format-post-format-aside"],"yoast_head":"<!-- This site is optimized with the Yoast SEO plugin v27.4 - https:\/\/yoast.com\/product\/yoast-seo-wordpress\/ -->\n<title>Michael Arroyo, ex Am\u00e9rica, \u00a1anota GOLAZO en segunda divisi\u00f3n de Ecuador!<\/title>\n<meta name=\"description\" content=\"El exjugador del\u00a0Am\u00e9rica\u00a0se luci\u00f3 en un tiro libre con el\u00a0Luz Valdivia, su actual equipo, que gracias a Miky jugar\u00e1 la Final provincial antes de la fase nacional (Final del Torneo de Ascenso de Santa Elena).\" \/>\n<meta name=\"robots\" content=\"index, follow, max-snippet:-1, max-image-preview:large, max-video-preview:-1\" \/>\n<link rel=\"canonical\" href=\"https:\/\/conexionnacional.mx\/index.php\/2024\/08\/19\/michael-arroyo-ex-america-anota-golazo-en-segunda-division-de-ecuador\/\" \/>\n<meta property=\"og:locale\" content=\"es_MX\" \/>\n<meta property=\"og:type\" content=\"article\" \/>\n<meta property=\"og:title\" content=\"Michael Arroyo, ex Am\u00e9rica, \u00a1anota GOLAZO en segunda divisi\u00f3n de Ecuador!\" \/>\n<meta property=\"og:description\" content=\"El exjugador del\u00a0Am\u00e9rica\u00a0se luci\u00f3 en un tiro libre con el\u00a0Luz Valdivia, su actual equipo, que gracias a Miky jugar\u00e1 la Final provincial antes de la fase nacional (Final del Torneo de Ascenso de Santa Elena).\" \/>\n<meta property=\"og:url\" content=\"https:\/\/conexionnacional.mx\/index.php\/2024\/08\/19\/michael-arroyo-ex-america-anota-golazo-en-segunda-division-de-ecuador\/\" \/>\n<meta property=\"og:site_name\" content=\"Conexi\u00f3n Nacional\" \/>\n<meta property=\"article:publisher\" content=\"https:\/\/www.facebook.com\/cnmxradio\" \/>\n<meta property=\"article:published_time\" content=\"2024-08-19T23:37:50+00:00\" \/>\n<meta property=\"article:modified_time\" content=\"2024-08-19T23:37:52+00:00\" \/>\n<meta property=\"og:image\" content=\"https:\/\/conexionnacional.mx\/wp-content\/uploads\/2024\/08\/arroyo3.webp\" \/>\n\t<meta property=\"og:image:width\" content=\"768\" \/>\n\t<meta property=\"og:image:height\" content=\"433\" \/>\n\t<meta property=\"og:image:type\" content=\"image\/webp\" \/>\n<meta name=\"author\" content=\"Conexi\u00f3n Nacional\" \/>\n<meta name=\"twitter:card\" content=\"summary_large_image\" \/>\n<meta name=\"twitter:label1\" content=\"Escrito por\" \/>\n\t<meta name=\"twitter:data1\" content=\"Conexi\u00f3n Nacional\" \/>\n\t<meta name=\"twitter:label2\" content=\"Tiempo de lectura\" \/>\n\t<meta name=\"twitter:data2\" content=\"2 minutos\" \/>\n<script type=\"application\/ld+json\" class=\"yoast-schema-graph\">{\"@context\":\"https:\\\/\\\/schema.org\",\"@graph\":[{\"@type\":\"Article\",\"@id\":\"https:\\\/\\\/conexionnacional.mx\\\/index.php\\\/2024\\\/08\\\/19\\\/michael-arroyo-ex-america-anota-golazo-en-segunda-division-de-ecuador\\\/#article\",\"isPartOf\":{\"@id\":\"https:\\\/\\\/conexionnacional.mx\\\/index.php\\\/2024\\\/08\\\/19\\\/michael-arroyo-ex-america-anota-golazo-en-segunda-division-de-ecuador\\\/\"},\"author\":{\"name\":\"Conexi\u00f3n Nacional\",\"@id\":\"https:\\\/\\\/conexionnacional.mx\\\/#\\\/schema\\\/person\\\/dd14aeda902120f5e0e021903fdb6931\"},\"headline\":\"Michael Arroyo, ex Am\u00e9rica, \u00a1anota GOLAZO en segunda divisi\u00f3n de Ecuador! (VIDEO)\",\"datePublished\":\"2024-08-19T23:37:50+00:00\",\"dateModified\":\"2024-08-19T23:37:52+00:00\",\"mainEntityOfPage\":{\"@id\":\"https:\\\/\\\/conexionnacional.mx\\\/index.php\\\/2024\\\/08\\\/19\\\/michael-arroyo-ex-america-anota-golazo-en-segunda-division-de-ecuador\\\/\"},\"wordCount\":324,\"publisher\":{\"@id\":\"https:\\\/\\\/conexionnacional.mx\\\/#organization\"},\"image\":{\"@id\":\"https:\\\/\\\/conexionnacional.mx\\\/index.php\\\/2024\\\/08\\\/19\\\/michael-arroyo-ex-america-anota-golazo-en-segunda-division-de-ecuador\\\/#primaryimage\"},\"thumbnailUrl\":\"https:\\\/\\\/conexionnacional.mx\\\/wp-content\\\/uploads\\\/2024\\\/08\\\/arroyo3.webp\",\"keywords\":[\"Ex America\",\"Michael Arroyo\"],\"articleSection\":[\"Deportes\"],\"inLanguage\":\"es\"},{\"@type\":\"WebPage\",\"@id\":\"https:\\\/\\\/conexionnacional.mx\\\/index.php\\\/2024\\\/08\\\/19\\\/michael-arroyo-ex-america-anota-golazo-en-segunda-division-de-ecuador\\\/\",\"url\":\"https:\\\/\\\/conexionnacional.mx\\\/index.php\\\/2024\\\/08\\\/19\\\/michael-arroyo-ex-america-anota-golazo-en-segunda-division-de-ecuador\\\/\",\"name\":\"Michael Arroyo, ex Am\u00e9rica, \u00a1anota GOLAZO en segunda divisi\u00f3n de Ecuador!\",\"isPartOf\":{\"@id\":\"https:\\\/\\\/conexionnacional.mx\\\/#website\"},\"primaryImageOfPage\":{\"@id\":\"https:\\\/\\\/conexionnacional.mx\\\/index.php\\\/2024\\\/08\\\/19\\\/michael-arroyo-ex-america-anota-golazo-en-segunda-division-de-ecuador\\\/#primaryimage\"},\"image\":{\"@id\":\"https:\\\/\\\/conexionnacional.mx\\\/index.php\\\/2024\\\/08\\\/19\\\/michael-arroyo-ex-america-anota-golazo-en-segunda-division-de-ecuador\\\/#primaryimage\"},\"thumbnailUrl\":\"https:\\\/\\\/conexionnacional.mx\\\/wp-content\\\/uploads\\\/2024\\\/08\\\/arroyo3.webp\",\"datePublished\":\"2024-08-19T23:37:50+00:00\",\"dateModified\":\"2024-08-19T23:37:52+00:00\",\"description\":\"El exjugador del\u00a0Am\u00e9rica\u00a0se luci\u00f3 en un tiro libre con el\u00a0Luz Valdivia, su actual equipo, que gracias a Miky jugar\u00e1 la Final provincial antes de la fase nacional (Final del Torneo de Ascenso de Santa Elena).\",\"breadcrumb\":{\"@id\":\"https:\\\/\\\/conexionnacional.mx\\\/index.php\\\/2024\\\/08\\\/19\\\/michael-arroyo-ex-america-anota-golazo-en-segunda-division-de-ecuador\\\/#breadcrumb\"},\"inLanguage\":\"es\",\"potentialAction\":[{\"@type\":\"ReadAction\",\"target\":[\"https:\\\/\\\/conexionnacional.mx\\\/index.php\\\/2024\\\/08\\\/19\\\/michael-arroyo-ex-america-anota-golazo-en-segunda-division-de-ecuador\\\/\"]}]},{\"@type\":\"ImageObject\",\"inLanguage\":\"es\",\"@id\":\"https:\\\/\\\/conexionnacional.mx\\\/index.php\\\/2024\\\/08\\\/19\\\/michael-arroyo-ex-america-anota-golazo-en-segunda-division-de-ecuador\\\/#primaryimage\",\"url\":\"https:\\\/\\\/conexionnacional.mx\\\/wp-content\\\/uploads\\\/2024\\\/08\\\/arroyo3.webp\",\"contentUrl\":\"https:\\\/\\\/conexionnacional.mx\\\/wp-content\\\/uploads\\\/2024\\\/08\\\/arroyo3.webp\",\"width\":768,\"height\":433},{\"@type\":\"BreadcrumbList\",\"@id\":\"https:\\\/\\\/conexionnacional.mx\\\/index.php\\\/2024\\\/08\\\/19\\\/michael-arroyo-ex-america-anota-golazo-en-segunda-division-de-ecuador\\\/#breadcrumb\",\"itemListElement\":[{\"@type\":\"ListItem\",\"position\":1,\"name\":\"Inicio\",\"item\":\"https:\\\/\\\/conexionnacional.mx\\\/\"},{\"@type\":\"ListItem\",\"position\":2,\"name\":\"Michael Arroyo, ex Am\u00e9rica, \u00a1anota GOLAZO en segunda divisi\u00f3n de Ecuador! (VIDEO)\"}]},{\"@type\":\"WebSite\",\"@id\":\"https:\\\/\\\/conexionnacional.mx\\\/#website\",\"url\":\"https:\\\/\\\/conexionnacional.mx\\\/\",\"name\":\"Conexi\u00f3n Nacional\",\"description\":\"Noticias al momento\",\"publisher\":{\"@id\":\"https:\\\/\\\/conexionnacional.mx\\\/#organization\"},\"alternateName\":\"Noticias nacionales\",\"potentialAction\":[{\"@type\":\"SearchAction\",\"target\":{\"@type\":\"EntryPoint\",\"urlTemplate\":\"https:\\\/\\\/conexionnacional.mx\\\/?s={search_term_string}\"},\"query-input\":{\"@type\":\"PropertyValueSpecification\",\"valueRequired\":true,\"valueName\":\"search_term_string\"}}],\"inLanguage\":\"es\"},{\"@type\":\"Organization\",\"@id\":\"https:\\\/\\\/conexionnacional.mx\\\/#organization\",\"name\":\"Conexi\u00f3n Nacional\",\"url\":\"https:\\\/\\\/conexionnacional.mx\\\/\",\"logo\":{\"@type\":\"ImageObject\",\"inLanguage\":\"es\",\"@id\":\"https:\\\/\\\/conexionnacional.mx\\\/#\\\/schema\\\/logo\\\/image\\\/\",\"url\":\"https:\\\/\\\/conexionnacional.mx\\\/wp-content\\\/uploads\\\/2022\\\/09\\\/conexion_nacional.png\",\"contentUrl\":\"https:\\\/\\\/conexionnacional.mx\\\/wp-content\\\/uploads\\\/2022\\\/09\\\/conexion_nacional.png\",\"width\":2964,\"height\":1173,\"caption\":\"Conexi\u00f3n Nacional\"},\"image\":{\"@id\":\"https:\\\/\\\/conexionnacional.mx\\\/#\\\/schema\\\/logo\\\/image\\\/\"},\"sameAs\":[\"https:\\\/\\\/www.facebook.com\\\/cnmxradio\"]},{\"@type\":\"Person\",\"@id\":\"https:\\\/\\\/conexionnacional.mx\\\/#\\\/schema\\\/person\\\/dd14aeda902120f5e0e021903fdb6931\",\"name\":\"Conexi\u00f3n Nacional\",\"image\":{\"@type\":\"ImageObject\",\"inLanguage\":\"es\",\"@id\":\"https:\\\/\\\/secure.gravatar.com\\\/avatar\\\/e523100f284110b2ecca7e17b2be9cf140a5e8f35294c9ec0543e6916cc1f9be?s=96&d=blank&r=g\",\"url\":\"https:\\\/\\\/secure.gravatar.com\\\/avatar\\\/e523100f284110b2ecca7e17b2be9cf140a5e8f35294c9ec0543e6916cc1f9be?s=96&d=blank&r=g\",\"contentUrl\":\"https:\\\/\\\/secure.gravatar.com\\\/avatar\\\/e523100f284110b2ecca7e17b2be9cf140a5e8f35294c9ec0543e6916cc1f9be?s=96&d=blank&r=g\",\"caption\":\"Conexi\u00f3n Nacional\"},\"sameAs\":[\"https:\\\/\\\/conexionnacional.mx\"],\"url\":\"https:\\\/\\\/conexionnacional.mx\\\/index.php\\\/author\\\/administrador\\\/\"}]}<\/script>\n<!-- \/ Yoast SEO plugin. -->","yoast_head_json":{"title":"Michael Arroyo, ex Am\u00e9rica, \u00a1anota GOLAZO en segunda divisi\u00f3n de Ecuador!","description":"El exjugador del\u00a0Am\u00e9rica\u00a0se luci\u00f3 en un tiro libre con el\u00a0Luz Valdivia, su actual equipo, que gracias a Miky jugar\u00e1 la Final provincial antes de la fase nacional (Final del Torneo de Ascenso de Santa Elena).","robots":{"index":"index","follow":"follow","max-snippet":"max-snippet:-1","max-image-preview":"max-image-preview:large","max-video-preview":"max-video-preview:-1"},"canonical":"https:\/\/conexionnacional.mx\/index.php\/2024\/08\/19\/michael-arroyo-ex-america-anota-golazo-en-segunda-division-de-ecuador\/","og_locale":"es_MX","og_type":"article","og_title":"Michael Arroyo, ex Am\u00e9rica, \u00a1anota GOLAZO en segunda divisi\u00f3n de Ecuador!","og_description":"El exjugador del\u00a0Am\u00e9rica\u00a0se luci\u00f3 en un tiro libre con el\u00a0Luz Valdivia, su actual equipo, que gracias a Miky jugar\u00e1 la Final provincial antes de la fase nacional (Final del Torneo de Ascenso de Santa Elena).","og_url":"https:\/\/conexionnacional.mx\/index.php\/2024\/08\/19\/michael-arroyo-ex-america-anota-golazo-en-segunda-division-de-ecuador\/","og_site_name":"Conexi\u00f3n Nacional","article_publisher":"https:\/\/www.facebook.com\/cnmxradio","article_published_time":"2024-08-19T23:37:50+00:00","article_modified_time":"2024-08-19T23:37:52+00:00","og_image":[{"width":768,"height":433,"url":"https:\/\/conexionnacional.mx\/wp-content\/uploads\/2024\/08\/arroyo3.webp","type":"image\/webp"}],"author":"Conexi\u00f3n Nacional","twitter_card":"summary_large_image","twitter_misc":{"Escrito por":"Conexi\u00f3n Nacional","Tiempo de lectura":"2 minutos"},"schema":{"@context":"https:\/\/schema.org","@graph":[{"@type":"Article","@id":"https:\/\/conexionnacional.mx\/index.php\/2024\/08\/19\/michael-arroyo-ex-america-anota-golazo-en-segunda-division-de-ecuador\/#article","isPartOf":{"@id":"https:\/\/conexionnacional.mx\/index.php\/2024\/08\/19\/michael-arroyo-ex-america-anota-golazo-en-segunda-division-de-ecuador\/"},"author":{"name":"Conexi\u00f3n Nacional","@id":"https:\/\/conexionnacional.mx\/#\/schema\/person\/dd14aeda902120f5e0e021903fdb6931"},"headline":"Michael Arroyo, ex Am\u00e9rica, \u00a1anota GOLAZO en segunda divisi\u00f3n de Ecuador! (VIDEO)","datePublished":"2024-08-19T23:37:50+00:00","dateModified":"2024-08-19T23:37:52+00:00","mainEntityOfPage":{"@id":"https:\/\/conexionnacional.mx\/index.php\/2024\/08\/19\/michael-arroyo-ex-america-anota-golazo-en-segunda-division-de-ecuador\/"},"wordCount":324,"publisher":{"@id":"https:\/\/conexionnacional.mx\/#organization"},"image":{"@id":"https:\/\/conexionnacional.mx\/index.php\/2024\/08\/19\/michael-arroyo-ex-america-anota-golazo-en-segunda-division-de-ecuador\/#primaryimage"},"thumbnailUrl":"https:\/\/conexionnacional.mx\/wp-content\/uploads\/2024\/08\/arroyo3.webp","keywords":["Ex America","Michael Arroyo"],"articleSection":["Deportes"],"inLanguage":"es"},{"@type":"WebPage","@id":"https:\/\/conexionnacional.mx\/index.php\/2024\/08\/19\/michael-arroyo-ex-america-anota-golazo-en-segunda-division-de-ecuador\/","url":"https:\/\/conexionnacional.mx\/index.php\/2024\/08\/19\/michael-arroyo-ex-america-anota-golazo-en-segunda-division-de-ecuador\/","name":"Michael Arroyo, ex Am\u00e9rica, \u00a1anota GOLAZO en segunda divisi\u00f3n de Ecuador!","isPartOf":{"@id":"https:\/\/conexionnacional.mx\/#website"},"primaryImageOfPage":{"@id":"https:\/\/conexionnacional.mx\/index.php\/2024\/08\/19\/michael-arroyo-ex-america-anota-golazo-en-segunda-division-de-ecuador\/#primaryimage"},"image":{"@id":"https:\/\/conexionnacional.mx\/index.php\/2024\/08\/19\/michael-arroyo-ex-america-anota-golazo-en-segunda-division-de-ecuador\/#primaryimage"},"thumbnailUrl":"https:\/\/conexionnacional.mx\/wp-content\/uploads\/2024\/08\/arroyo3.webp","datePublished":"2024-08-19T23:37:50+00:00","dateModified":"2024-08-19T23:37:52+00:00","description":"El exjugador del\u00a0Am\u00e9rica\u00a0se luci\u00f3 en un tiro libre con el\u00a0Luz Valdivia, su actual equipo, que gracias a Miky jugar\u00e1 la Final provincial antes de la fase nacional (Final del Torneo de Ascenso de Santa Elena).","breadcrumb":{"@id":"https:\/\/conexionnacional.mx\/index.php\/2024\/08\/19\/michael-arroyo-ex-america-anota-golazo-en-segunda-division-de-ecuador\/#breadcrumb"},"inLanguage":"es","potentialAction":[{"@type":"ReadAction","target":["https:\/\/conexionnacional.mx\/index.php\/2024\/08\/19\/michael-arroyo-ex-america-anota-golazo-en-segunda-division-de-ecuador\/"]}]},{"@type":"ImageObject","inLanguage":"es","@id":"https:\/\/conexionnacional.mx\/index.php\/2024\/08\/19\/michael-arroyo-ex-america-anota-golazo-en-segunda-division-de-ecuador\/#primaryimage","url":"https:\/\/conexionnacional.mx\/wp-content\/uploads\/2024\/08\/arroyo3.webp","contentUrl":"https:\/\/conexionnacional.mx\/wp-content\/uploads\/2024\/08\/arroyo3.webp","width":768,"height":433},{"@type":"BreadcrumbList","@id":"https:\/\/conexionnacional.mx\/index.php\/2024\/08\/19\/michael-arroyo-ex-america-anota-golazo-en-segunda-division-de-ecuador\/#breadcrumb","itemListElement":[{"@type":"ListItem","position":1,"name":"Inicio","item":"https:\/\/conexionnacional.mx\/"},{"@type":"ListItem","position":2,"name":"Michael Arroyo, ex Am\u00e9rica, \u00a1anota GOLAZO en segunda divisi\u00f3n de Ecuador! (VIDEO)"}]},{"@type":"WebSite","@id":"https:\/\/conexionnacional.mx\/#website","url":"https:\/\/conexionnacional.mx\/","name":"Conexi\u00f3n Nacional","description":"Noticias al momento","publisher":{"@id":"https:\/\/conexionnacional.mx\/#organization"},"alternateName":"Noticias nacionales","potentialAction":[{"@type":"SearchAction","target":{"@type":"EntryPoint","urlTemplate":"https:\/\/conexionnacional.mx\/?s={search_term_string}"},"query-input":{"@type":"PropertyValueSpecification","valueRequired":true,"valueName":"search_term_string"}}],"inLanguage":"es"},{"@type":"Organization","@id":"https:\/\/conexionnacional.mx\/#organization","name":"Conexi\u00f3n Nacional","url":"https:\/\/conexionnacional.mx\/","logo":{"@type":"ImageObject","inLanguage":"es","@id":"https:\/\/conexionnacional.mx\/#\/schema\/logo\/image\/","url":"https:\/\/conexionnacional.mx\/wp-content\/uploads\/2022\/09\/conexion_nacional.png","contentUrl":"https:\/\/conexionnacional.mx\/wp-content\/uploads\/2022\/09\/conexion_nacional.png","width":2964,"height":1173,"caption":"Conexi\u00f3n Nacional"},"image":{"@id":"https:\/\/conexionnacional.mx\/#\/schema\/logo\/image\/"},"sameAs":["https:\/\/www.facebook.com\/cnmxradio"]},{"@type":"Person","@id":"https:\/\/conexionnacional.mx\/#\/schema\/person\/dd14aeda902120f5e0e021903fdb6931","name":"Conexi\u00f3n Nacional","image":{"@type":"ImageObject","inLanguage":"es","@id":"https:\/\/secure.gravatar.com\/avatar\/e523100f284110b2ecca7e17b2be9cf140a5e8f35294c9ec0543e6916cc1f9be?s=96&d=blank&r=g","url":"https:\/\/secure.gravatar.com\/avatar\/e523100f284110b2ecca7e17b2be9cf140a5e8f35294c9ec0543e6916cc1f9be?s=96&d=blank&r=g","contentUrl":"https:\/\/secure.gravatar.com\/avatar\/e523100f284110b2ecca7e17b2be9cf140a5e8f35294c9ec0543e6916cc1f9be?s=96&d=blank&r=g","caption":"Conexi\u00f3n Nacional"},"sameAs":["https:\/\/conexionnacional.mx"],"url":"https:\/\/conexionnacional.mx\/index.php\/author\/administrador\/"}]}},"_links":{"self":[{"href":"https:\/\/conexionnacional.mx\/index.php\/wp-json\/wp\/v2\/posts\/21877","targetHints":{"allow":["GET"]}}],"collection":[{"href":"https:\/\/conexionnacional.mx\/index.php\/wp-json\/wp\/v2\/posts"}],"about":[{"href":"https:\/\/conexionnacional.mx\/index.php\/wp-json\/wp\/v2\/types\/post"}],"author":[{"embeddable":true,"href":"https:\/\/conexionnacional.mx\/index.php\/wp-json\/wp\/v2\/users\/1"}],"replies":[{"embeddable":true,"href":"https:\/\/conexionnacional.mx\/index.php\/wp-json\/wp\/v2\/comments?post=21877"}],"version-history":[{"count":1,"href":"https:\/\/conexionnacional.mx\/index.php\/wp-json\/wp\/v2\/posts\/21877\/revisions"}],"predecessor-version":[{"id":21879,"href":"https:\/\/conexionnacional.mx\/index.php\/wp-json\/wp\/v2\/posts\/21877\/revisions\/21879"}],"wp:featuredmedia":[{"embeddable":true,"href":"https:\/\/conexionnacional.mx\/index.php\/wp-json\/wp\/v2\/media\/21878"}],"wp:attachment":[{"href":"https:\/\/conexionnacional.mx\/index.php\/wp-json\/wp\/v2\/media?parent=21877"}],"wp:term":[{"taxonomy":"category","embeddable":true,"href":"https:\/\/conexionnacional.mx\/index.php\/wp-json\/wp\/v2\/categories?post=21877"},{"taxonomy":"post_tag","embeddable":true,"href":"https:\/\/conexionnacional.mx\/index.php\/wp-json\/wp\/v2\/tags?post=21877"}],"curies":[{"name":"wp","href":"https:\/\/api.w.org\/{rel}","templated":true}]}}