{"id":20917,"date":"2024-06-03T13:12:16","date_gmt":"2024-06-03T19:12:16","guid":{"rendered":"https:\/\/conexionnacional.mx\/?p=20917"},"modified":"2024-06-03T13:12:18","modified_gmt":"2024-06-03T19:12:18","slug":"sheinbaum-logra-plan-c-morena-alcanza-mayoria-calificada-en-camara-de-diputados","status":"publish","type":"post","link":"https:\/\/conexionnacional.mx\/index.php\/2024\/06\/03\/sheinbaum-logra-plan-c-morena-alcanza-mayoria-calificada-en-camara-de-diputados\/","title":{"rendered":"Sheinbaum logra Plan C: Morena alcanza mayor\u00eda calificada en C\u00e1mara de Diputados"},"content":{"rendered":"\n<p id=\"viewer-txa3s6629\">Comienzan a llegar los resultados de las <strong>Elecciones 2024<\/strong><strong> <\/strong>con algunas conclusiones importantes. Adem\u00e1s del <strong>Conteo R\u00e1pido <\/strong>que anunci\u00f3 la victoria de <strong>Claudia Sheinbaum<\/strong>, la flamante presidenta llega con un interesante acompa\u00f1ante: los n\u00fameros apuntan a que <strong>logr\u00f3 el Plan C<\/strong>.<\/p>\n\n\n\n<p id=\"viewer-zrkcb134\">El <strong>Plan C <\/strong>consist\u00eda en alcanzar la <strong>mayor\u00eda calificada <\/strong>en las C\u00e1maras de Diputados o Senadores<strong> <\/strong>que <strong>permite hacerle cambios a la Constituci\u00f3n<\/strong>.<\/p>\n\n\n\n<p id=\"viewer-po281505\">Despu\u00e9s del <strong>Conteo R\u00e1pido<\/strong><strong> <\/strong>entregado por el <strong>INE <\/strong>\u2014que son resultados preliminares, pero bastante acertados\u2014, todo parece indicar que <strong>la mayor\u00eda calificada lleg\u00f3 en la C\u00e1mara de Diputados<\/strong>.<\/p>\n\n\n\n<h3 class=\"wp-block-heading\" id=\"viewer-h-morena-gana-mayoria-calificada-en-la-camara-de-diputados\"><strong>Morena gana mayor\u00eda calificada en la C\u00e1mara de Diputados<\/strong><\/h3>\n\n\n\n<p id=\"viewer-habbp1666\">La <strong>mayor\u00eda calificada <\/strong>consiste en tener m\u00e1s del <strong>66% de los asientos en la C\u00e1mara de Diputados<\/strong>. Que, si consideran que son <strong>500 diputados<\/strong>, para lograr el <strong>Plan C<\/strong>, Morena necesitaba <strong>334 asientos<\/strong>.<\/p>\n\n\n\n<p id=\"viewer-0hy9y546\">De acuerdo con los resultados del Conteo R\u00e1pido del INE en las Elecciones 2024, los resultados son estos:<\/p>\n\n\n\n<ul class=\"wp-block-list\">\n<li>Partido Verde entre 8.1% y 9.1% de los votos, o entre 67 y 77 diputados.<\/li>\n\n\n\n<li>PT entre 5.3% y 6.1% de los votos, entre 46 y 52 diputados.<\/li>\n\n\n\n<li>Morena entre 41.2% y 42.8%, entre 233 y 251 diputados.<\/li>\n<\/ul>\n\n\n\n<p id=\"viewer-3ht7s1173\">Si sumamos todas las estimaciones de la<strong> alianza de Morena<\/strong>, en el menor de los casos, conseguir\u00edan <strong>346 diputados<\/strong>. En el m\u00e1ximo de los casos podr\u00edan alcanzar los <strong>380 asientos en la C\u00e1mara de Diputados<\/strong>.<\/p>\n\n\n\n<p id=\"viewer-kpei61790\">Eso quiere decir que, aunque los datos son preliminares, <strong>Sheinbaum no solo alcanz\u00f3 ser la primera presidenta en la historia de M\u00e9xico<\/strong>, tambi\u00e9n alcanz\u00f3 lo que esperaba Morena, el <strong>Plan C <\/strong>de la <strong>mayor\u00eda calificada<\/strong> en la C\u00e1mara de Diputados.<\/p>\n\n\n\n<h3 class=\"wp-block-heading\" id=\"viewer-h-y-a-todo-esto-que-es-la-mayoria-calificada-y-por-que-es-tan-importante\"><strong>Y a todo esto \u00bfqu\u00e9 es la mayor\u00eda calificada y por qu\u00e9 es tan importante?<\/strong><\/h3>\n\n\n\n<p id=\"viewer-bm02a6070\">La&nbsp;<strong>mayor\u00eda calificada<\/strong>&nbsp;es la votaci\u00f3n m\u00e1s grande, choncha&nbsp;<em>\u2014y podr\u00edamos decir importante\u2013<\/em>&nbsp;que se contempla tanto en la C\u00e1mara de Diputados como el Senado.<\/p>\n\n\n\n<p id=\"viewer-qlikb2313\">Esa es la mayor\u00eda que se alcanza con&nbsp;<strong>dos terceras partes de los miembros presentes de la C\u00e1mara<\/strong> y es muy importante, en primer lugar, porque da luz verde para hacerle cambios a la Constituci\u00f3n federal.<\/p>\n\n\n\n<p id=\"viewer-5gur02404\"><strong>&nbsp;La \u00fanica manera de hacerle cambios o reformas a la Constituci\u00f3n es por la v\u00eda de la mayor\u00eda calificada en ambas c\u00e1maras<\/strong>.<\/p>\n\n\n\n<p id=\"viewer-un0ss2494\">Despu\u00e9s hay otros asuntos bastante interesantes que se los dejamos a modo de lista, para que esto no sea un enredo enorme:<\/p>\n\n\n\n<ul class=\"wp-block-list\">\n<li>Zapear al Ejecutivo y regresar para su publicaci\u00f3n inmediata las leyes que, si a caso, pasaron por su veto.<\/li>\n\n\n\n<li>Aprobar la creaci\u00f3n de\u00a0<strong>un nuevo Estado de la Rep\u00fablica<\/strong>\u2026 aunque nunca pasar\u00eda pronto. Creo.<\/li>\n\n\n\n<li>Si se necesitara un presidente interino, tienen que tener mayor\u00eda calificada para darle inicio a un nuevo\u00a0<strong>Colegio Electoral<\/strong>.<\/li>\n\n\n\n<li>Designar titulares de la\u00a0<strong>Auditor\u00eda Superior de la Federaci\u00f3n.<\/strong><\/li>\n\n\n\n<li>Los nombramientos de los consejeros y del \u00f3rgano de control interno en el\u00a0<strong>Instituto Nacional Electoral (INE).<\/strong><\/li>\n\n\n\n<li>Los titulares de todos los\u00a0<strong>\u00d3rganos Internos de Control<\/strong>\u00a0de los organismos aut\u00f3nomos.<\/li>\n\n\n\n<li>Designar a los consejeros del\u00a0<strong>CONEVAL.<\/strong><\/li>\n\n\n\n<li>Tambi\u00e9n se necesita mayor\u00eda calificada para algunos asuntos internos como la Mesa Directiva de la C\u00e1mara de Diputados, la Contralor\u00eda y la Secretar\u00eda General.<\/li>\n<\/ul>\n","protected":false},"excerpt":{"rendered":"<p>Comienzan a llegar los resultados de las Elecciones 2024 con algunas conclusiones importantes. Adem\u00e1s del Conteo R\u00e1pido que anunci\u00f3 la victoria de Claudia Sheinbaum, la flamante presidenta llega con un interesante acompa\u00f1ante: los n\u00fameros apuntan a que logr\u00f3 el Plan C. El Plan C consist\u00eda en alcanzar la mayor\u00eda calificada en las C\u00e1maras de Diputados [&hellip;]<\/p>\n","protected":false},"author":1,"featured_media":20918,"comment_status":"closed","ping_status":"closed","sticky":false,"template":"","format":"aside","meta":{"googlesitekit_rrm_CAowytPeCw:productID":"","footnotes":""},"categories":[6338],"tags":[1964],"class_list":["post-20917","post","type-post","status-publish","format-aside","has-post-thumbnail","hentry","category-elecciones-2024","tag-claudia-sheinbaum","post_format-post-format-aside"],"yoast_head":"<!-- This site is optimized with the Yoast SEO plugin v27.4 - https:\/\/yoast.com\/product\/yoast-seo-wordpress\/ -->\n<title>Sheinbaum logra Plan C: Morena alcanza mayor\u00eda calificada en C\u00e1mara de Diputados |<\/title>\n<meta name=\"robots\" content=\"index, follow, max-snippet:-1, max-image-preview:large, max-video-preview:-1\" \/>\n<link rel=\"canonical\" href=\"https:\/\/conexionnacional.mx\/index.php\/2024\/06\/03\/sheinbaum-logra-plan-c-morena-alcanza-mayoria-calificada-en-camara-de-diputados\/\" \/>\n<meta property=\"og:locale\" content=\"es_MX\" \/>\n<meta property=\"og:type\" content=\"article\" \/>\n<meta property=\"og:title\" content=\"Sheinbaum logra Plan C: Morena alcanza mayor\u00eda calificada en C\u00e1mara de Diputados |\" \/>\n<meta property=\"og:description\" content=\"Comienzan a llegar los resultados de las Elecciones 2024 con algunas conclusiones importantes. Adem\u00e1s del Conteo R\u00e1pido que anunci\u00f3 la victoria de Claudia Sheinbaum, la flamante presidenta llega con un interesante acompa\u00f1ante: los n\u00fameros apuntan a que logr\u00f3 el Plan C. El Plan C consist\u00eda en alcanzar la mayor\u00eda calificada en las C\u00e1maras de Diputados [&hellip;]\" \/>\n<meta property=\"og:url\" content=\"https:\/\/conexionnacional.mx\/index.php\/2024\/06\/03\/sheinbaum-logra-plan-c-morena-alcanza-mayoria-calificada-en-camara-de-diputados\/\" \/>\n<meta property=\"og:site_name\" content=\"Conexi\u00f3n Nacional\" \/>\n<meta property=\"article:publisher\" content=\"https:\/\/www.facebook.com\/cnmxradio\" \/>\n<meta property=\"article:published_time\" content=\"2024-06-03T19:12:16+00:00\" \/>\n<meta property=\"article:modified_time\" content=\"2024-06-03T19:12:18+00:00\" \/>\n<meta property=\"og:image\" content=\"https:\/\/conexionnacional.mx\/wp-content\/uploads\/2024\/06\/d82c12_bcdcd66d9e78458aa820346c73c724acmv2.webp\" \/>\n\t<meta property=\"og:image:width\" content=\"586\" \/>\n\t<meta property=\"og:image:height\" content=\"329\" \/>\n\t<meta property=\"og:image:type\" content=\"image\/webp\" \/>\n<meta name=\"author\" content=\"Conexi\u00f3n Nacional\" \/>\n<meta name=\"twitter:card\" content=\"summary_large_image\" \/>\n<meta name=\"twitter:label1\" content=\"Escrito por\" \/>\n\t<meta name=\"twitter:data1\" content=\"Conexi\u00f3n Nacional\" \/>\n\t<meta name=\"twitter:label2\" content=\"Tiempo de lectura\" \/>\n\t<meta name=\"twitter:data2\" content=\"3 minutos\" \/>\n<script type=\"application\/ld+json\" class=\"yoast-schema-graph\">{\"@context\":\"https:\\\/\\\/schema.org\",\"@graph\":[{\"@type\":\"Article\",\"@id\":\"https:\\\/\\\/conexionnacional.mx\\\/index.php\\\/2024\\\/06\\\/03\\\/sheinbaum-logra-plan-c-morena-alcanza-mayoria-calificada-en-camara-de-diputados\\\/#article\",\"isPartOf\":{\"@id\":\"https:\\\/\\\/conexionnacional.mx\\\/index.php\\\/2024\\\/06\\\/03\\\/sheinbaum-logra-plan-c-morena-alcanza-mayoria-calificada-en-camara-de-diputados\\\/\"},\"author\":{\"name\":\"Conexi\u00f3n Nacional\",\"@id\":\"https:\\\/\\\/conexionnacional.mx\\\/#\\\/schema\\\/person\\\/dd14aeda902120f5e0e021903fdb6931\"},\"headline\":\"Sheinbaum logra Plan C: Morena alcanza mayor\u00eda calificada en C\u00e1mara de Diputados\",\"datePublished\":\"2024-06-03T19:12:16+00:00\",\"dateModified\":\"2024-06-03T19:12:18+00:00\",\"mainEntityOfPage\":{\"@id\":\"https:\\\/\\\/conexionnacional.mx\\\/index.php\\\/2024\\\/06\\\/03\\\/sheinbaum-logra-plan-c-morena-alcanza-mayoria-calificada-en-camara-de-diputados\\\/\"},\"wordCount\":561,\"publisher\":{\"@id\":\"https:\\\/\\\/conexionnacional.mx\\\/#organization\"},\"image\":{\"@id\":\"https:\\\/\\\/conexionnacional.mx\\\/index.php\\\/2024\\\/06\\\/03\\\/sheinbaum-logra-plan-c-morena-alcanza-mayoria-calificada-en-camara-de-diputados\\\/#primaryimage\"},\"thumbnailUrl\":\"https:\\\/\\\/conexionnacional.mx\\\/wp-content\\\/uploads\\\/2024\\\/06\\\/d82c12_bcdcd66d9e78458aa820346c73c724acmv2.webp\",\"keywords\":[\"Claudia Sheinbaum\"],\"articleSection\":[\"Elecciones 2024\"],\"inLanguage\":\"es\"},{\"@type\":\"WebPage\",\"@id\":\"https:\\\/\\\/conexionnacional.mx\\\/index.php\\\/2024\\\/06\\\/03\\\/sheinbaum-logra-plan-c-morena-alcanza-mayoria-calificada-en-camara-de-diputados\\\/\",\"url\":\"https:\\\/\\\/conexionnacional.mx\\\/index.php\\\/2024\\\/06\\\/03\\\/sheinbaum-logra-plan-c-morena-alcanza-mayoria-calificada-en-camara-de-diputados\\\/\",\"name\":\"Sheinbaum logra Plan C: Morena alcanza mayor\u00eda calificada en C\u00e1mara de Diputados |\",\"isPartOf\":{\"@id\":\"https:\\\/\\\/conexionnacional.mx\\\/#website\"},\"primaryImageOfPage\":{\"@id\":\"https:\\\/\\\/conexionnacional.mx\\\/index.php\\\/2024\\\/06\\\/03\\\/sheinbaum-logra-plan-c-morena-alcanza-mayoria-calificada-en-camara-de-diputados\\\/#primaryimage\"},\"image\":{\"@id\":\"https:\\\/\\\/conexionnacional.mx\\\/index.php\\\/2024\\\/06\\\/03\\\/sheinbaum-logra-plan-c-morena-alcanza-mayoria-calificada-en-camara-de-diputados\\\/#primaryimage\"},\"thumbnailUrl\":\"https:\\\/\\\/conexionnacional.mx\\\/wp-content\\\/uploads\\\/2024\\\/06\\\/d82c12_bcdcd66d9e78458aa820346c73c724acmv2.webp\",\"datePublished\":\"2024-06-03T19:12:16+00:00\",\"dateModified\":\"2024-06-03T19:12:18+00:00\",\"breadcrumb\":{\"@id\":\"https:\\\/\\\/conexionnacional.mx\\\/index.php\\\/2024\\\/06\\\/03\\\/sheinbaum-logra-plan-c-morena-alcanza-mayoria-calificada-en-camara-de-diputados\\\/#breadcrumb\"},\"inLanguage\":\"es\",\"potentialAction\":[{\"@type\":\"ReadAction\",\"target\":[\"https:\\\/\\\/conexionnacional.mx\\\/index.php\\\/2024\\\/06\\\/03\\\/sheinbaum-logra-plan-c-morena-alcanza-mayoria-calificada-en-camara-de-diputados\\\/\"]}]},{\"@type\":\"ImageObject\",\"inLanguage\":\"es\",\"@id\":\"https:\\\/\\\/conexionnacional.mx\\\/index.php\\\/2024\\\/06\\\/03\\\/sheinbaum-logra-plan-c-morena-alcanza-mayoria-calificada-en-camara-de-diputados\\\/#primaryimage\",\"url\":\"https:\\\/\\\/conexionnacional.mx\\\/wp-content\\\/uploads\\\/2024\\\/06\\\/d82c12_bcdcd66d9e78458aa820346c73c724acmv2.webp\",\"contentUrl\":\"https:\\\/\\\/conexionnacional.mx\\\/wp-content\\\/uploads\\\/2024\\\/06\\\/d82c12_bcdcd66d9e78458aa820346c73c724acmv2.webp\",\"width\":586,\"height\":329},{\"@type\":\"BreadcrumbList\",\"@id\":\"https:\\\/\\\/conexionnacional.mx\\\/index.php\\\/2024\\\/06\\\/03\\\/sheinbaum-logra-plan-c-morena-alcanza-mayoria-calificada-en-camara-de-diputados\\\/#breadcrumb\",\"itemListElement\":[{\"@type\":\"ListItem\",\"position\":1,\"name\":\"Inicio\",\"item\":\"https:\\\/\\\/conexionnacional.mx\\\/\"},{\"@type\":\"ListItem\",\"position\":2,\"name\":\"Sheinbaum logra Plan C: Morena alcanza mayor\u00eda calificada en C\u00e1mara de Diputados\"}]},{\"@type\":\"WebSite\",\"@id\":\"https:\\\/\\\/conexionnacional.mx\\\/#website\",\"url\":\"https:\\\/\\\/conexionnacional.mx\\\/\",\"name\":\"Conexi\u00f3n Nacional\",\"description\":\"Noticias al momento\",\"publisher\":{\"@id\":\"https:\\\/\\\/conexionnacional.mx\\\/#organization\"},\"alternateName\":\"Noticias nacionales\",\"potentialAction\":[{\"@type\":\"SearchAction\",\"target\":{\"@type\":\"EntryPoint\",\"urlTemplate\":\"https:\\\/\\\/conexionnacional.mx\\\/?s={search_term_string}\"},\"query-input\":{\"@type\":\"PropertyValueSpecification\",\"valueRequired\":true,\"valueName\":\"search_term_string\"}}],\"inLanguage\":\"es\"},{\"@type\":\"Organization\",\"@id\":\"https:\\\/\\\/conexionnacional.mx\\\/#organization\",\"name\":\"Conexi\u00f3n Nacional\",\"url\":\"https:\\\/\\\/conexionnacional.mx\\\/\",\"logo\":{\"@type\":\"ImageObject\",\"inLanguage\":\"es\",\"@id\":\"https:\\\/\\\/conexionnacional.mx\\\/#\\\/schema\\\/logo\\\/image\\\/\",\"url\":\"https:\\\/\\\/conexionnacional.mx\\\/wp-content\\\/uploads\\\/2022\\\/09\\\/conexion_nacional.png\",\"contentUrl\":\"https:\\\/\\\/conexionnacional.mx\\\/wp-content\\\/uploads\\\/2022\\\/09\\\/conexion_nacional.png\",\"width\":2964,\"height\":1173,\"caption\":\"Conexi\u00f3n Nacional\"},\"image\":{\"@id\":\"https:\\\/\\\/conexionnacional.mx\\\/#\\\/schema\\\/logo\\\/image\\\/\"},\"sameAs\":[\"https:\\\/\\\/www.facebook.com\\\/cnmxradio\"]},{\"@type\":\"Person\",\"@id\":\"https:\\\/\\\/conexionnacional.mx\\\/#\\\/schema\\\/person\\\/dd14aeda902120f5e0e021903fdb6931\",\"name\":\"Conexi\u00f3n Nacional\",\"image\":{\"@type\":\"ImageObject\",\"inLanguage\":\"es\",\"@id\":\"https:\\\/\\\/secure.gravatar.com\\\/avatar\\\/e523100f284110b2ecca7e17b2be9cf140a5e8f35294c9ec0543e6916cc1f9be?s=96&d=blank&r=g\",\"url\":\"https:\\\/\\\/secure.gravatar.com\\\/avatar\\\/e523100f284110b2ecca7e17b2be9cf140a5e8f35294c9ec0543e6916cc1f9be?s=96&d=blank&r=g\",\"contentUrl\":\"https:\\\/\\\/secure.gravatar.com\\\/avatar\\\/e523100f284110b2ecca7e17b2be9cf140a5e8f35294c9ec0543e6916cc1f9be?s=96&d=blank&r=g\",\"caption\":\"Conexi\u00f3n Nacional\"},\"sameAs\":[\"https:\\\/\\\/conexionnacional.mx\"],\"url\":\"https:\\\/\\\/conexionnacional.mx\\\/index.php\\\/author\\\/administrador\\\/\"}]}<\/script>\n<!-- \/ Yoast SEO plugin. -->","yoast_head_json":{"title":"Sheinbaum logra Plan C: Morena alcanza mayor\u00eda calificada en C\u00e1mara de Diputados |","robots":{"index":"index","follow":"follow","max-snippet":"max-snippet:-1","max-image-preview":"max-image-preview:large","max-video-preview":"max-video-preview:-1"},"canonical":"https:\/\/conexionnacional.mx\/index.php\/2024\/06\/03\/sheinbaum-logra-plan-c-morena-alcanza-mayoria-calificada-en-camara-de-diputados\/","og_locale":"es_MX","og_type":"article","og_title":"Sheinbaum logra Plan C: Morena alcanza mayor\u00eda calificada en C\u00e1mara de Diputados |","og_description":"Comienzan a llegar los resultados de las Elecciones 2024 con algunas conclusiones importantes. Adem\u00e1s del Conteo R\u00e1pido que anunci\u00f3 la victoria de Claudia Sheinbaum, la flamante presidenta llega con un interesante acompa\u00f1ante: los n\u00fameros apuntan a que logr\u00f3 el Plan C. El Plan C consist\u00eda en alcanzar la mayor\u00eda calificada en las C\u00e1maras de Diputados [&hellip;]","og_url":"https:\/\/conexionnacional.mx\/index.php\/2024\/06\/03\/sheinbaum-logra-plan-c-morena-alcanza-mayoria-calificada-en-camara-de-diputados\/","og_site_name":"Conexi\u00f3n Nacional","article_publisher":"https:\/\/www.facebook.com\/cnmxradio","article_published_time":"2024-06-03T19:12:16+00:00","article_modified_time":"2024-06-03T19:12:18+00:00","og_image":[{"width":586,"height":329,"url":"https:\/\/conexionnacional.mx\/wp-content\/uploads\/2024\/06\/d82c12_bcdcd66d9e78458aa820346c73c724acmv2.webp","type":"image\/webp"}],"author":"Conexi\u00f3n Nacional","twitter_card":"summary_large_image","twitter_misc":{"Escrito por":"Conexi\u00f3n Nacional","Tiempo de lectura":"3 minutos"},"schema":{"@context":"https:\/\/schema.org","@graph":[{"@type":"Article","@id":"https:\/\/conexionnacional.mx\/index.php\/2024\/06\/03\/sheinbaum-logra-plan-c-morena-alcanza-mayoria-calificada-en-camara-de-diputados\/#article","isPartOf":{"@id":"https:\/\/conexionnacional.mx\/index.php\/2024\/06\/03\/sheinbaum-logra-plan-c-morena-alcanza-mayoria-calificada-en-camara-de-diputados\/"},"author":{"name":"Conexi\u00f3n Nacional","@id":"https:\/\/conexionnacional.mx\/#\/schema\/person\/dd14aeda902120f5e0e021903fdb6931"},"headline":"Sheinbaum logra Plan C: Morena alcanza mayor\u00eda calificada en C\u00e1mara de Diputados","datePublished":"2024-06-03T19:12:16+00:00","dateModified":"2024-06-03T19:12:18+00:00","mainEntityOfPage":{"@id":"https:\/\/conexionnacional.mx\/index.php\/2024\/06\/03\/sheinbaum-logra-plan-c-morena-alcanza-mayoria-calificada-en-camara-de-diputados\/"},"wordCount":561,"publisher":{"@id":"https:\/\/conexionnacional.mx\/#organization"},"image":{"@id":"https:\/\/conexionnacional.mx\/index.php\/2024\/06\/03\/sheinbaum-logra-plan-c-morena-alcanza-mayoria-calificada-en-camara-de-diputados\/#primaryimage"},"thumbnailUrl":"https:\/\/conexionnacional.mx\/wp-content\/uploads\/2024\/06\/d82c12_bcdcd66d9e78458aa820346c73c724acmv2.webp","keywords":["Claudia Sheinbaum"],"articleSection":["Elecciones 2024"],"inLanguage":"es"},{"@type":"WebPage","@id":"https:\/\/conexionnacional.mx\/index.php\/2024\/06\/03\/sheinbaum-logra-plan-c-morena-alcanza-mayoria-calificada-en-camara-de-diputados\/","url":"https:\/\/conexionnacional.mx\/index.php\/2024\/06\/03\/sheinbaum-logra-plan-c-morena-alcanza-mayoria-calificada-en-camara-de-diputados\/","name":"Sheinbaum logra Plan C: Morena alcanza mayor\u00eda calificada en C\u00e1mara de Diputados |","isPartOf":{"@id":"https:\/\/conexionnacional.mx\/#website"},"primaryImageOfPage":{"@id":"https:\/\/conexionnacional.mx\/index.php\/2024\/06\/03\/sheinbaum-logra-plan-c-morena-alcanza-mayoria-calificada-en-camara-de-diputados\/#primaryimage"},"image":{"@id":"https:\/\/conexionnacional.mx\/index.php\/2024\/06\/03\/sheinbaum-logra-plan-c-morena-alcanza-mayoria-calificada-en-camara-de-diputados\/#primaryimage"},"thumbnailUrl":"https:\/\/conexionnacional.mx\/wp-content\/uploads\/2024\/06\/d82c12_bcdcd66d9e78458aa820346c73c724acmv2.webp","datePublished":"2024-06-03T19:12:16+00:00","dateModified":"2024-06-03T19:12:18+00:00","breadcrumb":{"@id":"https:\/\/conexionnacional.mx\/index.php\/2024\/06\/03\/sheinbaum-logra-plan-c-morena-alcanza-mayoria-calificada-en-camara-de-diputados\/#breadcrumb"},"inLanguage":"es","potentialAction":[{"@type":"ReadAction","target":["https:\/\/conexionnacional.mx\/index.php\/2024\/06\/03\/sheinbaum-logra-plan-c-morena-alcanza-mayoria-calificada-en-camara-de-diputados\/"]}]},{"@type":"ImageObject","inLanguage":"es","@id":"https:\/\/conexionnacional.mx\/index.php\/2024\/06\/03\/sheinbaum-logra-plan-c-morena-alcanza-mayoria-calificada-en-camara-de-diputados\/#primaryimage","url":"https:\/\/conexionnacional.mx\/wp-content\/uploads\/2024\/06\/d82c12_bcdcd66d9e78458aa820346c73c724acmv2.webp","contentUrl":"https:\/\/conexionnacional.mx\/wp-content\/uploads\/2024\/06\/d82c12_bcdcd66d9e78458aa820346c73c724acmv2.webp","width":586,"height":329},{"@type":"BreadcrumbList","@id":"https:\/\/conexionnacional.mx\/index.php\/2024\/06\/03\/sheinbaum-logra-plan-c-morena-alcanza-mayoria-calificada-en-camara-de-diputados\/#breadcrumb","itemListElement":[{"@type":"ListItem","position":1,"name":"Inicio","item":"https:\/\/conexionnacional.mx\/"},{"@type":"ListItem","position":2,"name":"Sheinbaum logra Plan C: Morena alcanza mayor\u00eda calificada en C\u00e1mara de Diputados"}]},{"@type":"WebSite","@id":"https:\/\/conexionnacional.mx\/#website","url":"https:\/\/conexionnacional.mx\/","name":"Conexi\u00f3n Nacional","description":"Noticias al momento","publisher":{"@id":"https:\/\/conexionnacional.mx\/#organization"},"alternateName":"Noticias nacionales","potentialAction":[{"@type":"SearchAction","target":{"@type":"EntryPoint","urlTemplate":"https:\/\/conexionnacional.mx\/?s={search_term_string}"},"query-input":{"@type":"PropertyValueSpecification","valueRequired":true,"valueName":"search_term_string"}}],"inLanguage":"es"},{"@type":"Organization","@id":"https:\/\/conexionnacional.mx\/#organization","name":"Conexi\u00f3n Nacional","url":"https:\/\/conexionnacional.mx\/","logo":{"@type":"ImageObject","inLanguage":"es","@id":"https:\/\/conexionnacional.mx\/#\/schema\/logo\/image\/","url":"https:\/\/conexionnacional.mx\/wp-content\/uploads\/2022\/09\/conexion_nacional.png","contentUrl":"https:\/\/conexionnacional.mx\/wp-content\/uploads\/2022\/09\/conexion_nacional.png","width":2964,"height":1173,"caption":"Conexi\u00f3n Nacional"},"image":{"@id":"https:\/\/conexionnacional.mx\/#\/schema\/logo\/image\/"},"sameAs":["https:\/\/www.facebook.com\/cnmxradio"]},{"@type":"Person","@id":"https:\/\/conexionnacional.mx\/#\/schema\/person\/dd14aeda902120f5e0e021903fdb6931","name":"Conexi\u00f3n Nacional","image":{"@type":"ImageObject","inLanguage":"es","@id":"https:\/\/secure.gravatar.com\/avatar\/e523100f284110b2ecca7e17b2be9cf140a5e8f35294c9ec0543e6916cc1f9be?s=96&d=blank&r=g","url":"https:\/\/secure.gravatar.com\/avatar\/e523100f284110b2ecca7e17b2be9cf140a5e8f35294c9ec0543e6916cc1f9be?s=96&d=blank&r=g","contentUrl":"https:\/\/secure.gravatar.com\/avatar\/e523100f284110b2ecca7e17b2be9cf140a5e8f35294c9ec0543e6916cc1f9be?s=96&d=blank&r=g","caption":"Conexi\u00f3n Nacional"},"sameAs":["https:\/\/conexionnacional.mx"],"url":"https:\/\/conexionnacional.mx\/index.php\/author\/administrador\/"}]}},"_links":{"self":[{"href":"https:\/\/conexionnacional.mx\/index.php\/wp-json\/wp\/v2\/posts\/20917","targetHints":{"allow":["GET"]}}],"collection":[{"href":"https:\/\/conexionnacional.mx\/index.php\/wp-json\/wp\/v2\/posts"}],"about":[{"href":"https:\/\/conexionnacional.mx\/index.php\/wp-json\/wp\/v2\/types\/post"}],"author":[{"embeddable":true,"href":"https:\/\/conexionnacional.mx\/index.php\/wp-json\/wp\/v2\/users\/1"}],"replies":[{"embeddable":true,"href":"https:\/\/conexionnacional.mx\/index.php\/wp-json\/wp\/v2\/comments?post=20917"}],"version-history":[{"count":1,"href":"https:\/\/conexionnacional.mx\/index.php\/wp-json\/wp\/v2\/posts\/20917\/revisions"}],"predecessor-version":[{"id":20919,"href":"https:\/\/conexionnacional.mx\/index.php\/wp-json\/wp\/v2\/posts\/20917\/revisions\/20919"}],"wp:featuredmedia":[{"embeddable":true,"href":"https:\/\/conexionnacional.mx\/index.php\/wp-json\/wp\/v2\/media\/20918"}],"wp:attachment":[{"href":"https:\/\/conexionnacional.mx\/index.php\/wp-json\/wp\/v2\/media?parent=20917"}],"wp:term":[{"taxonomy":"category","embeddable":true,"href":"https:\/\/conexionnacional.mx\/index.php\/wp-json\/wp\/v2\/categories?post=20917"},{"taxonomy":"post_tag","embeddable":true,"href":"https:\/\/conexionnacional.mx\/index.php\/wp-json\/wp\/v2\/tags?post=20917"}],"curies":[{"name":"wp","href":"https:\/\/api.w.org\/{rel}","templated":true}]}}