{"id":20913,"date":"2024-06-03T13:05:31","date_gmt":"2024-06-03T19:05:31","guid":{"rendered":"https:\/\/conexionnacional.mx\/?p=20913"},"modified":"2024-06-03T13:05:34","modified_gmt":"2024-06-03T19:05:34","slug":"prd-se-perfila-a-su-extincion-como-partido-politico","status":"publish","type":"post","link":"https:\/\/conexionnacional.mx\/index.php\/2024\/06\/03\/prd-se-perfila-a-su-extincion-como-partido-politico\/","title":{"rendered":"PRD se perfila a su extinci\u00f3n como partido pol\u00edtico"},"content":{"rendered":"\n<p>El&nbsp;<strong>Instituto Nacional Electoral<\/strong>&nbsp;(INE) anunci\u00f3 la madrugada de este lunes los resultados del Conteo R\u00e1pido de la Elecci\u00f3n Federal de este domingo 2 de junio, los cuales apuntan a que&nbsp;<strong>el Partido de la Revoluci\u00f3n Dem\u00f3crata (PRD) perder\u00e1 su presencia en las C\u00e1maras de Diputados y Senadores en la pr\u00f3xima legislatura y por ende, su registro como partido pol\u00edtico nacional.<\/strong><\/p>\n\n\n\n<p>Al brindar dicho informe,&nbsp;<strong>Guadalupe Taddei,<\/strong>&nbsp;presidenta consejera del INE, dijo que el&nbsp;<strong>PRD<\/strong>&nbsp;obtuvo este domingo en la votaci\u00f3n para senadores entre<strong>&nbsp;el 2.0 y el 2.7 %<\/strong>&nbsp;lo que representar\u00eda entre 0 y 3 senadur\u00edas en la Camada alta.<\/p>\n\n\n\n<p>Para diputados federales, la muestra se tom\u00f3 de una representaci\u00f3n de 3 mil 107 casillas, que representan un 67 % de la muestra total y, en este caso, el&nbsp;<strong>PRD<\/strong>&nbsp;tendr\u00eda entre 2.4 y 3.1 de la votaci\u00f3n, lo que le dar\u00eda entre 0 y 8 diputaciones.<\/p>\n\n\n\n<p>Esto significa que dif\u00edcilmente alcanzar\u00eda&nbsp;<strong>el 3 % necesario para conservar sus registro como partido pol\u00edtico nacional<\/strong>, lo que implicar\u00eda su extinci\u00f3n, despu\u00e9s de 35 a\u00f1os de permanencia en el sistema pol\u00edtico nacional.<\/p>\n\n\n\n<p><strong>Las fuerzas pol\u00edticas restantes, obtuvieron para la C\u00e1mara de Diputados en la contienda de este domingo los siguientes resultados<\/strong>: el&nbsp;<strong>PT tuvo entre 5.3 y 6.1 %<\/strong>&nbsp;lo que que constituir\u00eda una representaci\u00f3n de entre 46 a 52 diputaciones; el&nbsp;<strong>PVEM tuvo entre 8.1 y 9.1 %&nbsp;<\/strong>que constituir\u00eda unos 67 a 77 diputaciones y, el&nbsp;<strong>PAN tendr\u00eda entre 17.3 y 18.7 %<\/strong>, que son entre 64 a 80 diputaciones, mientras que&nbsp;<strong>el PRI alcanz\u00f3 entre 11.1 y 11.9%<\/strong>&nbsp;que alcanzar\u00eda entre 30 y 41 diputaciones. Finalmente,<strong>&nbsp;Movimiento Ciudadano obtuvo entre el 11.1 y 12 %<\/strong>, lo que le dar\u00eda entre 23 y 32 diputaciones.<\/p>\n\n\n\n<p>Previamente, la consejera presidenta dijo que, de acuerdo con los resultados de la muestra estad\u00edstica que tomaron los especialistas para realizar&nbsp;<strong>el Conteo R\u00e1pido<\/strong>, estos apuntaban que&nbsp;<strong>Claudia Sheinbaum<\/strong>&nbsp;era la&nbsp;<strong>virtual&nbsp;ganadora de la elecci\u00f3n presidencial de 2024.<\/strong><\/p>\n\n\n\n<p><strong>Destac\u00f3 que los resultados de votaci\u00f3n quedar\u00edan de la siguiente manera:<\/strong><\/p>\n\n\n\n<ul class=\"wp-block-list\">\n<li>Claudia Sheinbaum logr\u00f3 58.3 y 60.7% de la votaci\u00f3n.<\/li>\n\n\n\n<li>X\u00f3chitl G\u00e1lvez obtuvo entre el 26.6% y 28.6% de la votaci\u00f3n.<\/li>\n\n\n\n<li>Jorge \u00c1lvarez M\u00e1ynez alcanz\u00f3 entre el 9.9 y 10.8% de los sufragios.<\/li>\n<\/ul>\n\n\n\n<p>El PRD hac\u00eda 1989, sirvi\u00f3 como base pol\u00edtica para el presidente Andr\u00e9s Manuel L\u00f3pez Obrador, que compiti\u00f3 bajo sus siglas como candidato a la jefatura de gobierno del Distrito Federal (hoy Ciudad de M\u00e9xico) en el a\u00f1o 2000; en el a\u00f1o 2006 y 2012, ese mismo partido lo abander\u00f3 como su candidato presidencial. Pero tras su segundo descalabro seguido en los comicios de 2012, rompi\u00f3 con este partido y, en 2015, se dio a la tarea de construir su propio partido, el Movimiento de Regeneraci\u00f3n Nacional (Morena) con las bases que lo hab\u00edan arropado.<\/p>\n\n\n\n<p><strong>El PRD lleg\u00f3 a cobrar gran importancia en el sistema pol\u00edtico mexicano,<\/strong>&nbsp;entre las elecciones de 2006 y 2012 y, lleg\u00f3 a ser la segunda fuerza pol\u00edtica del pa\u00eds. Pero con la elecci\u00f3n de este domingo, tal parece que su historia lleg\u00f3 a su fin.<\/p>\n","protected":false},"excerpt":{"rendered":"<p>El&nbsp;Instituto Nacional Electoral&nbsp;(INE) anunci\u00f3 la madrugada de este lunes los resultados del Conteo R\u00e1pido de la Elecci\u00f3n Federal de este domingo 2 de junio, los cuales apuntan a que&nbsp;el Partido de la Revoluci\u00f3n Dem\u00f3crata (PRD) perder\u00e1 su presencia en las C\u00e1maras de Diputados y Senadores en la pr\u00f3xima legislatura y por ende, su registro como [&hellip;]<\/p>\n","protected":false},"author":1,"featured_media":20914,"comment_status":"closed","ping_status":"closed","sticky":false,"template":"","format":"aside","meta":{"googlesitekit_rrm_CAowytPeCw:productID":"","footnotes":""},"categories":[6338],"tags":[2201],"class_list":["post-20913","post","type-post","status-publish","format-aside","has-post-thumbnail","hentry","category-elecciones-2024","tag-prd","post_format-post-format-aside"],"yoast_head":"<!-- This site is optimized with the Yoast SEO plugin v27.4 - https:\/\/yoast.com\/product\/yoast-seo-wordpress\/ -->\n<title>PRD se perfila a su extinci\u00f3n como partido pol\u00edtico |<\/title>\n<meta name=\"robots\" content=\"index, follow, max-snippet:-1, max-image-preview:large, max-video-preview:-1\" \/>\n<link rel=\"canonical\" href=\"https:\/\/conexionnacional.mx\/index.php\/2024\/06\/03\/prd-se-perfila-a-su-extincion-como-partido-politico\/\" \/>\n<meta property=\"og:locale\" content=\"es_MX\" \/>\n<meta property=\"og:type\" content=\"article\" \/>\n<meta property=\"og:title\" content=\"PRD se perfila a su extinci\u00f3n como partido pol\u00edtico |\" \/>\n<meta property=\"og:description\" content=\"El&nbsp;Instituto Nacional Electoral&nbsp;(INE) anunci\u00f3 la madrugada de este lunes los resultados del Conteo R\u00e1pido de la Elecci\u00f3n Federal de este domingo 2 de junio, los cuales apuntan a que&nbsp;el Partido de la Revoluci\u00f3n Dem\u00f3crata (PRD) perder\u00e1 su presencia en las C\u00e1maras de Diputados y Senadores en la pr\u00f3xima legislatura y por ende, su registro como [&hellip;]\" \/>\n<meta property=\"og:url\" content=\"https:\/\/conexionnacional.mx\/index.php\/2024\/06\/03\/prd-se-perfila-a-su-extincion-como-partido-politico\/\" \/>\n<meta property=\"og:site_name\" content=\"Conexi\u00f3n Nacional\" \/>\n<meta property=\"article:publisher\" content=\"https:\/\/www.facebook.com\/cnmxradio\" \/>\n<meta property=\"article:published_time\" content=\"2024-06-03T19:05:31+00:00\" \/>\n<meta property=\"article:modified_time\" content=\"2024-06-03T19:05:34+00:00\" \/>\n<meta property=\"og:image\" content=\"https:\/\/conexionnacional.mx\/wp-content\/uploads\/2024\/06\/prd_mariojasso.png\" \/>\n\t<meta property=\"og:image:width\" content=\"768\" \/>\n\t<meta property=\"og:image:height\" content=\"479\" \/>\n\t<meta property=\"og:image:type\" content=\"image\/png\" \/>\n<meta name=\"author\" content=\"Conexi\u00f3n Nacional\" \/>\n<meta name=\"twitter:card\" content=\"summary_large_image\" \/>\n<meta name=\"twitter:label1\" content=\"Escrito por\" \/>\n\t<meta name=\"twitter:data1\" content=\"Conexi\u00f3n Nacional\" \/>\n\t<meta name=\"twitter:label2\" content=\"Tiempo de lectura\" \/>\n\t<meta name=\"twitter:data2\" content=\"3 minutos\" \/>\n<script type=\"application\/ld+json\" class=\"yoast-schema-graph\">{\"@context\":\"https:\\\/\\\/schema.org\",\"@graph\":[{\"@type\":\"Article\",\"@id\":\"https:\\\/\\\/conexionnacional.mx\\\/index.php\\\/2024\\\/06\\\/03\\\/prd-se-perfila-a-su-extincion-como-partido-politico\\\/#article\",\"isPartOf\":{\"@id\":\"https:\\\/\\\/conexionnacional.mx\\\/index.php\\\/2024\\\/06\\\/03\\\/prd-se-perfila-a-su-extincion-como-partido-politico\\\/\"},\"author\":{\"name\":\"Conexi\u00f3n Nacional\",\"@id\":\"https:\\\/\\\/conexionnacional.mx\\\/#\\\/schema\\\/person\\\/dd14aeda902120f5e0e021903fdb6931\"},\"headline\":\"PRD se perfila a su extinci\u00f3n como partido pol\u00edtico\",\"datePublished\":\"2024-06-03T19:05:31+00:00\",\"dateModified\":\"2024-06-03T19:05:34+00:00\",\"mainEntityOfPage\":{\"@id\":\"https:\\\/\\\/conexionnacional.mx\\\/index.php\\\/2024\\\/06\\\/03\\\/prd-se-perfila-a-su-extincion-como-partido-politico\\\/\"},\"wordCount\":542,\"publisher\":{\"@id\":\"https:\\\/\\\/conexionnacional.mx\\\/#organization\"},\"image\":{\"@id\":\"https:\\\/\\\/conexionnacional.mx\\\/index.php\\\/2024\\\/06\\\/03\\\/prd-se-perfila-a-su-extincion-como-partido-politico\\\/#primaryimage\"},\"thumbnailUrl\":\"https:\\\/\\\/conexionnacional.mx\\\/wp-content\\\/uploads\\\/2024\\\/06\\\/prd_mariojasso.png\",\"keywords\":[\"PRD\"],\"articleSection\":[\"Elecciones 2024\"],\"inLanguage\":\"es\"},{\"@type\":\"WebPage\",\"@id\":\"https:\\\/\\\/conexionnacional.mx\\\/index.php\\\/2024\\\/06\\\/03\\\/prd-se-perfila-a-su-extincion-como-partido-politico\\\/\",\"url\":\"https:\\\/\\\/conexionnacional.mx\\\/index.php\\\/2024\\\/06\\\/03\\\/prd-se-perfila-a-su-extincion-como-partido-politico\\\/\",\"name\":\"PRD se perfila a su extinci\u00f3n como partido pol\u00edtico |\",\"isPartOf\":{\"@id\":\"https:\\\/\\\/conexionnacional.mx\\\/#website\"},\"primaryImageOfPage\":{\"@id\":\"https:\\\/\\\/conexionnacional.mx\\\/index.php\\\/2024\\\/06\\\/03\\\/prd-se-perfila-a-su-extincion-como-partido-politico\\\/#primaryimage\"},\"image\":{\"@id\":\"https:\\\/\\\/conexionnacional.mx\\\/index.php\\\/2024\\\/06\\\/03\\\/prd-se-perfila-a-su-extincion-como-partido-politico\\\/#primaryimage\"},\"thumbnailUrl\":\"https:\\\/\\\/conexionnacional.mx\\\/wp-content\\\/uploads\\\/2024\\\/06\\\/prd_mariojasso.png\",\"datePublished\":\"2024-06-03T19:05:31+00:00\",\"dateModified\":\"2024-06-03T19:05:34+00:00\",\"breadcrumb\":{\"@id\":\"https:\\\/\\\/conexionnacional.mx\\\/index.php\\\/2024\\\/06\\\/03\\\/prd-se-perfila-a-su-extincion-como-partido-politico\\\/#breadcrumb\"},\"inLanguage\":\"es\",\"potentialAction\":[{\"@type\":\"ReadAction\",\"target\":[\"https:\\\/\\\/conexionnacional.mx\\\/index.php\\\/2024\\\/06\\\/03\\\/prd-se-perfila-a-su-extincion-como-partido-politico\\\/\"]}]},{\"@type\":\"ImageObject\",\"inLanguage\":\"es\",\"@id\":\"https:\\\/\\\/conexionnacional.mx\\\/index.php\\\/2024\\\/06\\\/03\\\/prd-se-perfila-a-su-extincion-como-partido-politico\\\/#primaryimage\",\"url\":\"https:\\\/\\\/conexionnacional.mx\\\/wp-content\\\/uploads\\\/2024\\\/06\\\/prd_mariojasso.png\",\"contentUrl\":\"https:\\\/\\\/conexionnacional.mx\\\/wp-content\\\/uploads\\\/2024\\\/06\\\/prd_mariojasso.png\",\"width\":768,\"height\":479},{\"@type\":\"BreadcrumbList\",\"@id\":\"https:\\\/\\\/conexionnacional.mx\\\/index.php\\\/2024\\\/06\\\/03\\\/prd-se-perfila-a-su-extincion-como-partido-politico\\\/#breadcrumb\",\"itemListElement\":[{\"@type\":\"ListItem\",\"position\":1,\"name\":\"Inicio\",\"item\":\"https:\\\/\\\/conexionnacional.mx\\\/\"},{\"@type\":\"ListItem\",\"position\":2,\"name\":\"PRD se perfila a su extinci\u00f3n como partido pol\u00edtico\"}]},{\"@type\":\"WebSite\",\"@id\":\"https:\\\/\\\/conexionnacional.mx\\\/#website\",\"url\":\"https:\\\/\\\/conexionnacional.mx\\\/\",\"name\":\"Conexi\u00f3n Nacional\",\"description\":\"Noticias al momento\",\"publisher\":{\"@id\":\"https:\\\/\\\/conexionnacional.mx\\\/#organization\"},\"alternateName\":\"Noticias nacionales\",\"potentialAction\":[{\"@type\":\"SearchAction\",\"target\":{\"@type\":\"EntryPoint\",\"urlTemplate\":\"https:\\\/\\\/conexionnacional.mx\\\/?s={search_term_string}\"},\"query-input\":{\"@type\":\"PropertyValueSpecification\",\"valueRequired\":true,\"valueName\":\"search_term_string\"}}],\"inLanguage\":\"es\"},{\"@type\":\"Organization\",\"@id\":\"https:\\\/\\\/conexionnacional.mx\\\/#organization\",\"name\":\"Conexi\u00f3n Nacional\",\"url\":\"https:\\\/\\\/conexionnacional.mx\\\/\",\"logo\":{\"@type\":\"ImageObject\",\"inLanguage\":\"es\",\"@id\":\"https:\\\/\\\/conexionnacional.mx\\\/#\\\/schema\\\/logo\\\/image\\\/\",\"url\":\"https:\\\/\\\/conexionnacional.mx\\\/wp-content\\\/uploads\\\/2022\\\/09\\\/conexion_nacional.png\",\"contentUrl\":\"https:\\\/\\\/conexionnacional.mx\\\/wp-content\\\/uploads\\\/2022\\\/09\\\/conexion_nacional.png\",\"width\":2964,\"height\":1173,\"caption\":\"Conexi\u00f3n Nacional\"},\"image\":{\"@id\":\"https:\\\/\\\/conexionnacional.mx\\\/#\\\/schema\\\/logo\\\/image\\\/\"},\"sameAs\":[\"https:\\\/\\\/www.facebook.com\\\/cnmxradio\"]},{\"@type\":\"Person\",\"@id\":\"https:\\\/\\\/conexionnacional.mx\\\/#\\\/schema\\\/person\\\/dd14aeda902120f5e0e021903fdb6931\",\"name\":\"Conexi\u00f3n Nacional\",\"image\":{\"@type\":\"ImageObject\",\"inLanguage\":\"es\",\"@id\":\"https:\\\/\\\/secure.gravatar.com\\\/avatar\\\/e523100f284110b2ecca7e17b2be9cf140a5e8f35294c9ec0543e6916cc1f9be?s=96&d=blank&r=g\",\"url\":\"https:\\\/\\\/secure.gravatar.com\\\/avatar\\\/e523100f284110b2ecca7e17b2be9cf140a5e8f35294c9ec0543e6916cc1f9be?s=96&d=blank&r=g\",\"contentUrl\":\"https:\\\/\\\/secure.gravatar.com\\\/avatar\\\/e523100f284110b2ecca7e17b2be9cf140a5e8f35294c9ec0543e6916cc1f9be?s=96&d=blank&r=g\",\"caption\":\"Conexi\u00f3n Nacional\"},\"sameAs\":[\"https:\\\/\\\/conexionnacional.mx\"],\"url\":\"https:\\\/\\\/conexionnacional.mx\\\/index.php\\\/author\\\/administrador\\\/\"}]}<\/script>\n<!-- \/ Yoast SEO plugin. -->","yoast_head_json":{"title":"PRD se perfila a su extinci\u00f3n como partido pol\u00edtico |","robots":{"index":"index","follow":"follow","max-snippet":"max-snippet:-1","max-image-preview":"max-image-preview:large","max-video-preview":"max-video-preview:-1"},"canonical":"https:\/\/conexionnacional.mx\/index.php\/2024\/06\/03\/prd-se-perfila-a-su-extincion-como-partido-politico\/","og_locale":"es_MX","og_type":"article","og_title":"PRD se perfila a su extinci\u00f3n como partido pol\u00edtico |","og_description":"El&nbsp;Instituto Nacional Electoral&nbsp;(INE) anunci\u00f3 la madrugada de este lunes los resultados del Conteo R\u00e1pido de la Elecci\u00f3n Federal de este domingo 2 de junio, los cuales apuntan a que&nbsp;el Partido de la Revoluci\u00f3n Dem\u00f3crata (PRD) perder\u00e1 su presencia en las C\u00e1maras de Diputados y Senadores en la pr\u00f3xima legislatura y por ende, su registro como [&hellip;]","og_url":"https:\/\/conexionnacional.mx\/index.php\/2024\/06\/03\/prd-se-perfila-a-su-extincion-como-partido-politico\/","og_site_name":"Conexi\u00f3n Nacional","article_publisher":"https:\/\/www.facebook.com\/cnmxradio","article_published_time":"2024-06-03T19:05:31+00:00","article_modified_time":"2024-06-03T19:05:34+00:00","og_image":[{"width":768,"height":479,"url":"https:\/\/conexionnacional.mx\/wp-content\/uploads\/2024\/06\/prd_mariojasso.png","type":"image\/png"}],"author":"Conexi\u00f3n Nacional","twitter_card":"summary_large_image","twitter_misc":{"Escrito por":"Conexi\u00f3n Nacional","Tiempo de lectura":"3 minutos"},"schema":{"@context":"https:\/\/schema.org","@graph":[{"@type":"Article","@id":"https:\/\/conexionnacional.mx\/index.php\/2024\/06\/03\/prd-se-perfila-a-su-extincion-como-partido-politico\/#article","isPartOf":{"@id":"https:\/\/conexionnacional.mx\/index.php\/2024\/06\/03\/prd-se-perfila-a-su-extincion-como-partido-politico\/"},"author":{"name":"Conexi\u00f3n Nacional","@id":"https:\/\/conexionnacional.mx\/#\/schema\/person\/dd14aeda902120f5e0e021903fdb6931"},"headline":"PRD se perfila a su extinci\u00f3n como partido pol\u00edtico","datePublished":"2024-06-03T19:05:31+00:00","dateModified":"2024-06-03T19:05:34+00:00","mainEntityOfPage":{"@id":"https:\/\/conexionnacional.mx\/index.php\/2024\/06\/03\/prd-se-perfila-a-su-extincion-como-partido-politico\/"},"wordCount":542,"publisher":{"@id":"https:\/\/conexionnacional.mx\/#organization"},"image":{"@id":"https:\/\/conexionnacional.mx\/index.php\/2024\/06\/03\/prd-se-perfila-a-su-extincion-como-partido-politico\/#primaryimage"},"thumbnailUrl":"https:\/\/conexionnacional.mx\/wp-content\/uploads\/2024\/06\/prd_mariojasso.png","keywords":["PRD"],"articleSection":["Elecciones 2024"],"inLanguage":"es"},{"@type":"WebPage","@id":"https:\/\/conexionnacional.mx\/index.php\/2024\/06\/03\/prd-se-perfila-a-su-extincion-como-partido-politico\/","url":"https:\/\/conexionnacional.mx\/index.php\/2024\/06\/03\/prd-se-perfila-a-su-extincion-como-partido-politico\/","name":"PRD se perfila a su extinci\u00f3n como partido pol\u00edtico |","isPartOf":{"@id":"https:\/\/conexionnacional.mx\/#website"},"primaryImageOfPage":{"@id":"https:\/\/conexionnacional.mx\/index.php\/2024\/06\/03\/prd-se-perfila-a-su-extincion-como-partido-politico\/#primaryimage"},"image":{"@id":"https:\/\/conexionnacional.mx\/index.php\/2024\/06\/03\/prd-se-perfila-a-su-extincion-como-partido-politico\/#primaryimage"},"thumbnailUrl":"https:\/\/conexionnacional.mx\/wp-content\/uploads\/2024\/06\/prd_mariojasso.png","datePublished":"2024-06-03T19:05:31+00:00","dateModified":"2024-06-03T19:05:34+00:00","breadcrumb":{"@id":"https:\/\/conexionnacional.mx\/index.php\/2024\/06\/03\/prd-se-perfila-a-su-extincion-como-partido-politico\/#breadcrumb"},"inLanguage":"es","potentialAction":[{"@type":"ReadAction","target":["https:\/\/conexionnacional.mx\/index.php\/2024\/06\/03\/prd-se-perfila-a-su-extincion-como-partido-politico\/"]}]},{"@type":"ImageObject","inLanguage":"es","@id":"https:\/\/conexionnacional.mx\/index.php\/2024\/06\/03\/prd-se-perfila-a-su-extincion-como-partido-politico\/#primaryimage","url":"https:\/\/conexionnacional.mx\/wp-content\/uploads\/2024\/06\/prd_mariojasso.png","contentUrl":"https:\/\/conexionnacional.mx\/wp-content\/uploads\/2024\/06\/prd_mariojasso.png","width":768,"height":479},{"@type":"BreadcrumbList","@id":"https:\/\/conexionnacional.mx\/index.php\/2024\/06\/03\/prd-se-perfila-a-su-extincion-como-partido-politico\/#breadcrumb","itemListElement":[{"@type":"ListItem","position":1,"name":"Inicio","item":"https:\/\/conexionnacional.mx\/"},{"@type":"ListItem","position":2,"name":"PRD se perfila a su extinci\u00f3n como partido pol\u00edtico"}]},{"@type":"WebSite","@id":"https:\/\/conexionnacional.mx\/#website","url":"https:\/\/conexionnacional.mx\/","name":"Conexi\u00f3n Nacional","description":"Noticias al momento","publisher":{"@id":"https:\/\/conexionnacional.mx\/#organization"},"alternateName":"Noticias nacionales","potentialAction":[{"@type":"SearchAction","target":{"@type":"EntryPoint","urlTemplate":"https:\/\/conexionnacional.mx\/?s={search_term_string}"},"query-input":{"@type":"PropertyValueSpecification","valueRequired":true,"valueName":"search_term_string"}}],"inLanguage":"es"},{"@type":"Organization","@id":"https:\/\/conexionnacional.mx\/#organization","name":"Conexi\u00f3n Nacional","url":"https:\/\/conexionnacional.mx\/","logo":{"@type":"ImageObject","inLanguage":"es","@id":"https:\/\/conexionnacional.mx\/#\/schema\/logo\/image\/","url":"https:\/\/conexionnacional.mx\/wp-content\/uploads\/2022\/09\/conexion_nacional.png","contentUrl":"https:\/\/conexionnacional.mx\/wp-content\/uploads\/2022\/09\/conexion_nacional.png","width":2964,"height":1173,"caption":"Conexi\u00f3n Nacional"},"image":{"@id":"https:\/\/conexionnacional.mx\/#\/schema\/logo\/image\/"},"sameAs":["https:\/\/www.facebook.com\/cnmxradio"]},{"@type":"Person","@id":"https:\/\/conexionnacional.mx\/#\/schema\/person\/dd14aeda902120f5e0e021903fdb6931","name":"Conexi\u00f3n Nacional","image":{"@type":"ImageObject","inLanguage":"es","@id":"https:\/\/secure.gravatar.com\/avatar\/e523100f284110b2ecca7e17b2be9cf140a5e8f35294c9ec0543e6916cc1f9be?s=96&d=blank&r=g","url":"https:\/\/secure.gravatar.com\/avatar\/e523100f284110b2ecca7e17b2be9cf140a5e8f35294c9ec0543e6916cc1f9be?s=96&d=blank&r=g","contentUrl":"https:\/\/secure.gravatar.com\/avatar\/e523100f284110b2ecca7e17b2be9cf140a5e8f35294c9ec0543e6916cc1f9be?s=96&d=blank&r=g","caption":"Conexi\u00f3n Nacional"},"sameAs":["https:\/\/conexionnacional.mx"],"url":"https:\/\/conexionnacional.mx\/index.php\/author\/administrador\/"}]}},"_links":{"self":[{"href":"https:\/\/conexionnacional.mx\/index.php\/wp-json\/wp\/v2\/posts\/20913","targetHints":{"allow":["GET"]}}],"collection":[{"href":"https:\/\/conexionnacional.mx\/index.php\/wp-json\/wp\/v2\/posts"}],"about":[{"href":"https:\/\/conexionnacional.mx\/index.php\/wp-json\/wp\/v2\/types\/post"}],"author":[{"embeddable":true,"href":"https:\/\/conexionnacional.mx\/index.php\/wp-json\/wp\/v2\/users\/1"}],"replies":[{"embeddable":true,"href":"https:\/\/conexionnacional.mx\/index.php\/wp-json\/wp\/v2\/comments?post=20913"}],"version-history":[{"count":1,"href":"https:\/\/conexionnacional.mx\/index.php\/wp-json\/wp\/v2\/posts\/20913\/revisions"}],"predecessor-version":[{"id":20915,"href":"https:\/\/conexionnacional.mx\/index.php\/wp-json\/wp\/v2\/posts\/20913\/revisions\/20915"}],"wp:featuredmedia":[{"embeddable":true,"href":"https:\/\/conexionnacional.mx\/index.php\/wp-json\/wp\/v2\/media\/20914"}],"wp:attachment":[{"href":"https:\/\/conexionnacional.mx\/index.php\/wp-json\/wp\/v2\/media?parent=20913"}],"wp:term":[{"taxonomy":"category","embeddable":true,"href":"https:\/\/conexionnacional.mx\/index.php\/wp-json\/wp\/v2\/categories?post=20913"},{"taxonomy":"post_tag","embeddable":true,"href":"https:\/\/conexionnacional.mx\/index.php\/wp-json\/wp\/v2\/tags?post=20913"}],"curies":[{"name":"wp","href":"https:\/\/api.w.org\/{rel}","templated":true}]}}