{"id":19812,"date":"2024-03-21T13:57:50","date_gmt":"2024-03-21T19:57:50","guid":{"rendered":"https:\/\/conexionnacional.mx\/?p=19812"},"modified":"2024-03-21T13:57:53","modified_gmt":"2024-03-21T19:57:53","slug":"amlo-vs-salinas-pliego-63000-millones-de-deuda-y-acusaciones-de-extorsion","status":"publish","type":"post","link":"https:\/\/conexionnacional.mx\/index.php\/2024\/03\/21\/amlo-vs-salinas-pliego-63000-millones-de-deuda-y-acusaciones-de-extorsion\/","title":{"rendered":"AMLO vs Salinas Pliego: 63,000 millones de deuda y acusaciones de extorsi\u00f3n"},"content":{"rendered":"\n<p>Aunque al inicio del sexenio parec\u00edan aliados y que se repart\u00edan el pastel a como se pudiera (y sin broncas), en los \u00faltimos meses se ha dejado ver la realidad:&nbsp;<strong>AMLO y Ricardo Salinas Pliego traen un pleito basado, principalmente, en la negativa del due\u00f1o de Grupo Salinas a pagar impuestos<\/strong>. \u201cYo por qu\u00e9\u201d, dice el empresario, acusando extorsi\u00f3n y otras cositas de parte del gobierno de L\u00f3pez Obrador.<\/p>\n\n\n\n<figure class=\"wp-block-image\"><img decoding=\"async\" src=\"data:image\/gif;base64,R0lGODlhAQABAAAAACH5BAEKAAEALAAAAAABAAEAAAICTAEAOw==\" data-src=\"https:\/\/www.sopitas.com\/wp-content\/uploads\/2021\/12\/desigualdad-necesaria-ricardo-salinas-pliego-2.jpeg?resize=1024,681\" alt=\"Dice Salinas Pliego que la desigualdad es inevitable y necesaria para la sociedad\" class=\"wp-image-1390278 lazyload\"\/><figcaption class=\"wp-element-caption\">AMLO y Salinas Pliego \/ Foto: Cuartoscuro<\/figcaption><\/figure>\n\n\n\n<h2 class=\"wp-block-heading\" id=\"h-90-de-la-deuda-de-salinas-pliego-viene-por-la-desaparicion-de-la-figura-de-consolidacion-fiscal\">90% de la deuda de Salinas Pliego viene por la desaparici\u00f3n de la figura de \u201cconsolidaci\u00f3n fiscal\u201d<\/h2>\n\n\n\n<p>La (supuesta y) majadera falta de pagos de parte de las compa\u00f1\u00edas de Ricardo Salinas viene de a\u00f1os atr\u00e1s y, entre abonos chiquitos, evasiones logradas con recursos legales y acusaciones de persecuci\u00f3n fiscal,\u00a0<strong>el\u00a0<em>t\u00edo Richi<\/em>\u00a0tiene un adeudo de poco m\u00e1s de 63,000 millones de pesos.\u00a0<\/strong>Cifra ofrecida Por Antonio Mart\u00ednez Dagnino, jefe del Servicio de Administraci\u00f3n Tributaria (SAT) durante la ma\u00f1anera de ayer, 20 de marzo.<\/p>\n\n\n\n<p>El director del SAT explic\u00f3 que Salinas Pliego\u00a0<strong>tiene repartida su colosal deuda entre cuatro \u00a0de sus empresas<\/strong>\u00a0y, la verdad, no se le ven muchas ganas de saldar la cuenta.\u00a0<strong>Actualmente tiene 17 juicios con los que busca evadir abrir la chequera y qui\u00e9n sabe cu\u00e1ntas posibilidades haya para eso<\/strong>\u2026 peeero, recientemente,\u00a0presumi\u00f3 el amparo con el que se libr\u00f3 de desembolsar 640 millones.\u00a0Un amparo de varios que, dice, que espera conseguir para darle en la torre a los \u201cabusos sistem\u00e1ticos del SAT\u201d.<\/p>\n\n\n\n<p>De acuerdo con F\u00e9lix Arturo Medina Padilla, extitular de la procuradur\u00eda fiscal de la federaci\u00f3n (PFF),&nbsp;<strong>el principal tema de la deuda de Ricardo Salinas Pliego es, adem\u00e1s de que su (posible) morosidad, la desaparici\u00f3n en 2013 de la figura de \u201cconsolidaci\u00f3n fiscal\u201d<\/strong>&nbsp;(de hecho, 90% de la deuda del due\u00f1o de Grupo Salinas tiene que ver con este tema), con la cual Salinas Pliego&nbsp;<strong>obtuvo dos beneficios: sumar las ganancias y las p\u00e9rdidas de un solo grupo y con ella tener un mismo resultado y aplazar el pago del impuesto sobre la renta.<\/strong><\/p>\n\n\n\n<p><em>\u201cPor ejemplo (\u2026) si una empresa ten\u00eda una utilidad de 10 pesos y otra de este mismo grupo empresarial una p\u00e9rdida de cinco,&nbsp;<strong>la consolidaci\u00f3n fiscal permit\u00eda pagar \u00fanicamente impuesto sobre la renta sobre cinco pesos y no sobre los 10 pesos; es decir, solamente sobre la diferencia\u201d<\/strong><\/em>\u2026 y bueno, cuando desapareci\u00f3 la consolidaci\u00f3n fiscal, se le vino la noche a Salinas Pliego, porque&nbsp;<strong>con esa figura se aplaz\u00f3, m\u00e1s no se condon\u00f3 el pago de impuesto. Y ya lleg\u00f3 el momento de pagar.<\/strong><\/p>\n\n\n\n<figure class=\"wp-block-image\"><img decoding=\"async\" src=\"data:image\/gif;base64,R0lGODlhAQABAAAAACH5BAEKAAEALAAAAAABAAEAAAICTAEAOw==\" data-src=\"https:\/\/www.sopitas.com\/wp-content\/uploads\/2021\/12\/desigualdad-necesaria-ricardo-salinas-pliego-1.jpeg?resize=1024,683\" alt=\"Dice Salinas Pliego que la desigualdad es inevitable y necesaria para la sociedad\" class=\"wp-image-1390268 lazyload\"\/><figcaption class=\"wp-element-caption\">Foto: Cuartoscuro<\/figcaption><\/figure>\n\n\n\n<p>\u00bfY nada ha pagado? Puessssss\u2026. aunque en redes lo que m\u00e1s presume Salinas Pliego es que varo le sobra, pues la verdad es que es como el \u201cfarol\u201d de la cuadra: mucho dinero para todo, menos para pagar sus deudas. As\u00ed que,&nbsp;<strong>de todo el dineral que supuestamente debe, durante el gobierno de AMLO s\u00f3lo ha podido (\u00bfo querido?) pagar 4, 868 millones de pesos.<\/strong><\/p>\n\n\n\n<h2 class=\"wp-block-heading\" id=\"h-salinas-pliego-acusa-extorsion-de-parte-del-sat\">Salinas Pliego acusa extorsi\u00f3n de parte del SAT<\/h2>\n\n\n\n<p>Quiz\u00e1s sabiendo lo que revelar\u00eda AMLO (y no es que sea informaci\u00f3n que no se supiera), Ricardo Salinas Pliego (t\u00edo Richi, como lo llaman los\u2026 sus fans) lanz\u00f3 horas antes de la ma\u00f1anera un video en el que, de plano, dice que eso del cobro de impuesto es un acto de extorsi\u00f3n de parte del gobierno.<\/p>\n\n\n\n<p>\u201c<em>El SAT con su actual administraci\u00f3n se ha dedicado a extorsionar a los empresarios. Entonces&nbsp;<strong>llegan, te ponen una cuenta gigante y luego dicen: \u2018bueno, si me pagas la mitad te la perdono\u2019. Y nosotros no cedemos ante la extorsi\u00f3n y por eso no aceptamos ning\u00fan descuento\u201d<\/strong><\/em>, se\u00f1al\u00f3 Salinas Pliego en referencia a la oferta que AMLO le hizo de bajarle 8,000 millones de su deuda.<\/p>\n\n\n\n<figure class=\"wp-block-image\"><img decoding=\"async\" src=\"data:image\/gif;base64,R0lGODlhAQABAAAAACH5BAEKAAEALAAAAAABAAEAAAICTAEAOw==\" data-src=\"https:\/\/www.sopitas.com\/wp-content\/uploads\/2021\/12\/desigualdad-necesaria-ricardo-salinas-pliego.jpg?resize=1024,531\" alt=\"Dice Salinas Pliego que la desigualdad es inevitable y necesaria para la sociedad\" class=\"wp-image-1390267 lazyload\"\/><figcaption class=\"wp-element-caption\">Foto: Cuartoscuro<\/figcaption><\/figure>\n\n\n\n<p>En el video en el que se la pas\u00f3 llamado \u201camigo\u201d a AMLO,<strong>&nbsp;el empresario se\u00f1al\u00f3 directamente a Jes\u00fas Ram\u00edrez, vocero de Presidencia, de dirigir un grupo radical que lo ataca por diferentes bandos.&nbsp;<\/strong>El m\u00e1s reciente, el \u201cdespojo\u201d de su campo de golf en Huatulco.<\/p>\n\n\n\n<p>\u201c<em><strong>Lo \u00fanico que lograron fue quitarle un atractivo tur\u00edstico al pueblo de Huatulco<\/strong>&nbsp;y por ende disminuir el flujo de turistas del cual vive toda la gente de Huatulco. \u00bfQu\u00e9 ganaron con eso? \u00bf<strong>O ser\u00e1 que porque son radicales comunistas piensan que el golf es un deporte sucio y obsceno capitalista, ser\u00e1 eso?<\/strong>&nbsp;\u00bfO ser\u00e1 que son resentidos por naturaleza?\u201d<\/em><\/p>\n\n\n\n<figure class=\"wp-block-image\"><img decoding=\"async\" src=\"data:image\/gif;base64,R0lGODlhAQABAAAAACH5BAEKAAEALAAAAAABAAEAAAICTAEAOw==\" data-src=\"https:\/\/www.sopitas.com\/wp-content\/uploads\/2021\/03\/jesus-ramirez-defiende-muro-de-paz-amlo-palacio-nacional-2-e1643714709722.jpeg?resize=1024,527\" alt=\"&quot;Cerco de Palacio Nacional es un muro de paz&quot;, dice Jes\u00fas Ram\u00edrez, vocero de Presidencia\" class=\"wp-image-1297529 lazyload\"\/><figcaption class=\"wp-element-caption\">Foto: Cuartoscuro<\/figcaption><\/figure>\n\n\n\n<p>Seg\u00fan Salinas Pliego, lo de los impuestos y lo del campo de golf son \u201cdistractores\u201d de los grandes problemas del pa\u00eds: la violencia e inseguridad\u2026 y la corrupci\u00f3n.&nbsp;<em><strong>\u201cNo es por desconfiar (\u2026) pero, en un solo a\u00f1o se pudieron haber robado m\u00e1s de 50 mil millones sus empleados, \u00bfy usted no hace nada, presidente?\u201d<\/strong><\/em><\/p>\n\n\n\n<p>Bueno, \u00bfy si adem\u00e1s de los grandes problemas del pa\u00eds que se\u00f1ala Salinas Pliego, tambi\u00e9n est\u00e1 la evasi\u00f3n de impuestos de grandes empresarios?, \u00bfno se puede? En fin, esta bronca se ve que no se arreglar\u00e1 en este sexenio (dice AMLO que \u00e9l nom\u00e1s chambea dos meses m\u00e1s y ya),&nbsp;<strong>as\u00ed que ya le tocar\u00e1 al siguiente gobierno ver si perdona o hace manita de puerco para que pague o pague.<\/strong><\/p>\n","protected":false},"excerpt":{"rendered":"<p>Aunque al inicio del sexenio parec\u00edan aliados y que se repart\u00edan el pastel a como se pudiera (y sin broncas), en los \u00faltimos meses se ha dejado ver la realidad:&nbsp;AMLO y Ricardo Salinas Pliego traen un pleito basado, principalmente, en la negativa del due\u00f1o de Grupo Salinas a pagar impuestos. \u201cYo por qu\u00e9\u201d, dice el [&hellip;]<\/p>\n","protected":false},"author":1,"featured_media":19813,"comment_status":"closed","ping_status":"closed","sticky":false,"template":"","format":"aside","meta":{"googlesitekit_rrm_CAowytPeCw:productID":"","footnotes":""},"categories":[3],"tags":[7,4264],"class_list":["post-19812","post","type-post","status-publish","format-aside","has-post-thumbnail","hentry","category-nacional","tag-amlo","tag-salinas-pliego","post_format-post-format-aside"],"yoast_head":"<!-- This site is optimized with the Yoast SEO plugin v27.5 - https:\/\/yoast.com\/product\/yoast-seo-wordpress\/ -->\n<title>AMLO vs Salinas Pliego: 63,000 millones de deuda y acusaciones de extorsi\u00f3n |<\/title>\n<meta name=\"robots\" content=\"index, follow, max-snippet:-1, max-image-preview:large, max-video-preview:-1\" \/>\n<link rel=\"canonical\" href=\"https:\/\/conexionnacional.mx\/index.php\/2024\/03\/21\/amlo-vs-salinas-pliego-63000-millones-de-deuda-y-acusaciones-de-extorsion\/\" \/>\n<meta property=\"og:locale\" content=\"es_MX\" \/>\n<meta property=\"og:type\" content=\"article\" \/>\n<meta property=\"og:title\" content=\"AMLO vs Salinas Pliego: 63,000 millones de deuda y acusaciones de extorsi\u00f3n |\" \/>\n<meta property=\"og:description\" content=\"Aunque al inicio del sexenio parec\u00edan aliados y que se repart\u00edan el pastel a como se pudiera (y sin broncas), en los \u00faltimos meses se ha dejado ver la realidad:&nbsp;AMLO y Ricardo Salinas Pliego traen un pleito basado, principalmente, en la negativa del due\u00f1o de Grupo Salinas a pagar impuestos. \u201cYo por qu\u00e9\u201d, dice el [&hellip;]\" \/>\n<meta property=\"og:url\" content=\"https:\/\/conexionnacional.mx\/index.php\/2024\/03\/21\/amlo-vs-salinas-pliego-63000-millones-de-deuda-y-acusaciones-de-extorsion\/\" \/>\n<meta property=\"og:site_name\" content=\"Conexi\u00f3n Nacional\" \/>\n<meta property=\"article:publisher\" content=\"https:\/\/www.facebook.com\/cnmxradio\" \/>\n<meta property=\"article:published_time\" content=\"2024-03-21T19:57:50+00:00\" \/>\n<meta property=\"article:modified_time\" content=\"2024-03-21T19:57:53+00:00\" \/>\n<meta property=\"og:image\" content=\"https:\/\/conexionnacional.mx\/wp-content\/uploads\/2024\/03\/AMLO-y-Salinas-Pliego.webp\" \/>\n\t<meta property=\"og:image:width\" content=\"1024\" \/>\n\t<meta property=\"og:image:height\" content=\"531\" \/>\n\t<meta property=\"og:image:type\" content=\"image\/webp\" \/>\n<meta name=\"author\" content=\"Conexi\u00f3n Nacional\" \/>\n<meta name=\"twitter:card\" content=\"summary_large_image\" \/>\n<meta name=\"twitter:label1\" content=\"Escrito por\" \/>\n\t<meta name=\"twitter:data1\" content=\"Conexi\u00f3n Nacional\" \/>\n\t<meta name=\"twitter:label2\" content=\"Tiempo de lectura\" \/>\n\t<meta name=\"twitter:data2\" content=\"5 minutos\" \/>\n<script type=\"application\/ld+json\" class=\"yoast-schema-graph\">{\"@context\":\"https:\\\/\\\/schema.org\",\"@graph\":[{\"@type\":\"Article\",\"@id\":\"https:\\\/\\\/conexionnacional.mx\\\/index.php\\\/2024\\\/03\\\/21\\\/amlo-vs-salinas-pliego-63000-millones-de-deuda-y-acusaciones-de-extorsion\\\/#article\",\"isPartOf\":{\"@id\":\"https:\\\/\\\/conexionnacional.mx\\\/index.php\\\/2024\\\/03\\\/21\\\/amlo-vs-salinas-pliego-63000-millones-de-deuda-y-acusaciones-de-extorsion\\\/\"},\"author\":{\"name\":\"Conexi\u00f3n Nacional\",\"@id\":\"https:\\\/\\\/conexionnacional.mx\\\/#\\\/schema\\\/person\\\/dd14aeda902120f5e0e021903fdb6931\"},\"headline\":\"AMLO vs Salinas Pliego: 63,000 millones de deuda y acusaciones de extorsi\u00f3n\",\"datePublished\":\"2024-03-21T19:57:50+00:00\",\"dateModified\":\"2024-03-21T19:57:53+00:00\",\"mainEntityOfPage\":{\"@id\":\"https:\\\/\\\/conexionnacional.mx\\\/index.php\\\/2024\\\/03\\\/21\\\/amlo-vs-salinas-pliego-63000-millones-de-deuda-y-acusaciones-de-extorsion\\\/\"},\"wordCount\":930,\"publisher\":{\"@id\":\"https:\\\/\\\/conexionnacional.mx\\\/#organization\"},\"image\":{\"@id\":\"https:\\\/\\\/conexionnacional.mx\\\/index.php\\\/2024\\\/03\\\/21\\\/amlo-vs-salinas-pliego-63000-millones-de-deuda-y-acusaciones-de-extorsion\\\/#primaryimage\"},\"thumbnailUrl\":\"https:\\\/\\\/conexionnacional.mx\\\/wp-content\\\/uploads\\\/2024\\\/03\\\/AMLO-y-Salinas-Pliego.webp\",\"keywords\":[\"AMLO\",\"Salinas Pliego\"],\"articleSection\":[\"Nacional\"],\"inLanguage\":\"es\"},{\"@type\":\"WebPage\",\"@id\":\"https:\\\/\\\/conexionnacional.mx\\\/index.php\\\/2024\\\/03\\\/21\\\/amlo-vs-salinas-pliego-63000-millones-de-deuda-y-acusaciones-de-extorsion\\\/\",\"url\":\"https:\\\/\\\/conexionnacional.mx\\\/index.php\\\/2024\\\/03\\\/21\\\/amlo-vs-salinas-pliego-63000-millones-de-deuda-y-acusaciones-de-extorsion\\\/\",\"name\":\"AMLO vs Salinas Pliego: 63,000 millones de deuda y acusaciones de extorsi\u00f3n |\",\"isPartOf\":{\"@id\":\"https:\\\/\\\/conexionnacional.mx\\\/#website\"},\"primaryImageOfPage\":{\"@id\":\"https:\\\/\\\/conexionnacional.mx\\\/index.php\\\/2024\\\/03\\\/21\\\/amlo-vs-salinas-pliego-63000-millones-de-deuda-y-acusaciones-de-extorsion\\\/#primaryimage\"},\"image\":{\"@id\":\"https:\\\/\\\/conexionnacional.mx\\\/index.php\\\/2024\\\/03\\\/21\\\/amlo-vs-salinas-pliego-63000-millones-de-deuda-y-acusaciones-de-extorsion\\\/#primaryimage\"},\"thumbnailUrl\":\"https:\\\/\\\/conexionnacional.mx\\\/wp-content\\\/uploads\\\/2024\\\/03\\\/AMLO-y-Salinas-Pliego.webp\",\"datePublished\":\"2024-03-21T19:57:50+00:00\",\"dateModified\":\"2024-03-21T19:57:53+00:00\",\"breadcrumb\":{\"@id\":\"https:\\\/\\\/conexionnacional.mx\\\/index.php\\\/2024\\\/03\\\/21\\\/amlo-vs-salinas-pliego-63000-millones-de-deuda-y-acusaciones-de-extorsion\\\/#breadcrumb\"},\"inLanguage\":\"es\",\"potentialAction\":[{\"@type\":\"ReadAction\",\"target\":[\"https:\\\/\\\/conexionnacional.mx\\\/index.php\\\/2024\\\/03\\\/21\\\/amlo-vs-salinas-pliego-63000-millones-de-deuda-y-acusaciones-de-extorsion\\\/\"]}]},{\"@type\":\"ImageObject\",\"inLanguage\":\"es\",\"@id\":\"https:\\\/\\\/conexionnacional.mx\\\/index.php\\\/2024\\\/03\\\/21\\\/amlo-vs-salinas-pliego-63000-millones-de-deuda-y-acusaciones-de-extorsion\\\/#primaryimage\",\"url\":\"https:\\\/\\\/conexionnacional.mx\\\/wp-content\\\/uploads\\\/2024\\\/03\\\/AMLO-y-Salinas-Pliego.webp\",\"contentUrl\":\"https:\\\/\\\/conexionnacional.mx\\\/wp-content\\\/uploads\\\/2024\\\/03\\\/AMLO-y-Salinas-Pliego.webp\",\"width\":1024,\"height\":531},{\"@type\":\"BreadcrumbList\",\"@id\":\"https:\\\/\\\/conexionnacional.mx\\\/index.php\\\/2024\\\/03\\\/21\\\/amlo-vs-salinas-pliego-63000-millones-de-deuda-y-acusaciones-de-extorsion\\\/#breadcrumb\",\"itemListElement\":[{\"@type\":\"ListItem\",\"position\":1,\"name\":\"Inicio\",\"item\":\"https:\\\/\\\/conexionnacional.mx\\\/\"},{\"@type\":\"ListItem\",\"position\":2,\"name\":\"AMLO vs Salinas Pliego: 63,000 millones de deuda y acusaciones de extorsi\u00f3n\"}]},{\"@type\":\"WebSite\",\"@id\":\"https:\\\/\\\/conexionnacional.mx\\\/#website\",\"url\":\"https:\\\/\\\/conexionnacional.mx\\\/\",\"name\":\"Conexi\u00f3n Nacional\",\"description\":\"Noticias al momento\",\"publisher\":{\"@id\":\"https:\\\/\\\/conexionnacional.mx\\\/#organization\"},\"alternateName\":\"Noticias nacionales\",\"potentialAction\":[{\"@type\":\"SearchAction\",\"target\":{\"@type\":\"EntryPoint\",\"urlTemplate\":\"https:\\\/\\\/conexionnacional.mx\\\/?s={search_term_string}\"},\"query-input\":{\"@type\":\"PropertyValueSpecification\",\"valueRequired\":true,\"valueName\":\"search_term_string\"}}],\"inLanguage\":\"es\"},{\"@type\":\"Organization\",\"@id\":\"https:\\\/\\\/conexionnacional.mx\\\/#organization\",\"name\":\"Conexi\u00f3n Nacional\",\"url\":\"https:\\\/\\\/conexionnacional.mx\\\/\",\"logo\":{\"@type\":\"ImageObject\",\"inLanguage\":\"es\",\"@id\":\"https:\\\/\\\/conexionnacional.mx\\\/#\\\/schema\\\/logo\\\/image\\\/\",\"url\":\"https:\\\/\\\/conexionnacional.mx\\\/wp-content\\\/uploads\\\/2022\\\/09\\\/conexion_nacional.png\",\"contentUrl\":\"https:\\\/\\\/conexionnacional.mx\\\/wp-content\\\/uploads\\\/2022\\\/09\\\/conexion_nacional.png\",\"width\":2964,\"height\":1173,\"caption\":\"Conexi\u00f3n Nacional\"},\"image\":{\"@id\":\"https:\\\/\\\/conexionnacional.mx\\\/#\\\/schema\\\/logo\\\/image\\\/\"},\"sameAs\":[\"https:\\\/\\\/www.facebook.com\\\/cnmxradio\"]},{\"@type\":\"Person\",\"@id\":\"https:\\\/\\\/conexionnacional.mx\\\/#\\\/schema\\\/person\\\/dd14aeda902120f5e0e021903fdb6931\",\"name\":\"Conexi\u00f3n Nacional\",\"image\":{\"@type\":\"ImageObject\",\"inLanguage\":\"es\",\"@id\":\"https:\\\/\\\/secure.gravatar.com\\\/avatar\\\/e523100f284110b2ecca7e17b2be9cf140a5e8f35294c9ec0543e6916cc1f9be?s=96&d=blank&r=g\",\"url\":\"https:\\\/\\\/secure.gravatar.com\\\/avatar\\\/e523100f284110b2ecca7e17b2be9cf140a5e8f35294c9ec0543e6916cc1f9be?s=96&d=blank&r=g\",\"contentUrl\":\"https:\\\/\\\/secure.gravatar.com\\\/avatar\\\/e523100f284110b2ecca7e17b2be9cf140a5e8f35294c9ec0543e6916cc1f9be?s=96&d=blank&r=g\",\"caption\":\"Conexi\u00f3n Nacional\"},\"sameAs\":[\"https:\\\/\\\/conexionnacional.mx\"],\"url\":\"https:\\\/\\\/conexionnacional.mx\\\/index.php\\\/author\\\/administrador\\\/\"}]}<\/script>\n<!-- \/ Yoast SEO plugin. -->","yoast_head_json":{"title":"AMLO vs Salinas Pliego: 63,000 millones de deuda y acusaciones de extorsi\u00f3n |","robots":{"index":"index","follow":"follow","max-snippet":"max-snippet:-1","max-image-preview":"max-image-preview:large","max-video-preview":"max-video-preview:-1"},"canonical":"https:\/\/conexionnacional.mx\/index.php\/2024\/03\/21\/amlo-vs-salinas-pliego-63000-millones-de-deuda-y-acusaciones-de-extorsion\/","og_locale":"es_MX","og_type":"article","og_title":"AMLO vs Salinas Pliego: 63,000 millones de deuda y acusaciones de extorsi\u00f3n |","og_description":"Aunque al inicio del sexenio parec\u00edan aliados y que se repart\u00edan el pastel a como se pudiera (y sin broncas), en los \u00faltimos meses se ha dejado ver la realidad:&nbsp;AMLO y Ricardo Salinas Pliego traen un pleito basado, principalmente, en la negativa del due\u00f1o de Grupo Salinas a pagar impuestos. \u201cYo por qu\u00e9\u201d, dice el [&hellip;]","og_url":"https:\/\/conexionnacional.mx\/index.php\/2024\/03\/21\/amlo-vs-salinas-pliego-63000-millones-de-deuda-y-acusaciones-de-extorsion\/","og_site_name":"Conexi\u00f3n Nacional","article_publisher":"https:\/\/www.facebook.com\/cnmxradio","article_published_time":"2024-03-21T19:57:50+00:00","article_modified_time":"2024-03-21T19:57:53+00:00","og_image":[{"width":1024,"height":531,"url":"https:\/\/conexionnacional.mx\/wp-content\/uploads\/2024\/03\/AMLO-y-Salinas-Pliego.webp","type":"image\/webp"}],"author":"Conexi\u00f3n Nacional","twitter_card":"summary_large_image","twitter_misc":{"Escrito por":"Conexi\u00f3n Nacional","Tiempo de lectura":"5 minutos"},"schema":{"@context":"https:\/\/schema.org","@graph":[{"@type":"Article","@id":"https:\/\/conexionnacional.mx\/index.php\/2024\/03\/21\/amlo-vs-salinas-pliego-63000-millones-de-deuda-y-acusaciones-de-extorsion\/#article","isPartOf":{"@id":"https:\/\/conexionnacional.mx\/index.php\/2024\/03\/21\/amlo-vs-salinas-pliego-63000-millones-de-deuda-y-acusaciones-de-extorsion\/"},"author":{"name":"Conexi\u00f3n Nacional","@id":"https:\/\/conexionnacional.mx\/#\/schema\/person\/dd14aeda902120f5e0e021903fdb6931"},"headline":"AMLO vs Salinas Pliego: 63,000 millones de deuda y acusaciones de extorsi\u00f3n","datePublished":"2024-03-21T19:57:50+00:00","dateModified":"2024-03-21T19:57:53+00:00","mainEntityOfPage":{"@id":"https:\/\/conexionnacional.mx\/index.php\/2024\/03\/21\/amlo-vs-salinas-pliego-63000-millones-de-deuda-y-acusaciones-de-extorsion\/"},"wordCount":930,"publisher":{"@id":"https:\/\/conexionnacional.mx\/#organization"},"image":{"@id":"https:\/\/conexionnacional.mx\/index.php\/2024\/03\/21\/amlo-vs-salinas-pliego-63000-millones-de-deuda-y-acusaciones-de-extorsion\/#primaryimage"},"thumbnailUrl":"https:\/\/conexionnacional.mx\/wp-content\/uploads\/2024\/03\/AMLO-y-Salinas-Pliego.webp","keywords":["AMLO","Salinas Pliego"],"articleSection":["Nacional"],"inLanguage":"es"},{"@type":"WebPage","@id":"https:\/\/conexionnacional.mx\/index.php\/2024\/03\/21\/amlo-vs-salinas-pliego-63000-millones-de-deuda-y-acusaciones-de-extorsion\/","url":"https:\/\/conexionnacional.mx\/index.php\/2024\/03\/21\/amlo-vs-salinas-pliego-63000-millones-de-deuda-y-acusaciones-de-extorsion\/","name":"AMLO vs Salinas Pliego: 63,000 millones de deuda y acusaciones de extorsi\u00f3n |","isPartOf":{"@id":"https:\/\/conexionnacional.mx\/#website"},"primaryImageOfPage":{"@id":"https:\/\/conexionnacional.mx\/index.php\/2024\/03\/21\/amlo-vs-salinas-pliego-63000-millones-de-deuda-y-acusaciones-de-extorsion\/#primaryimage"},"image":{"@id":"https:\/\/conexionnacional.mx\/index.php\/2024\/03\/21\/amlo-vs-salinas-pliego-63000-millones-de-deuda-y-acusaciones-de-extorsion\/#primaryimage"},"thumbnailUrl":"https:\/\/conexionnacional.mx\/wp-content\/uploads\/2024\/03\/AMLO-y-Salinas-Pliego.webp","datePublished":"2024-03-21T19:57:50+00:00","dateModified":"2024-03-21T19:57:53+00:00","breadcrumb":{"@id":"https:\/\/conexionnacional.mx\/index.php\/2024\/03\/21\/amlo-vs-salinas-pliego-63000-millones-de-deuda-y-acusaciones-de-extorsion\/#breadcrumb"},"inLanguage":"es","potentialAction":[{"@type":"ReadAction","target":["https:\/\/conexionnacional.mx\/index.php\/2024\/03\/21\/amlo-vs-salinas-pliego-63000-millones-de-deuda-y-acusaciones-de-extorsion\/"]}]},{"@type":"ImageObject","inLanguage":"es","@id":"https:\/\/conexionnacional.mx\/index.php\/2024\/03\/21\/amlo-vs-salinas-pliego-63000-millones-de-deuda-y-acusaciones-de-extorsion\/#primaryimage","url":"https:\/\/conexionnacional.mx\/wp-content\/uploads\/2024\/03\/AMLO-y-Salinas-Pliego.webp","contentUrl":"https:\/\/conexionnacional.mx\/wp-content\/uploads\/2024\/03\/AMLO-y-Salinas-Pliego.webp","width":1024,"height":531},{"@type":"BreadcrumbList","@id":"https:\/\/conexionnacional.mx\/index.php\/2024\/03\/21\/amlo-vs-salinas-pliego-63000-millones-de-deuda-y-acusaciones-de-extorsion\/#breadcrumb","itemListElement":[{"@type":"ListItem","position":1,"name":"Inicio","item":"https:\/\/conexionnacional.mx\/"},{"@type":"ListItem","position":2,"name":"AMLO vs Salinas Pliego: 63,000 millones de deuda y acusaciones de extorsi\u00f3n"}]},{"@type":"WebSite","@id":"https:\/\/conexionnacional.mx\/#website","url":"https:\/\/conexionnacional.mx\/","name":"Conexi\u00f3n Nacional","description":"Noticias al momento","publisher":{"@id":"https:\/\/conexionnacional.mx\/#organization"},"alternateName":"Noticias nacionales","potentialAction":[{"@type":"SearchAction","target":{"@type":"EntryPoint","urlTemplate":"https:\/\/conexionnacional.mx\/?s={search_term_string}"},"query-input":{"@type":"PropertyValueSpecification","valueRequired":true,"valueName":"search_term_string"}}],"inLanguage":"es"},{"@type":"Organization","@id":"https:\/\/conexionnacional.mx\/#organization","name":"Conexi\u00f3n Nacional","url":"https:\/\/conexionnacional.mx\/","logo":{"@type":"ImageObject","inLanguage":"es","@id":"https:\/\/conexionnacional.mx\/#\/schema\/logo\/image\/","url":"https:\/\/conexionnacional.mx\/wp-content\/uploads\/2022\/09\/conexion_nacional.png","contentUrl":"https:\/\/conexionnacional.mx\/wp-content\/uploads\/2022\/09\/conexion_nacional.png","width":2964,"height":1173,"caption":"Conexi\u00f3n Nacional"},"image":{"@id":"https:\/\/conexionnacional.mx\/#\/schema\/logo\/image\/"},"sameAs":["https:\/\/www.facebook.com\/cnmxradio"]},{"@type":"Person","@id":"https:\/\/conexionnacional.mx\/#\/schema\/person\/dd14aeda902120f5e0e021903fdb6931","name":"Conexi\u00f3n Nacional","image":{"@type":"ImageObject","inLanguage":"es","@id":"https:\/\/secure.gravatar.com\/avatar\/e523100f284110b2ecca7e17b2be9cf140a5e8f35294c9ec0543e6916cc1f9be?s=96&d=blank&r=g","url":"https:\/\/secure.gravatar.com\/avatar\/e523100f284110b2ecca7e17b2be9cf140a5e8f35294c9ec0543e6916cc1f9be?s=96&d=blank&r=g","contentUrl":"https:\/\/secure.gravatar.com\/avatar\/e523100f284110b2ecca7e17b2be9cf140a5e8f35294c9ec0543e6916cc1f9be?s=96&d=blank&r=g","caption":"Conexi\u00f3n Nacional"},"sameAs":["https:\/\/conexionnacional.mx"],"url":"https:\/\/conexionnacional.mx\/index.php\/author\/administrador\/"}]}},"_links":{"self":[{"href":"https:\/\/conexionnacional.mx\/index.php\/wp-json\/wp\/v2\/posts\/19812","targetHints":{"allow":["GET"]}}],"collection":[{"href":"https:\/\/conexionnacional.mx\/index.php\/wp-json\/wp\/v2\/posts"}],"about":[{"href":"https:\/\/conexionnacional.mx\/index.php\/wp-json\/wp\/v2\/types\/post"}],"author":[{"embeddable":true,"href":"https:\/\/conexionnacional.mx\/index.php\/wp-json\/wp\/v2\/users\/1"}],"replies":[{"embeddable":true,"href":"https:\/\/conexionnacional.mx\/index.php\/wp-json\/wp\/v2\/comments?post=19812"}],"version-history":[{"count":1,"href":"https:\/\/conexionnacional.mx\/index.php\/wp-json\/wp\/v2\/posts\/19812\/revisions"}],"predecessor-version":[{"id":19814,"href":"https:\/\/conexionnacional.mx\/index.php\/wp-json\/wp\/v2\/posts\/19812\/revisions\/19814"}],"wp:featuredmedia":[{"embeddable":true,"href":"https:\/\/conexionnacional.mx\/index.php\/wp-json\/wp\/v2\/media\/19813"}],"wp:attachment":[{"href":"https:\/\/conexionnacional.mx\/index.php\/wp-json\/wp\/v2\/media?parent=19812"}],"wp:term":[{"taxonomy":"category","embeddable":true,"href":"https:\/\/conexionnacional.mx\/index.php\/wp-json\/wp\/v2\/categories?post=19812"},{"taxonomy":"post_tag","embeddable":true,"href":"https:\/\/conexionnacional.mx\/index.php\/wp-json\/wp\/v2\/tags?post=19812"}],"curies":[{"name":"wp","href":"https:\/\/api.w.org\/{rel}","templated":true}]}}