{"id":19603,"date":"2024-03-08T11:47:21","date_gmt":"2024-03-08T17:47:21","guid":{"rendered":"https:\/\/conexionnacional.mx\/?p=19603"},"modified":"2024-03-08T11:47:22","modified_gmt":"2024-03-08T17:47:22","slug":"listado-de-todas-las-tarjetas-bbva-que-seran-canceladas","status":"publish","type":"post","link":"https:\/\/conexionnacional.mx\/index.php\/2024\/03\/08\/listado-de-todas-las-tarjetas-bbva-que-seran-canceladas\/","title":{"rendered":"Listado de todas las tarjetas BBVA que ser\u00e1n canceladas"},"content":{"rendered":"\n<p><strong>BBVA&nbsp;<\/strong>ha anunciado la posible eliminaci\u00f3n de m\u00faltiples cuentas de d\u00e9bito que han permanecido inactivas por un periodo prolongado o que no cumplen con los requisitos de saldo m\u00ednimo estipulados en los contratos bancarios. Esta medida ha generado cierta inquietud entre los clientes de la instituci\u00f3n financiera. \u00bfCrees que tu tarjeta podr\u00eda ser cancelada? Qu\u00e9date para conocer todos los detalles.<\/p>\n\n\n\n<p>Como te lo venimos mencionando,&nbsp;<strong>BBVA&nbsp;<\/strong>ha anunciado la cancelaci\u00f3n de cuentas de d\u00e9bito que no cumplan con dos requisitos:<\/p>\n\n\n\n<ol class=\"wp-block-list\">\n<li>Inactividad: Cuentas sin actividad en los \u00faltimos tres meses consecutivos (hasta el 15 de marzo).<\/li>\n\n\n\n<li>Saldo m\u00ednimo: Cuentas con saldo cero.<\/li>\n<\/ol>\n\n\n\n<h2 class=\"wp-block-heading\">\u00bfQu\u00e9 tarjetas BBVA se ver\u00e1n afectadas?<\/h2>\n\n\n\n<figure class=\"wp-block-image\"><img decoding=\"async\" src=\"data:image\/gif;base64,R0lGODlhAQABAAAAACH5BAEKAAEALAAAAAABAAEAAAICTAEAOw==\" data-src=\"https:\/\/laverdadnoticias.com\/export\/sites\/laverdad\/img\/2024\/03\/06\/bbva.jpg_918433793.jpg\" alt=\"\u00bfQu\u00e9 tarjetas BBVA se ver\u00e1n afectadas?\" class=\"lazyload\" title=\"\u00bfQu\u00e9 tarjetas BBVA se ver\u00e1n afectadas?\"\/><figcaption class=\"wp-element-caption\">Listado de las tarjetas BBVA que ser\u00e1n canceladas.<\/figcaption><\/figure>\n\n\n\n<p>Las tarjetas del banco&nbsp;<strong>BBVA&nbsp;<\/strong>que se ver\u00e1n afectadas si no cumplen con los requisitos antes mencionados, son las siguientes:<\/p>\n\n\n\n<ul class=\"wp-block-list\">\n<li>Libret\u00f3n B\u00e1sico<\/li>\n\n\n\n<li>Tarjeta B\u00e1sica BBVA<\/li>\n\n\n\n<li>Tarjeta N\u00f3mina BBVA<\/li>\n\n\n\n<li>El Libret\u00f3n (que incluye diversas variantes como Libret\u00f3n individual, Grupal, N\u00f3mina, Colectiva, Hipoteca y Fundaci\u00f3n)<\/li>\n\n\n\n<li>BBVA Libret\u00f3n 2.0<\/li>\n\n\n\n<li>Libret\u00f3n Premium<\/li>\n\n\n\n<li>Mi Despensa<\/li>\n\n\n\n<li>Membres\u00eda BP Link Card (Winner Card)<\/li>\n\n\n\n<li>Maestra PyME<\/li>\n\n\n\n<li>Soluci\u00f3n Personal<\/li>\n\n\n\n<li>Tarjeta de Pagos<\/li>\n\n\n\n<li>Contigo BBVA<\/li>\n\n\n\n<li>Maestra Particulares<\/li>\n\n\n\n<li>Env\u00edos de Dinero<\/li>\n\n\n\n<li>Cuenta Express<\/li>\n\n\n\n<li>Libret\u00f3n D\u00f3lares<\/li>\n\n\n\n<li>Maestra D\u00f3lares Frontera<\/li>\n\n\n\n<li>Maestra D\u00f3lares PyME<\/li>\n\n\n\n<li>Maestra Patrimonial D\u00f3lares<\/li>\n<\/ul>\n\n\n\n<p><strong>\u00bfC\u00f3mo puedo saber si mi tarjeta est\u00e1 en riesgo?<\/strong><\/p>\n\n\n\n<p>Si sospechas que tu tarjeta podr\u00eda estar en riesgo, lo que debes de hacer es revisar\u00a0tu correo electr\u00f3nico y la banca m\u00f3vil, ya que\u00a0BBVA te notificar\u00e1 si tu tarjeta est\u00e1 en riesgo de cancelaci\u00f3n.\u00a0Verifica si has usado tu tarjeta en los \u00faltimos tres meses. Consulta tu saldo, pues, si el saldo de tu tarjeta es cero, podr\u00eda estar en riesgo.<\/p>\n\n\n\n<h2 class=\"wp-block-heading\">\u00bfC\u00f3mo puedo evitar la cancelaci\u00f3n de mi tarjeta BBVA?<\/h2>\n\n\n\n<p>Todos pueden llegar a tener diferentes motivos para no haber utilizado su\u00a0tarjeta\u00a0BBVA\u00a0en 3 meses y tenerla en saldo cero, no obstante, existe una forma de evitar la cancelaci\u00f3n de tu tarjeta, lo \u00fanico\u00a0que tienes que hacer es realizar un dep\u00f3sito o transferencia a la tarjeta antes del 15 de marzo, de esta forma, tu banco sabr\u00e1 que tu tarjeta todav\u00eda se encuentra en uso.<\/p>\n","protected":false},"excerpt":{"rendered":"<p>BBVA&nbsp;ha anunciado la posible eliminaci\u00f3n de m\u00faltiples cuentas de d\u00e9bito que han permanecido inactivas por un periodo prolongado o que no cumplen con los requisitos de saldo m\u00ednimo estipulados en los contratos bancarios. Esta medida ha generado cierta inquietud entre los clientes de la instituci\u00f3n financiera. \u00bfCrees que tu tarjeta podr\u00eda ser cancelada? Qu\u00e9date para [&hellip;]<\/p>\n","protected":false},"author":1,"featured_media":19604,"comment_status":"closed","ping_status":"closed","sticky":false,"template":"","format":"aside","meta":{"googlesitekit_rrm_CAowytPeCw:productID":"","footnotes":""},"categories":[3],"tags":[427],"class_list":["post-19603","post","type-post","status-publish","format-aside","has-post-thumbnail","hentry","category-nacional","tag-bbva","post_format-post-format-aside"],"yoast_head":"<!-- This site is optimized with the Yoast SEO plugin v27.4 - https:\/\/yoast.com\/product\/yoast-seo-wordpress\/ -->\n<title>Listado de todas las tarjetas BBVA que ser\u00e1n canceladas |<\/title>\n<meta name=\"robots\" content=\"index, follow, max-snippet:-1, max-image-preview:large, max-video-preview:-1\" \/>\n<link rel=\"canonical\" href=\"https:\/\/conexionnacional.mx\/index.php\/2024\/03\/08\/listado-de-todas-las-tarjetas-bbva-que-seran-canceladas\/\" \/>\n<meta property=\"og:locale\" content=\"es_MX\" \/>\n<meta property=\"og:type\" content=\"article\" \/>\n<meta property=\"og:title\" content=\"Listado de todas las tarjetas BBVA que ser\u00e1n canceladas |\" \/>\n<meta property=\"og:description\" content=\"BBVA&nbsp;ha anunciado la posible eliminaci\u00f3n de m\u00faltiples cuentas de d\u00e9bito que han permanecido inactivas por un periodo prolongado o que no cumplen con los requisitos de saldo m\u00ednimo estipulados en los contratos bancarios. Esta medida ha generado cierta inquietud entre los clientes de la instituci\u00f3n financiera. \u00bfCrees que tu tarjeta podr\u00eda ser cancelada? Qu\u00e9date para [&hellip;]\" \/>\n<meta property=\"og:url\" content=\"https:\/\/conexionnacional.mx\/index.php\/2024\/03\/08\/listado-de-todas-las-tarjetas-bbva-que-seran-canceladas\/\" \/>\n<meta property=\"og:site_name\" content=\"Conexi\u00f3n Nacional\" \/>\n<meta property=\"article:publisher\" content=\"https:\/\/www.facebook.com\/cnmxradio\" \/>\n<meta property=\"article:published_time\" content=\"2024-03-08T17:47:21+00:00\" \/>\n<meta property=\"article:modified_time\" content=\"2024-03-08T17:47:22+00:00\" \/>\n<meta property=\"og:image\" content=\"https:\/\/conexionnacional.mx\/wp-content\/uploads\/2024\/03\/tarjetas_bbva.jpg_793492074.webp\" \/>\n\t<meta property=\"og:image:width\" content=\"718\" \/>\n\t<meta property=\"og:image:height\" content=\"452\" \/>\n\t<meta property=\"og:image:type\" content=\"image\/webp\" \/>\n<meta name=\"author\" content=\"Conexi\u00f3n Nacional\" \/>\n<meta name=\"twitter:card\" content=\"summary_large_image\" \/>\n<meta name=\"twitter:label1\" content=\"Escrito por\" \/>\n\t<meta name=\"twitter:data1\" content=\"Conexi\u00f3n Nacional\" \/>\n\t<meta name=\"twitter:label2\" content=\"Tiempo de lectura\" \/>\n\t<meta name=\"twitter:data2\" content=\"2 minutos\" \/>\n<script type=\"application\/ld+json\" class=\"yoast-schema-graph\">{\"@context\":\"https:\\\/\\\/schema.org\",\"@graph\":[{\"@type\":\"Article\",\"@id\":\"https:\\\/\\\/conexionnacional.mx\\\/index.php\\\/2024\\\/03\\\/08\\\/listado-de-todas-las-tarjetas-bbva-que-seran-canceladas\\\/#article\",\"isPartOf\":{\"@id\":\"https:\\\/\\\/conexionnacional.mx\\\/index.php\\\/2024\\\/03\\\/08\\\/listado-de-todas-las-tarjetas-bbva-que-seran-canceladas\\\/\"},\"author\":{\"name\":\"Conexi\u00f3n Nacional\",\"@id\":\"https:\\\/\\\/conexionnacional.mx\\\/#\\\/schema\\\/person\\\/dd14aeda902120f5e0e021903fdb6931\"},\"headline\":\"Listado de todas las tarjetas BBVA que ser\u00e1n canceladas\",\"datePublished\":\"2024-03-08T17:47:21+00:00\",\"dateModified\":\"2024-03-08T17:47:22+00:00\",\"mainEntityOfPage\":{\"@id\":\"https:\\\/\\\/conexionnacional.mx\\\/index.php\\\/2024\\\/03\\\/08\\\/listado-de-todas-las-tarjetas-bbva-que-seran-canceladas\\\/\"},\"wordCount\":400,\"publisher\":{\"@id\":\"https:\\\/\\\/conexionnacional.mx\\\/#organization\"},\"image\":{\"@id\":\"https:\\\/\\\/conexionnacional.mx\\\/index.php\\\/2024\\\/03\\\/08\\\/listado-de-todas-las-tarjetas-bbva-que-seran-canceladas\\\/#primaryimage\"},\"thumbnailUrl\":\"https:\\\/\\\/conexionnacional.mx\\\/wp-content\\\/uploads\\\/2024\\\/03\\\/tarjetas_bbva.jpg_793492074.webp\",\"keywords\":[\"BBVA\"],\"articleSection\":[\"Nacional\"],\"inLanguage\":\"es\"},{\"@type\":\"WebPage\",\"@id\":\"https:\\\/\\\/conexionnacional.mx\\\/index.php\\\/2024\\\/03\\\/08\\\/listado-de-todas-las-tarjetas-bbva-que-seran-canceladas\\\/\",\"url\":\"https:\\\/\\\/conexionnacional.mx\\\/index.php\\\/2024\\\/03\\\/08\\\/listado-de-todas-las-tarjetas-bbva-que-seran-canceladas\\\/\",\"name\":\"Listado de todas las tarjetas BBVA que ser\u00e1n canceladas |\",\"isPartOf\":{\"@id\":\"https:\\\/\\\/conexionnacional.mx\\\/#website\"},\"primaryImageOfPage\":{\"@id\":\"https:\\\/\\\/conexionnacional.mx\\\/index.php\\\/2024\\\/03\\\/08\\\/listado-de-todas-las-tarjetas-bbva-que-seran-canceladas\\\/#primaryimage\"},\"image\":{\"@id\":\"https:\\\/\\\/conexionnacional.mx\\\/index.php\\\/2024\\\/03\\\/08\\\/listado-de-todas-las-tarjetas-bbva-que-seran-canceladas\\\/#primaryimage\"},\"thumbnailUrl\":\"https:\\\/\\\/conexionnacional.mx\\\/wp-content\\\/uploads\\\/2024\\\/03\\\/tarjetas_bbva.jpg_793492074.webp\",\"datePublished\":\"2024-03-08T17:47:21+00:00\",\"dateModified\":\"2024-03-08T17:47:22+00:00\",\"breadcrumb\":{\"@id\":\"https:\\\/\\\/conexionnacional.mx\\\/index.php\\\/2024\\\/03\\\/08\\\/listado-de-todas-las-tarjetas-bbva-que-seran-canceladas\\\/#breadcrumb\"},\"inLanguage\":\"es\",\"potentialAction\":[{\"@type\":\"ReadAction\",\"target\":[\"https:\\\/\\\/conexionnacional.mx\\\/index.php\\\/2024\\\/03\\\/08\\\/listado-de-todas-las-tarjetas-bbva-que-seran-canceladas\\\/\"]}]},{\"@type\":\"ImageObject\",\"inLanguage\":\"es\",\"@id\":\"https:\\\/\\\/conexionnacional.mx\\\/index.php\\\/2024\\\/03\\\/08\\\/listado-de-todas-las-tarjetas-bbva-que-seran-canceladas\\\/#primaryimage\",\"url\":\"https:\\\/\\\/conexionnacional.mx\\\/wp-content\\\/uploads\\\/2024\\\/03\\\/tarjetas_bbva.jpg_793492074.webp\",\"contentUrl\":\"https:\\\/\\\/conexionnacional.mx\\\/wp-content\\\/uploads\\\/2024\\\/03\\\/tarjetas_bbva.jpg_793492074.webp\",\"width\":718,\"height\":452},{\"@type\":\"BreadcrumbList\",\"@id\":\"https:\\\/\\\/conexionnacional.mx\\\/index.php\\\/2024\\\/03\\\/08\\\/listado-de-todas-las-tarjetas-bbva-que-seran-canceladas\\\/#breadcrumb\",\"itemListElement\":[{\"@type\":\"ListItem\",\"position\":1,\"name\":\"Inicio\",\"item\":\"https:\\\/\\\/conexionnacional.mx\\\/\"},{\"@type\":\"ListItem\",\"position\":2,\"name\":\"Listado de todas las tarjetas BBVA que ser\u00e1n canceladas\"}]},{\"@type\":\"WebSite\",\"@id\":\"https:\\\/\\\/conexionnacional.mx\\\/#website\",\"url\":\"https:\\\/\\\/conexionnacional.mx\\\/\",\"name\":\"Conexi\u00f3n Nacional\",\"description\":\"Noticias al momento\",\"publisher\":{\"@id\":\"https:\\\/\\\/conexionnacional.mx\\\/#organization\"},\"alternateName\":\"Noticias nacionales\",\"potentialAction\":[{\"@type\":\"SearchAction\",\"target\":{\"@type\":\"EntryPoint\",\"urlTemplate\":\"https:\\\/\\\/conexionnacional.mx\\\/?s={search_term_string}\"},\"query-input\":{\"@type\":\"PropertyValueSpecification\",\"valueRequired\":true,\"valueName\":\"search_term_string\"}}],\"inLanguage\":\"es\"},{\"@type\":\"Organization\",\"@id\":\"https:\\\/\\\/conexionnacional.mx\\\/#organization\",\"name\":\"Conexi\u00f3n Nacional\",\"url\":\"https:\\\/\\\/conexionnacional.mx\\\/\",\"logo\":{\"@type\":\"ImageObject\",\"inLanguage\":\"es\",\"@id\":\"https:\\\/\\\/conexionnacional.mx\\\/#\\\/schema\\\/logo\\\/image\\\/\",\"url\":\"https:\\\/\\\/conexionnacional.mx\\\/wp-content\\\/uploads\\\/2022\\\/09\\\/conexion_nacional.png\",\"contentUrl\":\"https:\\\/\\\/conexionnacional.mx\\\/wp-content\\\/uploads\\\/2022\\\/09\\\/conexion_nacional.png\",\"width\":2964,\"height\":1173,\"caption\":\"Conexi\u00f3n Nacional\"},\"image\":{\"@id\":\"https:\\\/\\\/conexionnacional.mx\\\/#\\\/schema\\\/logo\\\/image\\\/\"},\"sameAs\":[\"https:\\\/\\\/www.facebook.com\\\/cnmxradio\"]},{\"@type\":\"Person\",\"@id\":\"https:\\\/\\\/conexionnacional.mx\\\/#\\\/schema\\\/person\\\/dd14aeda902120f5e0e021903fdb6931\",\"name\":\"Conexi\u00f3n Nacional\",\"image\":{\"@type\":\"ImageObject\",\"inLanguage\":\"es\",\"@id\":\"https:\\\/\\\/secure.gravatar.com\\\/avatar\\\/e523100f284110b2ecca7e17b2be9cf140a5e8f35294c9ec0543e6916cc1f9be?s=96&d=blank&r=g\",\"url\":\"https:\\\/\\\/secure.gravatar.com\\\/avatar\\\/e523100f284110b2ecca7e17b2be9cf140a5e8f35294c9ec0543e6916cc1f9be?s=96&d=blank&r=g\",\"contentUrl\":\"https:\\\/\\\/secure.gravatar.com\\\/avatar\\\/e523100f284110b2ecca7e17b2be9cf140a5e8f35294c9ec0543e6916cc1f9be?s=96&d=blank&r=g\",\"caption\":\"Conexi\u00f3n Nacional\"},\"sameAs\":[\"https:\\\/\\\/conexionnacional.mx\"],\"url\":\"https:\\\/\\\/conexionnacional.mx\\\/index.php\\\/author\\\/administrador\\\/\"}]}<\/script>\n<!-- \/ Yoast SEO plugin. -->","yoast_head_json":{"title":"Listado de todas las tarjetas BBVA que ser\u00e1n canceladas |","robots":{"index":"index","follow":"follow","max-snippet":"max-snippet:-1","max-image-preview":"max-image-preview:large","max-video-preview":"max-video-preview:-1"},"canonical":"https:\/\/conexionnacional.mx\/index.php\/2024\/03\/08\/listado-de-todas-las-tarjetas-bbva-que-seran-canceladas\/","og_locale":"es_MX","og_type":"article","og_title":"Listado de todas las tarjetas BBVA que ser\u00e1n canceladas |","og_description":"BBVA&nbsp;ha anunciado la posible eliminaci\u00f3n de m\u00faltiples cuentas de d\u00e9bito que han permanecido inactivas por un periodo prolongado o que no cumplen con los requisitos de saldo m\u00ednimo estipulados en los contratos bancarios. Esta medida ha generado cierta inquietud entre los clientes de la instituci\u00f3n financiera. \u00bfCrees que tu tarjeta podr\u00eda ser cancelada? Qu\u00e9date para [&hellip;]","og_url":"https:\/\/conexionnacional.mx\/index.php\/2024\/03\/08\/listado-de-todas-las-tarjetas-bbva-que-seran-canceladas\/","og_site_name":"Conexi\u00f3n Nacional","article_publisher":"https:\/\/www.facebook.com\/cnmxradio","article_published_time":"2024-03-08T17:47:21+00:00","article_modified_time":"2024-03-08T17:47:22+00:00","og_image":[{"width":718,"height":452,"url":"https:\/\/conexionnacional.mx\/wp-content\/uploads\/2024\/03\/tarjetas_bbva.jpg_793492074.webp","type":"image\/webp"}],"author":"Conexi\u00f3n Nacional","twitter_card":"summary_large_image","twitter_misc":{"Escrito por":"Conexi\u00f3n Nacional","Tiempo de lectura":"2 minutos"},"schema":{"@context":"https:\/\/schema.org","@graph":[{"@type":"Article","@id":"https:\/\/conexionnacional.mx\/index.php\/2024\/03\/08\/listado-de-todas-las-tarjetas-bbva-que-seran-canceladas\/#article","isPartOf":{"@id":"https:\/\/conexionnacional.mx\/index.php\/2024\/03\/08\/listado-de-todas-las-tarjetas-bbva-que-seran-canceladas\/"},"author":{"name":"Conexi\u00f3n Nacional","@id":"https:\/\/conexionnacional.mx\/#\/schema\/person\/dd14aeda902120f5e0e021903fdb6931"},"headline":"Listado de todas las tarjetas BBVA que ser\u00e1n canceladas","datePublished":"2024-03-08T17:47:21+00:00","dateModified":"2024-03-08T17:47:22+00:00","mainEntityOfPage":{"@id":"https:\/\/conexionnacional.mx\/index.php\/2024\/03\/08\/listado-de-todas-las-tarjetas-bbva-que-seran-canceladas\/"},"wordCount":400,"publisher":{"@id":"https:\/\/conexionnacional.mx\/#organization"},"image":{"@id":"https:\/\/conexionnacional.mx\/index.php\/2024\/03\/08\/listado-de-todas-las-tarjetas-bbva-que-seran-canceladas\/#primaryimage"},"thumbnailUrl":"https:\/\/conexionnacional.mx\/wp-content\/uploads\/2024\/03\/tarjetas_bbva.jpg_793492074.webp","keywords":["BBVA"],"articleSection":["Nacional"],"inLanguage":"es"},{"@type":"WebPage","@id":"https:\/\/conexionnacional.mx\/index.php\/2024\/03\/08\/listado-de-todas-las-tarjetas-bbva-que-seran-canceladas\/","url":"https:\/\/conexionnacional.mx\/index.php\/2024\/03\/08\/listado-de-todas-las-tarjetas-bbva-que-seran-canceladas\/","name":"Listado de todas las tarjetas BBVA que ser\u00e1n canceladas |","isPartOf":{"@id":"https:\/\/conexionnacional.mx\/#website"},"primaryImageOfPage":{"@id":"https:\/\/conexionnacional.mx\/index.php\/2024\/03\/08\/listado-de-todas-las-tarjetas-bbva-que-seran-canceladas\/#primaryimage"},"image":{"@id":"https:\/\/conexionnacional.mx\/index.php\/2024\/03\/08\/listado-de-todas-las-tarjetas-bbva-que-seran-canceladas\/#primaryimage"},"thumbnailUrl":"https:\/\/conexionnacional.mx\/wp-content\/uploads\/2024\/03\/tarjetas_bbva.jpg_793492074.webp","datePublished":"2024-03-08T17:47:21+00:00","dateModified":"2024-03-08T17:47:22+00:00","breadcrumb":{"@id":"https:\/\/conexionnacional.mx\/index.php\/2024\/03\/08\/listado-de-todas-las-tarjetas-bbva-que-seran-canceladas\/#breadcrumb"},"inLanguage":"es","potentialAction":[{"@type":"ReadAction","target":["https:\/\/conexionnacional.mx\/index.php\/2024\/03\/08\/listado-de-todas-las-tarjetas-bbva-que-seran-canceladas\/"]}]},{"@type":"ImageObject","inLanguage":"es","@id":"https:\/\/conexionnacional.mx\/index.php\/2024\/03\/08\/listado-de-todas-las-tarjetas-bbva-que-seran-canceladas\/#primaryimage","url":"https:\/\/conexionnacional.mx\/wp-content\/uploads\/2024\/03\/tarjetas_bbva.jpg_793492074.webp","contentUrl":"https:\/\/conexionnacional.mx\/wp-content\/uploads\/2024\/03\/tarjetas_bbva.jpg_793492074.webp","width":718,"height":452},{"@type":"BreadcrumbList","@id":"https:\/\/conexionnacional.mx\/index.php\/2024\/03\/08\/listado-de-todas-las-tarjetas-bbva-que-seran-canceladas\/#breadcrumb","itemListElement":[{"@type":"ListItem","position":1,"name":"Inicio","item":"https:\/\/conexionnacional.mx\/"},{"@type":"ListItem","position":2,"name":"Listado de todas las tarjetas BBVA que ser\u00e1n canceladas"}]},{"@type":"WebSite","@id":"https:\/\/conexionnacional.mx\/#website","url":"https:\/\/conexionnacional.mx\/","name":"Conexi\u00f3n Nacional","description":"Noticias al momento","publisher":{"@id":"https:\/\/conexionnacional.mx\/#organization"},"alternateName":"Noticias nacionales","potentialAction":[{"@type":"SearchAction","target":{"@type":"EntryPoint","urlTemplate":"https:\/\/conexionnacional.mx\/?s={search_term_string}"},"query-input":{"@type":"PropertyValueSpecification","valueRequired":true,"valueName":"search_term_string"}}],"inLanguage":"es"},{"@type":"Organization","@id":"https:\/\/conexionnacional.mx\/#organization","name":"Conexi\u00f3n Nacional","url":"https:\/\/conexionnacional.mx\/","logo":{"@type":"ImageObject","inLanguage":"es","@id":"https:\/\/conexionnacional.mx\/#\/schema\/logo\/image\/","url":"https:\/\/conexionnacional.mx\/wp-content\/uploads\/2022\/09\/conexion_nacional.png","contentUrl":"https:\/\/conexionnacional.mx\/wp-content\/uploads\/2022\/09\/conexion_nacional.png","width":2964,"height":1173,"caption":"Conexi\u00f3n Nacional"},"image":{"@id":"https:\/\/conexionnacional.mx\/#\/schema\/logo\/image\/"},"sameAs":["https:\/\/www.facebook.com\/cnmxradio"]},{"@type":"Person","@id":"https:\/\/conexionnacional.mx\/#\/schema\/person\/dd14aeda902120f5e0e021903fdb6931","name":"Conexi\u00f3n Nacional","image":{"@type":"ImageObject","inLanguage":"es","@id":"https:\/\/secure.gravatar.com\/avatar\/e523100f284110b2ecca7e17b2be9cf140a5e8f35294c9ec0543e6916cc1f9be?s=96&d=blank&r=g","url":"https:\/\/secure.gravatar.com\/avatar\/e523100f284110b2ecca7e17b2be9cf140a5e8f35294c9ec0543e6916cc1f9be?s=96&d=blank&r=g","contentUrl":"https:\/\/secure.gravatar.com\/avatar\/e523100f284110b2ecca7e17b2be9cf140a5e8f35294c9ec0543e6916cc1f9be?s=96&d=blank&r=g","caption":"Conexi\u00f3n Nacional"},"sameAs":["https:\/\/conexionnacional.mx"],"url":"https:\/\/conexionnacional.mx\/index.php\/author\/administrador\/"}]}},"_links":{"self":[{"href":"https:\/\/conexionnacional.mx\/index.php\/wp-json\/wp\/v2\/posts\/19603","targetHints":{"allow":["GET"]}}],"collection":[{"href":"https:\/\/conexionnacional.mx\/index.php\/wp-json\/wp\/v2\/posts"}],"about":[{"href":"https:\/\/conexionnacional.mx\/index.php\/wp-json\/wp\/v2\/types\/post"}],"author":[{"embeddable":true,"href":"https:\/\/conexionnacional.mx\/index.php\/wp-json\/wp\/v2\/users\/1"}],"replies":[{"embeddable":true,"href":"https:\/\/conexionnacional.mx\/index.php\/wp-json\/wp\/v2\/comments?post=19603"}],"version-history":[{"count":1,"href":"https:\/\/conexionnacional.mx\/index.php\/wp-json\/wp\/v2\/posts\/19603\/revisions"}],"predecessor-version":[{"id":19605,"href":"https:\/\/conexionnacional.mx\/index.php\/wp-json\/wp\/v2\/posts\/19603\/revisions\/19605"}],"wp:featuredmedia":[{"embeddable":true,"href":"https:\/\/conexionnacional.mx\/index.php\/wp-json\/wp\/v2\/media\/19604"}],"wp:attachment":[{"href":"https:\/\/conexionnacional.mx\/index.php\/wp-json\/wp\/v2\/media?parent=19603"}],"wp:term":[{"taxonomy":"category","embeddable":true,"href":"https:\/\/conexionnacional.mx\/index.php\/wp-json\/wp\/v2\/categories?post=19603"},{"taxonomy":"post_tag","embeddable":true,"href":"https:\/\/conexionnacional.mx\/index.php\/wp-json\/wp\/v2\/tags?post=19603"}],"curies":[{"name":"wp","href":"https:\/\/api.w.org\/{rel}","templated":true}]}}