{"id":19600,"date":"2024-03-08T11:43:58","date_gmt":"2024-03-08T17:43:58","guid":{"rendered":"https:\/\/conexionnacional.mx\/?p=19600"},"modified":"2024-03-08T11:43:59","modified_gmt":"2024-03-08T17:43:59","slug":"amlo-pide-que-marcha-por-el-dia-de-la-mujer-sea-pacifica-y-sin-capucha","status":"publish","type":"post","link":"https:\/\/conexionnacional.mx\/index.php\/2024\/03\/08\/amlo-pide-que-marcha-por-el-dia-de-la-mujer-sea-pacifica-y-sin-capucha\/","title":{"rendered":"AMLO pide que marcha por el D\u00eda de la Mujer sea pac\u00edfica y sin capucha"},"content":{"rendered":"\n<p>El presidente&nbsp;<strong>Andr\u00e9s Manuel L\u00f3pez Obrador<\/strong>&nbsp;hizo un llamado a que durante la marcha por el d\u00eda de la mujer de este viernes, no se usen artefactos explosivos o sopletes, as\u00ed como a no agredir a polic\u00edas que resguarden la movilizaci\u00f3n.<\/p>\n\n\n\n<p>En su conferencia ma\u00f1anera, realizada desde<strong>&nbsp;Michoac\u00e1n<\/strong>, el mandatario mexicano pidi\u00f3 a las manifestantes participar sin capucha, ya que &#8220;la libertad se conquista y hay que dar la cara&#8221;.<\/p>\n\n\n\n<blockquote class=\"wp-block-quote is-layout-flow wp-block-quote-is-layout-flow\">\n<p>\u201cQue se quiten la capucha, vivimos en un pa\u00eds libre\u201d.<\/p>\n<\/blockquote>\n\n\n\n<figure class=\"wp-block-image\"><img decoding=\"async\" src=\"data:image\/gif;base64,R0lGODlhAQABAAAAACH5BAEKAAEALAAAAAABAAEAAAICTAEAOw==\" data-src=\"https:\/\/laverdadnoticias.com\/export\/sites\/laverdad\/img\/2024\/03\/08\/whatsapp_image_2024-03-08_at_10_42_31_am.jpeg_1721998.jpeg\" alt=\"\" class=\"lazyload\" title=\"\"\/><\/figure>\n\n\n\n<blockquote class=\"wp-block-quote is-layout-flow wp-block-quote-is-layout-flow\">\n<p>\u201cCon todo respeto, desde luego que no es una orden, ni un mandato ni instrucci\u00f3n, es una recomendaci\u00f3n respetuosa, que se quiten la capucha, si vivimos en un pa\u00eds libre, \u00bfpara qu\u00e9 cubrirse? Y la libertad no se implora, se conquista, y hay que dar la cara, tambi\u00e9n para actuar con libertad y democracia, pero con el principio de la no violencia\u201d.<\/p>\n<\/blockquote>\n\n\n\n<p>La movilizaci\u00f3n por el&nbsp;<strong>D\u00eda de la Mujer<\/strong>&nbsp;se llevar\u00e1 a cabo en diversos estados de la&nbsp;<strong>Rep\u00fablica<\/strong>. En la&nbsp;<strong>Ciudad de M\u00e9xico<\/strong>, el personal del gobierno capitalino coloc\u00f3 desde la noche del martes vallas met\u00e1licas en diferentes monumentos como el \u00c1ngel de la Independencia y Palacio de Bellas Artes para protegerlos de posibles actos vand\u00e1licos.<\/p>\n","protected":false},"excerpt":{"rendered":"<p>El presidente&nbsp;Andr\u00e9s Manuel L\u00f3pez Obrador&nbsp;hizo un llamado a que durante la marcha por el d\u00eda de la mujer de este viernes, no se usen artefactos explosivos o sopletes, as\u00ed como a no agredir a polic\u00edas que resguarden la movilizaci\u00f3n. En su conferencia ma\u00f1anera, realizada desde&nbsp;Michoac\u00e1n, el mandatario mexicano pidi\u00f3 a las manifestantes participar sin capucha, [&hellip;]<\/p>\n","protected":false},"author":1,"featured_media":19601,"comment_status":"closed","ping_status":"closed","sticky":false,"template":"","format":"aside","meta":{"googlesitekit_rrm_CAowytPeCw:productID":"","footnotes":""},"categories":[3],"tags":[7],"class_list":["post-19600","post","type-post","status-publish","format-aside","has-post-thumbnail","hentry","category-nacional","tag-amlo","post_format-post-format-aside"],"yoast_head":"<!-- This site is optimized with the Yoast SEO plugin v27.4 - https:\/\/yoast.com\/product\/yoast-seo-wordpress\/ -->\n<title>AMLO pide que marcha por el D\u00eda de la Mujer sea pac\u00edfica y sin capucha |<\/title>\n<meta name=\"robots\" content=\"index, follow, max-snippet:-1, max-image-preview:large, max-video-preview:-1\" \/>\n<link rel=\"canonical\" href=\"https:\/\/conexionnacional.mx\/index.php\/2024\/03\/08\/amlo-pide-que-marcha-por-el-dia-de-la-mujer-sea-pacifica-y-sin-capucha\/\" \/>\n<meta property=\"og:locale\" content=\"es_MX\" \/>\n<meta property=\"og:type\" content=\"article\" \/>\n<meta property=\"og:title\" content=\"AMLO pide que marcha por el D\u00eda de la Mujer sea pac\u00edfica y sin capucha |\" \/>\n<meta property=\"og:description\" content=\"El presidente&nbsp;Andr\u00e9s Manuel L\u00f3pez Obrador&nbsp;hizo un llamado a que durante la marcha por el d\u00eda de la mujer de este viernes, no se usen artefactos explosivos o sopletes, as\u00ed como a no agredir a polic\u00edas que resguarden la movilizaci\u00f3n. En su conferencia ma\u00f1anera, realizada desde&nbsp;Michoac\u00e1n, el mandatario mexicano pidi\u00f3 a las manifestantes participar sin capucha, [&hellip;]\" \/>\n<meta property=\"og:url\" content=\"https:\/\/conexionnacional.mx\/index.php\/2024\/03\/08\/amlo-pide-que-marcha-por-el-dia-de-la-mujer-sea-pacifica-y-sin-capucha\/\" \/>\n<meta property=\"og:site_name\" content=\"Conexi\u00f3n Nacional\" \/>\n<meta property=\"article:publisher\" content=\"https:\/\/www.facebook.com\/cnmxradio\" \/>\n<meta property=\"article:published_time\" content=\"2024-03-08T17:43:58+00:00\" \/>\n<meta property=\"article:modified_time\" content=\"2024-03-08T17:43:59+00:00\" \/>\n<meta property=\"og:image\" content=\"https:\/\/conexionnacional.mx\/wp-content\/uploads\/2024\/03\/whatsapp_image_2024-03-08_at_8_00_38_am_1.jpeg_793492074.webp\" \/>\n\t<meta property=\"og:image:width\" content=\"718\" \/>\n\t<meta property=\"og:image:height\" content=\"452\" \/>\n\t<meta property=\"og:image:type\" content=\"image\/webp\" \/>\n<meta name=\"author\" content=\"Conexi\u00f3n Nacional\" \/>\n<meta name=\"twitter:card\" content=\"summary_large_image\" \/>\n<meta name=\"twitter:label1\" content=\"Escrito por\" \/>\n\t<meta name=\"twitter:data1\" content=\"Conexi\u00f3n Nacional\" \/>\n\t<meta name=\"twitter:label2\" content=\"Tiempo de lectura\" \/>\n\t<meta name=\"twitter:data2\" content=\"1 minuto\" \/>\n<script type=\"application\/ld+json\" class=\"yoast-schema-graph\">{\"@context\":\"https:\\\/\\\/schema.org\",\"@graph\":[{\"@type\":\"Article\",\"@id\":\"https:\\\/\\\/conexionnacional.mx\\\/index.php\\\/2024\\\/03\\\/08\\\/amlo-pide-que-marcha-por-el-dia-de-la-mujer-sea-pacifica-y-sin-capucha\\\/#article\",\"isPartOf\":{\"@id\":\"https:\\\/\\\/conexionnacional.mx\\\/index.php\\\/2024\\\/03\\\/08\\\/amlo-pide-que-marcha-por-el-dia-de-la-mujer-sea-pacifica-y-sin-capucha\\\/\"},\"author\":{\"name\":\"Conexi\u00f3n Nacional\",\"@id\":\"https:\\\/\\\/conexionnacional.mx\\\/#\\\/schema\\\/person\\\/dd14aeda902120f5e0e021903fdb6931\"},\"headline\":\"AMLO pide que marcha por el D\u00eda de la Mujer sea pac\u00edfica y sin capucha\",\"datePublished\":\"2024-03-08T17:43:58+00:00\",\"dateModified\":\"2024-03-08T17:43:59+00:00\",\"mainEntityOfPage\":{\"@id\":\"https:\\\/\\\/conexionnacional.mx\\\/index.php\\\/2024\\\/03\\\/08\\\/amlo-pide-que-marcha-por-el-dia-de-la-mujer-sea-pacifica-y-sin-capucha\\\/\"},\"wordCount\":240,\"publisher\":{\"@id\":\"https:\\\/\\\/conexionnacional.mx\\\/#organization\"},\"image\":{\"@id\":\"https:\\\/\\\/conexionnacional.mx\\\/index.php\\\/2024\\\/03\\\/08\\\/amlo-pide-que-marcha-por-el-dia-de-la-mujer-sea-pacifica-y-sin-capucha\\\/#primaryimage\"},\"thumbnailUrl\":\"https:\\\/\\\/conexionnacional.mx\\\/wp-content\\\/uploads\\\/2024\\\/03\\\/whatsapp_image_2024-03-08_at_8_00_38_am_1.jpeg_793492074.webp\",\"keywords\":[\"AMLO\"],\"articleSection\":[\"Nacional\"],\"inLanguage\":\"es\"},{\"@type\":\"WebPage\",\"@id\":\"https:\\\/\\\/conexionnacional.mx\\\/index.php\\\/2024\\\/03\\\/08\\\/amlo-pide-que-marcha-por-el-dia-de-la-mujer-sea-pacifica-y-sin-capucha\\\/\",\"url\":\"https:\\\/\\\/conexionnacional.mx\\\/index.php\\\/2024\\\/03\\\/08\\\/amlo-pide-que-marcha-por-el-dia-de-la-mujer-sea-pacifica-y-sin-capucha\\\/\",\"name\":\"AMLO pide que marcha por el D\u00eda de la Mujer sea pac\u00edfica y sin capucha |\",\"isPartOf\":{\"@id\":\"https:\\\/\\\/conexionnacional.mx\\\/#website\"},\"primaryImageOfPage\":{\"@id\":\"https:\\\/\\\/conexionnacional.mx\\\/index.php\\\/2024\\\/03\\\/08\\\/amlo-pide-que-marcha-por-el-dia-de-la-mujer-sea-pacifica-y-sin-capucha\\\/#primaryimage\"},\"image\":{\"@id\":\"https:\\\/\\\/conexionnacional.mx\\\/index.php\\\/2024\\\/03\\\/08\\\/amlo-pide-que-marcha-por-el-dia-de-la-mujer-sea-pacifica-y-sin-capucha\\\/#primaryimage\"},\"thumbnailUrl\":\"https:\\\/\\\/conexionnacional.mx\\\/wp-content\\\/uploads\\\/2024\\\/03\\\/whatsapp_image_2024-03-08_at_8_00_38_am_1.jpeg_793492074.webp\",\"datePublished\":\"2024-03-08T17:43:58+00:00\",\"dateModified\":\"2024-03-08T17:43:59+00:00\",\"breadcrumb\":{\"@id\":\"https:\\\/\\\/conexionnacional.mx\\\/index.php\\\/2024\\\/03\\\/08\\\/amlo-pide-que-marcha-por-el-dia-de-la-mujer-sea-pacifica-y-sin-capucha\\\/#breadcrumb\"},\"inLanguage\":\"es\",\"potentialAction\":[{\"@type\":\"ReadAction\",\"target\":[\"https:\\\/\\\/conexionnacional.mx\\\/index.php\\\/2024\\\/03\\\/08\\\/amlo-pide-que-marcha-por-el-dia-de-la-mujer-sea-pacifica-y-sin-capucha\\\/\"]}]},{\"@type\":\"ImageObject\",\"inLanguage\":\"es\",\"@id\":\"https:\\\/\\\/conexionnacional.mx\\\/index.php\\\/2024\\\/03\\\/08\\\/amlo-pide-que-marcha-por-el-dia-de-la-mujer-sea-pacifica-y-sin-capucha\\\/#primaryimage\",\"url\":\"https:\\\/\\\/conexionnacional.mx\\\/wp-content\\\/uploads\\\/2024\\\/03\\\/whatsapp_image_2024-03-08_at_8_00_38_am_1.jpeg_793492074.webp\",\"contentUrl\":\"https:\\\/\\\/conexionnacional.mx\\\/wp-content\\\/uploads\\\/2024\\\/03\\\/whatsapp_image_2024-03-08_at_8_00_38_am_1.jpeg_793492074.webp\",\"width\":718,\"height\":452},{\"@type\":\"BreadcrumbList\",\"@id\":\"https:\\\/\\\/conexionnacional.mx\\\/index.php\\\/2024\\\/03\\\/08\\\/amlo-pide-que-marcha-por-el-dia-de-la-mujer-sea-pacifica-y-sin-capucha\\\/#breadcrumb\",\"itemListElement\":[{\"@type\":\"ListItem\",\"position\":1,\"name\":\"Inicio\",\"item\":\"https:\\\/\\\/conexionnacional.mx\\\/\"},{\"@type\":\"ListItem\",\"position\":2,\"name\":\"AMLO pide que marcha por el D\u00eda de la Mujer sea pac\u00edfica y sin capucha\"}]},{\"@type\":\"WebSite\",\"@id\":\"https:\\\/\\\/conexionnacional.mx\\\/#website\",\"url\":\"https:\\\/\\\/conexionnacional.mx\\\/\",\"name\":\"Conexi\u00f3n Nacional\",\"description\":\"Noticias al momento\",\"publisher\":{\"@id\":\"https:\\\/\\\/conexionnacional.mx\\\/#organization\"},\"alternateName\":\"Noticias nacionales\",\"potentialAction\":[{\"@type\":\"SearchAction\",\"target\":{\"@type\":\"EntryPoint\",\"urlTemplate\":\"https:\\\/\\\/conexionnacional.mx\\\/?s={search_term_string}\"},\"query-input\":{\"@type\":\"PropertyValueSpecification\",\"valueRequired\":true,\"valueName\":\"search_term_string\"}}],\"inLanguage\":\"es\"},{\"@type\":\"Organization\",\"@id\":\"https:\\\/\\\/conexionnacional.mx\\\/#organization\",\"name\":\"Conexi\u00f3n Nacional\",\"url\":\"https:\\\/\\\/conexionnacional.mx\\\/\",\"logo\":{\"@type\":\"ImageObject\",\"inLanguage\":\"es\",\"@id\":\"https:\\\/\\\/conexionnacional.mx\\\/#\\\/schema\\\/logo\\\/image\\\/\",\"url\":\"https:\\\/\\\/conexionnacional.mx\\\/wp-content\\\/uploads\\\/2022\\\/09\\\/conexion_nacional.png\",\"contentUrl\":\"https:\\\/\\\/conexionnacional.mx\\\/wp-content\\\/uploads\\\/2022\\\/09\\\/conexion_nacional.png\",\"width\":2964,\"height\":1173,\"caption\":\"Conexi\u00f3n Nacional\"},\"image\":{\"@id\":\"https:\\\/\\\/conexionnacional.mx\\\/#\\\/schema\\\/logo\\\/image\\\/\"},\"sameAs\":[\"https:\\\/\\\/www.facebook.com\\\/cnmxradio\"]},{\"@type\":\"Person\",\"@id\":\"https:\\\/\\\/conexionnacional.mx\\\/#\\\/schema\\\/person\\\/dd14aeda902120f5e0e021903fdb6931\",\"name\":\"Conexi\u00f3n Nacional\",\"image\":{\"@type\":\"ImageObject\",\"inLanguage\":\"es\",\"@id\":\"https:\\\/\\\/secure.gravatar.com\\\/avatar\\\/e523100f284110b2ecca7e17b2be9cf140a5e8f35294c9ec0543e6916cc1f9be?s=96&d=blank&r=g\",\"url\":\"https:\\\/\\\/secure.gravatar.com\\\/avatar\\\/e523100f284110b2ecca7e17b2be9cf140a5e8f35294c9ec0543e6916cc1f9be?s=96&d=blank&r=g\",\"contentUrl\":\"https:\\\/\\\/secure.gravatar.com\\\/avatar\\\/e523100f284110b2ecca7e17b2be9cf140a5e8f35294c9ec0543e6916cc1f9be?s=96&d=blank&r=g\",\"caption\":\"Conexi\u00f3n Nacional\"},\"sameAs\":[\"https:\\\/\\\/conexionnacional.mx\"],\"url\":\"https:\\\/\\\/conexionnacional.mx\\\/index.php\\\/author\\\/administrador\\\/\"}]}<\/script>\n<!-- \/ Yoast SEO plugin. -->","yoast_head_json":{"title":"AMLO pide que marcha por el D\u00eda de la Mujer sea pac\u00edfica y sin capucha |","robots":{"index":"index","follow":"follow","max-snippet":"max-snippet:-1","max-image-preview":"max-image-preview:large","max-video-preview":"max-video-preview:-1"},"canonical":"https:\/\/conexionnacional.mx\/index.php\/2024\/03\/08\/amlo-pide-que-marcha-por-el-dia-de-la-mujer-sea-pacifica-y-sin-capucha\/","og_locale":"es_MX","og_type":"article","og_title":"AMLO pide que marcha por el D\u00eda de la Mujer sea pac\u00edfica y sin capucha |","og_description":"El presidente&nbsp;Andr\u00e9s Manuel L\u00f3pez Obrador&nbsp;hizo un llamado a que durante la marcha por el d\u00eda de la mujer de este viernes, no se usen artefactos explosivos o sopletes, as\u00ed como a no agredir a polic\u00edas que resguarden la movilizaci\u00f3n. En su conferencia ma\u00f1anera, realizada desde&nbsp;Michoac\u00e1n, el mandatario mexicano pidi\u00f3 a las manifestantes participar sin capucha, [&hellip;]","og_url":"https:\/\/conexionnacional.mx\/index.php\/2024\/03\/08\/amlo-pide-que-marcha-por-el-dia-de-la-mujer-sea-pacifica-y-sin-capucha\/","og_site_name":"Conexi\u00f3n Nacional","article_publisher":"https:\/\/www.facebook.com\/cnmxradio","article_published_time":"2024-03-08T17:43:58+00:00","article_modified_time":"2024-03-08T17:43:59+00:00","og_image":[{"width":718,"height":452,"url":"https:\/\/conexionnacional.mx\/wp-content\/uploads\/2024\/03\/whatsapp_image_2024-03-08_at_8_00_38_am_1.jpeg_793492074.webp","type":"image\/webp"}],"author":"Conexi\u00f3n Nacional","twitter_card":"summary_large_image","twitter_misc":{"Escrito por":"Conexi\u00f3n Nacional","Tiempo de lectura":"1 minuto"},"schema":{"@context":"https:\/\/schema.org","@graph":[{"@type":"Article","@id":"https:\/\/conexionnacional.mx\/index.php\/2024\/03\/08\/amlo-pide-que-marcha-por-el-dia-de-la-mujer-sea-pacifica-y-sin-capucha\/#article","isPartOf":{"@id":"https:\/\/conexionnacional.mx\/index.php\/2024\/03\/08\/amlo-pide-que-marcha-por-el-dia-de-la-mujer-sea-pacifica-y-sin-capucha\/"},"author":{"name":"Conexi\u00f3n Nacional","@id":"https:\/\/conexionnacional.mx\/#\/schema\/person\/dd14aeda902120f5e0e021903fdb6931"},"headline":"AMLO pide que marcha por el D\u00eda de la Mujer sea pac\u00edfica y sin capucha","datePublished":"2024-03-08T17:43:58+00:00","dateModified":"2024-03-08T17:43:59+00:00","mainEntityOfPage":{"@id":"https:\/\/conexionnacional.mx\/index.php\/2024\/03\/08\/amlo-pide-que-marcha-por-el-dia-de-la-mujer-sea-pacifica-y-sin-capucha\/"},"wordCount":240,"publisher":{"@id":"https:\/\/conexionnacional.mx\/#organization"},"image":{"@id":"https:\/\/conexionnacional.mx\/index.php\/2024\/03\/08\/amlo-pide-que-marcha-por-el-dia-de-la-mujer-sea-pacifica-y-sin-capucha\/#primaryimage"},"thumbnailUrl":"https:\/\/conexionnacional.mx\/wp-content\/uploads\/2024\/03\/whatsapp_image_2024-03-08_at_8_00_38_am_1.jpeg_793492074.webp","keywords":["AMLO"],"articleSection":["Nacional"],"inLanguage":"es"},{"@type":"WebPage","@id":"https:\/\/conexionnacional.mx\/index.php\/2024\/03\/08\/amlo-pide-que-marcha-por-el-dia-de-la-mujer-sea-pacifica-y-sin-capucha\/","url":"https:\/\/conexionnacional.mx\/index.php\/2024\/03\/08\/amlo-pide-que-marcha-por-el-dia-de-la-mujer-sea-pacifica-y-sin-capucha\/","name":"AMLO pide que marcha por el D\u00eda de la Mujer sea pac\u00edfica y sin capucha |","isPartOf":{"@id":"https:\/\/conexionnacional.mx\/#website"},"primaryImageOfPage":{"@id":"https:\/\/conexionnacional.mx\/index.php\/2024\/03\/08\/amlo-pide-que-marcha-por-el-dia-de-la-mujer-sea-pacifica-y-sin-capucha\/#primaryimage"},"image":{"@id":"https:\/\/conexionnacional.mx\/index.php\/2024\/03\/08\/amlo-pide-que-marcha-por-el-dia-de-la-mujer-sea-pacifica-y-sin-capucha\/#primaryimage"},"thumbnailUrl":"https:\/\/conexionnacional.mx\/wp-content\/uploads\/2024\/03\/whatsapp_image_2024-03-08_at_8_00_38_am_1.jpeg_793492074.webp","datePublished":"2024-03-08T17:43:58+00:00","dateModified":"2024-03-08T17:43:59+00:00","breadcrumb":{"@id":"https:\/\/conexionnacional.mx\/index.php\/2024\/03\/08\/amlo-pide-que-marcha-por-el-dia-de-la-mujer-sea-pacifica-y-sin-capucha\/#breadcrumb"},"inLanguage":"es","potentialAction":[{"@type":"ReadAction","target":["https:\/\/conexionnacional.mx\/index.php\/2024\/03\/08\/amlo-pide-que-marcha-por-el-dia-de-la-mujer-sea-pacifica-y-sin-capucha\/"]}]},{"@type":"ImageObject","inLanguage":"es","@id":"https:\/\/conexionnacional.mx\/index.php\/2024\/03\/08\/amlo-pide-que-marcha-por-el-dia-de-la-mujer-sea-pacifica-y-sin-capucha\/#primaryimage","url":"https:\/\/conexionnacional.mx\/wp-content\/uploads\/2024\/03\/whatsapp_image_2024-03-08_at_8_00_38_am_1.jpeg_793492074.webp","contentUrl":"https:\/\/conexionnacional.mx\/wp-content\/uploads\/2024\/03\/whatsapp_image_2024-03-08_at_8_00_38_am_1.jpeg_793492074.webp","width":718,"height":452},{"@type":"BreadcrumbList","@id":"https:\/\/conexionnacional.mx\/index.php\/2024\/03\/08\/amlo-pide-que-marcha-por-el-dia-de-la-mujer-sea-pacifica-y-sin-capucha\/#breadcrumb","itemListElement":[{"@type":"ListItem","position":1,"name":"Inicio","item":"https:\/\/conexionnacional.mx\/"},{"@type":"ListItem","position":2,"name":"AMLO pide que marcha por el D\u00eda de la Mujer sea pac\u00edfica y sin capucha"}]},{"@type":"WebSite","@id":"https:\/\/conexionnacional.mx\/#website","url":"https:\/\/conexionnacional.mx\/","name":"Conexi\u00f3n Nacional","description":"Noticias al momento","publisher":{"@id":"https:\/\/conexionnacional.mx\/#organization"},"alternateName":"Noticias nacionales","potentialAction":[{"@type":"SearchAction","target":{"@type":"EntryPoint","urlTemplate":"https:\/\/conexionnacional.mx\/?s={search_term_string}"},"query-input":{"@type":"PropertyValueSpecification","valueRequired":true,"valueName":"search_term_string"}}],"inLanguage":"es"},{"@type":"Organization","@id":"https:\/\/conexionnacional.mx\/#organization","name":"Conexi\u00f3n Nacional","url":"https:\/\/conexionnacional.mx\/","logo":{"@type":"ImageObject","inLanguage":"es","@id":"https:\/\/conexionnacional.mx\/#\/schema\/logo\/image\/","url":"https:\/\/conexionnacional.mx\/wp-content\/uploads\/2022\/09\/conexion_nacional.png","contentUrl":"https:\/\/conexionnacional.mx\/wp-content\/uploads\/2022\/09\/conexion_nacional.png","width":2964,"height":1173,"caption":"Conexi\u00f3n Nacional"},"image":{"@id":"https:\/\/conexionnacional.mx\/#\/schema\/logo\/image\/"},"sameAs":["https:\/\/www.facebook.com\/cnmxradio"]},{"@type":"Person","@id":"https:\/\/conexionnacional.mx\/#\/schema\/person\/dd14aeda902120f5e0e021903fdb6931","name":"Conexi\u00f3n Nacional","image":{"@type":"ImageObject","inLanguage":"es","@id":"https:\/\/secure.gravatar.com\/avatar\/e523100f284110b2ecca7e17b2be9cf140a5e8f35294c9ec0543e6916cc1f9be?s=96&d=blank&r=g","url":"https:\/\/secure.gravatar.com\/avatar\/e523100f284110b2ecca7e17b2be9cf140a5e8f35294c9ec0543e6916cc1f9be?s=96&d=blank&r=g","contentUrl":"https:\/\/secure.gravatar.com\/avatar\/e523100f284110b2ecca7e17b2be9cf140a5e8f35294c9ec0543e6916cc1f9be?s=96&d=blank&r=g","caption":"Conexi\u00f3n Nacional"},"sameAs":["https:\/\/conexionnacional.mx"],"url":"https:\/\/conexionnacional.mx\/index.php\/author\/administrador\/"}]}},"_links":{"self":[{"href":"https:\/\/conexionnacional.mx\/index.php\/wp-json\/wp\/v2\/posts\/19600","targetHints":{"allow":["GET"]}}],"collection":[{"href":"https:\/\/conexionnacional.mx\/index.php\/wp-json\/wp\/v2\/posts"}],"about":[{"href":"https:\/\/conexionnacional.mx\/index.php\/wp-json\/wp\/v2\/types\/post"}],"author":[{"embeddable":true,"href":"https:\/\/conexionnacional.mx\/index.php\/wp-json\/wp\/v2\/users\/1"}],"replies":[{"embeddable":true,"href":"https:\/\/conexionnacional.mx\/index.php\/wp-json\/wp\/v2\/comments?post=19600"}],"version-history":[{"count":1,"href":"https:\/\/conexionnacional.mx\/index.php\/wp-json\/wp\/v2\/posts\/19600\/revisions"}],"predecessor-version":[{"id":19602,"href":"https:\/\/conexionnacional.mx\/index.php\/wp-json\/wp\/v2\/posts\/19600\/revisions\/19602"}],"wp:featuredmedia":[{"embeddable":true,"href":"https:\/\/conexionnacional.mx\/index.php\/wp-json\/wp\/v2\/media\/19601"}],"wp:attachment":[{"href":"https:\/\/conexionnacional.mx\/index.php\/wp-json\/wp\/v2\/media?parent=19600"}],"wp:term":[{"taxonomy":"category","embeddable":true,"href":"https:\/\/conexionnacional.mx\/index.php\/wp-json\/wp\/v2\/categories?post=19600"},{"taxonomy":"post_tag","embeddable":true,"href":"https:\/\/conexionnacional.mx\/index.php\/wp-json\/wp\/v2\/tags?post=19600"}],"curies":[{"name":"wp","href":"https:\/\/api.w.org\/{rel}","templated":true}]}}