{"id":19597,"date":"2024-03-08T11:36:37","date_gmt":"2024-03-08T17:36:37","guid":{"rendered":"https:\/\/conexionnacional.mx\/?p=19597"},"modified":"2024-03-08T11:36:39","modified_gmt":"2024-03-08T17:36:39","slug":"atencion-usuarios-de-bbva-cancelaran-estas-cuentas-a-partir-del-15-de-marzo","status":"publish","type":"post","link":"https:\/\/conexionnacional.mx\/index.php\/2024\/03\/08\/atencion-usuarios-de-bbva-cancelaran-estas-cuentas-a-partir-del-15-de-marzo\/","title":{"rendered":"\u00a1Atenci\u00f3n usuarios de BBVA! Cancelar\u00e1n estas cuentas a partir del 15 de marzo"},"content":{"rendered":"\n<p><strong>BBVA M\u00e9xico<\/strong>&nbsp;ha anunciado la&nbsp;<strong>cancelaci\u00f3n de cuentas de d\u00e9bito<\/strong>&nbsp;que no cumplan con ciertos requisitos, a partir del<strong>&nbsp;15 de marzo de 2024.&nbsp;<\/strong>Esta medida se basa en la Ley para la Transparencia y Ordenamiento de los Servicios Financieros y forma parte de las disposiciones contractuales bancarias.<\/p>\n\n\n\n<p><strong>\u00bfQu\u00e9 cuentas ser\u00e1n canceladas?<\/strong><\/p>\n\n\n\n<ul class=\"wp-block-list\">\n<li>Cuentas inactivas por m\u00e1s de 3 meses.<\/li>\n\n\n\n<li>Cuentas con saldo de cero.<\/li>\n<\/ul>\n\n\n\n<h2 class=\"wp-block-heading\">Tarjetas de d\u00e9bito que se ver\u00e1n&nbsp;afectadas:<\/h2>\n\n\n\n<figure class=\"wp-block-image\"><img decoding=\"async\" src=\"data:image\/gif;base64,R0lGODlhAQABAAAAACH5BAEKAAEALAAAAAABAAEAAAICTAEAOw==\" data-src=\"https:\/\/laverdadnoticias.com\/export\/sites\/laverdad\/img\/2024\/03\/07\/tarjetas_bbva.jpg_1965650660.jpg\" alt=\"Tarjetas de BBVA que ser\u00e1n canceladas el 15 de marzo\" class=\"lazyload\" title=\"Tarjetas de BBVA que ser\u00e1n canceladas el 15 de marzo\"\/><figcaption class=\"wp-element-caption\">Tarjetas de BBVA que ser\u00e1n canceladas el 15 de marzo<\/figcaption><\/figure>\n\n\n\n<ul class=\"wp-block-list\">\n<li>Libret\u00f3n B\u00e1sico<\/li>\n\n\n\n<li>Tarjeta B\u00e1sica BBVA<\/li>\n\n\n\n<li>Tarjeta N\u00f3mina BBVA<\/li>\n\n\n\n<li>Libret\u00f3n (en sus diferentes variantes)<\/li>\n\n\n\n<li>BBVA Libret\u00f3n 2.0<\/li>\n\n\n\n<li>Libret\u00f3n Premium<\/li>\n\n\n\n<li>Mi Despensa<\/li>\n\n\n\n<li>Membres\u00eda BP Link Card (Winner Card)<\/li>\n\n\n\n<li>Maestra PyME<\/li>\n\n\n\n<li>Soluci\u00f3n Personal<\/li>\n\n\n\n<li>Tarjeta de Pagos<\/li>\n\n\n\n<li>Contigo BBVA<\/li>\n\n\n\n<li>Maestra Particulares<\/li>\n\n\n\n<li>Env\u00edos de Dinero<\/li>\n\n\n\n<li>Cuenta Express<\/li>\n\n\n\n<li>Libret\u00f3n D\u00f3lares<\/li>\n\n\n\n<li>Maestra D\u00f3lares Frontera<\/li>\n\n\n\n<li>Maestra D\u00f3lares PyME<\/li>\n\n\n\n<li>Maestra Patrimonial D\u00f3lares<\/li>\n<\/ul>\n\n\n\n<h2 class=\"wp-block-heading\">\u00bfC\u00f3mo saber si tu cuenta est\u00e1 en riesgo?<\/h2>\n\n\n\n<p>Si tu tarjeta ha estado<strong>&nbsp;inactiva o no ha recibido dep\u00f3sitos<\/strong>&nbsp;entre diciembre de 2023 y febrero de 2024, existe el riesgo de que sea cancelada. BBVA te notificar\u00e1 por correo electr\u00f3nico o en la banca m\u00f3vil.<\/p>\n\n\n\n<p><strong>\u00bfQu\u00e9 puedes hacer?<\/strong><\/p>\n\n\n\n<ul class=\"wp-block-list\">\n<li>Activa tu tarjeta realizando un dep\u00f3sito o transferencia.<\/li>\n\n\n\n<li>Cambia tu cuenta por una que se ajuste mejor a tus necesidades.<\/li>\n\n\n\n<li>Cancela la cuenta definitivamente.<\/li>\n<\/ul>\n\n\n\n<p>Para m\u00e1s informaci\u00f3n, consulta el&nbsp;<strong>contrato de BBVA<\/strong>&nbsp;para conocer las cl\u00e1usulas de&nbsp;<strong>cancelaci\u00f3n de cuentas&nbsp;<\/strong>o llama a la l\u00ednea bancaria al&nbsp;<strong>800 226 2663 o al 55 5226 2663&nbsp;<\/strong>si tienes dudas o necesitas aclaraciones.<\/p>\n\n\n\n<h2 class=\"wp-block-heading\">Calendario de cancelaciones:<\/h2>\n\n\n\n<ul class=\"wp-block-list\">\n<li>Diciembre 2023, enero y febrero 2024: 15 de marzo 2024<\/li>\n\n\n\n<li>Febrero, marzo, abril 2024: 17 de mayo 2024<\/li>\n<\/ul>\n\n\n\n<p>(Contin\u00faa la lista para cada trimestre)<\/p>\n\n\n\n<p>\u00a1Act\u00faa r\u00e1pido para evitar que tu cuenta sea cancelada!<\/p>\n","protected":false},"excerpt":{"rendered":"<p>BBVA M\u00e9xico&nbsp;ha anunciado la&nbsp;cancelaci\u00f3n de cuentas de d\u00e9bito&nbsp;que no cumplan con ciertos requisitos, a partir del&nbsp;15 de marzo de 2024.&nbsp;Esta medida se basa en la Ley para la Transparencia y Ordenamiento de los Servicios Financieros y forma parte de las disposiciones contractuales bancarias. \u00bfQu\u00e9 cuentas ser\u00e1n canceladas? Tarjetas de d\u00e9bito que se ver\u00e1n&nbsp;afectadas: \u00bfC\u00f3mo saber [&hellip;]<\/p>\n","protected":false},"author":1,"featured_media":19598,"comment_status":"closed","ping_status":"closed","sticky":false,"template":"","format":"aside","meta":{"googlesitekit_rrm_CAowytPeCw:productID":"","footnotes":""},"categories":[3],"tags":[427],"class_list":["post-19597","post","type-post","status-publish","format-aside","has-post-thumbnail","hentry","category-nacional","tag-bbva","post_format-post-format-aside"],"yoast_head":"<!-- This site is optimized with the Yoast SEO plugin v27.4 - https:\/\/yoast.com\/product\/yoast-seo-wordpress\/ -->\n<title>\u00a1Atenci\u00f3n usuarios de BBVA! Cancelar\u00e1n estas cuentas a partir del 15 de marzo |<\/title>\n<meta name=\"robots\" content=\"index, follow, max-snippet:-1, max-image-preview:large, max-video-preview:-1\" \/>\n<link rel=\"canonical\" href=\"https:\/\/conexionnacional.mx\/index.php\/2024\/03\/08\/atencion-usuarios-de-bbva-cancelaran-estas-cuentas-a-partir-del-15-de-marzo\/\" \/>\n<meta property=\"og:locale\" content=\"es_MX\" \/>\n<meta property=\"og:type\" content=\"article\" \/>\n<meta property=\"og:title\" content=\"\u00a1Atenci\u00f3n usuarios de BBVA! Cancelar\u00e1n estas cuentas a partir del 15 de marzo |\" \/>\n<meta property=\"og:description\" content=\"BBVA M\u00e9xico&nbsp;ha anunciado la&nbsp;cancelaci\u00f3n de cuentas de d\u00e9bito&nbsp;que no cumplan con ciertos requisitos, a partir del&nbsp;15 de marzo de 2024.&nbsp;Esta medida se basa en la Ley para la Transparencia y Ordenamiento de los Servicios Financieros y forma parte de las disposiciones contractuales bancarias. \u00bfQu\u00e9 cuentas ser\u00e1n canceladas? Tarjetas de d\u00e9bito que se ver\u00e1n&nbsp;afectadas: \u00bfC\u00f3mo saber [&hellip;]\" \/>\n<meta property=\"og:url\" content=\"https:\/\/conexionnacional.mx\/index.php\/2024\/03\/08\/atencion-usuarios-de-bbva-cancelaran-estas-cuentas-a-partir-del-15-de-marzo\/\" \/>\n<meta property=\"og:site_name\" content=\"Conexi\u00f3n Nacional\" \/>\n<meta property=\"article:publisher\" content=\"https:\/\/www.facebook.com\/cnmxradio\" \/>\n<meta property=\"article:published_time\" content=\"2024-03-08T17:36:37+00:00\" \/>\n<meta property=\"article:modified_time\" content=\"2024-03-08T17:36:39+00:00\" \/>\n<meta property=\"og:image\" content=\"https:\/\/conexionnacional.mx\/wp-content\/uploads\/2024\/03\/cancelacion_cuentas_bbva.jpg_793492074.webp\" \/>\n\t<meta property=\"og:image:width\" content=\"718\" \/>\n\t<meta property=\"og:image:height\" content=\"452\" \/>\n\t<meta property=\"og:image:type\" content=\"image\/webp\" \/>\n<meta name=\"author\" content=\"Conexi\u00f3n Nacional\" \/>\n<meta name=\"twitter:card\" content=\"summary_large_image\" \/>\n<meta name=\"twitter:label1\" content=\"Escrito por\" \/>\n\t<meta name=\"twitter:data1\" content=\"Conexi\u00f3n Nacional\" \/>\n\t<meta name=\"twitter:label2\" content=\"Tiempo de lectura\" \/>\n\t<meta name=\"twitter:data2\" content=\"2 minutos\" \/>\n<script type=\"application\/ld+json\" class=\"yoast-schema-graph\">{\"@context\":\"https:\\\/\\\/schema.org\",\"@graph\":[{\"@type\":\"Article\",\"@id\":\"https:\\\/\\\/conexionnacional.mx\\\/index.php\\\/2024\\\/03\\\/08\\\/atencion-usuarios-de-bbva-cancelaran-estas-cuentas-a-partir-del-15-de-marzo\\\/#article\",\"isPartOf\":{\"@id\":\"https:\\\/\\\/conexionnacional.mx\\\/index.php\\\/2024\\\/03\\\/08\\\/atencion-usuarios-de-bbva-cancelaran-estas-cuentas-a-partir-del-15-de-marzo\\\/\"},\"author\":{\"name\":\"Conexi\u00f3n Nacional\",\"@id\":\"https:\\\/\\\/conexionnacional.mx\\\/#\\\/schema\\\/person\\\/dd14aeda902120f5e0e021903fdb6931\"},\"headline\":\"\u00a1Atenci\u00f3n usuarios de BBVA! Cancelar\u00e1n estas cuentas a partir del 15 de marzo\",\"datePublished\":\"2024-03-08T17:36:37+00:00\",\"dateModified\":\"2024-03-08T17:36:39+00:00\",\"mainEntityOfPage\":{\"@id\":\"https:\\\/\\\/conexionnacional.mx\\\/index.php\\\/2024\\\/03\\\/08\\\/atencion-usuarios-de-bbva-cancelaran-estas-cuentas-a-partir-del-15-de-marzo\\\/\"},\"wordCount\":323,\"publisher\":{\"@id\":\"https:\\\/\\\/conexionnacional.mx\\\/#organization\"},\"image\":{\"@id\":\"https:\\\/\\\/conexionnacional.mx\\\/index.php\\\/2024\\\/03\\\/08\\\/atencion-usuarios-de-bbva-cancelaran-estas-cuentas-a-partir-del-15-de-marzo\\\/#primaryimage\"},\"thumbnailUrl\":\"https:\\\/\\\/conexionnacional.mx\\\/wp-content\\\/uploads\\\/2024\\\/03\\\/cancelacion_cuentas_bbva.jpg_793492074.webp\",\"keywords\":[\"BBVA\"],\"articleSection\":[\"Nacional\"],\"inLanguage\":\"es\"},{\"@type\":\"WebPage\",\"@id\":\"https:\\\/\\\/conexionnacional.mx\\\/index.php\\\/2024\\\/03\\\/08\\\/atencion-usuarios-de-bbva-cancelaran-estas-cuentas-a-partir-del-15-de-marzo\\\/\",\"url\":\"https:\\\/\\\/conexionnacional.mx\\\/index.php\\\/2024\\\/03\\\/08\\\/atencion-usuarios-de-bbva-cancelaran-estas-cuentas-a-partir-del-15-de-marzo\\\/\",\"name\":\"\u00a1Atenci\u00f3n usuarios de BBVA! Cancelar\u00e1n estas cuentas a partir del 15 de marzo |\",\"isPartOf\":{\"@id\":\"https:\\\/\\\/conexionnacional.mx\\\/#website\"},\"primaryImageOfPage\":{\"@id\":\"https:\\\/\\\/conexionnacional.mx\\\/index.php\\\/2024\\\/03\\\/08\\\/atencion-usuarios-de-bbva-cancelaran-estas-cuentas-a-partir-del-15-de-marzo\\\/#primaryimage\"},\"image\":{\"@id\":\"https:\\\/\\\/conexionnacional.mx\\\/index.php\\\/2024\\\/03\\\/08\\\/atencion-usuarios-de-bbva-cancelaran-estas-cuentas-a-partir-del-15-de-marzo\\\/#primaryimage\"},\"thumbnailUrl\":\"https:\\\/\\\/conexionnacional.mx\\\/wp-content\\\/uploads\\\/2024\\\/03\\\/cancelacion_cuentas_bbva.jpg_793492074.webp\",\"datePublished\":\"2024-03-08T17:36:37+00:00\",\"dateModified\":\"2024-03-08T17:36:39+00:00\",\"breadcrumb\":{\"@id\":\"https:\\\/\\\/conexionnacional.mx\\\/index.php\\\/2024\\\/03\\\/08\\\/atencion-usuarios-de-bbva-cancelaran-estas-cuentas-a-partir-del-15-de-marzo\\\/#breadcrumb\"},\"inLanguage\":\"es\",\"potentialAction\":[{\"@type\":\"ReadAction\",\"target\":[\"https:\\\/\\\/conexionnacional.mx\\\/index.php\\\/2024\\\/03\\\/08\\\/atencion-usuarios-de-bbva-cancelaran-estas-cuentas-a-partir-del-15-de-marzo\\\/\"]}]},{\"@type\":\"ImageObject\",\"inLanguage\":\"es\",\"@id\":\"https:\\\/\\\/conexionnacional.mx\\\/index.php\\\/2024\\\/03\\\/08\\\/atencion-usuarios-de-bbva-cancelaran-estas-cuentas-a-partir-del-15-de-marzo\\\/#primaryimage\",\"url\":\"https:\\\/\\\/conexionnacional.mx\\\/wp-content\\\/uploads\\\/2024\\\/03\\\/cancelacion_cuentas_bbva.jpg_793492074.webp\",\"contentUrl\":\"https:\\\/\\\/conexionnacional.mx\\\/wp-content\\\/uploads\\\/2024\\\/03\\\/cancelacion_cuentas_bbva.jpg_793492074.webp\",\"width\":718,\"height\":452},{\"@type\":\"BreadcrumbList\",\"@id\":\"https:\\\/\\\/conexionnacional.mx\\\/index.php\\\/2024\\\/03\\\/08\\\/atencion-usuarios-de-bbva-cancelaran-estas-cuentas-a-partir-del-15-de-marzo\\\/#breadcrumb\",\"itemListElement\":[{\"@type\":\"ListItem\",\"position\":1,\"name\":\"Inicio\",\"item\":\"https:\\\/\\\/conexionnacional.mx\\\/\"},{\"@type\":\"ListItem\",\"position\":2,\"name\":\"\u00a1Atenci\u00f3n usuarios de BBVA! Cancelar\u00e1n estas cuentas a partir del 15 de marzo\"}]},{\"@type\":\"WebSite\",\"@id\":\"https:\\\/\\\/conexionnacional.mx\\\/#website\",\"url\":\"https:\\\/\\\/conexionnacional.mx\\\/\",\"name\":\"Conexi\u00f3n Nacional\",\"description\":\"Noticias al momento\",\"publisher\":{\"@id\":\"https:\\\/\\\/conexionnacional.mx\\\/#organization\"},\"alternateName\":\"Noticias nacionales\",\"potentialAction\":[{\"@type\":\"SearchAction\",\"target\":{\"@type\":\"EntryPoint\",\"urlTemplate\":\"https:\\\/\\\/conexionnacional.mx\\\/?s={search_term_string}\"},\"query-input\":{\"@type\":\"PropertyValueSpecification\",\"valueRequired\":true,\"valueName\":\"search_term_string\"}}],\"inLanguage\":\"es\"},{\"@type\":\"Organization\",\"@id\":\"https:\\\/\\\/conexionnacional.mx\\\/#organization\",\"name\":\"Conexi\u00f3n Nacional\",\"url\":\"https:\\\/\\\/conexionnacional.mx\\\/\",\"logo\":{\"@type\":\"ImageObject\",\"inLanguage\":\"es\",\"@id\":\"https:\\\/\\\/conexionnacional.mx\\\/#\\\/schema\\\/logo\\\/image\\\/\",\"url\":\"https:\\\/\\\/conexionnacional.mx\\\/wp-content\\\/uploads\\\/2022\\\/09\\\/conexion_nacional.png\",\"contentUrl\":\"https:\\\/\\\/conexionnacional.mx\\\/wp-content\\\/uploads\\\/2022\\\/09\\\/conexion_nacional.png\",\"width\":2964,\"height\":1173,\"caption\":\"Conexi\u00f3n Nacional\"},\"image\":{\"@id\":\"https:\\\/\\\/conexionnacional.mx\\\/#\\\/schema\\\/logo\\\/image\\\/\"},\"sameAs\":[\"https:\\\/\\\/www.facebook.com\\\/cnmxradio\"]},{\"@type\":\"Person\",\"@id\":\"https:\\\/\\\/conexionnacional.mx\\\/#\\\/schema\\\/person\\\/dd14aeda902120f5e0e021903fdb6931\",\"name\":\"Conexi\u00f3n Nacional\",\"image\":{\"@type\":\"ImageObject\",\"inLanguage\":\"es\",\"@id\":\"https:\\\/\\\/secure.gravatar.com\\\/avatar\\\/e523100f284110b2ecca7e17b2be9cf140a5e8f35294c9ec0543e6916cc1f9be?s=96&d=blank&r=g\",\"url\":\"https:\\\/\\\/secure.gravatar.com\\\/avatar\\\/e523100f284110b2ecca7e17b2be9cf140a5e8f35294c9ec0543e6916cc1f9be?s=96&d=blank&r=g\",\"contentUrl\":\"https:\\\/\\\/secure.gravatar.com\\\/avatar\\\/e523100f284110b2ecca7e17b2be9cf140a5e8f35294c9ec0543e6916cc1f9be?s=96&d=blank&r=g\",\"caption\":\"Conexi\u00f3n Nacional\"},\"sameAs\":[\"https:\\\/\\\/conexionnacional.mx\"],\"url\":\"https:\\\/\\\/conexionnacional.mx\\\/index.php\\\/author\\\/administrador\\\/\"}]}<\/script>\n<!-- \/ Yoast SEO plugin. -->","yoast_head_json":{"title":"\u00a1Atenci\u00f3n usuarios de BBVA! Cancelar\u00e1n estas cuentas a partir del 15 de marzo |","robots":{"index":"index","follow":"follow","max-snippet":"max-snippet:-1","max-image-preview":"max-image-preview:large","max-video-preview":"max-video-preview:-1"},"canonical":"https:\/\/conexionnacional.mx\/index.php\/2024\/03\/08\/atencion-usuarios-de-bbva-cancelaran-estas-cuentas-a-partir-del-15-de-marzo\/","og_locale":"es_MX","og_type":"article","og_title":"\u00a1Atenci\u00f3n usuarios de BBVA! Cancelar\u00e1n estas cuentas a partir del 15 de marzo |","og_description":"BBVA M\u00e9xico&nbsp;ha anunciado la&nbsp;cancelaci\u00f3n de cuentas de d\u00e9bito&nbsp;que no cumplan con ciertos requisitos, a partir del&nbsp;15 de marzo de 2024.&nbsp;Esta medida se basa en la Ley para la Transparencia y Ordenamiento de los Servicios Financieros y forma parte de las disposiciones contractuales bancarias. \u00bfQu\u00e9 cuentas ser\u00e1n canceladas? Tarjetas de d\u00e9bito que se ver\u00e1n&nbsp;afectadas: \u00bfC\u00f3mo saber [&hellip;]","og_url":"https:\/\/conexionnacional.mx\/index.php\/2024\/03\/08\/atencion-usuarios-de-bbva-cancelaran-estas-cuentas-a-partir-del-15-de-marzo\/","og_site_name":"Conexi\u00f3n Nacional","article_publisher":"https:\/\/www.facebook.com\/cnmxradio","article_published_time":"2024-03-08T17:36:37+00:00","article_modified_time":"2024-03-08T17:36:39+00:00","og_image":[{"width":718,"height":452,"url":"https:\/\/conexionnacional.mx\/wp-content\/uploads\/2024\/03\/cancelacion_cuentas_bbva.jpg_793492074.webp","type":"image\/webp"}],"author":"Conexi\u00f3n Nacional","twitter_card":"summary_large_image","twitter_misc":{"Escrito por":"Conexi\u00f3n Nacional","Tiempo de lectura":"2 minutos"},"schema":{"@context":"https:\/\/schema.org","@graph":[{"@type":"Article","@id":"https:\/\/conexionnacional.mx\/index.php\/2024\/03\/08\/atencion-usuarios-de-bbva-cancelaran-estas-cuentas-a-partir-del-15-de-marzo\/#article","isPartOf":{"@id":"https:\/\/conexionnacional.mx\/index.php\/2024\/03\/08\/atencion-usuarios-de-bbva-cancelaran-estas-cuentas-a-partir-del-15-de-marzo\/"},"author":{"name":"Conexi\u00f3n Nacional","@id":"https:\/\/conexionnacional.mx\/#\/schema\/person\/dd14aeda902120f5e0e021903fdb6931"},"headline":"\u00a1Atenci\u00f3n usuarios de BBVA! Cancelar\u00e1n estas cuentas a partir del 15 de marzo","datePublished":"2024-03-08T17:36:37+00:00","dateModified":"2024-03-08T17:36:39+00:00","mainEntityOfPage":{"@id":"https:\/\/conexionnacional.mx\/index.php\/2024\/03\/08\/atencion-usuarios-de-bbva-cancelaran-estas-cuentas-a-partir-del-15-de-marzo\/"},"wordCount":323,"publisher":{"@id":"https:\/\/conexionnacional.mx\/#organization"},"image":{"@id":"https:\/\/conexionnacional.mx\/index.php\/2024\/03\/08\/atencion-usuarios-de-bbva-cancelaran-estas-cuentas-a-partir-del-15-de-marzo\/#primaryimage"},"thumbnailUrl":"https:\/\/conexionnacional.mx\/wp-content\/uploads\/2024\/03\/cancelacion_cuentas_bbva.jpg_793492074.webp","keywords":["BBVA"],"articleSection":["Nacional"],"inLanguage":"es"},{"@type":"WebPage","@id":"https:\/\/conexionnacional.mx\/index.php\/2024\/03\/08\/atencion-usuarios-de-bbva-cancelaran-estas-cuentas-a-partir-del-15-de-marzo\/","url":"https:\/\/conexionnacional.mx\/index.php\/2024\/03\/08\/atencion-usuarios-de-bbva-cancelaran-estas-cuentas-a-partir-del-15-de-marzo\/","name":"\u00a1Atenci\u00f3n usuarios de BBVA! Cancelar\u00e1n estas cuentas a partir del 15 de marzo |","isPartOf":{"@id":"https:\/\/conexionnacional.mx\/#website"},"primaryImageOfPage":{"@id":"https:\/\/conexionnacional.mx\/index.php\/2024\/03\/08\/atencion-usuarios-de-bbva-cancelaran-estas-cuentas-a-partir-del-15-de-marzo\/#primaryimage"},"image":{"@id":"https:\/\/conexionnacional.mx\/index.php\/2024\/03\/08\/atencion-usuarios-de-bbva-cancelaran-estas-cuentas-a-partir-del-15-de-marzo\/#primaryimage"},"thumbnailUrl":"https:\/\/conexionnacional.mx\/wp-content\/uploads\/2024\/03\/cancelacion_cuentas_bbva.jpg_793492074.webp","datePublished":"2024-03-08T17:36:37+00:00","dateModified":"2024-03-08T17:36:39+00:00","breadcrumb":{"@id":"https:\/\/conexionnacional.mx\/index.php\/2024\/03\/08\/atencion-usuarios-de-bbva-cancelaran-estas-cuentas-a-partir-del-15-de-marzo\/#breadcrumb"},"inLanguage":"es","potentialAction":[{"@type":"ReadAction","target":["https:\/\/conexionnacional.mx\/index.php\/2024\/03\/08\/atencion-usuarios-de-bbva-cancelaran-estas-cuentas-a-partir-del-15-de-marzo\/"]}]},{"@type":"ImageObject","inLanguage":"es","@id":"https:\/\/conexionnacional.mx\/index.php\/2024\/03\/08\/atencion-usuarios-de-bbva-cancelaran-estas-cuentas-a-partir-del-15-de-marzo\/#primaryimage","url":"https:\/\/conexionnacional.mx\/wp-content\/uploads\/2024\/03\/cancelacion_cuentas_bbva.jpg_793492074.webp","contentUrl":"https:\/\/conexionnacional.mx\/wp-content\/uploads\/2024\/03\/cancelacion_cuentas_bbva.jpg_793492074.webp","width":718,"height":452},{"@type":"BreadcrumbList","@id":"https:\/\/conexionnacional.mx\/index.php\/2024\/03\/08\/atencion-usuarios-de-bbva-cancelaran-estas-cuentas-a-partir-del-15-de-marzo\/#breadcrumb","itemListElement":[{"@type":"ListItem","position":1,"name":"Inicio","item":"https:\/\/conexionnacional.mx\/"},{"@type":"ListItem","position":2,"name":"\u00a1Atenci\u00f3n usuarios de BBVA! Cancelar\u00e1n estas cuentas a partir del 15 de marzo"}]},{"@type":"WebSite","@id":"https:\/\/conexionnacional.mx\/#website","url":"https:\/\/conexionnacional.mx\/","name":"Conexi\u00f3n Nacional","description":"Noticias al momento","publisher":{"@id":"https:\/\/conexionnacional.mx\/#organization"},"alternateName":"Noticias nacionales","potentialAction":[{"@type":"SearchAction","target":{"@type":"EntryPoint","urlTemplate":"https:\/\/conexionnacional.mx\/?s={search_term_string}"},"query-input":{"@type":"PropertyValueSpecification","valueRequired":true,"valueName":"search_term_string"}}],"inLanguage":"es"},{"@type":"Organization","@id":"https:\/\/conexionnacional.mx\/#organization","name":"Conexi\u00f3n Nacional","url":"https:\/\/conexionnacional.mx\/","logo":{"@type":"ImageObject","inLanguage":"es","@id":"https:\/\/conexionnacional.mx\/#\/schema\/logo\/image\/","url":"https:\/\/conexionnacional.mx\/wp-content\/uploads\/2022\/09\/conexion_nacional.png","contentUrl":"https:\/\/conexionnacional.mx\/wp-content\/uploads\/2022\/09\/conexion_nacional.png","width":2964,"height":1173,"caption":"Conexi\u00f3n Nacional"},"image":{"@id":"https:\/\/conexionnacional.mx\/#\/schema\/logo\/image\/"},"sameAs":["https:\/\/www.facebook.com\/cnmxradio"]},{"@type":"Person","@id":"https:\/\/conexionnacional.mx\/#\/schema\/person\/dd14aeda902120f5e0e021903fdb6931","name":"Conexi\u00f3n Nacional","image":{"@type":"ImageObject","inLanguage":"es","@id":"https:\/\/secure.gravatar.com\/avatar\/e523100f284110b2ecca7e17b2be9cf140a5e8f35294c9ec0543e6916cc1f9be?s=96&d=blank&r=g","url":"https:\/\/secure.gravatar.com\/avatar\/e523100f284110b2ecca7e17b2be9cf140a5e8f35294c9ec0543e6916cc1f9be?s=96&d=blank&r=g","contentUrl":"https:\/\/secure.gravatar.com\/avatar\/e523100f284110b2ecca7e17b2be9cf140a5e8f35294c9ec0543e6916cc1f9be?s=96&d=blank&r=g","caption":"Conexi\u00f3n Nacional"},"sameAs":["https:\/\/conexionnacional.mx"],"url":"https:\/\/conexionnacional.mx\/index.php\/author\/administrador\/"}]}},"_links":{"self":[{"href":"https:\/\/conexionnacional.mx\/index.php\/wp-json\/wp\/v2\/posts\/19597","targetHints":{"allow":["GET"]}}],"collection":[{"href":"https:\/\/conexionnacional.mx\/index.php\/wp-json\/wp\/v2\/posts"}],"about":[{"href":"https:\/\/conexionnacional.mx\/index.php\/wp-json\/wp\/v2\/types\/post"}],"author":[{"embeddable":true,"href":"https:\/\/conexionnacional.mx\/index.php\/wp-json\/wp\/v2\/users\/1"}],"replies":[{"embeddable":true,"href":"https:\/\/conexionnacional.mx\/index.php\/wp-json\/wp\/v2\/comments?post=19597"}],"version-history":[{"count":1,"href":"https:\/\/conexionnacional.mx\/index.php\/wp-json\/wp\/v2\/posts\/19597\/revisions"}],"predecessor-version":[{"id":19599,"href":"https:\/\/conexionnacional.mx\/index.php\/wp-json\/wp\/v2\/posts\/19597\/revisions\/19599"}],"wp:featuredmedia":[{"embeddable":true,"href":"https:\/\/conexionnacional.mx\/index.php\/wp-json\/wp\/v2\/media\/19598"}],"wp:attachment":[{"href":"https:\/\/conexionnacional.mx\/index.php\/wp-json\/wp\/v2\/media?parent=19597"}],"wp:term":[{"taxonomy":"category","embeddable":true,"href":"https:\/\/conexionnacional.mx\/index.php\/wp-json\/wp\/v2\/categories?post=19597"},{"taxonomy":"post_tag","embeddable":true,"href":"https:\/\/conexionnacional.mx\/index.php\/wp-json\/wp\/v2\/tags?post=19597"}],"curies":[{"name":"wp","href":"https:\/\/api.w.org\/{rel}","templated":true}]}}