{"id":19594,"date":"2024-03-08T11:35:29","date_gmt":"2024-03-08T17:35:29","guid":{"rendered":"https:\/\/conexionnacional.mx\/?p=19594"},"modified":"2024-03-08T11:35:31","modified_gmt":"2024-03-08T17:35:31","slug":"la-rivalidad-se-queda-en-la-cancha-aficionados-de-america-auxilian-a-adulto-mayor-de-chivas-en-el-akron","status":"publish","type":"post","link":"https:\/\/conexionnacional.mx\/index.php\/2024\/03\/08\/la-rivalidad-se-queda-en-la-cancha-aficionados-de-america-auxilian-a-adulto-mayor-de-chivas-en-el-akron\/","title":{"rendered":"LA RIVALIDAD SE QUEDA EN LA CANCHA: AFICIONADOS DE AM\u00c9RICA AUXILIAN A ADULTO MAYOR DE CHIVAS EN EL AKRON"},"content":{"rendered":"\n<p>El reciente\u00a0<strong>Cl\u00e1sico Nacional<\/strong>\u00a0entre\u00a0<strong>Am\u00e9rica<\/strong>\u00a0y\u00a0<strong>Chivas<\/strong>\u00a0en la Concachampions no solo dej\u00f3 una contundente victoria, sino tambi\u00e9n un amplio espectro de emociones y situaciones para analizar tanto dentro como fuera de la cancha. Desde goleadas hasta actos de verdadera deportividad, el\u00a0<strong>Estadio Arkron<\/strong>\u00a0fue testigo de una mezcla de eventos que capturaron la atenci\u00f3n de los aficionados y generaron debate en la comunidad futbol\u00edstica.<\/p>\n\n\n\n<figure class=\"wp-block-image\"><img decoding=\"async\" src=\"data:image\/gif;base64,R0lGODlhAQABAAAAACH5BAEKAAEALAAAAAABAAEAAAICTAEAOw==\" data-src=\"https:\/\/www.record.com.mx\/sites\/default\/files\/articulos\/2024\/03\/08\/amechi2-10.jpg\" alt=\"IMAGO7\" class=\"lazyload\" title=\"Aficionados conviviendo en el estacionamiento\"\/><\/figure>\n\n\n\n<p>Aficionados conviviendo en el estacionamiento | IMAGO7<\/p>\n\n\n\n<p>Entre los m\u00e1s destacados del encuentro, un video viral en redes sociales captur\u00f3 un momento emotivo que refleja la verdadera esencia del juego.<\/p>\n\n\n\n<p>Tras el pitido final, una pareja de seguidores del Am\u00e9rica se detuvo para auxiliar a un aficionado de Chivas de la tercera edad que ten\u00eda dificultades para subir las escaleras hacia los t\u00faneles de salida. Este gesto de solidaridad y humanidad reson\u00f3 en la comunidad futbol\u00edstica, recibiendo elogios y llamados a la paz y la cordialidad dentro de los estadios.<\/p>\n\n\n\n<figure class=\"wp-block-image\"><img decoding=\"async\" src=\"data:image\/gif;base64,R0lGODlhAQABAAAAACH5BAEKAAEALAAAAAABAAEAAAICTAEAOw==\" data-src=\"https:\/\/www.record.com.mx\/sites\/default\/files\/articulos\/2024\/03\/08\/amechi1-10.jpg\" alt=\"IMAGO7\" class=\"lazyload\" title=\"Aficionados de Am\u00e9rica vs Chivas conviviendo en las gradas\"\/><\/figure>\n\n\n\n<p>Aficionados de Am\u00e9rica vs Chivas conviviendo en las gradas | IMAGO7<\/p>\n\n\n\n<p>Sin embargo, el partido tambi\u00e9n estuvo marcado por eventos lamentables, como peleas e incluso agresiones a los elementos de seguridad del estadio, que se viralizaron en videos compartidos en redes sociales. Estas acciones han sido condenadas por la comunidad futbol\u00edstica y sirven como recordatorio de la importancia de mantener la calma y el respeto en el espect\u00e1culo del futbol.<\/p>\n\n\n\n<figure class=\"wp-block-image\"><img decoding=\"async\" src=\"data:image\/gif;base64,R0lGODlhAQABAAAAACH5BAEKAAEALAAAAAABAAEAAAICTAEAOw==\" data-src=\"https:\/\/www.record.com.mx\/sites\/default\/files\/articulos\/2024\/03\/08\/amechi3-10.jpg\" alt=\"IMAGO7\" class=\"lazyload\" title=\"Chivas y Am\u00e9rica jugar\u00e1n dos cl\u00e1sicos m\u00e1s\"\/><\/figure>\n\n\n\n<p>Chivas y Am\u00e9rica jugar\u00e1n dos cl\u00e1sicos m\u00e1s | IMAGO7<\/p>\n\n\n\n<div style=\"position:relative;padding-bottom:56.25%;height:0;overflow:hidden;\"> <iframe style=\"width:100%;height:100%;position:absolute;left:0px;top:0px;overflow:hidden\" frameborder=\"0\" type=\"text\/html\" src=\"https:\/\/www.dailymotion.com\/embed\/video\/x8u30rs?autoplay=1\" width=\"100%\" height=\"100%\" allowfullscreen title=\"Dailymotion Video Player\" allow=\"autoplay\"> <\/iframe> <\/div>\n\n","protected":false},"excerpt":{"rendered":"<p>El reciente\u00a0Cl\u00e1sico Nacional\u00a0entre\u00a0Am\u00e9rica\u00a0y\u00a0Chivas\u00a0en la Concachampions no solo dej\u00f3 una contundente victoria, sino tambi\u00e9n un amplio espectro de emociones y situaciones para analizar tanto dentro como fuera de la cancha. Desde goleadas hasta actos de verdadera deportividad, el\u00a0Estadio Arkron\u00a0fue testigo de una mezcla de eventos que capturaron la atenci\u00f3n de los aficionados y generaron debate en [&hellip;]<\/p>\n","protected":false},"author":1,"featured_media":19595,"comment_status":"closed","ping_status":"closed","sticky":false,"template":"","format":"aside","meta":{"googlesitekit_rrm_CAowytPeCw:productID":"","footnotes":""},"categories":[19],"tags":[3965,105],"class_list":["post-19594","post","type-post","status-publish","format-aside","has-post-thumbnail","hentry","category-deportes","tag-america-2","tag-chivas","post_format-post-format-aside"],"yoast_head":"<!-- This site is optimized with the Yoast SEO plugin v27.4 - https:\/\/yoast.com\/product\/yoast-seo-wordpress\/ -->\n<title>LA RIVALIDAD SE QUEDA EN LA CANCHA: AFICIONADOS DE AM\u00c9RICA AUXILIAN A ADULTO MAYOR DE CHIVAS EN EL AKRON |<\/title>\n<meta name=\"robots\" content=\"index, follow, max-snippet:-1, max-image-preview:large, max-video-preview:-1\" \/>\n<link rel=\"canonical\" href=\"https:\/\/conexionnacional.mx\/index.php\/2024\/03\/08\/la-rivalidad-se-queda-en-la-cancha-aficionados-de-america-auxilian-a-adulto-mayor-de-chivas-en-el-akron\/\" \/>\n<meta property=\"og:locale\" content=\"es_MX\" \/>\n<meta property=\"og:type\" content=\"article\" \/>\n<meta property=\"og:title\" content=\"LA RIVALIDAD SE QUEDA EN LA CANCHA: AFICIONADOS DE AM\u00c9RICA AUXILIAN A ADULTO MAYOR DE CHIVAS EN EL AKRON |\" \/>\n<meta property=\"og:description\" content=\"El reciente\u00a0Cl\u00e1sico Nacional\u00a0entre\u00a0Am\u00e9rica\u00a0y\u00a0Chivas\u00a0en la Concachampions no solo dej\u00f3 una contundente victoria, sino tambi\u00e9n un amplio espectro de emociones y situaciones para analizar tanto dentro como fuera de la cancha. Desde goleadas hasta actos de verdadera deportividad, el\u00a0Estadio Arkron\u00a0fue testigo de una mezcla de eventos que capturaron la atenci\u00f3n de los aficionados y generaron debate en [&hellip;]\" \/>\n<meta property=\"og:url\" content=\"https:\/\/conexionnacional.mx\/index.php\/2024\/03\/08\/la-rivalidad-se-queda-en-la-cancha-aficionados-de-america-auxilian-a-adulto-mayor-de-chivas-en-el-akron\/\" \/>\n<meta property=\"og:site_name\" content=\"Conexi\u00f3n Nacional\" \/>\n<meta property=\"article:publisher\" content=\"https:\/\/www.facebook.com\/cnmxradio\" \/>\n<meta property=\"article:published_time\" content=\"2024-03-08T17:35:29+00:00\" \/>\n<meta property=\"article:modified_time\" content=\"2024-03-08T17:35:31+00:00\" \/>\n<meta property=\"og:image\" content=\"https:\/\/conexionnacional.mx\/wp-content\/uploads\/2024\/03\/nba-plain-1018ba69-ae5f-43af-b41a-3fb25755b14b.png\" \/>\n\t<meta property=\"og:image:width\" content=\"760\" \/>\n\t<meta property=\"og:image:height\" content=\"428\" \/>\n\t<meta property=\"og:image:type\" content=\"image\/png\" \/>\n<meta name=\"author\" content=\"Conexi\u00f3n Nacional\" \/>\n<meta name=\"twitter:card\" content=\"summary_large_image\" \/>\n<meta name=\"twitter:label1\" content=\"Escrito por\" \/>\n\t<meta name=\"twitter:data1\" content=\"Conexi\u00f3n Nacional\" \/>\n\t<meta name=\"twitter:label2\" content=\"Tiempo de lectura\" \/>\n\t<meta name=\"twitter:data2\" content=\"2 minutos\" \/>\n<script type=\"application\/ld+json\" class=\"yoast-schema-graph\">{\"@context\":\"https:\\\/\\\/schema.org\",\"@graph\":[{\"@type\":\"Article\",\"@id\":\"https:\\\/\\\/conexionnacional.mx\\\/index.php\\\/2024\\\/03\\\/08\\\/la-rivalidad-se-queda-en-la-cancha-aficionados-de-america-auxilian-a-adulto-mayor-de-chivas-en-el-akron\\\/#article\",\"isPartOf\":{\"@id\":\"https:\\\/\\\/conexionnacional.mx\\\/index.php\\\/2024\\\/03\\\/08\\\/la-rivalidad-se-queda-en-la-cancha-aficionados-de-america-auxilian-a-adulto-mayor-de-chivas-en-el-akron\\\/\"},\"author\":{\"name\":\"Conexi\u00f3n Nacional\",\"@id\":\"https:\\\/\\\/conexionnacional.mx\\\/#\\\/schema\\\/person\\\/dd14aeda902120f5e0e021903fdb6931\"},\"headline\":\"LA RIVALIDAD SE QUEDA EN LA CANCHA: AFICIONADOS DE AM\u00c9RICA AUXILIAN A ADULTO MAYOR DE CHIVAS EN EL AKRON\",\"datePublished\":\"2024-03-08T17:35:29+00:00\",\"dateModified\":\"2024-03-08T17:35:31+00:00\",\"mainEntityOfPage\":{\"@id\":\"https:\\\/\\\/conexionnacional.mx\\\/index.php\\\/2024\\\/03\\\/08\\\/la-rivalidad-se-queda-en-la-cancha-aficionados-de-america-auxilian-a-adulto-mayor-de-chivas-en-el-akron\\\/\"},\"wordCount\":270,\"publisher\":{\"@id\":\"https:\\\/\\\/conexionnacional.mx\\\/#organization\"},\"image\":{\"@id\":\"https:\\\/\\\/conexionnacional.mx\\\/index.php\\\/2024\\\/03\\\/08\\\/la-rivalidad-se-queda-en-la-cancha-aficionados-de-america-auxilian-a-adulto-mayor-de-chivas-en-el-akron\\\/#primaryimage\"},\"thumbnailUrl\":\"https:\\\/\\\/conexionnacional.mx\\\/wp-content\\\/uploads\\\/2024\\\/03\\\/nba-plain-1018ba69-ae5f-43af-b41a-3fb25755b14b.png\",\"keywords\":[\"america\",\"Chivas\"],\"articleSection\":[\"Deportes\"],\"inLanguage\":\"es\"},{\"@type\":\"WebPage\",\"@id\":\"https:\\\/\\\/conexionnacional.mx\\\/index.php\\\/2024\\\/03\\\/08\\\/la-rivalidad-se-queda-en-la-cancha-aficionados-de-america-auxilian-a-adulto-mayor-de-chivas-en-el-akron\\\/\",\"url\":\"https:\\\/\\\/conexionnacional.mx\\\/index.php\\\/2024\\\/03\\\/08\\\/la-rivalidad-se-queda-en-la-cancha-aficionados-de-america-auxilian-a-adulto-mayor-de-chivas-en-el-akron\\\/\",\"name\":\"LA RIVALIDAD SE QUEDA EN LA CANCHA: AFICIONADOS DE AM\u00c9RICA AUXILIAN A ADULTO MAYOR DE CHIVAS EN EL AKRON |\",\"isPartOf\":{\"@id\":\"https:\\\/\\\/conexionnacional.mx\\\/#website\"},\"primaryImageOfPage\":{\"@id\":\"https:\\\/\\\/conexionnacional.mx\\\/index.php\\\/2024\\\/03\\\/08\\\/la-rivalidad-se-queda-en-la-cancha-aficionados-de-america-auxilian-a-adulto-mayor-de-chivas-en-el-akron\\\/#primaryimage\"},\"image\":{\"@id\":\"https:\\\/\\\/conexionnacional.mx\\\/index.php\\\/2024\\\/03\\\/08\\\/la-rivalidad-se-queda-en-la-cancha-aficionados-de-america-auxilian-a-adulto-mayor-de-chivas-en-el-akron\\\/#primaryimage\"},\"thumbnailUrl\":\"https:\\\/\\\/conexionnacional.mx\\\/wp-content\\\/uploads\\\/2024\\\/03\\\/nba-plain-1018ba69-ae5f-43af-b41a-3fb25755b14b.png\",\"datePublished\":\"2024-03-08T17:35:29+00:00\",\"dateModified\":\"2024-03-08T17:35:31+00:00\",\"breadcrumb\":{\"@id\":\"https:\\\/\\\/conexionnacional.mx\\\/index.php\\\/2024\\\/03\\\/08\\\/la-rivalidad-se-queda-en-la-cancha-aficionados-de-america-auxilian-a-adulto-mayor-de-chivas-en-el-akron\\\/#breadcrumb\"},\"inLanguage\":\"es\",\"potentialAction\":[{\"@type\":\"ReadAction\",\"target\":[\"https:\\\/\\\/conexionnacional.mx\\\/index.php\\\/2024\\\/03\\\/08\\\/la-rivalidad-se-queda-en-la-cancha-aficionados-de-america-auxilian-a-adulto-mayor-de-chivas-en-el-akron\\\/\"]}]},{\"@type\":\"ImageObject\",\"inLanguage\":\"es\",\"@id\":\"https:\\\/\\\/conexionnacional.mx\\\/index.php\\\/2024\\\/03\\\/08\\\/la-rivalidad-se-queda-en-la-cancha-aficionados-de-america-auxilian-a-adulto-mayor-de-chivas-en-el-akron\\\/#primaryimage\",\"url\":\"https:\\\/\\\/conexionnacional.mx\\\/wp-content\\\/uploads\\\/2024\\\/03\\\/nba-plain-1018ba69-ae5f-43af-b41a-3fb25755b14b.png\",\"contentUrl\":\"https:\\\/\\\/conexionnacional.mx\\\/wp-content\\\/uploads\\\/2024\\\/03\\\/nba-plain-1018ba69-ae5f-43af-b41a-3fb25755b14b.png\",\"width\":760,\"height\":428},{\"@type\":\"BreadcrumbList\",\"@id\":\"https:\\\/\\\/conexionnacional.mx\\\/index.php\\\/2024\\\/03\\\/08\\\/la-rivalidad-se-queda-en-la-cancha-aficionados-de-america-auxilian-a-adulto-mayor-de-chivas-en-el-akron\\\/#breadcrumb\",\"itemListElement\":[{\"@type\":\"ListItem\",\"position\":1,\"name\":\"Inicio\",\"item\":\"https:\\\/\\\/conexionnacional.mx\\\/\"},{\"@type\":\"ListItem\",\"position\":2,\"name\":\"LA RIVALIDAD SE QUEDA EN LA CANCHA: AFICIONADOS DE AM\u00c9RICA AUXILIAN A ADULTO MAYOR DE CHIVAS EN EL AKRON\"}]},{\"@type\":\"WebSite\",\"@id\":\"https:\\\/\\\/conexionnacional.mx\\\/#website\",\"url\":\"https:\\\/\\\/conexionnacional.mx\\\/\",\"name\":\"Conexi\u00f3n Nacional\",\"description\":\"Noticias al momento\",\"publisher\":{\"@id\":\"https:\\\/\\\/conexionnacional.mx\\\/#organization\"},\"alternateName\":\"Noticias nacionales\",\"potentialAction\":[{\"@type\":\"SearchAction\",\"target\":{\"@type\":\"EntryPoint\",\"urlTemplate\":\"https:\\\/\\\/conexionnacional.mx\\\/?s={search_term_string}\"},\"query-input\":{\"@type\":\"PropertyValueSpecification\",\"valueRequired\":true,\"valueName\":\"search_term_string\"}}],\"inLanguage\":\"es\"},{\"@type\":\"Organization\",\"@id\":\"https:\\\/\\\/conexionnacional.mx\\\/#organization\",\"name\":\"Conexi\u00f3n Nacional\",\"url\":\"https:\\\/\\\/conexionnacional.mx\\\/\",\"logo\":{\"@type\":\"ImageObject\",\"inLanguage\":\"es\",\"@id\":\"https:\\\/\\\/conexionnacional.mx\\\/#\\\/schema\\\/logo\\\/image\\\/\",\"url\":\"https:\\\/\\\/conexionnacional.mx\\\/wp-content\\\/uploads\\\/2022\\\/09\\\/conexion_nacional.png\",\"contentUrl\":\"https:\\\/\\\/conexionnacional.mx\\\/wp-content\\\/uploads\\\/2022\\\/09\\\/conexion_nacional.png\",\"width\":2964,\"height\":1173,\"caption\":\"Conexi\u00f3n Nacional\"},\"image\":{\"@id\":\"https:\\\/\\\/conexionnacional.mx\\\/#\\\/schema\\\/logo\\\/image\\\/\"},\"sameAs\":[\"https:\\\/\\\/www.facebook.com\\\/cnmxradio\"]},{\"@type\":\"Person\",\"@id\":\"https:\\\/\\\/conexionnacional.mx\\\/#\\\/schema\\\/person\\\/dd14aeda902120f5e0e021903fdb6931\",\"name\":\"Conexi\u00f3n Nacional\",\"image\":{\"@type\":\"ImageObject\",\"inLanguage\":\"es\",\"@id\":\"https:\\\/\\\/secure.gravatar.com\\\/avatar\\\/e523100f284110b2ecca7e17b2be9cf140a5e8f35294c9ec0543e6916cc1f9be?s=96&d=blank&r=g\",\"url\":\"https:\\\/\\\/secure.gravatar.com\\\/avatar\\\/e523100f284110b2ecca7e17b2be9cf140a5e8f35294c9ec0543e6916cc1f9be?s=96&d=blank&r=g\",\"contentUrl\":\"https:\\\/\\\/secure.gravatar.com\\\/avatar\\\/e523100f284110b2ecca7e17b2be9cf140a5e8f35294c9ec0543e6916cc1f9be?s=96&d=blank&r=g\",\"caption\":\"Conexi\u00f3n Nacional\"},\"sameAs\":[\"https:\\\/\\\/conexionnacional.mx\"],\"url\":\"https:\\\/\\\/conexionnacional.mx\\\/index.php\\\/author\\\/administrador\\\/\"}]}<\/script>\n<!-- \/ Yoast SEO plugin. -->","yoast_head_json":{"title":"LA RIVALIDAD SE QUEDA EN LA CANCHA: AFICIONADOS DE AM\u00c9RICA AUXILIAN A ADULTO MAYOR DE CHIVAS EN EL AKRON |","robots":{"index":"index","follow":"follow","max-snippet":"max-snippet:-1","max-image-preview":"max-image-preview:large","max-video-preview":"max-video-preview:-1"},"canonical":"https:\/\/conexionnacional.mx\/index.php\/2024\/03\/08\/la-rivalidad-se-queda-en-la-cancha-aficionados-de-america-auxilian-a-adulto-mayor-de-chivas-en-el-akron\/","og_locale":"es_MX","og_type":"article","og_title":"LA RIVALIDAD SE QUEDA EN LA CANCHA: AFICIONADOS DE AM\u00c9RICA AUXILIAN A ADULTO MAYOR DE CHIVAS EN EL AKRON |","og_description":"El reciente\u00a0Cl\u00e1sico Nacional\u00a0entre\u00a0Am\u00e9rica\u00a0y\u00a0Chivas\u00a0en la Concachampions no solo dej\u00f3 una contundente victoria, sino tambi\u00e9n un amplio espectro de emociones y situaciones para analizar tanto dentro como fuera de la cancha. Desde goleadas hasta actos de verdadera deportividad, el\u00a0Estadio Arkron\u00a0fue testigo de una mezcla de eventos que capturaron la atenci\u00f3n de los aficionados y generaron debate en [&hellip;]","og_url":"https:\/\/conexionnacional.mx\/index.php\/2024\/03\/08\/la-rivalidad-se-queda-en-la-cancha-aficionados-de-america-auxilian-a-adulto-mayor-de-chivas-en-el-akron\/","og_site_name":"Conexi\u00f3n Nacional","article_publisher":"https:\/\/www.facebook.com\/cnmxradio","article_published_time":"2024-03-08T17:35:29+00:00","article_modified_time":"2024-03-08T17:35:31+00:00","og_image":[{"width":760,"height":428,"url":"https:\/\/conexionnacional.mx\/wp-content\/uploads\/2024\/03\/nba-plain-1018ba69-ae5f-43af-b41a-3fb25755b14b.png","type":"image\/png"}],"author":"Conexi\u00f3n Nacional","twitter_card":"summary_large_image","twitter_misc":{"Escrito por":"Conexi\u00f3n Nacional","Tiempo de lectura":"2 minutos"},"schema":{"@context":"https:\/\/schema.org","@graph":[{"@type":"Article","@id":"https:\/\/conexionnacional.mx\/index.php\/2024\/03\/08\/la-rivalidad-se-queda-en-la-cancha-aficionados-de-america-auxilian-a-adulto-mayor-de-chivas-en-el-akron\/#article","isPartOf":{"@id":"https:\/\/conexionnacional.mx\/index.php\/2024\/03\/08\/la-rivalidad-se-queda-en-la-cancha-aficionados-de-america-auxilian-a-adulto-mayor-de-chivas-en-el-akron\/"},"author":{"name":"Conexi\u00f3n Nacional","@id":"https:\/\/conexionnacional.mx\/#\/schema\/person\/dd14aeda902120f5e0e021903fdb6931"},"headline":"LA RIVALIDAD SE QUEDA EN LA CANCHA: AFICIONADOS DE AM\u00c9RICA AUXILIAN A ADULTO MAYOR DE CHIVAS EN EL AKRON","datePublished":"2024-03-08T17:35:29+00:00","dateModified":"2024-03-08T17:35:31+00:00","mainEntityOfPage":{"@id":"https:\/\/conexionnacional.mx\/index.php\/2024\/03\/08\/la-rivalidad-se-queda-en-la-cancha-aficionados-de-america-auxilian-a-adulto-mayor-de-chivas-en-el-akron\/"},"wordCount":270,"publisher":{"@id":"https:\/\/conexionnacional.mx\/#organization"},"image":{"@id":"https:\/\/conexionnacional.mx\/index.php\/2024\/03\/08\/la-rivalidad-se-queda-en-la-cancha-aficionados-de-america-auxilian-a-adulto-mayor-de-chivas-en-el-akron\/#primaryimage"},"thumbnailUrl":"https:\/\/conexionnacional.mx\/wp-content\/uploads\/2024\/03\/nba-plain-1018ba69-ae5f-43af-b41a-3fb25755b14b.png","keywords":["america","Chivas"],"articleSection":["Deportes"],"inLanguage":"es"},{"@type":"WebPage","@id":"https:\/\/conexionnacional.mx\/index.php\/2024\/03\/08\/la-rivalidad-se-queda-en-la-cancha-aficionados-de-america-auxilian-a-adulto-mayor-de-chivas-en-el-akron\/","url":"https:\/\/conexionnacional.mx\/index.php\/2024\/03\/08\/la-rivalidad-se-queda-en-la-cancha-aficionados-de-america-auxilian-a-adulto-mayor-de-chivas-en-el-akron\/","name":"LA RIVALIDAD SE QUEDA EN LA CANCHA: AFICIONADOS DE AM\u00c9RICA AUXILIAN A ADULTO MAYOR DE CHIVAS EN EL AKRON |","isPartOf":{"@id":"https:\/\/conexionnacional.mx\/#website"},"primaryImageOfPage":{"@id":"https:\/\/conexionnacional.mx\/index.php\/2024\/03\/08\/la-rivalidad-se-queda-en-la-cancha-aficionados-de-america-auxilian-a-adulto-mayor-de-chivas-en-el-akron\/#primaryimage"},"image":{"@id":"https:\/\/conexionnacional.mx\/index.php\/2024\/03\/08\/la-rivalidad-se-queda-en-la-cancha-aficionados-de-america-auxilian-a-adulto-mayor-de-chivas-en-el-akron\/#primaryimage"},"thumbnailUrl":"https:\/\/conexionnacional.mx\/wp-content\/uploads\/2024\/03\/nba-plain-1018ba69-ae5f-43af-b41a-3fb25755b14b.png","datePublished":"2024-03-08T17:35:29+00:00","dateModified":"2024-03-08T17:35:31+00:00","breadcrumb":{"@id":"https:\/\/conexionnacional.mx\/index.php\/2024\/03\/08\/la-rivalidad-se-queda-en-la-cancha-aficionados-de-america-auxilian-a-adulto-mayor-de-chivas-en-el-akron\/#breadcrumb"},"inLanguage":"es","potentialAction":[{"@type":"ReadAction","target":["https:\/\/conexionnacional.mx\/index.php\/2024\/03\/08\/la-rivalidad-se-queda-en-la-cancha-aficionados-de-america-auxilian-a-adulto-mayor-de-chivas-en-el-akron\/"]}]},{"@type":"ImageObject","inLanguage":"es","@id":"https:\/\/conexionnacional.mx\/index.php\/2024\/03\/08\/la-rivalidad-se-queda-en-la-cancha-aficionados-de-america-auxilian-a-adulto-mayor-de-chivas-en-el-akron\/#primaryimage","url":"https:\/\/conexionnacional.mx\/wp-content\/uploads\/2024\/03\/nba-plain-1018ba69-ae5f-43af-b41a-3fb25755b14b.png","contentUrl":"https:\/\/conexionnacional.mx\/wp-content\/uploads\/2024\/03\/nba-plain-1018ba69-ae5f-43af-b41a-3fb25755b14b.png","width":760,"height":428},{"@type":"BreadcrumbList","@id":"https:\/\/conexionnacional.mx\/index.php\/2024\/03\/08\/la-rivalidad-se-queda-en-la-cancha-aficionados-de-america-auxilian-a-adulto-mayor-de-chivas-en-el-akron\/#breadcrumb","itemListElement":[{"@type":"ListItem","position":1,"name":"Inicio","item":"https:\/\/conexionnacional.mx\/"},{"@type":"ListItem","position":2,"name":"LA RIVALIDAD SE QUEDA EN LA CANCHA: AFICIONADOS DE AM\u00c9RICA AUXILIAN A ADULTO MAYOR DE CHIVAS EN EL AKRON"}]},{"@type":"WebSite","@id":"https:\/\/conexionnacional.mx\/#website","url":"https:\/\/conexionnacional.mx\/","name":"Conexi\u00f3n Nacional","description":"Noticias al momento","publisher":{"@id":"https:\/\/conexionnacional.mx\/#organization"},"alternateName":"Noticias nacionales","potentialAction":[{"@type":"SearchAction","target":{"@type":"EntryPoint","urlTemplate":"https:\/\/conexionnacional.mx\/?s={search_term_string}"},"query-input":{"@type":"PropertyValueSpecification","valueRequired":true,"valueName":"search_term_string"}}],"inLanguage":"es"},{"@type":"Organization","@id":"https:\/\/conexionnacional.mx\/#organization","name":"Conexi\u00f3n Nacional","url":"https:\/\/conexionnacional.mx\/","logo":{"@type":"ImageObject","inLanguage":"es","@id":"https:\/\/conexionnacional.mx\/#\/schema\/logo\/image\/","url":"https:\/\/conexionnacional.mx\/wp-content\/uploads\/2022\/09\/conexion_nacional.png","contentUrl":"https:\/\/conexionnacional.mx\/wp-content\/uploads\/2022\/09\/conexion_nacional.png","width":2964,"height":1173,"caption":"Conexi\u00f3n Nacional"},"image":{"@id":"https:\/\/conexionnacional.mx\/#\/schema\/logo\/image\/"},"sameAs":["https:\/\/www.facebook.com\/cnmxradio"]},{"@type":"Person","@id":"https:\/\/conexionnacional.mx\/#\/schema\/person\/dd14aeda902120f5e0e021903fdb6931","name":"Conexi\u00f3n Nacional","image":{"@type":"ImageObject","inLanguage":"es","@id":"https:\/\/secure.gravatar.com\/avatar\/e523100f284110b2ecca7e17b2be9cf140a5e8f35294c9ec0543e6916cc1f9be?s=96&d=blank&r=g","url":"https:\/\/secure.gravatar.com\/avatar\/e523100f284110b2ecca7e17b2be9cf140a5e8f35294c9ec0543e6916cc1f9be?s=96&d=blank&r=g","contentUrl":"https:\/\/secure.gravatar.com\/avatar\/e523100f284110b2ecca7e17b2be9cf140a5e8f35294c9ec0543e6916cc1f9be?s=96&d=blank&r=g","caption":"Conexi\u00f3n Nacional"},"sameAs":["https:\/\/conexionnacional.mx"],"url":"https:\/\/conexionnacional.mx\/index.php\/author\/administrador\/"}]}},"_links":{"self":[{"href":"https:\/\/conexionnacional.mx\/index.php\/wp-json\/wp\/v2\/posts\/19594","targetHints":{"allow":["GET"]}}],"collection":[{"href":"https:\/\/conexionnacional.mx\/index.php\/wp-json\/wp\/v2\/posts"}],"about":[{"href":"https:\/\/conexionnacional.mx\/index.php\/wp-json\/wp\/v2\/types\/post"}],"author":[{"embeddable":true,"href":"https:\/\/conexionnacional.mx\/index.php\/wp-json\/wp\/v2\/users\/1"}],"replies":[{"embeddable":true,"href":"https:\/\/conexionnacional.mx\/index.php\/wp-json\/wp\/v2\/comments?post=19594"}],"version-history":[{"count":1,"href":"https:\/\/conexionnacional.mx\/index.php\/wp-json\/wp\/v2\/posts\/19594\/revisions"}],"predecessor-version":[{"id":19596,"href":"https:\/\/conexionnacional.mx\/index.php\/wp-json\/wp\/v2\/posts\/19594\/revisions\/19596"}],"wp:featuredmedia":[{"embeddable":true,"href":"https:\/\/conexionnacional.mx\/index.php\/wp-json\/wp\/v2\/media\/19595"}],"wp:attachment":[{"href":"https:\/\/conexionnacional.mx\/index.php\/wp-json\/wp\/v2\/media?parent=19594"}],"wp:term":[{"taxonomy":"category","embeddable":true,"href":"https:\/\/conexionnacional.mx\/index.php\/wp-json\/wp\/v2\/categories?post=19594"},{"taxonomy":"post_tag","embeddable":true,"href":"https:\/\/conexionnacional.mx\/index.php\/wp-json\/wp\/v2\/tags?post=19594"}],"curies":[{"name":"wp","href":"https:\/\/api.w.org\/{rel}","templated":true}]}}