{"id":19591,"date":"2024-03-08T11:01:39","date_gmt":"2024-03-08T17:01:39","guid":{"rendered":"https:\/\/conexionnacional.mx\/?p=19591"},"modified":"2024-03-08T11:01:41","modified_gmt":"2024-03-08T17:01:41","slug":"amlo-confirma-la-muerte-de-un-normalista-de-ayotzinapa-en-enfrentamiento-de-chilpancingo-pide-a-la-fgr-atraer-el-caso","status":"publish","type":"post","link":"https:\/\/conexionnacional.mx\/index.php\/2024\/03\/08\/amlo-confirma-la-muerte-de-un-normalista-de-ayotzinapa-en-enfrentamiento-de-chilpancingo-pide-a-la-fgr-atraer-el-caso\/","title":{"rendered":"AMLO confirma la muerte de un normalista de Ayotzinapa en enfrentamiento de Chilpancingo, pide a la FGR atraer el caso"},"content":{"rendered":"\n<p>Durante su conferencia de prensa matutina, el presidente\u00a0<strong>Andr\u00e9s Manuel L\u00f3pez Obrador<\/strong>\u00a0lament\u00f3 el\u00a0enfrentamiento\u00a0armado que sucedi\u00f3 esta madrugada en\u00a0<strong>Chilpancingo<\/strong>, Guerrero, en donde un normalista de Ayotzinapa fue asesinado y un segundo estudiante termin\u00f3 lesionado.\u00a0<\/p>\n\n\n\n<p>En \u2018la ma\u00f1anera\u2019 que encabez\u00f3 este viernes en&nbsp;<strong>Michoac\u00e1n<\/strong>, el mandatario federal tambi\u00e9n busc\u00f3 aclara que el hecho \u201cno fue un choque de polic\u00edas y manifestantes\u201d, sino de un operativo policial sobre la ciudadan\u00eda.&nbsp;<\/p>\n\n\n\n<p>Narr\u00f3 que la informaci\u00f3n con la que cuenta sobre los hechos es que dos j\u00f3venes, que ven\u00edan de Tixtla de los festejos de la Normal de Ayoztinapa, viajaban en un auto particular y fueron interceptados por la polic\u00eda en un ret\u00e9n. Con ello, descart\u00f3 que tenga relaci\u00f3n con las manifestaciones que han llevado los normalistas.\u00a0<\/p>\n\n\n\n<figure class=\"wp-block-image\"><img decoding=\"async\" src=\"data:image\/gif;base64,R0lGODlhAQABAAAAACH5BAEKAAEALAAAAAABAAEAAAICTAEAOw==\" data-src=\"https:\/\/heraldodemexico.com.mx\/u\/fotografias\/m\/2024\/3\/8\/f768x1-904924_905051_0.jpg\" class=\"lazyload\" alt=\"\"\/><figcaption class=\"wp-element-caption\">Asesinan a un normalista de Ayotzinapa en Chilpancingo&nbsp;<br>FOTO: Especial&nbsp;<\/figcaption><\/figure>\n\n\n\n<p>Los hechos se dan a tan solo un d\u00eda despu\u00e9s de que protestantes normalistas embistieran la puerta de Palacio Nacional en plena &#8220;ma\u00f1anera&#8221; del 7 de marzo, raz\u00f3n por la cual L\u00f3pez Obrador pidi\u00f3 que se recolectara una &#8220;coperacha&#8221; entre funcionarios para pagar las reparaciones.&nbsp;<\/p>\n\n\n\n<p>A una d\u00e9cada de la desaparici\u00f3n de los 43 estudiantes en Iguala, persisten las manifestaciones en torno a la falta de esclarecimiento de las investigaciones sobre los normalistas. De acuerdo con el abogado de los padres de familia, Vidulfo Rosales, las movilizaciones continuar\u00e1n en los eventos electorales&nbsp;hasta que tengan respuesta a sus inc\u00f3gnitas.<\/p>\n\n\n\n<h2 class=\"wp-block-heading\">AMLO promete informar sobre lo sucedido en Chilpancingo&nbsp;<\/h2>\n\n\n\n<p>Tambi\u00e9n prometi\u00f3 que dar\u00e1n informaci\u00f3n diariamente sobre los hechos, y que hoy por la tarde la secretaria de Seguridad, Rosa Icela, comenzar\u00e1 en cuanto tenga m\u00e1s elementos.&nbsp;<\/p>\n\n\n\n<blockquote class=\"wp-block-quote is-layout-flow wp-block-quote-is-layout-flow\">\n<p>\u201cNada m\u00e1s aclarando que no fue un choque de polic\u00edas y manifestantes, eso es otra cuesti\u00f3n lamentable porque no queremos que nadie pierda la vida. Y no queremos, de ninguna manera caer en provocaciones, todos tenemos que actuar de manera responsable\u201d,dijo.<\/p>\n<\/blockquote>\n","protected":false},"excerpt":{"rendered":"<p>Durante su conferencia de prensa matutina, el presidente\u00a0Andr\u00e9s Manuel L\u00f3pez Obrador\u00a0lament\u00f3 el\u00a0enfrentamiento\u00a0armado que sucedi\u00f3 esta madrugada en\u00a0Chilpancingo, Guerrero, en donde un normalista de Ayotzinapa fue asesinado y un segundo estudiante termin\u00f3 lesionado.\u00a0 En \u2018la ma\u00f1anera\u2019 que encabez\u00f3 este viernes en&nbsp;Michoac\u00e1n, el mandatario federal tambi\u00e9n busc\u00f3 aclara que el hecho \u201cno fue un choque de polic\u00edas [&hellip;]<\/p>\n","protected":false},"author":1,"featured_media":19592,"comment_status":"closed","ping_status":"closed","sticky":false,"template":"","format":"aside","meta":{"googlesitekit_rrm_CAowytPeCw:productID":"","footnotes":""},"categories":[3],"tags":[7],"class_list":["post-19591","post","type-post","status-publish","format-aside","has-post-thumbnail","hentry","category-nacional","tag-amlo","post_format-post-format-aside"],"yoast_head":"<!-- This site is optimized with the Yoast SEO plugin v27.4 - https:\/\/yoast.com\/product\/yoast-seo-wordpress\/ -->\n<title>AMLO confirma la muerte de un normalista de Ayotzinapa en enfrentamiento de Chilpancingo, pide a la FGR atraer el caso |<\/title>\n<meta name=\"robots\" content=\"index, follow, max-snippet:-1, max-image-preview:large, max-video-preview:-1\" \/>\n<link rel=\"canonical\" href=\"https:\/\/conexionnacional.mx\/index.php\/2024\/03\/08\/amlo-confirma-la-muerte-de-un-normalista-de-ayotzinapa-en-enfrentamiento-de-chilpancingo-pide-a-la-fgr-atraer-el-caso\/\" \/>\n<meta property=\"og:locale\" content=\"es_MX\" \/>\n<meta property=\"og:type\" content=\"article\" \/>\n<meta property=\"og:title\" content=\"AMLO confirma la muerte de un normalista de Ayotzinapa en enfrentamiento de Chilpancingo, pide a la FGR atraer el caso |\" \/>\n<meta property=\"og:description\" content=\"Durante su conferencia de prensa matutina, el presidente\u00a0Andr\u00e9s Manuel L\u00f3pez Obrador\u00a0lament\u00f3 el\u00a0enfrentamiento\u00a0armado que sucedi\u00f3 esta madrugada en\u00a0Chilpancingo, Guerrero, en donde un normalista de Ayotzinapa fue asesinado y un segundo estudiante termin\u00f3 lesionado.\u00a0 En \u2018la ma\u00f1anera\u2019 que encabez\u00f3 este viernes en&nbsp;Michoac\u00e1n, el mandatario federal tambi\u00e9n busc\u00f3 aclara que el hecho \u201cno fue un choque de polic\u00edas [&hellip;]\" \/>\n<meta property=\"og:url\" content=\"https:\/\/conexionnacional.mx\/index.php\/2024\/03\/08\/amlo-confirma-la-muerte-de-un-normalista-de-ayotzinapa-en-enfrentamiento-de-chilpancingo-pide-a-la-fgr-atraer-el-caso\/\" \/>\n<meta property=\"og:site_name\" content=\"Conexi\u00f3n Nacional\" \/>\n<meta property=\"article:publisher\" content=\"https:\/\/www.facebook.com\/cnmxradio\" \/>\n<meta property=\"article:published_time\" content=\"2024-03-08T17:01:39+00:00\" \/>\n<meta property=\"article:modified_time\" content=\"2024-03-08T17:01:41+00:00\" \/>\n<meta property=\"og:image\" content=\"https:\/\/conexionnacional.mx\/wp-content\/uploads\/2024\/03\/f960x540-904911_978986_0.jpg\" \/>\n\t<meta property=\"og:image:width\" content=\"960\" \/>\n\t<meta property=\"og:image:height\" content=\"540\" \/>\n\t<meta property=\"og:image:type\" content=\"image\/jpeg\" \/>\n<meta name=\"author\" content=\"Conexi\u00f3n Nacional\" \/>\n<meta name=\"twitter:card\" content=\"summary_large_image\" \/>\n<meta name=\"twitter:label1\" content=\"Escrito por\" \/>\n\t<meta name=\"twitter:data1\" content=\"Conexi\u00f3n Nacional\" \/>\n\t<meta name=\"twitter:label2\" content=\"Tiempo de lectura\" \/>\n\t<meta name=\"twitter:data2\" content=\"2 minutos\" \/>\n<script type=\"application\/ld+json\" class=\"yoast-schema-graph\">{\"@context\":\"https:\\\/\\\/schema.org\",\"@graph\":[{\"@type\":\"Article\",\"@id\":\"https:\\\/\\\/conexionnacional.mx\\\/index.php\\\/2024\\\/03\\\/08\\\/amlo-confirma-la-muerte-de-un-normalista-de-ayotzinapa-en-enfrentamiento-de-chilpancingo-pide-a-la-fgr-atraer-el-caso\\\/#article\",\"isPartOf\":{\"@id\":\"https:\\\/\\\/conexionnacional.mx\\\/index.php\\\/2024\\\/03\\\/08\\\/amlo-confirma-la-muerte-de-un-normalista-de-ayotzinapa-en-enfrentamiento-de-chilpancingo-pide-a-la-fgr-atraer-el-caso\\\/\"},\"author\":{\"name\":\"Conexi\u00f3n Nacional\",\"@id\":\"https:\\\/\\\/conexionnacional.mx\\\/#\\\/schema\\\/person\\\/dd14aeda902120f5e0e021903fdb6931\"},\"headline\":\"AMLO confirma la muerte de un normalista de Ayotzinapa en enfrentamiento de Chilpancingo, pide a la FGR atraer el caso\",\"datePublished\":\"2024-03-08T17:01:39+00:00\",\"dateModified\":\"2024-03-08T17:01:41+00:00\",\"mainEntityOfPage\":{\"@id\":\"https:\\\/\\\/conexionnacional.mx\\\/index.php\\\/2024\\\/03\\\/08\\\/amlo-confirma-la-muerte-de-un-normalista-de-ayotzinapa-en-enfrentamiento-de-chilpancingo-pide-a-la-fgr-atraer-el-caso\\\/\"},\"wordCount\":367,\"publisher\":{\"@id\":\"https:\\\/\\\/conexionnacional.mx\\\/#organization\"},\"image\":{\"@id\":\"https:\\\/\\\/conexionnacional.mx\\\/index.php\\\/2024\\\/03\\\/08\\\/amlo-confirma-la-muerte-de-un-normalista-de-ayotzinapa-en-enfrentamiento-de-chilpancingo-pide-a-la-fgr-atraer-el-caso\\\/#primaryimage\"},\"thumbnailUrl\":\"https:\\\/\\\/conexionnacional.mx\\\/wp-content\\\/uploads\\\/2024\\\/03\\\/f960x540-904911_978986_0.jpg\",\"keywords\":[\"AMLO\"],\"articleSection\":[\"Nacional\"],\"inLanguage\":\"es\"},{\"@type\":\"WebPage\",\"@id\":\"https:\\\/\\\/conexionnacional.mx\\\/index.php\\\/2024\\\/03\\\/08\\\/amlo-confirma-la-muerte-de-un-normalista-de-ayotzinapa-en-enfrentamiento-de-chilpancingo-pide-a-la-fgr-atraer-el-caso\\\/\",\"url\":\"https:\\\/\\\/conexionnacional.mx\\\/index.php\\\/2024\\\/03\\\/08\\\/amlo-confirma-la-muerte-de-un-normalista-de-ayotzinapa-en-enfrentamiento-de-chilpancingo-pide-a-la-fgr-atraer-el-caso\\\/\",\"name\":\"AMLO confirma la muerte de un normalista de Ayotzinapa en enfrentamiento de Chilpancingo, pide a la FGR atraer el caso |\",\"isPartOf\":{\"@id\":\"https:\\\/\\\/conexionnacional.mx\\\/#website\"},\"primaryImageOfPage\":{\"@id\":\"https:\\\/\\\/conexionnacional.mx\\\/index.php\\\/2024\\\/03\\\/08\\\/amlo-confirma-la-muerte-de-un-normalista-de-ayotzinapa-en-enfrentamiento-de-chilpancingo-pide-a-la-fgr-atraer-el-caso\\\/#primaryimage\"},\"image\":{\"@id\":\"https:\\\/\\\/conexionnacional.mx\\\/index.php\\\/2024\\\/03\\\/08\\\/amlo-confirma-la-muerte-de-un-normalista-de-ayotzinapa-en-enfrentamiento-de-chilpancingo-pide-a-la-fgr-atraer-el-caso\\\/#primaryimage\"},\"thumbnailUrl\":\"https:\\\/\\\/conexionnacional.mx\\\/wp-content\\\/uploads\\\/2024\\\/03\\\/f960x540-904911_978986_0.jpg\",\"datePublished\":\"2024-03-08T17:01:39+00:00\",\"dateModified\":\"2024-03-08T17:01:41+00:00\",\"breadcrumb\":{\"@id\":\"https:\\\/\\\/conexionnacional.mx\\\/index.php\\\/2024\\\/03\\\/08\\\/amlo-confirma-la-muerte-de-un-normalista-de-ayotzinapa-en-enfrentamiento-de-chilpancingo-pide-a-la-fgr-atraer-el-caso\\\/#breadcrumb\"},\"inLanguage\":\"es\",\"potentialAction\":[{\"@type\":\"ReadAction\",\"target\":[\"https:\\\/\\\/conexionnacional.mx\\\/index.php\\\/2024\\\/03\\\/08\\\/amlo-confirma-la-muerte-de-un-normalista-de-ayotzinapa-en-enfrentamiento-de-chilpancingo-pide-a-la-fgr-atraer-el-caso\\\/\"]}]},{\"@type\":\"ImageObject\",\"inLanguage\":\"es\",\"@id\":\"https:\\\/\\\/conexionnacional.mx\\\/index.php\\\/2024\\\/03\\\/08\\\/amlo-confirma-la-muerte-de-un-normalista-de-ayotzinapa-en-enfrentamiento-de-chilpancingo-pide-a-la-fgr-atraer-el-caso\\\/#primaryimage\",\"url\":\"https:\\\/\\\/conexionnacional.mx\\\/wp-content\\\/uploads\\\/2024\\\/03\\\/f960x540-904911_978986_0.jpg\",\"contentUrl\":\"https:\\\/\\\/conexionnacional.mx\\\/wp-content\\\/uploads\\\/2024\\\/03\\\/f960x540-904911_978986_0.jpg\",\"width\":960,\"height\":540},{\"@type\":\"BreadcrumbList\",\"@id\":\"https:\\\/\\\/conexionnacional.mx\\\/index.php\\\/2024\\\/03\\\/08\\\/amlo-confirma-la-muerte-de-un-normalista-de-ayotzinapa-en-enfrentamiento-de-chilpancingo-pide-a-la-fgr-atraer-el-caso\\\/#breadcrumb\",\"itemListElement\":[{\"@type\":\"ListItem\",\"position\":1,\"name\":\"Inicio\",\"item\":\"https:\\\/\\\/conexionnacional.mx\\\/\"},{\"@type\":\"ListItem\",\"position\":2,\"name\":\"AMLO confirma la muerte de un normalista de Ayotzinapa en enfrentamiento de Chilpancingo, pide a la FGR atraer el caso\"}]},{\"@type\":\"WebSite\",\"@id\":\"https:\\\/\\\/conexionnacional.mx\\\/#website\",\"url\":\"https:\\\/\\\/conexionnacional.mx\\\/\",\"name\":\"Conexi\u00f3n Nacional\",\"description\":\"Noticias al momento\",\"publisher\":{\"@id\":\"https:\\\/\\\/conexionnacional.mx\\\/#organization\"},\"alternateName\":\"Noticias nacionales\",\"potentialAction\":[{\"@type\":\"SearchAction\",\"target\":{\"@type\":\"EntryPoint\",\"urlTemplate\":\"https:\\\/\\\/conexionnacional.mx\\\/?s={search_term_string}\"},\"query-input\":{\"@type\":\"PropertyValueSpecification\",\"valueRequired\":true,\"valueName\":\"search_term_string\"}}],\"inLanguage\":\"es\"},{\"@type\":\"Organization\",\"@id\":\"https:\\\/\\\/conexionnacional.mx\\\/#organization\",\"name\":\"Conexi\u00f3n Nacional\",\"url\":\"https:\\\/\\\/conexionnacional.mx\\\/\",\"logo\":{\"@type\":\"ImageObject\",\"inLanguage\":\"es\",\"@id\":\"https:\\\/\\\/conexionnacional.mx\\\/#\\\/schema\\\/logo\\\/image\\\/\",\"url\":\"https:\\\/\\\/conexionnacional.mx\\\/wp-content\\\/uploads\\\/2022\\\/09\\\/conexion_nacional.png\",\"contentUrl\":\"https:\\\/\\\/conexionnacional.mx\\\/wp-content\\\/uploads\\\/2022\\\/09\\\/conexion_nacional.png\",\"width\":2964,\"height\":1173,\"caption\":\"Conexi\u00f3n Nacional\"},\"image\":{\"@id\":\"https:\\\/\\\/conexionnacional.mx\\\/#\\\/schema\\\/logo\\\/image\\\/\"},\"sameAs\":[\"https:\\\/\\\/www.facebook.com\\\/cnmxradio\"]},{\"@type\":\"Person\",\"@id\":\"https:\\\/\\\/conexionnacional.mx\\\/#\\\/schema\\\/person\\\/dd14aeda902120f5e0e021903fdb6931\",\"name\":\"Conexi\u00f3n Nacional\",\"image\":{\"@type\":\"ImageObject\",\"inLanguage\":\"es\",\"@id\":\"https:\\\/\\\/secure.gravatar.com\\\/avatar\\\/e523100f284110b2ecca7e17b2be9cf140a5e8f35294c9ec0543e6916cc1f9be?s=96&d=blank&r=g\",\"url\":\"https:\\\/\\\/secure.gravatar.com\\\/avatar\\\/e523100f284110b2ecca7e17b2be9cf140a5e8f35294c9ec0543e6916cc1f9be?s=96&d=blank&r=g\",\"contentUrl\":\"https:\\\/\\\/secure.gravatar.com\\\/avatar\\\/e523100f284110b2ecca7e17b2be9cf140a5e8f35294c9ec0543e6916cc1f9be?s=96&d=blank&r=g\",\"caption\":\"Conexi\u00f3n Nacional\"},\"sameAs\":[\"https:\\\/\\\/conexionnacional.mx\"],\"url\":\"https:\\\/\\\/conexionnacional.mx\\\/index.php\\\/author\\\/administrador\\\/\"}]}<\/script>\n<!-- \/ Yoast SEO plugin. -->","yoast_head_json":{"title":"AMLO confirma la muerte de un normalista de Ayotzinapa en enfrentamiento de Chilpancingo, pide a la FGR atraer el caso |","robots":{"index":"index","follow":"follow","max-snippet":"max-snippet:-1","max-image-preview":"max-image-preview:large","max-video-preview":"max-video-preview:-1"},"canonical":"https:\/\/conexionnacional.mx\/index.php\/2024\/03\/08\/amlo-confirma-la-muerte-de-un-normalista-de-ayotzinapa-en-enfrentamiento-de-chilpancingo-pide-a-la-fgr-atraer-el-caso\/","og_locale":"es_MX","og_type":"article","og_title":"AMLO confirma la muerte de un normalista de Ayotzinapa en enfrentamiento de Chilpancingo, pide a la FGR atraer el caso |","og_description":"Durante su conferencia de prensa matutina, el presidente\u00a0Andr\u00e9s Manuel L\u00f3pez Obrador\u00a0lament\u00f3 el\u00a0enfrentamiento\u00a0armado que sucedi\u00f3 esta madrugada en\u00a0Chilpancingo, Guerrero, en donde un normalista de Ayotzinapa fue asesinado y un segundo estudiante termin\u00f3 lesionado.\u00a0 En \u2018la ma\u00f1anera\u2019 que encabez\u00f3 este viernes en&nbsp;Michoac\u00e1n, el mandatario federal tambi\u00e9n busc\u00f3 aclara que el hecho \u201cno fue un choque de polic\u00edas [&hellip;]","og_url":"https:\/\/conexionnacional.mx\/index.php\/2024\/03\/08\/amlo-confirma-la-muerte-de-un-normalista-de-ayotzinapa-en-enfrentamiento-de-chilpancingo-pide-a-la-fgr-atraer-el-caso\/","og_site_name":"Conexi\u00f3n Nacional","article_publisher":"https:\/\/www.facebook.com\/cnmxradio","article_published_time":"2024-03-08T17:01:39+00:00","article_modified_time":"2024-03-08T17:01:41+00:00","og_image":[{"width":960,"height":540,"url":"https:\/\/conexionnacional.mx\/wp-content\/uploads\/2024\/03\/f960x540-904911_978986_0.jpg","type":"image\/jpeg"}],"author":"Conexi\u00f3n Nacional","twitter_card":"summary_large_image","twitter_misc":{"Escrito por":"Conexi\u00f3n Nacional","Tiempo de lectura":"2 minutos"},"schema":{"@context":"https:\/\/schema.org","@graph":[{"@type":"Article","@id":"https:\/\/conexionnacional.mx\/index.php\/2024\/03\/08\/amlo-confirma-la-muerte-de-un-normalista-de-ayotzinapa-en-enfrentamiento-de-chilpancingo-pide-a-la-fgr-atraer-el-caso\/#article","isPartOf":{"@id":"https:\/\/conexionnacional.mx\/index.php\/2024\/03\/08\/amlo-confirma-la-muerte-de-un-normalista-de-ayotzinapa-en-enfrentamiento-de-chilpancingo-pide-a-la-fgr-atraer-el-caso\/"},"author":{"name":"Conexi\u00f3n Nacional","@id":"https:\/\/conexionnacional.mx\/#\/schema\/person\/dd14aeda902120f5e0e021903fdb6931"},"headline":"AMLO confirma la muerte de un normalista de Ayotzinapa en enfrentamiento de Chilpancingo, pide a la FGR atraer el caso","datePublished":"2024-03-08T17:01:39+00:00","dateModified":"2024-03-08T17:01:41+00:00","mainEntityOfPage":{"@id":"https:\/\/conexionnacional.mx\/index.php\/2024\/03\/08\/amlo-confirma-la-muerte-de-un-normalista-de-ayotzinapa-en-enfrentamiento-de-chilpancingo-pide-a-la-fgr-atraer-el-caso\/"},"wordCount":367,"publisher":{"@id":"https:\/\/conexionnacional.mx\/#organization"},"image":{"@id":"https:\/\/conexionnacional.mx\/index.php\/2024\/03\/08\/amlo-confirma-la-muerte-de-un-normalista-de-ayotzinapa-en-enfrentamiento-de-chilpancingo-pide-a-la-fgr-atraer-el-caso\/#primaryimage"},"thumbnailUrl":"https:\/\/conexionnacional.mx\/wp-content\/uploads\/2024\/03\/f960x540-904911_978986_0.jpg","keywords":["AMLO"],"articleSection":["Nacional"],"inLanguage":"es"},{"@type":"WebPage","@id":"https:\/\/conexionnacional.mx\/index.php\/2024\/03\/08\/amlo-confirma-la-muerte-de-un-normalista-de-ayotzinapa-en-enfrentamiento-de-chilpancingo-pide-a-la-fgr-atraer-el-caso\/","url":"https:\/\/conexionnacional.mx\/index.php\/2024\/03\/08\/amlo-confirma-la-muerte-de-un-normalista-de-ayotzinapa-en-enfrentamiento-de-chilpancingo-pide-a-la-fgr-atraer-el-caso\/","name":"AMLO confirma la muerte de un normalista de Ayotzinapa en enfrentamiento de Chilpancingo, pide a la FGR atraer el caso |","isPartOf":{"@id":"https:\/\/conexionnacional.mx\/#website"},"primaryImageOfPage":{"@id":"https:\/\/conexionnacional.mx\/index.php\/2024\/03\/08\/amlo-confirma-la-muerte-de-un-normalista-de-ayotzinapa-en-enfrentamiento-de-chilpancingo-pide-a-la-fgr-atraer-el-caso\/#primaryimage"},"image":{"@id":"https:\/\/conexionnacional.mx\/index.php\/2024\/03\/08\/amlo-confirma-la-muerte-de-un-normalista-de-ayotzinapa-en-enfrentamiento-de-chilpancingo-pide-a-la-fgr-atraer-el-caso\/#primaryimage"},"thumbnailUrl":"https:\/\/conexionnacional.mx\/wp-content\/uploads\/2024\/03\/f960x540-904911_978986_0.jpg","datePublished":"2024-03-08T17:01:39+00:00","dateModified":"2024-03-08T17:01:41+00:00","breadcrumb":{"@id":"https:\/\/conexionnacional.mx\/index.php\/2024\/03\/08\/amlo-confirma-la-muerte-de-un-normalista-de-ayotzinapa-en-enfrentamiento-de-chilpancingo-pide-a-la-fgr-atraer-el-caso\/#breadcrumb"},"inLanguage":"es","potentialAction":[{"@type":"ReadAction","target":["https:\/\/conexionnacional.mx\/index.php\/2024\/03\/08\/amlo-confirma-la-muerte-de-un-normalista-de-ayotzinapa-en-enfrentamiento-de-chilpancingo-pide-a-la-fgr-atraer-el-caso\/"]}]},{"@type":"ImageObject","inLanguage":"es","@id":"https:\/\/conexionnacional.mx\/index.php\/2024\/03\/08\/amlo-confirma-la-muerte-de-un-normalista-de-ayotzinapa-en-enfrentamiento-de-chilpancingo-pide-a-la-fgr-atraer-el-caso\/#primaryimage","url":"https:\/\/conexionnacional.mx\/wp-content\/uploads\/2024\/03\/f960x540-904911_978986_0.jpg","contentUrl":"https:\/\/conexionnacional.mx\/wp-content\/uploads\/2024\/03\/f960x540-904911_978986_0.jpg","width":960,"height":540},{"@type":"BreadcrumbList","@id":"https:\/\/conexionnacional.mx\/index.php\/2024\/03\/08\/amlo-confirma-la-muerte-de-un-normalista-de-ayotzinapa-en-enfrentamiento-de-chilpancingo-pide-a-la-fgr-atraer-el-caso\/#breadcrumb","itemListElement":[{"@type":"ListItem","position":1,"name":"Inicio","item":"https:\/\/conexionnacional.mx\/"},{"@type":"ListItem","position":2,"name":"AMLO confirma la muerte de un normalista de Ayotzinapa en enfrentamiento de Chilpancingo, pide a la FGR atraer el caso"}]},{"@type":"WebSite","@id":"https:\/\/conexionnacional.mx\/#website","url":"https:\/\/conexionnacional.mx\/","name":"Conexi\u00f3n Nacional","description":"Noticias al momento","publisher":{"@id":"https:\/\/conexionnacional.mx\/#organization"},"alternateName":"Noticias nacionales","potentialAction":[{"@type":"SearchAction","target":{"@type":"EntryPoint","urlTemplate":"https:\/\/conexionnacional.mx\/?s={search_term_string}"},"query-input":{"@type":"PropertyValueSpecification","valueRequired":true,"valueName":"search_term_string"}}],"inLanguage":"es"},{"@type":"Organization","@id":"https:\/\/conexionnacional.mx\/#organization","name":"Conexi\u00f3n Nacional","url":"https:\/\/conexionnacional.mx\/","logo":{"@type":"ImageObject","inLanguage":"es","@id":"https:\/\/conexionnacional.mx\/#\/schema\/logo\/image\/","url":"https:\/\/conexionnacional.mx\/wp-content\/uploads\/2022\/09\/conexion_nacional.png","contentUrl":"https:\/\/conexionnacional.mx\/wp-content\/uploads\/2022\/09\/conexion_nacional.png","width":2964,"height":1173,"caption":"Conexi\u00f3n Nacional"},"image":{"@id":"https:\/\/conexionnacional.mx\/#\/schema\/logo\/image\/"},"sameAs":["https:\/\/www.facebook.com\/cnmxradio"]},{"@type":"Person","@id":"https:\/\/conexionnacional.mx\/#\/schema\/person\/dd14aeda902120f5e0e021903fdb6931","name":"Conexi\u00f3n Nacional","image":{"@type":"ImageObject","inLanguage":"es","@id":"https:\/\/secure.gravatar.com\/avatar\/e523100f284110b2ecca7e17b2be9cf140a5e8f35294c9ec0543e6916cc1f9be?s=96&d=blank&r=g","url":"https:\/\/secure.gravatar.com\/avatar\/e523100f284110b2ecca7e17b2be9cf140a5e8f35294c9ec0543e6916cc1f9be?s=96&d=blank&r=g","contentUrl":"https:\/\/secure.gravatar.com\/avatar\/e523100f284110b2ecca7e17b2be9cf140a5e8f35294c9ec0543e6916cc1f9be?s=96&d=blank&r=g","caption":"Conexi\u00f3n Nacional"},"sameAs":["https:\/\/conexionnacional.mx"],"url":"https:\/\/conexionnacional.mx\/index.php\/author\/administrador\/"}]}},"_links":{"self":[{"href":"https:\/\/conexionnacional.mx\/index.php\/wp-json\/wp\/v2\/posts\/19591","targetHints":{"allow":["GET"]}}],"collection":[{"href":"https:\/\/conexionnacional.mx\/index.php\/wp-json\/wp\/v2\/posts"}],"about":[{"href":"https:\/\/conexionnacional.mx\/index.php\/wp-json\/wp\/v2\/types\/post"}],"author":[{"embeddable":true,"href":"https:\/\/conexionnacional.mx\/index.php\/wp-json\/wp\/v2\/users\/1"}],"replies":[{"embeddable":true,"href":"https:\/\/conexionnacional.mx\/index.php\/wp-json\/wp\/v2\/comments?post=19591"}],"version-history":[{"count":1,"href":"https:\/\/conexionnacional.mx\/index.php\/wp-json\/wp\/v2\/posts\/19591\/revisions"}],"predecessor-version":[{"id":19593,"href":"https:\/\/conexionnacional.mx\/index.php\/wp-json\/wp\/v2\/posts\/19591\/revisions\/19593"}],"wp:featuredmedia":[{"embeddable":true,"href":"https:\/\/conexionnacional.mx\/index.php\/wp-json\/wp\/v2\/media\/19592"}],"wp:attachment":[{"href":"https:\/\/conexionnacional.mx\/index.php\/wp-json\/wp\/v2\/media?parent=19591"}],"wp:term":[{"taxonomy":"category","embeddable":true,"href":"https:\/\/conexionnacional.mx\/index.php\/wp-json\/wp\/v2\/categories?post=19591"},{"taxonomy":"post_tag","embeddable":true,"href":"https:\/\/conexionnacional.mx\/index.php\/wp-json\/wp\/v2\/tags?post=19591"}],"curies":[{"name":"wp","href":"https:\/\/api.w.org\/{rel}","templated":true}]}}