{"id":18235,"date":"2023-12-19T17:23:59","date_gmt":"2023-12-19T23:23:59","guid":{"rendered":"https:\/\/conexionnacional.mx\/?p=18235"},"modified":"2023-12-19T17:24:00","modified_gmt":"2023-12-19T23:24:00","slug":"mexico-jugara-contra-brasil-y-uruguay-en-2024","status":"publish","type":"post","link":"https:\/\/conexionnacional.mx\/index.php\/2023\/12\/19\/mexico-jugara-contra-brasil-y-uruguay-en-2024\/","title":{"rendered":"\u00a1Amistosos de lujo! M\u00e9xico jugar\u00e1 contra Brasil y Uruguay en 2024, antes de Copa Am\u00e9rica"},"content":{"rendered":"\n<p><strong>M\u00e9xico&nbsp;<\/strong>tendr\u00e1 una&nbsp;<strong>preparaci\u00f3n de lujo<\/strong>&nbsp;antes de&nbsp;<strong>debutar&nbsp;<\/strong>en la&nbsp;<strong>Copa Am\u00e9rica 2024<\/strong>.<\/p>\n\n\n\n<p>La \u00faltima&nbsp;<strong>Junta de Due\u00f1os&nbsp;<\/strong>se celebr\u00f3 este martes en las instalaciones de la&nbsp;<strong>Federaci\u00f3n Mexicana de Futbol<\/strong>, donde fue revelado que&nbsp;<strong>Uruguay&nbsp;<\/strong>y&nbsp;<strong>Brasil&nbsp;<\/strong>ser\u00e1n los dos \u00faltimos&nbsp;<strong>sinodales&nbsp;<\/strong>del&nbsp;<strong>Tri<\/strong>&nbsp;antes de arrancar su&nbsp;<strong>camino&nbsp;<\/strong>en la pr\u00f3xima&nbsp;<strong>Copa Am\u00e9rica<\/strong>, que se celebrar\u00e1 en&nbsp;<strong>Estados Unidos<\/strong>.<\/p>\n\n\n\n<p>De acuerdo con la informaci\u00f3n,&nbsp;<strong>M\u00e9xico&nbsp;<\/strong>chocar\u00e1 ante&nbsp;<strong>Uruguay&nbsp;<\/strong>el 5 de junio, y ante&nbsp;<strong>Brasil&nbsp;<\/strong>el 8 de junio, antes de iniciar su camino en la&nbsp;<strong>Copa Am\u00e9rica 2024,<\/strong>torneo en el que debutar\u00e1n ante&nbsp;<strong>Jamaica&nbsp;<\/strong>en&nbsp;<strong>Houston.<\/strong><\/p>\n\n\n\n<p>Por ahora, las<strong>&nbsp;sedes&nbsp;<\/strong>de los&nbsp;<strong>duelos amistosos&nbsp;<\/strong>ante&nbsp;<strong>Uruguay y Brasil<\/strong>&nbsp;no han sido definidas.<\/p>\n\n\n\n<p>Ambos&nbsp;<strong>partidos&nbsp;<\/strong>son de&nbsp;<strong>car\u00e1cter amistoso&nbsp;<\/strong>ante dos&nbsp;<strong>rivales de much\u00edsimo nivel<\/strong>&nbsp;y entre los favoritos a llevarse el&nbsp;<strong>t\u00edtulo&nbsp;<\/strong>en&nbsp;<strong>Estados Unidos<\/strong>.<\/p>\n\n\n\n<figure class=\"wp-block-embed is-type-rich is-provider-twitter wp-block-embed-twitter\"><div class=\"wp-block-embed__wrapper\">\n<blockquote class=\"twitter-tweet\" data-width=\"550\" data-dnt=\"true\"><p lang=\"es\" dir=\"ltr\">Asamblea de Due\u00f1os en FMF:<br><br>&#8211; publicaci\u00f3n de audios del VAR para el pr\u00f3ximo torneo.<br><br>&#8211; Selecci\u00f3n Mexicana 5 y 8 de junio vs Uruguay y Brasil previo a Copa Oro.<br><br>&#8211; autonom\u00eda a la Comisi\u00f3n de Arbitraje.<a href=\"https:\/\/twitter.com\/CentralFOXMX?ref_src=twsrc%5Etfw\">@CentralFOXMX<\/a> <a href=\"https:\/\/twitter.com\/FOXSportsMX?ref_src=twsrc%5Etfw\">@FOXSportsMX<\/a><\/p>&mdash; David Espinosa \ud83e\udd78 (@David_EG) <a href=\"https:\/\/twitter.com\/David_EG\/status\/1737204897047552414?ref_src=twsrc%5Etfw\">December 19, 2023<\/a><\/blockquote><script async src=\"https:\/\/platform.twitter.com\/widgets.js\" charset=\"utf-8\"><\/script>\n<\/div><\/figure>\n\n\n\n<h2 class=\"wp-block-heading\"><strong>\u00bfCU\u00c1NDO DEBUTA M\u00c9XICO EN COPA AM\u00c9RICA 2024?<\/strong><\/h2>\n\n\n\n<p><strong>M\u00e9xico&nbsp;<\/strong>arrancar\u00e1 su camino en la&nbsp;<strong>Copa Am\u00e9rica 2024<\/strong>&nbsp;el&nbsp;<strong>pr\u00f3ximo 22 de junio<\/strong>&nbsp;cuando se vea las caras ante&nbsp;<strong>Jamaica&nbsp;<\/strong>en&nbsp;<strong>Houston<\/strong>, en duelo del&nbsp;<strong>Grupo B<\/strong>.<\/p>\n\n\n\n<p>Posteriormente, el&nbsp;<strong>Tri&nbsp;<\/strong>chocar\u00e1 ante&nbsp;<strong>Venezuela&nbsp;<\/strong>en el&nbsp;<strong>SoFi Stadium<\/strong>&nbsp;(26 de junio) de&nbsp;<strong>Los \u00c1ngeles<\/strong>, y cerrar\u00e1 su actividad en la&nbsp;<strong>Fase de Grupos&nbsp;<\/strong>ante&nbsp;<strong>Ecuador&nbsp;<\/strong>en&nbsp;<strong>Glendale<\/strong>,&nbsp;<strong>Arizona<\/strong>.<\/p>\n\n\n\n<p>\u201cSon&nbsp;<strong>tres selecciones<\/strong>&nbsp;que pasan por un buen momento. Lo que me gusta es que para esta&nbsp;<strong>Copa Am\u00e9rica<\/strong>&nbsp;tienes tiempo para prepararte, para llegar lo mejor posible y creo que&nbsp;<strong>podremos sacar alguna ventaja de eso<\/strong>.<\/p>\n\n\n\n<p>\u201cSer\u00e1 importante&nbsp;<strong>aprovechar&nbsp;<\/strong>enfrentarse con&nbsp;<strong>este tipo de equipos&nbsp;<\/strong>desde el principio. En nuestro grupo<strong>&nbsp;no veo un solo rival f\u00e1cil<\/strong>, es dif\u00edcil predecir a los dos equipos que van avanzar. Para los futbolistas es importante enfrentar a estos rivales tan r\u00e1pido para que desde el principio est\u00e9n alertas\u201d, dijo Lozano a principios del mes de diciembre, durante el&nbsp;<strong>sorteo&nbsp;<\/strong>de la&nbsp;<strong>Fase de Grupos<\/strong>&nbsp;de la C<strong>opa Am\u00e9rica 2024<\/strong>&nbsp;en Miami.<\/p>\n\n\n\n<figure class=\"wp-block-embed is-type-rich is-provider-twitter wp-block-embed-twitter\"><div class=\"wp-block-embed__wrapper\">\n<blockquote class=\"twitter-tweet\" data-width=\"550\" data-dnt=\"true\"><p lang=\"es\" dir=\"ltr\">\ud83d\udd1d\ud83c\uddf2\ud83c\uddfd\u26bd\ufe0f<br>En 2024 enfrentaremos a Uruguay \ud83c\uddfa\ud83c\uddfe y Brasil \ud83c\udde7\ud83c\uddf7  como preparaci\u00f3n para la Copa Am\u00e9rica 2024.<br><br>\u00a1Partidos de alto nivel dentro del proyecto de Selecciones Nacionales! <a href=\"https:\/\/twitter.com\/hashtag\/VamosTodos?src=hash&amp;ref_src=twsrc%5Etfw\">#VamosTodos<\/a> <a href=\"https:\/\/t.co\/SDaXnsqoEs\">pic.twitter.com\/SDaXnsqoEs<\/a><\/p>&mdash; Selecci\u00f3n Nacional (@miseleccionmx) <a href=\"https:\/\/twitter.com\/miseleccionmx\/status\/1737217538671489249?ref_src=twsrc%5Etfw\">December 19, 2023<\/a><\/blockquote><script async src=\"https:\/\/platform.twitter.com\/widgets.js\" charset=\"utf-8\"><\/script>\n<\/div><\/figure>\n","protected":false},"excerpt":{"rendered":"<p>M\u00e9xico&nbsp;tendr\u00e1 una&nbsp;preparaci\u00f3n de lujo&nbsp;antes de&nbsp;debutar&nbsp;en la&nbsp;Copa Am\u00e9rica 2024. La \u00faltima&nbsp;Junta de Due\u00f1os&nbsp;se celebr\u00f3 este martes en las instalaciones de la&nbsp;Federaci\u00f3n Mexicana de Futbol, donde fue revelado que&nbsp;Uruguay&nbsp;y&nbsp;Brasil&nbsp;ser\u00e1n los dos \u00faltimos&nbsp;sinodales&nbsp;del&nbsp;Tri&nbsp;antes de arrancar su&nbsp;camino&nbsp;en la pr\u00f3xima&nbsp;Copa Am\u00e9rica, que se celebrar\u00e1 en&nbsp;Estados Unidos. De acuerdo con la informaci\u00f3n,&nbsp;M\u00e9xico&nbsp;chocar\u00e1 ante&nbsp;Uruguay&nbsp;el 5 de junio, y ante&nbsp;Brasil&nbsp;el 8 de junio, [&hellip;]<\/p>\n","protected":false},"author":1,"featured_media":18236,"comment_status":"closed","ping_status":"closed","sticky":false,"template":"","format":"aside","meta":{"googlesitekit_rrm_CAowytPeCw:productID":"","footnotes":""},"categories":[19],"tags":[6749,3745,187],"class_list":["post-18235","post","type-post","status-publish","format-aside","has-post-thumbnail","hentry","category-deportes","tag-amistosos","tag-copa-america","tag-mexico","post_format-post-format-aside"],"yoast_head":"<!-- This site is optimized with the Yoast SEO plugin v27.4 - https:\/\/yoast.com\/product\/yoast-seo-wordpress\/ -->\n<title>M\u00e9xico jugar\u00e1 contra Brasil y Uruguay en 2024<\/title>\n<meta name=\"description\" content=\"La \u00faltima\u00a0Junta de Due\u00f1os\u00a0se celebr\u00f3 este martes en las instalaciones de la\u00a0Federaci\u00f3n Mexicana de Futbol, donde fue revelado que\u00a0Uruguay\u00a0y\u00a0Brasil\u00a0ser\u00e1n los dos \u00faltimos\u00a0sinodales\u00a0del\u00a0Tri\u00a0antes de arrancar su\u00a0camino\u00a0en la pr\u00f3xima\u00a0Copa Am\u00e9rica, que se celebrar\u00e1 en\u00a0Estados Unidos.\" \/>\n<meta name=\"robots\" content=\"index, follow, max-snippet:-1, max-image-preview:large, max-video-preview:-1\" \/>\n<link rel=\"canonical\" href=\"https:\/\/conexionnacional.mx\/index.php\/2023\/12\/19\/mexico-jugara-contra-brasil-y-uruguay-en-2024\/\" \/>\n<meta property=\"og:locale\" content=\"es_MX\" \/>\n<meta property=\"og:type\" content=\"article\" \/>\n<meta property=\"og:title\" content=\"M\u00e9xico jugar\u00e1 contra Brasil y Uruguay en 2024\" \/>\n<meta property=\"og:description\" content=\"La \u00faltima\u00a0Junta de Due\u00f1os\u00a0se celebr\u00f3 este martes en las instalaciones de la\u00a0Federaci\u00f3n Mexicana de Futbol, donde fue revelado que\u00a0Uruguay\u00a0y\u00a0Brasil\u00a0ser\u00e1n los dos \u00faltimos\u00a0sinodales\u00a0del\u00a0Tri\u00a0antes de arrancar su\u00a0camino\u00a0en la pr\u00f3xima\u00a0Copa Am\u00e9rica, que se celebrar\u00e1 en\u00a0Estados Unidos.\" \/>\n<meta property=\"og:url\" content=\"https:\/\/conexionnacional.mx\/index.php\/2023\/12\/19\/mexico-jugara-contra-brasil-y-uruguay-en-2024\/\" \/>\n<meta property=\"og:site_name\" content=\"Conexi\u00f3n Nacional\" \/>\n<meta property=\"article:publisher\" content=\"https:\/\/www.facebook.com\/cnmxradio\" \/>\n<meta property=\"article:published_time\" content=\"2023-12-19T23:23:59+00:00\" \/>\n<meta property=\"article:modified_time\" content=\"2023-12-19T23:24:00+00:00\" \/>\n<meta property=\"og:image\" content=\"https:\/\/conexionnacional.mx\/wp-content\/uploads\/2023\/12\/Seleccion-Mexicana-confirma-amistosos-contra-Brasil-y-Uruguay-en-2024.webp\" \/>\n\t<meta property=\"og:image:width\" content=\"1024\" \/>\n\t<meta property=\"og:image:height\" content=\"576\" \/>\n\t<meta property=\"og:image:type\" content=\"image\/webp\" \/>\n<meta name=\"author\" content=\"Conexi\u00f3n Nacional\" \/>\n<meta name=\"twitter:card\" content=\"summary_large_image\" \/>\n<meta name=\"twitter:label1\" content=\"Escrito por\" \/>\n\t<meta name=\"twitter:data1\" content=\"Conexi\u00f3n Nacional\" \/>\n\t<meta name=\"twitter:label2\" content=\"Tiempo de lectura\" \/>\n\t<meta name=\"twitter:data2\" content=\"2 minutos\" \/>\n<script type=\"application\/ld+json\" class=\"yoast-schema-graph\">{\"@context\":\"https:\\\/\\\/schema.org\",\"@graph\":[{\"@type\":\"Article\",\"@id\":\"https:\\\/\\\/conexionnacional.mx\\\/index.php\\\/2023\\\/12\\\/19\\\/mexico-jugara-contra-brasil-y-uruguay-en-2024\\\/#article\",\"isPartOf\":{\"@id\":\"https:\\\/\\\/conexionnacional.mx\\\/index.php\\\/2023\\\/12\\\/19\\\/mexico-jugara-contra-brasil-y-uruguay-en-2024\\\/\"},\"author\":{\"name\":\"Conexi\u00f3n Nacional\",\"@id\":\"https:\\\/\\\/conexionnacional.mx\\\/#\\\/schema\\\/person\\\/dd14aeda902120f5e0e021903fdb6931\"},\"headline\":\"\u00a1Amistosos de lujo! M\u00e9xico jugar\u00e1 contra Brasil y Uruguay en 2024, antes de Copa Am\u00e9rica\",\"datePublished\":\"2023-12-19T23:23:59+00:00\",\"dateModified\":\"2023-12-19T23:24:00+00:00\",\"mainEntityOfPage\":{\"@id\":\"https:\\\/\\\/conexionnacional.mx\\\/index.php\\\/2023\\\/12\\\/19\\\/mexico-jugara-contra-brasil-y-uruguay-en-2024\\\/\"},\"wordCount\":516,\"publisher\":{\"@id\":\"https:\\\/\\\/conexionnacional.mx\\\/#organization\"},\"image\":{\"@id\":\"https:\\\/\\\/conexionnacional.mx\\\/index.php\\\/2023\\\/12\\\/19\\\/mexico-jugara-contra-brasil-y-uruguay-en-2024\\\/#primaryimage\"},\"thumbnailUrl\":\"https:\\\/\\\/conexionnacional.mx\\\/wp-content\\\/uploads\\\/2023\\\/12\\\/Seleccion-Mexicana-confirma-amistosos-contra-Brasil-y-Uruguay-en-2024.webp\",\"keywords\":[\"Amistosos\",\"Copa Am\u00e9rica\",\"M\u00e9xico\"],\"articleSection\":[\"Deportes\"],\"inLanguage\":\"es\"},{\"@type\":\"WebPage\",\"@id\":\"https:\\\/\\\/conexionnacional.mx\\\/index.php\\\/2023\\\/12\\\/19\\\/mexico-jugara-contra-brasil-y-uruguay-en-2024\\\/\",\"url\":\"https:\\\/\\\/conexionnacional.mx\\\/index.php\\\/2023\\\/12\\\/19\\\/mexico-jugara-contra-brasil-y-uruguay-en-2024\\\/\",\"name\":\"M\u00e9xico jugar\u00e1 contra Brasil y Uruguay en 2024\",\"isPartOf\":{\"@id\":\"https:\\\/\\\/conexionnacional.mx\\\/#website\"},\"primaryImageOfPage\":{\"@id\":\"https:\\\/\\\/conexionnacional.mx\\\/index.php\\\/2023\\\/12\\\/19\\\/mexico-jugara-contra-brasil-y-uruguay-en-2024\\\/#primaryimage\"},\"image\":{\"@id\":\"https:\\\/\\\/conexionnacional.mx\\\/index.php\\\/2023\\\/12\\\/19\\\/mexico-jugara-contra-brasil-y-uruguay-en-2024\\\/#primaryimage\"},\"thumbnailUrl\":\"https:\\\/\\\/conexionnacional.mx\\\/wp-content\\\/uploads\\\/2023\\\/12\\\/Seleccion-Mexicana-confirma-amistosos-contra-Brasil-y-Uruguay-en-2024.webp\",\"datePublished\":\"2023-12-19T23:23:59+00:00\",\"dateModified\":\"2023-12-19T23:24:00+00:00\",\"description\":\"La \u00faltima\u00a0Junta de Due\u00f1os\u00a0se celebr\u00f3 este martes en las instalaciones de la\u00a0Federaci\u00f3n Mexicana de Futbol, donde fue revelado que\u00a0Uruguay\u00a0y\u00a0Brasil\u00a0ser\u00e1n los dos \u00faltimos\u00a0sinodales\u00a0del\u00a0Tri\u00a0antes de arrancar su\u00a0camino\u00a0en la pr\u00f3xima\u00a0Copa Am\u00e9rica, que se celebrar\u00e1 en\u00a0Estados Unidos.\",\"breadcrumb\":{\"@id\":\"https:\\\/\\\/conexionnacional.mx\\\/index.php\\\/2023\\\/12\\\/19\\\/mexico-jugara-contra-brasil-y-uruguay-en-2024\\\/#breadcrumb\"},\"inLanguage\":\"es\",\"potentialAction\":[{\"@type\":\"ReadAction\",\"target\":[\"https:\\\/\\\/conexionnacional.mx\\\/index.php\\\/2023\\\/12\\\/19\\\/mexico-jugara-contra-brasil-y-uruguay-en-2024\\\/\"]}]},{\"@type\":\"ImageObject\",\"inLanguage\":\"es\",\"@id\":\"https:\\\/\\\/conexionnacional.mx\\\/index.php\\\/2023\\\/12\\\/19\\\/mexico-jugara-contra-brasil-y-uruguay-en-2024\\\/#primaryimage\",\"url\":\"https:\\\/\\\/conexionnacional.mx\\\/wp-content\\\/uploads\\\/2023\\\/12\\\/Seleccion-Mexicana-confirma-amistosos-contra-Brasil-y-Uruguay-en-2024.webp\",\"contentUrl\":\"https:\\\/\\\/conexionnacional.mx\\\/wp-content\\\/uploads\\\/2023\\\/12\\\/Seleccion-Mexicana-confirma-amistosos-contra-Brasil-y-Uruguay-en-2024.webp\",\"width\":1024,\"height\":576},{\"@type\":\"BreadcrumbList\",\"@id\":\"https:\\\/\\\/conexionnacional.mx\\\/index.php\\\/2023\\\/12\\\/19\\\/mexico-jugara-contra-brasil-y-uruguay-en-2024\\\/#breadcrumb\",\"itemListElement\":[{\"@type\":\"ListItem\",\"position\":1,\"name\":\"Inicio\",\"item\":\"https:\\\/\\\/conexionnacional.mx\\\/\"},{\"@type\":\"ListItem\",\"position\":2,\"name\":\"\u00a1Amistosos de lujo! M\u00e9xico jugar\u00e1 contra Brasil y Uruguay en 2024, antes de Copa Am\u00e9rica\"}]},{\"@type\":\"WebSite\",\"@id\":\"https:\\\/\\\/conexionnacional.mx\\\/#website\",\"url\":\"https:\\\/\\\/conexionnacional.mx\\\/\",\"name\":\"Conexi\u00f3n Nacional\",\"description\":\"Noticias al momento\",\"publisher\":{\"@id\":\"https:\\\/\\\/conexionnacional.mx\\\/#organization\"},\"alternateName\":\"Noticias nacionales\",\"potentialAction\":[{\"@type\":\"SearchAction\",\"target\":{\"@type\":\"EntryPoint\",\"urlTemplate\":\"https:\\\/\\\/conexionnacional.mx\\\/?s={search_term_string}\"},\"query-input\":{\"@type\":\"PropertyValueSpecification\",\"valueRequired\":true,\"valueName\":\"search_term_string\"}}],\"inLanguage\":\"es\"},{\"@type\":\"Organization\",\"@id\":\"https:\\\/\\\/conexionnacional.mx\\\/#organization\",\"name\":\"Conexi\u00f3n Nacional\",\"url\":\"https:\\\/\\\/conexionnacional.mx\\\/\",\"logo\":{\"@type\":\"ImageObject\",\"inLanguage\":\"es\",\"@id\":\"https:\\\/\\\/conexionnacional.mx\\\/#\\\/schema\\\/logo\\\/image\\\/\",\"url\":\"https:\\\/\\\/conexionnacional.mx\\\/wp-content\\\/uploads\\\/2022\\\/09\\\/conexion_nacional.png\",\"contentUrl\":\"https:\\\/\\\/conexionnacional.mx\\\/wp-content\\\/uploads\\\/2022\\\/09\\\/conexion_nacional.png\",\"width\":2964,\"height\":1173,\"caption\":\"Conexi\u00f3n Nacional\"},\"image\":{\"@id\":\"https:\\\/\\\/conexionnacional.mx\\\/#\\\/schema\\\/logo\\\/image\\\/\"},\"sameAs\":[\"https:\\\/\\\/www.facebook.com\\\/cnmxradio\"]},{\"@type\":\"Person\",\"@id\":\"https:\\\/\\\/conexionnacional.mx\\\/#\\\/schema\\\/person\\\/dd14aeda902120f5e0e021903fdb6931\",\"name\":\"Conexi\u00f3n Nacional\",\"image\":{\"@type\":\"ImageObject\",\"inLanguage\":\"es\",\"@id\":\"https:\\\/\\\/secure.gravatar.com\\\/avatar\\\/e523100f284110b2ecca7e17b2be9cf140a5e8f35294c9ec0543e6916cc1f9be?s=96&d=blank&r=g\",\"url\":\"https:\\\/\\\/secure.gravatar.com\\\/avatar\\\/e523100f284110b2ecca7e17b2be9cf140a5e8f35294c9ec0543e6916cc1f9be?s=96&d=blank&r=g\",\"contentUrl\":\"https:\\\/\\\/secure.gravatar.com\\\/avatar\\\/e523100f284110b2ecca7e17b2be9cf140a5e8f35294c9ec0543e6916cc1f9be?s=96&d=blank&r=g\",\"caption\":\"Conexi\u00f3n Nacional\"},\"sameAs\":[\"https:\\\/\\\/conexionnacional.mx\"],\"url\":\"https:\\\/\\\/conexionnacional.mx\\\/index.php\\\/author\\\/administrador\\\/\"}]}<\/script>\n<!-- \/ Yoast SEO plugin. -->","yoast_head_json":{"title":"M\u00e9xico jugar\u00e1 contra Brasil y Uruguay en 2024","description":"La \u00faltima\u00a0Junta de Due\u00f1os\u00a0se celebr\u00f3 este martes en las instalaciones de la\u00a0Federaci\u00f3n Mexicana de Futbol, donde fue revelado que\u00a0Uruguay\u00a0y\u00a0Brasil\u00a0ser\u00e1n los dos \u00faltimos\u00a0sinodales\u00a0del\u00a0Tri\u00a0antes de arrancar su\u00a0camino\u00a0en la pr\u00f3xima\u00a0Copa Am\u00e9rica, que se celebrar\u00e1 en\u00a0Estados Unidos.","robots":{"index":"index","follow":"follow","max-snippet":"max-snippet:-1","max-image-preview":"max-image-preview:large","max-video-preview":"max-video-preview:-1"},"canonical":"https:\/\/conexionnacional.mx\/index.php\/2023\/12\/19\/mexico-jugara-contra-brasil-y-uruguay-en-2024\/","og_locale":"es_MX","og_type":"article","og_title":"M\u00e9xico jugar\u00e1 contra Brasil y Uruguay en 2024","og_description":"La \u00faltima\u00a0Junta de Due\u00f1os\u00a0se celebr\u00f3 este martes en las instalaciones de la\u00a0Federaci\u00f3n Mexicana de Futbol, donde fue revelado que\u00a0Uruguay\u00a0y\u00a0Brasil\u00a0ser\u00e1n los dos \u00faltimos\u00a0sinodales\u00a0del\u00a0Tri\u00a0antes de arrancar su\u00a0camino\u00a0en la pr\u00f3xima\u00a0Copa Am\u00e9rica, que se celebrar\u00e1 en\u00a0Estados Unidos.","og_url":"https:\/\/conexionnacional.mx\/index.php\/2023\/12\/19\/mexico-jugara-contra-brasil-y-uruguay-en-2024\/","og_site_name":"Conexi\u00f3n Nacional","article_publisher":"https:\/\/www.facebook.com\/cnmxradio","article_published_time":"2023-12-19T23:23:59+00:00","article_modified_time":"2023-12-19T23:24:00+00:00","og_image":[{"width":1024,"height":576,"url":"https:\/\/conexionnacional.mx\/wp-content\/uploads\/2023\/12\/Seleccion-Mexicana-confirma-amistosos-contra-Brasil-y-Uruguay-en-2024.webp","type":"image\/webp"}],"author":"Conexi\u00f3n Nacional","twitter_card":"summary_large_image","twitter_misc":{"Escrito por":"Conexi\u00f3n Nacional","Tiempo de lectura":"2 minutos"},"schema":{"@context":"https:\/\/schema.org","@graph":[{"@type":"Article","@id":"https:\/\/conexionnacional.mx\/index.php\/2023\/12\/19\/mexico-jugara-contra-brasil-y-uruguay-en-2024\/#article","isPartOf":{"@id":"https:\/\/conexionnacional.mx\/index.php\/2023\/12\/19\/mexico-jugara-contra-brasil-y-uruguay-en-2024\/"},"author":{"name":"Conexi\u00f3n Nacional","@id":"https:\/\/conexionnacional.mx\/#\/schema\/person\/dd14aeda902120f5e0e021903fdb6931"},"headline":"\u00a1Amistosos de lujo! M\u00e9xico jugar\u00e1 contra Brasil y Uruguay en 2024, antes de Copa Am\u00e9rica","datePublished":"2023-12-19T23:23:59+00:00","dateModified":"2023-12-19T23:24:00+00:00","mainEntityOfPage":{"@id":"https:\/\/conexionnacional.mx\/index.php\/2023\/12\/19\/mexico-jugara-contra-brasil-y-uruguay-en-2024\/"},"wordCount":516,"publisher":{"@id":"https:\/\/conexionnacional.mx\/#organization"},"image":{"@id":"https:\/\/conexionnacional.mx\/index.php\/2023\/12\/19\/mexico-jugara-contra-brasil-y-uruguay-en-2024\/#primaryimage"},"thumbnailUrl":"https:\/\/conexionnacional.mx\/wp-content\/uploads\/2023\/12\/Seleccion-Mexicana-confirma-amistosos-contra-Brasil-y-Uruguay-en-2024.webp","keywords":["Amistosos","Copa Am\u00e9rica","M\u00e9xico"],"articleSection":["Deportes"],"inLanguage":"es"},{"@type":"WebPage","@id":"https:\/\/conexionnacional.mx\/index.php\/2023\/12\/19\/mexico-jugara-contra-brasil-y-uruguay-en-2024\/","url":"https:\/\/conexionnacional.mx\/index.php\/2023\/12\/19\/mexico-jugara-contra-brasil-y-uruguay-en-2024\/","name":"M\u00e9xico jugar\u00e1 contra Brasil y Uruguay en 2024","isPartOf":{"@id":"https:\/\/conexionnacional.mx\/#website"},"primaryImageOfPage":{"@id":"https:\/\/conexionnacional.mx\/index.php\/2023\/12\/19\/mexico-jugara-contra-brasil-y-uruguay-en-2024\/#primaryimage"},"image":{"@id":"https:\/\/conexionnacional.mx\/index.php\/2023\/12\/19\/mexico-jugara-contra-brasil-y-uruguay-en-2024\/#primaryimage"},"thumbnailUrl":"https:\/\/conexionnacional.mx\/wp-content\/uploads\/2023\/12\/Seleccion-Mexicana-confirma-amistosos-contra-Brasil-y-Uruguay-en-2024.webp","datePublished":"2023-12-19T23:23:59+00:00","dateModified":"2023-12-19T23:24:00+00:00","description":"La \u00faltima\u00a0Junta de Due\u00f1os\u00a0se celebr\u00f3 este martes en las instalaciones de la\u00a0Federaci\u00f3n Mexicana de Futbol, donde fue revelado que\u00a0Uruguay\u00a0y\u00a0Brasil\u00a0ser\u00e1n los dos \u00faltimos\u00a0sinodales\u00a0del\u00a0Tri\u00a0antes de arrancar su\u00a0camino\u00a0en la pr\u00f3xima\u00a0Copa Am\u00e9rica, que se celebrar\u00e1 en\u00a0Estados Unidos.","breadcrumb":{"@id":"https:\/\/conexionnacional.mx\/index.php\/2023\/12\/19\/mexico-jugara-contra-brasil-y-uruguay-en-2024\/#breadcrumb"},"inLanguage":"es","potentialAction":[{"@type":"ReadAction","target":["https:\/\/conexionnacional.mx\/index.php\/2023\/12\/19\/mexico-jugara-contra-brasil-y-uruguay-en-2024\/"]}]},{"@type":"ImageObject","inLanguage":"es","@id":"https:\/\/conexionnacional.mx\/index.php\/2023\/12\/19\/mexico-jugara-contra-brasil-y-uruguay-en-2024\/#primaryimage","url":"https:\/\/conexionnacional.mx\/wp-content\/uploads\/2023\/12\/Seleccion-Mexicana-confirma-amistosos-contra-Brasil-y-Uruguay-en-2024.webp","contentUrl":"https:\/\/conexionnacional.mx\/wp-content\/uploads\/2023\/12\/Seleccion-Mexicana-confirma-amistosos-contra-Brasil-y-Uruguay-en-2024.webp","width":1024,"height":576},{"@type":"BreadcrumbList","@id":"https:\/\/conexionnacional.mx\/index.php\/2023\/12\/19\/mexico-jugara-contra-brasil-y-uruguay-en-2024\/#breadcrumb","itemListElement":[{"@type":"ListItem","position":1,"name":"Inicio","item":"https:\/\/conexionnacional.mx\/"},{"@type":"ListItem","position":2,"name":"\u00a1Amistosos de lujo! M\u00e9xico jugar\u00e1 contra Brasil y Uruguay en 2024, antes de Copa Am\u00e9rica"}]},{"@type":"WebSite","@id":"https:\/\/conexionnacional.mx\/#website","url":"https:\/\/conexionnacional.mx\/","name":"Conexi\u00f3n Nacional","description":"Noticias al momento","publisher":{"@id":"https:\/\/conexionnacional.mx\/#organization"},"alternateName":"Noticias nacionales","potentialAction":[{"@type":"SearchAction","target":{"@type":"EntryPoint","urlTemplate":"https:\/\/conexionnacional.mx\/?s={search_term_string}"},"query-input":{"@type":"PropertyValueSpecification","valueRequired":true,"valueName":"search_term_string"}}],"inLanguage":"es"},{"@type":"Organization","@id":"https:\/\/conexionnacional.mx\/#organization","name":"Conexi\u00f3n Nacional","url":"https:\/\/conexionnacional.mx\/","logo":{"@type":"ImageObject","inLanguage":"es","@id":"https:\/\/conexionnacional.mx\/#\/schema\/logo\/image\/","url":"https:\/\/conexionnacional.mx\/wp-content\/uploads\/2022\/09\/conexion_nacional.png","contentUrl":"https:\/\/conexionnacional.mx\/wp-content\/uploads\/2022\/09\/conexion_nacional.png","width":2964,"height":1173,"caption":"Conexi\u00f3n Nacional"},"image":{"@id":"https:\/\/conexionnacional.mx\/#\/schema\/logo\/image\/"},"sameAs":["https:\/\/www.facebook.com\/cnmxradio"]},{"@type":"Person","@id":"https:\/\/conexionnacional.mx\/#\/schema\/person\/dd14aeda902120f5e0e021903fdb6931","name":"Conexi\u00f3n Nacional","image":{"@type":"ImageObject","inLanguage":"es","@id":"https:\/\/secure.gravatar.com\/avatar\/e523100f284110b2ecca7e17b2be9cf140a5e8f35294c9ec0543e6916cc1f9be?s=96&d=blank&r=g","url":"https:\/\/secure.gravatar.com\/avatar\/e523100f284110b2ecca7e17b2be9cf140a5e8f35294c9ec0543e6916cc1f9be?s=96&d=blank&r=g","contentUrl":"https:\/\/secure.gravatar.com\/avatar\/e523100f284110b2ecca7e17b2be9cf140a5e8f35294c9ec0543e6916cc1f9be?s=96&d=blank&r=g","caption":"Conexi\u00f3n Nacional"},"sameAs":["https:\/\/conexionnacional.mx"],"url":"https:\/\/conexionnacional.mx\/index.php\/author\/administrador\/"}]}},"_links":{"self":[{"href":"https:\/\/conexionnacional.mx\/index.php\/wp-json\/wp\/v2\/posts\/18235","targetHints":{"allow":["GET"]}}],"collection":[{"href":"https:\/\/conexionnacional.mx\/index.php\/wp-json\/wp\/v2\/posts"}],"about":[{"href":"https:\/\/conexionnacional.mx\/index.php\/wp-json\/wp\/v2\/types\/post"}],"author":[{"embeddable":true,"href":"https:\/\/conexionnacional.mx\/index.php\/wp-json\/wp\/v2\/users\/1"}],"replies":[{"embeddable":true,"href":"https:\/\/conexionnacional.mx\/index.php\/wp-json\/wp\/v2\/comments?post=18235"}],"version-history":[{"count":1,"href":"https:\/\/conexionnacional.mx\/index.php\/wp-json\/wp\/v2\/posts\/18235\/revisions"}],"predecessor-version":[{"id":18237,"href":"https:\/\/conexionnacional.mx\/index.php\/wp-json\/wp\/v2\/posts\/18235\/revisions\/18237"}],"wp:featuredmedia":[{"embeddable":true,"href":"https:\/\/conexionnacional.mx\/index.php\/wp-json\/wp\/v2\/media\/18236"}],"wp:attachment":[{"href":"https:\/\/conexionnacional.mx\/index.php\/wp-json\/wp\/v2\/media?parent=18235"}],"wp:term":[{"taxonomy":"category","embeddable":true,"href":"https:\/\/conexionnacional.mx\/index.php\/wp-json\/wp\/v2\/categories?post=18235"},{"taxonomy":"post_tag","embeddable":true,"href":"https:\/\/conexionnacional.mx\/index.php\/wp-json\/wp\/v2\/tags?post=18235"}],"curies":[{"name":"wp","href":"https:\/\/api.w.org\/{rel}","templated":true}]}}