{"id":18232,"date":"2023-12-19T17:18:37","date_gmt":"2023-12-19T23:18:37","guid":{"rendered":"https:\/\/conexionnacional.mx\/?p=18232"},"modified":"2023-12-19T17:18:38","modified_gmt":"2023-12-19T23:18:38","slug":"choca-metrobus-contra-vehiculo-particular-en-venustiano-carranza","status":"publish","type":"post","link":"https:\/\/conexionnacional.mx\/index.php\/2023\/12\/19\/choca-metrobus-contra-vehiculo-particular-en-venustiano-carranza\/","title":{"rendered":"Choca Metrob\u00fas contra veh\u00edculo particular en Venustiano Carranza"},"content":{"rendered":"\n<p>Se registra choque de unidad del&nbsp;<strong>Metrob\u00fas&nbsp;<\/strong>y un autom\u00f3vil particular sobre el carril confinado de Viaducto R\u00edo de la Piedad y avenida 12 en la&nbsp;<strong>alcald\u00eda Venustiano Carranza<\/strong>.<\/p>\n\n\n\n<p>Elementos de emergencia laboran en el lugar, las primeras versiones indican que el veh\u00edculo se encontraba dando vuelta cuando fue impactado por el transporte p\u00fablico, no se registr\u00f3 lesionados.<\/p>\n\n\n\n<figure class=\"wp-block-embed is-type-rich is-provider-twitter wp-block-embed-twitter\"><div class=\"wp-block-embed__wrapper\">\n<blockquote class=\"twitter-tweet\" data-width=\"550\" data-dnt=\"true\"><p lang=\"es\" dir=\"ltr\">Metrob\u00fas choca contra auto en la Venustiano Carranza<br><br>Se registra choque de unidad del Metrob\u00fas y un autom\u00f3vil particular sobre el carril confinado de Viaducto R\u00edo de la Piedad y avenida 12 en la alcald\u00eda Venustiano Carranza.<br><br>EL UNIVERSAL &#8211; Juan Carlos Williams <a href=\"https:\/\/t.co\/s0D4vIJ07P\">pic.twitter.com\/s0D4vIJ07P<\/a><\/p>&mdash; El Universal (@El_Universal_Mx) <a href=\"https:\/\/twitter.com\/El_Universal_Mx\/status\/1737174708238364733?ref_src=twsrc%5Etfw\">December 19, 2023<\/a><\/blockquote><script async src=\"https:\/\/platform.twitter.com\/widgets.js\" charset=\"utf-8\"><\/script>\n<\/div><\/figure>\n","protected":false},"excerpt":{"rendered":"<p>Se registra choque de unidad del&nbsp;Metrob\u00fas&nbsp;y un autom\u00f3vil particular sobre el carril confinado de Viaducto R\u00edo de la Piedad y avenida 12 en la&nbsp;alcald\u00eda Venustiano Carranza. Elementos de emergencia laboran en el lugar, las primeras versiones indican que el veh\u00edculo se encontraba dando vuelta cuando fue impactado por el transporte p\u00fablico, no se registr\u00f3 lesionados.<\/p>\n","protected":false},"author":1,"featured_media":18233,"comment_status":"closed","ping_status":"closed","sticky":false,"template":"","format":"aside","meta":{"googlesitekit_rrm_CAowytPeCw:productID":"","footnotes":""},"categories":[17],"tags":[76,4119],"class_list":["post-18232","post","type-post","status-publish","format-aside","has-post-thumbnail","hentry","category-estados","tag-choque","tag-metrobus","post_format-post-format-aside"],"yoast_head":"<!-- This site is optimized with the Yoast SEO plugin v27.4 - https:\/\/yoast.com\/product\/yoast-seo-wordpress\/ -->\n<title>Choca Metrob\u00fas contra veh\u00edculo particular en Venustiano Carranza<\/title>\n<meta name=\"description\" content=\"Se registra choque de unidad del\u00a0Metrob\u00fas\u00a0y un autom\u00f3vil particular sobre el carril confinado de Viaducto R\u00edo de la Piedad y avenida 12 en la\u00a0alcald\u00eda Venustiano Carranza.\" \/>\n<meta name=\"robots\" content=\"index, follow, max-snippet:-1, max-image-preview:large, max-video-preview:-1\" \/>\n<link rel=\"canonical\" href=\"https:\/\/conexionnacional.mx\/index.php\/2023\/12\/19\/choca-metrobus-contra-vehiculo-particular-en-venustiano-carranza\/\" \/>\n<meta property=\"og:locale\" content=\"es_MX\" \/>\n<meta property=\"og:type\" content=\"article\" \/>\n<meta property=\"og:title\" content=\"Choca Metrob\u00fas contra veh\u00edculo particular en Venustiano Carranza\" \/>\n<meta property=\"og:description\" content=\"Se registra choque de unidad del\u00a0Metrob\u00fas\u00a0y un autom\u00f3vil particular sobre el carril confinado de Viaducto R\u00edo de la Piedad y avenida 12 en la\u00a0alcald\u00eda Venustiano Carranza.\" \/>\n<meta property=\"og:url\" content=\"https:\/\/conexionnacional.mx\/index.php\/2023\/12\/19\/choca-metrobus-contra-vehiculo-particular-en-venustiano-carranza\/\" \/>\n<meta property=\"og:site_name\" content=\"Conexi\u00f3n Nacional\" \/>\n<meta property=\"article:publisher\" content=\"https:\/\/www.facebook.com\/cnmxradio\" \/>\n<meta property=\"article:published_time\" content=\"2023-12-19T23:18:37+00:00\" \/>\n<meta property=\"article:modified_time\" content=\"2023-12-19T23:18:38+00:00\" \/>\n<meta property=\"og:image\" content=\"https:\/\/conexionnacional.mx\/wp-content\/uploads\/2023\/12\/f960x540-585611_659686_31.jpeg\" \/>\n\t<meta property=\"og:image:width\" content=\"960\" \/>\n\t<meta property=\"og:image:height\" content=\"540\" \/>\n\t<meta property=\"og:image:type\" content=\"image\/jpeg\" \/>\n<meta name=\"author\" content=\"Conexi\u00f3n Nacional\" \/>\n<meta name=\"twitter:card\" content=\"summary_large_image\" \/>\n<meta name=\"twitter:label1\" content=\"Escrito por\" \/>\n\t<meta name=\"twitter:data1\" content=\"Conexi\u00f3n Nacional\" \/>\n\t<meta name=\"twitter:label2\" content=\"Tiempo de lectura\" \/>\n\t<meta name=\"twitter:data2\" content=\"1 minuto\" \/>\n<script type=\"application\/ld+json\" class=\"yoast-schema-graph\">{\"@context\":\"https:\\\/\\\/schema.org\",\"@graph\":[{\"@type\":\"Article\",\"@id\":\"https:\\\/\\\/conexionnacional.mx\\\/index.php\\\/2023\\\/12\\\/19\\\/choca-metrobus-contra-vehiculo-particular-en-venustiano-carranza\\\/#article\",\"isPartOf\":{\"@id\":\"https:\\\/\\\/conexionnacional.mx\\\/index.php\\\/2023\\\/12\\\/19\\\/choca-metrobus-contra-vehiculo-particular-en-venustiano-carranza\\\/\"},\"author\":{\"name\":\"Conexi\u00f3n Nacional\",\"@id\":\"https:\\\/\\\/conexionnacional.mx\\\/#\\\/schema\\\/person\\\/dd14aeda902120f5e0e021903fdb6931\"},\"headline\":\"Choca Metrob\u00fas contra veh\u00edculo particular en Venustiano Carranza\",\"datePublished\":\"2023-12-19T23:18:37+00:00\",\"dateModified\":\"2023-12-19T23:18:38+00:00\",\"mainEntityOfPage\":{\"@id\":\"https:\\\/\\\/conexionnacional.mx\\\/index.php\\\/2023\\\/12\\\/19\\\/choca-metrobus-contra-vehiculo-particular-en-venustiano-carranza\\\/\"},\"wordCount\":117,\"publisher\":{\"@id\":\"https:\\\/\\\/conexionnacional.mx\\\/#organization\"},\"image\":{\"@id\":\"https:\\\/\\\/conexionnacional.mx\\\/index.php\\\/2023\\\/12\\\/19\\\/choca-metrobus-contra-vehiculo-particular-en-venustiano-carranza\\\/#primaryimage\"},\"thumbnailUrl\":\"https:\\\/\\\/conexionnacional.mx\\\/wp-content\\\/uploads\\\/2023\\\/12\\\/f960x540-585611_659686_31.jpeg\",\"keywords\":[\"choque\",\"metrob\u00fas\"],\"articleSection\":[\"Estados\"],\"inLanguage\":\"es\"},{\"@type\":\"WebPage\",\"@id\":\"https:\\\/\\\/conexionnacional.mx\\\/index.php\\\/2023\\\/12\\\/19\\\/choca-metrobus-contra-vehiculo-particular-en-venustiano-carranza\\\/\",\"url\":\"https:\\\/\\\/conexionnacional.mx\\\/index.php\\\/2023\\\/12\\\/19\\\/choca-metrobus-contra-vehiculo-particular-en-venustiano-carranza\\\/\",\"name\":\"Choca Metrob\u00fas contra veh\u00edculo particular en Venustiano Carranza\",\"isPartOf\":{\"@id\":\"https:\\\/\\\/conexionnacional.mx\\\/#website\"},\"primaryImageOfPage\":{\"@id\":\"https:\\\/\\\/conexionnacional.mx\\\/index.php\\\/2023\\\/12\\\/19\\\/choca-metrobus-contra-vehiculo-particular-en-venustiano-carranza\\\/#primaryimage\"},\"image\":{\"@id\":\"https:\\\/\\\/conexionnacional.mx\\\/index.php\\\/2023\\\/12\\\/19\\\/choca-metrobus-contra-vehiculo-particular-en-venustiano-carranza\\\/#primaryimage\"},\"thumbnailUrl\":\"https:\\\/\\\/conexionnacional.mx\\\/wp-content\\\/uploads\\\/2023\\\/12\\\/f960x540-585611_659686_31.jpeg\",\"datePublished\":\"2023-12-19T23:18:37+00:00\",\"dateModified\":\"2023-12-19T23:18:38+00:00\",\"description\":\"Se registra choque de unidad del\u00a0Metrob\u00fas\u00a0y un autom\u00f3vil particular sobre el carril confinado de Viaducto R\u00edo de la Piedad y avenida 12 en la\u00a0alcald\u00eda Venustiano Carranza.\",\"breadcrumb\":{\"@id\":\"https:\\\/\\\/conexionnacional.mx\\\/index.php\\\/2023\\\/12\\\/19\\\/choca-metrobus-contra-vehiculo-particular-en-venustiano-carranza\\\/#breadcrumb\"},\"inLanguage\":\"es\",\"potentialAction\":[{\"@type\":\"ReadAction\",\"target\":[\"https:\\\/\\\/conexionnacional.mx\\\/index.php\\\/2023\\\/12\\\/19\\\/choca-metrobus-contra-vehiculo-particular-en-venustiano-carranza\\\/\"]}]},{\"@type\":\"ImageObject\",\"inLanguage\":\"es\",\"@id\":\"https:\\\/\\\/conexionnacional.mx\\\/index.php\\\/2023\\\/12\\\/19\\\/choca-metrobus-contra-vehiculo-particular-en-venustiano-carranza\\\/#primaryimage\",\"url\":\"https:\\\/\\\/conexionnacional.mx\\\/wp-content\\\/uploads\\\/2023\\\/12\\\/f960x540-585611_659686_31.jpeg\",\"contentUrl\":\"https:\\\/\\\/conexionnacional.mx\\\/wp-content\\\/uploads\\\/2023\\\/12\\\/f960x540-585611_659686_31.jpeg\",\"width\":960,\"height\":540},{\"@type\":\"BreadcrumbList\",\"@id\":\"https:\\\/\\\/conexionnacional.mx\\\/index.php\\\/2023\\\/12\\\/19\\\/choca-metrobus-contra-vehiculo-particular-en-venustiano-carranza\\\/#breadcrumb\",\"itemListElement\":[{\"@type\":\"ListItem\",\"position\":1,\"name\":\"Inicio\",\"item\":\"https:\\\/\\\/conexionnacional.mx\\\/\"},{\"@type\":\"ListItem\",\"position\":2,\"name\":\"Choca Metrob\u00fas contra veh\u00edculo particular en Venustiano Carranza\"}]},{\"@type\":\"WebSite\",\"@id\":\"https:\\\/\\\/conexionnacional.mx\\\/#website\",\"url\":\"https:\\\/\\\/conexionnacional.mx\\\/\",\"name\":\"Conexi\u00f3n Nacional\",\"description\":\"Noticias al momento\",\"publisher\":{\"@id\":\"https:\\\/\\\/conexionnacional.mx\\\/#organization\"},\"alternateName\":\"Noticias nacionales\",\"potentialAction\":[{\"@type\":\"SearchAction\",\"target\":{\"@type\":\"EntryPoint\",\"urlTemplate\":\"https:\\\/\\\/conexionnacional.mx\\\/?s={search_term_string}\"},\"query-input\":{\"@type\":\"PropertyValueSpecification\",\"valueRequired\":true,\"valueName\":\"search_term_string\"}}],\"inLanguage\":\"es\"},{\"@type\":\"Organization\",\"@id\":\"https:\\\/\\\/conexionnacional.mx\\\/#organization\",\"name\":\"Conexi\u00f3n Nacional\",\"url\":\"https:\\\/\\\/conexionnacional.mx\\\/\",\"logo\":{\"@type\":\"ImageObject\",\"inLanguage\":\"es\",\"@id\":\"https:\\\/\\\/conexionnacional.mx\\\/#\\\/schema\\\/logo\\\/image\\\/\",\"url\":\"https:\\\/\\\/conexionnacional.mx\\\/wp-content\\\/uploads\\\/2022\\\/09\\\/conexion_nacional.png\",\"contentUrl\":\"https:\\\/\\\/conexionnacional.mx\\\/wp-content\\\/uploads\\\/2022\\\/09\\\/conexion_nacional.png\",\"width\":2964,\"height\":1173,\"caption\":\"Conexi\u00f3n Nacional\"},\"image\":{\"@id\":\"https:\\\/\\\/conexionnacional.mx\\\/#\\\/schema\\\/logo\\\/image\\\/\"},\"sameAs\":[\"https:\\\/\\\/www.facebook.com\\\/cnmxradio\"]},{\"@type\":\"Person\",\"@id\":\"https:\\\/\\\/conexionnacional.mx\\\/#\\\/schema\\\/person\\\/dd14aeda902120f5e0e021903fdb6931\",\"name\":\"Conexi\u00f3n Nacional\",\"image\":{\"@type\":\"ImageObject\",\"inLanguage\":\"es\",\"@id\":\"https:\\\/\\\/secure.gravatar.com\\\/avatar\\\/e523100f284110b2ecca7e17b2be9cf140a5e8f35294c9ec0543e6916cc1f9be?s=96&d=blank&r=g\",\"url\":\"https:\\\/\\\/secure.gravatar.com\\\/avatar\\\/e523100f284110b2ecca7e17b2be9cf140a5e8f35294c9ec0543e6916cc1f9be?s=96&d=blank&r=g\",\"contentUrl\":\"https:\\\/\\\/secure.gravatar.com\\\/avatar\\\/e523100f284110b2ecca7e17b2be9cf140a5e8f35294c9ec0543e6916cc1f9be?s=96&d=blank&r=g\",\"caption\":\"Conexi\u00f3n Nacional\"},\"sameAs\":[\"https:\\\/\\\/conexionnacional.mx\"],\"url\":\"https:\\\/\\\/conexionnacional.mx\\\/index.php\\\/author\\\/administrador\\\/\"}]}<\/script>\n<!-- \/ Yoast SEO plugin. -->","yoast_head_json":{"title":"Choca Metrob\u00fas contra veh\u00edculo particular en Venustiano Carranza","description":"Se registra choque de unidad del\u00a0Metrob\u00fas\u00a0y un autom\u00f3vil particular sobre el carril confinado de Viaducto R\u00edo de la Piedad y avenida 12 en la\u00a0alcald\u00eda Venustiano Carranza.","robots":{"index":"index","follow":"follow","max-snippet":"max-snippet:-1","max-image-preview":"max-image-preview:large","max-video-preview":"max-video-preview:-1"},"canonical":"https:\/\/conexionnacional.mx\/index.php\/2023\/12\/19\/choca-metrobus-contra-vehiculo-particular-en-venustiano-carranza\/","og_locale":"es_MX","og_type":"article","og_title":"Choca Metrob\u00fas contra veh\u00edculo particular en Venustiano Carranza","og_description":"Se registra choque de unidad del\u00a0Metrob\u00fas\u00a0y un autom\u00f3vil particular sobre el carril confinado de Viaducto R\u00edo de la Piedad y avenida 12 en la\u00a0alcald\u00eda Venustiano Carranza.","og_url":"https:\/\/conexionnacional.mx\/index.php\/2023\/12\/19\/choca-metrobus-contra-vehiculo-particular-en-venustiano-carranza\/","og_site_name":"Conexi\u00f3n Nacional","article_publisher":"https:\/\/www.facebook.com\/cnmxradio","article_published_time":"2023-12-19T23:18:37+00:00","article_modified_time":"2023-12-19T23:18:38+00:00","og_image":[{"width":960,"height":540,"url":"https:\/\/conexionnacional.mx\/wp-content\/uploads\/2023\/12\/f960x540-585611_659686_31.jpeg","type":"image\/jpeg"}],"author":"Conexi\u00f3n Nacional","twitter_card":"summary_large_image","twitter_misc":{"Escrito por":"Conexi\u00f3n Nacional","Tiempo de lectura":"1 minuto"},"schema":{"@context":"https:\/\/schema.org","@graph":[{"@type":"Article","@id":"https:\/\/conexionnacional.mx\/index.php\/2023\/12\/19\/choca-metrobus-contra-vehiculo-particular-en-venustiano-carranza\/#article","isPartOf":{"@id":"https:\/\/conexionnacional.mx\/index.php\/2023\/12\/19\/choca-metrobus-contra-vehiculo-particular-en-venustiano-carranza\/"},"author":{"name":"Conexi\u00f3n Nacional","@id":"https:\/\/conexionnacional.mx\/#\/schema\/person\/dd14aeda902120f5e0e021903fdb6931"},"headline":"Choca Metrob\u00fas contra veh\u00edculo particular en Venustiano Carranza","datePublished":"2023-12-19T23:18:37+00:00","dateModified":"2023-12-19T23:18:38+00:00","mainEntityOfPage":{"@id":"https:\/\/conexionnacional.mx\/index.php\/2023\/12\/19\/choca-metrobus-contra-vehiculo-particular-en-venustiano-carranza\/"},"wordCount":117,"publisher":{"@id":"https:\/\/conexionnacional.mx\/#organization"},"image":{"@id":"https:\/\/conexionnacional.mx\/index.php\/2023\/12\/19\/choca-metrobus-contra-vehiculo-particular-en-venustiano-carranza\/#primaryimage"},"thumbnailUrl":"https:\/\/conexionnacional.mx\/wp-content\/uploads\/2023\/12\/f960x540-585611_659686_31.jpeg","keywords":["choque","metrob\u00fas"],"articleSection":["Estados"],"inLanguage":"es"},{"@type":"WebPage","@id":"https:\/\/conexionnacional.mx\/index.php\/2023\/12\/19\/choca-metrobus-contra-vehiculo-particular-en-venustiano-carranza\/","url":"https:\/\/conexionnacional.mx\/index.php\/2023\/12\/19\/choca-metrobus-contra-vehiculo-particular-en-venustiano-carranza\/","name":"Choca Metrob\u00fas contra veh\u00edculo particular en Venustiano Carranza","isPartOf":{"@id":"https:\/\/conexionnacional.mx\/#website"},"primaryImageOfPage":{"@id":"https:\/\/conexionnacional.mx\/index.php\/2023\/12\/19\/choca-metrobus-contra-vehiculo-particular-en-venustiano-carranza\/#primaryimage"},"image":{"@id":"https:\/\/conexionnacional.mx\/index.php\/2023\/12\/19\/choca-metrobus-contra-vehiculo-particular-en-venustiano-carranza\/#primaryimage"},"thumbnailUrl":"https:\/\/conexionnacional.mx\/wp-content\/uploads\/2023\/12\/f960x540-585611_659686_31.jpeg","datePublished":"2023-12-19T23:18:37+00:00","dateModified":"2023-12-19T23:18:38+00:00","description":"Se registra choque de unidad del\u00a0Metrob\u00fas\u00a0y un autom\u00f3vil particular sobre el carril confinado de Viaducto R\u00edo de la Piedad y avenida 12 en la\u00a0alcald\u00eda Venustiano Carranza.","breadcrumb":{"@id":"https:\/\/conexionnacional.mx\/index.php\/2023\/12\/19\/choca-metrobus-contra-vehiculo-particular-en-venustiano-carranza\/#breadcrumb"},"inLanguage":"es","potentialAction":[{"@type":"ReadAction","target":["https:\/\/conexionnacional.mx\/index.php\/2023\/12\/19\/choca-metrobus-contra-vehiculo-particular-en-venustiano-carranza\/"]}]},{"@type":"ImageObject","inLanguage":"es","@id":"https:\/\/conexionnacional.mx\/index.php\/2023\/12\/19\/choca-metrobus-contra-vehiculo-particular-en-venustiano-carranza\/#primaryimage","url":"https:\/\/conexionnacional.mx\/wp-content\/uploads\/2023\/12\/f960x540-585611_659686_31.jpeg","contentUrl":"https:\/\/conexionnacional.mx\/wp-content\/uploads\/2023\/12\/f960x540-585611_659686_31.jpeg","width":960,"height":540},{"@type":"BreadcrumbList","@id":"https:\/\/conexionnacional.mx\/index.php\/2023\/12\/19\/choca-metrobus-contra-vehiculo-particular-en-venustiano-carranza\/#breadcrumb","itemListElement":[{"@type":"ListItem","position":1,"name":"Inicio","item":"https:\/\/conexionnacional.mx\/"},{"@type":"ListItem","position":2,"name":"Choca Metrob\u00fas contra veh\u00edculo particular en Venustiano Carranza"}]},{"@type":"WebSite","@id":"https:\/\/conexionnacional.mx\/#website","url":"https:\/\/conexionnacional.mx\/","name":"Conexi\u00f3n Nacional","description":"Noticias al momento","publisher":{"@id":"https:\/\/conexionnacional.mx\/#organization"},"alternateName":"Noticias nacionales","potentialAction":[{"@type":"SearchAction","target":{"@type":"EntryPoint","urlTemplate":"https:\/\/conexionnacional.mx\/?s={search_term_string}"},"query-input":{"@type":"PropertyValueSpecification","valueRequired":true,"valueName":"search_term_string"}}],"inLanguage":"es"},{"@type":"Organization","@id":"https:\/\/conexionnacional.mx\/#organization","name":"Conexi\u00f3n Nacional","url":"https:\/\/conexionnacional.mx\/","logo":{"@type":"ImageObject","inLanguage":"es","@id":"https:\/\/conexionnacional.mx\/#\/schema\/logo\/image\/","url":"https:\/\/conexionnacional.mx\/wp-content\/uploads\/2022\/09\/conexion_nacional.png","contentUrl":"https:\/\/conexionnacional.mx\/wp-content\/uploads\/2022\/09\/conexion_nacional.png","width":2964,"height":1173,"caption":"Conexi\u00f3n Nacional"},"image":{"@id":"https:\/\/conexionnacional.mx\/#\/schema\/logo\/image\/"},"sameAs":["https:\/\/www.facebook.com\/cnmxradio"]},{"@type":"Person","@id":"https:\/\/conexionnacional.mx\/#\/schema\/person\/dd14aeda902120f5e0e021903fdb6931","name":"Conexi\u00f3n Nacional","image":{"@type":"ImageObject","inLanguage":"es","@id":"https:\/\/secure.gravatar.com\/avatar\/e523100f284110b2ecca7e17b2be9cf140a5e8f35294c9ec0543e6916cc1f9be?s=96&d=blank&r=g","url":"https:\/\/secure.gravatar.com\/avatar\/e523100f284110b2ecca7e17b2be9cf140a5e8f35294c9ec0543e6916cc1f9be?s=96&d=blank&r=g","contentUrl":"https:\/\/secure.gravatar.com\/avatar\/e523100f284110b2ecca7e17b2be9cf140a5e8f35294c9ec0543e6916cc1f9be?s=96&d=blank&r=g","caption":"Conexi\u00f3n Nacional"},"sameAs":["https:\/\/conexionnacional.mx"],"url":"https:\/\/conexionnacional.mx\/index.php\/author\/administrador\/"}]}},"_links":{"self":[{"href":"https:\/\/conexionnacional.mx\/index.php\/wp-json\/wp\/v2\/posts\/18232","targetHints":{"allow":["GET"]}}],"collection":[{"href":"https:\/\/conexionnacional.mx\/index.php\/wp-json\/wp\/v2\/posts"}],"about":[{"href":"https:\/\/conexionnacional.mx\/index.php\/wp-json\/wp\/v2\/types\/post"}],"author":[{"embeddable":true,"href":"https:\/\/conexionnacional.mx\/index.php\/wp-json\/wp\/v2\/users\/1"}],"replies":[{"embeddable":true,"href":"https:\/\/conexionnacional.mx\/index.php\/wp-json\/wp\/v2\/comments?post=18232"}],"version-history":[{"count":1,"href":"https:\/\/conexionnacional.mx\/index.php\/wp-json\/wp\/v2\/posts\/18232\/revisions"}],"predecessor-version":[{"id":18234,"href":"https:\/\/conexionnacional.mx\/index.php\/wp-json\/wp\/v2\/posts\/18232\/revisions\/18234"}],"wp:featuredmedia":[{"embeddable":true,"href":"https:\/\/conexionnacional.mx\/index.php\/wp-json\/wp\/v2\/media\/18233"}],"wp:attachment":[{"href":"https:\/\/conexionnacional.mx\/index.php\/wp-json\/wp\/v2\/media?parent=18232"}],"wp:term":[{"taxonomy":"category","embeddable":true,"href":"https:\/\/conexionnacional.mx\/index.php\/wp-json\/wp\/v2\/categories?post=18232"},{"taxonomy":"post_tag","embeddable":true,"href":"https:\/\/conexionnacional.mx\/index.php\/wp-json\/wp\/v2\/tags?post=18232"}],"curies":[{"name":"wp","href":"https:\/\/api.w.org\/{rel}","templated":true}]}}