{"id":18069,"date":"2023-12-18T11:27:38","date_gmt":"2023-12-18T17:27:38","guid":{"rendered":"https:\/\/conexionnacional.mx\/?p=18069"},"modified":"2023-12-18T11:27:39","modified_gmt":"2023-12-18T17:27:39","slug":"difunden-foto-de-victimas-momentos-antes-del-ataque-armado-durante-posada","status":"publish","type":"post","link":"https:\/\/conexionnacional.mx\/index.php\/2023\/12\/18\/difunden-foto-de-victimas-momentos-antes-del-ataque-armado-durante-posada\/","title":{"rendered":"Masacre en Salvatierra: Difunden foto de v\u00edctimas momentos antes del ataque armado durante posada"},"content":{"rendered":"\n<p>Luego de que la madrugada de este domingo se reportara un ataque armado en contra de civiles que se encontraban disfrutando de una posada en el municipio de Salvatierra,&nbsp;<strong>Guanajuato<\/strong>, en redes sociales se ha difundido una foto de las v\u00edctimas momentos antes del ataque.<\/p>\n\n\n\n<p>De acuerdo con reportes preliminares, los hechos se registraron alrededor de las 2:00 de la ma\u00f1ana, cuando vecinos denunciaron al 911 las detonaciones de arma de fuego en un sal\u00f3n de fiestas, a manos de un grupo de hombres armados.<\/p>\n\n\n\n<p>El gobierno municipal de&nbsp;<strong>Salvatierra<\/strong>, confirm\u00f3 hasta la ma\u00f1ana de hoy el asesinato de&nbsp;<strong>al menos 12 personas y 11 m\u00e1s lesionados<\/strong>.<\/p>\n\n\n\n<p>Las v\u00edctimas habr\u00edan quedado regadas en el piso, entre ellas varias mujeres y j\u00f3venes, que conviv\u00edan al momento en que los agresores ingresaron al inmueble.<\/p>\n\n\n\n<p>Autoridades reportaron que tras el atentado, las personas lesionadas fueron atendidas y trasladadas a hospitales de Salvatierra y Celaya, en donde elementos de seguridad montaron una guardia.<\/p>\n\n\n\n<h2 class=\"wp-block-heading\">La \u00faltima foto de v\u00edctimas de masacre en posada de Salvatierra<\/h2>\n\n\n\n<p>No obstante, en redes sociales se difundi\u00f3 la que habr\u00eda sido la \u00faltima foto tomada durante el evento antes de que el letal ataque interrumpiera la celebraci\u00f3n.<\/p>\n\n\n\n<p>En la foto se observa a m\u00e1s de 40 j\u00f3venes. Hasta el momento las autoridadesno han brindado detalles sobre el n\u00famero total de asistentes.<\/p>\n\n\n\n<p>En dicha imagen se muestra a un grupo de j\u00f3venes pasando una agradable reuni\u00f3n entre amigos y familiares, sin embargo, momentos despu\u00e9s autoridades dieron a conocer el saldo del atentado.<img decoding=\"async\" width=\"0\" height=\"620\" src=\"data:image\/gif;base64,R0lGODlhAQABAAAAACH5BAEKAAEALAAAAAABAAEAAAICTAEAOw==\" data-src=\"https:\/\/www.eluniversal.com.mx\/resizer\/QHsnrJH3EurtHCCYxEa9GIL8XP0=\/0x620\/cloudfront-us-east-1.images.arcpublishing.com\/eluniversal\/J4DJ4Y3QGJFRJE7ICI3PCUJA4A.jpg\" class=\"lazyload\" alt=\"Foto: Especial\"><\/p>\n\n\n\n<p>Por su parte, el alcalde de Salvatierra,&nbsp;<strong>Germ\u00e1n Cervantes Vega<\/strong>, a trav\u00e9s de sus redes sociales, lamento los hechos ocurridos \u201cdurante la ma\u00f1ana\u201d, de hoy y envi\u00f3 sus oraciones a las familias de las v\u00edctimas.<\/p>\n\n\n\n<p>&#8220;Estamos en completa disposici\u00f3n y coordinaci\u00f3n con la Fiscal\u00eda General de Justicia del Estado para el pronto esclarecimiento y la detenci\u00f3n de los responsables. Mis oraciones y las de mi familia est\u00e1n con los familiares de las v\u00edctimas\u201d, se lee una publicaci\u00f3n de Facebook.<\/p>\n","protected":false},"excerpt":{"rendered":"<p>Luego de que la madrugada de este domingo se reportara un ataque armado en contra de civiles que se encontraban disfrutando de una posada en el municipio de Salvatierra,&nbsp;Guanajuato, en redes sociales se ha difundido una foto de las v\u00edctimas momentos antes del ataque. De acuerdo con reportes preliminares, los hechos se registraron alrededor de [&hellip;]<\/p>\n","protected":false},"author":1,"featured_media":18070,"comment_status":"closed","ping_status":"closed","sticky":false,"template":"","format":"aside","meta":{"googlesitekit_rrm_CAowytPeCw:productID":"","footnotes":""},"categories":[17],"tags":[85,6690],"class_list":["post-18069","post","type-post","status-publish","format-aside","has-post-thumbnail","hentry","category-estados","tag-masacre","tag-salvatierra","post_format-post-format-aside"],"yoast_head":"<!-- This site is optimized with the Yoast SEO plugin v27.4 - https:\/\/yoast.com\/product\/yoast-seo-wordpress\/ -->\n<title>Difunden foto de v\u00edctimas momentos antes del ataque armado durante posada<\/title>\n<meta name=\"description\" content=\"Luego de que la madrugada de este domingo se reportara un ataque armado en contra de civiles que se encontraban disfrutando de una posada en el municipio de Salvatierra,\u00a0Guanajuato, en redes sociales se ha difundido una foto de las v\u00edctimas momentos antes del ataque.\" \/>\n<meta name=\"robots\" content=\"index, follow, max-snippet:-1, max-image-preview:large, max-video-preview:-1\" \/>\n<link rel=\"canonical\" href=\"https:\/\/conexionnacional.mx\/index.php\/2023\/12\/18\/difunden-foto-de-victimas-momentos-antes-del-ataque-armado-durante-posada\/\" \/>\n<meta property=\"og:locale\" content=\"es_MX\" \/>\n<meta property=\"og:type\" content=\"article\" \/>\n<meta property=\"og:title\" content=\"Difunden foto de v\u00edctimas momentos antes del ataque armado durante posada\" \/>\n<meta property=\"og:description\" content=\"Luego de que la madrugada de este domingo se reportara un ataque armado en contra de civiles que se encontraban disfrutando de una posada en el municipio de Salvatierra,\u00a0Guanajuato, en redes sociales se ha difundido una foto de las v\u00edctimas momentos antes del ataque.\" \/>\n<meta property=\"og:url\" content=\"https:\/\/conexionnacional.mx\/index.php\/2023\/12\/18\/difunden-foto-de-victimas-momentos-antes-del-ataque-armado-durante-posada\/\" \/>\n<meta property=\"og:site_name\" content=\"Conexi\u00f3n Nacional\" \/>\n<meta property=\"article:publisher\" content=\"https:\/\/www.facebook.com\/cnmxradio\" \/>\n<meta property=\"article:published_time\" content=\"2023-12-18T17:27:38+00:00\" \/>\n<meta property=\"article:modified_time\" content=\"2023-12-18T17:27:39+00:00\" \/>\n<meta property=\"og:image\" content=\"https:\/\/conexionnacional.mx\/wp-content\/uploads\/2023\/12\/descarga-44.jpg\" \/>\n\t<meta property=\"og:image:width\" content=\"300\" \/>\n\t<meta property=\"og:image:height\" content=\"168\" \/>\n\t<meta property=\"og:image:type\" content=\"image\/jpeg\" \/>\n<meta name=\"author\" content=\"Conexi\u00f3n Nacional\" \/>\n<meta name=\"twitter:card\" content=\"summary_large_image\" \/>\n<meta name=\"twitter:label1\" content=\"Escrito por\" \/>\n\t<meta name=\"twitter:data1\" content=\"Conexi\u00f3n Nacional\" \/>\n\t<meta name=\"twitter:label2\" content=\"Tiempo de lectura\" \/>\n\t<meta name=\"twitter:data2\" content=\"2 minutos\" \/>\n<script type=\"application\/ld+json\" class=\"yoast-schema-graph\">{\"@context\":\"https:\\\/\\\/schema.org\",\"@graph\":[{\"@type\":\"Article\",\"@id\":\"https:\\\/\\\/conexionnacional.mx\\\/index.php\\\/2023\\\/12\\\/18\\\/difunden-foto-de-victimas-momentos-antes-del-ataque-armado-durante-posada\\\/#article\",\"isPartOf\":{\"@id\":\"https:\\\/\\\/conexionnacional.mx\\\/index.php\\\/2023\\\/12\\\/18\\\/difunden-foto-de-victimas-momentos-antes-del-ataque-armado-durante-posada\\\/\"},\"author\":{\"name\":\"Conexi\u00f3n Nacional\",\"@id\":\"https:\\\/\\\/conexionnacional.mx\\\/#\\\/schema\\\/person\\\/dd14aeda902120f5e0e021903fdb6931\"},\"headline\":\"Masacre en Salvatierra: Difunden foto de v\u00edctimas momentos antes del ataque armado durante posada\",\"datePublished\":\"2023-12-18T17:27:38+00:00\",\"dateModified\":\"2023-12-18T17:27:39+00:00\",\"mainEntityOfPage\":{\"@id\":\"https:\\\/\\\/conexionnacional.mx\\\/index.php\\\/2023\\\/12\\\/18\\\/difunden-foto-de-victimas-momentos-antes-del-ataque-armado-durante-posada\\\/\"},\"wordCount\":373,\"publisher\":{\"@id\":\"https:\\\/\\\/conexionnacional.mx\\\/#organization\"},\"image\":{\"@id\":\"https:\\\/\\\/conexionnacional.mx\\\/index.php\\\/2023\\\/12\\\/18\\\/difunden-foto-de-victimas-momentos-antes-del-ataque-armado-durante-posada\\\/#primaryimage\"},\"thumbnailUrl\":\"https:\\\/\\\/conexionnacional.mx\\\/wp-content\\\/uploads\\\/2023\\\/12\\\/descarga-44.jpg\",\"keywords\":[\"masacre\",\"Salvatierra\"],\"articleSection\":[\"Estados\"],\"inLanguage\":\"es\"},{\"@type\":\"WebPage\",\"@id\":\"https:\\\/\\\/conexionnacional.mx\\\/index.php\\\/2023\\\/12\\\/18\\\/difunden-foto-de-victimas-momentos-antes-del-ataque-armado-durante-posada\\\/\",\"url\":\"https:\\\/\\\/conexionnacional.mx\\\/index.php\\\/2023\\\/12\\\/18\\\/difunden-foto-de-victimas-momentos-antes-del-ataque-armado-durante-posada\\\/\",\"name\":\"Difunden foto de v\u00edctimas momentos antes del ataque armado durante posada\",\"isPartOf\":{\"@id\":\"https:\\\/\\\/conexionnacional.mx\\\/#website\"},\"primaryImageOfPage\":{\"@id\":\"https:\\\/\\\/conexionnacional.mx\\\/index.php\\\/2023\\\/12\\\/18\\\/difunden-foto-de-victimas-momentos-antes-del-ataque-armado-durante-posada\\\/#primaryimage\"},\"image\":{\"@id\":\"https:\\\/\\\/conexionnacional.mx\\\/index.php\\\/2023\\\/12\\\/18\\\/difunden-foto-de-victimas-momentos-antes-del-ataque-armado-durante-posada\\\/#primaryimage\"},\"thumbnailUrl\":\"https:\\\/\\\/conexionnacional.mx\\\/wp-content\\\/uploads\\\/2023\\\/12\\\/descarga-44.jpg\",\"datePublished\":\"2023-12-18T17:27:38+00:00\",\"dateModified\":\"2023-12-18T17:27:39+00:00\",\"description\":\"Luego de que la madrugada de este domingo se reportara un ataque armado en contra de civiles que se encontraban disfrutando de una posada en el municipio de Salvatierra,\u00a0Guanajuato, en redes sociales se ha difundido una foto de las v\u00edctimas momentos antes del ataque.\",\"breadcrumb\":{\"@id\":\"https:\\\/\\\/conexionnacional.mx\\\/index.php\\\/2023\\\/12\\\/18\\\/difunden-foto-de-victimas-momentos-antes-del-ataque-armado-durante-posada\\\/#breadcrumb\"},\"inLanguage\":\"es\",\"potentialAction\":[{\"@type\":\"ReadAction\",\"target\":[\"https:\\\/\\\/conexionnacional.mx\\\/index.php\\\/2023\\\/12\\\/18\\\/difunden-foto-de-victimas-momentos-antes-del-ataque-armado-durante-posada\\\/\"]}]},{\"@type\":\"ImageObject\",\"inLanguage\":\"es\",\"@id\":\"https:\\\/\\\/conexionnacional.mx\\\/index.php\\\/2023\\\/12\\\/18\\\/difunden-foto-de-victimas-momentos-antes-del-ataque-armado-durante-posada\\\/#primaryimage\",\"url\":\"https:\\\/\\\/conexionnacional.mx\\\/wp-content\\\/uploads\\\/2023\\\/12\\\/descarga-44.jpg\",\"contentUrl\":\"https:\\\/\\\/conexionnacional.mx\\\/wp-content\\\/uploads\\\/2023\\\/12\\\/descarga-44.jpg\",\"width\":300,\"height\":168},{\"@type\":\"BreadcrumbList\",\"@id\":\"https:\\\/\\\/conexionnacional.mx\\\/index.php\\\/2023\\\/12\\\/18\\\/difunden-foto-de-victimas-momentos-antes-del-ataque-armado-durante-posada\\\/#breadcrumb\",\"itemListElement\":[{\"@type\":\"ListItem\",\"position\":1,\"name\":\"Inicio\",\"item\":\"https:\\\/\\\/conexionnacional.mx\\\/\"},{\"@type\":\"ListItem\",\"position\":2,\"name\":\"Masacre en Salvatierra: Difunden foto de v\u00edctimas momentos antes del ataque armado durante posada\"}]},{\"@type\":\"WebSite\",\"@id\":\"https:\\\/\\\/conexionnacional.mx\\\/#website\",\"url\":\"https:\\\/\\\/conexionnacional.mx\\\/\",\"name\":\"Conexi\u00f3n Nacional\",\"description\":\"Noticias al momento\",\"publisher\":{\"@id\":\"https:\\\/\\\/conexionnacional.mx\\\/#organization\"},\"alternateName\":\"Noticias nacionales\",\"potentialAction\":[{\"@type\":\"SearchAction\",\"target\":{\"@type\":\"EntryPoint\",\"urlTemplate\":\"https:\\\/\\\/conexionnacional.mx\\\/?s={search_term_string}\"},\"query-input\":{\"@type\":\"PropertyValueSpecification\",\"valueRequired\":true,\"valueName\":\"search_term_string\"}}],\"inLanguage\":\"es\"},{\"@type\":\"Organization\",\"@id\":\"https:\\\/\\\/conexionnacional.mx\\\/#organization\",\"name\":\"Conexi\u00f3n Nacional\",\"url\":\"https:\\\/\\\/conexionnacional.mx\\\/\",\"logo\":{\"@type\":\"ImageObject\",\"inLanguage\":\"es\",\"@id\":\"https:\\\/\\\/conexionnacional.mx\\\/#\\\/schema\\\/logo\\\/image\\\/\",\"url\":\"https:\\\/\\\/conexionnacional.mx\\\/wp-content\\\/uploads\\\/2022\\\/09\\\/conexion_nacional.png\",\"contentUrl\":\"https:\\\/\\\/conexionnacional.mx\\\/wp-content\\\/uploads\\\/2022\\\/09\\\/conexion_nacional.png\",\"width\":2964,\"height\":1173,\"caption\":\"Conexi\u00f3n Nacional\"},\"image\":{\"@id\":\"https:\\\/\\\/conexionnacional.mx\\\/#\\\/schema\\\/logo\\\/image\\\/\"},\"sameAs\":[\"https:\\\/\\\/www.facebook.com\\\/cnmxradio\"]},{\"@type\":\"Person\",\"@id\":\"https:\\\/\\\/conexionnacional.mx\\\/#\\\/schema\\\/person\\\/dd14aeda902120f5e0e021903fdb6931\",\"name\":\"Conexi\u00f3n Nacional\",\"image\":{\"@type\":\"ImageObject\",\"inLanguage\":\"es\",\"@id\":\"https:\\\/\\\/secure.gravatar.com\\\/avatar\\\/e523100f284110b2ecca7e17b2be9cf140a5e8f35294c9ec0543e6916cc1f9be?s=96&d=blank&r=g\",\"url\":\"https:\\\/\\\/secure.gravatar.com\\\/avatar\\\/e523100f284110b2ecca7e17b2be9cf140a5e8f35294c9ec0543e6916cc1f9be?s=96&d=blank&r=g\",\"contentUrl\":\"https:\\\/\\\/secure.gravatar.com\\\/avatar\\\/e523100f284110b2ecca7e17b2be9cf140a5e8f35294c9ec0543e6916cc1f9be?s=96&d=blank&r=g\",\"caption\":\"Conexi\u00f3n Nacional\"},\"sameAs\":[\"https:\\\/\\\/conexionnacional.mx\"],\"url\":\"https:\\\/\\\/conexionnacional.mx\\\/index.php\\\/author\\\/administrador\\\/\"}]}<\/script>\n<!-- \/ Yoast SEO plugin. -->","yoast_head_json":{"title":"Difunden foto de v\u00edctimas momentos antes del ataque armado durante posada","description":"Luego de que la madrugada de este domingo se reportara un ataque armado en contra de civiles que se encontraban disfrutando de una posada en el municipio de Salvatierra,\u00a0Guanajuato, en redes sociales se ha difundido una foto de las v\u00edctimas momentos antes del ataque.","robots":{"index":"index","follow":"follow","max-snippet":"max-snippet:-1","max-image-preview":"max-image-preview:large","max-video-preview":"max-video-preview:-1"},"canonical":"https:\/\/conexionnacional.mx\/index.php\/2023\/12\/18\/difunden-foto-de-victimas-momentos-antes-del-ataque-armado-durante-posada\/","og_locale":"es_MX","og_type":"article","og_title":"Difunden foto de v\u00edctimas momentos antes del ataque armado durante posada","og_description":"Luego de que la madrugada de este domingo se reportara un ataque armado en contra de civiles que se encontraban disfrutando de una posada en el municipio de Salvatierra,\u00a0Guanajuato, en redes sociales se ha difundido una foto de las v\u00edctimas momentos antes del ataque.","og_url":"https:\/\/conexionnacional.mx\/index.php\/2023\/12\/18\/difunden-foto-de-victimas-momentos-antes-del-ataque-armado-durante-posada\/","og_site_name":"Conexi\u00f3n Nacional","article_publisher":"https:\/\/www.facebook.com\/cnmxradio","article_published_time":"2023-12-18T17:27:38+00:00","article_modified_time":"2023-12-18T17:27:39+00:00","og_image":[{"width":300,"height":168,"url":"https:\/\/conexionnacional.mx\/wp-content\/uploads\/2023\/12\/descarga-44.jpg","type":"image\/jpeg"}],"author":"Conexi\u00f3n Nacional","twitter_card":"summary_large_image","twitter_misc":{"Escrito por":"Conexi\u00f3n Nacional","Tiempo de lectura":"2 minutos"},"schema":{"@context":"https:\/\/schema.org","@graph":[{"@type":"Article","@id":"https:\/\/conexionnacional.mx\/index.php\/2023\/12\/18\/difunden-foto-de-victimas-momentos-antes-del-ataque-armado-durante-posada\/#article","isPartOf":{"@id":"https:\/\/conexionnacional.mx\/index.php\/2023\/12\/18\/difunden-foto-de-victimas-momentos-antes-del-ataque-armado-durante-posada\/"},"author":{"name":"Conexi\u00f3n Nacional","@id":"https:\/\/conexionnacional.mx\/#\/schema\/person\/dd14aeda902120f5e0e021903fdb6931"},"headline":"Masacre en Salvatierra: Difunden foto de v\u00edctimas momentos antes del ataque armado durante posada","datePublished":"2023-12-18T17:27:38+00:00","dateModified":"2023-12-18T17:27:39+00:00","mainEntityOfPage":{"@id":"https:\/\/conexionnacional.mx\/index.php\/2023\/12\/18\/difunden-foto-de-victimas-momentos-antes-del-ataque-armado-durante-posada\/"},"wordCount":373,"publisher":{"@id":"https:\/\/conexionnacional.mx\/#organization"},"image":{"@id":"https:\/\/conexionnacional.mx\/index.php\/2023\/12\/18\/difunden-foto-de-victimas-momentos-antes-del-ataque-armado-durante-posada\/#primaryimage"},"thumbnailUrl":"https:\/\/conexionnacional.mx\/wp-content\/uploads\/2023\/12\/descarga-44.jpg","keywords":["masacre","Salvatierra"],"articleSection":["Estados"],"inLanguage":"es"},{"@type":"WebPage","@id":"https:\/\/conexionnacional.mx\/index.php\/2023\/12\/18\/difunden-foto-de-victimas-momentos-antes-del-ataque-armado-durante-posada\/","url":"https:\/\/conexionnacional.mx\/index.php\/2023\/12\/18\/difunden-foto-de-victimas-momentos-antes-del-ataque-armado-durante-posada\/","name":"Difunden foto de v\u00edctimas momentos antes del ataque armado durante posada","isPartOf":{"@id":"https:\/\/conexionnacional.mx\/#website"},"primaryImageOfPage":{"@id":"https:\/\/conexionnacional.mx\/index.php\/2023\/12\/18\/difunden-foto-de-victimas-momentos-antes-del-ataque-armado-durante-posada\/#primaryimage"},"image":{"@id":"https:\/\/conexionnacional.mx\/index.php\/2023\/12\/18\/difunden-foto-de-victimas-momentos-antes-del-ataque-armado-durante-posada\/#primaryimage"},"thumbnailUrl":"https:\/\/conexionnacional.mx\/wp-content\/uploads\/2023\/12\/descarga-44.jpg","datePublished":"2023-12-18T17:27:38+00:00","dateModified":"2023-12-18T17:27:39+00:00","description":"Luego de que la madrugada de este domingo se reportara un ataque armado en contra de civiles que se encontraban disfrutando de una posada en el municipio de Salvatierra,\u00a0Guanajuato, en redes sociales se ha difundido una foto de las v\u00edctimas momentos antes del ataque.","breadcrumb":{"@id":"https:\/\/conexionnacional.mx\/index.php\/2023\/12\/18\/difunden-foto-de-victimas-momentos-antes-del-ataque-armado-durante-posada\/#breadcrumb"},"inLanguage":"es","potentialAction":[{"@type":"ReadAction","target":["https:\/\/conexionnacional.mx\/index.php\/2023\/12\/18\/difunden-foto-de-victimas-momentos-antes-del-ataque-armado-durante-posada\/"]}]},{"@type":"ImageObject","inLanguage":"es","@id":"https:\/\/conexionnacional.mx\/index.php\/2023\/12\/18\/difunden-foto-de-victimas-momentos-antes-del-ataque-armado-durante-posada\/#primaryimage","url":"https:\/\/conexionnacional.mx\/wp-content\/uploads\/2023\/12\/descarga-44.jpg","contentUrl":"https:\/\/conexionnacional.mx\/wp-content\/uploads\/2023\/12\/descarga-44.jpg","width":300,"height":168},{"@type":"BreadcrumbList","@id":"https:\/\/conexionnacional.mx\/index.php\/2023\/12\/18\/difunden-foto-de-victimas-momentos-antes-del-ataque-armado-durante-posada\/#breadcrumb","itemListElement":[{"@type":"ListItem","position":1,"name":"Inicio","item":"https:\/\/conexionnacional.mx\/"},{"@type":"ListItem","position":2,"name":"Masacre en Salvatierra: Difunden foto de v\u00edctimas momentos antes del ataque armado durante posada"}]},{"@type":"WebSite","@id":"https:\/\/conexionnacional.mx\/#website","url":"https:\/\/conexionnacional.mx\/","name":"Conexi\u00f3n Nacional","description":"Noticias al momento","publisher":{"@id":"https:\/\/conexionnacional.mx\/#organization"},"alternateName":"Noticias nacionales","potentialAction":[{"@type":"SearchAction","target":{"@type":"EntryPoint","urlTemplate":"https:\/\/conexionnacional.mx\/?s={search_term_string}"},"query-input":{"@type":"PropertyValueSpecification","valueRequired":true,"valueName":"search_term_string"}}],"inLanguage":"es"},{"@type":"Organization","@id":"https:\/\/conexionnacional.mx\/#organization","name":"Conexi\u00f3n Nacional","url":"https:\/\/conexionnacional.mx\/","logo":{"@type":"ImageObject","inLanguage":"es","@id":"https:\/\/conexionnacional.mx\/#\/schema\/logo\/image\/","url":"https:\/\/conexionnacional.mx\/wp-content\/uploads\/2022\/09\/conexion_nacional.png","contentUrl":"https:\/\/conexionnacional.mx\/wp-content\/uploads\/2022\/09\/conexion_nacional.png","width":2964,"height":1173,"caption":"Conexi\u00f3n Nacional"},"image":{"@id":"https:\/\/conexionnacional.mx\/#\/schema\/logo\/image\/"},"sameAs":["https:\/\/www.facebook.com\/cnmxradio"]},{"@type":"Person","@id":"https:\/\/conexionnacional.mx\/#\/schema\/person\/dd14aeda902120f5e0e021903fdb6931","name":"Conexi\u00f3n Nacional","image":{"@type":"ImageObject","inLanguage":"es","@id":"https:\/\/secure.gravatar.com\/avatar\/e523100f284110b2ecca7e17b2be9cf140a5e8f35294c9ec0543e6916cc1f9be?s=96&d=blank&r=g","url":"https:\/\/secure.gravatar.com\/avatar\/e523100f284110b2ecca7e17b2be9cf140a5e8f35294c9ec0543e6916cc1f9be?s=96&d=blank&r=g","contentUrl":"https:\/\/secure.gravatar.com\/avatar\/e523100f284110b2ecca7e17b2be9cf140a5e8f35294c9ec0543e6916cc1f9be?s=96&d=blank&r=g","caption":"Conexi\u00f3n Nacional"},"sameAs":["https:\/\/conexionnacional.mx"],"url":"https:\/\/conexionnacional.mx\/index.php\/author\/administrador\/"}]}},"_links":{"self":[{"href":"https:\/\/conexionnacional.mx\/index.php\/wp-json\/wp\/v2\/posts\/18069","targetHints":{"allow":["GET"]}}],"collection":[{"href":"https:\/\/conexionnacional.mx\/index.php\/wp-json\/wp\/v2\/posts"}],"about":[{"href":"https:\/\/conexionnacional.mx\/index.php\/wp-json\/wp\/v2\/types\/post"}],"author":[{"embeddable":true,"href":"https:\/\/conexionnacional.mx\/index.php\/wp-json\/wp\/v2\/users\/1"}],"replies":[{"embeddable":true,"href":"https:\/\/conexionnacional.mx\/index.php\/wp-json\/wp\/v2\/comments?post=18069"}],"version-history":[{"count":1,"href":"https:\/\/conexionnacional.mx\/index.php\/wp-json\/wp\/v2\/posts\/18069\/revisions"}],"predecessor-version":[{"id":18071,"href":"https:\/\/conexionnacional.mx\/index.php\/wp-json\/wp\/v2\/posts\/18069\/revisions\/18071"}],"wp:featuredmedia":[{"embeddable":true,"href":"https:\/\/conexionnacional.mx\/index.php\/wp-json\/wp\/v2\/media\/18070"}],"wp:attachment":[{"href":"https:\/\/conexionnacional.mx\/index.php\/wp-json\/wp\/v2\/media?parent=18069"}],"wp:term":[{"taxonomy":"category","embeddable":true,"href":"https:\/\/conexionnacional.mx\/index.php\/wp-json\/wp\/v2\/categories?post=18069"},{"taxonomy":"post_tag","embeddable":true,"href":"https:\/\/conexionnacional.mx\/index.php\/wp-json\/wp\/v2\/tags?post=18069"}],"curies":[{"name":"wp","href":"https:\/\/api.w.org\/{rel}","templated":true}]}}