{"id":18063,"date":"2023-12-18T11:15:36","date_gmt":"2023-12-18T17:15:36","guid":{"rendered":"https:\/\/conexionnacional.mx\/?p=18063"},"modified":"2023-12-18T11:15:38","modified_gmt":"2023-12-18T17:15:38","slug":"emilio-azcarraga-jean-con-caguama-en-mano-se-hace-viral-por-video-en-vestidores-del-america","status":"publish","type":"post","link":"https:\/\/conexionnacional.mx\/index.php\/2023\/12\/18\/emilio-azcarraga-jean-con-caguama-en-mano-se-hace-viral-por-video-en-vestidores-del-america\/","title":{"rendered":"Emilio Azc\u00e1rraga Jean, con caguama en mano, se hace viral por VIDEO en vestidores del Am\u00e9rica"},"content":{"rendered":"\n<p>El&nbsp;<strong>Estadio Azteca<\/strong>&nbsp;se convirti\u00f3 en escenario de j\u00fabilo y emoci\u00f3n desbordada tras la victoria de Las \u00c1guilas del&nbsp;<strong>Club Am\u00e9rica&nbsp;<\/strong>sobre los Tigres en la final de la&nbsp;<strong>Liga MX<\/strong>, obteniendo as\u00ed su anhelado t\u00edtulo n\u00famero 14 en la historia de la instituci\u00f3n. La euforia no se hizo esperar, desencadenando una fiesta en la que&nbsp;<strong>Emilio Azc\u00e1rraga Jean<\/strong>, propietario del equipo y presidente de&nbsp;<em><strong>Grupo Televisa<\/strong><\/em>, no quiso estar ausente, descendiendo al terreno de juego para celebrar junto a sus jugadores.<\/p>\n\n\n\n<p>El hijo de&nbsp;<strong>Emilio Azc\u00e1rraga Milmo<\/strong>,&nbsp;<em>El Tigre<\/em>, se uni\u00f3 al festejo de los futbolistas y dedic\u00f3 palabras de agradecimiento a los miles de aficionados presentes en el coloso de Santa \u00darsula, acompa\u00f1ando con aplausos su camino hacia los vestuarios del equipo. Sin embargo, no solo por eso se hizo tendencia en redes sociales, sino por traer consigo&nbsp;<strong>una caguama&nbsp;<\/strong>y de dicha manera festejar el triunfo de su querido equipo.<\/p>\n\n\n\n<p>Una vez en el vestuario, Emilio dirigi\u00f3 un mensaje a sus jugadores, expresando su gratitud especialmente hacia el Director Deportivo, Santiago Ba\u00f1os, reconociendo los momentos complicados que este ha enfrentado como directivo&nbsp;<em>azulcrema<\/em>. Los jugadores y el due\u00f1o de&nbsp;<em>Televisa<\/em>&nbsp;fueron ba\u00f1ados por bebidas alcoh\u00f3licas en forma de festejo, pero internautas no dejaron de resaltar la caguama de \u201c<strong>el jefe<\/strong>\u201d y la forma en c\u00f3mo teniendo un alto nivel adquisitivo,&nbsp;<strong>prefiri\u00f3 una \u201cbanquetera fr\u00eda\u201d<\/strong>.<\/p>\n\n\n\n<figure class=\"wp-block-embed is-type-rich is-provider-twitter wp-block-embed-twitter\"><div class=\"wp-block-embed__wrapper\">\nhttps:\/\/twitter.com\/Alejandro_TGO\/status\/1736623372656664596\n<\/div><\/figure>\n\n\n\n<h2 class=\"wp-block-heading\">El discurso de Emilio Azc\u00e1rraga Jean a jugadores del Am\u00e9rica con caguama en mano<\/h2>\n\n\n\n<blockquote class=\"wp-block-quote is-layout-flow wp-block-quote-is-layout-flow\">\n<p>\u201cQuiero reconocer en primer lugar esta conquista n\u00famero 14, que ha sido resistente&#8230; gracias al se\u00f1or Santiago Ba\u00f1os\u201d, afirm\u00f3 Azc\u00e1rraga dentro del vestuario, dando inicio a una<strong>&nbsp;lluvia de cerveza y champagne entre los jugadores<\/strong>.<\/p>\n<\/blockquote>\n\n\n\n<p>A pesar del ambiente festivo, el due\u00f1o de Las \u00c1guilas dej\u00f3 claro que las celebraciones por el t\u00edtulo n\u00famero 14 concluir\u00edan al d\u00eda siguiente y que de inmediato enfocar\u00edan sus esfuerzos en la b\u00fasqueda del t\u00edtulo n\u00famero 15 para la instituci\u00f3n. En el Am\u00e9rica, no hab\u00eda tiempo que perder en la misi\u00f3n de sumar un nuevo campeonato.<\/p>\n\n\n\n<p>\u201cEste equipo se ha ganado esto, Andr\u00e9, Henry, de veras, lo que han logrado con la 14, y les digo, como siempre lo he dicho&#8230; la 14 termina ma\u00f1ana y vamos por la 15, porque este equipo est\u00e1 destinado a conseguir la 15\u2033.<\/p>\n\n\n\n<p><img fetchpriority=\"high\" decoding=\"async\" alt=\"Integrantes del club Am\u00e9rica festejan tras obtener el t\u00edtulo del torneo Apertura del f\u00fatbol mexicano. Estadio Azteca, Ciudad de M\u00e9xico, M\u00e9xico. 17 de diciembre de 2023.\nREUTERS\/Raquel Cunha\" height=\"514\" width=\"800\" src=\"https:\/\/www.infobae.com\/new-resizer\/-P-iw8TNSqtsZe_789vJC8NmmGI=\/992x614\/filters:format(webp):quality(85)\/cloudfront-us-east-1.images.arcpublishing.com\/infobae\/AHNGEVPDQVE3YPKQ4EDF2SYML4.jpg%20992w\" srcset=\"https:\/\/www.infobae.com\/new-resizer\/-P-iw8TNSqtsZe_789vJC8NmmGI=\/992x614\/filters:format(webp):quality(85)\/cloudfront-us-east-1.images.arcpublishing.com\/infobae\/AHNGEVPDQVE3YPKQ4EDF2SYML4.jpg 992w\">Integrantes del club Am\u00e9rica festejan tras obtener el t\u00edtulo del torneo Apertura del f\u00fatbol mexicano. Estadio Azteca, Ciudad de M\u00e9xico, M\u00e9xico. 17 de diciembre de 2023. REUTERS\/Raquel Cunha<\/p>\n\n\n\n<p>Con determinaci\u00f3n palpable, Emilio Azc\u00e1rraga proyect\u00f3 el futuro del equipo hacia nuevos retos, marcando la ambici\u00f3n por seguir sumando \u00e9xitos en la historia del<strong>&nbsp;Club Am\u00e9rica<\/strong>.<\/p>\n","protected":false},"excerpt":{"rendered":"<p>El&nbsp;Estadio Azteca&nbsp;se convirti\u00f3 en escenario de j\u00fabilo y emoci\u00f3n desbordada tras la victoria de Las \u00c1guilas del&nbsp;Club Am\u00e9rica&nbsp;sobre los Tigres en la final de la&nbsp;Liga MX, obteniendo as\u00ed su anhelado t\u00edtulo n\u00famero 14 en la historia de la instituci\u00f3n. La euforia no se hizo esperar, desencadenando una fiesta en la que&nbsp;Emilio Azc\u00e1rraga Jean, propietario del [&hellip;]<\/p>\n","protected":false},"author":1,"featured_media":18064,"comment_status":"closed","ping_status":"closed","sticky":false,"template":"","format":"aside","meta":{"googlesitekit_rrm_CAowytPeCw:productID":"","footnotes":""},"categories":[5063],"tags":[6688,3886],"class_list":["post-18063","post","type-post","status-publish","format-aside","has-post-thumbnail","hentry","category-redes-sociales","tag-caguama","tag-emilio-azcarraga","post_format-post-format-aside"],"yoast_head":"<!-- This site is optimized with the Yoast SEO plugin v27.4 - https:\/\/yoast.com\/product\/yoast-seo-wordpress\/ -->\n<title>Emilio Azc\u00e1rraga Jean, con caguama en mano, se hace viral por VIDEO en vestidores del Am\u00e9rica<\/title>\n<meta name=\"description\" content=\"El\u00a0Estadio Azteca\u00a0se convirti\u00f3 en escenario de j\u00fabilo y emoci\u00f3n desbordada tras la victoria de Las \u00c1guilas del\u00a0Club Am\u00e9rica\u00a0sobre los Tigres en la final de la\u00a0Liga MX, obteniendo as\u00ed su anhelado t\u00edtulo n\u00famero 14 en la historia de la instituci\u00f3n.\" \/>\n<meta name=\"robots\" content=\"index, follow, max-snippet:-1, max-image-preview:large, max-video-preview:-1\" \/>\n<link rel=\"canonical\" href=\"https:\/\/conexionnacional.mx\/index.php\/2023\/12\/18\/emilio-azcarraga-jean-con-caguama-en-mano-se-hace-viral-por-video-en-vestidores-del-america\/\" \/>\n<meta property=\"og:locale\" content=\"es_MX\" \/>\n<meta property=\"og:type\" content=\"article\" \/>\n<meta property=\"og:title\" content=\"Emilio Azc\u00e1rraga Jean, con caguama en mano, se hace viral por VIDEO en vestidores del Am\u00e9rica\" \/>\n<meta property=\"og:description\" content=\"El\u00a0Estadio Azteca\u00a0se convirti\u00f3 en escenario de j\u00fabilo y emoci\u00f3n desbordada tras la victoria de Las \u00c1guilas del\u00a0Club Am\u00e9rica\u00a0sobre los Tigres en la final de la\u00a0Liga MX, obteniendo as\u00ed su anhelado t\u00edtulo n\u00famero 14 en la historia de la instituci\u00f3n.\" \/>\n<meta property=\"og:url\" content=\"https:\/\/conexionnacional.mx\/index.php\/2023\/12\/18\/emilio-azcarraga-jean-con-caguama-en-mano-se-hace-viral-por-video-en-vestidores-del-america\/\" \/>\n<meta property=\"og:site_name\" content=\"Conexi\u00f3n Nacional\" \/>\n<meta property=\"article:publisher\" content=\"https:\/\/www.facebook.com\/cnmxradio\" \/>\n<meta property=\"article:published_time\" content=\"2023-12-18T17:15:36+00:00\" \/>\n<meta property=\"article:modified_time\" content=\"2023-12-18T17:15:38+00:00\" \/>\n<meta property=\"og:image\" content=\"https:\/\/conexionnacional.mx\/wp-content\/uploads\/2023\/12\/emilio-azcarraga-claras-obligaciones-america.jpg\" \/>\n\t<meta property=\"og:image:width\" content=\"1200\" \/>\n\t<meta property=\"og:image:height\" content=\"747\" \/>\n\t<meta property=\"og:image:type\" content=\"image\/jpeg\" \/>\n<meta name=\"author\" content=\"Conexi\u00f3n Nacional\" \/>\n<meta name=\"twitter:card\" content=\"summary_large_image\" \/>\n<meta name=\"twitter:label1\" content=\"Escrito por\" \/>\n\t<meta name=\"twitter:data1\" content=\"Conexi\u00f3n Nacional\" \/>\n\t<meta name=\"twitter:label2\" content=\"Tiempo de lectura\" \/>\n\t<meta name=\"twitter:data2\" content=\"3 minutos\" \/>\n<script type=\"application\/ld+json\" class=\"yoast-schema-graph\">{\"@context\":\"https:\\\/\\\/schema.org\",\"@graph\":[{\"@type\":\"Article\",\"@id\":\"https:\\\/\\\/conexionnacional.mx\\\/index.php\\\/2023\\\/12\\\/18\\\/emilio-azcarraga-jean-con-caguama-en-mano-se-hace-viral-por-video-en-vestidores-del-america\\\/#article\",\"isPartOf\":{\"@id\":\"https:\\\/\\\/conexionnacional.mx\\\/index.php\\\/2023\\\/12\\\/18\\\/emilio-azcarraga-jean-con-caguama-en-mano-se-hace-viral-por-video-en-vestidores-del-america\\\/\"},\"author\":{\"name\":\"Conexi\u00f3n Nacional\",\"@id\":\"https:\\\/\\\/conexionnacional.mx\\\/#\\\/schema\\\/person\\\/dd14aeda902120f5e0e021903fdb6931\"},\"headline\":\"Emilio Azc\u00e1rraga Jean, con caguama en mano, se hace viral por VIDEO en vestidores del Am\u00e9rica\",\"datePublished\":\"2023-12-18T17:15:36+00:00\",\"dateModified\":\"2023-12-18T17:15:38+00:00\",\"mainEntityOfPage\":{\"@id\":\"https:\\\/\\\/conexionnacional.mx\\\/index.php\\\/2023\\\/12\\\/18\\\/emilio-azcarraga-jean-con-caguama-en-mano-se-hace-viral-por-video-en-vestidores-del-america\\\/\"},\"wordCount\":506,\"publisher\":{\"@id\":\"https:\\\/\\\/conexionnacional.mx\\\/#organization\"},\"image\":{\"@id\":\"https:\\\/\\\/conexionnacional.mx\\\/index.php\\\/2023\\\/12\\\/18\\\/emilio-azcarraga-jean-con-caguama-en-mano-se-hace-viral-por-video-en-vestidores-del-america\\\/#primaryimage\"},\"thumbnailUrl\":\"https:\\\/\\\/conexionnacional.mx\\\/wp-content\\\/uploads\\\/2023\\\/12\\\/emilio-azcarraga-claras-obligaciones-america.jpg\",\"keywords\":[\"Caguama\",\"Emilio Azc\u00e1rraga\"],\"articleSection\":[\"Redes Sociales\"],\"inLanguage\":\"es\"},{\"@type\":\"WebPage\",\"@id\":\"https:\\\/\\\/conexionnacional.mx\\\/index.php\\\/2023\\\/12\\\/18\\\/emilio-azcarraga-jean-con-caguama-en-mano-se-hace-viral-por-video-en-vestidores-del-america\\\/\",\"url\":\"https:\\\/\\\/conexionnacional.mx\\\/index.php\\\/2023\\\/12\\\/18\\\/emilio-azcarraga-jean-con-caguama-en-mano-se-hace-viral-por-video-en-vestidores-del-america\\\/\",\"name\":\"Emilio Azc\u00e1rraga Jean, con caguama en mano, se hace viral por VIDEO en vestidores del Am\u00e9rica\",\"isPartOf\":{\"@id\":\"https:\\\/\\\/conexionnacional.mx\\\/#website\"},\"primaryImageOfPage\":{\"@id\":\"https:\\\/\\\/conexionnacional.mx\\\/index.php\\\/2023\\\/12\\\/18\\\/emilio-azcarraga-jean-con-caguama-en-mano-se-hace-viral-por-video-en-vestidores-del-america\\\/#primaryimage\"},\"image\":{\"@id\":\"https:\\\/\\\/conexionnacional.mx\\\/index.php\\\/2023\\\/12\\\/18\\\/emilio-azcarraga-jean-con-caguama-en-mano-se-hace-viral-por-video-en-vestidores-del-america\\\/#primaryimage\"},\"thumbnailUrl\":\"https:\\\/\\\/conexionnacional.mx\\\/wp-content\\\/uploads\\\/2023\\\/12\\\/emilio-azcarraga-claras-obligaciones-america.jpg\",\"datePublished\":\"2023-12-18T17:15:36+00:00\",\"dateModified\":\"2023-12-18T17:15:38+00:00\",\"description\":\"El\u00a0Estadio Azteca\u00a0se convirti\u00f3 en escenario de j\u00fabilo y emoci\u00f3n desbordada tras la victoria de Las \u00c1guilas del\u00a0Club Am\u00e9rica\u00a0sobre los Tigres en la final de la\u00a0Liga MX, obteniendo as\u00ed su anhelado t\u00edtulo n\u00famero 14 en la historia de la instituci\u00f3n.\",\"breadcrumb\":{\"@id\":\"https:\\\/\\\/conexionnacional.mx\\\/index.php\\\/2023\\\/12\\\/18\\\/emilio-azcarraga-jean-con-caguama-en-mano-se-hace-viral-por-video-en-vestidores-del-america\\\/#breadcrumb\"},\"inLanguage\":\"es\",\"potentialAction\":[{\"@type\":\"ReadAction\",\"target\":[\"https:\\\/\\\/conexionnacional.mx\\\/index.php\\\/2023\\\/12\\\/18\\\/emilio-azcarraga-jean-con-caguama-en-mano-se-hace-viral-por-video-en-vestidores-del-america\\\/\"]}]},{\"@type\":\"ImageObject\",\"inLanguage\":\"es\",\"@id\":\"https:\\\/\\\/conexionnacional.mx\\\/index.php\\\/2023\\\/12\\\/18\\\/emilio-azcarraga-jean-con-caguama-en-mano-se-hace-viral-por-video-en-vestidores-del-america\\\/#primaryimage\",\"url\":\"https:\\\/\\\/conexionnacional.mx\\\/wp-content\\\/uploads\\\/2023\\\/12\\\/emilio-azcarraga-claras-obligaciones-america.jpg\",\"contentUrl\":\"https:\\\/\\\/conexionnacional.mx\\\/wp-content\\\/uploads\\\/2023\\\/12\\\/emilio-azcarraga-claras-obligaciones-america.jpg\",\"width\":1200,\"height\":747},{\"@type\":\"BreadcrumbList\",\"@id\":\"https:\\\/\\\/conexionnacional.mx\\\/index.php\\\/2023\\\/12\\\/18\\\/emilio-azcarraga-jean-con-caguama-en-mano-se-hace-viral-por-video-en-vestidores-del-america\\\/#breadcrumb\",\"itemListElement\":[{\"@type\":\"ListItem\",\"position\":1,\"name\":\"Inicio\",\"item\":\"https:\\\/\\\/conexionnacional.mx\\\/\"},{\"@type\":\"ListItem\",\"position\":2,\"name\":\"Emilio Azc\u00e1rraga Jean, con caguama en mano, se hace viral por VIDEO en vestidores del Am\u00e9rica\"}]},{\"@type\":\"WebSite\",\"@id\":\"https:\\\/\\\/conexionnacional.mx\\\/#website\",\"url\":\"https:\\\/\\\/conexionnacional.mx\\\/\",\"name\":\"Conexi\u00f3n Nacional\",\"description\":\"Noticias al momento\",\"publisher\":{\"@id\":\"https:\\\/\\\/conexionnacional.mx\\\/#organization\"},\"alternateName\":\"Noticias nacionales\",\"potentialAction\":[{\"@type\":\"SearchAction\",\"target\":{\"@type\":\"EntryPoint\",\"urlTemplate\":\"https:\\\/\\\/conexionnacional.mx\\\/?s={search_term_string}\"},\"query-input\":{\"@type\":\"PropertyValueSpecification\",\"valueRequired\":true,\"valueName\":\"search_term_string\"}}],\"inLanguage\":\"es\"},{\"@type\":\"Organization\",\"@id\":\"https:\\\/\\\/conexionnacional.mx\\\/#organization\",\"name\":\"Conexi\u00f3n Nacional\",\"url\":\"https:\\\/\\\/conexionnacional.mx\\\/\",\"logo\":{\"@type\":\"ImageObject\",\"inLanguage\":\"es\",\"@id\":\"https:\\\/\\\/conexionnacional.mx\\\/#\\\/schema\\\/logo\\\/image\\\/\",\"url\":\"https:\\\/\\\/conexionnacional.mx\\\/wp-content\\\/uploads\\\/2022\\\/09\\\/conexion_nacional.png\",\"contentUrl\":\"https:\\\/\\\/conexionnacional.mx\\\/wp-content\\\/uploads\\\/2022\\\/09\\\/conexion_nacional.png\",\"width\":2964,\"height\":1173,\"caption\":\"Conexi\u00f3n Nacional\"},\"image\":{\"@id\":\"https:\\\/\\\/conexionnacional.mx\\\/#\\\/schema\\\/logo\\\/image\\\/\"},\"sameAs\":[\"https:\\\/\\\/www.facebook.com\\\/cnmxradio\"]},{\"@type\":\"Person\",\"@id\":\"https:\\\/\\\/conexionnacional.mx\\\/#\\\/schema\\\/person\\\/dd14aeda902120f5e0e021903fdb6931\",\"name\":\"Conexi\u00f3n Nacional\",\"image\":{\"@type\":\"ImageObject\",\"inLanguage\":\"es\",\"@id\":\"https:\\\/\\\/secure.gravatar.com\\\/avatar\\\/e523100f284110b2ecca7e17b2be9cf140a5e8f35294c9ec0543e6916cc1f9be?s=96&d=blank&r=g\",\"url\":\"https:\\\/\\\/secure.gravatar.com\\\/avatar\\\/e523100f284110b2ecca7e17b2be9cf140a5e8f35294c9ec0543e6916cc1f9be?s=96&d=blank&r=g\",\"contentUrl\":\"https:\\\/\\\/secure.gravatar.com\\\/avatar\\\/e523100f284110b2ecca7e17b2be9cf140a5e8f35294c9ec0543e6916cc1f9be?s=96&d=blank&r=g\",\"caption\":\"Conexi\u00f3n Nacional\"},\"sameAs\":[\"https:\\\/\\\/conexionnacional.mx\"],\"url\":\"https:\\\/\\\/conexionnacional.mx\\\/index.php\\\/author\\\/administrador\\\/\"}]}<\/script>\n<!-- \/ Yoast SEO plugin. -->","yoast_head_json":{"title":"Emilio Azc\u00e1rraga Jean, con caguama en mano, se hace viral por VIDEO en vestidores del Am\u00e9rica","description":"El\u00a0Estadio Azteca\u00a0se convirti\u00f3 en escenario de j\u00fabilo y emoci\u00f3n desbordada tras la victoria de Las \u00c1guilas del\u00a0Club Am\u00e9rica\u00a0sobre los Tigres en la final de la\u00a0Liga MX, obteniendo as\u00ed su anhelado t\u00edtulo n\u00famero 14 en la historia de la instituci\u00f3n.","robots":{"index":"index","follow":"follow","max-snippet":"max-snippet:-1","max-image-preview":"max-image-preview:large","max-video-preview":"max-video-preview:-1"},"canonical":"https:\/\/conexionnacional.mx\/index.php\/2023\/12\/18\/emilio-azcarraga-jean-con-caguama-en-mano-se-hace-viral-por-video-en-vestidores-del-america\/","og_locale":"es_MX","og_type":"article","og_title":"Emilio Azc\u00e1rraga Jean, con caguama en mano, se hace viral por VIDEO en vestidores del Am\u00e9rica","og_description":"El\u00a0Estadio Azteca\u00a0se convirti\u00f3 en escenario de j\u00fabilo y emoci\u00f3n desbordada tras la victoria de Las \u00c1guilas del\u00a0Club Am\u00e9rica\u00a0sobre los Tigres en la final de la\u00a0Liga MX, obteniendo as\u00ed su anhelado t\u00edtulo n\u00famero 14 en la historia de la instituci\u00f3n.","og_url":"https:\/\/conexionnacional.mx\/index.php\/2023\/12\/18\/emilio-azcarraga-jean-con-caguama-en-mano-se-hace-viral-por-video-en-vestidores-del-america\/","og_site_name":"Conexi\u00f3n Nacional","article_publisher":"https:\/\/www.facebook.com\/cnmxradio","article_published_time":"2023-12-18T17:15:36+00:00","article_modified_time":"2023-12-18T17:15:38+00:00","og_image":[{"width":1200,"height":747,"url":"https:\/\/conexionnacional.mx\/wp-content\/uploads\/2023\/12\/emilio-azcarraga-claras-obligaciones-america.jpg","type":"image\/jpeg"}],"author":"Conexi\u00f3n Nacional","twitter_card":"summary_large_image","twitter_misc":{"Escrito por":"Conexi\u00f3n Nacional","Tiempo de lectura":"3 minutos"},"schema":{"@context":"https:\/\/schema.org","@graph":[{"@type":"Article","@id":"https:\/\/conexionnacional.mx\/index.php\/2023\/12\/18\/emilio-azcarraga-jean-con-caguama-en-mano-se-hace-viral-por-video-en-vestidores-del-america\/#article","isPartOf":{"@id":"https:\/\/conexionnacional.mx\/index.php\/2023\/12\/18\/emilio-azcarraga-jean-con-caguama-en-mano-se-hace-viral-por-video-en-vestidores-del-america\/"},"author":{"name":"Conexi\u00f3n Nacional","@id":"https:\/\/conexionnacional.mx\/#\/schema\/person\/dd14aeda902120f5e0e021903fdb6931"},"headline":"Emilio Azc\u00e1rraga Jean, con caguama en mano, se hace viral por VIDEO en vestidores del Am\u00e9rica","datePublished":"2023-12-18T17:15:36+00:00","dateModified":"2023-12-18T17:15:38+00:00","mainEntityOfPage":{"@id":"https:\/\/conexionnacional.mx\/index.php\/2023\/12\/18\/emilio-azcarraga-jean-con-caguama-en-mano-se-hace-viral-por-video-en-vestidores-del-america\/"},"wordCount":506,"publisher":{"@id":"https:\/\/conexionnacional.mx\/#organization"},"image":{"@id":"https:\/\/conexionnacional.mx\/index.php\/2023\/12\/18\/emilio-azcarraga-jean-con-caguama-en-mano-se-hace-viral-por-video-en-vestidores-del-america\/#primaryimage"},"thumbnailUrl":"https:\/\/conexionnacional.mx\/wp-content\/uploads\/2023\/12\/emilio-azcarraga-claras-obligaciones-america.jpg","keywords":["Caguama","Emilio Azc\u00e1rraga"],"articleSection":["Redes Sociales"],"inLanguage":"es"},{"@type":"WebPage","@id":"https:\/\/conexionnacional.mx\/index.php\/2023\/12\/18\/emilio-azcarraga-jean-con-caguama-en-mano-se-hace-viral-por-video-en-vestidores-del-america\/","url":"https:\/\/conexionnacional.mx\/index.php\/2023\/12\/18\/emilio-azcarraga-jean-con-caguama-en-mano-se-hace-viral-por-video-en-vestidores-del-america\/","name":"Emilio Azc\u00e1rraga Jean, con caguama en mano, se hace viral por VIDEO en vestidores del Am\u00e9rica","isPartOf":{"@id":"https:\/\/conexionnacional.mx\/#website"},"primaryImageOfPage":{"@id":"https:\/\/conexionnacional.mx\/index.php\/2023\/12\/18\/emilio-azcarraga-jean-con-caguama-en-mano-se-hace-viral-por-video-en-vestidores-del-america\/#primaryimage"},"image":{"@id":"https:\/\/conexionnacional.mx\/index.php\/2023\/12\/18\/emilio-azcarraga-jean-con-caguama-en-mano-se-hace-viral-por-video-en-vestidores-del-america\/#primaryimage"},"thumbnailUrl":"https:\/\/conexionnacional.mx\/wp-content\/uploads\/2023\/12\/emilio-azcarraga-claras-obligaciones-america.jpg","datePublished":"2023-12-18T17:15:36+00:00","dateModified":"2023-12-18T17:15:38+00:00","description":"El\u00a0Estadio Azteca\u00a0se convirti\u00f3 en escenario de j\u00fabilo y emoci\u00f3n desbordada tras la victoria de Las \u00c1guilas del\u00a0Club Am\u00e9rica\u00a0sobre los Tigres en la final de la\u00a0Liga MX, obteniendo as\u00ed su anhelado t\u00edtulo n\u00famero 14 en la historia de la instituci\u00f3n.","breadcrumb":{"@id":"https:\/\/conexionnacional.mx\/index.php\/2023\/12\/18\/emilio-azcarraga-jean-con-caguama-en-mano-se-hace-viral-por-video-en-vestidores-del-america\/#breadcrumb"},"inLanguage":"es","potentialAction":[{"@type":"ReadAction","target":["https:\/\/conexionnacional.mx\/index.php\/2023\/12\/18\/emilio-azcarraga-jean-con-caguama-en-mano-se-hace-viral-por-video-en-vestidores-del-america\/"]}]},{"@type":"ImageObject","inLanguage":"es","@id":"https:\/\/conexionnacional.mx\/index.php\/2023\/12\/18\/emilio-azcarraga-jean-con-caguama-en-mano-se-hace-viral-por-video-en-vestidores-del-america\/#primaryimage","url":"https:\/\/conexionnacional.mx\/wp-content\/uploads\/2023\/12\/emilio-azcarraga-claras-obligaciones-america.jpg","contentUrl":"https:\/\/conexionnacional.mx\/wp-content\/uploads\/2023\/12\/emilio-azcarraga-claras-obligaciones-america.jpg","width":1200,"height":747},{"@type":"BreadcrumbList","@id":"https:\/\/conexionnacional.mx\/index.php\/2023\/12\/18\/emilio-azcarraga-jean-con-caguama-en-mano-se-hace-viral-por-video-en-vestidores-del-america\/#breadcrumb","itemListElement":[{"@type":"ListItem","position":1,"name":"Inicio","item":"https:\/\/conexionnacional.mx\/"},{"@type":"ListItem","position":2,"name":"Emilio Azc\u00e1rraga Jean, con caguama en mano, se hace viral por VIDEO en vestidores del Am\u00e9rica"}]},{"@type":"WebSite","@id":"https:\/\/conexionnacional.mx\/#website","url":"https:\/\/conexionnacional.mx\/","name":"Conexi\u00f3n Nacional","description":"Noticias al momento","publisher":{"@id":"https:\/\/conexionnacional.mx\/#organization"},"alternateName":"Noticias nacionales","potentialAction":[{"@type":"SearchAction","target":{"@type":"EntryPoint","urlTemplate":"https:\/\/conexionnacional.mx\/?s={search_term_string}"},"query-input":{"@type":"PropertyValueSpecification","valueRequired":true,"valueName":"search_term_string"}}],"inLanguage":"es"},{"@type":"Organization","@id":"https:\/\/conexionnacional.mx\/#organization","name":"Conexi\u00f3n Nacional","url":"https:\/\/conexionnacional.mx\/","logo":{"@type":"ImageObject","inLanguage":"es","@id":"https:\/\/conexionnacional.mx\/#\/schema\/logo\/image\/","url":"https:\/\/conexionnacional.mx\/wp-content\/uploads\/2022\/09\/conexion_nacional.png","contentUrl":"https:\/\/conexionnacional.mx\/wp-content\/uploads\/2022\/09\/conexion_nacional.png","width":2964,"height":1173,"caption":"Conexi\u00f3n Nacional"},"image":{"@id":"https:\/\/conexionnacional.mx\/#\/schema\/logo\/image\/"},"sameAs":["https:\/\/www.facebook.com\/cnmxradio"]},{"@type":"Person","@id":"https:\/\/conexionnacional.mx\/#\/schema\/person\/dd14aeda902120f5e0e021903fdb6931","name":"Conexi\u00f3n Nacional","image":{"@type":"ImageObject","inLanguage":"es","@id":"https:\/\/secure.gravatar.com\/avatar\/e523100f284110b2ecca7e17b2be9cf140a5e8f35294c9ec0543e6916cc1f9be?s=96&d=blank&r=g","url":"https:\/\/secure.gravatar.com\/avatar\/e523100f284110b2ecca7e17b2be9cf140a5e8f35294c9ec0543e6916cc1f9be?s=96&d=blank&r=g","contentUrl":"https:\/\/secure.gravatar.com\/avatar\/e523100f284110b2ecca7e17b2be9cf140a5e8f35294c9ec0543e6916cc1f9be?s=96&d=blank&r=g","caption":"Conexi\u00f3n Nacional"},"sameAs":["https:\/\/conexionnacional.mx"],"url":"https:\/\/conexionnacional.mx\/index.php\/author\/administrador\/"}]}},"_links":{"self":[{"href":"https:\/\/conexionnacional.mx\/index.php\/wp-json\/wp\/v2\/posts\/18063","targetHints":{"allow":["GET"]}}],"collection":[{"href":"https:\/\/conexionnacional.mx\/index.php\/wp-json\/wp\/v2\/posts"}],"about":[{"href":"https:\/\/conexionnacional.mx\/index.php\/wp-json\/wp\/v2\/types\/post"}],"author":[{"embeddable":true,"href":"https:\/\/conexionnacional.mx\/index.php\/wp-json\/wp\/v2\/users\/1"}],"replies":[{"embeddable":true,"href":"https:\/\/conexionnacional.mx\/index.php\/wp-json\/wp\/v2\/comments?post=18063"}],"version-history":[{"count":1,"href":"https:\/\/conexionnacional.mx\/index.php\/wp-json\/wp\/v2\/posts\/18063\/revisions"}],"predecessor-version":[{"id":18065,"href":"https:\/\/conexionnacional.mx\/index.php\/wp-json\/wp\/v2\/posts\/18063\/revisions\/18065"}],"wp:featuredmedia":[{"embeddable":true,"href":"https:\/\/conexionnacional.mx\/index.php\/wp-json\/wp\/v2\/media\/18064"}],"wp:attachment":[{"href":"https:\/\/conexionnacional.mx\/index.php\/wp-json\/wp\/v2\/media?parent=18063"}],"wp:term":[{"taxonomy":"category","embeddable":true,"href":"https:\/\/conexionnacional.mx\/index.php\/wp-json\/wp\/v2\/categories?post=18063"},{"taxonomy":"post_tag","embeddable":true,"href":"https:\/\/conexionnacional.mx\/index.php\/wp-json\/wp\/v2\/tags?post=18063"}],"curies":[{"name":"wp","href":"https:\/\/api.w.org\/{rel}","templated":true}]}}