{"id":18060,"date":"2023-12-18T11:06:15","date_gmt":"2023-12-18T17:06:15","guid":{"rendered":"https:\/\/conexionnacional.mx\/?p=18060"},"modified":"2023-12-18T11:06:16","modified_gmt":"2023-12-18T17:06:16","slug":"jose-ramon-fernandez-asegura-que-el-america-fue-campeon-con-ayudas-arbitrales","status":"publish","type":"post","link":"https:\/\/conexionnacional.mx\/index.php\/2023\/12\/18\/jose-ramon-fernandez-asegura-que-el-america-fue-campeon-con-ayudas-arbitrales\/","title":{"rendered":"Jos\u00e9 Ram\u00f3n Fern\u00e1ndez asegura que el Am\u00e9rica fue campe\u00f3n con ayudas arbitrales"},"content":{"rendered":"\n<p>El reconocido periodista deportivo&nbsp;<strong>Jos\u00e9 Ram\u00f3n Fern\u00e1ndez<\/strong>&nbsp;escribi\u00f3 un nuevo cap\u00edtulo en su hist\u00f3rica rivalidad con el&nbsp;<strong>Club Am\u00e9rica<\/strong>. Esta vez, despu\u00e9s de que las \u00c1guilas se consagraran como el nuevo campe\u00f3n de la Liga MX, el conductor public\u00f3 en redes sociales que lo lograron gracias a<strong>&nbsp;&#8220;ayudas arbitrales&#8221;<\/strong>.<\/p>\n\n\n\n<p>Con goles de Juli\u00e1n Qui\u00f1ones, Richard S\u00e1nchez y Jonathan Rodr\u00edguez, el Am\u00e9rica super\u00f3 a Tigres que termin\u00f3 el partido con dos jugadores menos por las&nbsp;<strong>expulsiones de Nahuel Guzm\u00e1n y Raymundo Fulgencio<\/strong>.<\/p>\n\n\n\n<p>Sin embargo, hubo una jugada en el segundo tiempo donde Henry Mart\u00edn habr\u00eda dado un cabezazo a un jugador de Tigres que el \u00e1rbitro&nbsp;<strong>Adonai Escobedo<\/strong>&nbsp;no vio ni fue avisado por el VAR para sancionar al futbolista del Am\u00e9rica.<\/p>\n\n\n\n<figure class=\"wp-block-embed is-type-rich is-provider-twitter wp-block-embed-twitter\"><div class=\"wp-block-embed__wrapper\">\n<blockquote class=\"twitter-tweet\" data-width=\"550\" data-dnt=\"true\"><p lang=\"es\" dir=\"ltr\">Ya le tocaba, el \u00e1rbitro clave!<a href=\"https:\/\/twitter.com\/hashtag\/America?src=hash&amp;ref_src=twsrc%5Etfw\">#America<\/a> Campe\u00f3n con ayudadita <a href=\"https:\/\/t.co\/wljHOsK0n5\">pic.twitter.com\/wljHOsK0n5<\/a><\/p>&mdash; Jos\u00e9 Ram\u00f3n Fern\u00e1ndez (@joserra_espn) <a href=\"https:\/\/twitter.com\/joserra_espn\/status\/1736605161861034144?ref_src=twsrc%5Etfw\">December 18, 2023<\/a><\/blockquote><script async src=\"https:\/\/platform.twitter.com\/widgets.js\" charset=\"utf-8\"><\/script>\n<\/div><\/figure>\n","protected":false},"excerpt":{"rendered":"<p>El reconocido periodista deportivo&nbsp;Jos\u00e9 Ram\u00f3n Fern\u00e1ndez&nbsp;escribi\u00f3 un nuevo cap\u00edtulo en su hist\u00f3rica rivalidad con el&nbsp;Club Am\u00e9rica. Esta vez, despu\u00e9s de que las \u00c1guilas se consagraran como el nuevo campe\u00f3n de la Liga MX, el conductor public\u00f3 en redes sociales que lo lograron gracias a&nbsp;&#8220;ayudas arbitrales&#8221;. Con goles de Juli\u00e1n Qui\u00f1ones, Richard S\u00e1nchez y Jonathan Rodr\u00edguez, [&hellip;]<\/p>\n","protected":false},"author":1,"featured_media":18061,"comment_status":"closed","ping_status":"closed","sticky":false,"template":"","format":"aside","meta":{"googlesitekit_rrm_CAowytPeCw:productID":"","footnotes":""},"categories":[19],"tags":[111,2946],"class_list":["post-18060","post","type-post","status-publish","format-aside","has-post-thumbnail","hentry","category-deportes","tag-america","tag-jose-ramon-fernandez","post_format-post-format-aside"],"yoast_head":"<!-- This site is optimized with the Yoast SEO plugin v27.4 - https:\/\/yoast.com\/product\/yoast-seo-wordpress\/ -->\n<title>Jos\u00e9 Ram\u00f3n Fern\u00e1ndez asegura que el Am\u00e9rica fue campe\u00f3n con ayudas arbitrales<\/title>\n<meta name=\"description\" content=\"El reconocido periodista deportivo\u00a0Jos\u00e9 Ram\u00f3n Fern\u00e1ndez\u00a0escribi\u00f3 un nuevo cap\u00edtulo en su hist\u00f3rica rivalidad con el\u00a0Club Am\u00e9rica. Esta vez, despu\u00e9s de que las \u00c1guilas se consagraran como el nuevo campe\u00f3n de la Liga MX, el conductor public\u00f3 en redes sociales que lo lograron gracias a\u00a0&quot;ayudas arbitrales&quot;.\" \/>\n<meta name=\"robots\" content=\"index, follow, max-snippet:-1, max-image-preview:large, max-video-preview:-1\" \/>\n<link rel=\"canonical\" href=\"https:\/\/conexionnacional.mx\/index.php\/2023\/12\/18\/jose-ramon-fernandez-asegura-que-el-america-fue-campeon-con-ayudas-arbitrales\/\" \/>\n<meta property=\"og:locale\" content=\"es_MX\" \/>\n<meta property=\"og:type\" content=\"article\" \/>\n<meta property=\"og:title\" content=\"Jos\u00e9 Ram\u00f3n Fern\u00e1ndez asegura que el Am\u00e9rica fue campe\u00f3n con ayudas arbitrales\" \/>\n<meta property=\"og:description\" content=\"El reconocido periodista deportivo\u00a0Jos\u00e9 Ram\u00f3n Fern\u00e1ndez\u00a0escribi\u00f3 un nuevo cap\u00edtulo en su hist\u00f3rica rivalidad con el\u00a0Club Am\u00e9rica. Esta vez, despu\u00e9s de que las \u00c1guilas se consagraran como el nuevo campe\u00f3n de la Liga MX, el conductor public\u00f3 en redes sociales que lo lograron gracias a\u00a0&quot;ayudas arbitrales&quot;.\" \/>\n<meta property=\"og:url\" content=\"https:\/\/conexionnacional.mx\/index.php\/2023\/12\/18\/jose-ramon-fernandez-asegura-que-el-america-fue-campeon-con-ayudas-arbitrales\/\" \/>\n<meta property=\"og:site_name\" content=\"Conexi\u00f3n Nacional\" \/>\n<meta property=\"article:publisher\" content=\"https:\/\/www.facebook.com\/cnmxradio\" \/>\n<meta property=\"article:published_time\" content=\"2023-12-18T17:06:15+00:00\" \/>\n<meta property=\"article:modified_time\" content=\"2023-12-18T17:06:16+00:00\" \/>\n<meta property=\"og:image\" content=\"https:\/\/conexionnacional.mx\/wp-content\/uploads\/2023\/12\/descarga-42.jpg\" \/>\n\t<meta property=\"og:image:width\" content=\"289\" \/>\n\t<meta property=\"og:image:height\" content=\"175\" \/>\n\t<meta property=\"og:image:type\" content=\"image\/jpeg\" \/>\n<meta name=\"author\" content=\"Conexi\u00f3n Nacional\" \/>\n<meta name=\"twitter:card\" content=\"summary_large_image\" \/>\n<meta name=\"twitter:label1\" content=\"Escrito por\" \/>\n\t<meta name=\"twitter:data1\" content=\"Conexi\u00f3n Nacional\" \/>\n\t<meta name=\"twitter:label2\" content=\"Tiempo de lectura\" \/>\n\t<meta name=\"twitter:data2\" content=\"1 minuto\" \/>\n<script type=\"application\/ld+json\" class=\"yoast-schema-graph\">{\"@context\":\"https:\\\/\\\/schema.org\",\"@graph\":[{\"@type\":\"Article\",\"@id\":\"https:\\\/\\\/conexionnacional.mx\\\/index.php\\\/2023\\\/12\\\/18\\\/jose-ramon-fernandez-asegura-que-el-america-fue-campeon-con-ayudas-arbitrales\\\/#article\",\"isPartOf\":{\"@id\":\"https:\\\/\\\/conexionnacional.mx\\\/index.php\\\/2023\\\/12\\\/18\\\/jose-ramon-fernandez-asegura-que-el-america-fue-campeon-con-ayudas-arbitrales\\\/\"},\"author\":{\"name\":\"Conexi\u00f3n Nacional\",\"@id\":\"https:\\\/\\\/conexionnacional.mx\\\/#\\\/schema\\\/person\\\/dd14aeda902120f5e0e021903fdb6931\"},\"headline\":\"Jos\u00e9 Ram\u00f3n Fern\u00e1ndez asegura que el Am\u00e9rica fue campe\u00f3n con ayudas arbitrales\",\"datePublished\":\"2023-12-18T17:06:15+00:00\",\"dateModified\":\"2023-12-18T17:06:16+00:00\",\"mainEntityOfPage\":{\"@id\":\"https:\\\/\\\/conexionnacional.mx\\\/index.php\\\/2023\\\/12\\\/18\\\/jose-ramon-fernandez-asegura-que-el-america-fue-campeon-con-ayudas-arbitrales\\\/\"},\"wordCount\":197,\"publisher\":{\"@id\":\"https:\\\/\\\/conexionnacional.mx\\\/#organization\"},\"image\":{\"@id\":\"https:\\\/\\\/conexionnacional.mx\\\/index.php\\\/2023\\\/12\\\/18\\\/jose-ramon-fernandez-asegura-que-el-america-fue-campeon-con-ayudas-arbitrales\\\/#primaryimage\"},\"thumbnailUrl\":\"https:\\\/\\\/conexionnacional.mx\\\/wp-content\\\/uploads\\\/2023\\\/12\\\/descarga-42.jpg\",\"keywords\":[\"Am\u00e9rica\",\"Jos\u00e9 Ram\u00f3n Fern\u00e1ndez\"],\"articleSection\":[\"Deportes\"],\"inLanguage\":\"es\"},{\"@type\":\"WebPage\",\"@id\":\"https:\\\/\\\/conexionnacional.mx\\\/index.php\\\/2023\\\/12\\\/18\\\/jose-ramon-fernandez-asegura-que-el-america-fue-campeon-con-ayudas-arbitrales\\\/\",\"url\":\"https:\\\/\\\/conexionnacional.mx\\\/index.php\\\/2023\\\/12\\\/18\\\/jose-ramon-fernandez-asegura-que-el-america-fue-campeon-con-ayudas-arbitrales\\\/\",\"name\":\"Jos\u00e9 Ram\u00f3n Fern\u00e1ndez asegura que el Am\u00e9rica fue campe\u00f3n con ayudas arbitrales\",\"isPartOf\":{\"@id\":\"https:\\\/\\\/conexionnacional.mx\\\/#website\"},\"primaryImageOfPage\":{\"@id\":\"https:\\\/\\\/conexionnacional.mx\\\/index.php\\\/2023\\\/12\\\/18\\\/jose-ramon-fernandez-asegura-que-el-america-fue-campeon-con-ayudas-arbitrales\\\/#primaryimage\"},\"image\":{\"@id\":\"https:\\\/\\\/conexionnacional.mx\\\/index.php\\\/2023\\\/12\\\/18\\\/jose-ramon-fernandez-asegura-que-el-america-fue-campeon-con-ayudas-arbitrales\\\/#primaryimage\"},\"thumbnailUrl\":\"https:\\\/\\\/conexionnacional.mx\\\/wp-content\\\/uploads\\\/2023\\\/12\\\/descarga-42.jpg\",\"datePublished\":\"2023-12-18T17:06:15+00:00\",\"dateModified\":\"2023-12-18T17:06:16+00:00\",\"description\":\"El reconocido periodista deportivo\u00a0Jos\u00e9 Ram\u00f3n Fern\u00e1ndez\u00a0escribi\u00f3 un nuevo cap\u00edtulo en su hist\u00f3rica rivalidad con el\u00a0Club Am\u00e9rica. Esta vez, despu\u00e9s de que las \u00c1guilas se consagraran como el nuevo campe\u00f3n de la Liga MX, el conductor public\u00f3 en redes sociales que lo lograron gracias a\u00a0\\\"ayudas arbitrales\\\".\",\"breadcrumb\":{\"@id\":\"https:\\\/\\\/conexionnacional.mx\\\/index.php\\\/2023\\\/12\\\/18\\\/jose-ramon-fernandez-asegura-que-el-america-fue-campeon-con-ayudas-arbitrales\\\/#breadcrumb\"},\"inLanguage\":\"es\",\"potentialAction\":[{\"@type\":\"ReadAction\",\"target\":[\"https:\\\/\\\/conexionnacional.mx\\\/index.php\\\/2023\\\/12\\\/18\\\/jose-ramon-fernandez-asegura-que-el-america-fue-campeon-con-ayudas-arbitrales\\\/\"]}]},{\"@type\":\"ImageObject\",\"inLanguage\":\"es\",\"@id\":\"https:\\\/\\\/conexionnacional.mx\\\/index.php\\\/2023\\\/12\\\/18\\\/jose-ramon-fernandez-asegura-que-el-america-fue-campeon-con-ayudas-arbitrales\\\/#primaryimage\",\"url\":\"https:\\\/\\\/conexionnacional.mx\\\/wp-content\\\/uploads\\\/2023\\\/12\\\/descarga-42.jpg\",\"contentUrl\":\"https:\\\/\\\/conexionnacional.mx\\\/wp-content\\\/uploads\\\/2023\\\/12\\\/descarga-42.jpg\",\"width\":289,\"height\":175},{\"@type\":\"BreadcrumbList\",\"@id\":\"https:\\\/\\\/conexionnacional.mx\\\/index.php\\\/2023\\\/12\\\/18\\\/jose-ramon-fernandez-asegura-que-el-america-fue-campeon-con-ayudas-arbitrales\\\/#breadcrumb\",\"itemListElement\":[{\"@type\":\"ListItem\",\"position\":1,\"name\":\"Inicio\",\"item\":\"https:\\\/\\\/conexionnacional.mx\\\/\"},{\"@type\":\"ListItem\",\"position\":2,\"name\":\"Jos\u00e9 Ram\u00f3n Fern\u00e1ndez asegura que el Am\u00e9rica fue campe\u00f3n con ayudas arbitrales\"}]},{\"@type\":\"WebSite\",\"@id\":\"https:\\\/\\\/conexionnacional.mx\\\/#website\",\"url\":\"https:\\\/\\\/conexionnacional.mx\\\/\",\"name\":\"Conexi\u00f3n Nacional\",\"description\":\"Noticias al momento\",\"publisher\":{\"@id\":\"https:\\\/\\\/conexionnacional.mx\\\/#organization\"},\"alternateName\":\"Noticias nacionales\",\"potentialAction\":[{\"@type\":\"SearchAction\",\"target\":{\"@type\":\"EntryPoint\",\"urlTemplate\":\"https:\\\/\\\/conexionnacional.mx\\\/?s={search_term_string}\"},\"query-input\":{\"@type\":\"PropertyValueSpecification\",\"valueRequired\":true,\"valueName\":\"search_term_string\"}}],\"inLanguage\":\"es\"},{\"@type\":\"Organization\",\"@id\":\"https:\\\/\\\/conexionnacional.mx\\\/#organization\",\"name\":\"Conexi\u00f3n Nacional\",\"url\":\"https:\\\/\\\/conexionnacional.mx\\\/\",\"logo\":{\"@type\":\"ImageObject\",\"inLanguage\":\"es\",\"@id\":\"https:\\\/\\\/conexionnacional.mx\\\/#\\\/schema\\\/logo\\\/image\\\/\",\"url\":\"https:\\\/\\\/conexionnacional.mx\\\/wp-content\\\/uploads\\\/2022\\\/09\\\/conexion_nacional.png\",\"contentUrl\":\"https:\\\/\\\/conexionnacional.mx\\\/wp-content\\\/uploads\\\/2022\\\/09\\\/conexion_nacional.png\",\"width\":2964,\"height\":1173,\"caption\":\"Conexi\u00f3n Nacional\"},\"image\":{\"@id\":\"https:\\\/\\\/conexionnacional.mx\\\/#\\\/schema\\\/logo\\\/image\\\/\"},\"sameAs\":[\"https:\\\/\\\/www.facebook.com\\\/cnmxradio\"]},{\"@type\":\"Person\",\"@id\":\"https:\\\/\\\/conexionnacional.mx\\\/#\\\/schema\\\/person\\\/dd14aeda902120f5e0e021903fdb6931\",\"name\":\"Conexi\u00f3n Nacional\",\"image\":{\"@type\":\"ImageObject\",\"inLanguage\":\"es\",\"@id\":\"https:\\\/\\\/secure.gravatar.com\\\/avatar\\\/e523100f284110b2ecca7e17b2be9cf140a5e8f35294c9ec0543e6916cc1f9be?s=96&d=blank&r=g\",\"url\":\"https:\\\/\\\/secure.gravatar.com\\\/avatar\\\/e523100f284110b2ecca7e17b2be9cf140a5e8f35294c9ec0543e6916cc1f9be?s=96&d=blank&r=g\",\"contentUrl\":\"https:\\\/\\\/secure.gravatar.com\\\/avatar\\\/e523100f284110b2ecca7e17b2be9cf140a5e8f35294c9ec0543e6916cc1f9be?s=96&d=blank&r=g\",\"caption\":\"Conexi\u00f3n Nacional\"},\"sameAs\":[\"https:\\\/\\\/conexionnacional.mx\"],\"url\":\"https:\\\/\\\/conexionnacional.mx\\\/index.php\\\/author\\\/administrador\\\/\"}]}<\/script>\n<!-- \/ Yoast SEO plugin. -->","yoast_head_json":{"title":"Jos\u00e9 Ram\u00f3n Fern\u00e1ndez asegura que el Am\u00e9rica fue campe\u00f3n con ayudas arbitrales","description":"El reconocido periodista deportivo\u00a0Jos\u00e9 Ram\u00f3n Fern\u00e1ndez\u00a0escribi\u00f3 un nuevo cap\u00edtulo en su hist\u00f3rica rivalidad con el\u00a0Club Am\u00e9rica. Esta vez, despu\u00e9s de que las \u00c1guilas se consagraran como el nuevo campe\u00f3n de la Liga MX, el conductor public\u00f3 en redes sociales que lo lograron gracias a\u00a0\"ayudas arbitrales\".","robots":{"index":"index","follow":"follow","max-snippet":"max-snippet:-1","max-image-preview":"max-image-preview:large","max-video-preview":"max-video-preview:-1"},"canonical":"https:\/\/conexionnacional.mx\/index.php\/2023\/12\/18\/jose-ramon-fernandez-asegura-que-el-america-fue-campeon-con-ayudas-arbitrales\/","og_locale":"es_MX","og_type":"article","og_title":"Jos\u00e9 Ram\u00f3n Fern\u00e1ndez asegura que el Am\u00e9rica fue campe\u00f3n con ayudas arbitrales","og_description":"El reconocido periodista deportivo\u00a0Jos\u00e9 Ram\u00f3n Fern\u00e1ndez\u00a0escribi\u00f3 un nuevo cap\u00edtulo en su hist\u00f3rica rivalidad con el\u00a0Club Am\u00e9rica. Esta vez, despu\u00e9s de que las \u00c1guilas se consagraran como el nuevo campe\u00f3n de la Liga MX, el conductor public\u00f3 en redes sociales que lo lograron gracias a\u00a0\"ayudas arbitrales\".","og_url":"https:\/\/conexionnacional.mx\/index.php\/2023\/12\/18\/jose-ramon-fernandez-asegura-que-el-america-fue-campeon-con-ayudas-arbitrales\/","og_site_name":"Conexi\u00f3n Nacional","article_publisher":"https:\/\/www.facebook.com\/cnmxradio","article_published_time":"2023-12-18T17:06:15+00:00","article_modified_time":"2023-12-18T17:06:16+00:00","og_image":[{"width":289,"height":175,"url":"https:\/\/conexionnacional.mx\/wp-content\/uploads\/2023\/12\/descarga-42.jpg","type":"image\/jpeg"}],"author":"Conexi\u00f3n Nacional","twitter_card":"summary_large_image","twitter_misc":{"Escrito por":"Conexi\u00f3n Nacional","Tiempo de lectura":"1 minuto"},"schema":{"@context":"https:\/\/schema.org","@graph":[{"@type":"Article","@id":"https:\/\/conexionnacional.mx\/index.php\/2023\/12\/18\/jose-ramon-fernandez-asegura-que-el-america-fue-campeon-con-ayudas-arbitrales\/#article","isPartOf":{"@id":"https:\/\/conexionnacional.mx\/index.php\/2023\/12\/18\/jose-ramon-fernandez-asegura-que-el-america-fue-campeon-con-ayudas-arbitrales\/"},"author":{"name":"Conexi\u00f3n Nacional","@id":"https:\/\/conexionnacional.mx\/#\/schema\/person\/dd14aeda902120f5e0e021903fdb6931"},"headline":"Jos\u00e9 Ram\u00f3n Fern\u00e1ndez asegura que el Am\u00e9rica fue campe\u00f3n con ayudas arbitrales","datePublished":"2023-12-18T17:06:15+00:00","dateModified":"2023-12-18T17:06:16+00:00","mainEntityOfPage":{"@id":"https:\/\/conexionnacional.mx\/index.php\/2023\/12\/18\/jose-ramon-fernandez-asegura-que-el-america-fue-campeon-con-ayudas-arbitrales\/"},"wordCount":197,"publisher":{"@id":"https:\/\/conexionnacional.mx\/#organization"},"image":{"@id":"https:\/\/conexionnacional.mx\/index.php\/2023\/12\/18\/jose-ramon-fernandez-asegura-que-el-america-fue-campeon-con-ayudas-arbitrales\/#primaryimage"},"thumbnailUrl":"https:\/\/conexionnacional.mx\/wp-content\/uploads\/2023\/12\/descarga-42.jpg","keywords":["Am\u00e9rica","Jos\u00e9 Ram\u00f3n Fern\u00e1ndez"],"articleSection":["Deportes"],"inLanguage":"es"},{"@type":"WebPage","@id":"https:\/\/conexionnacional.mx\/index.php\/2023\/12\/18\/jose-ramon-fernandez-asegura-que-el-america-fue-campeon-con-ayudas-arbitrales\/","url":"https:\/\/conexionnacional.mx\/index.php\/2023\/12\/18\/jose-ramon-fernandez-asegura-que-el-america-fue-campeon-con-ayudas-arbitrales\/","name":"Jos\u00e9 Ram\u00f3n Fern\u00e1ndez asegura que el Am\u00e9rica fue campe\u00f3n con ayudas arbitrales","isPartOf":{"@id":"https:\/\/conexionnacional.mx\/#website"},"primaryImageOfPage":{"@id":"https:\/\/conexionnacional.mx\/index.php\/2023\/12\/18\/jose-ramon-fernandez-asegura-que-el-america-fue-campeon-con-ayudas-arbitrales\/#primaryimage"},"image":{"@id":"https:\/\/conexionnacional.mx\/index.php\/2023\/12\/18\/jose-ramon-fernandez-asegura-que-el-america-fue-campeon-con-ayudas-arbitrales\/#primaryimage"},"thumbnailUrl":"https:\/\/conexionnacional.mx\/wp-content\/uploads\/2023\/12\/descarga-42.jpg","datePublished":"2023-12-18T17:06:15+00:00","dateModified":"2023-12-18T17:06:16+00:00","description":"El reconocido periodista deportivo\u00a0Jos\u00e9 Ram\u00f3n Fern\u00e1ndez\u00a0escribi\u00f3 un nuevo cap\u00edtulo en su hist\u00f3rica rivalidad con el\u00a0Club Am\u00e9rica. Esta vez, despu\u00e9s de que las \u00c1guilas se consagraran como el nuevo campe\u00f3n de la Liga MX, el conductor public\u00f3 en redes sociales que lo lograron gracias a\u00a0\"ayudas arbitrales\".","breadcrumb":{"@id":"https:\/\/conexionnacional.mx\/index.php\/2023\/12\/18\/jose-ramon-fernandez-asegura-que-el-america-fue-campeon-con-ayudas-arbitrales\/#breadcrumb"},"inLanguage":"es","potentialAction":[{"@type":"ReadAction","target":["https:\/\/conexionnacional.mx\/index.php\/2023\/12\/18\/jose-ramon-fernandez-asegura-que-el-america-fue-campeon-con-ayudas-arbitrales\/"]}]},{"@type":"ImageObject","inLanguage":"es","@id":"https:\/\/conexionnacional.mx\/index.php\/2023\/12\/18\/jose-ramon-fernandez-asegura-que-el-america-fue-campeon-con-ayudas-arbitrales\/#primaryimage","url":"https:\/\/conexionnacional.mx\/wp-content\/uploads\/2023\/12\/descarga-42.jpg","contentUrl":"https:\/\/conexionnacional.mx\/wp-content\/uploads\/2023\/12\/descarga-42.jpg","width":289,"height":175},{"@type":"BreadcrumbList","@id":"https:\/\/conexionnacional.mx\/index.php\/2023\/12\/18\/jose-ramon-fernandez-asegura-que-el-america-fue-campeon-con-ayudas-arbitrales\/#breadcrumb","itemListElement":[{"@type":"ListItem","position":1,"name":"Inicio","item":"https:\/\/conexionnacional.mx\/"},{"@type":"ListItem","position":2,"name":"Jos\u00e9 Ram\u00f3n Fern\u00e1ndez asegura que el Am\u00e9rica fue campe\u00f3n con ayudas arbitrales"}]},{"@type":"WebSite","@id":"https:\/\/conexionnacional.mx\/#website","url":"https:\/\/conexionnacional.mx\/","name":"Conexi\u00f3n Nacional","description":"Noticias al momento","publisher":{"@id":"https:\/\/conexionnacional.mx\/#organization"},"alternateName":"Noticias nacionales","potentialAction":[{"@type":"SearchAction","target":{"@type":"EntryPoint","urlTemplate":"https:\/\/conexionnacional.mx\/?s={search_term_string}"},"query-input":{"@type":"PropertyValueSpecification","valueRequired":true,"valueName":"search_term_string"}}],"inLanguage":"es"},{"@type":"Organization","@id":"https:\/\/conexionnacional.mx\/#organization","name":"Conexi\u00f3n Nacional","url":"https:\/\/conexionnacional.mx\/","logo":{"@type":"ImageObject","inLanguage":"es","@id":"https:\/\/conexionnacional.mx\/#\/schema\/logo\/image\/","url":"https:\/\/conexionnacional.mx\/wp-content\/uploads\/2022\/09\/conexion_nacional.png","contentUrl":"https:\/\/conexionnacional.mx\/wp-content\/uploads\/2022\/09\/conexion_nacional.png","width":2964,"height":1173,"caption":"Conexi\u00f3n Nacional"},"image":{"@id":"https:\/\/conexionnacional.mx\/#\/schema\/logo\/image\/"},"sameAs":["https:\/\/www.facebook.com\/cnmxradio"]},{"@type":"Person","@id":"https:\/\/conexionnacional.mx\/#\/schema\/person\/dd14aeda902120f5e0e021903fdb6931","name":"Conexi\u00f3n Nacional","image":{"@type":"ImageObject","inLanguage":"es","@id":"https:\/\/secure.gravatar.com\/avatar\/e523100f284110b2ecca7e17b2be9cf140a5e8f35294c9ec0543e6916cc1f9be?s=96&d=blank&r=g","url":"https:\/\/secure.gravatar.com\/avatar\/e523100f284110b2ecca7e17b2be9cf140a5e8f35294c9ec0543e6916cc1f9be?s=96&d=blank&r=g","contentUrl":"https:\/\/secure.gravatar.com\/avatar\/e523100f284110b2ecca7e17b2be9cf140a5e8f35294c9ec0543e6916cc1f9be?s=96&d=blank&r=g","caption":"Conexi\u00f3n Nacional"},"sameAs":["https:\/\/conexionnacional.mx"],"url":"https:\/\/conexionnacional.mx\/index.php\/author\/administrador\/"}]}},"_links":{"self":[{"href":"https:\/\/conexionnacional.mx\/index.php\/wp-json\/wp\/v2\/posts\/18060","targetHints":{"allow":["GET"]}}],"collection":[{"href":"https:\/\/conexionnacional.mx\/index.php\/wp-json\/wp\/v2\/posts"}],"about":[{"href":"https:\/\/conexionnacional.mx\/index.php\/wp-json\/wp\/v2\/types\/post"}],"author":[{"embeddable":true,"href":"https:\/\/conexionnacional.mx\/index.php\/wp-json\/wp\/v2\/users\/1"}],"replies":[{"embeddable":true,"href":"https:\/\/conexionnacional.mx\/index.php\/wp-json\/wp\/v2\/comments?post=18060"}],"version-history":[{"count":1,"href":"https:\/\/conexionnacional.mx\/index.php\/wp-json\/wp\/v2\/posts\/18060\/revisions"}],"predecessor-version":[{"id":18062,"href":"https:\/\/conexionnacional.mx\/index.php\/wp-json\/wp\/v2\/posts\/18060\/revisions\/18062"}],"wp:featuredmedia":[{"embeddable":true,"href":"https:\/\/conexionnacional.mx\/index.php\/wp-json\/wp\/v2\/media\/18061"}],"wp:attachment":[{"href":"https:\/\/conexionnacional.mx\/index.php\/wp-json\/wp\/v2\/media?parent=18060"}],"wp:term":[{"taxonomy":"category","embeddable":true,"href":"https:\/\/conexionnacional.mx\/index.php\/wp-json\/wp\/v2\/categories?post=18060"},{"taxonomy":"post_tag","embeddable":true,"href":"https:\/\/conexionnacional.mx\/index.php\/wp-json\/wp\/v2\/tags?post=18060"}],"curies":[{"name":"wp","href":"https:\/\/api.w.org\/{rel}","templated":true}]}}