{"id":17010,"date":"2023-11-29T14:12:38","date_gmt":"2023-11-29T20:12:38","guid":{"rendered":"https:\/\/conexionnacional.mx\/?p=17010"},"modified":"2023-11-29T14:12:39","modified_gmt":"2023-11-29T20:12:39","slug":"afterlife-regresara-a-cdmx-en-2024-aqui-todo-lo-que-debes-saber-del-tour","status":"publish","type":"post","link":"https:\/\/conexionnacional.mx\/index.php\/2023\/11\/29\/afterlife-regresara-a-cdmx-en-2024-aqui-todo-lo-que-debes-saber-del-tour\/","title":{"rendered":"Afterlife regresar\u00e1 a CDMX en 2024; aqu\u00ed todo lo que debes saber del tour"},"content":{"rendered":"\n<p>El festival de techno o \u2018melodic techno\u2019,\u00a0<strong>Afterlife<\/strong>, de los DJ\u2019s y productores\u00a0<strong>Carmine Conte y Matteo Milleri regresar\u00e1 a la Ciudad de M\u00e9xico (CDMX<\/strong>) en el\u00a0<strong>2024<\/strong>. Esto porque se anunci\u00f3 el\u00a0<strong>tour por Latinoam\u00e9rica<\/strong>, para complacer a los fan\u00e1ticos de la m\u00fasica con\u00a0<strong>conciertos\u00a0<\/strong>que har\u00e1n explotar la mente.\u00a0<\/p>\n\n\n\n<p>En redes sociales de&nbsp;<strong>Afterlife<\/strong>, se revel\u00f3, con un hermoso video de una silueta humana en el cosmos haciendo una bola de energ\u00eda, que el conjunto de&nbsp;<strong>DJ\u2019s regresar\u00e1n a la CDMX<\/strong>, as\u00ed como otras ciudades y pa\u00edses de&nbsp;<strong>Latinoam\u00e9rica con un tour durante el a\u00f1o 2024.<\/strong>&nbsp;<\/p>\n\n\n\n<h2 class=\"wp-block-heading\"><strong>\u00bfCu\u00e1ndo y d\u00f3nde ser\u00e1 el tour de Afterlife en M\u00e9xico?<\/strong><\/h2>\n\n\n\n<p>Los&nbsp;<strong>lugares y fechas&nbsp;<\/strong>en los que se llevar\u00e1 a cabo el festival&nbsp;<strong>Afterlife en M\u00e9xico en el a\u00f1o 2024<\/strong>, fueron publicados en la p\u00e1gina oficial del evento. As\u00ed que, los fan\u00e1ticos de&nbsp;<strong>MRAK, Anyma, Tale of Us<\/strong>, y todos los DJ\u2019s afiliados al colectivo musical, no deber\u00e1n perderse los magn\u00edficos&nbsp;<strong>conciertos<\/strong>.&nbsp;<\/p>\n\n\n\n<p>El\u00a0<strong>primer lugar de M\u00e9xico<\/strong>\u00a0en el que estar\u00e1\u00a0<strong>Afterlife ser\u00e1 Guadalajara,<\/strong>\u00a0ya que el\u00a0<strong>17 de mayo del 2024<\/strong>, espec\u00edficamente en la explanada del\u00a0<strong>estadio Akron<\/strong>\u00a0se presentar\u00e1n varios productores con lo mejor de su \u2018melodic techno\u2019.\u00a0<\/p>\n\n\n\n<p>Por otra parte, el\u00a0<strong>25 de mayo del 2024, la Ciudad de M\u00e9xico<\/strong>\u00a0recibir\u00e1 por segunda ocasi\u00f3n al\u00a0<strong>festival Afterlife<\/strong>, pero esta vez, la sede ser\u00e1 el\u00a0<strong>Aut\u00f3dromo Hermanos Rodr\u00edguez<\/strong>. Esta ser\u00e1 la \u00faltima fecha y cierre del tour.\u00a0<\/p>\n\n\n\n<h3 class=\"wp-block-heading\"><strong>Tour de Afterlife en otros pa\u00edses de Latinoam\u00e9rica<\/strong><\/h3>\n\n\n\n<p>Adem\u00e1s, el\u00a0<strong>tour del festival Afterlife 2024\u00a0<\/strong>se llevar\u00e1 a cabo en otros pa\u00edses de\u00a0<strong>Latinoam\u00e9rica<\/strong>, como Colombia, Per\u00fa, Brasil y Argentina, pero\u00a0<strong>M\u00e9xico\u00a0<\/strong>ser\u00e1 la \u00fanica naci\u00f3n en la que se realizar\u00e1n dos\u00a0<strong>conciertos en la CDMX y Guadalajara.<\/strong>\u00a0Cabe destacar que a\u00fan no se ha anunciado la venta de boletos.\u00a0<\/p>\n\n\n\n<blockquote class=\"instagram-media\" data-instgrm-captioned data-instgrm-permalink=\"https:\/\/www.instagram.com\/reel\/C0PC0eCqp-K\/?utm_source=ig_embed&amp;utm_campaign=loading\" data-instgrm-version=\"14\" style=\" background:#FFF; border:0; border-radius:3px; box-shadow:0 0 1px 0 rgba(0,0,0,0.5),0 1px 10px 0 rgba(0,0,0,0.15); margin: 1px; max-width:540px; min-width:326px; padding:0; width:99.375%; width:-webkit-calc(100% - 2px); width:calc(100% - 2px);\"><div style=\"padding:16px;\"> <a href=\"https:\/\/www.instagram.com\/reel\/C0PC0eCqp-K\/?utm_source=ig_embed&amp;utm_campaign=loading\" style=\" background:#FFFFFF; line-height:0; padding:0 0; text-align:center; text-decoration:none; width:100%;\" target=\"_blank\" rel=\"noopener\"> <div style=\" display: flex; flex-direction: row; align-items: center;\"> <div style=\"background-color: #F4F4F4; border-radius: 50%; flex-grow: 0; height: 40px; margin-right: 14px; width: 40px;\"><\/div> <div style=\"display: flex; flex-direction: column; flex-grow: 1; justify-content: center;\"> <div style=\" background-color: #F4F4F4; border-radius: 4px; flex-grow: 0; height: 14px; margin-bottom: 6px; width: 100px;\"><\/div> <div style=\" background-color: #F4F4F4; border-radius: 4px; flex-grow: 0; height: 14px; width: 60px;\"><\/div><\/div><\/div><div style=\"padding: 19% 0;\"><\/div> <div style=\"display:block; height:50px; margin:0 auto 12px; width:50px;\"><svg width=\"50px\" height=\"50px\" viewBox=\"0 0 60 60\" version=\"1.1\" xmlns=\"https:\/\/www.w3.org\/2000\/svg\" xmlns:xlink=\"https:\/\/www.w3.org\/1999\/xlink\"><g stroke=\"none\" stroke-width=\"1\" fill=\"none\" fill-rule=\"evenodd\"><g transform=\"translate(-511.000000, -20.000000)\" fill=\"#000000\"><g><path d=\"M556.869,30.41 C554.814,30.41 553.148,32.076 553.148,34.131 C553.148,36.186 554.814,37.852 556.869,37.852 C558.924,37.852 560.59,36.186 560.59,34.131 C560.59,32.076 558.924,30.41 556.869,30.41 M541,60.657 C535.114,60.657 530.342,55.887 530.342,50 C530.342,44.114 535.114,39.342 541,39.342 C546.887,39.342 551.658,44.114 551.658,50 C551.658,55.887 546.887,60.657 541,60.657 M541,33.886 C532.1,33.886 524.886,41.1 524.886,50 C524.886,58.899 532.1,66.113 541,66.113 C549.9,66.113 557.115,58.899 557.115,50 C557.115,41.1 549.9,33.886 541,33.886 M565.378,62.101 C565.244,65.022 564.756,66.606 564.346,67.663 C563.803,69.06 563.154,70.057 562.106,71.106 C561.058,72.155 560.06,72.803 558.662,73.347 C557.607,73.757 556.021,74.244 553.102,74.378 C549.944,74.521 548.997,74.552 541,74.552 C533.003,74.552 532.056,74.521 528.898,74.378 C525.979,74.244 524.393,73.757 523.338,73.347 C521.94,72.803 520.942,72.155 519.894,71.106 C518.846,70.057 518.197,69.06 517.654,67.663 C517.244,66.606 516.755,65.022 516.623,62.101 C516.479,58.943 516.448,57.996 516.448,50 C516.448,42.003 516.479,41.056 516.623,37.899 C516.755,34.978 517.244,33.391 517.654,32.338 C518.197,30.938 518.846,29.942 519.894,28.894 C520.942,27.846 521.94,27.196 523.338,26.654 C524.393,26.244 525.979,25.756 528.898,25.623 C532.057,25.479 533.004,25.448 541,25.448 C548.997,25.448 549.943,25.479 553.102,25.623 C556.021,25.756 557.607,26.244 558.662,26.654 C560.06,27.196 561.058,27.846 562.106,28.894 C563.154,29.942 563.803,30.938 564.346,32.338 C564.756,33.391 565.244,34.978 565.378,37.899 C565.522,41.056 565.552,42.003 565.552,50 C565.552,57.996 565.522,58.943 565.378,62.101 M570.82,37.631 C570.674,34.438 570.167,32.258 569.425,30.349 C568.659,28.377 567.633,26.702 565.965,25.035 C564.297,23.368 562.623,22.342 560.652,21.575 C558.743,20.834 556.562,20.326 553.369,20.18 C550.169,20.033 549.148,20 541,20 C532.853,20 531.831,20.033 528.631,20.18 C525.438,20.326 523.257,20.834 521.349,21.575 C519.376,22.342 517.703,23.368 516.035,25.035 C514.368,26.702 513.342,28.377 512.574,30.349 C511.834,32.258 511.326,34.438 511.181,37.631 C511.035,40.831 511,41.851 511,50 C511,58.147 511.035,59.17 511.181,62.369 C511.326,65.562 511.834,67.743 512.574,69.651 C513.342,71.625 514.368,73.296 516.035,74.965 C517.703,76.634 519.376,77.658 521.349,78.425 C523.257,79.167 525.438,79.673 528.631,79.82 C531.831,79.965 532.853,80.001 541,80.001 C549.148,80.001 550.169,79.965 553.369,79.82 C556.562,79.673 558.743,79.167 560.652,78.425 C562.623,77.658 564.297,76.634 565.965,74.965 C567.633,73.296 568.659,71.625 569.425,69.651 C570.167,67.743 570.674,65.562 570.82,62.369 C570.966,59.17 571,58.147 571,50 C571,41.851 570.966,40.831 570.82,37.631\"><\/path><\/g><\/g><\/g><\/svg><\/div><div style=\"padding-top: 8px;\"> <div style=\" color:#3897f0; font-family:Arial,sans-serif; font-size:14px; font-style:normal; font-weight:550; line-height:18px;\">Ver esta publicaci\u00f3n en Instagram<\/div><\/div><div style=\"padding: 12.5% 0;\"><\/div> <div style=\"display: flex; flex-direction: row; margin-bottom: 14px; align-items: center;\"><div> <div style=\"background-color: #F4F4F4; border-radius: 50%; height: 12.5px; width: 12.5px; transform: translateX(0px) translateY(7px);\"><\/div> <div style=\"background-color: #F4F4F4; height: 12.5px; transform: rotate(-45deg) translateX(3px) translateY(1px); width: 12.5px; flex-grow: 0; margin-right: 14px; margin-left: 2px;\"><\/div> <div style=\"background-color: #F4F4F4; border-radius: 50%; height: 12.5px; width: 12.5px; transform: translateX(9px) translateY(-18px);\"><\/div><\/div><div style=\"margin-left: 8px;\"> <div style=\" background-color: #F4F4F4; border-radius: 50%; flex-grow: 0; height: 20px; width: 20px;\"><\/div> <div style=\" width: 0; height: 0; border-top: 2px solid transparent; border-left: 6px solid #f4f4f4; border-bottom: 2px solid transparent; transform: translateX(16px) translateY(-4px) rotate(30deg)\"><\/div><\/div><div style=\"margin-left: auto;\"> <div style=\" width: 0px; border-top: 8px solid #F4F4F4; border-right: 8px solid transparent; transform: translateY(16px);\"><\/div> <div style=\" background-color: #F4F4F4; flex-grow: 0; height: 12px; width: 16px; transform: translateY(-4px);\"><\/div> <div style=\" width: 0; height: 0; border-top: 8px solid #F4F4F4; border-left: 8px solid transparent; transform: translateY(-4px) translateX(8px);\"><\/div><\/div><\/div> <div style=\"display: flex; flex-direction: column; flex-grow: 1; justify-content: center; margin-bottom: 24px;\"> <div style=\" background-color: #F4F4F4; border-radius: 4px; flex-grow: 0; height: 14px; margin-bottom: 6px; width: 224px;\"><\/div> <div style=\" background-color: #F4F4F4; border-radius: 4px; flex-grow: 0; height: 14px; width: 144px;\"><\/div><\/div><\/a><p style=\" color:#c9c8cd; font-family:Arial,sans-serif; font-size:14px; line-height:17px; margin-bottom:0; margin-top:8px; overflow:hidden; padding:8px 0 7px; text-align:center; text-overflow:ellipsis; white-space:nowrap;\"><a href=\"https:\/\/www.instagram.com\/reel\/C0PC0eCqp-K\/?utm_source=ig_embed&amp;utm_campaign=loading\" style=\" color:#c9c8cd; font-family:Arial,sans-serif; font-size:14px; font-style:normal; font-weight:normal; line-height:17px; text-decoration:none;\" target=\"_blank\" rel=\"noopener\">Una publicaci\u00f3n compartida por Afterlife (@afterlife_ofc)<\/a><\/p><\/div><\/blockquote> <script async src=\"\/\/www.instagram.com\/embed.js\"><\/script>\n","protected":false},"excerpt":{"rendered":"<p>El festival de techno o \u2018melodic techno\u2019,\u00a0Afterlife, de los DJ\u2019s y productores\u00a0Carmine Conte y Matteo Milleri regresar\u00e1 a la Ciudad de M\u00e9xico (CDMX) en el\u00a02024. Esto porque se anunci\u00f3 el\u00a0tour por Latinoam\u00e9rica, para complacer a los fan\u00e1ticos de la m\u00fasica con\u00a0conciertos\u00a0que har\u00e1n explotar la mente.\u00a0 En redes sociales de&nbsp;Afterlife, se revel\u00f3, con un hermoso video [&hellip;]<\/p>\n","protected":false},"author":1,"featured_media":17011,"comment_status":"closed","ping_status":"closed","sticky":false,"template":"","format":"aside","meta":{"googlesitekit_rrm_CAowytPeCw:productID":"","footnotes":""},"categories":[5063],"tags":[6484,41],"class_list":["post-17010","post","type-post","status-publish","format-aside","has-post-thumbnail","hentry","category-redes-sociales","tag-afterlife","tag-cdmx","post_format-post-format-aside"],"yoast_head":"<!-- This site is optimized with the Yoast SEO plugin v27.5 - https:\/\/yoast.com\/product\/yoast-seo-wordpress\/ -->\n<title>Afterlife regresar\u00e1 a CDMX en 2024; aqu\u00ed todo lo que debes saber del tour |<\/title>\n<meta name=\"robots\" content=\"index, follow, max-snippet:-1, max-image-preview:large, max-video-preview:-1\" \/>\n<link rel=\"canonical\" href=\"https:\/\/conexionnacional.mx\/index.php\/2023\/11\/29\/afterlife-regresara-a-cdmx-en-2024-aqui-todo-lo-que-debes-saber-del-tour\/\" \/>\n<meta property=\"og:locale\" content=\"es_MX\" \/>\n<meta property=\"og:type\" content=\"article\" \/>\n<meta property=\"og:title\" content=\"Afterlife regresar\u00e1 a CDMX en 2024; aqu\u00ed todo lo que debes saber del tour |\" \/>\n<meta property=\"og:description\" content=\"El festival de techno o \u2018melodic techno\u2019,\u00a0Afterlife, de los DJ\u2019s y productores\u00a0Carmine Conte y Matteo Milleri regresar\u00e1 a la Ciudad de M\u00e9xico (CDMX) en el\u00a02024. Esto porque se anunci\u00f3 el\u00a0tour por Latinoam\u00e9rica, para complacer a los fan\u00e1ticos de la m\u00fasica con\u00a0conciertos\u00a0que har\u00e1n explotar la mente.\u00a0 En redes sociales de&nbsp;Afterlife, se revel\u00f3, con un hermoso video [&hellip;]\" \/>\n<meta property=\"og:url\" content=\"https:\/\/conexionnacional.mx\/index.php\/2023\/11\/29\/afterlife-regresara-a-cdmx-en-2024-aqui-todo-lo-que-debes-saber-del-tour\/\" \/>\n<meta property=\"og:site_name\" content=\"Conexi\u00f3n Nacional\" \/>\n<meta property=\"article:publisher\" content=\"https:\/\/www.facebook.com\/cnmxradio\" \/>\n<meta property=\"article:published_time\" content=\"2023-11-29T20:12:38+00:00\" \/>\n<meta property=\"article:modified_time\" content=\"2023-11-29T20:12:39+00:00\" \/>\n<meta property=\"og:image\" content=\"https:\/\/conexionnacional.mx\/wp-content\/uploads\/2023\/11\/3040950.jpg\" \/>\n\t<meta property=\"og:image:width\" content=\"800\" \/>\n\t<meta property=\"og:image:height\" content=\"600\" \/>\n\t<meta property=\"og:image:type\" content=\"image\/jpeg\" \/>\n<meta name=\"author\" content=\"Conexi\u00f3n Nacional\" \/>\n<meta name=\"twitter:card\" content=\"summary_large_image\" \/>\n<meta name=\"twitter:label1\" content=\"Escrito por\" \/>\n\t<meta name=\"twitter:data1\" content=\"Conexi\u00f3n Nacional\" \/>\n\t<meta name=\"twitter:label2\" content=\"Tiempo de lectura\" \/>\n\t<meta name=\"twitter:data2\" content=\"2 minutos\" \/>\n<script type=\"application\/ld+json\" class=\"yoast-schema-graph\">{\"@context\":\"https:\\\/\\\/schema.org\",\"@graph\":[{\"@type\":\"Article\",\"@id\":\"https:\\\/\\\/conexionnacional.mx\\\/index.php\\\/2023\\\/11\\\/29\\\/afterlife-regresara-a-cdmx-en-2024-aqui-todo-lo-que-debes-saber-del-tour\\\/#article\",\"isPartOf\":{\"@id\":\"https:\\\/\\\/conexionnacional.mx\\\/index.php\\\/2023\\\/11\\\/29\\\/afterlife-regresara-a-cdmx-en-2024-aqui-todo-lo-que-debes-saber-del-tour\\\/\"},\"author\":{\"name\":\"Conexi\u00f3n Nacional\",\"@id\":\"https:\\\/\\\/conexionnacional.mx\\\/#\\\/schema\\\/person\\\/dd14aeda902120f5e0e021903fdb6931\"},\"headline\":\"Afterlife regresar\u00e1 a CDMX en 2024; aqu\u00ed todo lo que debes saber del tour\",\"datePublished\":\"2023-11-29T20:12:38+00:00\",\"dateModified\":\"2023-11-29T20:12:39+00:00\",\"mainEntityOfPage\":{\"@id\":\"https:\\\/\\\/conexionnacional.mx\\\/index.php\\\/2023\\\/11\\\/29\\\/afterlife-regresara-a-cdmx-en-2024-aqui-todo-lo-que-debes-saber-del-tour\\\/\"},\"wordCount\":364,\"publisher\":{\"@id\":\"https:\\\/\\\/conexionnacional.mx\\\/#organization\"},\"image\":{\"@id\":\"https:\\\/\\\/conexionnacional.mx\\\/index.php\\\/2023\\\/11\\\/29\\\/afterlife-regresara-a-cdmx-en-2024-aqui-todo-lo-que-debes-saber-del-tour\\\/#primaryimage\"},\"thumbnailUrl\":\"https:\\\/\\\/conexionnacional.mx\\\/wp-content\\\/uploads\\\/2023\\\/11\\\/3040950.jpg\",\"keywords\":[\"Afterlife\",\"CDMX\"],\"articleSection\":[\"Redes Sociales\"],\"inLanguage\":\"es\"},{\"@type\":\"WebPage\",\"@id\":\"https:\\\/\\\/conexionnacional.mx\\\/index.php\\\/2023\\\/11\\\/29\\\/afterlife-regresara-a-cdmx-en-2024-aqui-todo-lo-que-debes-saber-del-tour\\\/\",\"url\":\"https:\\\/\\\/conexionnacional.mx\\\/index.php\\\/2023\\\/11\\\/29\\\/afterlife-regresara-a-cdmx-en-2024-aqui-todo-lo-que-debes-saber-del-tour\\\/\",\"name\":\"Afterlife regresar\u00e1 a CDMX en 2024; aqu\u00ed todo lo que debes saber del tour |\",\"isPartOf\":{\"@id\":\"https:\\\/\\\/conexionnacional.mx\\\/#website\"},\"primaryImageOfPage\":{\"@id\":\"https:\\\/\\\/conexionnacional.mx\\\/index.php\\\/2023\\\/11\\\/29\\\/afterlife-regresara-a-cdmx-en-2024-aqui-todo-lo-que-debes-saber-del-tour\\\/#primaryimage\"},\"image\":{\"@id\":\"https:\\\/\\\/conexionnacional.mx\\\/index.php\\\/2023\\\/11\\\/29\\\/afterlife-regresara-a-cdmx-en-2024-aqui-todo-lo-que-debes-saber-del-tour\\\/#primaryimage\"},\"thumbnailUrl\":\"https:\\\/\\\/conexionnacional.mx\\\/wp-content\\\/uploads\\\/2023\\\/11\\\/3040950.jpg\",\"datePublished\":\"2023-11-29T20:12:38+00:00\",\"dateModified\":\"2023-11-29T20:12:39+00:00\",\"breadcrumb\":{\"@id\":\"https:\\\/\\\/conexionnacional.mx\\\/index.php\\\/2023\\\/11\\\/29\\\/afterlife-regresara-a-cdmx-en-2024-aqui-todo-lo-que-debes-saber-del-tour\\\/#breadcrumb\"},\"inLanguage\":\"es\",\"potentialAction\":[{\"@type\":\"ReadAction\",\"target\":[\"https:\\\/\\\/conexionnacional.mx\\\/index.php\\\/2023\\\/11\\\/29\\\/afterlife-regresara-a-cdmx-en-2024-aqui-todo-lo-que-debes-saber-del-tour\\\/\"]}]},{\"@type\":\"ImageObject\",\"inLanguage\":\"es\",\"@id\":\"https:\\\/\\\/conexionnacional.mx\\\/index.php\\\/2023\\\/11\\\/29\\\/afterlife-regresara-a-cdmx-en-2024-aqui-todo-lo-que-debes-saber-del-tour\\\/#primaryimage\",\"url\":\"https:\\\/\\\/conexionnacional.mx\\\/wp-content\\\/uploads\\\/2023\\\/11\\\/3040950.jpg\",\"contentUrl\":\"https:\\\/\\\/conexionnacional.mx\\\/wp-content\\\/uploads\\\/2023\\\/11\\\/3040950.jpg\",\"width\":800,\"height\":600},{\"@type\":\"BreadcrumbList\",\"@id\":\"https:\\\/\\\/conexionnacional.mx\\\/index.php\\\/2023\\\/11\\\/29\\\/afterlife-regresara-a-cdmx-en-2024-aqui-todo-lo-que-debes-saber-del-tour\\\/#breadcrumb\",\"itemListElement\":[{\"@type\":\"ListItem\",\"position\":1,\"name\":\"Inicio\",\"item\":\"https:\\\/\\\/conexionnacional.mx\\\/\"},{\"@type\":\"ListItem\",\"position\":2,\"name\":\"Afterlife regresar\u00e1 a CDMX en 2024; aqu\u00ed todo lo que debes saber del tour\"}]},{\"@type\":\"WebSite\",\"@id\":\"https:\\\/\\\/conexionnacional.mx\\\/#website\",\"url\":\"https:\\\/\\\/conexionnacional.mx\\\/\",\"name\":\"Conexi\u00f3n Nacional\",\"description\":\"Noticias al momento\",\"publisher\":{\"@id\":\"https:\\\/\\\/conexionnacional.mx\\\/#organization\"},\"alternateName\":\"Noticias nacionales\",\"potentialAction\":[{\"@type\":\"SearchAction\",\"target\":{\"@type\":\"EntryPoint\",\"urlTemplate\":\"https:\\\/\\\/conexionnacional.mx\\\/?s={search_term_string}\"},\"query-input\":{\"@type\":\"PropertyValueSpecification\",\"valueRequired\":true,\"valueName\":\"search_term_string\"}}],\"inLanguage\":\"es\"},{\"@type\":\"Organization\",\"@id\":\"https:\\\/\\\/conexionnacional.mx\\\/#organization\",\"name\":\"Conexi\u00f3n Nacional\",\"url\":\"https:\\\/\\\/conexionnacional.mx\\\/\",\"logo\":{\"@type\":\"ImageObject\",\"inLanguage\":\"es\",\"@id\":\"https:\\\/\\\/conexionnacional.mx\\\/#\\\/schema\\\/logo\\\/image\\\/\",\"url\":\"https:\\\/\\\/conexionnacional.mx\\\/wp-content\\\/uploads\\\/2022\\\/09\\\/conexion_nacional.png\",\"contentUrl\":\"https:\\\/\\\/conexionnacional.mx\\\/wp-content\\\/uploads\\\/2022\\\/09\\\/conexion_nacional.png\",\"width\":2964,\"height\":1173,\"caption\":\"Conexi\u00f3n Nacional\"},\"image\":{\"@id\":\"https:\\\/\\\/conexionnacional.mx\\\/#\\\/schema\\\/logo\\\/image\\\/\"},\"sameAs\":[\"https:\\\/\\\/www.facebook.com\\\/cnmxradio\"]},{\"@type\":\"Person\",\"@id\":\"https:\\\/\\\/conexionnacional.mx\\\/#\\\/schema\\\/person\\\/dd14aeda902120f5e0e021903fdb6931\",\"name\":\"Conexi\u00f3n Nacional\",\"image\":{\"@type\":\"ImageObject\",\"inLanguage\":\"es\",\"@id\":\"https:\\\/\\\/secure.gravatar.com\\\/avatar\\\/e523100f284110b2ecca7e17b2be9cf140a5e8f35294c9ec0543e6916cc1f9be?s=96&d=blank&r=g\",\"url\":\"https:\\\/\\\/secure.gravatar.com\\\/avatar\\\/e523100f284110b2ecca7e17b2be9cf140a5e8f35294c9ec0543e6916cc1f9be?s=96&d=blank&r=g\",\"contentUrl\":\"https:\\\/\\\/secure.gravatar.com\\\/avatar\\\/e523100f284110b2ecca7e17b2be9cf140a5e8f35294c9ec0543e6916cc1f9be?s=96&d=blank&r=g\",\"caption\":\"Conexi\u00f3n Nacional\"},\"sameAs\":[\"https:\\\/\\\/conexionnacional.mx\"],\"url\":\"https:\\\/\\\/conexionnacional.mx\\\/index.php\\\/author\\\/administrador\\\/\"}]}<\/script>\n<!-- \/ Yoast SEO plugin. -->","yoast_head_json":{"title":"Afterlife regresar\u00e1 a CDMX en 2024; aqu\u00ed todo lo que debes saber del tour |","robots":{"index":"index","follow":"follow","max-snippet":"max-snippet:-1","max-image-preview":"max-image-preview:large","max-video-preview":"max-video-preview:-1"},"canonical":"https:\/\/conexionnacional.mx\/index.php\/2023\/11\/29\/afterlife-regresara-a-cdmx-en-2024-aqui-todo-lo-que-debes-saber-del-tour\/","og_locale":"es_MX","og_type":"article","og_title":"Afterlife regresar\u00e1 a CDMX en 2024; aqu\u00ed todo lo que debes saber del tour |","og_description":"El festival de techno o \u2018melodic techno\u2019,\u00a0Afterlife, de los DJ\u2019s y productores\u00a0Carmine Conte y Matteo Milleri regresar\u00e1 a la Ciudad de M\u00e9xico (CDMX) en el\u00a02024. Esto porque se anunci\u00f3 el\u00a0tour por Latinoam\u00e9rica, para complacer a los fan\u00e1ticos de la m\u00fasica con\u00a0conciertos\u00a0que har\u00e1n explotar la mente.\u00a0 En redes sociales de&nbsp;Afterlife, se revel\u00f3, con un hermoso video [&hellip;]","og_url":"https:\/\/conexionnacional.mx\/index.php\/2023\/11\/29\/afterlife-regresara-a-cdmx-en-2024-aqui-todo-lo-que-debes-saber-del-tour\/","og_site_name":"Conexi\u00f3n Nacional","article_publisher":"https:\/\/www.facebook.com\/cnmxradio","article_published_time":"2023-11-29T20:12:38+00:00","article_modified_time":"2023-11-29T20:12:39+00:00","og_image":[{"width":800,"height":600,"url":"https:\/\/conexionnacional.mx\/wp-content\/uploads\/2023\/11\/3040950.jpg","type":"image\/jpeg"}],"author":"Conexi\u00f3n Nacional","twitter_card":"summary_large_image","twitter_misc":{"Escrito por":"Conexi\u00f3n Nacional","Tiempo de lectura":"2 minutos"},"schema":{"@context":"https:\/\/schema.org","@graph":[{"@type":"Article","@id":"https:\/\/conexionnacional.mx\/index.php\/2023\/11\/29\/afterlife-regresara-a-cdmx-en-2024-aqui-todo-lo-que-debes-saber-del-tour\/#article","isPartOf":{"@id":"https:\/\/conexionnacional.mx\/index.php\/2023\/11\/29\/afterlife-regresara-a-cdmx-en-2024-aqui-todo-lo-que-debes-saber-del-tour\/"},"author":{"name":"Conexi\u00f3n Nacional","@id":"https:\/\/conexionnacional.mx\/#\/schema\/person\/dd14aeda902120f5e0e021903fdb6931"},"headline":"Afterlife regresar\u00e1 a CDMX en 2024; aqu\u00ed todo lo que debes saber del tour","datePublished":"2023-11-29T20:12:38+00:00","dateModified":"2023-11-29T20:12:39+00:00","mainEntityOfPage":{"@id":"https:\/\/conexionnacional.mx\/index.php\/2023\/11\/29\/afterlife-regresara-a-cdmx-en-2024-aqui-todo-lo-que-debes-saber-del-tour\/"},"wordCount":364,"publisher":{"@id":"https:\/\/conexionnacional.mx\/#organization"},"image":{"@id":"https:\/\/conexionnacional.mx\/index.php\/2023\/11\/29\/afterlife-regresara-a-cdmx-en-2024-aqui-todo-lo-que-debes-saber-del-tour\/#primaryimage"},"thumbnailUrl":"https:\/\/conexionnacional.mx\/wp-content\/uploads\/2023\/11\/3040950.jpg","keywords":["Afterlife","CDMX"],"articleSection":["Redes Sociales"],"inLanguage":"es"},{"@type":"WebPage","@id":"https:\/\/conexionnacional.mx\/index.php\/2023\/11\/29\/afterlife-regresara-a-cdmx-en-2024-aqui-todo-lo-que-debes-saber-del-tour\/","url":"https:\/\/conexionnacional.mx\/index.php\/2023\/11\/29\/afterlife-regresara-a-cdmx-en-2024-aqui-todo-lo-que-debes-saber-del-tour\/","name":"Afterlife regresar\u00e1 a CDMX en 2024; aqu\u00ed todo lo que debes saber del tour |","isPartOf":{"@id":"https:\/\/conexionnacional.mx\/#website"},"primaryImageOfPage":{"@id":"https:\/\/conexionnacional.mx\/index.php\/2023\/11\/29\/afterlife-regresara-a-cdmx-en-2024-aqui-todo-lo-que-debes-saber-del-tour\/#primaryimage"},"image":{"@id":"https:\/\/conexionnacional.mx\/index.php\/2023\/11\/29\/afterlife-regresara-a-cdmx-en-2024-aqui-todo-lo-que-debes-saber-del-tour\/#primaryimage"},"thumbnailUrl":"https:\/\/conexionnacional.mx\/wp-content\/uploads\/2023\/11\/3040950.jpg","datePublished":"2023-11-29T20:12:38+00:00","dateModified":"2023-11-29T20:12:39+00:00","breadcrumb":{"@id":"https:\/\/conexionnacional.mx\/index.php\/2023\/11\/29\/afterlife-regresara-a-cdmx-en-2024-aqui-todo-lo-que-debes-saber-del-tour\/#breadcrumb"},"inLanguage":"es","potentialAction":[{"@type":"ReadAction","target":["https:\/\/conexionnacional.mx\/index.php\/2023\/11\/29\/afterlife-regresara-a-cdmx-en-2024-aqui-todo-lo-que-debes-saber-del-tour\/"]}]},{"@type":"ImageObject","inLanguage":"es","@id":"https:\/\/conexionnacional.mx\/index.php\/2023\/11\/29\/afterlife-regresara-a-cdmx-en-2024-aqui-todo-lo-que-debes-saber-del-tour\/#primaryimage","url":"https:\/\/conexionnacional.mx\/wp-content\/uploads\/2023\/11\/3040950.jpg","contentUrl":"https:\/\/conexionnacional.mx\/wp-content\/uploads\/2023\/11\/3040950.jpg","width":800,"height":600},{"@type":"BreadcrumbList","@id":"https:\/\/conexionnacional.mx\/index.php\/2023\/11\/29\/afterlife-regresara-a-cdmx-en-2024-aqui-todo-lo-que-debes-saber-del-tour\/#breadcrumb","itemListElement":[{"@type":"ListItem","position":1,"name":"Inicio","item":"https:\/\/conexionnacional.mx\/"},{"@type":"ListItem","position":2,"name":"Afterlife regresar\u00e1 a CDMX en 2024; aqu\u00ed todo lo que debes saber del tour"}]},{"@type":"WebSite","@id":"https:\/\/conexionnacional.mx\/#website","url":"https:\/\/conexionnacional.mx\/","name":"Conexi\u00f3n Nacional","description":"Noticias al momento","publisher":{"@id":"https:\/\/conexionnacional.mx\/#organization"},"alternateName":"Noticias nacionales","potentialAction":[{"@type":"SearchAction","target":{"@type":"EntryPoint","urlTemplate":"https:\/\/conexionnacional.mx\/?s={search_term_string}"},"query-input":{"@type":"PropertyValueSpecification","valueRequired":true,"valueName":"search_term_string"}}],"inLanguage":"es"},{"@type":"Organization","@id":"https:\/\/conexionnacional.mx\/#organization","name":"Conexi\u00f3n Nacional","url":"https:\/\/conexionnacional.mx\/","logo":{"@type":"ImageObject","inLanguage":"es","@id":"https:\/\/conexionnacional.mx\/#\/schema\/logo\/image\/","url":"https:\/\/conexionnacional.mx\/wp-content\/uploads\/2022\/09\/conexion_nacional.png","contentUrl":"https:\/\/conexionnacional.mx\/wp-content\/uploads\/2022\/09\/conexion_nacional.png","width":2964,"height":1173,"caption":"Conexi\u00f3n Nacional"},"image":{"@id":"https:\/\/conexionnacional.mx\/#\/schema\/logo\/image\/"},"sameAs":["https:\/\/www.facebook.com\/cnmxradio"]},{"@type":"Person","@id":"https:\/\/conexionnacional.mx\/#\/schema\/person\/dd14aeda902120f5e0e021903fdb6931","name":"Conexi\u00f3n Nacional","image":{"@type":"ImageObject","inLanguage":"es","@id":"https:\/\/secure.gravatar.com\/avatar\/e523100f284110b2ecca7e17b2be9cf140a5e8f35294c9ec0543e6916cc1f9be?s=96&d=blank&r=g","url":"https:\/\/secure.gravatar.com\/avatar\/e523100f284110b2ecca7e17b2be9cf140a5e8f35294c9ec0543e6916cc1f9be?s=96&d=blank&r=g","contentUrl":"https:\/\/secure.gravatar.com\/avatar\/e523100f284110b2ecca7e17b2be9cf140a5e8f35294c9ec0543e6916cc1f9be?s=96&d=blank&r=g","caption":"Conexi\u00f3n Nacional"},"sameAs":["https:\/\/conexionnacional.mx"],"url":"https:\/\/conexionnacional.mx\/index.php\/author\/administrador\/"}]}},"_links":{"self":[{"href":"https:\/\/conexionnacional.mx\/index.php\/wp-json\/wp\/v2\/posts\/17010","targetHints":{"allow":["GET"]}}],"collection":[{"href":"https:\/\/conexionnacional.mx\/index.php\/wp-json\/wp\/v2\/posts"}],"about":[{"href":"https:\/\/conexionnacional.mx\/index.php\/wp-json\/wp\/v2\/types\/post"}],"author":[{"embeddable":true,"href":"https:\/\/conexionnacional.mx\/index.php\/wp-json\/wp\/v2\/users\/1"}],"replies":[{"embeddable":true,"href":"https:\/\/conexionnacional.mx\/index.php\/wp-json\/wp\/v2\/comments?post=17010"}],"version-history":[{"count":1,"href":"https:\/\/conexionnacional.mx\/index.php\/wp-json\/wp\/v2\/posts\/17010\/revisions"}],"predecessor-version":[{"id":17012,"href":"https:\/\/conexionnacional.mx\/index.php\/wp-json\/wp\/v2\/posts\/17010\/revisions\/17012"}],"wp:featuredmedia":[{"embeddable":true,"href":"https:\/\/conexionnacional.mx\/index.php\/wp-json\/wp\/v2\/media\/17011"}],"wp:attachment":[{"href":"https:\/\/conexionnacional.mx\/index.php\/wp-json\/wp\/v2\/media?parent=17010"}],"wp:term":[{"taxonomy":"category","embeddable":true,"href":"https:\/\/conexionnacional.mx\/index.php\/wp-json\/wp\/v2\/categories?post=17010"},{"taxonomy":"post_tag","embeddable":true,"href":"https:\/\/conexionnacional.mx\/index.php\/wp-json\/wp\/v2\/tags?post=17010"}],"curies":[{"name":"wp","href":"https:\/\/api.w.org\/{rel}","templated":true}]}}