{"id":16995,"date":"2023-11-29T09:59:46","date_gmt":"2023-11-29T15:59:46","guid":{"rendered":"https:\/\/conexionnacional.mx\/?p=16995"},"modified":"2023-11-29T09:59:47","modified_gmt":"2023-11-29T15:59:47","slug":"amlo-confirma-visita-de-claudia-sheinbaum-a-palacio-nacional-estos-son-los-temas-que-trataron","status":"publish","type":"post","link":"https:\/\/conexionnacional.mx\/index.php\/2023\/11\/29\/amlo-confirma-visita-de-claudia-sheinbaum-a-palacio-nacional-estos-son-los-temas-que-trataron\/","title":{"rendered":"AMLO confirma visita de Claudia Sheinbaum a Palacio Nacional: estos son los temas que trataron"},"content":{"rendered":"\n<p>El presidente\u00a0<strong>Andr\u00e9s Manuel L\u00f3pez Obrador<\/strong>\u00a0confirm\u00f3 que la candidata a la presidencia de la Rep\u00fablica\u00a0por la coalici\u00f3n\u00a0Sigamos Haciendo Historia,\u00a0<strong>Claudia Sheinbaum<\/strong>, lo visit\u00f3 este martes 28 de noviembre en\u00a0<strong>Palacio Nacional<\/strong>. El mandatario explic\u00f3 que ella ten\u00eda inter\u00e9s en platicar con \u00e9l y que entablaron una conversaci\u00f3n coloquial,\u00a0&#8220;c\u00f3mo est\u00e1s, c\u00f3mo te ha ido&#8221;. La aspirante a la presidencia le adelant\u00f3 sobre la presentaci\u00f3n de su\u00a0documental\u00a0y L\u00f3pez Obrador destac\u00f3 que\u00a0ya no hablan sobre cuestiones internas de Morena y asuntos\u00a0partidistas.\u00a0<\/p>\n\n\n\n<blockquote class=\"wp-block-quote is-layout-flow wp-block-quote-is-layout-flow\">\n<p>\u201cEs una visita que no tiene nada que ver, aun cuando se d\u00e9 aqu\u00ed con cuestiones partidistas, yo no me estoy pronunciando a favor de qu\u00e9 la gente vote por ella, no lo hago, eso lo va a decidir la gente, pero si es mi amiga y s\u00ed es la dirigente del movimiento al que pertenezco\u201d.<\/p>\n\n\n\n<figure class=\"wp-block-image\"><img decoding=\"async\" src=\"data:image\/gif;base64,R0lGODlhAQABAAAAACH5BAEKAAEALAAAAAABAAEAAAICTAEAOw==\" data-src=\"https:\/\/heraldodemexico.com.mx\/u\/fotografias\/m\/2023\/11\/27\/f768x1-848815_848942_5050.jpg\" class=\"lazyload\" alt=\"\"\/><figcaption class=\"wp-element-caption\">Claudia Sheinbaum sostuvo una reuni\u00f3n con el presidente L\u00f3pez Obrador 24 horas despu\u00e9s de presentar su equipo de precampa\u00f1a.<br>Foto: Archivo<\/figcaption><\/figure>\n\n\n\n<p>Detall\u00f3 que la ex jefa de gobierno ten\u00eda inter\u00e9s en platicar con \u00e9l.<\/p>\n\n\n\n<p>\u201cComentamos algunas cosas, c\u00f3mo le ha ido, somos amigos, adem\u00e1s es mi compa\u00f1era, es la dirigente del movimiento al que pertenezco. Me dijo que iba a presentar un documental, que me lo iba a mandar, puede ser que me lo mande hoy para que lo vea\u201d, refiri\u00f3.<\/p>\n\n\n\n<p>-\u00bfHablaron de Marcelo?, se le plante\u00f3.<\/p>\n\n\n\n<p>-No, no, no, no, no, ya de eso no hablo, ella es la dirigente del movimiento, pero tambi\u00e9n es mi amiga y mi compa\u00f1era, dijo.<\/p>\n\n\n\n<p>Recalc\u00f3 que no hablaron de cuestiones pol\u00edticas, \u201cella tambi\u00e9n me pregunta y sobre eso platicamos, cuando se pueda, que sea que yo la pueda invitar o ella me invite a cenar &nbsp;o a ir a alg\u00fan lugar, si la veo\u201d.<\/p>\n\n\n\n<p>-\u00bfle dio una recomendaci\u00f3n?, se le insisti\u00f3.<\/p>\n\n\n\n<p>-No, no, no, no, Claudia es muy inteligente, mucho muy inteligente, no lo olviden, si vamos a la formalidad, a lo acad\u00e9mico, tiene nivel de doctorado, yo a duras penas llegu\u00e9 a terminar mi licenciatura, Claudia es muy inteligente, es honesta, tenemos, pues relaciones de amistad por a\u00f1os, ya les cont\u00e9 cuando lo conoc\u00ed en el 2000, hace 23 a\u00f1os, acot\u00f3.<\/p>\n\n\n\n<figure class=\"wp-block-image\"><img decoding=\"async\" src=\"data:image\/gif;base64,R0lGODlhAQABAAAAACH5BAEKAAEALAAAAAABAAEAAAICTAEAOw==\" data-src=\"https:\/\/heraldodemexico.com.mx\/u\/fotografias\/m\/2023\/11\/22\/f768x1-846355_846482_5050.jpg\" class=\"lazyload\" alt=\"\"\/><figcaption class=\"wp-element-caption\">El presidente L\u00f3pez Obrador destac\u00f3 que tambi\u00e9n hablaron de su esposa, Beatriz Guti\u00e9rrez M\u00fcller.<br>Foto: Archivo<\/figcaption><\/figure>\n\n\n\n<p>El presidente dijo que tambi\u00e9n platic\u00f3 con Sheinbaum sobre su esposa, la doctora Beatriz Guti\u00e9rrez, \u2014que este martes realiz\u00f3 un fandango por la lectura en Mazatl\u00e1n, Sinaloa\u2014 y tambi\u00e9n de los achaques \u2014tiene un problema en el pie y en el ojo\u2014.<\/p>\n\n\n\n<p>-\u00bfQu\u00e9 la reciben en horas h\u00e1biles no debe afectar la equidad en la contienda?,\u00a0<\/p>\n\n\n\n<p>-No, para nada, es que incluso nuestros adversarios nos vinculan, me atacan a m\u00ed, y atacan a ella, no tienen por qu\u00e9 sentirse de que estamos separados, no, los adversarios van en contra m\u00eda, porque tambi\u00e9n con eso la perjudican a ella, o van en contra de ella, tambi\u00e9n buscando perjudicarme a m\u00ed, no hay ning\u00fan problema, es la gente de la que va a decidir, declar\u00f3.<\/p>\n\n\n\n<h2 class=\"wp-block-heading\">Claudia Sheinbaum fue captada al salir de Palacio Nacional<\/h2>\n\n\n\n<p>La\u00a0precandidata de Morena a la Presidencia de la Rep\u00fablica,\u00a0fue captada por reporteros al salir del estacionamiento de Palacio Nacional\u00a0a bordo de un autom\u00f3vil blanco, marca Aveo. Sali\u00f3 alrededor de\u00a0las\u00a012:00 horas y no se detuvo para ofrecer entrevistas a los medios de comunicaci\u00f3n\u00a0ubicados en el lugar.<\/p>\n<\/blockquote>\n","protected":false},"excerpt":{"rendered":"<p>El presidente\u00a0Andr\u00e9s Manuel L\u00f3pez Obrador\u00a0confirm\u00f3 que la candidata a la presidencia de la Rep\u00fablica\u00a0por la coalici\u00f3n\u00a0Sigamos Haciendo Historia,\u00a0Claudia Sheinbaum, lo visit\u00f3 este martes 28 de noviembre en\u00a0Palacio Nacional. El mandatario explic\u00f3 que ella ten\u00eda inter\u00e9s en platicar con \u00e9l y que entablaron una conversaci\u00f3n coloquial,\u00a0&#8220;c\u00f3mo est\u00e1s, c\u00f3mo te ha ido&#8221;. La aspirante a la presidencia [&hellip;]<\/p>\n","protected":false},"author":1,"featured_media":16996,"comment_status":"closed","ping_status":"closed","sticky":false,"template":"","format":"aside","meta":{"googlesitekit_rrm_CAowytPeCw:productID":"","footnotes":""},"categories":[6338],"tags":[7,1964],"class_list":["post-16995","post","type-post","status-publish","format-aside","has-post-thumbnail","hentry","category-elecciones-2024","tag-amlo","tag-claudia-sheinbaum","post_format-post-format-aside"],"yoast_head":"<!-- This site is optimized with the Yoast SEO plugin v27.5 - https:\/\/yoast.com\/product\/yoast-seo-wordpress\/ -->\n<title>AMLO confirma visita de Claudia Sheinbaum a Palacio Nacional: estos son los temas que trataron |<\/title>\n<meta name=\"robots\" content=\"index, follow, max-snippet:-1, max-image-preview:large, max-video-preview:-1\" \/>\n<link rel=\"canonical\" href=\"https:\/\/conexionnacional.mx\/index.php\/2023\/11\/29\/amlo-confirma-visita-de-claudia-sheinbaum-a-palacio-nacional-estos-son-los-temas-que-trataron\/\" \/>\n<meta property=\"og:locale\" content=\"es_MX\" \/>\n<meta property=\"og:type\" content=\"article\" \/>\n<meta property=\"og:title\" content=\"AMLO confirma visita de Claudia Sheinbaum a Palacio Nacional: estos son los temas que trataron |\" \/>\n<meta property=\"og:description\" content=\"El presidente\u00a0Andr\u00e9s Manuel L\u00f3pez Obrador\u00a0confirm\u00f3 que la candidata a la presidencia de la Rep\u00fablica\u00a0por la coalici\u00f3n\u00a0Sigamos Haciendo Historia,\u00a0Claudia Sheinbaum, lo visit\u00f3 este martes 28 de noviembre en\u00a0Palacio Nacional. El mandatario explic\u00f3 que ella ten\u00eda inter\u00e9s en platicar con \u00e9l y que entablaron una conversaci\u00f3n coloquial,\u00a0&#8220;c\u00f3mo est\u00e1s, c\u00f3mo te ha ido&#8221;. La aspirante a la presidencia [&hellip;]\" \/>\n<meta property=\"og:url\" content=\"https:\/\/conexionnacional.mx\/index.php\/2023\/11\/29\/amlo-confirma-visita-de-claudia-sheinbaum-a-palacio-nacional-estos-son-los-temas-que-trataron\/\" \/>\n<meta property=\"og:site_name\" content=\"Conexi\u00f3n Nacional\" \/>\n<meta property=\"article:publisher\" content=\"https:\/\/www.facebook.com\/cnmxradio\" \/>\n<meta property=\"article:published_time\" content=\"2023-11-29T15:59:46+00:00\" \/>\n<meta property=\"article:modified_time\" content=\"2023-11-29T15:59:47+00:00\" \/>\n<meta property=\"og:image\" content=\"https:\/\/conexionnacional.mx\/wp-content\/uploads\/2023\/11\/f960x540-849765_923840_0.jpg\" \/>\n\t<meta property=\"og:image:width\" content=\"960\" \/>\n\t<meta property=\"og:image:height\" content=\"540\" \/>\n\t<meta property=\"og:image:type\" content=\"image\/jpeg\" \/>\n<meta name=\"author\" content=\"Conexi\u00f3n Nacional\" \/>\n<meta name=\"twitter:card\" content=\"summary_large_image\" \/>\n<meta name=\"twitter:label1\" content=\"Escrito por\" \/>\n\t<meta name=\"twitter:data1\" content=\"Conexi\u00f3n Nacional\" \/>\n\t<meta name=\"twitter:label2\" content=\"Tiempo de lectura\" \/>\n\t<meta name=\"twitter:data2\" content=\"1 minuto\" \/>\n<script type=\"application\/ld+json\" class=\"yoast-schema-graph\">{\"@context\":\"https:\\\/\\\/schema.org\",\"@graph\":[{\"@type\":\"Article\",\"@id\":\"https:\\\/\\\/conexionnacional.mx\\\/index.php\\\/2023\\\/11\\\/29\\\/amlo-confirma-visita-de-claudia-sheinbaum-a-palacio-nacional-estos-son-los-temas-que-trataron\\\/#article\",\"isPartOf\":{\"@id\":\"https:\\\/\\\/conexionnacional.mx\\\/index.php\\\/2023\\\/11\\\/29\\\/amlo-confirma-visita-de-claudia-sheinbaum-a-palacio-nacional-estos-son-los-temas-que-trataron\\\/\"},\"author\":{\"name\":\"Conexi\u00f3n Nacional\",\"@id\":\"https:\\\/\\\/conexionnacional.mx\\\/#\\\/schema\\\/person\\\/dd14aeda902120f5e0e021903fdb6931\"},\"headline\":\"AMLO confirma visita de Claudia Sheinbaum a Palacio Nacional: estos son los temas que trataron\",\"datePublished\":\"2023-11-29T15:59:46+00:00\",\"dateModified\":\"2023-11-29T15:59:47+00:00\",\"mainEntityOfPage\":{\"@id\":\"https:\\\/\\\/conexionnacional.mx\\\/index.php\\\/2023\\\/11\\\/29\\\/amlo-confirma-visita-de-claudia-sheinbaum-a-palacio-nacional-estos-son-los-temas-que-trataron\\\/\"},\"wordCount\":621,\"publisher\":{\"@id\":\"https:\\\/\\\/conexionnacional.mx\\\/#organization\"},\"image\":{\"@id\":\"https:\\\/\\\/conexionnacional.mx\\\/index.php\\\/2023\\\/11\\\/29\\\/amlo-confirma-visita-de-claudia-sheinbaum-a-palacio-nacional-estos-son-los-temas-que-trataron\\\/#primaryimage\"},\"thumbnailUrl\":\"https:\\\/\\\/conexionnacional.mx\\\/wp-content\\\/uploads\\\/2023\\\/11\\\/f960x540-849765_923840_0.jpg\",\"keywords\":[\"AMLO\",\"Claudia Sheinbaum\"],\"articleSection\":[\"Elecciones 2024\"],\"inLanguage\":\"es\"},{\"@type\":\"WebPage\",\"@id\":\"https:\\\/\\\/conexionnacional.mx\\\/index.php\\\/2023\\\/11\\\/29\\\/amlo-confirma-visita-de-claudia-sheinbaum-a-palacio-nacional-estos-son-los-temas-que-trataron\\\/\",\"url\":\"https:\\\/\\\/conexionnacional.mx\\\/index.php\\\/2023\\\/11\\\/29\\\/amlo-confirma-visita-de-claudia-sheinbaum-a-palacio-nacional-estos-son-los-temas-que-trataron\\\/\",\"name\":\"AMLO confirma visita de Claudia Sheinbaum a Palacio Nacional: estos son los temas que trataron |\",\"isPartOf\":{\"@id\":\"https:\\\/\\\/conexionnacional.mx\\\/#website\"},\"primaryImageOfPage\":{\"@id\":\"https:\\\/\\\/conexionnacional.mx\\\/index.php\\\/2023\\\/11\\\/29\\\/amlo-confirma-visita-de-claudia-sheinbaum-a-palacio-nacional-estos-son-los-temas-que-trataron\\\/#primaryimage\"},\"image\":{\"@id\":\"https:\\\/\\\/conexionnacional.mx\\\/index.php\\\/2023\\\/11\\\/29\\\/amlo-confirma-visita-de-claudia-sheinbaum-a-palacio-nacional-estos-son-los-temas-que-trataron\\\/#primaryimage\"},\"thumbnailUrl\":\"https:\\\/\\\/conexionnacional.mx\\\/wp-content\\\/uploads\\\/2023\\\/11\\\/f960x540-849765_923840_0.jpg\",\"datePublished\":\"2023-11-29T15:59:46+00:00\",\"dateModified\":\"2023-11-29T15:59:47+00:00\",\"breadcrumb\":{\"@id\":\"https:\\\/\\\/conexionnacional.mx\\\/index.php\\\/2023\\\/11\\\/29\\\/amlo-confirma-visita-de-claudia-sheinbaum-a-palacio-nacional-estos-son-los-temas-que-trataron\\\/#breadcrumb\"},\"inLanguage\":\"es\",\"potentialAction\":[{\"@type\":\"ReadAction\",\"target\":[\"https:\\\/\\\/conexionnacional.mx\\\/index.php\\\/2023\\\/11\\\/29\\\/amlo-confirma-visita-de-claudia-sheinbaum-a-palacio-nacional-estos-son-los-temas-que-trataron\\\/\"]}]},{\"@type\":\"ImageObject\",\"inLanguage\":\"es\",\"@id\":\"https:\\\/\\\/conexionnacional.mx\\\/index.php\\\/2023\\\/11\\\/29\\\/amlo-confirma-visita-de-claudia-sheinbaum-a-palacio-nacional-estos-son-los-temas-que-trataron\\\/#primaryimage\",\"url\":\"https:\\\/\\\/conexionnacional.mx\\\/wp-content\\\/uploads\\\/2023\\\/11\\\/f960x540-849765_923840_0.jpg\",\"contentUrl\":\"https:\\\/\\\/conexionnacional.mx\\\/wp-content\\\/uploads\\\/2023\\\/11\\\/f960x540-849765_923840_0.jpg\",\"width\":960,\"height\":540},{\"@type\":\"BreadcrumbList\",\"@id\":\"https:\\\/\\\/conexionnacional.mx\\\/index.php\\\/2023\\\/11\\\/29\\\/amlo-confirma-visita-de-claudia-sheinbaum-a-palacio-nacional-estos-son-los-temas-que-trataron\\\/#breadcrumb\",\"itemListElement\":[{\"@type\":\"ListItem\",\"position\":1,\"name\":\"Inicio\",\"item\":\"https:\\\/\\\/conexionnacional.mx\\\/\"},{\"@type\":\"ListItem\",\"position\":2,\"name\":\"AMLO confirma visita de Claudia Sheinbaum a Palacio Nacional: estos son los temas que trataron\"}]},{\"@type\":\"WebSite\",\"@id\":\"https:\\\/\\\/conexionnacional.mx\\\/#website\",\"url\":\"https:\\\/\\\/conexionnacional.mx\\\/\",\"name\":\"Conexi\u00f3n Nacional\",\"description\":\"Noticias al momento\",\"publisher\":{\"@id\":\"https:\\\/\\\/conexionnacional.mx\\\/#organization\"},\"alternateName\":\"Noticias nacionales\",\"potentialAction\":[{\"@type\":\"SearchAction\",\"target\":{\"@type\":\"EntryPoint\",\"urlTemplate\":\"https:\\\/\\\/conexionnacional.mx\\\/?s={search_term_string}\"},\"query-input\":{\"@type\":\"PropertyValueSpecification\",\"valueRequired\":true,\"valueName\":\"search_term_string\"}}],\"inLanguage\":\"es\"},{\"@type\":\"Organization\",\"@id\":\"https:\\\/\\\/conexionnacional.mx\\\/#organization\",\"name\":\"Conexi\u00f3n Nacional\",\"url\":\"https:\\\/\\\/conexionnacional.mx\\\/\",\"logo\":{\"@type\":\"ImageObject\",\"inLanguage\":\"es\",\"@id\":\"https:\\\/\\\/conexionnacional.mx\\\/#\\\/schema\\\/logo\\\/image\\\/\",\"url\":\"https:\\\/\\\/conexionnacional.mx\\\/wp-content\\\/uploads\\\/2022\\\/09\\\/conexion_nacional.png\",\"contentUrl\":\"https:\\\/\\\/conexionnacional.mx\\\/wp-content\\\/uploads\\\/2022\\\/09\\\/conexion_nacional.png\",\"width\":2964,\"height\":1173,\"caption\":\"Conexi\u00f3n Nacional\"},\"image\":{\"@id\":\"https:\\\/\\\/conexionnacional.mx\\\/#\\\/schema\\\/logo\\\/image\\\/\"},\"sameAs\":[\"https:\\\/\\\/www.facebook.com\\\/cnmxradio\"]},{\"@type\":\"Person\",\"@id\":\"https:\\\/\\\/conexionnacional.mx\\\/#\\\/schema\\\/person\\\/dd14aeda902120f5e0e021903fdb6931\",\"name\":\"Conexi\u00f3n Nacional\",\"image\":{\"@type\":\"ImageObject\",\"inLanguage\":\"es\",\"@id\":\"https:\\\/\\\/secure.gravatar.com\\\/avatar\\\/e523100f284110b2ecca7e17b2be9cf140a5e8f35294c9ec0543e6916cc1f9be?s=96&d=blank&r=g\",\"url\":\"https:\\\/\\\/secure.gravatar.com\\\/avatar\\\/e523100f284110b2ecca7e17b2be9cf140a5e8f35294c9ec0543e6916cc1f9be?s=96&d=blank&r=g\",\"contentUrl\":\"https:\\\/\\\/secure.gravatar.com\\\/avatar\\\/e523100f284110b2ecca7e17b2be9cf140a5e8f35294c9ec0543e6916cc1f9be?s=96&d=blank&r=g\",\"caption\":\"Conexi\u00f3n Nacional\"},\"sameAs\":[\"https:\\\/\\\/conexionnacional.mx\"],\"url\":\"https:\\\/\\\/conexionnacional.mx\\\/index.php\\\/author\\\/administrador\\\/\"}]}<\/script>\n<!-- \/ Yoast SEO plugin. -->","yoast_head_json":{"title":"AMLO confirma visita de Claudia Sheinbaum a Palacio Nacional: estos son los temas que trataron |","robots":{"index":"index","follow":"follow","max-snippet":"max-snippet:-1","max-image-preview":"max-image-preview:large","max-video-preview":"max-video-preview:-1"},"canonical":"https:\/\/conexionnacional.mx\/index.php\/2023\/11\/29\/amlo-confirma-visita-de-claudia-sheinbaum-a-palacio-nacional-estos-son-los-temas-que-trataron\/","og_locale":"es_MX","og_type":"article","og_title":"AMLO confirma visita de Claudia Sheinbaum a Palacio Nacional: estos son los temas que trataron |","og_description":"El presidente\u00a0Andr\u00e9s Manuel L\u00f3pez Obrador\u00a0confirm\u00f3 que la candidata a la presidencia de la Rep\u00fablica\u00a0por la coalici\u00f3n\u00a0Sigamos Haciendo Historia,\u00a0Claudia Sheinbaum, lo visit\u00f3 este martes 28 de noviembre en\u00a0Palacio Nacional. El mandatario explic\u00f3 que ella ten\u00eda inter\u00e9s en platicar con \u00e9l y que entablaron una conversaci\u00f3n coloquial,\u00a0&#8220;c\u00f3mo est\u00e1s, c\u00f3mo te ha ido&#8221;. La aspirante a la presidencia [&hellip;]","og_url":"https:\/\/conexionnacional.mx\/index.php\/2023\/11\/29\/amlo-confirma-visita-de-claudia-sheinbaum-a-palacio-nacional-estos-son-los-temas-que-trataron\/","og_site_name":"Conexi\u00f3n Nacional","article_publisher":"https:\/\/www.facebook.com\/cnmxradio","article_published_time":"2023-11-29T15:59:46+00:00","article_modified_time":"2023-11-29T15:59:47+00:00","og_image":[{"width":960,"height":540,"url":"https:\/\/conexionnacional.mx\/wp-content\/uploads\/2023\/11\/f960x540-849765_923840_0.jpg","type":"image\/jpeg"}],"author":"Conexi\u00f3n Nacional","twitter_card":"summary_large_image","twitter_misc":{"Escrito por":"Conexi\u00f3n Nacional","Tiempo de lectura":"1 minuto"},"schema":{"@context":"https:\/\/schema.org","@graph":[{"@type":"Article","@id":"https:\/\/conexionnacional.mx\/index.php\/2023\/11\/29\/amlo-confirma-visita-de-claudia-sheinbaum-a-palacio-nacional-estos-son-los-temas-que-trataron\/#article","isPartOf":{"@id":"https:\/\/conexionnacional.mx\/index.php\/2023\/11\/29\/amlo-confirma-visita-de-claudia-sheinbaum-a-palacio-nacional-estos-son-los-temas-que-trataron\/"},"author":{"name":"Conexi\u00f3n Nacional","@id":"https:\/\/conexionnacional.mx\/#\/schema\/person\/dd14aeda902120f5e0e021903fdb6931"},"headline":"AMLO confirma visita de Claudia Sheinbaum a Palacio Nacional: estos son los temas que trataron","datePublished":"2023-11-29T15:59:46+00:00","dateModified":"2023-11-29T15:59:47+00:00","mainEntityOfPage":{"@id":"https:\/\/conexionnacional.mx\/index.php\/2023\/11\/29\/amlo-confirma-visita-de-claudia-sheinbaum-a-palacio-nacional-estos-son-los-temas-que-trataron\/"},"wordCount":621,"publisher":{"@id":"https:\/\/conexionnacional.mx\/#organization"},"image":{"@id":"https:\/\/conexionnacional.mx\/index.php\/2023\/11\/29\/amlo-confirma-visita-de-claudia-sheinbaum-a-palacio-nacional-estos-son-los-temas-que-trataron\/#primaryimage"},"thumbnailUrl":"https:\/\/conexionnacional.mx\/wp-content\/uploads\/2023\/11\/f960x540-849765_923840_0.jpg","keywords":["AMLO","Claudia Sheinbaum"],"articleSection":["Elecciones 2024"],"inLanguage":"es"},{"@type":"WebPage","@id":"https:\/\/conexionnacional.mx\/index.php\/2023\/11\/29\/amlo-confirma-visita-de-claudia-sheinbaum-a-palacio-nacional-estos-son-los-temas-que-trataron\/","url":"https:\/\/conexionnacional.mx\/index.php\/2023\/11\/29\/amlo-confirma-visita-de-claudia-sheinbaum-a-palacio-nacional-estos-son-los-temas-que-trataron\/","name":"AMLO confirma visita de Claudia Sheinbaum a Palacio Nacional: estos son los temas que trataron |","isPartOf":{"@id":"https:\/\/conexionnacional.mx\/#website"},"primaryImageOfPage":{"@id":"https:\/\/conexionnacional.mx\/index.php\/2023\/11\/29\/amlo-confirma-visita-de-claudia-sheinbaum-a-palacio-nacional-estos-son-los-temas-que-trataron\/#primaryimage"},"image":{"@id":"https:\/\/conexionnacional.mx\/index.php\/2023\/11\/29\/amlo-confirma-visita-de-claudia-sheinbaum-a-palacio-nacional-estos-son-los-temas-que-trataron\/#primaryimage"},"thumbnailUrl":"https:\/\/conexionnacional.mx\/wp-content\/uploads\/2023\/11\/f960x540-849765_923840_0.jpg","datePublished":"2023-11-29T15:59:46+00:00","dateModified":"2023-11-29T15:59:47+00:00","breadcrumb":{"@id":"https:\/\/conexionnacional.mx\/index.php\/2023\/11\/29\/amlo-confirma-visita-de-claudia-sheinbaum-a-palacio-nacional-estos-son-los-temas-que-trataron\/#breadcrumb"},"inLanguage":"es","potentialAction":[{"@type":"ReadAction","target":["https:\/\/conexionnacional.mx\/index.php\/2023\/11\/29\/amlo-confirma-visita-de-claudia-sheinbaum-a-palacio-nacional-estos-son-los-temas-que-trataron\/"]}]},{"@type":"ImageObject","inLanguage":"es","@id":"https:\/\/conexionnacional.mx\/index.php\/2023\/11\/29\/amlo-confirma-visita-de-claudia-sheinbaum-a-palacio-nacional-estos-son-los-temas-que-trataron\/#primaryimage","url":"https:\/\/conexionnacional.mx\/wp-content\/uploads\/2023\/11\/f960x540-849765_923840_0.jpg","contentUrl":"https:\/\/conexionnacional.mx\/wp-content\/uploads\/2023\/11\/f960x540-849765_923840_0.jpg","width":960,"height":540},{"@type":"BreadcrumbList","@id":"https:\/\/conexionnacional.mx\/index.php\/2023\/11\/29\/amlo-confirma-visita-de-claudia-sheinbaum-a-palacio-nacional-estos-son-los-temas-que-trataron\/#breadcrumb","itemListElement":[{"@type":"ListItem","position":1,"name":"Inicio","item":"https:\/\/conexionnacional.mx\/"},{"@type":"ListItem","position":2,"name":"AMLO confirma visita de Claudia Sheinbaum a Palacio Nacional: estos son los temas que trataron"}]},{"@type":"WebSite","@id":"https:\/\/conexionnacional.mx\/#website","url":"https:\/\/conexionnacional.mx\/","name":"Conexi\u00f3n Nacional","description":"Noticias al momento","publisher":{"@id":"https:\/\/conexionnacional.mx\/#organization"},"alternateName":"Noticias nacionales","potentialAction":[{"@type":"SearchAction","target":{"@type":"EntryPoint","urlTemplate":"https:\/\/conexionnacional.mx\/?s={search_term_string}"},"query-input":{"@type":"PropertyValueSpecification","valueRequired":true,"valueName":"search_term_string"}}],"inLanguage":"es"},{"@type":"Organization","@id":"https:\/\/conexionnacional.mx\/#organization","name":"Conexi\u00f3n Nacional","url":"https:\/\/conexionnacional.mx\/","logo":{"@type":"ImageObject","inLanguage":"es","@id":"https:\/\/conexionnacional.mx\/#\/schema\/logo\/image\/","url":"https:\/\/conexionnacional.mx\/wp-content\/uploads\/2022\/09\/conexion_nacional.png","contentUrl":"https:\/\/conexionnacional.mx\/wp-content\/uploads\/2022\/09\/conexion_nacional.png","width":2964,"height":1173,"caption":"Conexi\u00f3n Nacional"},"image":{"@id":"https:\/\/conexionnacional.mx\/#\/schema\/logo\/image\/"},"sameAs":["https:\/\/www.facebook.com\/cnmxradio"]},{"@type":"Person","@id":"https:\/\/conexionnacional.mx\/#\/schema\/person\/dd14aeda902120f5e0e021903fdb6931","name":"Conexi\u00f3n Nacional","image":{"@type":"ImageObject","inLanguage":"es","@id":"https:\/\/secure.gravatar.com\/avatar\/e523100f284110b2ecca7e17b2be9cf140a5e8f35294c9ec0543e6916cc1f9be?s=96&d=blank&r=g","url":"https:\/\/secure.gravatar.com\/avatar\/e523100f284110b2ecca7e17b2be9cf140a5e8f35294c9ec0543e6916cc1f9be?s=96&d=blank&r=g","contentUrl":"https:\/\/secure.gravatar.com\/avatar\/e523100f284110b2ecca7e17b2be9cf140a5e8f35294c9ec0543e6916cc1f9be?s=96&d=blank&r=g","caption":"Conexi\u00f3n Nacional"},"sameAs":["https:\/\/conexionnacional.mx"],"url":"https:\/\/conexionnacional.mx\/index.php\/author\/administrador\/"}]}},"_links":{"self":[{"href":"https:\/\/conexionnacional.mx\/index.php\/wp-json\/wp\/v2\/posts\/16995","targetHints":{"allow":["GET"]}}],"collection":[{"href":"https:\/\/conexionnacional.mx\/index.php\/wp-json\/wp\/v2\/posts"}],"about":[{"href":"https:\/\/conexionnacional.mx\/index.php\/wp-json\/wp\/v2\/types\/post"}],"author":[{"embeddable":true,"href":"https:\/\/conexionnacional.mx\/index.php\/wp-json\/wp\/v2\/users\/1"}],"replies":[{"embeddable":true,"href":"https:\/\/conexionnacional.mx\/index.php\/wp-json\/wp\/v2\/comments?post=16995"}],"version-history":[{"count":1,"href":"https:\/\/conexionnacional.mx\/index.php\/wp-json\/wp\/v2\/posts\/16995\/revisions"}],"predecessor-version":[{"id":16997,"href":"https:\/\/conexionnacional.mx\/index.php\/wp-json\/wp\/v2\/posts\/16995\/revisions\/16997"}],"wp:featuredmedia":[{"embeddable":true,"href":"https:\/\/conexionnacional.mx\/index.php\/wp-json\/wp\/v2\/media\/16996"}],"wp:attachment":[{"href":"https:\/\/conexionnacional.mx\/index.php\/wp-json\/wp\/v2\/media?parent=16995"}],"wp:term":[{"taxonomy":"category","embeddable":true,"href":"https:\/\/conexionnacional.mx\/index.php\/wp-json\/wp\/v2\/categories?post=16995"},{"taxonomy":"post_tag","embeddable":true,"href":"https:\/\/conexionnacional.mx\/index.php\/wp-json\/wp\/v2\/tags?post=16995"}],"curies":[{"name":"wp","href":"https:\/\/api.w.org\/{rel}","templated":true}]}}