{"id":16941,"date":"2023-11-27T12:16:48","date_gmt":"2023-11-27T18:16:48","guid":{"rendered":"https:\/\/conexionnacional.mx\/?p=16941"},"modified":"2023-11-27T12:16:50","modified_gmt":"2023-11-27T18:16:50","slug":"quevedo-debuta-en-el-flow-fest-con-exito-gracias-a-su-colaboracion-con-bizarrap","status":"publish","type":"post","link":"https:\/\/conexionnacional.mx\/index.php\/2023\/11\/27\/quevedo-debuta-en-el-flow-fest-con-exito-gracias-a-su-colaboracion-con-bizarrap\/","title":{"rendered":"Quevedo debuta en el Flow Fest con \u00e9xito, gracias a su colaboraci\u00f3n con Bizarrap"},"content":{"rendered":"\n<p>El \u00fanico recinto en la Ciudad de M\u00e9xico qu\u00e9 hab\u00eda recibido al cantante&nbsp;<strong>Quevedo<\/strong>&nbsp;era el Front\u00f3n M\u00e9xico con capacidad apenas para 2 mil personas, pero durante su participaci\u00f3n en el&nbsp;<a href=\"https:\/\/www.eluniversal.com.mx\/tag\/flow-fest\/\" target=\"_blank\" rel=\"noreferrer noopener\">Flow Fest<\/a>, al menos 30 mil personas se dieron cita para escuchar al espa\u00f1ol.<\/p>\n\n\n\n<p>La asistencia lleg\u00f3 al mismo grado que el d\u00eda anterior cuando<strong>&nbsp;Gabito Ballesteros<\/strong>&nbsp;tuvo que detener su show por un hacinamiento, en la zona frente al escenario, donde varias personas se estaban asfixiando.<\/p>\n\n\n\n<p>Quevedo estaba cantando su tema \u201cPunto G\u201d, cuando el p\u00fablico comenz\u00f3 a pedir ayuda tal como ocurri\u00f3 el s\u00e1bado con Gabito, y el espa\u00f1ol pidi\u00f3 al personal de seguridad que abriera paso.<\/p>\n\n\n\n<p>Las c\u00e1maras por un momento se enfocaron en el lugar donde el p\u00fablico empujaba para abrir paso y dejar salir a una chica que al parecer se estaba desvaneciendo durante la presentaci\u00f3n.<\/p>\n\n\n\n<p>Sin embargo los chiflidos del p\u00fablico hicieron que Quevedo tuviera que reanudar pronto su show: \u201cPodemos seguir el show, podemos seguir, adelante sigamos\u201d, dijo el artista y continu\u00f3 interpretando \u201cAPA\u201d, canci\u00f3n en la que colabora con Mora.<\/p>\n\n\n\n<p>Pero la canci\u00f3n que m\u00e1s emocion\u00f3 a la gente, y que son\u00f3 por primera vez en un festival de la capital fue su colaboraci\u00f3n junto a Bizarrap espec\u00edficamente la sesi\u00f3n 52, que actualmente tiene mil millones 500 mil escuchas en Spotify siendo su tema m\u00e1s popular.<\/p>\n\n\n\n<p>En cuanto la introducci\u00f3n comenz\u00f3 a sonar todo el p\u00fablico, que esperaba poder llevarse el recuerdo de la interpretaci\u00f3n de ese tema a casa, comenz\u00f3 a grabar con sus celulares y brincar intensamente.<\/p>\n\n\n\n<p>Sin embargo pese a la euforia, contrario a otros shows se conserv\u00f3 la calma, no hubieron empujones, ni se lanzaron vasos de cerveza, el tema termin\u00f3 y el p\u00fablico corri\u00f3 a otros escenarios, ya con mayor espaci\u00f3 para transitar, contrario al s\u00e1bado, cuando moverse de un escenario a otro tomaba cerca de 20 minutos.<\/p>\n\n\n\n<p>La noche continuar\u00e1 con Tito el Bambino, Ozuna, Tego Calder\u00f3n, Manuel Turizo, y para cerrar con broche de oro la presentaci\u00f3n de Maluma.<\/p>\n","protected":false},"excerpt":{"rendered":"<p>El \u00fanico recinto en la Ciudad de M\u00e9xico qu\u00e9 hab\u00eda recibido al cantante&nbsp;Quevedo&nbsp;era el Front\u00f3n M\u00e9xico con capacidad apenas para 2 mil personas, pero durante su participaci\u00f3n en el&nbsp;Flow Fest, al menos 30 mil personas se dieron cita para escuchar al espa\u00f1ol. La asistencia lleg\u00f3 al mismo grado que el d\u00eda anterior cuando&nbsp;Gabito Ballesteros&nbsp;tuvo que [&hellip;]<\/p>\n","protected":false},"author":1,"featured_media":16942,"comment_status":"closed","ping_status":"closed","sticky":false,"template":"","format":"aside","meta":{"googlesitekit_rrm_CAowytPeCw:productID":"","footnotes":""},"categories":[5063],"tags":[6333,6479],"class_list":["post-16941","post","type-post","status-publish","format-aside","has-post-thumbnail","hentry","category-redes-sociales","tag-coca-cola","tag-flow-fest","post_format-post-format-aside"],"yoast_head":"<!-- This site is optimized with the Yoast SEO plugin v27.5 - https:\/\/yoast.com\/product\/yoast-seo-wordpress\/ -->\n<title>Quevedo debuta en el Flow Fest con \u00e9xito, gracias a su colaboraci\u00f3n con Bizarrap |<\/title>\n<meta name=\"robots\" content=\"index, follow, max-snippet:-1, max-image-preview:large, max-video-preview:-1\" \/>\n<link rel=\"canonical\" href=\"https:\/\/conexionnacional.mx\/index.php\/2023\/11\/27\/quevedo-debuta-en-el-flow-fest-con-exito-gracias-a-su-colaboracion-con-bizarrap\/\" \/>\n<meta property=\"og:locale\" content=\"es_MX\" \/>\n<meta property=\"og:type\" content=\"article\" \/>\n<meta property=\"og:title\" content=\"Quevedo debuta en el Flow Fest con \u00e9xito, gracias a su colaboraci\u00f3n con Bizarrap |\" \/>\n<meta property=\"og:description\" content=\"El \u00fanico recinto en la Ciudad de M\u00e9xico qu\u00e9 hab\u00eda recibido al cantante&nbsp;Quevedo&nbsp;era el Front\u00f3n M\u00e9xico con capacidad apenas para 2 mil personas, pero durante su participaci\u00f3n en el&nbsp;Flow Fest, al menos 30 mil personas se dieron cita para escuchar al espa\u00f1ol. La asistencia lleg\u00f3 al mismo grado que el d\u00eda anterior cuando&nbsp;Gabito Ballesteros&nbsp;tuvo que [&hellip;]\" \/>\n<meta property=\"og:url\" content=\"https:\/\/conexionnacional.mx\/index.php\/2023\/11\/27\/quevedo-debuta-en-el-flow-fest-con-exito-gracias-a-su-colaboracion-con-bizarrap\/\" \/>\n<meta property=\"og:site_name\" content=\"Conexi\u00f3n Nacional\" \/>\n<meta property=\"article:publisher\" content=\"https:\/\/www.facebook.com\/cnmxradio\" \/>\n<meta property=\"article:published_time\" content=\"2023-11-27T18:16:48+00:00\" \/>\n<meta property=\"article:modified_time\" content=\"2023-11-27T18:16:50+00:00\" \/>\n<meta property=\"og:image\" content=\"https:\/\/conexionnacional.mx\/wp-content\/uploads\/2023\/11\/CHHD43KTABHJJAJTDEKSEYII6Y.jpg\" \/>\n\t<meta property=\"og:image:width\" content=\"1100\" \/>\n\t<meta property=\"og:image:height\" content=\"666\" \/>\n\t<meta property=\"og:image:type\" content=\"image\/jpeg\" \/>\n<meta name=\"author\" content=\"Conexi\u00f3n Nacional\" \/>\n<meta name=\"twitter:card\" content=\"summary_large_image\" \/>\n<meta name=\"twitter:label1\" content=\"Escrito por\" \/>\n\t<meta name=\"twitter:data1\" content=\"Conexi\u00f3n Nacional\" \/>\n\t<meta name=\"twitter:label2\" content=\"Tiempo de lectura\" \/>\n\t<meta name=\"twitter:data2\" content=\"2 minutos\" \/>\n<script type=\"application\/ld+json\" class=\"yoast-schema-graph\">{\"@context\":\"https:\\\/\\\/schema.org\",\"@graph\":[{\"@type\":\"Article\",\"@id\":\"https:\\\/\\\/conexionnacional.mx\\\/index.php\\\/2023\\\/11\\\/27\\\/quevedo-debuta-en-el-flow-fest-con-exito-gracias-a-su-colaboracion-con-bizarrap\\\/#article\",\"isPartOf\":{\"@id\":\"https:\\\/\\\/conexionnacional.mx\\\/index.php\\\/2023\\\/11\\\/27\\\/quevedo-debuta-en-el-flow-fest-con-exito-gracias-a-su-colaboracion-con-bizarrap\\\/\"},\"author\":{\"name\":\"Conexi\u00f3n Nacional\",\"@id\":\"https:\\\/\\\/conexionnacional.mx\\\/#\\\/schema\\\/person\\\/dd14aeda902120f5e0e021903fdb6931\"},\"headline\":\"Quevedo debuta en el Flow Fest con \u00e9xito, gracias a su colaboraci\u00f3n con Bizarrap\",\"datePublished\":\"2023-11-27T18:16:48+00:00\",\"dateModified\":\"2023-11-27T18:16:50+00:00\",\"mainEntityOfPage\":{\"@id\":\"https:\\\/\\\/conexionnacional.mx\\\/index.php\\\/2023\\\/11\\\/27\\\/quevedo-debuta-en-el-flow-fest-con-exito-gracias-a-su-colaboracion-con-bizarrap\\\/\"},\"wordCount\":378,\"publisher\":{\"@id\":\"https:\\\/\\\/conexionnacional.mx\\\/#organization\"},\"image\":{\"@id\":\"https:\\\/\\\/conexionnacional.mx\\\/index.php\\\/2023\\\/11\\\/27\\\/quevedo-debuta-en-el-flow-fest-con-exito-gracias-a-su-colaboracion-con-bizarrap\\\/#primaryimage\"},\"thumbnailUrl\":\"https:\\\/\\\/conexionnacional.mx\\\/wp-content\\\/uploads\\\/2023\\\/11\\\/CHHD43KTABHJJAJTDEKSEYII6Y.jpg\",\"keywords\":[\"Coca Cola\",\"Flow Fest\"],\"articleSection\":[\"Redes Sociales\"],\"inLanguage\":\"es\"},{\"@type\":\"WebPage\",\"@id\":\"https:\\\/\\\/conexionnacional.mx\\\/index.php\\\/2023\\\/11\\\/27\\\/quevedo-debuta-en-el-flow-fest-con-exito-gracias-a-su-colaboracion-con-bizarrap\\\/\",\"url\":\"https:\\\/\\\/conexionnacional.mx\\\/index.php\\\/2023\\\/11\\\/27\\\/quevedo-debuta-en-el-flow-fest-con-exito-gracias-a-su-colaboracion-con-bizarrap\\\/\",\"name\":\"Quevedo debuta en el Flow Fest con \u00e9xito, gracias a su colaboraci\u00f3n con Bizarrap |\",\"isPartOf\":{\"@id\":\"https:\\\/\\\/conexionnacional.mx\\\/#website\"},\"primaryImageOfPage\":{\"@id\":\"https:\\\/\\\/conexionnacional.mx\\\/index.php\\\/2023\\\/11\\\/27\\\/quevedo-debuta-en-el-flow-fest-con-exito-gracias-a-su-colaboracion-con-bizarrap\\\/#primaryimage\"},\"image\":{\"@id\":\"https:\\\/\\\/conexionnacional.mx\\\/index.php\\\/2023\\\/11\\\/27\\\/quevedo-debuta-en-el-flow-fest-con-exito-gracias-a-su-colaboracion-con-bizarrap\\\/#primaryimage\"},\"thumbnailUrl\":\"https:\\\/\\\/conexionnacional.mx\\\/wp-content\\\/uploads\\\/2023\\\/11\\\/CHHD43KTABHJJAJTDEKSEYII6Y.jpg\",\"datePublished\":\"2023-11-27T18:16:48+00:00\",\"dateModified\":\"2023-11-27T18:16:50+00:00\",\"breadcrumb\":{\"@id\":\"https:\\\/\\\/conexionnacional.mx\\\/index.php\\\/2023\\\/11\\\/27\\\/quevedo-debuta-en-el-flow-fest-con-exito-gracias-a-su-colaboracion-con-bizarrap\\\/#breadcrumb\"},\"inLanguage\":\"es\",\"potentialAction\":[{\"@type\":\"ReadAction\",\"target\":[\"https:\\\/\\\/conexionnacional.mx\\\/index.php\\\/2023\\\/11\\\/27\\\/quevedo-debuta-en-el-flow-fest-con-exito-gracias-a-su-colaboracion-con-bizarrap\\\/\"]}]},{\"@type\":\"ImageObject\",\"inLanguage\":\"es\",\"@id\":\"https:\\\/\\\/conexionnacional.mx\\\/index.php\\\/2023\\\/11\\\/27\\\/quevedo-debuta-en-el-flow-fest-con-exito-gracias-a-su-colaboracion-con-bizarrap\\\/#primaryimage\",\"url\":\"https:\\\/\\\/conexionnacional.mx\\\/wp-content\\\/uploads\\\/2023\\\/11\\\/CHHD43KTABHJJAJTDEKSEYII6Y.jpg\",\"contentUrl\":\"https:\\\/\\\/conexionnacional.mx\\\/wp-content\\\/uploads\\\/2023\\\/11\\\/CHHD43KTABHJJAJTDEKSEYII6Y.jpg\",\"width\":1100,\"height\":666},{\"@type\":\"BreadcrumbList\",\"@id\":\"https:\\\/\\\/conexionnacional.mx\\\/index.php\\\/2023\\\/11\\\/27\\\/quevedo-debuta-en-el-flow-fest-con-exito-gracias-a-su-colaboracion-con-bizarrap\\\/#breadcrumb\",\"itemListElement\":[{\"@type\":\"ListItem\",\"position\":1,\"name\":\"Inicio\",\"item\":\"https:\\\/\\\/conexionnacional.mx\\\/\"},{\"@type\":\"ListItem\",\"position\":2,\"name\":\"Quevedo debuta en el Flow Fest con \u00e9xito, gracias a su colaboraci\u00f3n con Bizarrap\"}]},{\"@type\":\"WebSite\",\"@id\":\"https:\\\/\\\/conexionnacional.mx\\\/#website\",\"url\":\"https:\\\/\\\/conexionnacional.mx\\\/\",\"name\":\"Conexi\u00f3n Nacional\",\"description\":\"Noticias al momento\",\"publisher\":{\"@id\":\"https:\\\/\\\/conexionnacional.mx\\\/#organization\"},\"alternateName\":\"Noticias nacionales\",\"potentialAction\":[{\"@type\":\"SearchAction\",\"target\":{\"@type\":\"EntryPoint\",\"urlTemplate\":\"https:\\\/\\\/conexionnacional.mx\\\/?s={search_term_string}\"},\"query-input\":{\"@type\":\"PropertyValueSpecification\",\"valueRequired\":true,\"valueName\":\"search_term_string\"}}],\"inLanguage\":\"es\"},{\"@type\":\"Organization\",\"@id\":\"https:\\\/\\\/conexionnacional.mx\\\/#organization\",\"name\":\"Conexi\u00f3n Nacional\",\"url\":\"https:\\\/\\\/conexionnacional.mx\\\/\",\"logo\":{\"@type\":\"ImageObject\",\"inLanguage\":\"es\",\"@id\":\"https:\\\/\\\/conexionnacional.mx\\\/#\\\/schema\\\/logo\\\/image\\\/\",\"url\":\"https:\\\/\\\/conexionnacional.mx\\\/wp-content\\\/uploads\\\/2022\\\/09\\\/conexion_nacional.png\",\"contentUrl\":\"https:\\\/\\\/conexionnacional.mx\\\/wp-content\\\/uploads\\\/2022\\\/09\\\/conexion_nacional.png\",\"width\":2964,\"height\":1173,\"caption\":\"Conexi\u00f3n Nacional\"},\"image\":{\"@id\":\"https:\\\/\\\/conexionnacional.mx\\\/#\\\/schema\\\/logo\\\/image\\\/\"},\"sameAs\":[\"https:\\\/\\\/www.facebook.com\\\/cnmxradio\"]},{\"@type\":\"Person\",\"@id\":\"https:\\\/\\\/conexionnacional.mx\\\/#\\\/schema\\\/person\\\/dd14aeda902120f5e0e021903fdb6931\",\"name\":\"Conexi\u00f3n Nacional\",\"image\":{\"@type\":\"ImageObject\",\"inLanguage\":\"es\",\"@id\":\"https:\\\/\\\/secure.gravatar.com\\\/avatar\\\/e523100f284110b2ecca7e17b2be9cf140a5e8f35294c9ec0543e6916cc1f9be?s=96&d=blank&r=g\",\"url\":\"https:\\\/\\\/secure.gravatar.com\\\/avatar\\\/e523100f284110b2ecca7e17b2be9cf140a5e8f35294c9ec0543e6916cc1f9be?s=96&d=blank&r=g\",\"contentUrl\":\"https:\\\/\\\/secure.gravatar.com\\\/avatar\\\/e523100f284110b2ecca7e17b2be9cf140a5e8f35294c9ec0543e6916cc1f9be?s=96&d=blank&r=g\",\"caption\":\"Conexi\u00f3n Nacional\"},\"sameAs\":[\"https:\\\/\\\/conexionnacional.mx\"],\"url\":\"https:\\\/\\\/conexionnacional.mx\\\/index.php\\\/author\\\/administrador\\\/\"}]}<\/script>\n<!-- \/ Yoast SEO plugin. -->","yoast_head_json":{"title":"Quevedo debuta en el Flow Fest con \u00e9xito, gracias a su colaboraci\u00f3n con Bizarrap |","robots":{"index":"index","follow":"follow","max-snippet":"max-snippet:-1","max-image-preview":"max-image-preview:large","max-video-preview":"max-video-preview:-1"},"canonical":"https:\/\/conexionnacional.mx\/index.php\/2023\/11\/27\/quevedo-debuta-en-el-flow-fest-con-exito-gracias-a-su-colaboracion-con-bizarrap\/","og_locale":"es_MX","og_type":"article","og_title":"Quevedo debuta en el Flow Fest con \u00e9xito, gracias a su colaboraci\u00f3n con Bizarrap |","og_description":"El \u00fanico recinto en la Ciudad de M\u00e9xico qu\u00e9 hab\u00eda recibido al cantante&nbsp;Quevedo&nbsp;era el Front\u00f3n M\u00e9xico con capacidad apenas para 2 mil personas, pero durante su participaci\u00f3n en el&nbsp;Flow Fest, al menos 30 mil personas se dieron cita para escuchar al espa\u00f1ol. La asistencia lleg\u00f3 al mismo grado que el d\u00eda anterior cuando&nbsp;Gabito Ballesteros&nbsp;tuvo que [&hellip;]","og_url":"https:\/\/conexionnacional.mx\/index.php\/2023\/11\/27\/quevedo-debuta-en-el-flow-fest-con-exito-gracias-a-su-colaboracion-con-bizarrap\/","og_site_name":"Conexi\u00f3n Nacional","article_publisher":"https:\/\/www.facebook.com\/cnmxradio","article_published_time":"2023-11-27T18:16:48+00:00","article_modified_time":"2023-11-27T18:16:50+00:00","og_image":[{"width":1100,"height":666,"url":"https:\/\/conexionnacional.mx\/wp-content\/uploads\/2023\/11\/CHHD43KTABHJJAJTDEKSEYII6Y.jpg","type":"image\/jpeg"}],"author":"Conexi\u00f3n Nacional","twitter_card":"summary_large_image","twitter_misc":{"Escrito por":"Conexi\u00f3n Nacional","Tiempo de lectura":"2 minutos"},"schema":{"@context":"https:\/\/schema.org","@graph":[{"@type":"Article","@id":"https:\/\/conexionnacional.mx\/index.php\/2023\/11\/27\/quevedo-debuta-en-el-flow-fest-con-exito-gracias-a-su-colaboracion-con-bizarrap\/#article","isPartOf":{"@id":"https:\/\/conexionnacional.mx\/index.php\/2023\/11\/27\/quevedo-debuta-en-el-flow-fest-con-exito-gracias-a-su-colaboracion-con-bizarrap\/"},"author":{"name":"Conexi\u00f3n Nacional","@id":"https:\/\/conexionnacional.mx\/#\/schema\/person\/dd14aeda902120f5e0e021903fdb6931"},"headline":"Quevedo debuta en el Flow Fest con \u00e9xito, gracias a su colaboraci\u00f3n con Bizarrap","datePublished":"2023-11-27T18:16:48+00:00","dateModified":"2023-11-27T18:16:50+00:00","mainEntityOfPage":{"@id":"https:\/\/conexionnacional.mx\/index.php\/2023\/11\/27\/quevedo-debuta-en-el-flow-fest-con-exito-gracias-a-su-colaboracion-con-bizarrap\/"},"wordCount":378,"publisher":{"@id":"https:\/\/conexionnacional.mx\/#organization"},"image":{"@id":"https:\/\/conexionnacional.mx\/index.php\/2023\/11\/27\/quevedo-debuta-en-el-flow-fest-con-exito-gracias-a-su-colaboracion-con-bizarrap\/#primaryimage"},"thumbnailUrl":"https:\/\/conexionnacional.mx\/wp-content\/uploads\/2023\/11\/CHHD43KTABHJJAJTDEKSEYII6Y.jpg","keywords":["Coca Cola","Flow Fest"],"articleSection":["Redes Sociales"],"inLanguage":"es"},{"@type":"WebPage","@id":"https:\/\/conexionnacional.mx\/index.php\/2023\/11\/27\/quevedo-debuta-en-el-flow-fest-con-exito-gracias-a-su-colaboracion-con-bizarrap\/","url":"https:\/\/conexionnacional.mx\/index.php\/2023\/11\/27\/quevedo-debuta-en-el-flow-fest-con-exito-gracias-a-su-colaboracion-con-bizarrap\/","name":"Quevedo debuta en el Flow Fest con \u00e9xito, gracias a su colaboraci\u00f3n con Bizarrap |","isPartOf":{"@id":"https:\/\/conexionnacional.mx\/#website"},"primaryImageOfPage":{"@id":"https:\/\/conexionnacional.mx\/index.php\/2023\/11\/27\/quevedo-debuta-en-el-flow-fest-con-exito-gracias-a-su-colaboracion-con-bizarrap\/#primaryimage"},"image":{"@id":"https:\/\/conexionnacional.mx\/index.php\/2023\/11\/27\/quevedo-debuta-en-el-flow-fest-con-exito-gracias-a-su-colaboracion-con-bizarrap\/#primaryimage"},"thumbnailUrl":"https:\/\/conexionnacional.mx\/wp-content\/uploads\/2023\/11\/CHHD43KTABHJJAJTDEKSEYII6Y.jpg","datePublished":"2023-11-27T18:16:48+00:00","dateModified":"2023-11-27T18:16:50+00:00","breadcrumb":{"@id":"https:\/\/conexionnacional.mx\/index.php\/2023\/11\/27\/quevedo-debuta-en-el-flow-fest-con-exito-gracias-a-su-colaboracion-con-bizarrap\/#breadcrumb"},"inLanguage":"es","potentialAction":[{"@type":"ReadAction","target":["https:\/\/conexionnacional.mx\/index.php\/2023\/11\/27\/quevedo-debuta-en-el-flow-fest-con-exito-gracias-a-su-colaboracion-con-bizarrap\/"]}]},{"@type":"ImageObject","inLanguage":"es","@id":"https:\/\/conexionnacional.mx\/index.php\/2023\/11\/27\/quevedo-debuta-en-el-flow-fest-con-exito-gracias-a-su-colaboracion-con-bizarrap\/#primaryimage","url":"https:\/\/conexionnacional.mx\/wp-content\/uploads\/2023\/11\/CHHD43KTABHJJAJTDEKSEYII6Y.jpg","contentUrl":"https:\/\/conexionnacional.mx\/wp-content\/uploads\/2023\/11\/CHHD43KTABHJJAJTDEKSEYII6Y.jpg","width":1100,"height":666},{"@type":"BreadcrumbList","@id":"https:\/\/conexionnacional.mx\/index.php\/2023\/11\/27\/quevedo-debuta-en-el-flow-fest-con-exito-gracias-a-su-colaboracion-con-bizarrap\/#breadcrumb","itemListElement":[{"@type":"ListItem","position":1,"name":"Inicio","item":"https:\/\/conexionnacional.mx\/"},{"@type":"ListItem","position":2,"name":"Quevedo debuta en el Flow Fest con \u00e9xito, gracias a su colaboraci\u00f3n con Bizarrap"}]},{"@type":"WebSite","@id":"https:\/\/conexionnacional.mx\/#website","url":"https:\/\/conexionnacional.mx\/","name":"Conexi\u00f3n Nacional","description":"Noticias al momento","publisher":{"@id":"https:\/\/conexionnacional.mx\/#organization"},"alternateName":"Noticias nacionales","potentialAction":[{"@type":"SearchAction","target":{"@type":"EntryPoint","urlTemplate":"https:\/\/conexionnacional.mx\/?s={search_term_string}"},"query-input":{"@type":"PropertyValueSpecification","valueRequired":true,"valueName":"search_term_string"}}],"inLanguage":"es"},{"@type":"Organization","@id":"https:\/\/conexionnacional.mx\/#organization","name":"Conexi\u00f3n Nacional","url":"https:\/\/conexionnacional.mx\/","logo":{"@type":"ImageObject","inLanguage":"es","@id":"https:\/\/conexionnacional.mx\/#\/schema\/logo\/image\/","url":"https:\/\/conexionnacional.mx\/wp-content\/uploads\/2022\/09\/conexion_nacional.png","contentUrl":"https:\/\/conexionnacional.mx\/wp-content\/uploads\/2022\/09\/conexion_nacional.png","width":2964,"height":1173,"caption":"Conexi\u00f3n Nacional"},"image":{"@id":"https:\/\/conexionnacional.mx\/#\/schema\/logo\/image\/"},"sameAs":["https:\/\/www.facebook.com\/cnmxradio"]},{"@type":"Person","@id":"https:\/\/conexionnacional.mx\/#\/schema\/person\/dd14aeda902120f5e0e021903fdb6931","name":"Conexi\u00f3n Nacional","image":{"@type":"ImageObject","inLanguage":"es","@id":"https:\/\/secure.gravatar.com\/avatar\/e523100f284110b2ecca7e17b2be9cf140a5e8f35294c9ec0543e6916cc1f9be?s=96&d=blank&r=g","url":"https:\/\/secure.gravatar.com\/avatar\/e523100f284110b2ecca7e17b2be9cf140a5e8f35294c9ec0543e6916cc1f9be?s=96&d=blank&r=g","contentUrl":"https:\/\/secure.gravatar.com\/avatar\/e523100f284110b2ecca7e17b2be9cf140a5e8f35294c9ec0543e6916cc1f9be?s=96&d=blank&r=g","caption":"Conexi\u00f3n Nacional"},"sameAs":["https:\/\/conexionnacional.mx"],"url":"https:\/\/conexionnacional.mx\/index.php\/author\/administrador\/"}]}},"_links":{"self":[{"href":"https:\/\/conexionnacional.mx\/index.php\/wp-json\/wp\/v2\/posts\/16941","targetHints":{"allow":["GET"]}}],"collection":[{"href":"https:\/\/conexionnacional.mx\/index.php\/wp-json\/wp\/v2\/posts"}],"about":[{"href":"https:\/\/conexionnacional.mx\/index.php\/wp-json\/wp\/v2\/types\/post"}],"author":[{"embeddable":true,"href":"https:\/\/conexionnacional.mx\/index.php\/wp-json\/wp\/v2\/users\/1"}],"replies":[{"embeddable":true,"href":"https:\/\/conexionnacional.mx\/index.php\/wp-json\/wp\/v2\/comments?post=16941"}],"version-history":[{"count":1,"href":"https:\/\/conexionnacional.mx\/index.php\/wp-json\/wp\/v2\/posts\/16941\/revisions"}],"predecessor-version":[{"id":16943,"href":"https:\/\/conexionnacional.mx\/index.php\/wp-json\/wp\/v2\/posts\/16941\/revisions\/16943"}],"wp:featuredmedia":[{"embeddable":true,"href":"https:\/\/conexionnacional.mx\/index.php\/wp-json\/wp\/v2\/media\/16942"}],"wp:attachment":[{"href":"https:\/\/conexionnacional.mx\/index.php\/wp-json\/wp\/v2\/media?parent=16941"}],"wp:term":[{"taxonomy":"category","embeddable":true,"href":"https:\/\/conexionnacional.mx\/index.php\/wp-json\/wp\/v2\/categories?post=16941"},{"taxonomy":"post_tag","embeddable":true,"href":"https:\/\/conexionnacional.mx\/index.php\/wp-json\/wp\/v2\/tags?post=16941"}],"curies":[{"name":"wp","href":"https:\/\/api.w.org\/{rel}","templated":true}]}}