{"id":16938,"date":"2023-11-27T11:40:32","date_gmt":"2023-11-27T17:40:32","guid":{"rendered":"https:\/\/conexionnacional.mx\/?p=16938"},"modified":"2023-11-27T11:40:33","modified_gmt":"2023-11-27T17:40:33","slug":"ozuna-es-un-criminal-se-presenta-ante-mas-96-mil-en-el-flow-fest-2023","status":"publish","type":"post","link":"https:\/\/conexionnacional.mx\/index.php\/2023\/11\/27\/ozuna-es-un-criminal-se-presenta-ante-mas-96-mil-en-el-flow-fest-2023\/","title":{"rendered":"Ozuna es \u2018un criminal\u2019; se presenta ante m\u00e1s 96 mil en el Flow Fest 2023"},"content":{"rendered":"\n<p>Ozuna sali\u00f3 el primer minuto de hoy para cerrar el escenario Sprite en el&nbsp;<strong>festival Coca Cola Flow Fest 2023<\/strong>, que reuni\u00f3 a m\u00e1s de 96 mil asistentes anoche en el Aut\u00f3dromo Hermanos Rodr\u00edguez.<\/p>\n\n\n\n<p>Y algo tiene, adem\u00e1s de la voz, como para que varias mujeres hicieran que este sitio le quedara chico para presentarse.&nbsp;<em>Baila, baila, baila<\/em>&nbsp;fue la primera rola y el escenario secundario estaba a reventar. El fr\u00edo no se sinti\u00f3, porque muchos entraron en calor con ese perreo coqueto y lento.<\/p>\n\n\n\n<blockquote class=\"wp-block-quote is-layout-flow wp-block-quote-is-layout-flow\">\n<p>\u00a1Yo tambi\u00e9n te amo, mi amor!\u201d, dijo a una de tantas chicas que no pararon de gritarle durante su interpretaci\u00f3n de&nbsp;<em>Del mar<\/em>. Y si algo hay que reconocer a los fans del perreo es el tremendo aguante para moverse hasta el piso, pegados, cantar y saltar como si se tratara del inicio del evento.<\/p>\n<\/blockquote>\n\n\n\n<p>Desde el inicio del&nbsp;<em>set<\/em>, Ozuna la estaba rompiendo. Como dice su rola, estaba siendo un acto criminal al por mayor, aun cuando decidi\u00f3 iniciar con lo m\u00e1s cursi y meloso, para abrazar a la novia y cantarle al o\u00eddo&nbsp;<em>Caramelo<\/em>, que hace junto a Myke Towers. La rolita de todos los bandoleros y bandoleras.<\/p>\n\n\n\n<blockquote class=\"wp-block-quote is-layout-flow wp-block-quote-is-layout-flow\">\n<p>Muchas mujeres hermosas. \u00a1Quiero que se sientan!\u201d, grit\u00f3. Es un hecho que ellas son sus musas y les dedic\u00f3&nbsp;<em>Vaina loca,<\/em>&nbsp;aunque sin Manuel Turizo. \u00bfQu\u00e9 le costaba invitarlo? Pero no pas\u00f3, lo que s\u00ed sucedi\u00f3 fue que la palabra de Ozuna y el romance se esparcieron en una noche que ven\u00eda de muchos poetas morbosos. Ya era hora de algo m\u00e1s fresa y lindo.<\/p>\n<\/blockquote>\n\n\n\n<p>Hasta el cierre de esta edici\u00f3n, Ozuna interpret\u00f3&nbsp;<em>Yo x ti, t\u00fa x m\u00ed<\/em>, que grab\u00f3 junto a la&nbsp;<em>Motomami<\/em>, Rosal\u00eda, mientras muchos fans comenzaron a emigrar al escenario Coca Cola para atestiguar el gran cierre con Maluma o, los m\u00e1s chicos, a seguir en el modo callejero con los Ghetto Kids.<\/p>\n","protected":false},"excerpt":{"rendered":"<p>Ozuna sali\u00f3 el primer minuto de hoy para cerrar el escenario Sprite en el&nbsp;festival Coca Cola Flow Fest 2023, que reuni\u00f3 a m\u00e1s de 96 mil asistentes anoche en el Aut\u00f3dromo Hermanos Rodr\u00edguez. Y algo tiene, adem\u00e1s de la voz, como para que varias mujeres hicieran que este sitio le quedara chico para presentarse.&nbsp;Baila, baila, [&hellip;]<\/p>\n","protected":false},"author":1,"featured_media":16939,"comment_status":"closed","ping_status":"closed","sticky":false,"template":"","format":"aside","meta":{"googlesitekit_rrm_CAowytPeCw:productID":"","footnotes":""},"categories":[5063],"tags":[6479],"class_list":["post-16938","post","type-post","status-publish","format-aside","has-post-thumbnail","hentry","category-redes-sociales","tag-flow-fest","post_format-post-format-aside"],"yoast_head":"<!-- This site is optimized with the Yoast SEO plugin v27.5 - https:\/\/yoast.com\/product\/yoast-seo-wordpress\/ -->\n<title>Ozuna es \u2018un criminal\u2019; se presenta ante m\u00e1s 96 mil en el Flow Fest 2023 |<\/title>\n<meta name=\"robots\" content=\"index, follow, max-snippet:-1, max-image-preview:large, max-video-preview:-1\" \/>\n<link rel=\"canonical\" href=\"https:\/\/conexionnacional.mx\/index.php\/2023\/11\/27\/ozuna-es-un-criminal-se-presenta-ante-mas-96-mil-en-el-flow-fest-2023\/\" \/>\n<meta property=\"og:locale\" content=\"es_MX\" \/>\n<meta property=\"og:type\" content=\"article\" \/>\n<meta property=\"og:title\" content=\"Ozuna es \u2018un criminal\u2019; se presenta ante m\u00e1s 96 mil en el Flow Fest 2023 |\" \/>\n<meta property=\"og:description\" content=\"Ozuna sali\u00f3 el primer minuto de hoy para cerrar el escenario Sprite en el&nbsp;festival Coca Cola Flow Fest 2023, que reuni\u00f3 a m\u00e1s de 96 mil asistentes anoche en el Aut\u00f3dromo Hermanos Rodr\u00edguez. Y algo tiene, adem\u00e1s de la voz, como para que varias mujeres hicieran que este sitio le quedara chico para presentarse.&nbsp;Baila, baila, [&hellip;]\" \/>\n<meta property=\"og:url\" content=\"https:\/\/conexionnacional.mx\/index.php\/2023\/11\/27\/ozuna-es-un-criminal-se-presenta-ante-mas-96-mil-en-el-flow-fest-2023\/\" \/>\n<meta property=\"og:site_name\" content=\"Conexi\u00f3n Nacional\" \/>\n<meta property=\"article:publisher\" content=\"https:\/\/www.facebook.com\/cnmxradio\" \/>\n<meta property=\"article:published_time\" content=\"2023-11-27T17:40:32+00:00\" \/>\n<meta property=\"article:modified_time\" content=\"2023-11-27T17:40:33+00:00\" \/>\n<meta property=\"og:image\" content=\"https:\/\/conexionnacional.mx\/wp-content\/uploads\/2023\/11\/3039785.jpg\" \/>\n\t<meta property=\"og:image:width\" content=\"800\" \/>\n\t<meta property=\"og:image:height\" content=\"600\" \/>\n\t<meta property=\"og:image:type\" content=\"image\/jpeg\" \/>\n<meta name=\"author\" content=\"Conexi\u00f3n Nacional\" \/>\n<meta name=\"twitter:card\" content=\"summary_large_image\" \/>\n<meta name=\"twitter:label1\" content=\"Escrito por\" \/>\n\t<meta name=\"twitter:data1\" content=\"Conexi\u00f3n Nacional\" \/>\n\t<meta name=\"twitter:label2\" content=\"Tiempo de lectura\" \/>\n\t<meta name=\"twitter:data2\" content=\"1 minuto\" \/>\n<script type=\"application\/ld+json\" class=\"yoast-schema-graph\">{\"@context\":\"https:\\\/\\\/schema.org\",\"@graph\":[{\"@type\":\"Article\",\"@id\":\"https:\\\/\\\/conexionnacional.mx\\\/index.php\\\/2023\\\/11\\\/27\\\/ozuna-es-un-criminal-se-presenta-ante-mas-96-mil-en-el-flow-fest-2023\\\/#article\",\"isPartOf\":{\"@id\":\"https:\\\/\\\/conexionnacional.mx\\\/index.php\\\/2023\\\/11\\\/27\\\/ozuna-es-un-criminal-se-presenta-ante-mas-96-mil-en-el-flow-fest-2023\\\/\"},\"author\":{\"name\":\"Conexi\u00f3n Nacional\",\"@id\":\"https:\\\/\\\/conexionnacional.mx\\\/#\\\/schema\\\/person\\\/dd14aeda902120f5e0e021903fdb6931\"},\"headline\":\"Ozuna es \u2018un criminal\u2019; se presenta ante m\u00e1s 96 mil en el Flow Fest 2023\",\"datePublished\":\"2023-11-27T17:40:32+00:00\",\"dateModified\":\"2023-11-27T17:40:33+00:00\",\"mainEntityOfPage\":{\"@id\":\"https:\\\/\\\/conexionnacional.mx\\\/index.php\\\/2023\\\/11\\\/27\\\/ozuna-es-un-criminal-se-presenta-ante-mas-96-mil-en-el-flow-fest-2023\\\/\"},\"wordCount\":348,\"publisher\":{\"@id\":\"https:\\\/\\\/conexionnacional.mx\\\/#organization\"},\"image\":{\"@id\":\"https:\\\/\\\/conexionnacional.mx\\\/index.php\\\/2023\\\/11\\\/27\\\/ozuna-es-un-criminal-se-presenta-ante-mas-96-mil-en-el-flow-fest-2023\\\/#primaryimage\"},\"thumbnailUrl\":\"https:\\\/\\\/conexionnacional.mx\\\/wp-content\\\/uploads\\\/2023\\\/11\\\/3039785.jpg\",\"keywords\":[\"Flow Fest\"],\"articleSection\":[\"Redes Sociales\"],\"inLanguage\":\"es\"},{\"@type\":\"WebPage\",\"@id\":\"https:\\\/\\\/conexionnacional.mx\\\/index.php\\\/2023\\\/11\\\/27\\\/ozuna-es-un-criminal-se-presenta-ante-mas-96-mil-en-el-flow-fest-2023\\\/\",\"url\":\"https:\\\/\\\/conexionnacional.mx\\\/index.php\\\/2023\\\/11\\\/27\\\/ozuna-es-un-criminal-se-presenta-ante-mas-96-mil-en-el-flow-fest-2023\\\/\",\"name\":\"Ozuna es \u2018un criminal\u2019; se presenta ante m\u00e1s 96 mil en el Flow Fest 2023 |\",\"isPartOf\":{\"@id\":\"https:\\\/\\\/conexionnacional.mx\\\/#website\"},\"primaryImageOfPage\":{\"@id\":\"https:\\\/\\\/conexionnacional.mx\\\/index.php\\\/2023\\\/11\\\/27\\\/ozuna-es-un-criminal-se-presenta-ante-mas-96-mil-en-el-flow-fest-2023\\\/#primaryimage\"},\"image\":{\"@id\":\"https:\\\/\\\/conexionnacional.mx\\\/index.php\\\/2023\\\/11\\\/27\\\/ozuna-es-un-criminal-se-presenta-ante-mas-96-mil-en-el-flow-fest-2023\\\/#primaryimage\"},\"thumbnailUrl\":\"https:\\\/\\\/conexionnacional.mx\\\/wp-content\\\/uploads\\\/2023\\\/11\\\/3039785.jpg\",\"datePublished\":\"2023-11-27T17:40:32+00:00\",\"dateModified\":\"2023-11-27T17:40:33+00:00\",\"breadcrumb\":{\"@id\":\"https:\\\/\\\/conexionnacional.mx\\\/index.php\\\/2023\\\/11\\\/27\\\/ozuna-es-un-criminal-se-presenta-ante-mas-96-mil-en-el-flow-fest-2023\\\/#breadcrumb\"},\"inLanguage\":\"es\",\"potentialAction\":[{\"@type\":\"ReadAction\",\"target\":[\"https:\\\/\\\/conexionnacional.mx\\\/index.php\\\/2023\\\/11\\\/27\\\/ozuna-es-un-criminal-se-presenta-ante-mas-96-mil-en-el-flow-fest-2023\\\/\"]}]},{\"@type\":\"ImageObject\",\"inLanguage\":\"es\",\"@id\":\"https:\\\/\\\/conexionnacional.mx\\\/index.php\\\/2023\\\/11\\\/27\\\/ozuna-es-un-criminal-se-presenta-ante-mas-96-mil-en-el-flow-fest-2023\\\/#primaryimage\",\"url\":\"https:\\\/\\\/conexionnacional.mx\\\/wp-content\\\/uploads\\\/2023\\\/11\\\/3039785.jpg\",\"contentUrl\":\"https:\\\/\\\/conexionnacional.mx\\\/wp-content\\\/uploads\\\/2023\\\/11\\\/3039785.jpg\",\"width\":800,\"height\":600},{\"@type\":\"BreadcrumbList\",\"@id\":\"https:\\\/\\\/conexionnacional.mx\\\/index.php\\\/2023\\\/11\\\/27\\\/ozuna-es-un-criminal-se-presenta-ante-mas-96-mil-en-el-flow-fest-2023\\\/#breadcrumb\",\"itemListElement\":[{\"@type\":\"ListItem\",\"position\":1,\"name\":\"Inicio\",\"item\":\"https:\\\/\\\/conexionnacional.mx\\\/\"},{\"@type\":\"ListItem\",\"position\":2,\"name\":\"Ozuna es \u2018un criminal\u2019; se presenta ante m\u00e1s 96 mil en el Flow Fest 2023\"}]},{\"@type\":\"WebSite\",\"@id\":\"https:\\\/\\\/conexionnacional.mx\\\/#website\",\"url\":\"https:\\\/\\\/conexionnacional.mx\\\/\",\"name\":\"Conexi\u00f3n Nacional\",\"description\":\"Noticias al momento\",\"publisher\":{\"@id\":\"https:\\\/\\\/conexionnacional.mx\\\/#organization\"},\"alternateName\":\"Noticias nacionales\",\"potentialAction\":[{\"@type\":\"SearchAction\",\"target\":{\"@type\":\"EntryPoint\",\"urlTemplate\":\"https:\\\/\\\/conexionnacional.mx\\\/?s={search_term_string}\"},\"query-input\":{\"@type\":\"PropertyValueSpecification\",\"valueRequired\":true,\"valueName\":\"search_term_string\"}}],\"inLanguage\":\"es\"},{\"@type\":\"Organization\",\"@id\":\"https:\\\/\\\/conexionnacional.mx\\\/#organization\",\"name\":\"Conexi\u00f3n Nacional\",\"url\":\"https:\\\/\\\/conexionnacional.mx\\\/\",\"logo\":{\"@type\":\"ImageObject\",\"inLanguage\":\"es\",\"@id\":\"https:\\\/\\\/conexionnacional.mx\\\/#\\\/schema\\\/logo\\\/image\\\/\",\"url\":\"https:\\\/\\\/conexionnacional.mx\\\/wp-content\\\/uploads\\\/2022\\\/09\\\/conexion_nacional.png\",\"contentUrl\":\"https:\\\/\\\/conexionnacional.mx\\\/wp-content\\\/uploads\\\/2022\\\/09\\\/conexion_nacional.png\",\"width\":2964,\"height\":1173,\"caption\":\"Conexi\u00f3n Nacional\"},\"image\":{\"@id\":\"https:\\\/\\\/conexionnacional.mx\\\/#\\\/schema\\\/logo\\\/image\\\/\"},\"sameAs\":[\"https:\\\/\\\/www.facebook.com\\\/cnmxradio\"]},{\"@type\":\"Person\",\"@id\":\"https:\\\/\\\/conexionnacional.mx\\\/#\\\/schema\\\/person\\\/dd14aeda902120f5e0e021903fdb6931\",\"name\":\"Conexi\u00f3n Nacional\",\"image\":{\"@type\":\"ImageObject\",\"inLanguage\":\"es\",\"@id\":\"https:\\\/\\\/secure.gravatar.com\\\/avatar\\\/e523100f284110b2ecca7e17b2be9cf140a5e8f35294c9ec0543e6916cc1f9be?s=96&d=blank&r=g\",\"url\":\"https:\\\/\\\/secure.gravatar.com\\\/avatar\\\/e523100f284110b2ecca7e17b2be9cf140a5e8f35294c9ec0543e6916cc1f9be?s=96&d=blank&r=g\",\"contentUrl\":\"https:\\\/\\\/secure.gravatar.com\\\/avatar\\\/e523100f284110b2ecca7e17b2be9cf140a5e8f35294c9ec0543e6916cc1f9be?s=96&d=blank&r=g\",\"caption\":\"Conexi\u00f3n Nacional\"},\"sameAs\":[\"https:\\\/\\\/conexionnacional.mx\"],\"url\":\"https:\\\/\\\/conexionnacional.mx\\\/index.php\\\/author\\\/administrador\\\/\"}]}<\/script>\n<!-- \/ Yoast SEO plugin. -->","yoast_head_json":{"title":"Ozuna es \u2018un criminal\u2019; se presenta ante m\u00e1s 96 mil en el Flow Fest 2023 |","robots":{"index":"index","follow":"follow","max-snippet":"max-snippet:-1","max-image-preview":"max-image-preview:large","max-video-preview":"max-video-preview:-1"},"canonical":"https:\/\/conexionnacional.mx\/index.php\/2023\/11\/27\/ozuna-es-un-criminal-se-presenta-ante-mas-96-mil-en-el-flow-fest-2023\/","og_locale":"es_MX","og_type":"article","og_title":"Ozuna es \u2018un criminal\u2019; se presenta ante m\u00e1s 96 mil en el Flow Fest 2023 |","og_description":"Ozuna sali\u00f3 el primer minuto de hoy para cerrar el escenario Sprite en el&nbsp;festival Coca Cola Flow Fest 2023, que reuni\u00f3 a m\u00e1s de 96 mil asistentes anoche en el Aut\u00f3dromo Hermanos Rodr\u00edguez. Y algo tiene, adem\u00e1s de la voz, como para que varias mujeres hicieran que este sitio le quedara chico para presentarse.&nbsp;Baila, baila, [&hellip;]","og_url":"https:\/\/conexionnacional.mx\/index.php\/2023\/11\/27\/ozuna-es-un-criminal-se-presenta-ante-mas-96-mil-en-el-flow-fest-2023\/","og_site_name":"Conexi\u00f3n Nacional","article_publisher":"https:\/\/www.facebook.com\/cnmxradio","article_published_time":"2023-11-27T17:40:32+00:00","article_modified_time":"2023-11-27T17:40:33+00:00","og_image":[{"width":800,"height":600,"url":"https:\/\/conexionnacional.mx\/wp-content\/uploads\/2023\/11\/3039785.jpg","type":"image\/jpeg"}],"author":"Conexi\u00f3n Nacional","twitter_card":"summary_large_image","twitter_misc":{"Escrito por":"Conexi\u00f3n Nacional","Tiempo de lectura":"1 minuto"},"schema":{"@context":"https:\/\/schema.org","@graph":[{"@type":"Article","@id":"https:\/\/conexionnacional.mx\/index.php\/2023\/11\/27\/ozuna-es-un-criminal-se-presenta-ante-mas-96-mil-en-el-flow-fest-2023\/#article","isPartOf":{"@id":"https:\/\/conexionnacional.mx\/index.php\/2023\/11\/27\/ozuna-es-un-criminal-se-presenta-ante-mas-96-mil-en-el-flow-fest-2023\/"},"author":{"name":"Conexi\u00f3n Nacional","@id":"https:\/\/conexionnacional.mx\/#\/schema\/person\/dd14aeda902120f5e0e021903fdb6931"},"headline":"Ozuna es \u2018un criminal\u2019; se presenta ante m\u00e1s 96 mil en el Flow Fest 2023","datePublished":"2023-11-27T17:40:32+00:00","dateModified":"2023-11-27T17:40:33+00:00","mainEntityOfPage":{"@id":"https:\/\/conexionnacional.mx\/index.php\/2023\/11\/27\/ozuna-es-un-criminal-se-presenta-ante-mas-96-mil-en-el-flow-fest-2023\/"},"wordCount":348,"publisher":{"@id":"https:\/\/conexionnacional.mx\/#organization"},"image":{"@id":"https:\/\/conexionnacional.mx\/index.php\/2023\/11\/27\/ozuna-es-un-criminal-se-presenta-ante-mas-96-mil-en-el-flow-fest-2023\/#primaryimage"},"thumbnailUrl":"https:\/\/conexionnacional.mx\/wp-content\/uploads\/2023\/11\/3039785.jpg","keywords":["Flow Fest"],"articleSection":["Redes Sociales"],"inLanguage":"es"},{"@type":"WebPage","@id":"https:\/\/conexionnacional.mx\/index.php\/2023\/11\/27\/ozuna-es-un-criminal-se-presenta-ante-mas-96-mil-en-el-flow-fest-2023\/","url":"https:\/\/conexionnacional.mx\/index.php\/2023\/11\/27\/ozuna-es-un-criminal-se-presenta-ante-mas-96-mil-en-el-flow-fest-2023\/","name":"Ozuna es \u2018un criminal\u2019; se presenta ante m\u00e1s 96 mil en el Flow Fest 2023 |","isPartOf":{"@id":"https:\/\/conexionnacional.mx\/#website"},"primaryImageOfPage":{"@id":"https:\/\/conexionnacional.mx\/index.php\/2023\/11\/27\/ozuna-es-un-criminal-se-presenta-ante-mas-96-mil-en-el-flow-fest-2023\/#primaryimage"},"image":{"@id":"https:\/\/conexionnacional.mx\/index.php\/2023\/11\/27\/ozuna-es-un-criminal-se-presenta-ante-mas-96-mil-en-el-flow-fest-2023\/#primaryimage"},"thumbnailUrl":"https:\/\/conexionnacional.mx\/wp-content\/uploads\/2023\/11\/3039785.jpg","datePublished":"2023-11-27T17:40:32+00:00","dateModified":"2023-11-27T17:40:33+00:00","breadcrumb":{"@id":"https:\/\/conexionnacional.mx\/index.php\/2023\/11\/27\/ozuna-es-un-criminal-se-presenta-ante-mas-96-mil-en-el-flow-fest-2023\/#breadcrumb"},"inLanguage":"es","potentialAction":[{"@type":"ReadAction","target":["https:\/\/conexionnacional.mx\/index.php\/2023\/11\/27\/ozuna-es-un-criminal-se-presenta-ante-mas-96-mil-en-el-flow-fest-2023\/"]}]},{"@type":"ImageObject","inLanguage":"es","@id":"https:\/\/conexionnacional.mx\/index.php\/2023\/11\/27\/ozuna-es-un-criminal-se-presenta-ante-mas-96-mil-en-el-flow-fest-2023\/#primaryimage","url":"https:\/\/conexionnacional.mx\/wp-content\/uploads\/2023\/11\/3039785.jpg","contentUrl":"https:\/\/conexionnacional.mx\/wp-content\/uploads\/2023\/11\/3039785.jpg","width":800,"height":600},{"@type":"BreadcrumbList","@id":"https:\/\/conexionnacional.mx\/index.php\/2023\/11\/27\/ozuna-es-un-criminal-se-presenta-ante-mas-96-mil-en-el-flow-fest-2023\/#breadcrumb","itemListElement":[{"@type":"ListItem","position":1,"name":"Inicio","item":"https:\/\/conexionnacional.mx\/"},{"@type":"ListItem","position":2,"name":"Ozuna es \u2018un criminal\u2019; se presenta ante m\u00e1s 96 mil en el Flow Fest 2023"}]},{"@type":"WebSite","@id":"https:\/\/conexionnacional.mx\/#website","url":"https:\/\/conexionnacional.mx\/","name":"Conexi\u00f3n Nacional","description":"Noticias al momento","publisher":{"@id":"https:\/\/conexionnacional.mx\/#organization"},"alternateName":"Noticias nacionales","potentialAction":[{"@type":"SearchAction","target":{"@type":"EntryPoint","urlTemplate":"https:\/\/conexionnacional.mx\/?s={search_term_string}"},"query-input":{"@type":"PropertyValueSpecification","valueRequired":true,"valueName":"search_term_string"}}],"inLanguage":"es"},{"@type":"Organization","@id":"https:\/\/conexionnacional.mx\/#organization","name":"Conexi\u00f3n Nacional","url":"https:\/\/conexionnacional.mx\/","logo":{"@type":"ImageObject","inLanguage":"es","@id":"https:\/\/conexionnacional.mx\/#\/schema\/logo\/image\/","url":"https:\/\/conexionnacional.mx\/wp-content\/uploads\/2022\/09\/conexion_nacional.png","contentUrl":"https:\/\/conexionnacional.mx\/wp-content\/uploads\/2022\/09\/conexion_nacional.png","width":2964,"height":1173,"caption":"Conexi\u00f3n Nacional"},"image":{"@id":"https:\/\/conexionnacional.mx\/#\/schema\/logo\/image\/"},"sameAs":["https:\/\/www.facebook.com\/cnmxradio"]},{"@type":"Person","@id":"https:\/\/conexionnacional.mx\/#\/schema\/person\/dd14aeda902120f5e0e021903fdb6931","name":"Conexi\u00f3n Nacional","image":{"@type":"ImageObject","inLanguage":"es","@id":"https:\/\/secure.gravatar.com\/avatar\/e523100f284110b2ecca7e17b2be9cf140a5e8f35294c9ec0543e6916cc1f9be?s=96&d=blank&r=g","url":"https:\/\/secure.gravatar.com\/avatar\/e523100f284110b2ecca7e17b2be9cf140a5e8f35294c9ec0543e6916cc1f9be?s=96&d=blank&r=g","contentUrl":"https:\/\/secure.gravatar.com\/avatar\/e523100f284110b2ecca7e17b2be9cf140a5e8f35294c9ec0543e6916cc1f9be?s=96&d=blank&r=g","caption":"Conexi\u00f3n Nacional"},"sameAs":["https:\/\/conexionnacional.mx"],"url":"https:\/\/conexionnacional.mx\/index.php\/author\/administrador\/"}]}},"_links":{"self":[{"href":"https:\/\/conexionnacional.mx\/index.php\/wp-json\/wp\/v2\/posts\/16938","targetHints":{"allow":["GET"]}}],"collection":[{"href":"https:\/\/conexionnacional.mx\/index.php\/wp-json\/wp\/v2\/posts"}],"about":[{"href":"https:\/\/conexionnacional.mx\/index.php\/wp-json\/wp\/v2\/types\/post"}],"author":[{"embeddable":true,"href":"https:\/\/conexionnacional.mx\/index.php\/wp-json\/wp\/v2\/users\/1"}],"replies":[{"embeddable":true,"href":"https:\/\/conexionnacional.mx\/index.php\/wp-json\/wp\/v2\/comments?post=16938"}],"version-history":[{"count":1,"href":"https:\/\/conexionnacional.mx\/index.php\/wp-json\/wp\/v2\/posts\/16938\/revisions"}],"predecessor-version":[{"id":16940,"href":"https:\/\/conexionnacional.mx\/index.php\/wp-json\/wp\/v2\/posts\/16938\/revisions\/16940"}],"wp:featuredmedia":[{"embeddable":true,"href":"https:\/\/conexionnacional.mx\/index.php\/wp-json\/wp\/v2\/media\/16939"}],"wp:attachment":[{"href":"https:\/\/conexionnacional.mx\/index.php\/wp-json\/wp\/v2\/media?parent=16938"}],"wp:term":[{"taxonomy":"category","embeddable":true,"href":"https:\/\/conexionnacional.mx\/index.php\/wp-json\/wp\/v2\/categories?post=16938"},{"taxonomy":"post_tag","embeddable":true,"href":"https:\/\/conexionnacional.mx\/index.php\/wp-json\/wp\/v2\/tags?post=16938"}],"curies":[{"name":"wp","href":"https:\/\/api.w.org\/{rel}","templated":true}]}}