{"id":16935,"date":"2023-11-27T11:22:13","date_gmt":"2023-11-27T17:22:13","guid":{"rendered":"https:\/\/conexionnacional.mx\/?p=16935"},"modified":"2023-11-27T11:22:14","modified_gmt":"2023-11-27T17:22:14","slug":"expolicia-condenado-por-la-muerte-de-george-floyd-es-apunalado-en-prision-segun-reportes","status":"publish","type":"post","link":"https:\/\/conexionnacional.mx\/index.php\/2023\/11\/27\/expolicia-condenado-por-la-muerte-de-george-floyd-es-apunalado-en-prision-segun-reportes\/","title":{"rendered":"Expolic\u00eda condenado por la muerte de George Floyd es apu\u00f1alado en prisi\u00f3n, seg\u00fan reportes"},"content":{"rendered":"\n<p><strong>Derek Chauvin<\/strong>, el expolic\u00eda de Minneapolis condenado por el asesinato de&nbsp;<strong>George Floyd,<\/strong>&nbsp;fue&nbsp;<strong>apu\u00f1alado<\/strong>&nbsp;el viernes por otro recluso en una&nbsp;<strong>prisi\u00f3n<\/strong>&nbsp;<strong>federal<\/strong>&nbsp;de Arizona y result\u00f3 gravemente herido, inform\u00f3 a&nbsp;<em>The Associated Press&nbsp;<\/em>una persona familiarizada con el asunto.<\/p>\n\n\n\n<p>El&nbsp;<strong>ataque<\/strong>&nbsp;se produjo en la Instituci\u00f3n Correccional Federal de Tucson, una prisi\u00f3n de seguridad media. La persona no estaba autorizada a discutir p\u00fablicamente los detalles del ataque y habl\u00f3 con la&nbsp;<em>AP<\/em>&nbsp;bajo condici\u00f3n de anonimato.<\/p>\n\n\n\n<p>La Oficina de Prisiones confirm\u00f3 que una persona encarcelada fue agredida en la ICF de Tucson alrededor de las 12:30 p.m. hora local del viernes. En un comunicado, la agencia dijo que los empleados que respondieron contuvieron el incidente y tomaron \u201cmedidas para&nbsp;<strong>salvarle<\/strong>&nbsp;la&nbsp;<strong>vida<\/strong>\u201d antes de que el recluso, al que no identific\u00f3, fuera trasladado a un hospital para recibir m\u00e1s&nbsp;<strong>tratamiento<\/strong>&nbsp;y evaluaci\u00f3n.<\/p>\n\n\n\n<p>Ning\u00fan empleado result\u00f3&nbsp;<strong>herido<\/strong>&nbsp;y el FBI fue notificado, dijo la Oficina de Prisiones. Se han&nbsp;<strong>suspendido<\/strong>&nbsp;las&nbsp;<strong>visitas<\/strong>&nbsp;en el centro, que tiene unos 380&nbsp;<strong>reclusos<\/strong>.<\/p>\n\n\n\n<p>Se dejaron mensajes a los abogados de Chauvin y al FBI en busca de comentarios.<\/p>\n\n\n\n<p>El apu\u00f1alamiento de&nbsp;<strong>Chauvin<\/strong>&nbsp;es el&nbsp;<strong>segundo<\/strong>&nbsp;ataque contra un preso federal conocido en los \u00faltimos cinco meses. En julio, el m\u00e9dico deportivo&nbsp;<strong>Larry Nassar<\/strong>&nbsp;fue&nbsp;<strong>apu\u00f1alado<\/strong>&nbsp;por un compa\u00f1ero en una penitenciar\u00eda federal de&nbsp;<strong>Florida<\/strong>.<\/p>\n\n\n\n<p>Chauvin, de 47 a\u00f1os, fue enviado al centro penitenciario de Tucson desde una prisi\u00f3n estatal de m\u00e1xima seguridad de Minnesota en agosto de 2022 para cumplir simult\u00e1neamente una condena federal de 21 a\u00f1os por violar los derechos civiles de&nbsp;<strong>Floyd<\/strong>&nbsp;y una condena estatal de 22 a\u00f1os y medio por&nbsp;<strong>homicidio<\/strong>&nbsp;en segundo grado.<\/p>\n\n\n\n<p>El abogado de Chauvin, Eric Nelson, hab\u00eda abogado por mantenerlo fuera de la poblaci\u00f3n general y alejado de otros reclusos, por temor a que fuera atacado. En Minnesota, Chauvin fue mantenido principalmente en confinamiento solitario \u201cen gran medida por su propia&nbsp;<strong>protecci\u00f3n<\/strong>\u201d, escribi\u00f3 Nelson en documentos judiciales el a\u00f1o pasado.<\/p>\n\n\n\n<p>La semana pasada, la Corte Suprema de Estados Unidos rechaz\u00f3 la&nbsp;<strong>apelaci\u00f3n<\/strong>&nbsp;de&nbsp;<strong>Chauvin<\/strong>&nbsp;contra su condena por&nbsp;<strong>asesinato<\/strong>. Por otra parte, Chauvin est\u00e1 intentando&nbsp;<strong>anular<\/strong>&nbsp;su propia declaraci\u00f3n de&nbsp;<strong>culpabilidad<\/strong>, alegando que nuevas pruebas demuestran que \u00e9l no caus\u00f3 la&nbsp;<strong>muerte<\/strong>&nbsp;de&nbsp;<strong>Floyd<\/strong>.<\/p>\n\n\n\n<p><strong>Floyd<\/strong>, quien era&nbsp;<strong>afroamericano<\/strong>, muri\u00f3 el 25 de mayo de 2020, despu\u00e9s de que Chauvin, presionara con una rodilla su&nbsp;<strong>cuello<\/strong>&nbsp;durante 9 minutos y medio afuera de una tienda de conveniencia donde presuntamente&nbsp;<strong>Floyd<\/strong>&nbsp;intent\u00f3 pagar con un billete falso de 20 d\u00f3lares.<\/p>\n\n\n\n<p>Un video grabado por transe\u00fantes capt\u00f3 los gritos apagados de&nbsp;<strong>Floyd<\/strong>&nbsp;de que no pod\u00eda&nbsp;<strong>respirar<\/strong>. Su&nbsp;<strong>muerte<\/strong>&nbsp;desencaden\u00f3&nbsp;<strong>protestas<\/strong>&nbsp;en todo el mundo, algunas de las cuales se tornaron violentas, y forz\u00f3 un debate nacional sobre la brutalidad policial y el&nbsp;<strong>racismo<\/strong><a href=\"https:\/\/twitter.com\/JackPosobiec\/status\/1728253585526571420\">.<\/a><\/p>\n","protected":false},"excerpt":{"rendered":"<p>Derek Chauvin, el expolic\u00eda de Minneapolis condenado por el asesinato de&nbsp;George Floyd,&nbsp;fue&nbsp;apu\u00f1alado&nbsp;el viernes por otro recluso en una&nbsp;prisi\u00f3n&nbsp;federal&nbsp;de Arizona y result\u00f3 gravemente herido, inform\u00f3 a&nbsp;The Associated Press&nbsp;una persona familiarizada con el asunto. El&nbsp;ataque&nbsp;se produjo en la Instituci\u00f3n Correccional Federal de Tucson, una prisi\u00f3n de seguridad media. La persona no estaba autorizada a discutir p\u00fablicamente los [&hellip;]<\/p>\n","protected":false},"author":1,"featured_media":16936,"comment_status":"closed","ping_status":"closed","sticky":false,"template":"","format":"aside","meta":{"googlesitekit_rrm_CAowytPeCw:productID":"","footnotes":""},"categories":[8],"tags":[],"class_list":["post-16935","post","type-post","status-publish","format-aside","has-post-thumbnail","hentry","category-internacional","post_format-post-format-aside"],"yoast_head":"<!-- This site is optimized with the Yoast SEO plugin v27.5 - https:\/\/yoast.com\/product\/yoast-seo-wordpress\/ -->\n<title>Expolic\u00eda condenado por la muerte de George Floyd es apu\u00f1alado en prisi\u00f3n, seg\u00fan reportes |<\/title>\n<meta name=\"robots\" content=\"index, follow, max-snippet:-1, max-image-preview:large, max-video-preview:-1\" \/>\n<link rel=\"canonical\" href=\"https:\/\/conexionnacional.mx\/index.php\/2023\/11\/27\/expolicia-condenado-por-la-muerte-de-george-floyd-es-apunalado-en-prision-segun-reportes\/\" \/>\n<meta property=\"og:locale\" content=\"es_MX\" \/>\n<meta property=\"og:type\" content=\"article\" \/>\n<meta property=\"og:title\" content=\"Expolic\u00eda condenado por la muerte de George Floyd es apu\u00f1alado en prisi\u00f3n, seg\u00fan reportes |\" \/>\n<meta property=\"og:description\" content=\"Derek Chauvin, el expolic\u00eda de Minneapolis condenado por el asesinato de&nbsp;George Floyd,&nbsp;fue&nbsp;apu\u00f1alado&nbsp;el viernes por otro recluso en una&nbsp;prisi\u00f3n&nbsp;federal&nbsp;de Arizona y result\u00f3 gravemente herido, inform\u00f3 a&nbsp;The Associated Press&nbsp;una persona familiarizada con el asunto. El&nbsp;ataque&nbsp;se produjo en la Instituci\u00f3n Correccional Federal de Tucson, una prisi\u00f3n de seguridad media. La persona no estaba autorizada a discutir p\u00fablicamente los [&hellip;]\" \/>\n<meta property=\"og:url\" content=\"https:\/\/conexionnacional.mx\/index.php\/2023\/11\/27\/expolicia-condenado-por-la-muerte-de-george-floyd-es-apunalado-en-prision-segun-reportes\/\" \/>\n<meta property=\"og:site_name\" content=\"Conexi\u00f3n Nacional\" \/>\n<meta property=\"article:publisher\" content=\"https:\/\/www.facebook.com\/cnmxradio\" \/>\n<meta property=\"article:published_time\" content=\"2023-11-27T17:22:13+00:00\" \/>\n<meta property=\"article:modified_time\" content=\"2023-11-27T17:22:14+00:00\" \/>\n<meta property=\"og:image\" content=\"https:\/\/conexionnacional.mx\/wp-content\/uploads\/2023\/11\/expolicia-condenado-muerte-george-floyd-apunalado-prision-dicen-fuentes-ap-1024x529-1.jpg\" \/>\n\t<meta property=\"og:image:width\" content=\"1024\" \/>\n\t<meta property=\"og:image:height\" content=\"529\" \/>\n\t<meta property=\"og:image:type\" content=\"image\/jpeg\" \/>\n<meta name=\"author\" content=\"Conexi\u00f3n Nacional\" \/>\n<meta name=\"twitter:card\" content=\"summary_large_image\" \/>\n<meta name=\"twitter:label1\" content=\"Escrito por\" \/>\n\t<meta name=\"twitter:data1\" content=\"Conexi\u00f3n Nacional\" \/>\n\t<meta name=\"twitter:label2\" content=\"Tiempo de lectura\" \/>\n\t<meta name=\"twitter:data2\" content=\"3 minutos\" \/>\n<script type=\"application\/ld+json\" class=\"yoast-schema-graph\">{\"@context\":\"https:\\\/\\\/schema.org\",\"@graph\":[{\"@type\":\"Article\",\"@id\":\"https:\\\/\\\/conexionnacional.mx\\\/index.php\\\/2023\\\/11\\\/27\\\/expolicia-condenado-por-la-muerte-de-george-floyd-es-apunalado-en-prision-segun-reportes\\\/#article\",\"isPartOf\":{\"@id\":\"https:\\\/\\\/conexionnacional.mx\\\/index.php\\\/2023\\\/11\\\/27\\\/expolicia-condenado-por-la-muerte-de-george-floyd-es-apunalado-en-prision-segun-reportes\\\/\"},\"author\":{\"name\":\"Conexi\u00f3n Nacional\",\"@id\":\"https:\\\/\\\/conexionnacional.mx\\\/#\\\/schema\\\/person\\\/dd14aeda902120f5e0e021903fdb6931\"},\"headline\":\"Expolic\u00eda condenado por la muerte de George Floyd es apu\u00f1alado en prisi\u00f3n, seg\u00fan reportes\",\"datePublished\":\"2023-11-27T17:22:13+00:00\",\"dateModified\":\"2023-11-27T17:22:14+00:00\",\"mainEntityOfPage\":{\"@id\":\"https:\\\/\\\/conexionnacional.mx\\\/index.php\\\/2023\\\/11\\\/27\\\/expolicia-condenado-por-la-muerte-de-george-floyd-es-apunalado-en-prision-segun-reportes\\\/\"},\"wordCount\":560,\"publisher\":{\"@id\":\"https:\\\/\\\/conexionnacional.mx\\\/#organization\"},\"image\":{\"@id\":\"https:\\\/\\\/conexionnacional.mx\\\/index.php\\\/2023\\\/11\\\/27\\\/expolicia-condenado-por-la-muerte-de-george-floyd-es-apunalado-en-prision-segun-reportes\\\/#primaryimage\"},\"thumbnailUrl\":\"https:\\\/\\\/conexionnacional.mx\\\/wp-content\\\/uploads\\\/2023\\\/11\\\/expolicia-condenado-muerte-george-floyd-apunalado-prision-dicen-fuentes-ap-1024x529-1.jpg\",\"articleSection\":[\"Internacional\"],\"inLanguage\":\"es\"},{\"@type\":\"WebPage\",\"@id\":\"https:\\\/\\\/conexionnacional.mx\\\/index.php\\\/2023\\\/11\\\/27\\\/expolicia-condenado-por-la-muerte-de-george-floyd-es-apunalado-en-prision-segun-reportes\\\/\",\"url\":\"https:\\\/\\\/conexionnacional.mx\\\/index.php\\\/2023\\\/11\\\/27\\\/expolicia-condenado-por-la-muerte-de-george-floyd-es-apunalado-en-prision-segun-reportes\\\/\",\"name\":\"Expolic\u00eda condenado por la muerte de George Floyd es apu\u00f1alado en prisi\u00f3n, seg\u00fan reportes |\",\"isPartOf\":{\"@id\":\"https:\\\/\\\/conexionnacional.mx\\\/#website\"},\"primaryImageOfPage\":{\"@id\":\"https:\\\/\\\/conexionnacional.mx\\\/index.php\\\/2023\\\/11\\\/27\\\/expolicia-condenado-por-la-muerte-de-george-floyd-es-apunalado-en-prision-segun-reportes\\\/#primaryimage\"},\"image\":{\"@id\":\"https:\\\/\\\/conexionnacional.mx\\\/index.php\\\/2023\\\/11\\\/27\\\/expolicia-condenado-por-la-muerte-de-george-floyd-es-apunalado-en-prision-segun-reportes\\\/#primaryimage\"},\"thumbnailUrl\":\"https:\\\/\\\/conexionnacional.mx\\\/wp-content\\\/uploads\\\/2023\\\/11\\\/expolicia-condenado-muerte-george-floyd-apunalado-prision-dicen-fuentes-ap-1024x529-1.jpg\",\"datePublished\":\"2023-11-27T17:22:13+00:00\",\"dateModified\":\"2023-11-27T17:22:14+00:00\",\"breadcrumb\":{\"@id\":\"https:\\\/\\\/conexionnacional.mx\\\/index.php\\\/2023\\\/11\\\/27\\\/expolicia-condenado-por-la-muerte-de-george-floyd-es-apunalado-en-prision-segun-reportes\\\/#breadcrumb\"},\"inLanguage\":\"es\",\"potentialAction\":[{\"@type\":\"ReadAction\",\"target\":[\"https:\\\/\\\/conexionnacional.mx\\\/index.php\\\/2023\\\/11\\\/27\\\/expolicia-condenado-por-la-muerte-de-george-floyd-es-apunalado-en-prision-segun-reportes\\\/\"]}]},{\"@type\":\"ImageObject\",\"inLanguage\":\"es\",\"@id\":\"https:\\\/\\\/conexionnacional.mx\\\/index.php\\\/2023\\\/11\\\/27\\\/expolicia-condenado-por-la-muerte-de-george-floyd-es-apunalado-en-prision-segun-reportes\\\/#primaryimage\",\"url\":\"https:\\\/\\\/conexionnacional.mx\\\/wp-content\\\/uploads\\\/2023\\\/11\\\/expolicia-condenado-muerte-george-floyd-apunalado-prision-dicen-fuentes-ap-1024x529-1.jpg\",\"contentUrl\":\"https:\\\/\\\/conexionnacional.mx\\\/wp-content\\\/uploads\\\/2023\\\/11\\\/expolicia-condenado-muerte-george-floyd-apunalado-prision-dicen-fuentes-ap-1024x529-1.jpg\",\"width\":1024,\"height\":529},{\"@type\":\"BreadcrumbList\",\"@id\":\"https:\\\/\\\/conexionnacional.mx\\\/index.php\\\/2023\\\/11\\\/27\\\/expolicia-condenado-por-la-muerte-de-george-floyd-es-apunalado-en-prision-segun-reportes\\\/#breadcrumb\",\"itemListElement\":[{\"@type\":\"ListItem\",\"position\":1,\"name\":\"Inicio\",\"item\":\"https:\\\/\\\/conexionnacional.mx\\\/\"},{\"@type\":\"ListItem\",\"position\":2,\"name\":\"Expolic\u00eda condenado por la muerte de George Floyd es apu\u00f1alado en prisi\u00f3n, seg\u00fan reportes\"}]},{\"@type\":\"WebSite\",\"@id\":\"https:\\\/\\\/conexionnacional.mx\\\/#website\",\"url\":\"https:\\\/\\\/conexionnacional.mx\\\/\",\"name\":\"Conexi\u00f3n Nacional\",\"description\":\"Noticias al momento\",\"publisher\":{\"@id\":\"https:\\\/\\\/conexionnacional.mx\\\/#organization\"},\"alternateName\":\"Noticias nacionales\",\"potentialAction\":[{\"@type\":\"SearchAction\",\"target\":{\"@type\":\"EntryPoint\",\"urlTemplate\":\"https:\\\/\\\/conexionnacional.mx\\\/?s={search_term_string}\"},\"query-input\":{\"@type\":\"PropertyValueSpecification\",\"valueRequired\":true,\"valueName\":\"search_term_string\"}}],\"inLanguage\":\"es\"},{\"@type\":\"Organization\",\"@id\":\"https:\\\/\\\/conexionnacional.mx\\\/#organization\",\"name\":\"Conexi\u00f3n Nacional\",\"url\":\"https:\\\/\\\/conexionnacional.mx\\\/\",\"logo\":{\"@type\":\"ImageObject\",\"inLanguage\":\"es\",\"@id\":\"https:\\\/\\\/conexionnacional.mx\\\/#\\\/schema\\\/logo\\\/image\\\/\",\"url\":\"https:\\\/\\\/conexionnacional.mx\\\/wp-content\\\/uploads\\\/2022\\\/09\\\/conexion_nacional.png\",\"contentUrl\":\"https:\\\/\\\/conexionnacional.mx\\\/wp-content\\\/uploads\\\/2022\\\/09\\\/conexion_nacional.png\",\"width\":2964,\"height\":1173,\"caption\":\"Conexi\u00f3n Nacional\"},\"image\":{\"@id\":\"https:\\\/\\\/conexionnacional.mx\\\/#\\\/schema\\\/logo\\\/image\\\/\"},\"sameAs\":[\"https:\\\/\\\/www.facebook.com\\\/cnmxradio\"]},{\"@type\":\"Person\",\"@id\":\"https:\\\/\\\/conexionnacional.mx\\\/#\\\/schema\\\/person\\\/dd14aeda902120f5e0e021903fdb6931\",\"name\":\"Conexi\u00f3n Nacional\",\"image\":{\"@type\":\"ImageObject\",\"inLanguage\":\"es\",\"@id\":\"https:\\\/\\\/secure.gravatar.com\\\/avatar\\\/e523100f284110b2ecca7e17b2be9cf140a5e8f35294c9ec0543e6916cc1f9be?s=96&d=blank&r=g\",\"url\":\"https:\\\/\\\/secure.gravatar.com\\\/avatar\\\/e523100f284110b2ecca7e17b2be9cf140a5e8f35294c9ec0543e6916cc1f9be?s=96&d=blank&r=g\",\"contentUrl\":\"https:\\\/\\\/secure.gravatar.com\\\/avatar\\\/e523100f284110b2ecca7e17b2be9cf140a5e8f35294c9ec0543e6916cc1f9be?s=96&d=blank&r=g\",\"caption\":\"Conexi\u00f3n Nacional\"},\"sameAs\":[\"https:\\\/\\\/conexionnacional.mx\"],\"url\":\"https:\\\/\\\/conexionnacional.mx\\\/index.php\\\/author\\\/administrador\\\/\"}]}<\/script>\n<!-- \/ Yoast SEO plugin. -->","yoast_head_json":{"title":"Expolic\u00eda condenado por la muerte de George Floyd es apu\u00f1alado en prisi\u00f3n, seg\u00fan reportes |","robots":{"index":"index","follow":"follow","max-snippet":"max-snippet:-1","max-image-preview":"max-image-preview:large","max-video-preview":"max-video-preview:-1"},"canonical":"https:\/\/conexionnacional.mx\/index.php\/2023\/11\/27\/expolicia-condenado-por-la-muerte-de-george-floyd-es-apunalado-en-prision-segun-reportes\/","og_locale":"es_MX","og_type":"article","og_title":"Expolic\u00eda condenado por la muerte de George Floyd es apu\u00f1alado en prisi\u00f3n, seg\u00fan reportes |","og_description":"Derek Chauvin, el expolic\u00eda de Minneapolis condenado por el asesinato de&nbsp;George Floyd,&nbsp;fue&nbsp;apu\u00f1alado&nbsp;el viernes por otro recluso en una&nbsp;prisi\u00f3n&nbsp;federal&nbsp;de Arizona y result\u00f3 gravemente herido, inform\u00f3 a&nbsp;The Associated Press&nbsp;una persona familiarizada con el asunto. El&nbsp;ataque&nbsp;se produjo en la Instituci\u00f3n Correccional Federal de Tucson, una prisi\u00f3n de seguridad media. La persona no estaba autorizada a discutir p\u00fablicamente los [&hellip;]","og_url":"https:\/\/conexionnacional.mx\/index.php\/2023\/11\/27\/expolicia-condenado-por-la-muerte-de-george-floyd-es-apunalado-en-prision-segun-reportes\/","og_site_name":"Conexi\u00f3n Nacional","article_publisher":"https:\/\/www.facebook.com\/cnmxradio","article_published_time":"2023-11-27T17:22:13+00:00","article_modified_time":"2023-11-27T17:22:14+00:00","og_image":[{"width":1024,"height":529,"url":"https:\/\/conexionnacional.mx\/wp-content\/uploads\/2023\/11\/expolicia-condenado-muerte-george-floyd-apunalado-prision-dicen-fuentes-ap-1024x529-1.jpg","type":"image\/jpeg"}],"author":"Conexi\u00f3n Nacional","twitter_card":"summary_large_image","twitter_misc":{"Escrito por":"Conexi\u00f3n Nacional","Tiempo de lectura":"3 minutos"},"schema":{"@context":"https:\/\/schema.org","@graph":[{"@type":"Article","@id":"https:\/\/conexionnacional.mx\/index.php\/2023\/11\/27\/expolicia-condenado-por-la-muerte-de-george-floyd-es-apunalado-en-prision-segun-reportes\/#article","isPartOf":{"@id":"https:\/\/conexionnacional.mx\/index.php\/2023\/11\/27\/expolicia-condenado-por-la-muerte-de-george-floyd-es-apunalado-en-prision-segun-reportes\/"},"author":{"name":"Conexi\u00f3n Nacional","@id":"https:\/\/conexionnacional.mx\/#\/schema\/person\/dd14aeda902120f5e0e021903fdb6931"},"headline":"Expolic\u00eda condenado por la muerte de George Floyd es apu\u00f1alado en prisi\u00f3n, seg\u00fan reportes","datePublished":"2023-11-27T17:22:13+00:00","dateModified":"2023-11-27T17:22:14+00:00","mainEntityOfPage":{"@id":"https:\/\/conexionnacional.mx\/index.php\/2023\/11\/27\/expolicia-condenado-por-la-muerte-de-george-floyd-es-apunalado-en-prision-segun-reportes\/"},"wordCount":560,"publisher":{"@id":"https:\/\/conexionnacional.mx\/#organization"},"image":{"@id":"https:\/\/conexionnacional.mx\/index.php\/2023\/11\/27\/expolicia-condenado-por-la-muerte-de-george-floyd-es-apunalado-en-prision-segun-reportes\/#primaryimage"},"thumbnailUrl":"https:\/\/conexionnacional.mx\/wp-content\/uploads\/2023\/11\/expolicia-condenado-muerte-george-floyd-apunalado-prision-dicen-fuentes-ap-1024x529-1.jpg","articleSection":["Internacional"],"inLanguage":"es"},{"@type":"WebPage","@id":"https:\/\/conexionnacional.mx\/index.php\/2023\/11\/27\/expolicia-condenado-por-la-muerte-de-george-floyd-es-apunalado-en-prision-segun-reportes\/","url":"https:\/\/conexionnacional.mx\/index.php\/2023\/11\/27\/expolicia-condenado-por-la-muerte-de-george-floyd-es-apunalado-en-prision-segun-reportes\/","name":"Expolic\u00eda condenado por la muerte de George Floyd es apu\u00f1alado en prisi\u00f3n, seg\u00fan reportes |","isPartOf":{"@id":"https:\/\/conexionnacional.mx\/#website"},"primaryImageOfPage":{"@id":"https:\/\/conexionnacional.mx\/index.php\/2023\/11\/27\/expolicia-condenado-por-la-muerte-de-george-floyd-es-apunalado-en-prision-segun-reportes\/#primaryimage"},"image":{"@id":"https:\/\/conexionnacional.mx\/index.php\/2023\/11\/27\/expolicia-condenado-por-la-muerte-de-george-floyd-es-apunalado-en-prision-segun-reportes\/#primaryimage"},"thumbnailUrl":"https:\/\/conexionnacional.mx\/wp-content\/uploads\/2023\/11\/expolicia-condenado-muerte-george-floyd-apunalado-prision-dicen-fuentes-ap-1024x529-1.jpg","datePublished":"2023-11-27T17:22:13+00:00","dateModified":"2023-11-27T17:22:14+00:00","breadcrumb":{"@id":"https:\/\/conexionnacional.mx\/index.php\/2023\/11\/27\/expolicia-condenado-por-la-muerte-de-george-floyd-es-apunalado-en-prision-segun-reportes\/#breadcrumb"},"inLanguage":"es","potentialAction":[{"@type":"ReadAction","target":["https:\/\/conexionnacional.mx\/index.php\/2023\/11\/27\/expolicia-condenado-por-la-muerte-de-george-floyd-es-apunalado-en-prision-segun-reportes\/"]}]},{"@type":"ImageObject","inLanguage":"es","@id":"https:\/\/conexionnacional.mx\/index.php\/2023\/11\/27\/expolicia-condenado-por-la-muerte-de-george-floyd-es-apunalado-en-prision-segun-reportes\/#primaryimage","url":"https:\/\/conexionnacional.mx\/wp-content\/uploads\/2023\/11\/expolicia-condenado-muerte-george-floyd-apunalado-prision-dicen-fuentes-ap-1024x529-1.jpg","contentUrl":"https:\/\/conexionnacional.mx\/wp-content\/uploads\/2023\/11\/expolicia-condenado-muerte-george-floyd-apunalado-prision-dicen-fuentes-ap-1024x529-1.jpg","width":1024,"height":529},{"@type":"BreadcrumbList","@id":"https:\/\/conexionnacional.mx\/index.php\/2023\/11\/27\/expolicia-condenado-por-la-muerte-de-george-floyd-es-apunalado-en-prision-segun-reportes\/#breadcrumb","itemListElement":[{"@type":"ListItem","position":1,"name":"Inicio","item":"https:\/\/conexionnacional.mx\/"},{"@type":"ListItem","position":2,"name":"Expolic\u00eda condenado por la muerte de George Floyd es apu\u00f1alado en prisi\u00f3n, seg\u00fan reportes"}]},{"@type":"WebSite","@id":"https:\/\/conexionnacional.mx\/#website","url":"https:\/\/conexionnacional.mx\/","name":"Conexi\u00f3n Nacional","description":"Noticias al momento","publisher":{"@id":"https:\/\/conexionnacional.mx\/#organization"},"alternateName":"Noticias nacionales","potentialAction":[{"@type":"SearchAction","target":{"@type":"EntryPoint","urlTemplate":"https:\/\/conexionnacional.mx\/?s={search_term_string}"},"query-input":{"@type":"PropertyValueSpecification","valueRequired":true,"valueName":"search_term_string"}}],"inLanguage":"es"},{"@type":"Organization","@id":"https:\/\/conexionnacional.mx\/#organization","name":"Conexi\u00f3n Nacional","url":"https:\/\/conexionnacional.mx\/","logo":{"@type":"ImageObject","inLanguage":"es","@id":"https:\/\/conexionnacional.mx\/#\/schema\/logo\/image\/","url":"https:\/\/conexionnacional.mx\/wp-content\/uploads\/2022\/09\/conexion_nacional.png","contentUrl":"https:\/\/conexionnacional.mx\/wp-content\/uploads\/2022\/09\/conexion_nacional.png","width":2964,"height":1173,"caption":"Conexi\u00f3n Nacional"},"image":{"@id":"https:\/\/conexionnacional.mx\/#\/schema\/logo\/image\/"},"sameAs":["https:\/\/www.facebook.com\/cnmxradio"]},{"@type":"Person","@id":"https:\/\/conexionnacional.mx\/#\/schema\/person\/dd14aeda902120f5e0e021903fdb6931","name":"Conexi\u00f3n Nacional","image":{"@type":"ImageObject","inLanguage":"es","@id":"https:\/\/secure.gravatar.com\/avatar\/e523100f284110b2ecca7e17b2be9cf140a5e8f35294c9ec0543e6916cc1f9be?s=96&d=blank&r=g","url":"https:\/\/secure.gravatar.com\/avatar\/e523100f284110b2ecca7e17b2be9cf140a5e8f35294c9ec0543e6916cc1f9be?s=96&d=blank&r=g","contentUrl":"https:\/\/secure.gravatar.com\/avatar\/e523100f284110b2ecca7e17b2be9cf140a5e8f35294c9ec0543e6916cc1f9be?s=96&d=blank&r=g","caption":"Conexi\u00f3n Nacional"},"sameAs":["https:\/\/conexionnacional.mx"],"url":"https:\/\/conexionnacional.mx\/index.php\/author\/administrador\/"}]}},"_links":{"self":[{"href":"https:\/\/conexionnacional.mx\/index.php\/wp-json\/wp\/v2\/posts\/16935","targetHints":{"allow":["GET"]}}],"collection":[{"href":"https:\/\/conexionnacional.mx\/index.php\/wp-json\/wp\/v2\/posts"}],"about":[{"href":"https:\/\/conexionnacional.mx\/index.php\/wp-json\/wp\/v2\/types\/post"}],"author":[{"embeddable":true,"href":"https:\/\/conexionnacional.mx\/index.php\/wp-json\/wp\/v2\/users\/1"}],"replies":[{"embeddable":true,"href":"https:\/\/conexionnacional.mx\/index.php\/wp-json\/wp\/v2\/comments?post=16935"}],"version-history":[{"count":1,"href":"https:\/\/conexionnacional.mx\/index.php\/wp-json\/wp\/v2\/posts\/16935\/revisions"}],"predecessor-version":[{"id":16937,"href":"https:\/\/conexionnacional.mx\/index.php\/wp-json\/wp\/v2\/posts\/16935\/revisions\/16937"}],"wp:featuredmedia":[{"embeddable":true,"href":"https:\/\/conexionnacional.mx\/index.php\/wp-json\/wp\/v2\/media\/16936"}],"wp:attachment":[{"href":"https:\/\/conexionnacional.mx\/index.php\/wp-json\/wp\/v2\/media?parent=16935"}],"wp:term":[{"taxonomy":"category","embeddable":true,"href":"https:\/\/conexionnacional.mx\/index.php\/wp-json\/wp\/v2\/categories?post=16935"},{"taxonomy":"post_tag","embeddable":true,"href":"https:\/\/conexionnacional.mx\/index.php\/wp-json\/wp\/v2\/tags?post=16935"}],"curies":[{"name":"wp","href":"https:\/\/api.w.org\/{rel}","templated":true}]}}