{"id":16930,"date":"2023-11-23T13:03:49","date_gmt":"2023-11-23T19:03:49","guid":{"rendered":"https:\/\/conexionnacional.mx\/?p=16930"},"modified":"2023-11-23T13:03:51","modified_gmt":"2023-11-23T19:03:51","slug":"tras-captura-de-el-nini-realizan-operativo-en-otro-complejo-de-lujo-en-culiacan-sinaloa","status":"publish","type":"post","link":"https:\/\/conexionnacional.mx\/index.php\/2023\/11\/23\/tras-captura-de-el-nini-realizan-operativo-en-otro-complejo-de-lujo-en-culiacan-sinaloa\/","title":{"rendered":"Tras captura de &#8220;El Nini&#8221;, realizan operativo en otro complejo de lujo en Culiac\u00e1n, Sinaloa"},"content":{"rendered":"\n<p>Tras la captura de\u00a0<strong>N\u00e9stor Isidro P\u00e9rez Salas \u201cEl Nini\u201d,\u00a0en Culiac\u00e1n, Sinaloa,<\/strong>continuan los operativos de fuerzas federales, la ma\u00f1ana de este jueves, elementos de la\u00a0<strong>Guardia Nacional<\/strong>, el ejercito y la Policia Estatal cercaron el complejo habitacional de\u00a0<strong>Montecarlo,<\/strong>\u00a0ubicado sobre el boulevar\u00a0<strong>Lola Beltr\u00e1n.<\/strong><\/p>\n\n\n\n<p>Unidades artilladas ingresaron a la privada habitacional y se inici\u00f3 la revisi\u00f3n de los veh\u00edculos estacionados en su interior, sin permitir que los vecinos salgan o ingresen al complejo habitacional.<\/p>\n\n\n\n<p>Los accesos a esta privada, una de las m\u00e1s grandes de la zona nor-poniente de Culiac\u00e1n fueron bloqueados con unidades de las fuerzas federales y de la Polic\u00eda Estatal, en tanto que la circulaci\u00f3n por el boulevar Lola Beltr\u00e1n, se torno lento, sin que se conozca, si es buscada alguna persona en este sitio.<\/p>\n\n\n\n<figure class=\"wp-block-embed is-type-rich is-provider-twitter wp-block-embed-twitter\"><div class=\"wp-block-embed__wrapper\">\n<blockquote class=\"twitter-tweet\" data-width=\"550\" data-dnt=\"true\"><p lang=\"es\" dir=\"ltr\">Hoy fuerte despliegue del Ej\u00e9rcito Mexicano y Guardia Nacional en el fraccionamiento Montecarlo <a href=\"https:\/\/twitter.com\/hashtag\/Culiacan?src=hash&amp;ref_src=twsrc%5Etfw\">#Culiacan<\/a> <a href=\"https:\/\/twitter.com\/hashtag\/Sinaloa?src=hash&amp;ref_src=twsrc%5Etfw\">#Sinaloa<\/a> <br><br>Al momento se desconoce si hay personas detenidas. <a href=\"https:\/\/t.co\/yumURxLcBw\">pic.twitter.com\/yumURxLcBw<\/a><\/p>&mdash; Halcon1072 (@Halcon1072) <a href=\"https:\/\/twitter.com\/Halcon1072\/status\/1727727337557397773?ref_src=twsrc%5Etfw\">November 23, 2023<\/a><\/blockquote><script async src=\"https:\/\/platform.twitter.com\/widgets.js\" charset=\"utf-8\"><\/script>\n<\/div><\/figure>\n\n\n\n<p>El operativo se despleg\u00f3, un d\u00eda desp\u00faes, de que en fraccionamiento\u00a0<strong>Colinas de la Rivera<\/strong>, del sector Santa Fe, fuerzas federales, con respaldo de dos helic\u00f2pteros artillados, lograron capturar a N\u00e9stor Isidro, identificado como\u00a0&#8220;El Nini&#8221;, jefe de plaza en Culiac\u00e1n\u00a0y jefe de seguridad de los hijos de Joaqu\u00edn Guzm\u00e1n Loera \u201cEl Chapo Guzm\u00e1n\u201d.<\/p>\n\n\n\n<p>\u201cEl Nini\u201d que fue sorprendido solo, logr\u00f3 subir al techo de un segundo piso de la residencia donde se encontraba, con la intenci\u00f3n de huir entre los techos, fue disuadido por los elementos federales que le dispararon en dos ocasiones, para desalentarlo y entregarse.<\/p>\n","protected":false},"excerpt":{"rendered":"<p>Tras la captura de\u00a0N\u00e9stor Isidro P\u00e9rez Salas \u201cEl Nini\u201d,\u00a0en Culiac\u00e1n, Sinaloa,continuan los operativos de fuerzas federales, la ma\u00f1ana de este jueves, elementos de la\u00a0Guardia Nacional, el ejercito y la Policia Estatal cercaron el complejo habitacional de\u00a0Montecarlo,\u00a0ubicado sobre el boulevar\u00a0Lola Beltr\u00e1n. Unidades artilladas ingresaron a la privada habitacional y se inici\u00f3 la revisi\u00f3n de los veh\u00edculos [&hellip;]<\/p>\n","protected":false},"author":1,"featured_media":16931,"comment_status":"closed","ping_status":"closed","sticky":false,"template":"","format":"aside","meta":{"googlesitekit_rrm_CAowytPeCw:productID":"","footnotes":""},"categories":[3],"tags":[6478],"class_list":["post-16930","post","type-post","status-publish","format-aside","has-post-thumbnail","hentry","category-nacional","tag-el-nini","post_format-post-format-aside"],"yoast_head":"<!-- This site is optimized with the Yoast SEO plugin v27.5 - https:\/\/yoast.com\/product\/yoast-seo-wordpress\/ -->\n<title>Tras captura de &quot;El Nini&quot;, realizan operativo en otro complejo de lujo en Culiac\u00e1n, Sinaloa |<\/title>\n<meta name=\"robots\" content=\"index, follow, max-snippet:-1, max-image-preview:large, max-video-preview:-1\" \/>\n<link rel=\"canonical\" href=\"https:\/\/conexionnacional.mx\/index.php\/2023\/11\/23\/tras-captura-de-el-nini-realizan-operativo-en-otro-complejo-de-lujo-en-culiacan-sinaloa\/\" \/>\n<meta property=\"og:locale\" content=\"es_MX\" \/>\n<meta property=\"og:type\" content=\"article\" \/>\n<meta property=\"og:title\" content=\"Tras captura de &quot;El Nini&quot;, realizan operativo en otro complejo de lujo en Culiac\u00e1n, Sinaloa |\" \/>\n<meta property=\"og:description\" content=\"Tras la captura de\u00a0N\u00e9stor Isidro P\u00e9rez Salas \u201cEl Nini\u201d,\u00a0en Culiac\u00e1n, Sinaloa,continuan los operativos de fuerzas federales, la ma\u00f1ana de este jueves, elementos de la\u00a0Guardia Nacional, el ejercito y la Policia Estatal cercaron el complejo habitacional de\u00a0Montecarlo,\u00a0ubicado sobre el boulevar\u00a0Lola Beltr\u00e1n. Unidades artilladas ingresaron a la privada habitacional y se inici\u00f3 la revisi\u00f3n de los veh\u00edculos [&hellip;]\" \/>\n<meta property=\"og:url\" content=\"https:\/\/conexionnacional.mx\/index.php\/2023\/11\/23\/tras-captura-de-el-nini-realizan-operativo-en-otro-complejo-de-lujo-en-culiacan-sinaloa\/\" \/>\n<meta property=\"og:site_name\" content=\"Conexi\u00f3n Nacional\" \/>\n<meta property=\"article:publisher\" content=\"https:\/\/www.facebook.com\/cnmxradio\" \/>\n<meta property=\"article:published_time\" content=\"2023-11-23T19:03:49+00:00\" \/>\n<meta property=\"article:modified_time\" content=\"2023-11-23T19:03:51+00:00\" \/>\n<meta property=\"og:image\" content=\"https:\/\/conexionnacional.mx\/wp-content\/uploads\/2023\/11\/2BORJTBGTFHUHFAMDYQZ3NVVNI.jpg\" \/>\n\t<meta property=\"og:image:width\" content=\"1100\" \/>\n\t<meta property=\"og:image:height\" content=\"666\" \/>\n\t<meta property=\"og:image:type\" content=\"image\/jpeg\" \/>\n<meta name=\"author\" content=\"Conexi\u00f3n Nacional\" \/>\n<meta name=\"twitter:card\" content=\"summary_large_image\" \/>\n<meta name=\"twitter:label1\" content=\"Escrito por\" \/>\n\t<meta name=\"twitter:data1\" content=\"Conexi\u00f3n Nacional\" \/>\n\t<meta name=\"twitter:label2\" content=\"Tiempo de lectura\" \/>\n\t<meta name=\"twitter:data2\" content=\"2 minutos\" \/>\n<script type=\"application\/ld+json\" class=\"yoast-schema-graph\">{\"@context\":\"https:\\\/\\\/schema.org\",\"@graph\":[{\"@type\":\"Article\",\"@id\":\"https:\\\/\\\/conexionnacional.mx\\\/index.php\\\/2023\\\/11\\\/23\\\/tras-captura-de-el-nini-realizan-operativo-en-otro-complejo-de-lujo-en-culiacan-sinaloa\\\/#article\",\"isPartOf\":{\"@id\":\"https:\\\/\\\/conexionnacional.mx\\\/index.php\\\/2023\\\/11\\\/23\\\/tras-captura-de-el-nini-realizan-operativo-en-otro-complejo-de-lujo-en-culiacan-sinaloa\\\/\"},\"author\":{\"name\":\"Conexi\u00f3n Nacional\",\"@id\":\"https:\\\/\\\/conexionnacional.mx\\\/#\\\/schema\\\/person\\\/dd14aeda902120f5e0e021903fdb6931\"},\"headline\":\"Tras captura de &#8220;El Nini&#8221;, realizan operativo en otro complejo de lujo en Culiac\u00e1n, Sinaloa\",\"datePublished\":\"2023-11-23T19:03:49+00:00\",\"dateModified\":\"2023-11-23T19:03:51+00:00\",\"mainEntityOfPage\":{\"@id\":\"https:\\\/\\\/conexionnacional.mx\\\/index.php\\\/2023\\\/11\\\/23\\\/tras-captura-de-el-nini-realizan-operativo-en-otro-complejo-de-lujo-en-culiacan-sinaloa\\\/\"},\"wordCount\":307,\"publisher\":{\"@id\":\"https:\\\/\\\/conexionnacional.mx\\\/#organization\"},\"image\":{\"@id\":\"https:\\\/\\\/conexionnacional.mx\\\/index.php\\\/2023\\\/11\\\/23\\\/tras-captura-de-el-nini-realizan-operativo-en-otro-complejo-de-lujo-en-culiacan-sinaloa\\\/#primaryimage\"},\"thumbnailUrl\":\"https:\\\/\\\/conexionnacional.mx\\\/wp-content\\\/uploads\\\/2023\\\/11\\\/2BORJTBGTFHUHFAMDYQZ3NVVNI.jpg\",\"keywords\":[\"El Nini\"],\"articleSection\":[\"Nacional\"],\"inLanguage\":\"es\"},{\"@type\":\"WebPage\",\"@id\":\"https:\\\/\\\/conexionnacional.mx\\\/index.php\\\/2023\\\/11\\\/23\\\/tras-captura-de-el-nini-realizan-operativo-en-otro-complejo-de-lujo-en-culiacan-sinaloa\\\/\",\"url\":\"https:\\\/\\\/conexionnacional.mx\\\/index.php\\\/2023\\\/11\\\/23\\\/tras-captura-de-el-nini-realizan-operativo-en-otro-complejo-de-lujo-en-culiacan-sinaloa\\\/\",\"name\":\"Tras captura de \\\"El Nini\\\", realizan operativo en otro complejo de lujo en Culiac\u00e1n, Sinaloa |\",\"isPartOf\":{\"@id\":\"https:\\\/\\\/conexionnacional.mx\\\/#website\"},\"primaryImageOfPage\":{\"@id\":\"https:\\\/\\\/conexionnacional.mx\\\/index.php\\\/2023\\\/11\\\/23\\\/tras-captura-de-el-nini-realizan-operativo-en-otro-complejo-de-lujo-en-culiacan-sinaloa\\\/#primaryimage\"},\"image\":{\"@id\":\"https:\\\/\\\/conexionnacional.mx\\\/index.php\\\/2023\\\/11\\\/23\\\/tras-captura-de-el-nini-realizan-operativo-en-otro-complejo-de-lujo-en-culiacan-sinaloa\\\/#primaryimage\"},\"thumbnailUrl\":\"https:\\\/\\\/conexionnacional.mx\\\/wp-content\\\/uploads\\\/2023\\\/11\\\/2BORJTBGTFHUHFAMDYQZ3NVVNI.jpg\",\"datePublished\":\"2023-11-23T19:03:49+00:00\",\"dateModified\":\"2023-11-23T19:03:51+00:00\",\"breadcrumb\":{\"@id\":\"https:\\\/\\\/conexionnacional.mx\\\/index.php\\\/2023\\\/11\\\/23\\\/tras-captura-de-el-nini-realizan-operativo-en-otro-complejo-de-lujo-en-culiacan-sinaloa\\\/#breadcrumb\"},\"inLanguage\":\"es\",\"potentialAction\":[{\"@type\":\"ReadAction\",\"target\":[\"https:\\\/\\\/conexionnacional.mx\\\/index.php\\\/2023\\\/11\\\/23\\\/tras-captura-de-el-nini-realizan-operativo-en-otro-complejo-de-lujo-en-culiacan-sinaloa\\\/\"]}]},{\"@type\":\"ImageObject\",\"inLanguage\":\"es\",\"@id\":\"https:\\\/\\\/conexionnacional.mx\\\/index.php\\\/2023\\\/11\\\/23\\\/tras-captura-de-el-nini-realizan-operativo-en-otro-complejo-de-lujo-en-culiacan-sinaloa\\\/#primaryimage\",\"url\":\"https:\\\/\\\/conexionnacional.mx\\\/wp-content\\\/uploads\\\/2023\\\/11\\\/2BORJTBGTFHUHFAMDYQZ3NVVNI.jpg\",\"contentUrl\":\"https:\\\/\\\/conexionnacional.mx\\\/wp-content\\\/uploads\\\/2023\\\/11\\\/2BORJTBGTFHUHFAMDYQZ3NVVNI.jpg\",\"width\":1100,\"height\":666},{\"@type\":\"BreadcrumbList\",\"@id\":\"https:\\\/\\\/conexionnacional.mx\\\/index.php\\\/2023\\\/11\\\/23\\\/tras-captura-de-el-nini-realizan-operativo-en-otro-complejo-de-lujo-en-culiacan-sinaloa\\\/#breadcrumb\",\"itemListElement\":[{\"@type\":\"ListItem\",\"position\":1,\"name\":\"Inicio\",\"item\":\"https:\\\/\\\/conexionnacional.mx\\\/\"},{\"@type\":\"ListItem\",\"position\":2,\"name\":\"Tras captura de &#8220;El Nini&#8221;, realizan operativo en otro complejo de lujo en Culiac\u00e1n, Sinaloa\"}]},{\"@type\":\"WebSite\",\"@id\":\"https:\\\/\\\/conexionnacional.mx\\\/#website\",\"url\":\"https:\\\/\\\/conexionnacional.mx\\\/\",\"name\":\"Conexi\u00f3n Nacional\",\"description\":\"Noticias al momento\",\"publisher\":{\"@id\":\"https:\\\/\\\/conexionnacional.mx\\\/#organization\"},\"alternateName\":\"Noticias nacionales\",\"potentialAction\":[{\"@type\":\"SearchAction\",\"target\":{\"@type\":\"EntryPoint\",\"urlTemplate\":\"https:\\\/\\\/conexionnacional.mx\\\/?s={search_term_string}\"},\"query-input\":{\"@type\":\"PropertyValueSpecification\",\"valueRequired\":true,\"valueName\":\"search_term_string\"}}],\"inLanguage\":\"es\"},{\"@type\":\"Organization\",\"@id\":\"https:\\\/\\\/conexionnacional.mx\\\/#organization\",\"name\":\"Conexi\u00f3n Nacional\",\"url\":\"https:\\\/\\\/conexionnacional.mx\\\/\",\"logo\":{\"@type\":\"ImageObject\",\"inLanguage\":\"es\",\"@id\":\"https:\\\/\\\/conexionnacional.mx\\\/#\\\/schema\\\/logo\\\/image\\\/\",\"url\":\"https:\\\/\\\/conexionnacional.mx\\\/wp-content\\\/uploads\\\/2022\\\/09\\\/conexion_nacional.png\",\"contentUrl\":\"https:\\\/\\\/conexionnacional.mx\\\/wp-content\\\/uploads\\\/2022\\\/09\\\/conexion_nacional.png\",\"width\":2964,\"height\":1173,\"caption\":\"Conexi\u00f3n Nacional\"},\"image\":{\"@id\":\"https:\\\/\\\/conexionnacional.mx\\\/#\\\/schema\\\/logo\\\/image\\\/\"},\"sameAs\":[\"https:\\\/\\\/www.facebook.com\\\/cnmxradio\"]},{\"@type\":\"Person\",\"@id\":\"https:\\\/\\\/conexionnacional.mx\\\/#\\\/schema\\\/person\\\/dd14aeda902120f5e0e021903fdb6931\",\"name\":\"Conexi\u00f3n Nacional\",\"image\":{\"@type\":\"ImageObject\",\"inLanguage\":\"es\",\"@id\":\"https:\\\/\\\/secure.gravatar.com\\\/avatar\\\/e523100f284110b2ecca7e17b2be9cf140a5e8f35294c9ec0543e6916cc1f9be?s=96&d=blank&r=g\",\"url\":\"https:\\\/\\\/secure.gravatar.com\\\/avatar\\\/e523100f284110b2ecca7e17b2be9cf140a5e8f35294c9ec0543e6916cc1f9be?s=96&d=blank&r=g\",\"contentUrl\":\"https:\\\/\\\/secure.gravatar.com\\\/avatar\\\/e523100f284110b2ecca7e17b2be9cf140a5e8f35294c9ec0543e6916cc1f9be?s=96&d=blank&r=g\",\"caption\":\"Conexi\u00f3n Nacional\"},\"sameAs\":[\"https:\\\/\\\/conexionnacional.mx\"],\"url\":\"https:\\\/\\\/conexionnacional.mx\\\/index.php\\\/author\\\/administrador\\\/\"}]}<\/script>\n<!-- \/ Yoast SEO plugin. -->","yoast_head_json":{"title":"Tras captura de \"El Nini\", realizan operativo en otro complejo de lujo en Culiac\u00e1n, Sinaloa |","robots":{"index":"index","follow":"follow","max-snippet":"max-snippet:-1","max-image-preview":"max-image-preview:large","max-video-preview":"max-video-preview:-1"},"canonical":"https:\/\/conexionnacional.mx\/index.php\/2023\/11\/23\/tras-captura-de-el-nini-realizan-operativo-en-otro-complejo-de-lujo-en-culiacan-sinaloa\/","og_locale":"es_MX","og_type":"article","og_title":"Tras captura de \"El Nini\", realizan operativo en otro complejo de lujo en Culiac\u00e1n, Sinaloa |","og_description":"Tras la captura de\u00a0N\u00e9stor Isidro P\u00e9rez Salas \u201cEl Nini\u201d,\u00a0en Culiac\u00e1n, Sinaloa,continuan los operativos de fuerzas federales, la ma\u00f1ana de este jueves, elementos de la\u00a0Guardia Nacional, el ejercito y la Policia Estatal cercaron el complejo habitacional de\u00a0Montecarlo,\u00a0ubicado sobre el boulevar\u00a0Lola Beltr\u00e1n. Unidades artilladas ingresaron a la privada habitacional y se inici\u00f3 la revisi\u00f3n de los veh\u00edculos [&hellip;]","og_url":"https:\/\/conexionnacional.mx\/index.php\/2023\/11\/23\/tras-captura-de-el-nini-realizan-operativo-en-otro-complejo-de-lujo-en-culiacan-sinaloa\/","og_site_name":"Conexi\u00f3n Nacional","article_publisher":"https:\/\/www.facebook.com\/cnmxradio","article_published_time":"2023-11-23T19:03:49+00:00","article_modified_time":"2023-11-23T19:03:51+00:00","og_image":[{"width":1100,"height":666,"url":"https:\/\/conexionnacional.mx\/wp-content\/uploads\/2023\/11\/2BORJTBGTFHUHFAMDYQZ3NVVNI.jpg","type":"image\/jpeg"}],"author":"Conexi\u00f3n Nacional","twitter_card":"summary_large_image","twitter_misc":{"Escrito por":"Conexi\u00f3n Nacional","Tiempo de lectura":"2 minutos"},"schema":{"@context":"https:\/\/schema.org","@graph":[{"@type":"Article","@id":"https:\/\/conexionnacional.mx\/index.php\/2023\/11\/23\/tras-captura-de-el-nini-realizan-operativo-en-otro-complejo-de-lujo-en-culiacan-sinaloa\/#article","isPartOf":{"@id":"https:\/\/conexionnacional.mx\/index.php\/2023\/11\/23\/tras-captura-de-el-nini-realizan-operativo-en-otro-complejo-de-lujo-en-culiacan-sinaloa\/"},"author":{"name":"Conexi\u00f3n Nacional","@id":"https:\/\/conexionnacional.mx\/#\/schema\/person\/dd14aeda902120f5e0e021903fdb6931"},"headline":"Tras captura de &#8220;El Nini&#8221;, realizan operativo en otro complejo de lujo en Culiac\u00e1n, Sinaloa","datePublished":"2023-11-23T19:03:49+00:00","dateModified":"2023-11-23T19:03:51+00:00","mainEntityOfPage":{"@id":"https:\/\/conexionnacional.mx\/index.php\/2023\/11\/23\/tras-captura-de-el-nini-realizan-operativo-en-otro-complejo-de-lujo-en-culiacan-sinaloa\/"},"wordCount":307,"publisher":{"@id":"https:\/\/conexionnacional.mx\/#organization"},"image":{"@id":"https:\/\/conexionnacional.mx\/index.php\/2023\/11\/23\/tras-captura-de-el-nini-realizan-operativo-en-otro-complejo-de-lujo-en-culiacan-sinaloa\/#primaryimage"},"thumbnailUrl":"https:\/\/conexionnacional.mx\/wp-content\/uploads\/2023\/11\/2BORJTBGTFHUHFAMDYQZ3NVVNI.jpg","keywords":["El Nini"],"articleSection":["Nacional"],"inLanguage":"es"},{"@type":"WebPage","@id":"https:\/\/conexionnacional.mx\/index.php\/2023\/11\/23\/tras-captura-de-el-nini-realizan-operativo-en-otro-complejo-de-lujo-en-culiacan-sinaloa\/","url":"https:\/\/conexionnacional.mx\/index.php\/2023\/11\/23\/tras-captura-de-el-nini-realizan-operativo-en-otro-complejo-de-lujo-en-culiacan-sinaloa\/","name":"Tras captura de \"El Nini\", realizan operativo en otro complejo de lujo en Culiac\u00e1n, Sinaloa |","isPartOf":{"@id":"https:\/\/conexionnacional.mx\/#website"},"primaryImageOfPage":{"@id":"https:\/\/conexionnacional.mx\/index.php\/2023\/11\/23\/tras-captura-de-el-nini-realizan-operativo-en-otro-complejo-de-lujo-en-culiacan-sinaloa\/#primaryimage"},"image":{"@id":"https:\/\/conexionnacional.mx\/index.php\/2023\/11\/23\/tras-captura-de-el-nini-realizan-operativo-en-otro-complejo-de-lujo-en-culiacan-sinaloa\/#primaryimage"},"thumbnailUrl":"https:\/\/conexionnacional.mx\/wp-content\/uploads\/2023\/11\/2BORJTBGTFHUHFAMDYQZ3NVVNI.jpg","datePublished":"2023-11-23T19:03:49+00:00","dateModified":"2023-11-23T19:03:51+00:00","breadcrumb":{"@id":"https:\/\/conexionnacional.mx\/index.php\/2023\/11\/23\/tras-captura-de-el-nini-realizan-operativo-en-otro-complejo-de-lujo-en-culiacan-sinaloa\/#breadcrumb"},"inLanguage":"es","potentialAction":[{"@type":"ReadAction","target":["https:\/\/conexionnacional.mx\/index.php\/2023\/11\/23\/tras-captura-de-el-nini-realizan-operativo-en-otro-complejo-de-lujo-en-culiacan-sinaloa\/"]}]},{"@type":"ImageObject","inLanguage":"es","@id":"https:\/\/conexionnacional.mx\/index.php\/2023\/11\/23\/tras-captura-de-el-nini-realizan-operativo-en-otro-complejo-de-lujo-en-culiacan-sinaloa\/#primaryimage","url":"https:\/\/conexionnacional.mx\/wp-content\/uploads\/2023\/11\/2BORJTBGTFHUHFAMDYQZ3NVVNI.jpg","contentUrl":"https:\/\/conexionnacional.mx\/wp-content\/uploads\/2023\/11\/2BORJTBGTFHUHFAMDYQZ3NVVNI.jpg","width":1100,"height":666},{"@type":"BreadcrumbList","@id":"https:\/\/conexionnacional.mx\/index.php\/2023\/11\/23\/tras-captura-de-el-nini-realizan-operativo-en-otro-complejo-de-lujo-en-culiacan-sinaloa\/#breadcrumb","itemListElement":[{"@type":"ListItem","position":1,"name":"Inicio","item":"https:\/\/conexionnacional.mx\/"},{"@type":"ListItem","position":2,"name":"Tras captura de &#8220;El Nini&#8221;, realizan operativo en otro complejo de lujo en Culiac\u00e1n, Sinaloa"}]},{"@type":"WebSite","@id":"https:\/\/conexionnacional.mx\/#website","url":"https:\/\/conexionnacional.mx\/","name":"Conexi\u00f3n Nacional","description":"Noticias al momento","publisher":{"@id":"https:\/\/conexionnacional.mx\/#organization"},"alternateName":"Noticias nacionales","potentialAction":[{"@type":"SearchAction","target":{"@type":"EntryPoint","urlTemplate":"https:\/\/conexionnacional.mx\/?s={search_term_string}"},"query-input":{"@type":"PropertyValueSpecification","valueRequired":true,"valueName":"search_term_string"}}],"inLanguage":"es"},{"@type":"Organization","@id":"https:\/\/conexionnacional.mx\/#organization","name":"Conexi\u00f3n Nacional","url":"https:\/\/conexionnacional.mx\/","logo":{"@type":"ImageObject","inLanguage":"es","@id":"https:\/\/conexionnacional.mx\/#\/schema\/logo\/image\/","url":"https:\/\/conexionnacional.mx\/wp-content\/uploads\/2022\/09\/conexion_nacional.png","contentUrl":"https:\/\/conexionnacional.mx\/wp-content\/uploads\/2022\/09\/conexion_nacional.png","width":2964,"height":1173,"caption":"Conexi\u00f3n Nacional"},"image":{"@id":"https:\/\/conexionnacional.mx\/#\/schema\/logo\/image\/"},"sameAs":["https:\/\/www.facebook.com\/cnmxradio"]},{"@type":"Person","@id":"https:\/\/conexionnacional.mx\/#\/schema\/person\/dd14aeda902120f5e0e021903fdb6931","name":"Conexi\u00f3n Nacional","image":{"@type":"ImageObject","inLanguage":"es","@id":"https:\/\/secure.gravatar.com\/avatar\/e523100f284110b2ecca7e17b2be9cf140a5e8f35294c9ec0543e6916cc1f9be?s=96&d=blank&r=g","url":"https:\/\/secure.gravatar.com\/avatar\/e523100f284110b2ecca7e17b2be9cf140a5e8f35294c9ec0543e6916cc1f9be?s=96&d=blank&r=g","contentUrl":"https:\/\/secure.gravatar.com\/avatar\/e523100f284110b2ecca7e17b2be9cf140a5e8f35294c9ec0543e6916cc1f9be?s=96&d=blank&r=g","caption":"Conexi\u00f3n Nacional"},"sameAs":["https:\/\/conexionnacional.mx"],"url":"https:\/\/conexionnacional.mx\/index.php\/author\/administrador\/"}]}},"_links":{"self":[{"href":"https:\/\/conexionnacional.mx\/index.php\/wp-json\/wp\/v2\/posts\/16930","targetHints":{"allow":["GET"]}}],"collection":[{"href":"https:\/\/conexionnacional.mx\/index.php\/wp-json\/wp\/v2\/posts"}],"about":[{"href":"https:\/\/conexionnacional.mx\/index.php\/wp-json\/wp\/v2\/types\/post"}],"author":[{"embeddable":true,"href":"https:\/\/conexionnacional.mx\/index.php\/wp-json\/wp\/v2\/users\/1"}],"replies":[{"embeddable":true,"href":"https:\/\/conexionnacional.mx\/index.php\/wp-json\/wp\/v2\/comments?post=16930"}],"version-history":[{"count":1,"href":"https:\/\/conexionnacional.mx\/index.php\/wp-json\/wp\/v2\/posts\/16930\/revisions"}],"predecessor-version":[{"id":16932,"href":"https:\/\/conexionnacional.mx\/index.php\/wp-json\/wp\/v2\/posts\/16930\/revisions\/16932"}],"wp:featuredmedia":[{"embeddable":true,"href":"https:\/\/conexionnacional.mx\/index.php\/wp-json\/wp\/v2\/media\/16931"}],"wp:attachment":[{"href":"https:\/\/conexionnacional.mx\/index.php\/wp-json\/wp\/v2\/media?parent=16930"}],"wp:term":[{"taxonomy":"category","embeddable":true,"href":"https:\/\/conexionnacional.mx\/index.php\/wp-json\/wp\/v2\/categories?post=16930"},{"taxonomy":"post_tag","embeddable":true,"href":"https:\/\/conexionnacional.mx\/index.php\/wp-json\/wp\/v2\/tags?post=16930"}],"curies":[{"name":"wp","href":"https:\/\/api.w.org\/{rel}","templated":true}]}}