{"id":16927,"date":"2023-11-23T12:21:03","date_gmt":"2023-11-23T18:21:03","guid":{"rendered":"https:\/\/conexionnacional.mx\/?p=16927"},"modified":"2023-11-23T12:21:05","modified_gmt":"2023-11-23T18:21:05","slug":"otis-dejo-a-la-fecha-en-guerrero-50-muertos-y-30-desaparecidos-evelyn-salgado","status":"publish","type":"post","link":"https:\/\/conexionnacional.mx\/index.php\/2023\/11\/23\/otis-dejo-a-la-fecha-en-guerrero-50-muertos-y-30-desaparecidos-evelyn-salgado\/","title":{"rendered":"\u201cOtis\u201d dej\u00f3 a la fecha en Guerrero 50 muertos y 30 desaparecidos: Evelyn Salgado"},"content":{"rendered":"\n<p>Debido al paso del\u00a0<strong>hurac\u00e1n \u201cOtis\u201d<\/strong>\u00a0en Acapulco, en total a la fecha suman<strong>\u00a050 fallecidos y 30 personas desaparecidas<\/strong>, inform\u00f3 Evelyn Salgado Pineda, gobernadora de Guerrero.<\/p>\n\n\n\n<p><em>\u201cComo prioridad estamos atendiendo a todas las familias de las v\u00edctimas de este hurac\u00e1n, que lamentablemente cobr\u00f3 la vida, seg\u00fan las cifras de la Fiscal\u00eda del estado, de 50 personas\u201d<\/em>, dijo durante la conferencia matutina del presidente Andr\u00e9s Manuel L\u00f3pez Obrador.<\/p>\n\n\n\n<p>Hoy, el mandatario sostuvo su reuni\u00f3n de seguridad y conferencia de prensa en el puerto para informar sobre los avances del plan de reconstrucci\u00f3n.<\/p>\n\n\n\n<blockquote class=\"wp-block-quote is-layout-flow wp-block-quote-is-layout-flow\">\n<p>Tambi\u00e9n mantenemos el esfuerzo incansable para la localizaci\u00f3n de 30 personas, que contin\u00faan en calidad de desaparecidas, para lo cual se lleva a cabo un esfuerzo conjunto y coordinado de todas las autoridades para lograrlo\u201d, agreg\u00f3.<\/p>\n<\/blockquote>\n\n\n\n<p>La Gobernadora precis\u00f3 que con las b\u00fasquedas se localizaron ya a&nbsp;<strong>mil 592 personas que se manten\u00edan incomunicadas<\/strong>.<\/p>\n\n\n\n<blockquote class=\"wp-block-quote is-layout-flow wp-block-quote-is-layout-flow\">\n<p>Es muy lamentable que hayan perdido la vida 50 personas, duele mucho, pero para la fortaleza del hurac\u00e1n tenemos que agradecer a la naturaleza, al creador, porque mi hip\u00f3tesis es que no hubo mucha lluvia, pas\u00f3&#8221;, dijo L\u00f3pez Obrador.<\/p>\n<\/blockquote>\n\n\n\n<p>El mandatario afirm\u00f3 que el gobierno ha tenido la ayuda del empresariado mexicano para levantar Acapulco.<\/p>\n\n\n\n<p>Destac\u00f3 el apoyo de Carlos Slim, Antonio Cos\u00edo de los hoteles Las Brisas, entre otros.<\/p>\n","protected":false},"excerpt":{"rendered":"<p>Debido al paso del\u00a0hurac\u00e1n \u201cOtis\u201d\u00a0en Acapulco, en total a la fecha suman\u00a050 fallecidos y 30 personas desaparecidas, inform\u00f3 Evelyn Salgado Pineda, gobernadora de Guerrero. \u201cComo prioridad estamos atendiendo a todas las familias de las v\u00edctimas de este hurac\u00e1n, que lamentablemente cobr\u00f3 la vida, seg\u00fan las cifras de la Fiscal\u00eda del estado, de 50 personas\u201d, dijo [&hellip;]<\/p>\n","protected":false},"author":1,"featured_media":16928,"comment_status":"closed","ping_status":"closed","sticky":false,"template":"","format":"aside","meta":{"googlesitekit_rrm_CAowytPeCw:productID":"","footnotes":""},"categories":[3],"tags":[2553],"class_list":["post-16927","post","type-post","status-publish","format-aside","has-post-thumbnail","hentry","category-nacional","tag-acapulco","post_format-post-format-aside"],"yoast_head":"<!-- This site is optimized with the Yoast SEO plugin v27.5 - https:\/\/yoast.com\/product\/yoast-seo-wordpress\/ -->\n<title>\u201cOtis\u201d dej\u00f3 a la fecha en Guerrero 50 muertos y 30 desaparecidos: Evelyn Salgado |<\/title>\n<meta name=\"robots\" content=\"index, follow, max-snippet:-1, max-image-preview:large, max-video-preview:-1\" \/>\n<link rel=\"canonical\" href=\"https:\/\/conexionnacional.mx\/index.php\/2023\/11\/23\/otis-dejo-a-la-fecha-en-guerrero-50-muertos-y-30-desaparecidos-evelyn-salgado\/\" \/>\n<meta property=\"og:locale\" content=\"es_MX\" \/>\n<meta property=\"og:type\" content=\"article\" \/>\n<meta property=\"og:title\" content=\"\u201cOtis\u201d dej\u00f3 a la fecha en Guerrero 50 muertos y 30 desaparecidos: Evelyn Salgado |\" \/>\n<meta property=\"og:description\" content=\"Debido al paso del\u00a0hurac\u00e1n \u201cOtis\u201d\u00a0en Acapulco, en total a la fecha suman\u00a050 fallecidos y 30 personas desaparecidas, inform\u00f3 Evelyn Salgado Pineda, gobernadora de Guerrero. \u201cComo prioridad estamos atendiendo a todas las familias de las v\u00edctimas de este hurac\u00e1n, que lamentablemente cobr\u00f3 la vida, seg\u00fan las cifras de la Fiscal\u00eda del estado, de 50 personas\u201d, dijo [&hellip;]\" \/>\n<meta property=\"og:url\" content=\"https:\/\/conexionnacional.mx\/index.php\/2023\/11\/23\/otis-dejo-a-la-fecha-en-guerrero-50-muertos-y-30-desaparecidos-evelyn-salgado\/\" \/>\n<meta property=\"og:site_name\" content=\"Conexi\u00f3n Nacional\" \/>\n<meta property=\"article:publisher\" content=\"https:\/\/www.facebook.com\/cnmxradio\" \/>\n<meta property=\"article:published_time\" content=\"2023-11-23T18:21:03+00:00\" \/>\n<meta property=\"article:modified_time\" content=\"2023-11-23T18:21:05+00:00\" \/>\n<meta property=\"og:image\" content=\"https:\/\/conexionnacional.mx\/wp-content\/uploads\/2023\/11\/whatsapp_image_2023-11-23_at_7_56_15_am.jpeg_763934124.webp\" \/>\n\t<meta property=\"og:image:width\" content=\"840\" \/>\n\t<meta property=\"og:image:height\" content=\"471\" \/>\n\t<meta property=\"og:image:type\" content=\"image\/webp\" \/>\n<meta name=\"author\" content=\"Conexi\u00f3n Nacional\" \/>\n<meta name=\"twitter:card\" content=\"summary_large_image\" \/>\n<meta name=\"twitter:label1\" content=\"Escrito por\" \/>\n\t<meta name=\"twitter:data1\" content=\"Conexi\u00f3n Nacional\" \/>\n\t<meta name=\"twitter:label2\" content=\"Tiempo de lectura\" \/>\n\t<meta name=\"twitter:data2\" content=\"1 minuto\" \/>\n<script type=\"application\/ld+json\" class=\"yoast-schema-graph\">{\"@context\":\"https:\\\/\\\/schema.org\",\"@graph\":[{\"@type\":\"Article\",\"@id\":\"https:\\\/\\\/conexionnacional.mx\\\/index.php\\\/2023\\\/11\\\/23\\\/otis-dejo-a-la-fecha-en-guerrero-50-muertos-y-30-desaparecidos-evelyn-salgado\\\/#article\",\"isPartOf\":{\"@id\":\"https:\\\/\\\/conexionnacional.mx\\\/index.php\\\/2023\\\/11\\\/23\\\/otis-dejo-a-la-fecha-en-guerrero-50-muertos-y-30-desaparecidos-evelyn-salgado\\\/\"},\"author\":{\"name\":\"Conexi\u00f3n Nacional\",\"@id\":\"https:\\\/\\\/conexionnacional.mx\\\/#\\\/schema\\\/person\\\/dd14aeda902120f5e0e021903fdb6931\"},\"headline\":\"\u201cOtis\u201d dej\u00f3 a la fecha en Guerrero 50 muertos y 30 desaparecidos: Evelyn Salgado\",\"datePublished\":\"2023-11-23T18:21:03+00:00\",\"dateModified\":\"2023-11-23T18:21:05+00:00\",\"mainEntityOfPage\":{\"@id\":\"https:\\\/\\\/conexionnacional.mx\\\/index.php\\\/2023\\\/11\\\/23\\\/otis-dejo-a-la-fecha-en-guerrero-50-muertos-y-30-desaparecidos-evelyn-salgado\\\/\"},\"wordCount\":241,\"publisher\":{\"@id\":\"https:\\\/\\\/conexionnacional.mx\\\/#organization\"},\"image\":{\"@id\":\"https:\\\/\\\/conexionnacional.mx\\\/index.php\\\/2023\\\/11\\\/23\\\/otis-dejo-a-la-fecha-en-guerrero-50-muertos-y-30-desaparecidos-evelyn-salgado\\\/#primaryimage\"},\"thumbnailUrl\":\"https:\\\/\\\/conexionnacional.mx\\\/wp-content\\\/uploads\\\/2023\\\/11\\\/whatsapp_image_2023-11-23_at_7_56_15_am.jpeg_763934124.webp\",\"keywords\":[\"Acapulco\"],\"articleSection\":[\"Nacional\"],\"inLanguage\":\"es\"},{\"@type\":\"WebPage\",\"@id\":\"https:\\\/\\\/conexionnacional.mx\\\/index.php\\\/2023\\\/11\\\/23\\\/otis-dejo-a-la-fecha-en-guerrero-50-muertos-y-30-desaparecidos-evelyn-salgado\\\/\",\"url\":\"https:\\\/\\\/conexionnacional.mx\\\/index.php\\\/2023\\\/11\\\/23\\\/otis-dejo-a-la-fecha-en-guerrero-50-muertos-y-30-desaparecidos-evelyn-salgado\\\/\",\"name\":\"\u201cOtis\u201d dej\u00f3 a la fecha en Guerrero 50 muertos y 30 desaparecidos: Evelyn Salgado |\",\"isPartOf\":{\"@id\":\"https:\\\/\\\/conexionnacional.mx\\\/#website\"},\"primaryImageOfPage\":{\"@id\":\"https:\\\/\\\/conexionnacional.mx\\\/index.php\\\/2023\\\/11\\\/23\\\/otis-dejo-a-la-fecha-en-guerrero-50-muertos-y-30-desaparecidos-evelyn-salgado\\\/#primaryimage\"},\"image\":{\"@id\":\"https:\\\/\\\/conexionnacional.mx\\\/index.php\\\/2023\\\/11\\\/23\\\/otis-dejo-a-la-fecha-en-guerrero-50-muertos-y-30-desaparecidos-evelyn-salgado\\\/#primaryimage\"},\"thumbnailUrl\":\"https:\\\/\\\/conexionnacional.mx\\\/wp-content\\\/uploads\\\/2023\\\/11\\\/whatsapp_image_2023-11-23_at_7_56_15_am.jpeg_763934124.webp\",\"datePublished\":\"2023-11-23T18:21:03+00:00\",\"dateModified\":\"2023-11-23T18:21:05+00:00\",\"breadcrumb\":{\"@id\":\"https:\\\/\\\/conexionnacional.mx\\\/index.php\\\/2023\\\/11\\\/23\\\/otis-dejo-a-la-fecha-en-guerrero-50-muertos-y-30-desaparecidos-evelyn-salgado\\\/#breadcrumb\"},\"inLanguage\":\"es\",\"potentialAction\":[{\"@type\":\"ReadAction\",\"target\":[\"https:\\\/\\\/conexionnacional.mx\\\/index.php\\\/2023\\\/11\\\/23\\\/otis-dejo-a-la-fecha-en-guerrero-50-muertos-y-30-desaparecidos-evelyn-salgado\\\/\"]}]},{\"@type\":\"ImageObject\",\"inLanguage\":\"es\",\"@id\":\"https:\\\/\\\/conexionnacional.mx\\\/index.php\\\/2023\\\/11\\\/23\\\/otis-dejo-a-la-fecha-en-guerrero-50-muertos-y-30-desaparecidos-evelyn-salgado\\\/#primaryimage\",\"url\":\"https:\\\/\\\/conexionnacional.mx\\\/wp-content\\\/uploads\\\/2023\\\/11\\\/whatsapp_image_2023-11-23_at_7_56_15_am.jpeg_763934124.webp\",\"contentUrl\":\"https:\\\/\\\/conexionnacional.mx\\\/wp-content\\\/uploads\\\/2023\\\/11\\\/whatsapp_image_2023-11-23_at_7_56_15_am.jpeg_763934124.webp\",\"width\":840,\"height\":471},{\"@type\":\"BreadcrumbList\",\"@id\":\"https:\\\/\\\/conexionnacional.mx\\\/index.php\\\/2023\\\/11\\\/23\\\/otis-dejo-a-la-fecha-en-guerrero-50-muertos-y-30-desaparecidos-evelyn-salgado\\\/#breadcrumb\",\"itemListElement\":[{\"@type\":\"ListItem\",\"position\":1,\"name\":\"Inicio\",\"item\":\"https:\\\/\\\/conexionnacional.mx\\\/\"},{\"@type\":\"ListItem\",\"position\":2,\"name\":\"\u201cOtis\u201d dej\u00f3 a la fecha en Guerrero 50 muertos y 30 desaparecidos: Evelyn Salgado\"}]},{\"@type\":\"WebSite\",\"@id\":\"https:\\\/\\\/conexionnacional.mx\\\/#website\",\"url\":\"https:\\\/\\\/conexionnacional.mx\\\/\",\"name\":\"Conexi\u00f3n Nacional\",\"description\":\"Noticias al momento\",\"publisher\":{\"@id\":\"https:\\\/\\\/conexionnacional.mx\\\/#organization\"},\"alternateName\":\"Noticias nacionales\",\"potentialAction\":[{\"@type\":\"SearchAction\",\"target\":{\"@type\":\"EntryPoint\",\"urlTemplate\":\"https:\\\/\\\/conexionnacional.mx\\\/?s={search_term_string}\"},\"query-input\":{\"@type\":\"PropertyValueSpecification\",\"valueRequired\":true,\"valueName\":\"search_term_string\"}}],\"inLanguage\":\"es\"},{\"@type\":\"Organization\",\"@id\":\"https:\\\/\\\/conexionnacional.mx\\\/#organization\",\"name\":\"Conexi\u00f3n Nacional\",\"url\":\"https:\\\/\\\/conexionnacional.mx\\\/\",\"logo\":{\"@type\":\"ImageObject\",\"inLanguage\":\"es\",\"@id\":\"https:\\\/\\\/conexionnacional.mx\\\/#\\\/schema\\\/logo\\\/image\\\/\",\"url\":\"https:\\\/\\\/conexionnacional.mx\\\/wp-content\\\/uploads\\\/2022\\\/09\\\/conexion_nacional.png\",\"contentUrl\":\"https:\\\/\\\/conexionnacional.mx\\\/wp-content\\\/uploads\\\/2022\\\/09\\\/conexion_nacional.png\",\"width\":2964,\"height\":1173,\"caption\":\"Conexi\u00f3n Nacional\"},\"image\":{\"@id\":\"https:\\\/\\\/conexionnacional.mx\\\/#\\\/schema\\\/logo\\\/image\\\/\"},\"sameAs\":[\"https:\\\/\\\/www.facebook.com\\\/cnmxradio\"]},{\"@type\":\"Person\",\"@id\":\"https:\\\/\\\/conexionnacional.mx\\\/#\\\/schema\\\/person\\\/dd14aeda902120f5e0e021903fdb6931\",\"name\":\"Conexi\u00f3n Nacional\",\"image\":{\"@type\":\"ImageObject\",\"inLanguage\":\"es\",\"@id\":\"https:\\\/\\\/secure.gravatar.com\\\/avatar\\\/e523100f284110b2ecca7e17b2be9cf140a5e8f35294c9ec0543e6916cc1f9be?s=96&d=blank&r=g\",\"url\":\"https:\\\/\\\/secure.gravatar.com\\\/avatar\\\/e523100f284110b2ecca7e17b2be9cf140a5e8f35294c9ec0543e6916cc1f9be?s=96&d=blank&r=g\",\"contentUrl\":\"https:\\\/\\\/secure.gravatar.com\\\/avatar\\\/e523100f284110b2ecca7e17b2be9cf140a5e8f35294c9ec0543e6916cc1f9be?s=96&d=blank&r=g\",\"caption\":\"Conexi\u00f3n Nacional\"},\"sameAs\":[\"https:\\\/\\\/conexionnacional.mx\"],\"url\":\"https:\\\/\\\/conexionnacional.mx\\\/index.php\\\/author\\\/administrador\\\/\"}]}<\/script>\n<!-- \/ Yoast SEO plugin. -->","yoast_head_json":{"title":"\u201cOtis\u201d dej\u00f3 a la fecha en Guerrero 50 muertos y 30 desaparecidos: Evelyn Salgado |","robots":{"index":"index","follow":"follow","max-snippet":"max-snippet:-1","max-image-preview":"max-image-preview:large","max-video-preview":"max-video-preview:-1"},"canonical":"https:\/\/conexionnacional.mx\/index.php\/2023\/11\/23\/otis-dejo-a-la-fecha-en-guerrero-50-muertos-y-30-desaparecidos-evelyn-salgado\/","og_locale":"es_MX","og_type":"article","og_title":"\u201cOtis\u201d dej\u00f3 a la fecha en Guerrero 50 muertos y 30 desaparecidos: Evelyn Salgado |","og_description":"Debido al paso del\u00a0hurac\u00e1n \u201cOtis\u201d\u00a0en Acapulco, en total a la fecha suman\u00a050 fallecidos y 30 personas desaparecidas, inform\u00f3 Evelyn Salgado Pineda, gobernadora de Guerrero. \u201cComo prioridad estamos atendiendo a todas las familias de las v\u00edctimas de este hurac\u00e1n, que lamentablemente cobr\u00f3 la vida, seg\u00fan las cifras de la Fiscal\u00eda del estado, de 50 personas\u201d, dijo [&hellip;]","og_url":"https:\/\/conexionnacional.mx\/index.php\/2023\/11\/23\/otis-dejo-a-la-fecha-en-guerrero-50-muertos-y-30-desaparecidos-evelyn-salgado\/","og_site_name":"Conexi\u00f3n Nacional","article_publisher":"https:\/\/www.facebook.com\/cnmxradio","article_published_time":"2023-11-23T18:21:03+00:00","article_modified_time":"2023-11-23T18:21:05+00:00","og_image":[{"width":840,"height":471,"url":"https:\/\/conexionnacional.mx\/wp-content\/uploads\/2023\/11\/whatsapp_image_2023-11-23_at_7_56_15_am.jpeg_763934124.webp","type":"image\/webp"}],"author":"Conexi\u00f3n Nacional","twitter_card":"summary_large_image","twitter_misc":{"Escrito por":"Conexi\u00f3n Nacional","Tiempo de lectura":"1 minuto"},"schema":{"@context":"https:\/\/schema.org","@graph":[{"@type":"Article","@id":"https:\/\/conexionnacional.mx\/index.php\/2023\/11\/23\/otis-dejo-a-la-fecha-en-guerrero-50-muertos-y-30-desaparecidos-evelyn-salgado\/#article","isPartOf":{"@id":"https:\/\/conexionnacional.mx\/index.php\/2023\/11\/23\/otis-dejo-a-la-fecha-en-guerrero-50-muertos-y-30-desaparecidos-evelyn-salgado\/"},"author":{"name":"Conexi\u00f3n Nacional","@id":"https:\/\/conexionnacional.mx\/#\/schema\/person\/dd14aeda902120f5e0e021903fdb6931"},"headline":"\u201cOtis\u201d dej\u00f3 a la fecha en Guerrero 50 muertos y 30 desaparecidos: Evelyn Salgado","datePublished":"2023-11-23T18:21:03+00:00","dateModified":"2023-11-23T18:21:05+00:00","mainEntityOfPage":{"@id":"https:\/\/conexionnacional.mx\/index.php\/2023\/11\/23\/otis-dejo-a-la-fecha-en-guerrero-50-muertos-y-30-desaparecidos-evelyn-salgado\/"},"wordCount":241,"publisher":{"@id":"https:\/\/conexionnacional.mx\/#organization"},"image":{"@id":"https:\/\/conexionnacional.mx\/index.php\/2023\/11\/23\/otis-dejo-a-la-fecha-en-guerrero-50-muertos-y-30-desaparecidos-evelyn-salgado\/#primaryimage"},"thumbnailUrl":"https:\/\/conexionnacional.mx\/wp-content\/uploads\/2023\/11\/whatsapp_image_2023-11-23_at_7_56_15_am.jpeg_763934124.webp","keywords":["Acapulco"],"articleSection":["Nacional"],"inLanguage":"es"},{"@type":"WebPage","@id":"https:\/\/conexionnacional.mx\/index.php\/2023\/11\/23\/otis-dejo-a-la-fecha-en-guerrero-50-muertos-y-30-desaparecidos-evelyn-salgado\/","url":"https:\/\/conexionnacional.mx\/index.php\/2023\/11\/23\/otis-dejo-a-la-fecha-en-guerrero-50-muertos-y-30-desaparecidos-evelyn-salgado\/","name":"\u201cOtis\u201d dej\u00f3 a la fecha en Guerrero 50 muertos y 30 desaparecidos: Evelyn Salgado |","isPartOf":{"@id":"https:\/\/conexionnacional.mx\/#website"},"primaryImageOfPage":{"@id":"https:\/\/conexionnacional.mx\/index.php\/2023\/11\/23\/otis-dejo-a-la-fecha-en-guerrero-50-muertos-y-30-desaparecidos-evelyn-salgado\/#primaryimage"},"image":{"@id":"https:\/\/conexionnacional.mx\/index.php\/2023\/11\/23\/otis-dejo-a-la-fecha-en-guerrero-50-muertos-y-30-desaparecidos-evelyn-salgado\/#primaryimage"},"thumbnailUrl":"https:\/\/conexionnacional.mx\/wp-content\/uploads\/2023\/11\/whatsapp_image_2023-11-23_at_7_56_15_am.jpeg_763934124.webp","datePublished":"2023-11-23T18:21:03+00:00","dateModified":"2023-11-23T18:21:05+00:00","breadcrumb":{"@id":"https:\/\/conexionnacional.mx\/index.php\/2023\/11\/23\/otis-dejo-a-la-fecha-en-guerrero-50-muertos-y-30-desaparecidos-evelyn-salgado\/#breadcrumb"},"inLanguage":"es","potentialAction":[{"@type":"ReadAction","target":["https:\/\/conexionnacional.mx\/index.php\/2023\/11\/23\/otis-dejo-a-la-fecha-en-guerrero-50-muertos-y-30-desaparecidos-evelyn-salgado\/"]}]},{"@type":"ImageObject","inLanguage":"es","@id":"https:\/\/conexionnacional.mx\/index.php\/2023\/11\/23\/otis-dejo-a-la-fecha-en-guerrero-50-muertos-y-30-desaparecidos-evelyn-salgado\/#primaryimage","url":"https:\/\/conexionnacional.mx\/wp-content\/uploads\/2023\/11\/whatsapp_image_2023-11-23_at_7_56_15_am.jpeg_763934124.webp","contentUrl":"https:\/\/conexionnacional.mx\/wp-content\/uploads\/2023\/11\/whatsapp_image_2023-11-23_at_7_56_15_am.jpeg_763934124.webp","width":840,"height":471},{"@type":"BreadcrumbList","@id":"https:\/\/conexionnacional.mx\/index.php\/2023\/11\/23\/otis-dejo-a-la-fecha-en-guerrero-50-muertos-y-30-desaparecidos-evelyn-salgado\/#breadcrumb","itemListElement":[{"@type":"ListItem","position":1,"name":"Inicio","item":"https:\/\/conexionnacional.mx\/"},{"@type":"ListItem","position":2,"name":"\u201cOtis\u201d dej\u00f3 a la fecha en Guerrero 50 muertos y 30 desaparecidos: Evelyn Salgado"}]},{"@type":"WebSite","@id":"https:\/\/conexionnacional.mx\/#website","url":"https:\/\/conexionnacional.mx\/","name":"Conexi\u00f3n Nacional","description":"Noticias al momento","publisher":{"@id":"https:\/\/conexionnacional.mx\/#organization"},"alternateName":"Noticias nacionales","potentialAction":[{"@type":"SearchAction","target":{"@type":"EntryPoint","urlTemplate":"https:\/\/conexionnacional.mx\/?s={search_term_string}"},"query-input":{"@type":"PropertyValueSpecification","valueRequired":true,"valueName":"search_term_string"}}],"inLanguage":"es"},{"@type":"Organization","@id":"https:\/\/conexionnacional.mx\/#organization","name":"Conexi\u00f3n Nacional","url":"https:\/\/conexionnacional.mx\/","logo":{"@type":"ImageObject","inLanguage":"es","@id":"https:\/\/conexionnacional.mx\/#\/schema\/logo\/image\/","url":"https:\/\/conexionnacional.mx\/wp-content\/uploads\/2022\/09\/conexion_nacional.png","contentUrl":"https:\/\/conexionnacional.mx\/wp-content\/uploads\/2022\/09\/conexion_nacional.png","width":2964,"height":1173,"caption":"Conexi\u00f3n Nacional"},"image":{"@id":"https:\/\/conexionnacional.mx\/#\/schema\/logo\/image\/"},"sameAs":["https:\/\/www.facebook.com\/cnmxradio"]},{"@type":"Person","@id":"https:\/\/conexionnacional.mx\/#\/schema\/person\/dd14aeda902120f5e0e021903fdb6931","name":"Conexi\u00f3n Nacional","image":{"@type":"ImageObject","inLanguage":"es","@id":"https:\/\/secure.gravatar.com\/avatar\/e523100f284110b2ecca7e17b2be9cf140a5e8f35294c9ec0543e6916cc1f9be?s=96&d=blank&r=g","url":"https:\/\/secure.gravatar.com\/avatar\/e523100f284110b2ecca7e17b2be9cf140a5e8f35294c9ec0543e6916cc1f9be?s=96&d=blank&r=g","contentUrl":"https:\/\/secure.gravatar.com\/avatar\/e523100f284110b2ecca7e17b2be9cf140a5e8f35294c9ec0543e6916cc1f9be?s=96&d=blank&r=g","caption":"Conexi\u00f3n Nacional"},"sameAs":["https:\/\/conexionnacional.mx"],"url":"https:\/\/conexionnacional.mx\/index.php\/author\/administrador\/"}]}},"_links":{"self":[{"href":"https:\/\/conexionnacional.mx\/index.php\/wp-json\/wp\/v2\/posts\/16927","targetHints":{"allow":["GET"]}}],"collection":[{"href":"https:\/\/conexionnacional.mx\/index.php\/wp-json\/wp\/v2\/posts"}],"about":[{"href":"https:\/\/conexionnacional.mx\/index.php\/wp-json\/wp\/v2\/types\/post"}],"author":[{"embeddable":true,"href":"https:\/\/conexionnacional.mx\/index.php\/wp-json\/wp\/v2\/users\/1"}],"replies":[{"embeddable":true,"href":"https:\/\/conexionnacional.mx\/index.php\/wp-json\/wp\/v2\/comments?post=16927"}],"version-history":[{"count":1,"href":"https:\/\/conexionnacional.mx\/index.php\/wp-json\/wp\/v2\/posts\/16927\/revisions"}],"predecessor-version":[{"id":16929,"href":"https:\/\/conexionnacional.mx\/index.php\/wp-json\/wp\/v2\/posts\/16927\/revisions\/16929"}],"wp:featuredmedia":[{"embeddable":true,"href":"https:\/\/conexionnacional.mx\/index.php\/wp-json\/wp\/v2\/media\/16928"}],"wp:attachment":[{"href":"https:\/\/conexionnacional.mx\/index.php\/wp-json\/wp\/v2\/media?parent=16927"}],"wp:term":[{"taxonomy":"category","embeddable":true,"href":"https:\/\/conexionnacional.mx\/index.php\/wp-json\/wp\/v2\/categories?post=16927"},{"taxonomy":"post_tag","embeddable":true,"href":"https:\/\/conexionnacional.mx\/index.php\/wp-json\/wp\/v2\/tags?post=16927"}],"curies":[{"name":"wp","href":"https:\/\/api.w.org\/{rel}","templated":true}]}}