{"id":16921,"date":"2023-11-23T10:27:14","date_gmt":"2023-11-23T16:27:14","guid":{"rendered":"https:\/\/conexionnacional.mx\/?p=16921"},"modified":"2023-11-23T10:27:15","modified_gmt":"2023-11-23T16:27:15","slug":"el-nini-capturado-ayer-mantenia-rivalidad-con-los-rusos-de-el-mayo-zambada","status":"publish","type":"post","link":"https:\/\/conexionnacional.mx\/index.php\/2023\/11\/23\/el-nini-capturado-ayer-mantenia-rivalidad-con-los-rusos-de-el-mayo-zambada\/","title":{"rendered":"\u201cEl Nini\u201d, capturado ayer, manten\u00eda rivalidad con \u201cLos Rusos\u201d de \u201cEl Mayo\u201d Zambada"},"content":{"rendered":"\n<p><strong>N\u00e9stor Isidro P\u00e9rez Salas<\/strong>, El Nini, presunto jefe de seguridad de\u00a0<strong>Los Chapitos<\/strong>, hijos de Joaqu\u00edn El Chapo Guzm\u00e1n, intent\u00f3 huir por los techos de las residencias en la calle Villa de Choix en Colinas de la Rivera, sector habitacional de Santa Fe, al norte de Culiac\u00e1n, Sinaloa.<\/p>\n\n\n\n<p>Sin embargo, con tan s\u00f3lo dos disparos al techo de un segundo piso bast\u00f3 para detenerlo por elementos del&nbsp;<strong>Ej\u00e9rcito<\/strong>, la&nbsp;<strong>Fuerza A\u00e9rea<\/strong>, la&nbsp;<strong>Marina&nbsp;<\/strong>y la&nbsp;<strong>Guardia Nacional<\/strong>.<\/p>\n\n\n\n<p>En videos que circulan en las redes sociales se observa a un hombre en el techo que realiza movimientos inseguros. Las detonaciones impactaron en uno de los muros de la vivienda, lejos de \u00e9l, y ante estas acciones fue aprehendido por otro uniformado.<\/p>\n\n\n\n<p><strong>La captura de El Nini<\/strong>, El General o El 09, quien brindaba seguridad a Joaqu\u00edn, Jes\u00fas Alfredo e Iv\u00e1n Archivaldo Guzm\u00e1n, ocurri\u00f3 a las 13:27 horas de la capital, donde tambi\u00e9n fueron incautados veh\u00edculos y armas.<\/p>\n\n\n\n<p>Fue trasladado bajo un fuerte operativo al aeropuerto de Culiac\u00e1n, donde abord\u00f3 un avi\u00f3n que lo tras-lad\u00f3 a la Fiscal\u00eda Especializada en Materia de Delincuencia Organizada (Femdo), en avenida Paseo de la Reforma en la&nbsp;<strong>Ciudad de M\u00e9xico<\/strong>.<\/p>\n\n\n\n<p>De acuerdo con fuentes oficiales, posiblemente ser\u00e1 llevado al Centro Federal de Readaptaci\u00f3n Social (Cefereso) N\u00famero 1 Almoloya, conocido como El Altiplano.<\/p>\n\n\n\n<p>A partir de las 11:00 horas, dos&nbsp;<strong>helic\u00f3pteros Black Hawk<\/strong>&nbsp;que despegaron de la Novena Zona Militar sobrevolaban el \u00e1rea residencial de Isla Musala y el Sector Santa Fe, con la presencia de m\u00e1s de 200 efectivos a bordo de decenas de veh\u00edculos.<\/p>\n\n\n\n<p>En una primera acci\u00f3n, personal de la Marina asegur\u00f3 una propiedad en Isla Musala, sobre la calle Esp\u00edritu Santo, y en una segunda acci\u00f3n, las fuerzas federales realizaron disparos al percatarse de que El Nini intentaba huir por el techo del inmueble, pero fue sometido.<\/p>\n\n\n\n<p>El hombre es se\u00f1alado por el Departamento de Justicia de Estados Unidos de conspiraci\u00f3n para tr\u00e1fico de coca\u00edna y metanfetamina, posesi\u00f3n de ametralladoras y dispositivos destructivos, as\u00ed como de represalias contra testigos.<\/p>\n\n\n\n<p>La Agencia Antidrogas de Estados Unidos (DEA, por sus siglas en ingl\u00e9s) y el Departamento de Estado de EU ofrec\u00edan una recompensa de 3 millones de d\u00f3lares por brindar informaci\u00f3n del jefe de seguridad de Los Chapitos.<\/p>\n\n\n\n<p>En el transcurso de la tarde de este mi\u00e9rcoles el Registro Nacional de Detenciones inform\u00f3 que en el momento de la captura El Nini portaba una playera, pantal\u00f3n y tenis de color negro. Lo describi\u00f3 como un hombre de tez blanca, complexi\u00f3n media, con barba y bigote, de aproximadamente 1.70 metros.<\/p>\n\n\n\n<p>El 7 de enero de este a\u00f1o, en la colonia Miguel Hidalgo de Culiac\u00e1n, se implement\u00f3 un operativo que pretend\u00eda capturarlo, pero escap\u00f3.<\/p>\n\n\n\n<p>En esa ocasi\u00f3n, el secretario de Seguridad P\u00fablica de Sinaloa, Crist\u00f3bal Casta\u00f1eda, emiti\u00f3 un mensaje en redes sociales se\u00f1alando que no hubo detenidos en el operativo.<\/p>\n\n\n\n<p>David Saucedo, experto en seguridad nacional y analista pol\u00edtico, dijo a EL UNIVERSAL que la captura se trata de un duro golpe a la fracci\u00f3n de Los Chapitos.<\/p>\n\n\n\n<p>Destac\u00f3 que la detenci\u00f3n de El Nini significa que el gobierno de Estados Unidos no est\u00e1 satisfecho con la detenci\u00f3n y extradici\u00f3n de Ovidio Guzm\u00e1n ni con la reducci\u00f3n de los env\u00edos de fentanilo a ese pa\u00eds.<\/p>\n\n\n\n<p>\u201cCon el env\u00edo de una carta abierta, Los Chapitos han intentado convencer e influir en la opini\u00f3n p\u00fablica, tratando de contrarrestar la narrativa de la DEA que los se\u00f1ala como los principales introductores de fentanilo a ciudades estadounidenses.<\/p>\n\n\n\n<p>\u201cNada de esto ha funcionado&#8230; Washington sigue tras la pista de la estructura de los hijos de El Chapo, la cual quiere desmantelar por completo\u201d, subray\u00f3 Saucedo.<\/p>\n\n\n\n<h2 class=\"wp-block-heading\">Manten\u00edan rivalidad&nbsp; con Los Rusos de El Mayo Zambada<\/h2>\n\n\n\n<p>La rivalidad entre los grupos armados Los Rusos, afines a Ismael El Mayo Zambada Garc\u00eda, contra Los Ninis, que integran las filas de la organizaci\u00f3n de los hijos de Joaqu\u00edn El Chapo Guzm\u00e1n Loera, apodados Los Chapitos o Los Menores, y liderada por Iv\u00e1n Archivaldo Guzm\u00e1n Salazar, estall\u00f3 el 25 de noviembre de 2019, cuando Los Rusos golpearon con tablas a 11 polic\u00edas municipales de Culiac\u00e1n, Sinaloa, que proteg\u00edan a Los Chapitos, se lee en documentos de inteligencia militar revelados por el hackeo del grupo Guacamaya a la Secretar\u00eda de la Defensa Nacional (Sedena).<\/p>\n\n\n\n<p>Seg\u00fan la ficha llamada Conflicto entre c\u00e9lulas del CDP en Culiac\u00e1n, Los Rusos son liderados por Miguel \u00c1ngel Gaxiola Quintero, alias El Ruso ,y Los Ninis por N\u00e9stor Isidro P\u00e9rez Salas, alias El Nini. Los nombres de ambos suelen variar en los reportes.<\/p>\n\n\n\n<p>&#8220;A partir de entonces, ambos grupos disputan el control de la producci\u00f3n y venta de droga sint\u00e9tica en Culiac\u00e1n&#8221;, se lee en la ficha de marzo de 2020.<\/p>\n\n\n\n<p>En documentos oficiales al C\u00e1rtel de Sinaloa (CDS) se le identifica como el Cartel del Pacifico (CDP).<\/p>\n\n\n\n<p>&#8220;Su hostilidad es la principal causa de la violencia en Culiac\u00e1n&#8221;, establecen.<\/p>\n\n\n\n<p>Los Ninis, informan, &#8220;operan como cuerpo de seguridad de El Chapito (Guzm\u00e1n Salazar)&#8221;, y se trata de j\u00f3venes de 20 a 35 a\u00f1os de &#8220;perfil violento&#8221;.<\/p>\n\n\n\n<p>La Sedena los ubica como participantes en el ataque al Ej\u00e9rcito del 30 de septiembre de 2016, con saldo de cinco efectivos muertos y 10 heridos, y con el Culiacanazo del 17 de octubre de 2019, cuando se detuvo a Ovidio Guzm\u00e1n y m\u00e1s tarde fue liberado tras la presi\u00f3n de grupos armados.<\/p>\n\n\n\n<p>De Los Rusos se afirma que integran la seguridad de Zambada Garc\u00eda y act\u00faan con menos protagonismo, pero con alto nivel de agresividad;<\/p>\n\n\n\n<p>prevalece el riesgo de que aumente la violencia en Culiac\u00e1n por la competencia en la producci\u00f3n de drogas.<\/p>\n","protected":false},"excerpt":{"rendered":"<p>N\u00e9stor Isidro P\u00e9rez Salas, El Nini, presunto jefe de seguridad de\u00a0Los Chapitos, hijos de Joaqu\u00edn El Chapo Guzm\u00e1n, intent\u00f3 huir por los techos de las residencias en la calle Villa de Choix en Colinas de la Rivera, sector habitacional de Santa Fe, al norte de Culiac\u00e1n, Sinaloa. Sin embargo, con tan s\u00f3lo dos disparos al [&hellip;]<\/p>\n","protected":false},"author":1,"featured_media":16922,"comment_status":"closed","ping_status":"closed","sticky":false,"template":"","format":"aside","meta":{"googlesitekit_rrm_CAowytPeCw:productID":"","footnotes":""},"categories":[3],"tags":[6478],"class_list":["post-16921","post","type-post","status-publish","format-aside","has-post-thumbnail","hentry","category-nacional","tag-el-nini","post_format-post-format-aside"],"yoast_head":"<!-- This site is optimized with the Yoast SEO plugin v27.5 - https:\/\/yoast.com\/product\/yoast-seo-wordpress\/ -->\n<title>\u201cEl Nini\u201d, capturado ayer, manten\u00eda rivalidad con \u201cLos Rusos\u201d de \u201cEl Mayo\u201d Zambada |<\/title>\n<meta name=\"robots\" content=\"index, follow, max-snippet:-1, max-image-preview:large, max-video-preview:-1\" \/>\n<link rel=\"canonical\" href=\"https:\/\/conexionnacional.mx\/index.php\/2023\/11\/23\/el-nini-capturado-ayer-mantenia-rivalidad-con-los-rusos-de-el-mayo-zambada\/\" \/>\n<meta property=\"og:locale\" content=\"es_MX\" \/>\n<meta property=\"og:type\" content=\"article\" \/>\n<meta property=\"og:title\" content=\"\u201cEl Nini\u201d, capturado ayer, manten\u00eda rivalidad con \u201cLos Rusos\u201d de \u201cEl Mayo\u201d Zambada |\" \/>\n<meta property=\"og:description\" content=\"N\u00e9stor Isidro P\u00e9rez Salas, El Nini, presunto jefe de seguridad de\u00a0Los Chapitos, hijos de Joaqu\u00edn El Chapo Guzm\u00e1n, intent\u00f3 huir por los techos de las residencias en la calle Villa de Choix en Colinas de la Rivera, sector habitacional de Santa Fe, al norte de Culiac\u00e1n, Sinaloa. Sin embargo, con tan s\u00f3lo dos disparos al [&hellip;]\" \/>\n<meta property=\"og:url\" content=\"https:\/\/conexionnacional.mx\/index.php\/2023\/11\/23\/el-nini-capturado-ayer-mantenia-rivalidad-con-los-rusos-de-el-mayo-zambada\/\" \/>\n<meta property=\"og:site_name\" content=\"Conexi\u00f3n Nacional\" \/>\n<meta property=\"article:publisher\" content=\"https:\/\/www.facebook.com\/cnmxradio\" \/>\n<meta property=\"article:published_time\" content=\"2023-11-23T16:27:14+00:00\" \/>\n<meta property=\"article:modified_time\" content=\"2023-11-23T16:27:15+00:00\" \/>\n<meta property=\"og:image\" content=\"https:\/\/conexionnacional.mx\/wp-content\/uploads\/2023\/11\/IYGLOIQ2NJEABGZNHH4YKO233I.jpg\" \/>\n\t<meta property=\"og:image:width\" content=\"1200\" \/>\n\t<meta property=\"og:image:height\" content=\"900\" \/>\n\t<meta property=\"og:image:type\" content=\"image\/jpeg\" \/>\n<meta name=\"author\" content=\"Conexi\u00f3n Nacional\" \/>\n<meta name=\"twitter:card\" content=\"summary_large_image\" \/>\n<meta name=\"twitter:label1\" content=\"Escrito por\" \/>\n\t<meta name=\"twitter:data1\" content=\"Conexi\u00f3n Nacional\" \/>\n\t<meta name=\"twitter:label2\" content=\"Tiempo de lectura\" \/>\n\t<meta name=\"twitter:data2\" content=\"5 minutos\" \/>\n<script type=\"application\/ld+json\" class=\"yoast-schema-graph\">{\"@context\":\"https:\\\/\\\/schema.org\",\"@graph\":[{\"@type\":\"Article\",\"@id\":\"https:\\\/\\\/conexionnacional.mx\\\/index.php\\\/2023\\\/11\\\/23\\\/el-nini-capturado-ayer-mantenia-rivalidad-con-los-rusos-de-el-mayo-zambada\\\/#article\",\"isPartOf\":{\"@id\":\"https:\\\/\\\/conexionnacional.mx\\\/index.php\\\/2023\\\/11\\\/23\\\/el-nini-capturado-ayer-mantenia-rivalidad-con-los-rusos-de-el-mayo-zambada\\\/\"},\"author\":{\"name\":\"Conexi\u00f3n Nacional\",\"@id\":\"https:\\\/\\\/conexionnacional.mx\\\/#\\\/schema\\\/person\\\/dd14aeda902120f5e0e021903fdb6931\"},\"headline\":\"\u201cEl Nini\u201d, capturado ayer, manten\u00eda rivalidad con \u201cLos Rusos\u201d de \u201cEl Mayo\u201d Zambada\",\"datePublished\":\"2023-11-23T16:27:14+00:00\",\"dateModified\":\"2023-11-23T16:27:15+00:00\",\"mainEntityOfPage\":{\"@id\":\"https:\\\/\\\/conexionnacional.mx\\\/index.php\\\/2023\\\/11\\\/23\\\/el-nini-capturado-ayer-mantenia-rivalidad-con-los-rusos-de-el-mayo-zambada\\\/\"},\"wordCount\":1021,\"publisher\":{\"@id\":\"https:\\\/\\\/conexionnacional.mx\\\/#organization\"},\"image\":{\"@id\":\"https:\\\/\\\/conexionnacional.mx\\\/index.php\\\/2023\\\/11\\\/23\\\/el-nini-capturado-ayer-mantenia-rivalidad-con-los-rusos-de-el-mayo-zambada\\\/#primaryimage\"},\"thumbnailUrl\":\"https:\\\/\\\/conexionnacional.mx\\\/wp-content\\\/uploads\\\/2023\\\/11\\\/IYGLOIQ2NJEABGZNHH4YKO233I.jpg\",\"keywords\":[\"El Nini\"],\"articleSection\":[\"Nacional\"],\"inLanguage\":\"es\"},{\"@type\":\"WebPage\",\"@id\":\"https:\\\/\\\/conexionnacional.mx\\\/index.php\\\/2023\\\/11\\\/23\\\/el-nini-capturado-ayer-mantenia-rivalidad-con-los-rusos-de-el-mayo-zambada\\\/\",\"url\":\"https:\\\/\\\/conexionnacional.mx\\\/index.php\\\/2023\\\/11\\\/23\\\/el-nini-capturado-ayer-mantenia-rivalidad-con-los-rusos-de-el-mayo-zambada\\\/\",\"name\":\"\u201cEl Nini\u201d, capturado ayer, manten\u00eda rivalidad con \u201cLos Rusos\u201d de \u201cEl Mayo\u201d Zambada |\",\"isPartOf\":{\"@id\":\"https:\\\/\\\/conexionnacional.mx\\\/#website\"},\"primaryImageOfPage\":{\"@id\":\"https:\\\/\\\/conexionnacional.mx\\\/index.php\\\/2023\\\/11\\\/23\\\/el-nini-capturado-ayer-mantenia-rivalidad-con-los-rusos-de-el-mayo-zambada\\\/#primaryimage\"},\"image\":{\"@id\":\"https:\\\/\\\/conexionnacional.mx\\\/index.php\\\/2023\\\/11\\\/23\\\/el-nini-capturado-ayer-mantenia-rivalidad-con-los-rusos-de-el-mayo-zambada\\\/#primaryimage\"},\"thumbnailUrl\":\"https:\\\/\\\/conexionnacional.mx\\\/wp-content\\\/uploads\\\/2023\\\/11\\\/IYGLOIQ2NJEABGZNHH4YKO233I.jpg\",\"datePublished\":\"2023-11-23T16:27:14+00:00\",\"dateModified\":\"2023-11-23T16:27:15+00:00\",\"breadcrumb\":{\"@id\":\"https:\\\/\\\/conexionnacional.mx\\\/index.php\\\/2023\\\/11\\\/23\\\/el-nini-capturado-ayer-mantenia-rivalidad-con-los-rusos-de-el-mayo-zambada\\\/#breadcrumb\"},\"inLanguage\":\"es\",\"potentialAction\":[{\"@type\":\"ReadAction\",\"target\":[\"https:\\\/\\\/conexionnacional.mx\\\/index.php\\\/2023\\\/11\\\/23\\\/el-nini-capturado-ayer-mantenia-rivalidad-con-los-rusos-de-el-mayo-zambada\\\/\"]}]},{\"@type\":\"ImageObject\",\"inLanguage\":\"es\",\"@id\":\"https:\\\/\\\/conexionnacional.mx\\\/index.php\\\/2023\\\/11\\\/23\\\/el-nini-capturado-ayer-mantenia-rivalidad-con-los-rusos-de-el-mayo-zambada\\\/#primaryimage\",\"url\":\"https:\\\/\\\/conexionnacional.mx\\\/wp-content\\\/uploads\\\/2023\\\/11\\\/IYGLOIQ2NJEABGZNHH4YKO233I.jpg\",\"contentUrl\":\"https:\\\/\\\/conexionnacional.mx\\\/wp-content\\\/uploads\\\/2023\\\/11\\\/IYGLOIQ2NJEABGZNHH4YKO233I.jpg\",\"width\":1200,\"height\":900},{\"@type\":\"BreadcrumbList\",\"@id\":\"https:\\\/\\\/conexionnacional.mx\\\/index.php\\\/2023\\\/11\\\/23\\\/el-nini-capturado-ayer-mantenia-rivalidad-con-los-rusos-de-el-mayo-zambada\\\/#breadcrumb\",\"itemListElement\":[{\"@type\":\"ListItem\",\"position\":1,\"name\":\"Inicio\",\"item\":\"https:\\\/\\\/conexionnacional.mx\\\/\"},{\"@type\":\"ListItem\",\"position\":2,\"name\":\"\u201cEl Nini\u201d, capturado ayer, manten\u00eda rivalidad con \u201cLos Rusos\u201d de \u201cEl Mayo\u201d Zambada\"}]},{\"@type\":\"WebSite\",\"@id\":\"https:\\\/\\\/conexionnacional.mx\\\/#website\",\"url\":\"https:\\\/\\\/conexionnacional.mx\\\/\",\"name\":\"Conexi\u00f3n Nacional\",\"description\":\"Noticias al momento\",\"publisher\":{\"@id\":\"https:\\\/\\\/conexionnacional.mx\\\/#organization\"},\"alternateName\":\"Noticias nacionales\",\"potentialAction\":[{\"@type\":\"SearchAction\",\"target\":{\"@type\":\"EntryPoint\",\"urlTemplate\":\"https:\\\/\\\/conexionnacional.mx\\\/?s={search_term_string}\"},\"query-input\":{\"@type\":\"PropertyValueSpecification\",\"valueRequired\":true,\"valueName\":\"search_term_string\"}}],\"inLanguage\":\"es\"},{\"@type\":\"Organization\",\"@id\":\"https:\\\/\\\/conexionnacional.mx\\\/#organization\",\"name\":\"Conexi\u00f3n Nacional\",\"url\":\"https:\\\/\\\/conexionnacional.mx\\\/\",\"logo\":{\"@type\":\"ImageObject\",\"inLanguage\":\"es\",\"@id\":\"https:\\\/\\\/conexionnacional.mx\\\/#\\\/schema\\\/logo\\\/image\\\/\",\"url\":\"https:\\\/\\\/conexionnacional.mx\\\/wp-content\\\/uploads\\\/2022\\\/09\\\/conexion_nacional.png\",\"contentUrl\":\"https:\\\/\\\/conexionnacional.mx\\\/wp-content\\\/uploads\\\/2022\\\/09\\\/conexion_nacional.png\",\"width\":2964,\"height\":1173,\"caption\":\"Conexi\u00f3n Nacional\"},\"image\":{\"@id\":\"https:\\\/\\\/conexionnacional.mx\\\/#\\\/schema\\\/logo\\\/image\\\/\"},\"sameAs\":[\"https:\\\/\\\/www.facebook.com\\\/cnmxradio\"]},{\"@type\":\"Person\",\"@id\":\"https:\\\/\\\/conexionnacional.mx\\\/#\\\/schema\\\/person\\\/dd14aeda902120f5e0e021903fdb6931\",\"name\":\"Conexi\u00f3n Nacional\",\"image\":{\"@type\":\"ImageObject\",\"inLanguage\":\"es\",\"@id\":\"https:\\\/\\\/secure.gravatar.com\\\/avatar\\\/e523100f284110b2ecca7e17b2be9cf140a5e8f35294c9ec0543e6916cc1f9be?s=96&d=blank&r=g\",\"url\":\"https:\\\/\\\/secure.gravatar.com\\\/avatar\\\/e523100f284110b2ecca7e17b2be9cf140a5e8f35294c9ec0543e6916cc1f9be?s=96&d=blank&r=g\",\"contentUrl\":\"https:\\\/\\\/secure.gravatar.com\\\/avatar\\\/e523100f284110b2ecca7e17b2be9cf140a5e8f35294c9ec0543e6916cc1f9be?s=96&d=blank&r=g\",\"caption\":\"Conexi\u00f3n Nacional\"},\"sameAs\":[\"https:\\\/\\\/conexionnacional.mx\"],\"url\":\"https:\\\/\\\/conexionnacional.mx\\\/index.php\\\/author\\\/administrador\\\/\"}]}<\/script>\n<!-- \/ Yoast SEO plugin. -->","yoast_head_json":{"title":"\u201cEl Nini\u201d, capturado ayer, manten\u00eda rivalidad con \u201cLos Rusos\u201d de \u201cEl Mayo\u201d Zambada |","robots":{"index":"index","follow":"follow","max-snippet":"max-snippet:-1","max-image-preview":"max-image-preview:large","max-video-preview":"max-video-preview:-1"},"canonical":"https:\/\/conexionnacional.mx\/index.php\/2023\/11\/23\/el-nini-capturado-ayer-mantenia-rivalidad-con-los-rusos-de-el-mayo-zambada\/","og_locale":"es_MX","og_type":"article","og_title":"\u201cEl Nini\u201d, capturado ayer, manten\u00eda rivalidad con \u201cLos Rusos\u201d de \u201cEl Mayo\u201d Zambada |","og_description":"N\u00e9stor Isidro P\u00e9rez Salas, El Nini, presunto jefe de seguridad de\u00a0Los Chapitos, hijos de Joaqu\u00edn El Chapo Guzm\u00e1n, intent\u00f3 huir por los techos de las residencias en la calle Villa de Choix en Colinas de la Rivera, sector habitacional de Santa Fe, al norte de Culiac\u00e1n, Sinaloa. Sin embargo, con tan s\u00f3lo dos disparos al [&hellip;]","og_url":"https:\/\/conexionnacional.mx\/index.php\/2023\/11\/23\/el-nini-capturado-ayer-mantenia-rivalidad-con-los-rusos-de-el-mayo-zambada\/","og_site_name":"Conexi\u00f3n Nacional","article_publisher":"https:\/\/www.facebook.com\/cnmxradio","article_published_time":"2023-11-23T16:27:14+00:00","article_modified_time":"2023-11-23T16:27:15+00:00","og_image":[{"width":1200,"height":900,"url":"https:\/\/conexionnacional.mx\/wp-content\/uploads\/2023\/11\/IYGLOIQ2NJEABGZNHH4YKO233I.jpg","type":"image\/jpeg"}],"author":"Conexi\u00f3n Nacional","twitter_card":"summary_large_image","twitter_misc":{"Escrito por":"Conexi\u00f3n Nacional","Tiempo de lectura":"5 minutos"},"schema":{"@context":"https:\/\/schema.org","@graph":[{"@type":"Article","@id":"https:\/\/conexionnacional.mx\/index.php\/2023\/11\/23\/el-nini-capturado-ayer-mantenia-rivalidad-con-los-rusos-de-el-mayo-zambada\/#article","isPartOf":{"@id":"https:\/\/conexionnacional.mx\/index.php\/2023\/11\/23\/el-nini-capturado-ayer-mantenia-rivalidad-con-los-rusos-de-el-mayo-zambada\/"},"author":{"name":"Conexi\u00f3n Nacional","@id":"https:\/\/conexionnacional.mx\/#\/schema\/person\/dd14aeda902120f5e0e021903fdb6931"},"headline":"\u201cEl Nini\u201d, capturado ayer, manten\u00eda rivalidad con \u201cLos Rusos\u201d de \u201cEl Mayo\u201d Zambada","datePublished":"2023-11-23T16:27:14+00:00","dateModified":"2023-11-23T16:27:15+00:00","mainEntityOfPage":{"@id":"https:\/\/conexionnacional.mx\/index.php\/2023\/11\/23\/el-nini-capturado-ayer-mantenia-rivalidad-con-los-rusos-de-el-mayo-zambada\/"},"wordCount":1021,"publisher":{"@id":"https:\/\/conexionnacional.mx\/#organization"},"image":{"@id":"https:\/\/conexionnacional.mx\/index.php\/2023\/11\/23\/el-nini-capturado-ayer-mantenia-rivalidad-con-los-rusos-de-el-mayo-zambada\/#primaryimage"},"thumbnailUrl":"https:\/\/conexionnacional.mx\/wp-content\/uploads\/2023\/11\/IYGLOIQ2NJEABGZNHH4YKO233I.jpg","keywords":["El Nini"],"articleSection":["Nacional"],"inLanguage":"es"},{"@type":"WebPage","@id":"https:\/\/conexionnacional.mx\/index.php\/2023\/11\/23\/el-nini-capturado-ayer-mantenia-rivalidad-con-los-rusos-de-el-mayo-zambada\/","url":"https:\/\/conexionnacional.mx\/index.php\/2023\/11\/23\/el-nini-capturado-ayer-mantenia-rivalidad-con-los-rusos-de-el-mayo-zambada\/","name":"\u201cEl Nini\u201d, capturado ayer, manten\u00eda rivalidad con \u201cLos Rusos\u201d de \u201cEl Mayo\u201d Zambada |","isPartOf":{"@id":"https:\/\/conexionnacional.mx\/#website"},"primaryImageOfPage":{"@id":"https:\/\/conexionnacional.mx\/index.php\/2023\/11\/23\/el-nini-capturado-ayer-mantenia-rivalidad-con-los-rusos-de-el-mayo-zambada\/#primaryimage"},"image":{"@id":"https:\/\/conexionnacional.mx\/index.php\/2023\/11\/23\/el-nini-capturado-ayer-mantenia-rivalidad-con-los-rusos-de-el-mayo-zambada\/#primaryimage"},"thumbnailUrl":"https:\/\/conexionnacional.mx\/wp-content\/uploads\/2023\/11\/IYGLOIQ2NJEABGZNHH4YKO233I.jpg","datePublished":"2023-11-23T16:27:14+00:00","dateModified":"2023-11-23T16:27:15+00:00","breadcrumb":{"@id":"https:\/\/conexionnacional.mx\/index.php\/2023\/11\/23\/el-nini-capturado-ayer-mantenia-rivalidad-con-los-rusos-de-el-mayo-zambada\/#breadcrumb"},"inLanguage":"es","potentialAction":[{"@type":"ReadAction","target":["https:\/\/conexionnacional.mx\/index.php\/2023\/11\/23\/el-nini-capturado-ayer-mantenia-rivalidad-con-los-rusos-de-el-mayo-zambada\/"]}]},{"@type":"ImageObject","inLanguage":"es","@id":"https:\/\/conexionnacional.mx\/index.php\/2023\/11\/23\/el-nini-capturado-ayer-mantenia-rivalidad-con-los-rusos-de-el-mayo-zambada\/#primaryimage","url":"https:\/\/conexionnacional.mx\/wp-content\/uploads\/2023\/11\/IYGLOIQ2NJEABGZNHH4YKO233I.jpg","contentUrl":"https:\/\/conexionnacional.mx\/wp-content\/uploads\/2023\/11\/IYGLOIQ2NJEABGZNHH4YKO233I.jpg","width":1200,"height":900},{"@type":"BreadcrumbList","@id":"https:\/\/conexionnacional.mx\/index.php\/2023\/11\/23\/el-nini-capturado-ayer-mantenia-rivalidad-con-los-rusos-de-el-mayo-zambada\/#breadcrumb","itemListElement":[{"@type":"ListItem","position":1,"name":"Inicio","item":"https:\/\/conexionnacional.mx\/"},{"@type":"ListItem","position":2,"name":"\u201cEl Nini\u201d, capturado ayer, manten\u00eda rivalidad con \u201cLos Rusos\u201d de \u201cEl Mayo\u201d Zambada"}]},{"@type":"WebSite","@id":"https:\/\/conexionnacional.mx\/#website","url":"https:\/\/conexionnacional.mx\/","name":"Conexi\u00f3n Nacional","description":"Noticias al momento","publisher":{"@id":"https:\/\/conexionnacional.mx\/#organization"},"alternateName":"Noticias nacionales","potentialAction":[{"@type":"SearchAction","target":{"@type":"EntryPoint","urlTemplate":"https:\/\/conexionnacional.mx\/?s={search_term_string}"},"query-input":{"@type":"PropertyValueSpecification","valueRequired":true,"valueName":"search_term_string"}}],"inLanguage":"es"},{"@type":"Organization","@id":"https:\/\/conexionnacional.mx\/#organization","name":"Conexi\u00f3n Nacional","url":"https:\/\/conexionnacional.mx\/","logo":{"@type":"ImageObject","inLanguage":"es","@id":"https:\/\/conexionnacional.mx\/#\/schema\/logo\/image\/","url":"https:\/\/conexionnacional.mx\/wp-content\/uploads\/2022\/09\/conexion_nacional.png","contentUrl":"https:\/\/conexionnacional.mx\/wp-content\/uploads\/2022\/09\/conexion_nacional.png","width":2964,"height":1173,"caption":"Conexi\u00f3n Nacional"},"image":{"@id":"https:\/\/conexionnacional.mx\/#\/schema\/logo\/image\/"},"sameAs":["https:\/\/www.facebook.com\/cnmxradio"]},{"@type":"Person","@id":"https:\/\/conexionnacional.mx\/#\/schema\/person\/dd14aeda902120f5e0e021903fdb6931","name":"Conexi\u00f3n Nacional","image":{"@type":"ImageObject","inLanguage":"es","@id":"https:\/\/secure.gravatar.com\/avatar\/e523100f284110b2ecca7e17b2be9cf140a5e8f35294c9ec0543e6916cc1f9be?s=96&d=blank&r=g","url":"https:\/\/secure.gravatar.com\/avatar\/e523100f284110b2ecca7e17b2be9cf140a5e8f35294c9ec0543e6916cc1f9be?s=96&d=blank&r=g","contentUrl":"https:\/\/secure.gravatar.com\/avatar\/e523100f284110b2ecca7e17b2be9cf140a5e8f35294c9ec0543e6916cc1f9be?s=96&d=blank&r=g","caption":"Conexi\u00f3n Nacional"},"sameAs":["https:\/\/conexionnacional.mx"],"url":"https:\/\/conexionnacional.mx\/index.php\/author\/administrador\/"}]}},"_links":{"self":[{"href":"https:\/\/conexionnacional.mx\/index.php\/wp-json\/wp\/v2\/posts\/16921","targetHints":{"allow":["GET"]}}],"collection":[{"href":"https:\/\/conexionnacional.mx\/index.php\/wp-json\/wp\/v2\/posts"}],"about":[{"href":"https:\/\/conexionnacional.mx\/index.php\/wp-json\/wp\/v2\/types\/post"}],"author":[{"embeddable":true,"href":"https:\/\/conexionnacional.mx\/index.php\/wp-json\/wp\/v2\/users\/1"}],"replies":[{"embeddable":true,"href":"https:\/\/conexionnacional.mx\/index.php\/wp-json\/wp\/v2\/comments?post=16921"}],"version-history":[{"count":1,"href":"https:\/\/conexionnacional.mx\/index.php\/wp-json\/wp\/v2\/posts\/16921\/revisions"}],"predecessor-version":[{"id":16923,"href":"https:\/\/conexionnacional.mx\/index.php\/wp-json\/wp\/v2\/posts\/16921\/revisions\/16923"}],"wp:featuredmedia":[{"embeddable":true,"href":"https:\/\/conexionnacional.mx\/index.php\/wp-json\/wp\/v2\/media\/16922"}],"wp:attachment":[{"href":"https:\/\/conexionnacional.mx\/index.php\/wp-json\/wp\/v2\/media?parent=16921"}],"wp:term":[{"taxonomy":"category","embeddable":true,"href":"https:\/\/conexionnacional.mx\/index.php\/wp-json\/wp\/v2\/categories?post=16921"},{"taxonomy":"post_tag","embeddable":true,"href":"https:\/\/conexionnacional.mx\/index.php\/wp-json\/wp\/v2\/tags?post=16921"}],"curies":[{"name":"wp","href":"https:\/\/api.w.org\/{rel}","templated":true}]}}