{"id":16875,"date":"2023-11-17T10:14:26","date_gmt":"2023-11-17T16:14:26","guid":{"rendered":"https:\/\/conexionnacional.mx\/?p=16875"},"modified":"2023-11-17T10:14:27","modified_gmt":"2023-11-17T16:14:27","slug":"macabro-caen-santeros-con-cadaver-de-bebe-en-un-frasco","status":"publish","type":"post","link":"https:\/\/conexionnacional.mx\/index.php\/2023\/11\/17\/macabro-caen-santeros-con-cadaver-de-bebe-en-un-frasco\/","title":{"rendered":"\u00a1Macabro! Caen &#8216;Santeros&#8217; con cad\u00e1ver de beb\u00e9 en un frasco"},"content":{"rendered":"\n<p>Tres sujetos fueron detenidos por elementos de inteligencia de la\u00a0<strong>Secretar\u00eda de Seguridad Ciudadana de la Ciudad de M\u00e9xico\u00a0<\/strong>debido a que presuntamente ten\u00edan en su poder el\u00a0<strong>cad\u00e1ver de un beb\u00e9 dentro de un frasco.<\/strong><\/p>\n\n\n\n<figure class=\"wp-block-image\"><img decoding=\"async\" src=\"data:image\/gif;base64,R0lGODlhAQABAAAAACH5BAEKAAEALAAAAAABAAEAAAICTAEAOw==\" data-src=\"https:\/\/cdn2.excelsior.com.mx\/media\/inside-the-note\/pictures\/2023\/11\/17\/santeros-0.jpg\" alt=\"beb\u00e9\" class=\"lazyload\" title=\"\"\/><\/figure>\n\n\n\n<p>Los individuos identificados como&nbsp;<strong>Alexis \u2018N\u2019, Diego \u2018N\u2019 y Uriel \u2018N\u2019&nbsp;<\/strong>se\u00f1alaron que el cuerpo del beb\u00e9 iba a ser utilizado en un ritual de&nbsp;<strong>Santer\u00eda.<\/strong><\/p>\n\n\n\n<p>Los aprehendidos aseguraron ser santeros y practicar\u00a0<strong>rituales sat\u00e1nicos.<\/strong><\/p>\n\n\n\n<figure class=\"wp-block-embed is-type-rich is-provider-twitter wp-block-embed-twitter\"><div class=\"wp-block-embed__wrapper\">\nhttps:\/\/twitter.com\/c4jimenez\/status\/1725366670355529884?ref_src=twsrc%5Etfw%7Ctwcamp%5Etweetembed%7Ctwterm%5E1725366670355529884%7Ctwgr%5E0dfb0b2932083481c658aa9d43caf4be7670ee4a%7Ctwcon%5Es1_&#038;ref_url=https%3A%2F%2Fwww.excelsior.com.mx%2Fcomunidad%2Fmacabro-caen-santeros-con-cadaver-de-bebe-en-un-frasco-en-cdmx%2F1620315\n<\/div><\/figure>\n\n\n\n<p>Adem\u00e1s del cuerpo del ni\u00f1o, les fueron hallados&nbsp;<strong>gallinas, palomas, perros, as\u00ed como varios gatos,<\/strong>&nbsp;la mayor\u00eda de color negro. &nbsp;<\/p>\n\n\n\n<figure class=\"wp-block-image\"><img decoding=\"async\" src=\"data:image\/gif;base64,R0lGODlhAQABAAAAACH5BAEKAAEALAAAAAABAAEAAAICTAEAOw==\" data-src=\"https:\/\/cdn2.excelsior.com.mx\/media\/inside-the-note\/pictures\/2023\/11\/17\/santeros-2.jpg\" alt=\"gatitos\" class=\"lazyload\" title=\"\"\/><\/figure>\n\n\n\n<h2 class=\"wp-block-heading\"><strong>\u00bfQu\u00e9 es la Santer\u00eda?<\/strong><\/h2>\n\n\n\n<p>La Santer\u00eda es una religi\u00f3n que tiene sus ra\u00edces en las tradiciones espirituales africanas, especialmente en las creencias de los yoruba, que fueron llevadas a Am\u00e9rica durante la trata de esclavos. Se desarroll\u00f3 en el contexto de la di\u00e1spora africana en Am\u00e9rica Latina y el Caribe, particularmente en Cuba, donde se mezclaron las creencias yoruba con elementos del catolicismo y las creencias ind\u00edgenas.<\/p>\n\n\n\n<p>La Santer\u00eda combina elementos de diferentes tradiciones religiosas, se observa una fusi\u00f3n de las creencias yoruba con el catolicismo. Los practicantes de la Santer\u00eda adoran a orishas u orichas, que son deidades asociadas con diversos aspectos de la naturaleza y la vida humana. Cada orisha tiene atributos espec\u00edficos y es venerado de manera \u00fanica.<\/p>\n\n\n\n<figure class=\"wp-block-image\"><img decoding=\"async\" src=\"data:image\/gif;base64,R0lGODlhAQABAAAAACH5BAEKAAEALAAAAAABAAEAAAICTAEAOw==\" data-src=\"https:\/\/cdn2.excelsior.com.mx\/media\/inside-the-note\/pictures\/2023\/11\/17\/santeros-1.jpg\" alt=\"gallinas\" class=\"lazyload\" title=\"\"\/><\/figure>\n\n\n\n<p>Los rituales suelen incluir m\u00fasica, danza, ofrendas y sacrificios simb\u00f3licos. En la Santer\u00eda<strong>&nbsp;se practican sacrificios de animales como parte de ciertos rituales,<\/strong>&nbsp;se cree que los sacrificios de animales son una forma de mantener el equilibrio y la armon\u00eda con las fuerzas espirituales, as\u00ed como de establecer una conexi\u00f3n m\u00e1s cercana con los orishas.<\/p>\n\n\n\n<p>La Santer\u00eda no es homog\u00e9nea y puede manifestarse de diversas maneras en diferentes contextos culturales.<\/p>\n","protected":false},"excerpt":{"rendered":"<p>Tres sujetos fueron detenidos por elementos de inteligencia de la\u00a0Secretar\u00eda de Seguridad Ciudadana de la Ciudad de M\u00e9xico\u00a0debido a que presuntamente ten\u00edan en su poder el\u00a0cad\u00e1ver de un beb\u00e9 dentro de un frasco. Los individuos identificados como&nbsp;Alexis \u2018N\u2019, Diego \u2018N\u2019 y Uriel \u2018N\u2019&nbsp;se\u00f1alaron que el cuerpo del beb\u00e9 iba a ser utilizado en un ritual [&hellip;]<\/p>\n","protected":false},"author":1,"featured_media":16876,"comment_status":"closed","ping_status":"closed","sticky":false,"template":"","format":"aside","meta":{"googlesitekit_rrm_CAowytPeCw:productID":"","footnotes":""},"categories":[20],"tags":[41,6475],"class_list":["post-16875","post","type-post","status-publish","format-aside","has-post-thumbnail","hentry","category-policiaca","tag-cdmx","tag-santeros","post_format-post-format-aside"],"yoast_head":"<!-- This site is optimized with the Yoast SEO plugin v27.5 - https:\/\/yoast.com\/product\/yoast-seo-wordpress\/ -->\n<title>\u00a1Macabro! Caen &#039;Santeros&#039; con cad\u00e1ver de beb\u00e9 en un frasco |<\/title>\n<meta name=\"robots\" content=\"index, follow, max-snippet:-1, max-image-preview:large, max-video-preview:-1\" \/>\n<link rel=\"canonical\" href=\"https:\/\/conexionnacional.mx\/index.php\/2023\/11\/17\/macabro-caen-santeros-con-cadaver-de-bebe-en-un-frasco\/\" \/>\n<meta property=\"og:locale\" content=\"es_MX\" \/>\n<meta property=\"og:type\" content=\"article\" \/>\n<meta property=\"og:title\" content=\"\u00a1Macabro! Caen &#039;Santeros&#039; con cad\u00e1ver de beb\u00e9 en un frasco |\" \/>\n<meta property=\"og:description\" content=\"Tres sujetos fueron detenidos por elementos de inteligencia de la\u00a0Secretar\u00eda de Seguridad Ciudadana de la Ciudad de M\u00e9xico\u00a0debido a que presuntamente ten\u00edan en su poder el\u00a0cad\u00e1ver de un beb\u00e9 dentro de un frasco. Los individuos identificados como&nbsp;Alexis \u2018N\u2019, Diego \u2018N\u2019 y Uriel \u2018N\u2019&nbsp;se\u00f1alaron que el cuerpo del beb\u00e9 iba a ser utilizado en un ritual [&hellip;]\" \/>\n<meta property=\"og:url\" content=\"https:\/\/conexionnacional.mx\/index.php\/2023\/11\/17\/macabro-caen-santeros-con-cadaver-de-bebe-en-un-frasco\/\" \/>\n<meta property=\"og:site_name\" content=\"Conexi\u00f3n Nacional\" \/>\n<meta property=\"article:publisher\" content=\"https:\/\/www.facebook.com\/cnmxradio\" \/>\n<meta property=\"article:published_time\" content=\"2023-11-17T16:14:26+00:00\" \/>\n<meta property=\"article:modified_time\" content=\"2023-11-17T16:14:27+00:00\" \/>\n<meta property=\"og:image\" content=\"https:\/\/conexionnacional.mx\/wp-content\/uploads\/2023\/11\/3035566.jpg\" \/>\n\t<meta property=\"og:image:width\" content=\"800\" \/>\n\t<meta property=\"og:image:height\" content=\"600\" \/>\n\t<meta property=\"og:image:type\" content=\"image\/jpeg\" \/>\n<meta name=\"author\" content=\"Conexi\u00f3n Nacional\" \/>\n<meta name=\"twitter:card\" content=\"summary_large_image\" \/>\n<meta name=\"twitter:label1\" content=\"Escrito por\" \/>\n\t<meta name=\"twitter:data1\" content=\"Conexi\u00f3n Nacional\" \/>\n\t<meta name=\"twitter:label2\" content=\"Tiempo de lectura\" \/>\n\t<meta name=\"twitter:data2\" content=\"2 minutos\" \/>\n<script type=\"application\/ld+json\" class=\"yoast-schema-graph\">{\"@context\":\"https:\\\/\\\/schema.org\",\"@graph\":[{\"@type\":\"Article\",\"@id\":\"https:\\\/\\\/conexionnacional.mx\\\/index.php\\\/2023\\\/11\\\/17\\\/macabro-caen-santeros-con-cadaver-de-bebe-en-un-frasco\\\/#article\",\"isPartOf\":{\"@id\":\"https:\\\/\\\/conexionnacional.mx\\\/index.php\\\/2023\\\/11\\\/17\\\/macabro-caen-santeros-con-cadaver-de-bebe-en-un-frasco\\\/\"},\"author\":{\"name\":\"Conexi\u00f3n Nacional\",\"@id\":\"https:\\\/\\\/conexionnacional.mx\\\/#\\\/schema\\\/person\\\/dd14aeda902120f5e0e021903fdb6931\"},\"headline\":\"\u00a1Macabro! Caen &#8216;Santeros&#8217; con cad\u00e1ver de beb\u00e9 en un frasco\",\"datePublished\":\"2023-11-17T16:14:26+00:00\",\"dateModified\":\"2023-11-17T16:14:27+00:00\",\"mainEntityOfPage\":{\"@id\":\"https:\\\/\\\/conexionnacional.mx\\\/index.php\\\/2023\\\/11\\\/17\\\/macabro-caen-santeros-con-cadaver-de-bebe-en-un-frasco\\\/\"},\"wordCount\":371,\"publisher\":{\"@id\":\"https:\\\/\\\/conexionnacional.mx\\\/#organization\"},\"image\":{\"@id\":\"https:\\\/\\\/conexionnacional.mx\\\/index.php\\\/2023\\\/11\\\/17\\\/macabro-caen-santeros-con-cadaver-de-bebe-en-un-frasco\\\/#primaryimage\"},\"thumbnailUrl\":\"https:\\\/\\\/conexionnacional.mx\\\/wp-content\\\/uploads\\\/2023\\\/11\\\/3035566.jpg\",\"keywords\":[\"CDMX\",\"Santeros\"],\"articleSection\":[\"Polic\u00edaca\"],\"inLanguage\":\"es\"},{\"@type\":\"WebPage\",\"@id\":\"https:\\\/\\\/conexionnacional.mx\\\/index.php\\\/2023\\\/11\\\/17\\\/macabro-caen-santeros-con-cadaver-de-bebe-en-un-frasco\\\/\",\"url\":\"https:\\\/\\\/conexionnacional.mx\\\/index.php\\\/2023\\\/11\\\/17\\\/macabro-caen-santeros-con-cadaver-de-bebe-en-un-frasco\\\/\",\"name\":\"\u00a1Macabro! Caen 'Santeros' con cad\u00e1ver de beb\u00e9 en un frasco |\",\"isPartOf\":{\"@id\":\"https:\\\/\\\/conexionnacional.mx\\\/#website\"},\"primaryImageOfPage\":{\"@id\":\"https:\\\/\\\/conexionnacional.mx\\\/index.php\\\/2023\\\/11\\\/17\\\/macabro-caen-santeros-con-cadaver-de-bebe-en-un-frasco\\\/#primaryimage\"},\"image\":{\"@id\":\"https:\\\/\\\/conexionnacional.mx\\\/index.php\\\/2023\\\/11\\\/17\\\/macabro-caen-santeros-con-cadaver-de-bebe-en-un-frasco\\\/#primaryimage\"},\"thumbnailUrl\":\"https:\\\/\\\/conexionnacional.mx\\\/wp-content\\\/uploads\\\/2023\\\/11\\\/3035566.jpg\",\"datePublished\":\"2023-11-17T16:14:26+00:00\",\"dateModified\":\"2023-11-17T16:14:27+00:00\",\"breadcrumb\":{\"@id\":\"https:\\\/\\\/conexionnacional.mx\\\/index.php\\\/2023\\\/11\\\/17\\\/macabro-caen-santeros-con-cadaver-de-bebe-en-un-frasco\\\/#breadcrumb\"},\"inLanguage\":\"es\",\"potentialAction\":[{\"@type\":\"ReadAction\",\"target\":[\"https:\\\/\\\/conexionnacional.mx\\\/index.php\\\/2023\\\/11\\\/17\\\/macabro-caen-santeros-con-cadaver-de-bebe-en-un-frasco\\\/\"]}]},{\"@type\":\"ImageObject\",\"inLanguage\":\"es\",\"@id\":\"https:\\\/\\\/conexionnacional.mx\\\/index.php\\\/2023\\\/11\\\/17\\\/macabro-caen-santeros-con-cadaver-de-bebe-en-un-frasco\\\/#primaryimage\",\"url\":\"https:\\\/\\\/conexionnacional.mx\\\/wp-content\\\/uploads\\\/2023\\\/11\\\/3035566.jpg\",\"contentUrl\":\"https:\\\/\\\/conexionnacional.mx\\\/wp-content\\\/uploads\\\/2023\\\/11\\\/3035566.jpg\",\"width\":800,\"height\":600},{\"@type\":\"BreadcrumbList\",\"@id\":\"https:\\\/\\\/conexionnacional.mx\\\/index.php\\\/2023\\\/11\\\/17\\\/macabro-caen-santeros-con-cadaver-de-bebe-en-un-frasco\\\/#breadcrumb\",\"itemListElement\":[{\"@type\":\"ListItem\",\"position\":1,\"name\":\"Inicio\",\"item\":\"https:\\\/\\\/conexionnacional.mx\\\/\"},{\"@type\":\"ListItem\",\"position\":2,\"name\":\"\u00a1Macabro! Caen &#8216;Santeros&#8217; con cad\u00e1ver de beb\u00e9 en un frasco\"}]},{\"@type\":\"WebSite\",\"@id\":\"https:\\\/\\\/conexionnacional.mx\\\/#website\",\"url\":\"https:\\\/\\\/conexionnacional.mx\\\/\",\"name\":\"Conexi\u00f3n Nacional\",\"description\":\"Noticias al momento\",\"publisher\":{\"@id\":\"https:\\\/\\\/conexionnacional.mx\\\/#organization\"},\"alternateName\":\"Noticias nacionales\",\"potentialAction\":[{\"@type\":\"SearchAction\",\"target\":{\"@type\":\"EntryPoint\",\"urlTemplate\":\"https:\\\/\\\/conexionnacional.mx\\\/?s={search_term_string}\"},\"query-input\":{\"@type\":\"PropertyValueSpecification\",\"valueRequired\":true,\"valueName\":\"search_term_string\"}}],\"inLanguage\":\"es\"},{\"@type\":\"Organization\",\"@id\":\"https:\\\/\\\/conexionnacional.mx\\\/#organization\",\"name\":\"Conexi\u00f3n Nacional\",\"url\":\"https:\\\/\\\/conexionnacional.mx\\\/\",\"logo\":{\"@type\":\"ImageObject\",\"inLanguage\":\"es\",\"@id\":\"https:\\\/\\\/conexionnacional.mx\\\/#\\\/schema\\\/logo\\\/image\\\/\",\"url\":\"https:\\\/\\\/conexionnacional.mx\\\/wp-content\\\/uploads\\\/2022\\\/09\\\/conexion_nacional.png\",\"contentUrl\":\"https:\\\/\\\/conexionnacional.mx\\\/wp-content\\\/uploads\\\/2022\\\/09\\\/conexion_nacional.png\",\"width\":2964,\"height\":1173,\"caption\":\"Conexi\u00f3n Nacional\"},\"image\":{\"@id\":\"https:\\\/\\\/conexionnacional.mx\\\/#\\\/schema\\\/logo\\\/image\\\/\"},\"sameAs\":[\"https:\\\/\\\/www.facebook.com\\\/cnmxradio\"]},{\"@type\":\"Person\",\"@id\":\"https:\\\/\\\/conexionnacional.mx\\\/#\\\/schema\\\/person\\\/dd14aeda902120f5e0e021903fdb6931\",\"name\":\"Conexi\u00f3n Nacional\",\"image\":{\"@type\":\"ImageObject\",\"inLanguage\":\"es\",\"@id\":\"https:\\\/\\\/secure.gravatar.com\\\/avatar\\\/e523100f284110b2ecca7e17b2be9cf140a5e8f35294c9ec0543e6916cc1f9be?s=96&d=blank&r=g\",\"url\":\"https:\\\/\\\/secure.gravatar.com\\\/avatar\\\/e523100f284110b2ecca7e17b2be9cf140a5e8f35294c9ec0543e6916cc1f9be?s=96&d=blank&r=g\",\"contentUrl\":\"https:\\\/\\\/secure.gravatar.com\\\/avatar\\\/e523100f284110b2ecca7e17b2be9cf140a5e8f35294c9ec0543e6916cc1f9be?s=96&d=blank&r=g\",\"caption\":\"Conexi\u00f3n Nacional\"},\"sameAs\":[\"https:\\\/\\\/conexionnacional.mx\"],\"url\":\"https:\\\/\\\/conexionnacional.mx\\\/index.php\\\/author\\\/administrador\\\/\"}]}<\/script>\n<!-- \/ Yoast SEO plugin. -->","yoast_head_json":{"title":"\u00a1Macabro! Caen 'Santeros' con cad\u00e1ver de beb\u00e9 en un frasco |","robots":{"index":"index","follow":"follow","max-snippet":"max-snippet:-1","max-image-preview":"max-image-preview:large","max-video-preview":"max-video-preview:-1"},"canonical":"https:\/\/conexionnacional.mx\/index.php\/2023\/11\/17\/macabro-caen-santeros-con-cadaver-de-bebe-en-un-frasco\/","og_locale":"es_MX","og_type":"article","og_title":"\u00a1Macabro! Caen 'Santeros' con cad\u00e1ver de beb\u00e9 en un frasco |","og_description":"Tres sujetos fueron detenidos por elementos de inteligencia de la\u00a0Secretar\u00eda de Seguridad Ciudadana de la Ciudad de M\u00e9xico\u00a0debido a que presuntamente ten\u00edan en su poder el\u00a0cad\u00e1ver de un beb\u00e9 dentro de un frasco. Los individuos identificados como&nbsp;Alexis \u2018N\u2019, Diego \u2018N\u2019 y Uriel \u2018N\u2019&nbsp;se\u00f1alaron que el cuerpo del beb\u00e9 iba a ser utilizado en un ritual [&hellip;]","og_url":"https:\/\/conexionnacional.mx\/index.php\/2023\/11\/17\/macabro-caen-santeros-con-cadaver-de-bebe-en-un-frasco\/","og_site_name":"Conexi\u00f3n Nacional","article_publisher":"https:\/\/www.facebook.com\/cnmxradio","article_published_time":"2023-11-17T16:14:26+00:00","article_modified_time":"2023-11-17T16:14:27+00:00","og_image":[{"width":800,"height":600,"url":"https:\/\/conexionnacional.mx\/wp-content\/uploads\/2023\/11\/3035566.jpg","type":"image\/jpeg"}],"author":"Conexi\u00f3n Nacional","twitter_card":"summary_large_image","twitter_misc":{"Escrito por":"Conexi\u00f3n Nacional","Tiempo de lectura":"2 minutos"},"schema":{"@context":"https:\/\/schema.org","@graph":[{"@type":"Article","@id":"https:\/\/conexionnacional.mx\/index.php\/2023\/11\/17\/macabro-caen-santeros-con-cadaver-de-bebe-en-un-frasco\/#article","isPartOf":{"@id":"https:\/\/conexionnacional.mx\/index.php\/2023\/11\/17\/macabro-caen-santeros-con-cadaver-de-bebe-en-un-frasco\/"},"author":{"name":"Conexi\u00f3n Nacional","@id":"https:\/\/conexionnacional.mx\/#\/schema\/person\/dd14aeda902120f5e0e021903fdb6931"},"headline":"\u00a1Macabro! Caen &#8216;Santeros&#8217; con cad\u00e1ver de beb\u00e9 en un frasco","datePublished":"2023-11-17T16:14:26+00:00","dateModified":"2023-11-17T16:14:27+00:00","mainEntityOfPage":{"@id":"https:\/\/conexionnacional.mx\/index.php\/2023\/11\/17\/macabro-caen-santeros-con-cadaver-de-bebe-en-un-frasco\/"},"wordCount":371,"publisher":{"@id":"https:\/\/conexionnacional.mx\/#organization"},"image":{"@id":"https:\/\/conexionnacional.mx\/index.php\/2023\/11\/17\/macabro-caen-santeros-con-cadaver-de-bebe-en-un-frasco\/#primaryimage"},"thumbnailUrl":"https:\/\/conexionnacional.mx\/wp-content\/uploads\/2023\/11\/3035566.jpg","keywords":["CDMX","Santeros"],"articleSection":["Polic\u00edaca"],"inLanguage":"es"},{"@type":"WebPage","@id":"https:\/\/conexionnacional.mx\/index.php\/2023\/11\/17\/macabro-caen-santeros-con-cadaver-de-bebe-en-un-frasco\/","url":"https:\/\/conexionnacional.mx\/index.php\/2023\/11\/17\/macabro-caen-santeros-con-cadaver-de-bebe-en-un-frasco\/","name":"\u00a1Macabro! Caen 'Santeros' con cad\u00e1ver de beb\u00e9 en un frasco |","isPartOf":{"@id":"https:\/\/conexionnacional.mx\/#website"},"primaryImageOfPage":{"@id":"https:\/\/conexionnacional.mx\/index.php\/2023\/11\/17\/macabro-caen-santeros-con-cadaver-de-bebe-en-un-frasco\/#primaryimage"},"image":{"@id":"https:\/\/conexionnacional.mx\/index.php\/2023\/11\/17\/macabro-caen-santeros-con-cadaver-de-bebe-en-un-frasco\/#primaryimage"},"thumbnailUrl":"https:\/\/conexionnacional.mx\/wp-content\/uploads\/2023\/11\/3035566.jpg","datePublished":"2023-11-17T16:14:26+00:00","dateModified":"2023-11-17T16:14:27+00:00","breadcrumb":{"@id":"https:\/\/conexionnacional.mx\/index.php\/2023\/11\/17\/macabro-caen-santeros-con-cadaver-de-bebe-en-un-frasco\/#breadcrumb"},"inLanguage":"es","potentialAction":[{"@type":"ReadAction","target":["https:\/\/conexionnacional.mx\/index.php\/2023\/11\/17\/macabro-caen-santeros-con-cadaver-de-bebe-en-un-frasco\/"]}]},{"@type":"ImageObject","inLanguage":"es","@id":"https:\/\/conexionnacional.mx\/index.php\/2023\/11\/17\/macabro-caen-santeros-con-cadaver-de-bebe-en-un-frasco\/#primaryimage","url":"https:\/\/conexionnacional.mx\/wp-content\/uploads\/2023\/11\/3035566.jpg","contentUrl":"https:\/\/conexionnacional.mx\/wp-content\/uploads\/2023\/11\/3035566.jpg","width":800,"height":600},{"@type":"BreadcrumbList","@id":"https:\/\/conexionnacional.mx\/index.php\/2023\/11\/17\/macabro-caen-santeros-con-cadaver-de-bebe-en-un-frasco\/#breadcrumb","itemListElement":[{"@type":"ListItem","position":1,"name":"Inicio","item":"https:\/\/conexionnacional.mx\/"},{"@type":"ListItem","position":2,"name":"\u00a1Macabro! Caen &#8216;Santeros&#8217; con cad\u00e1ver de beb\u00e9 en un frasco"}]},{"@type":"WebSite","@id":"https:\/\/conexionnacional.mx\/#website","url":"https:\/\/conexionnacional.mx\/","name":"Conexi\u00f3n Nacional","description":"Noticias al momento","publisher":{"@id":"https:\/\/conexionnacional.mx\/#organization"},"alternateName":"Noticias nacionales","potentialAction":[{"@type":"SearchAction","target":{"@type":"EntryPoint","urlTemplate":"https:\/\/conexionnacional.mx\/?s={search_term_string}"},"query-input":{"@type":"PropertyValueSpecification","valueRequired":true,"valueName":"search_term_string"}}],"inLanguage":"es"},{"@type":"Organization","@id":"https:\/\/conexionnacional.mx\/#organization","name":"Conexi\u00f3n Nacional","url":"https:\/\/conexionnacional.mx\/","logo":{"@type":"ImageObject","inLanguage":"es","@id":"https:\/\/conexionnacional.mx\/#\/schema\/logo\/image\/","url":"https:\/\/conexionnacional.mx\/wp-content\/uploads\/2022\/09\/conexion_nacional.png","contentUrl":"https:\/\/conexionnacional.mx\/wp-content\/uploads\/2022\/09\/conexion_nacional.png","width":2964,"height":1173,"caption":"Conexi\u00f3n Nacional"},"image":{"@id":"https:\/\/conexionnacional.mx\/#\/schema\/logo\/image\/"},"sameAs":["https:\/\/www.facebook.com\/cnmxradio"]},{"@type":"Person","@id":"https:\/\/conexionnacional.mx\/#\/schema\/person\/dd14aeda902120f5e0e021903fdb6931","name":"Conexi\u00f3n Nacional","image":{"@type":"ImageObject","inLanguage":"es","@id":"https:\/\/secure.gravatar.com\/avatar\/e523100f284110b2ecca7e17b2be9cf140a5e8f35294c9ec0543e6916cc1f9be?s=96&d=blank&r=g","url":"https:\/\/secure.gravatar.com\/avatar\/e523100f284110b2ecca7e17b2be9cf140a5e8f35294c9ec0543e6916cc1f9be?s=96&d=blank&r=g","contentUrl":"https:\/\/secure.gravatar.com\/avatar\/e523100f284110b2ecca7e17b2be9cf140a5e8f35294c9ec0543e6916cc1f9be?s=96&d=blank&r=g","caption":"Conexi\u00f3n Nacional"},"sameAs":["https:\/\/conexionnacional.mx"],"url":"https:\/\/conexionnacional.mx\/index.php\/author\/administrador\/"}]}},"_links":{"self":[{"href":"https:\/\/conexionnacional.mx\/index.php\/wp-json\/wp\/v2\/posts\/16875","targetHints":{"allow":["GET"]}}],"collection":[{"href":"https:\/\/conexionnacional.mx\/index.php\/wp-json\/wp\/v2\/posts"}],"about":[{"href":"https:\/\/conexionnacional.mx\/index.php\/wp-json\/wp\/v2\/types\/post"}],"author":[{"embeddable":true,"href":"https:\/\/conexionnacional.mx\/index.php\/wp-json\/wp\/v2\/users\/1"}],"replies":[{"embeddable":true,"href":"https:\/\/conexionnacional.mx\/index.php\/wp-json\/wp\/v2\/comments?post=16875"}],"version-history":[{"count":1,"href":"https:\/\/conexionnacional.mx\/index.php\/wp-json\/wp\/v2\/posts\/16875\/revisions"}],"predecessor-version":[{"id":16877,"href":"https:\/\/conexionnacional.mx\/index.php\/wp-json\/wp\/v2\/posts\/16875\/revisions\/16877"}],"wp:featuredmedia":[{"embeddable":true,"href":"https:\/\/conexionnacional.mx\/index.php\/wp-json\/wp\/v2\/media\/16876"}],"wp:attachment":[{"href":"https:\/\/conexionnacional.mx\/index.php\/wp-json\/wp\/v2\/media?parent=16875"}],"wp:term":[{"taxonomy":"category","embeddable":true,"href":"https:\/\/conexionnacional.mx\/index.php\/wp-json\/wp\/v2\/categories?post=16875"},{"taxonomy":"post_tag","embeddable":true,"href":"https:\/\/conexionnacional.mx\/index.php\/wp-json\/wp\/v2\/tags?post=16875"}],"curies":[{"name":"wp","href":"https:\/\/api.w.org\/{rel}","templated":true}]}}