{"id":16623,"date":"2023-11-02T11:40:40","date_gmt":"2023-11-02T17:40:40","guid":{"rendered":"https:\/\/conexionnacional.mx\/?p=16623"},"modified":"2023-11-02T11:40:41","modified_gmt":"2023-11-02T17:40:41","slug":"el-programa-de-comex-colorlife-trends-anuncia-el-rojo-ardiente-090-07-como-el-color-del-ano-2024","status":"publish","type":"post","link":"https:\/\/conexionnacional.mx\/index.php\/2023\/11\/02\/el-programa-de-comex-colorlife-trends-anuncia-el-rojo-ardiente-090-07-como-el-color-del-ano-2024\/","title":{"rendered":"El programa de Comex, ColorLife TRENDS, anuncia el rojo \u201cArdiente 090-07\u201d como el color del a\u00f1o 2024"},"content":{"rendered":"\n<p><br>Rojo Ardiente 090-07 es el tono del a\u00f1o de ColorLife TRENDS, el programa de Comex, l\u00edder en tendencias de esta gama, en la Rep\u00fablica. A trav\u00e9s de su iniciativa, generada por l\u00edderes creativos de nuestro pa\u00eds, promueven el uso del color de manera divertida, asequible y accesible para todos.<\/p>\n\n\n\n<blockquote class=\"wp-block-quote is-layout-flow wp-block-quote-is-layout-flow\">\n<p>&#8220;Este a\u00f1o, el [&#8230;]&nbsp;rojo maduro rinde homenaje a los or\u00edgenes de M\u00e9xico y a la importancia hist\u00f3rica de la grana de cochinilla en la artesan\u00eda y el dise\u00f1o nacional, \u201cArdiente 090-07&#8243; [&#8230;] refleja perfectamente el auge cultural y art\u00edstico que [&#8230;] est\u00e1 viviendo ante el mundo&#8221;, afirm\u00f3 Liz Galv\u00e1n, directora del programa ColorLife TRENDS de Comex.<\/p>\n<\/blockquote>\n\n\n\n<p>Este distintivo color, elegido entre los m\u00e1s de 3,500 del cat\u00e1logo de Comex, se arraiga profundamente en el patrimonio cultural y la historia del pa\u00eds, haciendo referencia a una rica herencia textil, de dise\u00f1o y arquitectura que ha perdurado desde la \u00e9poca prehisp\u00e1nica hasta la actualidad. Ardiente 090-07 se posiciona como elegante, protag\u00f3nico y&nbsp;sofisticado, adem\u00e1s puede destacar elementos en&nbsp;sitios residenciales, comerciales o culturales.<\/p>\n\n\n\n<blockquote class=\"wp-block-quote is-layout-flow wp-block-quote-is-layout-flow\">\n<p>&#8220;Este tono combina comercialidad con un toque vigorizante e intenso, lo que lo convierte en un faro de inspiraci\u00f3n en una era digital llena de apasionados intercambios de ideas y diversidad de expresiones&#8221;,&nbsp;dijo Galv\u00e1n.<\/p>\n<\/blockquote>\n\n\n\n<figure class=\"wp-block-image\"><img decoding=\"async\" src=\"data:image\/gif;base64,R0lGODlhAQABAAAAACH5BAEKAAEALAAAAAABAAEAAAICTAEAOw==\" data-src=\"https:\/\/heraldodemexico.com.mx\/u\/fotografias\/m\/2023\/11\/1\/f768x1-833659_833786_80.png\" class=\"lazyload\" alt=\"\"\/><\/figure>\n\n\n\n<p>Su energ\u00eda y versatilidad lo hacen ideal para transformar un espacio, ya que puede utilizarse como un pilar y complemento en una variedad de aplicaciones, desde esmaltes que realzan elementos met\u00e1licos hasta la combinaci\u00f3n con tonos marrones, colores claros y azulados para aportar elegancia y modernidad a cualquier ambiente.<\/p>\n\n\n\n<p>En 2024, CL TRENDS tambi\u00e9n presentar\u00e1 cuatro paletas, cada una con nueve tonalidades, que se inspiran en diversos conceptos y emociones:<\/p>\n\n\n\n<p><strong>Wow &#8211; Combinaci\u00f3n arm\u00f3nica:<\/strong>&nbsp;Evoca la capacidad de sorpresa ante los peque\u00f1os detalles y fomenta la relajaci\u00f3n, el bienestar y la tranquilidad. Ideal para aplicar en superficies de madera, mobiliario, pisos, muros y plafones.<\/p>\n\n\n\n<p><strong>Popsible &#8211; Folclor mexicano contempor\u00e1neo:&nbsp;<\/strong>Inspirada en el folclor de nuestro pa\u00eds, trae consigo sensaciones de cambio, alegr\u00eda, inspiraci\u00f3n y diversi\u00f3n. Se puede aplicar en muros, pisos u&nbsp;objetos de madera y herrer\u00eda, incluyendo fachadas.<\/p>\n\n\n\n<p><strong>Legado Valiente &#8211; Matices de la tierra:&nbsp;<\/strong>Basada en la naturaleza y la tierra, \u00e9sta ofrece una gama de marrones que transmiten tranquilidad, paz y elegancia. Ideal para aplicaciones en interiores y exteriores, as\u00ed como en mobiliario de jard\u00edn.<\/p>\n\n\n\n<p><strong>Reflex &#8211; Estereotipo del futuro:<\/strong>&nbsp;Esta paleta se inspira en el mundo f\u00edsico y digital y est\u00e1 concebida para espacios como retail, estudios de grabaci\u00f3n y generaci\u00f3n de contenido. Sus colores hiperbrillantes forman ambientes meditativos y provocadores.<\/p>\n\n\n\n<p>El proceso de creaci\u00f3n de las tendencias de 2024 cont\u00f3 con la colaboraci\u00f3n de destacados l\u00edderes de diversas industrias como artesanos, arquitectos, dise\u00f1adores gr\u00e1ficos, gestores culturales, dise\u00f1adores industriales, fil\u00f3sofos, galeristas, muse\u00f3logos, interioristas, que han contribuido a definir aquellas que dominar\u00e1n el pr\u00f3ximo a\u00f1o en el \u00e1mbito creativo de la Rep\u00fablica Mexicana.<\/p>\n\n\n\n<blockquote class=\"wp-block-quote is-layout-flow wp-block-quote-is-layout-flow\">\n<p>&#8220;El color es para todos, es por ello que durante 15 a\u00f1os, a trav\u00e9s de ColorLife TRENDS, hemos dado un nuevo sentido y significado [&#8230;] al atribuirle una personalidad y un prop\u00f3sito espec\u00edfico para embellecer tanto lugares p\u00fablicos como privados. En este viaje, hemos visto surgir colores que han dejado su huella no solo en la cultura contempor\u00e1nea, sino tambi\u00e9n en los espacios cotidianos de M\u00e9xico. Convertimos cada tono en una herramienta poderosa para realizar nuestro prop\u00f3sito: [&#8230;]&nbsp;proteger escuelas, parques, oficinas, productos, empaques, accesorios, edificios y obras majestuosas de infraestructura. Estos [&#8230;], ahora accesibles a todos [&#8230;] a trav\u00e9s de nuestras m\u00e1s de 5,200 tiendas, est\u00e1n transformando M\u00e9xico, pintando un futuro vibrante y lleno de belleza para todas las generaciones venideras&#8221;, mencion\u00f3 Claudia Contreras, Directora de Mercadotecnia y Omnicanalidad en el pa\u00eds y Centroam\u00e9rica de Comex.<\/p>\n<\/blockquote>\n\n\n\n<p>CL TRENDS contin\u00faa impulsando el uso del color como instrumento visual para mejorar el entorno&nbsp;y anticipa la revelaci\u00f3n oficial de las tendencias de 2024, antes de que finalice el a\u00f1o, para que los mexicanos puedan estar a la vanguardia en dise\u00f1o y creatividad.<\/p>\n\n\n\n<p>Este programa busca que cada d\u00eda m\u00e1s personas logren inspirarse con tonos para poder dar&nbsp;vida y&nbsp;renovar espacios, por ende, su forma de vida. Para Comex es m\u00e1s que pigmento; es una forma de comunicaci\u00f3n, una herramienta&nbsp;y una fuente de inspiraci\u00f3n para todas las personas.<\/p>\n\n\n\n<p>Para obtener m\u00e1s informaci\u00f3n sobre ColorLife TRENDS y sus tendencias para 2024, visite&nbsp;<a href=\"https:\/\/www.comex.com.mx\/comextrends\">https:\/\/www.comex.com.mx\/comextrends<\/a><\/p>\n","protected":false},"excerpt":{"rendered":"<p>Rojo Ardiente 090-07 es el tono del a\u00f1o de ColorLife TRENDS, el programa de Comex, l\u00edder en tendencias de esta gama, en la Rep\u00fablica. A trav\u00e9s de su iniciativa, generada por l\u00edderes creativos de nuestro pa\u00eds, promueven el uso del color de manera divertida, asequible y accesible para todos. &#8220;Este a\u00f1o, el [&#8230;]&nbsp;rojo maduro rinde [&hellip;]<\/p>\n","protected":false},"author":1,"featured_media":16624,"comment_status":"closed","ping_status":"closed","sticky":false,"template":"","format":"aside","meta":{"googlesitekit_rrm_CAowytPeCw:productID":"","footnotes":""},"categories":[5063],"tags":[6439],"class_list":["post-16623","post","type-post","status-publish","format-aside","has-post-thumbnail","hentry","category-redes-sociales","tag-comex","post_format-post-format-aside"],"yoast_head":"<!-- This site is optimized with the Yoast SEO plugin v27.5 - https:\/\/yoast.com\/product\/yoast-seo-wordpress\/ -->\n<title>El programa de Comex, ColorLife TRENDS, anuncia el rojo \u201cArdiente 090-07\u201d como el color del a\u00f1o 2024 |<\/title>\n<meta name=\"robots\" content=\"index, follow, max-snippet:-1, max-image-preview:large, max-video-preview:-1\" \/>\n<link rel=\"canonical\" href=\"https:\/\/conexionnacional.mx\/index.php\/2023\/11\/02\/el-programa-de-comex-colorlife-trends-anuncia-el-rojo-ardiente-090-07-como-el-color-del-ano-2024\/\" \/>\n<meta property=\"og:locale\" content=\"es_MX\" \/>\n<meta property=\"og:type\" content=\"article\" \/>\n<meta property=\"og:title\" content=\"El programa de Comex, ColorLife TRENDS, anuncia el rojo \u201cArdiente 090-07\u201d como el color del a\u00f1o 2024 |\" \/>\n<meta property=\"og:description\" content=\"Rojo Ardiente 090-07 es el tono del a\u00f1o de ColorLife TRENDS, el programa de Comex, l\u00edder en tendencias de esta gama, en la Rep\u00fablica. A trav\u00e9s de su iniciativa, generada por l\u00edderes creativos de nuestro pa\u00eds, promueven el uso del color de manera divertida, asequible y accesible para todos. &#8220;Este a\u00f1o, el [&#8230;]&nbsp;rojo maduro rinde [&hellip;]\" \/>\n<meta property=\"og:url\" content=\"https:\/\/conexionnacional.mx\/index.php\/2023\/11\/02\/el-programa-de-comex-colorlife-trends-anuncia-el-rojo-ardiente-090-07-como-el-color-del-ano-2024\/\" \/>\n<meta property=\"og:site_name\" content=\"Conexi\u00f3n Nacional\" \/>\n<meta property=\"article:publisher\" content=\"https:\/\/www.facebook.com\/cnmxradio\" \/>\n<meta property=\"article:published_time\" content=\"2023-11-02T17:40:40+00:00\" \/>\n<meta property=\"article:modified_time\" content=\"2023-11-02T17:40:41+00:00\" \/>\n<meta property=\"og:image\" content=\"https:\/\/conexionnacional.mx\/wp-content\/uploads\/2023\/11\/f960x540-833654_907729_0.jpg\" \/>\n\t<meta property=\"og:image:width\" content=\"960\" \/>\n\t<meta property=\"og:image:height\" content=\"540\" \/>\n\t<meta property=\"og:image:type\" content=\"image\/jpeg\" \/>\n<meta name=\"author\" content=\"Conexi\u00f3n Nacional\" \/>\n<meta name=\"twitter:card\" content=\"summary_large_image\" \/>\n<meta name=\"twitter:label1\" content=\"Escrito por\" \/>\n\t<meta name=\"twitter:data1\" content=\"Conexi\u00f3n Nacional\" \/>\n\t<meta name=\"twitter:label2\" content=\"Tiempo de lectura\" \/>\n\t<meta name=\"twitter:data2\" content=\"3 minutos\" \/>\n<script type=\"application\/ld+json\" class=\"yoast-schema-graph\">{\"@context\":\"https:\\\/\\\/schema.org\",\"@graph\":[{\"@type\":\"Article\",\"@id\":\"https:\\\/\\\/conexionnacional.mx\\\/index.php\\\/2023\\\/11\\\/02\\\/el-programa-de-comex-colorlife-trends-anuncia-el-rojo-ardiente-090-07-como-el-color-del-ano-2024\\\/#article\",\"isPartOf\":{\"@id\":\"https:\\\/\\\/conexionnacional.mx\\\/index.php\\\/2023\\\/11\\\/02\\\/el-programa-de-comex-colorlife-trends-anuncia-el-rojo-ardiente-090-07-como-el-color-del-ano-2024\\\/\"},\"author\":{\"name\":\"Conexi\u00f3n Nacional\",\"@id\":\"https:\\\/\\\/conexionnacional.mx\\\/#\\\/schema\\\/person\\\/dd14aeda902120f5e0e021903fdb6931\"},\"headline\":\"El programa de Comex, ColorLife TRENDS, anuncia el rojo \u201cArdiente 090-07\u201d como el color del a\u00f1o 2024\",\"datePublished\":\"2023-11-02T17:40:40+00:00\",\"dateModified\":\"2023-11-02T17:40:41+00:00\",\"mainEntityOfPage\":{\"@id\":\"https:\\\/\\\/conexionnacional.mx\\\/index.php\\\/2023\\\/11\\\/02\\\/el-programa-de-comex-colorlife-trends-anuncia-el-rojo-ardiente-090-07-como-el-color-del-ano-2024\\\/\"},\"wordCount\":816,\"publisher\":{\"@id\":\"https:\\\/\\\/conexionnacional.mx\\\/#organization\"},\"image\":{\"@id\":\"https:\\\/\\\/conexionnacional.mx\\\/index.php\\\/2023\\\/11\\\/02\\\/el-programa-de-comex-colorlife-trends-anuncia-el-rojo-ardiente-090-07-como-el-color-del-ano-2024\\\/#primaryimage\"},\"thumbnailUrl\":\"https:\\\/\\\/conexionnacional.mx\\\/wp-content\\\/uploads\\\/2023\\\/11\\\/f960x540-833654_907729_0.jpg\",\"keywords\":[\"Comex\"],\"articleSection\":[\"Redes Sociales\"],\"inLanguage\":\"es\"},{\"@type\":\"WebPage\",\"@id\":\"https:\\\/\\\/conexionnacional.mx\\\/index.php\\\/2023\\\/11\\\/02\\\/el-programa-de-comex-colorlife-trends-anuncia-el-rojo-ardiente-090-07-como-el-color-del-ano-2024\\\/\",\"url\":\"https:\\\/\\\/conexionnacional.mx\\\/index.php\\\/2023\\\/11\\\/02\\\/el-programa-de-comex-colorlife-trends-anuncia-el-rojo-ardiente-090-07-como-el-color-del-ano-2024\\\/\",\"name\":\"El programa de Comex, ColorLife TRENDS, anuncia el rojo \u201cArdiente 090-07\u201d como el color del a\u00f1o 2024 |\",\"isPartOf\":{\"@id\":\"https:\\\/\\\/conexionnacional.mx\\\/#website\"},\"primaryImageOfPage\":{\"@id\":\"https:\\\/\\\/conexionnacional.mx\\\/index.php\\\/2023\\\/11\\\/02\\\/el-programa-de-comex-colorlife-trends-anuncia-el-rojo-ardiente-090-07-como-el-color-del-ano-2024\\\/#primaryimage\"},\"image\":{\"@id\":\"https:\\\/\\\/conexionnacional.mx\\\/index.php\\\/2023\\\/11\\\/02\\\/el-programa-de-comex-colorlife-trends-anuncia-el-rojo-ardiente-090-07-como-el-color-del-ano-2024\\\/#primaryimage\"},\"thumbnailUrl\":\"https:\\\/\\\/conexionnacional.mx\\\/wp-content\\\/uploads\\\/2023\\\/11\\\/f960x540-833654_907729_0.jpg\",\"datePublished\":\"2023-11-02T17:40:40+00:00\",\"dateModified\":\"2023-11-02T17:40:41+00:00\",\"breadcrumb\":{\"@id\":\"https:\\\/\\\/conexionnacional.mx\\\/index.php\\\/2023\\\/11\\\/02\\\/el-programa-de-comex-colorlife-trends-anuncia-el-rojo-ardiente-090-07-como-el-color-del-ano-2024\\\/#breadcrumb\"},\"inLanguage\":\"es\",\"potentialAction\":[{\"@type\":\"ReadAction\",\"target\":[\"https:\\\/\\\/conexionnacional.mx\\\/index.php\\\/2023\\\/11\\\/02\\\/el-programa-de-comex-colorlife-trends-anuncia-el-rojo-ardiente-090-07-como-el-color-del-ano-2024\\\/\"]}]},{\"@type\":\"ImageObject\",\"inLanguage\":\"es\",\"@id\":\"https:\\\/\\\/conexionnacional.mx\\\/index.php\\\/2023\\\/11\\\/02\\\/el-programa-de-comex-colorlife-trends-anuncia-el-rojo-ardiente-090-07-como-el-color-del-ano-2024\\\/#primaryimage\",\"url\":\"https:\\\/\\\/conexionnacional.mx\\\/wp-content\\\/uploads\\\/2023\\\/11\\\/f960x540-833654_907729_0.jpg\",\"contentUrl\":\"https:\\\/\\\/conexionnacional.mx\\\/wp-content\\\/uploads\\\/2023\\\/11\\\/f960x540-833654_907729_0.jpg\",\"width\":960,\"height\":540},{\"@type\":\"BreadcrumbList\",\"@id\":\"https:\\\/\\\/conexionnacional.mx\\\/index.php\\\/2023\\\/11\\\/02\\\/el-programa-de-comex-colorlife-trends-anuncia-el-rojo-ardiente-090-07-como-el-color-del-ano-2024\\\/#breadcrumb\",\"itemListElement\":[{\"@type\":\"ListItem\",\"position\":1,\"name\":\"Inicio\",\"item\":\"https:\\\/\\\/conexionnacional.mx\\\/\"},{\"@type\":\"ListItem\",\"position\":2,\"name\":\"El programa de Comex, ColorLife TRENDS, anuncia el rojo \u201cArdiente 090-07\u201d como el color del a\u00f1o 2024\"}]},{\"@type\":\"WebSite\",\"@id\":\"https:\\\/\\\/conexionnacional.mx\\\/#website\",\"url\":\"https:\\\/\\\/conexionnacional.mx\\\/\",\"name\":\"Conexi\u00f3n Nacional\",\"description\":\"Noticias al momento\",\"publisher\":{\"@id\":\"https:\\\/\\\/conexionnacional.mx\\\/#organization\"},\"alternateName\":\"Noticias nacionales\",\"potentialAction\":[{\"@type\":\"SearchAction\",\"target\":{\"@type\":\"EntryPoint\",\"urlTemplate\":\"https:\\\/\\\/conexionnacional.mx\\\/?s={search_term_string}\"},\"query-input\":{\"@type\":\"PropertyValueSpecification\",\"valueRequired\":true,\"valueName\":\"search_term_string\"}}],\"inLanguage\":\"es\"},{\"@type\":\"Organization\",\"@id\":\"https:\\\/\\\/conexionnacional.mx\\\/#organization\",\"name\":\"Conexi\u00f3n Nacional\",\"url\":\"https:\\\/\\\/conexionnacional.mx\\\/\",\"logo\":{\"@type\":\"ImageObject\",\"inLanguage\":\"es\",\"@id\":\"https:\\\/\\\/conexionnacional.mx\\\/#\\\/schema\\\/logo\\\/image\\\/\",\"url\":\"https:\\\/\\\/conexionnacional.mx\\\/wp-content\\\/uploads\\\/2022\\\/09\\\/conexion_nacional.png\",\"contentUrl\":\"https:\\\/\\\/conexionnacional.mx\\\/wp-content\\\/uploads\\\/2022\\\/09\\\/conexion_nacional.png\",\"width\":2964,\"height\":1173,\"caption\":\"Conexi\u00f3n Nacional\"},\"image\":{\"@id\":\"https:\\\/\\\/conexionnacional.mx\\\/#\\\/schema\\\/logo\\\/image\\\/\"},\"sameAs\":[\"https:\\\/\\\/www.facebook.com\\\/cnmxradio\"]},{\"@type\":\"Person\",\"@id\":\"https:\\\/\\\/conexionnacional.mx\\\/#\\\/schema\\\/person\\\/dd14aeda902120f5e0e021903fdb6931\",\"name\":\"Conexi\u00f3n Nacional\",\"image\":{\"@type\":\"ImageObject\",\"inLanguage\":\"es\",\"@id\":\"https:\\\/\\\/secure.gravatar.com\\\/avatar\\\/e523100f284110b2ecca7e17b2be9cf140a5e8f35294c9ec0543e6916cc1f9be?s=96&d=blank&r=g\",\"url\":\"https:\\\/\\\/secure.gravatar.com\\\/avatar\\\/e523100f284110b2ecca7e17b2be9cf140a5e8f35294c9ec0543e6916cc1f9be?s=96&d=blank&r=g\",\"contentUrl\":\"https:\\\/\\\/secure.gravatar.com\\\/avatar\\\/e523100f284110b2ecca7e17b2be9cf140a5e8f35294c9ec0543e6916cc1f9be?s=96&d=blank&r=g\",\"caption\":\"Conexi\u00f3n Nacional\"},\"sameAs\":[\"https:\\\/\\\/conexionnacional.mx\"],\"url\":\"https:\\\/\\\/conexionnacional.mx\\\/index.php\\\/author\\\/administrador\\\/\"}]}<\/script>\n<!-- \/ Yoast SEO plugin. -->","yoast_head_json":{"title":"El programa de Comex, ColorLife TRENDS, anuncia el rojo \u201cArdiente 090-07\u201d como el color del a\u00f1o 2024 |","robots":{"index":"index","follow":"follow","max-snippet":"max-snippet:-1","max-image-preview":"max-image-preview:large","max-video-preview":"max-video-preview:-1"},"canonical":"https:\/\/conexionnacional.mx\/index.php\/2023\/11\/02\/el-programa-de-comex-colorlife-trends-anuncia-el-rojo-ardiente-090-07-como-el-color-del-ano-2024\/","og_locale":"es_MX","og_type":"article","og_title":"El programa de Comex, ColorLife TRENDS, anuncia el rojo \u201cArdiente 090-07\u201d como el color del a\u00f1o 2024 |","og_description":"Rojo Ardiente 090-07 es el tono del a\u00f1o de ColorLife TRENDS, el programa de Comex, l\u00edder en tendencias de esta gama, en la Rep\u00fablica. A trav\u00e9s de su iniciativa, generada por l\u00edderes creativos de nuestro pa\u00eds, promueven el uso del color de manera divertida, asequible y accesible para todos. &#8220;Este a\u00f1o, el [&#8230;]&nbsp;rojo maduro rinde [&hellip;]","og_url":"https:\/\/conexionnacional.mx\/index.php\/2023\/11\/02\/el-programa-de-comex-colorlife-trends-anuncia-el-rojo-ardiente-090-07-como-el-color-del-ano-2024\/","og_site_name":"Conexi\u00f3n Nacional","article_publisher":"https:\/\/www.facebook.com\/cnmxradio","article_published_time":"2023-11-02T17:40:40+00:00","article_modified_time":"2023-11-02T17:40:41+00:00","og_image":[{"width":960,"height":540,"url":"https:\/\/conexionnacional.mx\/wp-content\/uploads\/2023\/11\/f960x540-833654_907729_0.jpg","type":"image\/jpeg"}],"author":"Conexi\u00f3n Nacional","twitter_card":"summary_large_image","twitter_misc":{"Escrito por":"Conexi\u00f3n Nacional","Tiempo de lectura":"3 minutos"},"schema":{"@context":"https:\/\/schema.org","@graph":[{"@type":"Article","@id":"https:\/\/conexionnacional.mx\/index.php\/2023\/11\/02\/el-programa-de-comex-colorlife-trends-anuncia-el-rojo-ardiente-090-07-como-el-color-del-ano-2024\/#article","isPartOf":{"@id":"https:\/\/conexionnacional.mx\/index.php\/2023\/11\/02\/el-programa-de-comex-colorlife-trends-anuncia-el-rojo-ardiente-090-07-como-el-color-del-ano-2024\/"},"author":{"name":"Conexi\u00f3n Nacional","@id":"https:\/\/conexionnacional.mx\/#\/schema\/person\/dd14aeda902120f5e0e021903fdb6931"},"headline":"El programa de Comex, ColorLife TRENDS, anuncia el rojo \u201cArdiente 090-07\u201d como el color del a\u00f1o 2024","datePublished":"2023-11-02T17:40:40+00:00","dateModified":"2023-11-02T17:40:41+00:00","mainEntityOfPage":{"@id":"https:\/\/conexionnacional.mx\/index.php\/2023\/11\/02\/el-programa-de-comex-colorlife-trends-anuncia-el-rojo-ardiente-090-07-como-el-color-del-ano-2024\/"},"wordCount":816,"publisher":{"@id":"https:\/\/conexionnacional.mx\/#organization"},"image":{"@id":"https:\/\/conexionnacional.mx\/index.php\/2023\/11\/02\/el-programa-de-comex-colorlife-trends-anuncia-el-rojo-ardiente-090-07-como-el-color-del-ano-2024\/#primaryimage"},"thumbnailUrl":"https:\/\/conexionnacional.mx\/wp-content\/uploads\/2023\/11\/f960x540-833654_907729_0.jpg","keywords":["Comex"],"articleSection":["Redes Sociales"],"inLanguage":"es"},{"@type":"WebPage","@id":"https:\/\/conexionnacional.mx\/index.php\/2023\/11\/02\/el-programa-de-comex-colorlife-trends-anuncia-el-rojo-ardiente-090-07-como-el-color-del-ano-2024\/","url":"https:\/\/conexionnacional.mx\/index.php\/2023\/11\/02\/el-programa-de-comex-colorlife-trends-anuncia-el-rojo-ardiente-090-07-como-el-color-del-ano-2024\/","name":"El programa de Comex, ColorLife TRENDS, anuncia el rojo \u201cArdiente 090-07\u201d como el color del a\u00f1o 2024 |","isPartOf":{"@id":"https:\/\/conexionnacional.mx\/#website"},"primaryImageOfPage":{"@id":"https:\/\/conexionnacional.mx\/index.php\/2023\/11\/02\/el-programa-de-comex-colorlife-trends-anuncia-el-rojo-ardiente-090-07-como-el-color-del-ano-2024\/#primaryimage"},"image":{"@id":"https:\/\/conexionnacional.mx\/index.php\/2023\/11\/02\/el-programa-de-comex-colorlife-trends-anuncia-el-rojo-ardiente-090-07-como-el-color-del-ano-2024\/#primaryimage"},"thumbnailUrl":"https:\/\/conexionnacional.mx\/wp-content\/uploads\/2023\/11\/f960x540-833654_907729_0.jpg","datePublished":"2023-11-02T17:40:40+00:00","dateModified":"2023-11-02T17:40:41+00:00","breadcrumb":{"@id":"https:\/\/conexionnacional.mx\/index.php\/2023\/11\/02\/el-programa-de-comex-colorlife-trends-anuncia-el-rojo-ardiente-090-07-como-el-color-del-ano-2024\/#breadcrumb"},"inLanguage":"es","potentialAction":[{"@type":"ReadAction","target":["https:\/\/conexionnacional.mx\/index.php\/2023\/11\/02\/el-programa-de-comex-colorlife-trends-anuncia-el-rojo-ardiente-090-07-como-el-color-del-ano-2024\/"]}]},{"@type":"ImageObject","inLanguage":"es","@id":"https:\/\/conexionnacional.mx\/index.php\/2023\/11\/02\/el-programa-de-comex-colorlife-trends-anuncia-el-rojo-ardiente-090-07-como-el-color-del-ano-2024\/#primaryimage","url":"https:\/\/conexionnacional.mx\/wp-content\/uploads\/2023\/11\/f960x540-833654_907729_0.jpg","contentUrl":"https:\/\/conexionnacional.mx\/wp-content\/uploads\/2023\/11\/f960x540-833654_907729_0.jpg","width":960,"height":540},{"@type":"BreadcrumbList","@id":"https:\/\/conexionnacional.mx\/index.php\/2023\/11\/02\/el-programa-de-comex-colorlife-trends-anuncia-el-rojo-ardiente-090-07-como-el-color-del-ano-2024\/#breadcrumb","itemListElement":[{"@type":"ListItem","position":1,"name":"Inicio","item":"https:\/\/conexionnacional.mx\/"},{"@type":"ListItem","position":2,"name":"El programa de Comex, ColorLife TRENDS, anuncia el rojo \u201cArdiente 090-07\u201d como el color del a\u00f1o 2024"}]},{"@type":"WebSite","@id":"https:\/\/conexionnacional.mx\/#website","url":"https:\/\/conexionnacional.mx\/","name":"Conexi\u00f3n Nacional","description":"Noticias al momento","publisher":{"@id":"https:\/\/conexionnacional.mx\/#organization"},"alternateName":"Noticias nacionales","potentialAction":[{"@type":"SearchAction","target":{"@type":"EntryPoint","urlTemplate":"https:\/\/conexionnacional.mx\/?s={search_term_string}"},"query-input":{"@type":"PropertyValueSpecification","valueRequired":true,"valueName":"search_term_string"}}],"inLanguage":"es"},{"@type":"Organization","@id":"https:\/\/conexionnacional.mx\/#organization","name":"Conexi\u00f3n Nacional","url":"https:\/\/conexionnacional.mx\/","logo":{"@type":"ImageObject","inLanguage":"es","@id":"https:\/\/conexionnacional.mx\/#\/schema\/logo\/image\/","url":"https:\/\/conexionnacional.mx\/wp-content\/uploads\/2022\/09\/conexion_nacional.png","contentUrl":"https:\/\/conexionnacional.mx\/wp-content\/uploads\/2022\/09\/conexion_nacional.png","width":2964,"height":1173,"caption":"Conexi\u00f3n Nacional"},"image":{"@id":"https:\/\/conexionnacional.mx\/#\/schema\/logo\/image\/"},"sameAs":["https:\/\/www.facebook.com\/cnmxradio"]},{"@type":"Person","@id":"https:\/\/conexionnacional.mx\/#\/schema\/person\/dd14aeda902120f5e0e021903fdb6931","name":"Conexi\u00f3n Nacional","image":{"@type":"ImageObject","inLanguage":"es","@id":"https:\/\/secure.gravatar.com\/avatar\/e523100f284110b2ecca7e17b2be9cf140a5e8f35294c9ec0543e6916cc1f9be?s=96&d=blank&r=g","url":"https:\/\/secure.gravatar.com\/avatar\/e523100f284110b2ecca7e17b2be9cf140a5e8f35294c9ec0543e6916cc1f9be?s=96&d=blank&r=g","contentUrl":"https:\/\/secure.gravatar.com\/avatar\/e523100f284110b2ecca7e17b2be9cf140a5e8f35294c9ec0543e6916cc1f9be?s=96&d=blank&r=g","caption":"Conexi\u00f3n Nacional"},"sameAs":["https:\/\/conexionnacional.mx"],"url":"https:\/\/conexionnacional.mx\/index.php\/author\/administrador\/"}]}},"_links":{"self":[{"href":"https:\/\/conexionnacional.mx\/index.php\/wp-json\/wp\/v2\/posts\/16623","targetHints":{"allow":["GET"]}}],"collection":[{"href":"https:\/\/conexionnacional.mx\/index.php\/wp-json\/wp\/v2\/posts"}],"about":[{"href":"https:\/\/conexionnacional.mx\/index.php\/wp-json\/wp\/v2\/types\/post"}],"author":[{"embeddable":true,"href":"https:\/\/conexionnacional.mx\/index.php\/wp-json\/wp\/v2\/users\/1"}],"replies":[{"embeddable":true,"href":"https:\/\/conexionnacional.mx\/index.php\/wp-json\/wp\/v2\/comments?post=16623"}],"version-history":[{"count":1,"href":"https:\/\/conexionnacional.mx\/index.php\/wp-json\/wp\/v2\/posts\/16623\/revisions"}],"predecessor-version":[{"id":16625,"href":"https:\/\/conexionnacional.mx\/index.php\/wp-json\/wp\/v2\/posts\/16623\/revisions\/16625"}],"wp:featuredmedia":[{"embeddable":true,"href":"https:\/\/conexionnacional.mx\/index.php\/wp-json\/wp\/v2\/media\/16624"}],"wp:attachment":[{"href":"https:\/\/conexionnacional.mx\/index.php\/wp-json\/wp\/v2\/media?parent=16623"}],"wp:term":[{"taxonomy":"category","embeddable":true,"href":"https:\/\/conexionnacional.mx\/index.php\/wp-json\/wp\/v2\/categories?post=16623"},{"taxonomy":"post_tag","embeddable":true,"href":"https:\/\/conexionnacional.mx\/index.php\/wp-json\/wp\/v2\/tags?post=16623"}],"curies":[{"name":"wp","href":"https:\/\/api.w.org\/{rel}","templated":true}]}}