{"id":16620,"date":"2023-11-02T11:25:08","date_gmt":"2023-11-02T17:25:08","guid":{"rendered":"https:\/\/conexionnacional.mx\/?p=16620"},"modified":"2023-11-02T11:25:12","modified_gmt":"2023-11-02T17:25:12","slug":"conceden-prision-domiciliaria-al-ex-procurador-jesus-n","status":"publish","type":"post","link":"https:\/\/conexionnacional.mx\/index.php\/2023\/11\/02\/conceden-prision-domiciliaria-al-ex-procurador-jesus-n\/","title":{"rendered":"Conceden prisi\u00f3n domiciliaria al ex procurador Jes\u00fas \u201cN\u201d"},"content":{"rendered":"\n<p>Al\u00a0ex procurador de la Rep\u00fablica,\u00a0<strong>Jes\u00fas \u201cN\u201d,<\/strong>\u00a0le fue concedida la\u00a0<strong>prisi\u00f3n domiciliaria<\/strong>\u00a0por\u00a0<strong>uno de los delitos<\/strong>\u00a0que lo mantienen en proceso penal. Debido a su\u00a0<strong>condici\u00f3n de salud\u00a0<\/strong>y a su\u00a0<strong>avanzada edad<\/strong>, el ex funcionario p\u00fablico fue considerado para que siga afuera de la prisi\u00f3n el resto de la investigaci\u00f3n.<\/p>\n\n\n\n<p>No obstante, Jes\u00fas &#8220;N&#8221; quien es\u00a0<strong>procesado<\/strong>\u00a0por el caso de los<strong>\u00a043 estudiantes desaparecidos<\/strong>\u00a0de la Escuela\u00a0Normal\u00a0Rural Ra\u00fal\u00a0Isidro Burgos, no podr\u00e1 ir a su domicilio ya que tiene pendiente otro cargo por el mismo tema. El exprocurador sigue\u00a0<strong>internado<\/strong>\u00a0al presentar complicaciones de salud, toda vez que el pasado 3 de abril, su equipo de abogados informaron que su cliente padece de una enfermedad pulmonar obstructiva cr\u00f3nica (<strong>EPOC<\/strong>).<\/p>\n\n\n\n<p>Pese a que un juez concedi\u00f3 la prisi\u00f3n domiciliaria a Jes\u00fas &#8220;N&#8221;, no queda libre de la acci\u00f3n de la justicia por el caso de los normalistas de Ayotzinapa, ya que al tener una segunda imputaci\u00f3n por el mismo caso, no puede a\u00fan regresar a su domicilio hasta que a este segundo delito tambi\u00e9n se conceda la misma medida desde casa ya que&nbsp;se le impuso la prisi\u00f3n preventiva justificada.<\/p>\n\n\n\n<figure class=\"wp-block-image\"><img decoding=\"async\" src=\"data:image\/gif;base64,R0lGODlhAQABAAAAACH5BAEKAAEALAAAAAABAAEAAAICTAEAOw==\" data-src=\"https:\/\/heraldodemexico.com.mx\/u\/fotografias\/m\/2022\/9\/22\/f768x1-582547_582674_5050.jpeg\" class=\"lazyload\" alt=\"murillo karam\"\/><figcaption class=\"wp-element-caption\">Pero a\u00fan el exprocurador Jes\u00fas &#8220;N&#8221; no puede regresar a casa. Foto: Archivo<\/figcaption><\/figure>\n\n\n\n<h2 class=\"wp-block-heading\">\u00bfEn d\u00f3nde se encuentra Jes\u00fas \u201cN\u201d?<\/h2>\n\n\n\n<p>Actualmente, el ex procurador General de la Rep\u00fablica, Jes\u00fas \u201cN\u201d\u00a0 se encuentra en la<strong>\u00a0Torre M\u00e9dica de Tepepa<\/strong>n, ubicada al sur de la Ciudad de M\u00e9xico.<\/p>\n\n\n\n<p>Este mi\u00e9rcoles se realiz\u00f3 una audiencia en el Centro de Justicia Penal Federal del Reclusorio Norte en la que el&nbsp;<strong>juez Jos\u00e9 Rivas<\/strong>&nbsp;consider\u00f3 las afectaciones al estado de salud de Murillo Karam, adem\u00e1s de su avanzada edad y determin\u00f3 la prisi\u00f3n domiciliaria y la&nbsp;<strong>colocaci\u00f3n de un brazalete.<\/strong><\/p>\n\n\n\n<p>Desde el pasado 30 de junio, Murillo Karam se encuentra en la Torre M\u00e9dica y para enfrentar sus procesos en libertad debe obtener el cambio de medida cautelar en el otro caso que enfrenta penalmente.<\/p>\n\n\n\n<h2 class=\"wp-block-heading\">\u00bfQu\u00e9 pas\u00f3 con la otra prisi\u00f3n domiciliaria de Jes\u00fas &#8220;N&#8221;?<\/h2>\n\n\n\n<figure class=\"wp-block-image\"><img decoding=\"async\" src=\"data:image\/gif;base64,R0lGODlhAQABAAAAACH5BAEKAAEALAAAAAABAAEAAAICTAEAOw==\" data-src=\"https:\/\/heraldodemexico.com.mx\/u\/fotografias\/m\/2022\/8\/19\/f768x1-561261_561388_6538.jpg\" class=\"lazyload\" alt=\"murillo karam\"\/><figcaption class=\"wp-element-caption\">Es acusado de haber osbtaculizado la investigaci\u00f3n. Foto: Archivo<\/figcaption><\/figure>\n\n\n\n<p>En noviembre del a\u00f1o pasado, la defensa de Murillo Karam inform\u00f3 que insistir\u00eda en obtener la prisi\u00f3n preventiva domiciliaria para el ex funcionario debido a su estado de salud, pues desde la detenci\u00f3n del ex funcionario se inform\u00f3 sobre los padecimientos que le fueron diagnosticados, como enfermedad pulmonar obstructiva cr\u00f3nica (EPOC), hipertensi\u00f3n arterial sint\u00e9tica e insuficiencia vascular cerebral.<\/p>\n\n\n\n<p>\u201cEl pasado 19 de octubre (de 2022) fue trasladado al Hospital General de Xoco para atender su delicado estado de salud. Derivado del complicado cuadro cl\u00ednico que presentaba; los m\u00e9dicos determinaron que resultaba necesario remitirlo al Instituto Nacional de Cardiolog\u00eda \u201cIgnacio Ch\u00e1vez\u201d, para su debido diagn\u00f3stico y tratamiento.<\/p>\n\n\n\n<p>\u201cDespu\u00e9s de realizarle varios estudios, el 20 de octubre los m\u00e9dicos de dicho nosocomio decidieron que era necesario una intervenci\u00f3n quir\u00fargica, practicando de emergencia una cirug\u00eda Endarterectom\u00eda Carot\u00eddea de Alto Riesgo. Los estudios practicados a Murillo Karam revelaron otra car\u00f3tida obstruida elevando el riesgo de un co\u00e1gulo cerebral\u201d, explic\u00f3 su abogado Javier L\u00f3pez.<\/p>\n","protected":false},"excerpt":{"rendered":"<p>Al\u00a0ex procurador de la Rep\u00fablica,\u00a0Jes\u00fas \u201cN\u201d,\u00a0le fue concedida la\u00a0prisi\u00f3n domiciliaria\u00a0por\u00a0uno de los delitos\u00a0que lo mantienen en proceso penal. Debido a su\u00a0condici\u00f3n de salud\u00a0y a su\u00a0avanzada edad, el ex funcionario p\u00fablico fue considerado para que siga afuera de la prisi\u00f3n el resto de la investigaci\u00f3n. No obstante, Jes\u00fas &#8220;N&#8221; quien es\u00a0procesado\u00a0por el caso de los\u00a043 estudiantes [&hellip;]<\/p>\n","protected":false},"author":1,"featured_media":16621,"comment_status":"closed","ping_status":"closed","sticky":false,"template":"","format":"aside","meta":{"googlesitekit_rrm_CAowytPeCw:productID":"","footnotes":""},"categories":[3],"tags":[3316],"class_list":["post-16620","post","type-post","status-publish","format-aside","has-post-thumbnail","hentry","category-nacional","tag-juez","post_format-post-format-aside"],"yoast_head":"<!-- This site is optimized with the Yoast SEO plugin v27.5 - https:\/\/yoast.com\/product\/yoast-seo-wordpress\/ -->\n<title>Conceden prisi\u00f3n domiciliaria al ex procurador Jes\u00fas \u201cN\u201d |<\/title>\n<meta name=\"robots\" content=\"index, follow, max-snippet:-1, max-image-preview:large, max-video-preview:-1\" \/>\n<link rel=\"canonical\" href=\"https:\/\/conexionnacional.mx\/index.php\/2023\/11\/02\/conceden-prision-domiciliaria-al-ex-procurador-jesus-n\/\" \/>\n<meta property=\"og:locale\" content=\"es_MX\" \/>\n<meta property=\"og:type\" content=\"article\" \/>\n<meta property=\"og:title\" content=\"Conceden prisi\u00f3n domiciliaria al ex procurador Jes\u00fas \u201cN\u201d |\" \/>\n<meta property=\"og:description\" content=\"Al\u00a0ex procurador de la Rep\u00fablica,\u00a0Jes\u00fas \u201cN\u201d,\u00a0le fue concedida la\u00a0prisi\u00f3n domiciliaria\u00a0por\u00a0uno de los delitos\u00a0que lo mantienen en proceso penal. Debido a su\u00a0condici\u00f3n de salud\u00a0y a su\u00a0avanzada edad, el ex funcionario p\u00fablico fue considerado para que siga afuera de la prisi\u00f3n el resto de la investigaci\u00f3n. No obstante, Jes\u00fas &#8220;N&#8221; quien es\u00a0procesado\u00a0por el caso de los\u00a043 estudiantes [&hellip;]\" \/>\n<meta property=\"og:url\" content=\"https:\/\/conexionnacional.mx\/index.php\/2023\/11\/02\/conceden-prision-domiciliaria-al-ex-procurador-jesus-n\/\" \/>\n<meta property=\"og:site_name\" content=\"Conexi\u00f3n Nacional\" \/>\n<meta property=\"article:publisher\" content=\"https:\/\/www.facebook.com\/cnmxradio\" \/>\n<meta property=\"article:published_time\" content=\"2023-11-02T17:25:08+00:00\" \/>\n<meta property=\"article:modified_time\" content=\"2023-11-02T17:25:12+00:00\" \/>\n<meta property=\"og:image\" content=\"https:\/\/conexionnacional.mx\/wp-content\/uploads\/2023\/11\/f960x540-834122_908197_0.jpg\" \/>\n\t<meta property=\"og:image:width\" content=\"960\" \/>\n\t<meta property=\"og:image:height\" content=\"540\" \/>\n\t<meta property=\"og:image:type\" content=\"image\/jpeg\" \/>\n<meta name=\"author\" content=\"Conexi\u00f3n Nacional\" \/>\n<meta name=\"twitter:card\" content=\"summary_large_image\" \/>\n<meta name=\"twitter:label1\" content=\"Escrito por\" \/>\n\t<meta name=\"twitter:data1\" content=\"Conexi\u00f3n Nacional\" \/>\n\t<meta name=\"twitter:label2\" content=\"Tiempo de lectura\" \/>\n\t<meta name=\"twitter:data2\" content=\"3 minutos\" \/>\n<script type=\"application\/ld+json\" class=\"yoast-schema-graph\">{\"@context\":\"https:\\\/\\\/schema.org\",\"@graph\":[{\"@type\":\"Article\",\"@id\":\"https:\\\/\\\/conexionnacional.mx\\\/index.php\\\/2023\\\/11\\\/02\\\/conceden-prision-domiciliaria-al-ex-procurador-jesus-n\\\/#article\",\"isPartOf\":{\"@id\":\"https:\\\/\\\/conexionnacional.mx\\\/index.php\\\/2023\\\/11\\\/02\\\/conceden-prision-domiciliaria-al-ex-procurador-jesus-n\\\/\"},\"author\":{\"name\":\"Conexi\u00f3n Nacional\",\"@id\":\"https:\\\/\\\/conexionnacional.mx\\\/#\\\/schema\\\/person\\\/dd14aeda902120f5e0e021903fdb6931\"},\"headline\":\"Conceden prisi\u00f3n domiciliaria al ex procurador Jes\u00fas \u201cN\u201d\",\"datePublished\":\"2023-11-02T17:25:08+00:00\",\"dateModified\":\"2023-11-02T17:25:12+00:00\",\"mainEntityOfPage\":{\"@id\":\"https:\\\/\\\/conexionnacional.mx\\\/index.php\\\/2023\\\/11\\\/02\\\/conceden-prision-domiciliaria-al-ex-procurador-jesus-n\\\/\"},\"wordCount\":566,\"publisher\":{\"@id\":\"https:\\\/\\\/conexionnacional.mx\\\/#organization\"},\"image\":{\"@id\":\"https:\\\/\\\/conexionnacional.mx\\\/index.php\\\/2023\\\/11\\\/02\\\/conceden-prision-domiciliaria-al-ex-procurador-jesus-n\\\/#primaryimage\"},\"thumbnailUrl\":\"https:\\\/\\\/conexionnacional.mx\\\/wp-content\\\/uploads\\\/2023\\\/11\\\/f960x540-834122_908197_0.jpg\",\"keywords\":[\"Juez\"],\"articleSection\":[\"Nacional\"],\"inLanguage\":\"es\"},{\"@type\":\"WebPage\",\"@id\":\"https:\\\/\\\/conexionnacional.mx\\\/index.php\\\/2023\\\/11\\\/02\\\/conceden-prision-domiciliaria-al-ex-procurador-jesus-n\\\/\",\"url\":\"https:\\\/\\\/conexionnacional.mx\\\/index.php\\\/2023\\\/11\\\/02\\\/conceden-prision-domiciliaria-al-ex-procurador-jesus-n\\\/\",\"name\":\"Conceden prisi\u00f3n domiciliaria al ex procurador Jes\u00fas \u201cN\u201d |\",\"isPartOf\":{\"@id\":\"https:\\\/\\\/conexionnacional.mx\\\/#website\"},\"primaryImageOfPage\":{\"@id\":\"https:\\\/\\\/conexionnacional.mx\\\/index.php\\\/2023\\\/11\\\/02\\\/conceden-prision-domiciliaria-al-ex-procurador-jesus-n\\\/#primaryimage\"},\"image\":{\"@id\":\"https:\\\/\\\/conexionnacional.mx\\\/index.php\\\/2023\\\/11\\\/02\\\/conceden-prision-domiciliaria-al-ex-procurador-jesus-n\\\/#primaryimage\"},\"thumbnailUrl\":\"https:\\\/\\\/conexionnacional.mx\\\/wp-content\\\/uploads\\\/2023\\\/11\\\/f960x540-834122_908197_0.jpg\",\"datePublished\":\"2023-11-02T17:25:08+00:00\",\"dateModified\":\"2023-11-02T17:25:12+00:00\",\"breadcrumb\":{\"@id\":\"https:\\\/\\\/conexionnacional.mx\\\/index.php\\\/2023\\\/11\\\/02\\\/conceden-prision-domiciliaria-al-ex-procurador-jesus-n\\\/#breadcrumb\"},\"inLanguage\":\"es\",\"potentialAction\":[{\"@type\":\"ReadAction\",\"target\":[\"https:\\\/\\\/conexionnacional.mx\\\/index.php\\\/2023\\\/11\\\/02\\\/conceden-prision-domiciliaria-al-ex-procurador-jesus-n\\\/\"]}]},{\"@type\":\"ImageObject\",\"inLanguage\":\"es\",\"@id\":\"https:\\\/\\\/conexionnacional.mx\\\/index.php\\\/2023\\\/11\\\/02\\\/conceden-prision-domiciliaria-al-ex-procurador-jesus-n\\\/#primaryimage\",\"url\":\"https:\\\/\\\/conexionnacional.mx\\\/wp-content\\\/uploads\\\/2023\\\/11\\\/f960x540-834122_908197_0.jpg\",\"contentUrl\":\"https:\\\/\\\/conexionnacional.mx\\\/wp-content\\\/uploads\\\/2023\\\/11\\\/f960x540-834122_908197_0.jpg\",\"width\":960,\"height\":540},{\"@type\":\"BreadcrumbList\",\"@id\":\"https:\\\/\\\/conexionnacional.mx\\\/index.php\\\/2023\\\/11\\\/02\\\/conceden-prision-domiciliaria-al-ex-procurador-jesus-n\\\/#breadcrumb\",\"itemListElement\":[{\"@type\":\"ListItem\",\"position\":1,\"name\":\"Inicio\",\"item\":\"https:\\\/\\\/conexionnacional.mx\\\/\"},{\"@type\":\"ListItem\",\"position\":2,\"name\":\"Conceden prisi\u00f3n domiciliaria al ex procurador Jes\u00fas \u201cN\u201d\"}]},{\"@type\":\"WebSite\",\"@id\":\"https:\\\/\\\/conexionnacional.mx\\\/#website\",\"url\":\"https:\\\/\\\/conexionnacional.mx\\\/\",\"name\":\"Conexi\u00f3n Nacional\",\"description\":\"Noticias al momento\",\"publisher\":{\"@id\":\"https:\\\/\\\/conexionnacional.mx\\\/#organization\"},\"alternateName\":\"Noticias nacionales\",\"potentialAction\":[{\"@type\":\"SearchAction\",\"target\":{\"@type\":\"EntryPoint\",\"urlTemplate\":\"https:\\\/\\\/conexionnacional.mx\\\/?s={search_term_string}\"},\"query-input\":{\"@type\":\"PropertyValueSpecification\",\"valueRequired\":true,\"valueName\":\"search_term_string\"}}],\"inLanguage\":\"es\"},{\"@type\":\"Organization\",\"@id\":\"https:\\\/\\\/conexionnacional.mx\\\/#organization\",\"name\":\"Conexi\u00f3n Nacional\",\"url\":\"https:\\\/\\\/conexionnacional.mx\\\/\",\"logo\":{\"@type\":\"ImageObject\",\"inLanguage\":\"es\",\"@id\":\"https:\\\/\\\/conexionnacional.mx\\\/#\\\/schema\\\/logo\\\/image\\\/\",\"url\":\"https:\\\/\\\/conexionnacional.mx\\\/wp-content\\\/uploads\\\/2022\\\/09\\\/conexion_nacional.png\",\"contentUrl\":\"https:\\\/\\\/conexionnacional.mx\\\/wp-content\\\/uploads\\\/2022\\\/09\\\/conexion_nacional.png\",\"width\":2964,\"height\":1173,\"caption\":\"Conexi\u00f3n Nacional\"},\"image\":{\"@id\":\"https:\\\/\\\/conexionnacional.mx\\\/#\\\/schema\\\/logo\\\/image\\\/\"},\"sameAs\":[\"https:\\\/\\\/www.facebook.com\\\/cnmxradio\"]},{\"@type\":\"Person\",\"@id\":\"https:\\\/\\\/conexionnacional.mx\\\/#\\\/schema\\\/person\\\/dd14aeda902120f5e0e021903fdb6931\",\"name\":\"Conexi\u00f3n Nacional\",\"image\":{\"@type\":\"ImageObject\",\"inLanguage\":\"es\",\"@id\":\"https:\\\/\\\/secure.gravatar.com\\\/avatar\\\/e523100f284110b2ecca7e17b2be9cf140a5e8f35294c9ec0543e6916cc1f9be?s=96&d=blank&r=g\",\"url\":\"https:\\\/\\\/secure.gravatar.com\\\/avatar\\\/e523100f284110b2ecca7e17b2be9cf140a5e8f35294c9ec0543e6916cc1f9be?s=96&d=blank&r=g\",\"contentUrl\":\"https:\\\/\\\/secure.gravatar.com\\\/avatar\\\/e523100f284110b2ecca7e17b2be9cf140a5e8f35294c9ec0543e6916cc1f9be?s=96&d=blank&r=g\",\"caption\":\"Conexi\u00f3n Nacional\"},\"sameAs\":[\"https:\\\/\\\/conexionnacional.mx\"],\"url\":\"https:\\\/\\\/conexionnacional.mx\\\/index.php\\\/author\\\/administrador\\\/\"}]}<\/script>\n<!-- \/ Yoast SEO plugin. -->","yoast_head_json":{"title":"Conceden prisi\u00f3n domiciliaria al ex procurador Jes\u00fas \u201cN\u201d |","robots":{"index":"index","follow":"follow","max-snippet":"max-snippet:-1","max-image-preview":"max-image-preview:large","max-video-preview":"max-video-preview:-1"},"canonical":"https:\/\/conexionnacional.mx\/index.php\/2023\/11\/02\/conceden-prision-domiciliaria-al-ex-procurador-jesus-n\/","og_locale":"es_MX","og_type":"article","og_title":"Conceden prisi\u00f3n domiciliaria al ex procurador Jes\u00fas \u201cN\u201d |","og_description":"Al\u00a0ex procurador de la Rep\u00fablica,\u00a0Jes\u00fas \u201cN\u201d,\u00a0le fue concedida la\u00a0prisi\u00f3n domiciliaria\u00a0por\u00a0uno de los delitos\u00a0que lo mantienen en proceso penal. Debido a su\u00a0condici\u00f3n de salud\u00a0y a su\u00a0avanzada edad, el ex funcionario p\u00fablico fue considerado para que siga afuera de la prisi\u00f3n el resto de la investigaci\u00f3n. No obstante, Jes\u00fas &#8220;N&#8221; quien es\u00a0procesado\u00a0por el caso de los\u00a043 estudiantes [&hellip;]","og_url":"https:\/\/conexionnacional.mx\/index.php\/2023\/11\/02\/conceden-prision-domiciliaria-al-ex-procurador-jesus-n\/","og_site_name":"Conexi\u00f3n Nacional","article_publisher":"https:\/\/www.facebook.com\/cnmxradio","article_published_time":"2023-11-02T17:25:08+00:00","article_modified_time":"2023-11-02T17:25:12+00:00","og_image":[{"width":960,"height":540,"url":"https:\/\/conexionnacional.mx\/wp-content\/uploads\/2023\/11\/f960x540-834122_908197_0.jpg","type":"image\/jpeg"}],"author":"Conexi\u00f3n Nacional","twitter_card":"summary_large_image","twitter_misc":{"Escrito por":"Conexi\u00f3n Nacional","Tiempo de lectura":"3 minutos"},"schema":{"@context":"https:\/\/schema.org","@graph":[{"@type":"Article","@id":"https:\/\/conexionnacional.mx\/index.php\/2023\/11\/02\/conceden-prision-domiciliaria-al-ex-procurador-jesus-n\/#article","isPartOf":{"@id":"https:\/\/conexionnacional.mx\/index.php\/2023\/11\/02\/conceden-prision-domiciliaria-al-ex-procurador-jesus-n\/"},"author":{"name":"Conexi\u00f3n Nacional","@id":"https:\/\/conexionnacional.mx\/#\/schema\/person\/dd14aeda902120f5e0e021903fdb6931"},"headline":"Conceden prisi\u00f3n domiciliaria al ex procurador Jes\u00fas \u201cN\u201d","datePublished":"2023-11-02T17:25:08+00:00","dateModified":"2023-11-02T17:25:12+00:00","mainEntityOfPage":{"@id":"https:\/\/conexionnacional.mx\/index.php\/2023\/11\/02\/conceden-prision-domiciliaria-al-ex-procurador-jesus-n\/"},"wordCount":566,"publisher":{"@id":"https:\/\/conexionnacional.mx\/#organization"},"image":{"@id":"https:\/\/conexionnacional.mx\/index.php\/2023\/11\/02\/conceden-prision-domiciliaria-al-ex-procurador-jesus-n\/#primaryimage"},"thumbnailUrl":"https:\/\/conexionnacional.mx\/wp-content\/uploads\/2023\/11\/f960x540-834122_908197_0.jpg","keywords":["Juez"],"articleSection":["Nacional"],"inLanguage":"es"},{"@type":"WebPage","@id":"https:\/\/conexionnacional.mx\/index.php\/2023\/11\/02\/conceden-prision-domiciliaria-al-ex-procurador-jesus-n\/","url":"https:\/\/conexionnacional.mx\/index.php\/2023\/11\/02\/conceden-prision-domiciliaria-al-ex-procurador-jesus-n\/","name":"Conceden prisi\u00f3n domiciliaria al ex procurador Jes\u00fas \u201cN\u201d |","isPartOf":{"@id":"https:\/\/conexionnacional.mx\/#website"},"primaryImageOfPage":{"@id":"https:\/\/conexionnacional.mx\/index.php\/2023\/11\/02\/conceden-prision-domiciliaria-al-ex-procurador-jesus-n\/#primaryimage"},"image":{"@id":"https:\/\/conexionnacional.mx\/index.php\/2023\/11\/02\/conceden-prision-domiciliaria-al-ex-procurador-jesus-n\/#primaryimage"},"thumbnailUrl":"https:\/\/conexionnacional.mx\/wp-content\/uploads\/2023\/11\/f960x540-834122_908197_0.jpg","datePublished":"2023-11-02T17:25:08+00:00","dateModified":"2023-11-02T17:25:12+00:00","breadcrumb":{"@id":"https:\/\/conexionnacional.mx\/index.php\/2023\/11\/02\/conceden-prision-domiciliaria-al-ex-procurador-jesus-n\/#breadcrumb"},"inLanguage":"es","potentialAction":[{"@type":"ReadAction","target":["https:\/\/conexionnacional.mx\/index.php\/2023\/11\/02\/conceden-prision-domiciliaria-al-ex-procurador-jesus-n\/"]}]},{"@type":"ImageObject","inLanguage":"es","@id":"https:\/\/conexionnacional.mx\/index.php\/2023\/11\/02\/conceden-prision-domiciliaria-al-ex-procurador-jesus-n\/#primaryimage","url":"https:\/\/conexionnacional.mx\/wp-content\/uploads\/2023\/11\/f960x540-834122_908197_0.jpg","contentUrl":"https:\/\/conexionnacional.mx\/wp-content\/uploads\/2023\/11\/f960x540-834122_908197_0.jpg","width":960,"height":540},{"@type":"BreadcrumbList","@id":"https:\/\/conexionnacional.mx\/index.php\/2023\/11\/02\/conceden-prision-domiciliaria-al-ex-procurador-jesus-n\/#breadcrumb","itemListElement":[{"@type":"ListItem","position":1,"name":"Inicio","item":"https:\/\/conexionnacional.mx\/"},{"@type":"ListItem","position":2,"name":"Conceden prisi\u00f3n domiciliaria al ex procurador Jes\u00fas \u201cN\u201d"}]},{"@type":"WebSite","@id":"https:\/\/conexionnacional.mx\/#website","url":"https:\/\/conexionnacional.mx\/","name":"Conexi\u00f3n Nacional","description":"Noticias al momento","publisher":{"@id":"https:\/\/conexionnacional.mx\/#organization"},"alternateName":"Noticias nacionales","potentialAction":[{"@type":"SearchAction","target":{"@type":"EntryPoint","urlTemplate":"https:\/\/conexionnacional.mx\/?s={search_term_string}"},"query-input":{"@type":"PropertyValueSpecification","valueRequired":true,"valueName":"search_term_string"}}],"inLanguage":"es"},{"@type":"Organization","@id":"https:\/\/conexionnacional.mx\/#organization","name":"Conexi\u00f3n Nacional","url":"https:\/\/conexionnacional.mx\/","logo":{"@type":"ImageObject","inLanguage":"es","@id":"https:\/\/conexionnacional.mx\/#\/schema\/logo\/image\/","url":"https:\/\/conexionnacional.mx\/wp-content\/uploads\/2022\/09\/conexion_nacional.png","contentUrl":"https:\/\/conexionnacional.mx\/wp-content\/uploads\/2022\/09\/conexion_nacional.png","width":2964,"height":1173,"caption":"Conexi\u00f3n Nacional"},"image":{"@id":"https:\/\/conexionnacional.mx\/#\/schema\/logo\/image\/"},"sameAs":["https:\/\/www.facebook.com\/cnmxradio"]},{"@type":"Person","@id":"https:\/\/conexionnacional.mx\/#\/schema\/person\/dd14aeda902120f5e0e021903fdb6931","name":"Conexi\u00f3n Nacional","image":{"@type":"ImageObject","inLanguage":"es","@id":"https:\/\/secure.gravatar.com\/avatar\/e523100f284110b2ecca7e17b2be9cf140a5e8f35294c9ec0543e6916cc1f9be?s=96&d=blank&r=g","url":"https:\/\/secure.gravatar.com\/avatar\/e523100f284110b2ecca7e17b2be9cf140a5e8f35294c9ec0543e6916cc1f9be?s=96&d=blank&r=g","contentUrl":"https:\/\/secure.gravatar.com\/avatar\/e523100f284110b2ecca7e17b2be9cf140a5e8f35294c9ec0543e6916cc1f9be?s=96&d=blank&r=g","caption":"Conexi\u00f3n Nacional"},"sameAs":["https:\/\/conexionnacional.mx"],"url":"https:\/\/conexionnacional.mx\/index.php\/author\/administrador\/"}]}},"_links":{"self":[{"href":"https:\/\/conexionnacional.mx\/index.php\/wp-json\/wp\/v2\/posts\/16620","targetHints":{"allow":["GET"]}}],"collection":[{"href":"https:\/\/conexionnacional.mx\/index.php\/wp-json\/wp\/v2\/posts"}],"about":[{"href":"https:\/\/conexionnacional.mx\/index.php\/wp-json\/wp\/v2\/types\/post"}],"author":[{"embeddable":true,"href":"https:\/\/conexionnacional.mx\/index.php\/wp-json\/wp\/v2\/users\/1"}],"replies":[{"embeddable":true,"href":"https:\/\/conexionnacional.mx\/index.php\/wp-json\/wp\/v2\/comments?post=16620"}],"version-history":[{"count":1,"href":"https:\/\/conexionnacional.mx\/index.php\/wp-json\/wp\/v2\/posts\/16620\/revisions"}],"predecessor-version":[{"id":16622,"href":"https:\/\/conexionnacional.mx\/index.php\/wp-json\/wp\/v2\/posts\/16620\/revisions\/16622"}],"wp:featuredmedia":[{"embeddable":true,"href":"https:\/\/conexionnacional.mx\/index.php\/wp-json\/wp\/v2\/media\/16621"}],"wp:attachment":[{"href":"https:\/\/conexionnacional.mx\/index.php\/wp-json\/wp\/v2\/media?parent=16620"}],"wp:term":[{"taxonomy":"category","embeddable":true,"href":"https:\/\/conexionnacional.mx\/index.php\/wp-json\/wp\/v2\/categories?post=16620"},{"taxonomy":"post_tag","embeddable":true,"href":"https:\/\/conexionnacional.mx\/index.php\/wp-json\/wp\/v2\/tags?post=16620"}],"curies":[{"name":"wp","href":"https:\/\/api.w.org\/{rel}","templated":true}]}}