{"id":16617,"date":"2023-11-02T10:05:33","date_gmt":"2023-11-02T16:05:33","guid":{"rendered":"https:\/\/conexionnacional.mx\/?p=16617"},"modified":"2023-11-02T10:05:34","modified_gmt":"2023-11-02T16:05:34","slug":"huracan-otis-emiten-declaratoria-de-desastre-natural-para-47-municipios-de-guerrero-y-liberan-recursos","status":"publish","type":"post","link":"https:\/\/conexionnacional.mx\/index.php\/2023\/11\/02\/huracan-otis-emiten-declaratoria-de-desastre-natural-para-47-municipios-de-guerrero-y-liberan-recursos\/","title":{"rendered":"Hurac\u00e1n \u201cOtis\u201d: Emiten declaratoria de desastre natural para 47 municipios de Guerrero y liberan recursos"},"content":{"rendered":"\n<p>La Secretar\u00eda de Seguridad y Protecci\u00f3n Ciudadana emiti\u00f3, en 47 municipios de\u00a0<strong>Guerrero<\/strong>, una Declaratoria de Desastre Natural por lluvia severa, vientos fuertes, inundaci\u00f3n fluvial y pluvial tras el paso del\u00a0<strong>hurac\u00e1n \u201cOtis\u201d<\/strong>, con lo que se liberan recursos del gobierno federal para atender a la poblaci\u00f3n damnificada.<\/p>\n\n\n\n<p>En el documento, publicado en el Diario Oficial de la Federaci\u00f3n( DOF), se declara como zona de desastre por la ocurrencia de lluvia severa y vientos fuertes el d\u00eda 24 de octubre de 2023, para los municipios de Apaxtla, Arcelia, Chilpancingo de los Bravo, Cuetzala del Progreso, Eduardo Neri, Florencio Villarreal, General Heliodoro Castillo, Juan R. Escudero, Leonardo Bravo, Mochitl\u00e1n, San Marcos, Tecoanapa y Tlapehuala.<\/p>\n\n\n\n<p><\/p>\n\n\n\n<p>Por lluvia severa del 24 de octubre, para los municipios de Acatepec, Ayutla de los Libres, Azoy\u00fa, Chilapa de \u00c1lvarez, Cocula, Copala, Cuajinicuilapa, Cuautepec, Igualapa, Juchit\u00e1n, Malinaltepec, Marquelia, Quechultenango, San Luis Acatl\u00e1n, Tixtla de Guerrero, Tlacoachistlahuaca, Tlacoapa y Xalpatlahuac.<\/p>\n\n\n\n<p>Por vientos fuertes el 24 de octubre, para los municipios de Coyuca de Catal\u00e1n, Cutzamala de Pinz\u00f3n, Petatl\u00e1n, Pungarabato, T\u00e9cpan de Galeana, Tlalchapa y Zir\u00e1ndaro; por lluvia severa y vientos fuertes el 24 de octubre e inundaci\u00f3n pluvial el 25, para los municipios de&nbsp;<strong>Acapulco de Ju\u00e1rez<\/strong>, Atoyac de \u00c1lvarez, Benito Ju\u00e1rez,&nbsp;<strong>Coyuca de Ben\u00edtez<\/strong>&nbsp;y San Miguel Totolapan.<\/p>\n\n\n\n<p>Por lluvia severa del 24 de octubre e inundaci\u00f3n pluvial del d\u00eda siguiente, para el municipio de Atlamajalcingo del Monte; por lluvia severa y vientos fuertes el 24 de octubre e inundaci\u00f3n fluvial y pluvial el 25 de octubre, para el municipio de Ajuchitl\u00e1n del Progreso; y por inundaci\u00f3n pluvial el d\u00eda 25 de octubre, para los municipios de Iliatenco y Metlat\u00f3noc, todos del estado de Guerrero.<\/p>\n\n\n\n<p>\u201cLa presente Declaratoria de Desastre Natural se expide para efectos de atender los da\u00f1os desencadenados por fen\u00f3menos naturales perturbadores, de acuerdo con lo dispuesto por la Ley General de Protecci\u00f3n Civil y los Lineamientos\u201d, se\u00f1ala el documento publicado en el DOF.<\/p>\n","protected":false},"excerpt":{"rendered":"<p>La Secretar\u00eda de Seguridad y Protecci\u00f3n Ciudadana emiti\u00f3, en 47 municipios de\u00a0Guerrero, una Declaratoria de Desastre Natural por lluvia severa, vientos fuertes, inundaci\u00f3n fluvial y pluvial tras el paso del\u00a0hurac\u00e1n \u201cOtis\u201d, con lo que se liberan recursos del gobierno federal para atender a la poblaci\u00f3n damnificada. En el documento, publicado en el Diario Oficial de [&hellip;]<\/p>\n","protected":false},"author":1,"featured_media":16618,"comment_status":"closed","ping_status":"closed","sticky":false,"template":"","format":"aside","meta":{"googlesitekit_rrm_CAowytPeCw:productID":"","footnotes":""},"categories":[6428],"tags":[6438],"class_list":["post-16617","post","type-post","status-publish","format-aside","has-post-thumbnail","hentry","category-emergencia","tag-huracan-otis","post_format-post-format-aside"],"yoast_head":"<!-- This site is optimized with the Yoast SEO plugin v27.5 - https:\/\/yoast.com\/product\/yoast-seo-wordpress\/ -->\n<title>Hurac\u00e1n \u201cOtis\u201d: Emiten declaratoria de desastre natural para 47 municipios de Guerrero y liberan recursos |<\/title>\n<meta name=\"robots\" content=\"index, follow, max-snippet:-1, max-image-preview:large, max-video-preview:-1\" \/>\n<link rel=\"canonical\" href=\"https:\/\/conexionnacional.mx\/index.php\/2023\/11\/02\/huracan-otis-emiten-declaratoria-de-desastre-natural-para-47-municipios-de-guerrero-y-liberan-recursos\/\" \/>\n<meta property=\"og:locale\" content=\"es_MX\" \/>\n<meta property=\"og:type\" content=\"article\" \/>\n<meta property=\"og:title\" content=\"Hurac\u00e1n \u201cOtis\u201d: Emiten declaratoria de desastre natural para 47 municipios de Guerrero y liberan recursos |\" \/>\n<meta property=\"og:description\" content=\"La Secretar\u00eda de Seguridad y Protecci\u00f3n Ciudadana emiti\u00f3, en 47 municipios de\u00a0Guerrero, una Declaratoria de Desastre Natural por lluvia severa, vientos fuertes, inundaci\u00f3n fluvial y pluvial tras el paso del\u00a0hurac\u00e1n \u201cOtis\u201d, con lo que se liberan recursos del gobierno federal para atender a la poblaci\u00f3n damnificada. En el documento, publicado en el Diario Oficial de [&hellip;]\" \/>\n<meta property=\"og:url\" content=\"https:\/\/conexionnacional.mx\/index.php\/2023\/11\/02\/huracan-otis-emiten-declaratoria-de-desastre-natural-para-47-municipios-de-guerrero-y-liberan-recursos\/\" \/>\n<meta property=\"og:site_name\" content=\"Conexi\u00f3n Nacional\" \/>\n<meta property=\"article:publisher\" content=\"https:\/\/www.facebook.com\/cnmxradio\" \/>\n<meta property=\"article:published_time\" content=\"2023-11-02T16:05:33+00:00\" \/>\n<meta property=\"article:modified_time\" content=\"2023-11-02T16:05:34+00:00\" \/>\n<meta property=\"og:image\" content=\"https:\/\/conexionnacional.mx\/wp-content\/uploads\/2023\/11\/QGBYJ6RHZZBLHLWJMBL5MQBT2Q.jpg\" \/>\n\t<meta property=\"og:image:width\" content=\"1100\" \/>\n\t<meta property=\"og:image:height\" content=\"666\" \/>\n\t<meta property=\"og:image:type\" content=\"image\/jpeg\" \/>\n<meta name=\"author\" content=\"Conexi\u00f3n Nacional\" \/>\n<meta name=\"twitter:card\" content=\"summary_large_image\" \/>\n<meta name=\"twitter:label1\" content=\"Escrito por\" \/>\n\t<meta name=\"twitter:data1\" content=\"Conexi\u00f3n Nacional\" \/>\n\t<meta name=\"twitter:label2\" content=\"Tiempo de lectura\" \/>\n\t<meta name=\"twitter:data2\" content=\"2 minutos\" \/>\n<script type=\"application\/ld+json\" class=\"yoast-schema-graph\">{\"@context\":\"https:\\\/\\\/schema.org\",\"@graph\":[{\"@type\":\"Article\",\"@id\":\"https:\\\/\\\/conexionnacional.mx\\\/index.php\\\/2023\\\/11\\\/02\\\/huracan-otis-emiten-declaratoria-de-desastre-natural-para-47-municipios-de-guerrero-y-liberan-recursos\\\/#article\",\"isPartOf\":{\"@id\":\"https:\\\/\\\/conexionnacional.mx\\\/index.php\\\/2023\\\/11\\\/02\\\/huracan-otis-emiten-declaratoria-de-desastre-natural-para-47-municipios-de-guerrero-y-liberan-recursos\\\/\"},\"author\":{\"name\":\"Conexi\u00f3n Nacional\",\"@id\":\"https:\\\/\\\/conexionnacional.mx\\\/#\\\/schema\\\/person\\\/dd14aeda902120f5e0e021903fdb6931\"},\"headline\":\"Hurac\u00e1n \u201cOtis\u201d: Emiten declaratoria de desastre natural para 47 municipios de Guerrero y liberan recursos\",\"datePublished\":\"2023-11-02T16:05:33+00:00\",\"dateModified\":\"2023-11-02T16:05:34+00:00\",\"mainEntityOfPage\":{\"@id\":\"https:\\\/\\\/conexionnacional.mx\\\/index.php\\\/2023\\\/11\\\/02\\\/huracan-otis-emiten-declaratoria-de-desastre-natural-para-47-municipios-de-guerrero-y-liberan-recursos\\\/\"},\"wordCount\":356,\"publisher\":{\"@id\":\"https:\\\/\\\/conexionnacional.mx\\\/#organization\"},\"image\":{\"@id\":\"https:\\\/\\\/conexionnacional.mx\\\/index.php\\\/2023\\\/11\\\/02\\\/huracan-otis-emiten-declaratoria-de-desastre-natural-para-47-municipios-de-guerrero-y-liberan-recursos\\\/#primaryimage\"},\"thumbnailUrl\":\"https:\\\/\\\/conexionnacional.mx\\\/wp-content\\\/uploads\\\/2023\\\/11\\\/QGBYJ6RHZZBLHLWJMBL5MQBT2Q.jpg\",\"keywords\":[\"Hurac\u00e1n Otis\"],\"articleSection\":[\"Emergencia\"],\"inLanguage\":\"es\"},{\"@type\":\"WebPage\",\"@id\":\"https:\\\/\\\/conexionnacional.mx\\\/index.php\\\/2023\\\/11\\\/02\\\/huracan-otis-emiten-declaratoria-de-desastre-natural-para-47-municipios-de-guerrero-y-liberan-recursos\\\/\",\"url\":\"https:\\\/\\\/conexionnacional.mx\\\/index.php\\\/2023\\\/11\\\/02\\\/huracan-otis-emiten-declaratoria-de-desastre-natural-para-47-municipios-de-guerrero-y-liberan-recursos\\\/\",\"name\":\"Hurac\u00e1n \u201cOtis\u201d: Emiten declaratoria de desastre natural para 47 municipios de Guerrero y liberan recursos |\",\"isPartOf\":{\"@id\":\"https:\\\/\\\/conexionnacional.mx\\\/#website\"},\"primaryImageOfPage\":{\"@id\":\"https:\\\/\\\/conexionnacional.mx\\\/index.php\\\/2023\\\/11\\\/02\\\/huracan-otis-emiten-declaratoria-de-desastre-natural-para-47-municipios-de-guerrero-y-liberan-recursos\\\/#primaryimage\"},\"image\":{\"@id\":\"https:\\\/\\\/conexionnacional.mx\\\/index.php\\\/2023\\\/11\\\/02\\\/huracan-otis-emiten-declaratoria-de-desastre-natural-para-47-municipios-de-guerrero-y-liberan-recursos\\\/#primaryimage\"},\"thumbnailUrl\":\"https:\\\/\\\/conexionnacional.mx\\\/wp-content\\\/uploads\\\/2023\\\/11\\\/QGBYJ6RHZZBLHLWJMBL5MQBT2Q.jpg\",\"datePublished\":\"2023-11-02T16:05:33+00:00\",\"dateModified\":\"2023-11-02T16:05:34+00:00\",\"breadcrumb\":{\"@id\":\"https:\\\/\\\/conexionnacional.mx\\\/index.php\\\/2023\\\/11\\\/02\\\/huracan-otis-emiten-declaratoria-de-desastre-natural-para-47-municipios-de-guerrero-y-liberan-recursos\\\/#breadcrumb\"},\"inLanguage\":\"es\",\"potentialAction\":[{\"@type\":\"ReadAction\",\"target\":[\"https:\\\/\\\/conexionnacional.mx\\\/index.php\\\/2023\\\/11\\\/02\\\/huracan-otis-emiten-declaratoria-de-desastre-natural-para-47-municipios-de-guerrero-y-liberan-recursos\\\/\"]}]},{\"@type\":\"ImageObject\",\"inLanguage\":\"es\",\"@id\":\"https:\\\/\\\/conexionnacional.mx\\\/index.php\\\/2023\\\/11\\\/02\\\/huracan-otis-emiten-declaratoria-de-desastre-natural-para-47-municipios-de-guerrero-y-liberan-recursos\\\/#primaryimage\",\"url\":\"https:\\\/\\\/conexionnacional.mx\\\/wp-content\\\/uploads\\\/2023\\\/11\\\/QGBYJ6RHZZBLHLWJMBL5MQBT2Q.jpg\",\"contentUrl\":\"https:\\\/\\\/conexionnacional.mx\\\/wp-content\\\/uploads\\\/2023\\\/11\\\/QGBYJ6RHZZBLHLWJMBL5MQBT2Q.jpg\",\"width\":1100,\"height\":666},{\"@type\":\"BreadcrumbList\",\"@id\":\"https:\\\/\\\/conexionnacional.mx\\\/index.php\\\/2023\\\/11\\\/02\\\/huracan-otis-emiten-declaratoria-de-desastre-natural-para-47-municipios-de-guerrero-y-liberan-recursos\\\/#breadcrumb\",\"itemListElement\":[{\"@type\":\"ListItem\",\"position\":1,\"name\":\"Inicio\",\"item\":\"https:\\\/\\\/conexionnacional.mx\\\/\"},{\"@type\":\"ListItem\",\"position\":2,\"name\":\"Hurac\u00e1n \u201cOtis\u201d: Emiten declaratoria de desastre natural para 47 municipios de Guerrero y liberan recursos\"}]},{\"@type\":\"WebSite\",\"@id\":\"https:\\\/\\\/conexionnacional.mx\\\/#website\",\"url\":\"https:\\\/\\\/conexionnacional.mx\\\/\",\"name\":\"Conexi\u00f3n Nacional\",\"description\":\"Noticias al momento\",\"publisher\":{\"@id\":\"https:\\\/\\\/conexionnacional.mx\\\/#organization\"},\"alternateName\":\"Noticias nacionales\",\"potentialAction\":[{\"@type\":\"SearchAction\",\"target\":{\"@type\":\"EntryPoint\",\"urlTemplate\":\"https:\\\/\\\/conexionnacional.mx\\\/?s={search_term_string}\"},\"query-input\":{\"@type\":\"PropertyValueSpecification\",\"valueRequired\":true,\"valueName\":\"search_term_string\"}}],\"inLanguage\":\"es\"},{\"@type\":\"Organization\",\"@id\":\"https:\\\/\\\/conexionnacional.mx\\\/#organization\",\"name\":\"Conexi\u00f3n Nacional\",\"url\":\"https:\\\/\\\/conexionnacional.mx\\\/\",\"logo\":{\"@type\":\"ImageObject\",\"inLanguage\":\"es\",\"@id\":\"https:\\\/\\\/conexionnacional.mx\\\/#\\\/schema\\\/logo\\\/image\\\/\",\"url\":\"https:\\\/\\\/conexionnacional.mx\\\/wp-content\\\/uploads\\\/2022\\\/09\\\/conexion_nacional.png\",\"contentUrl\":\"https:\\\/\\\/conexionnacional.mx\\\/wp-content\\\/uploads\\\/2022\\\/09\\\/conexion_nacional.png\",\"width\":2964,\"height\":1173,\"caption\":\"Conexi\u00f3n Nacional\"},\"image\":{\"@id\":\"https:\\\/\\\/conexionnacional.mx\\\/#\\\/schema\\\/logo\\\/image\\\/\"},\"sameAs\":[\"https:\\\/\\\/www.facebook.com\\\/cnmxradio\"]},{\"@type\":\"Person\",\"@id\":\"https:\\\/\\\/conexionnacional.mx\\\/#\\\/schema\\\/person\\\/dd14aeda902120f5e0e021903fdb6931\",\"name\":\"Conexi\u00f3n Nacional\",\"image\":{\"@type\":\"ImageObject\",\"inLanguage\":\"es\",\"@id\":\"https:\\\/\\\/secure.gravatar.com\\\/avatar\\\/e523100f284110b2ecca7e17b2be9cf140a5e8f35294c9ec0543e6916cc1f9be?s=96&d=blank&r=g\",\"url\":\"https:\\\/\\\/secure.gravatar.com\\\/avatar\\\/e523100f284110b2ecca7e17b2be9cf140a5e8f35294c9ec0543e6916cc1f9be?s=96&d=blank&r=g\",\"contentUrl\":\"https:\\\/\\\/secure.gravatar.com\\\/avatar\\\/e523100f284110b2ecca7e17b2be9cf140a5e8f35294c9ec0543e6916cc1f9be?s=96&d=blank&r=g\",\"caption\":\"Conexi\u00f3n Nacional\"},\"sameAs\":[\"https:\\\/\\\/conexionnacional.mx\"],\"url\":\"https:\\\/\\\/conexionnacional.mx\\\/index.php\\\/author\\\/administrador\\\/\"}]}<\/script>\n<!-- \/ Yoast SEO plugin. -->","yoast_head_json":{"title":"Hurac\u00e1n \u201cOtis\u201d: Emiten declaratoria de desastre natural para 47 municipios de Guerrero y liberan recursos |","robots":{"index":"index","follow":"follow","max-snippet":"max-snippet:-1","max-image-preview":"max-image-preview:large","max-video-preview":"max-video-preview:-1"},"canonical":"https:\/\/conexionnacional.mx\/index.php\/2023\/11\/02\/huracan-otis-emiten-declaratoria-de-desastre-natural-para-47-municipios-de-guerrero-y-liberan-recursos\/","og_locale":"es_MX","og_type":"article","og_title":"Hurac\u00e1n \u201cOtis\u201d: Emiten declaratoria de desastre natural para 47 municipios de Guerrero y liberan recursos |","og_description":"La Secretar\u00eda de Seguridad y Protecci\u00f3n Ciudadana emiti\u00f3, en 47 municipios de\u00a0Guerrero, una Declaratoria de Desastre Natural por lluvia severa, vientos fuertes, inundaci\u00f3n fluvial y pluvial tras el paso del\u00a0hurac\u00e1n \u201cOtis\u201d, con lo que se liberan recursos del gobierno federal para atender a la poblaci\u00f3n damnificada. En el documento, publicado en el Diario Oficial de [&hellip;]","og_url":"https:\/\/conexionnacional.mx\/index.php\/2023\/11\/02\/huracan-otis-emiten-declaratoria-de-desastre-natural-para-47-municipios-de-guerrero-y-liberan-recursos\/","og_site_name":"Conexi\u00f3n Nacional","article_publisher":"https:\/\/www.facebook.com\/cnmxradio","article_published_time":"2023-11-02T16:05:33+00:00","article_modified_time":"2023-11-02T16:05:34+00:00","og_image":[{"width":1100,"height":666,"url":"https:\/\/conexionnacional.mx\/wp-content\/uploads\/2023\/11\/QGBYJ6RHZZBLHLWJMBL5MQBT2Q.jpg","type":"image\/jpeg"}],"author":"Conexi\u00f3n Nacional","twitter_card":"summary_large_image","twitter_misc":{"Escrito por":"Conexi\u00f3n Nacional","Tiempo de lectura":"2 minutos"},"schema":{"@context":"https:\/\/schema.org","@graph":[{"@type":"Article","@id":"https:\/\/conexionnacional.mx\/index.php\/2023\/11\/02\/huracan-otis-emiten-declaratoria-de-desastre-natural-para-47-municipios-de-guerrero-y-liberan-recursos\/#article","isPartOf":{"@id":"https:\/\/conexionnacional.mx\/index.php\/2023\/11\/02\/huracan-otis-emiten-declaratoria-de-desastre-natural-para-47-municipios-de-guerrero-y-liberan-recursos\/"},"author":{"name":"Conexi\u00f3n Nacional","@id":"https:\/\/conexionnacional.mx\/#\/schema\/person\/dd14aeda902120f5e0e021903fdb6931"},"headline":"Hurac\u00e1n \u201cOtis\u201d: Emiten declaratoria de desastre natural para 47 municipios de Guerrero y liberan recursos","datePublished":"2023-11-02T16:05:33+00:00","dateModified":"2023-11-02T16:05:34+00:00","mainEntityOfPage":{"@id":"https:\/\/conexionnacional.mx\/index.php\/2023\/11\/02\/huracan-otis-emiten-declaratoria-de-desastre-natural-para-47-municipios-de-guerrero-y-liberan-recursos\/"},"wordCount":356,"publisher":{"@id":"https:\/\/conexionnacional.mx\/#organization"},"image":{"@id":"https:\/\/conexionnacional.mx\/index.php\/2023\/11\/02\/huracan-otis-emiten-declaratoria-de-desastre-natural-para-47-municipios-de-guerrero-y-liberan-recursos\/#primaryimage"},"thumbnailUrl":"https:\/\/conexionnacional.mx\/wp-content\/uploads\/2023\/11\/QGBYJ6RHZZBLHLWJMBL5MQBT2Q.jpg","keywords":["Hurac\u00e1n Otis"],"articleSection":["Emergencia"],"inLanguage":"es"},{"@type":"WebPage","@id":"https:\/\/conexionnacional.mx\/index.php\/2023\/11\/02\/huracan-otis-emiten-declaratoria-de-desastre-natural-para-47-municipios-de-guerrero-y-liberan-recursos\/","url":"https:\/\/conexionnacional.mx\/index.php\/2023\/11\/02\/huracan-otis-emiten-declaratoria-de-desastre-natural-para-47-municipios-de-guerrero-y-liberan-recursos\/","name":"Hurac\u00e1n \u201cOtis\u201d: Emiten declaratoria de desastre natural para 47 municipios de Guerrero y liberan recursos |","isPartOf":{"@id":"https:\/\/conexionnacional.mx\/#website"},"primaryImageOfPage":{"@id":"https:\/\/conexionnacional.mx\/index.php\/2023\/11\/02\/huracan-otis-emiten-declaratoria-de-desastre-natural-para-47-municipios-de-guerrero-y-liberan-recursos\/#primaryimage"},"image":{"@id":"https:\/\/conexionnacional.mx\/index.php\/2023\/11\/02\/huracan-otis-emiten-declaratoria-de-desastre-natural-para-47-municipios-de-guerrero-y-liberan-recursos\/#primaryimage"},"thumbnailUrl":"https:\/\/conexionnacional.mx\/wp-content\/uploads\/2023\/11\/QGBYJ6RHZZBLHLWJMBL5MQBT2Q.jpg","datePublished":"2023-11-02T16:05:33+00:00","dateModified":"2023-11-02T16:05:34+00:00","breadcrumb":{"@id":"https:\/\/conexionnacional.mx\/index.php\/2023\/11\/02\/huracan-otis-emiten-declaratoria-de-desastre-natural-para-47-municipios-de-guerrero-y-liberan-recursos\/#breadcrumb"},"inLanguage":"es","potentialAction":[{"@type":"ReadAction","target":["https:\/\/conexionnacional.mx\/index.php\/2023\/11\/02\/huracan-otis-emiten-declaratoria-de-desastre-natural-para-47-municipios-de-guerrero-y-liberan-recursos\/"]}]},{"@type":"ImageObject","inLanguage":"es","@id":"https:\/\/conexionnacional.mx\/index.php\/2023\/11\/02\/huracan-otis-emiten-declaratoria-de-desastre-natural-para-47-municipios-de-guerrero-y-liberan-recursos\/#primaryimage","url":"https:\/\/conexionnacional.mx\/wp-content\/uploads\/2023\/11\/QGBYJ6RHZZBLHLWJMBL5MQBT2Q.jpg","contentUrl":"https:\/\/conexionnacional.mx\/wp-content\/uploads\/2023\/11\/QGBYJ6RHZZBLHLWJMBL5MQBT2Q.jpg","width":1100,"height":666},{"@type":"BreadcrumbList","@id":"https:\/\/conexionnacional.mx\/index.php\/2023\/11\/02\/huracan-otis-emiten-declaratoria-de-desastre-natural-para-47-municipios-de-guerrero-y-liberan-recursos\/#breadcrumb","itemListElement":[{"@type":"ListItem","position":1,"name":"Inicio","item":"https:\/\/conexionnacional.mx\/"},{"@type":"ListItem","position":2,"name":"Hurac\u00e1n \u201cOtis\u201d: Emiten declaratoria de desastre natural para 47 municipios de Guerrero y liberan recursos"}]},{"@type":"WebSite","@id":"https:\/\/conexionnacional.mx\/#website","url":"https:\/\/conexionnacional.mx\/","name":"Conexi\u00f3n Nacional","description":"Noticias al momento","publisher":{"@id":"https:\/\/conexionnacional.mx\/#organization"},"alternateName":"Noticias nacionales","potentialAction":[{"@type":"SearchAction","target":{"@type":"EntryPoint","urlTemplate":"https:\/\/conexionnacional.mx\/?s={search_term_string}"},"query-input":{"@type":"PropertyValueSpecification","valueRequired":true,"valueName":"search_term_string"}}],"inLanguage":"es"},{"@type":"Organization","@id":"https:\/\/conexionnacional.mx\/#organization","name":"Conexi\u00f3n Nacional","url":"https:\/\/conexionnacional.mx\/","logo":{"@type":"ImageObject","inLanguage":"es","@id":"https:\/\/conexionnacional.mx\/#\/schema\/logo\/image\/","url":"https:\/\/conexionnacional.mx\/wp-content\/uploads\/2022\/09\/conexion_nacional.png","contentUrl":"https:\/\/conexionnacional.mx\/wp-content\/uploads\/2022\/09\/conexion_nacional.png","width":2964,"height":1173,"caption":"Conexi\u00f3n Nacional"},"image":{"@id":"https:\/\/conexionnacional.mx\/#\/schema\/logo\/image\/"},"sameAs":["https:\/\/www.facebook.com\/cnmxradio"]},{"@type":"Person","@id":"https:\/\/conexionnacional.mx\/#\/schema\/person\/dd14aeda902120f5e0e021903fdb6931","name":"Conexi\u00f3n Nacional","image":{"@type":"ImageObject","inLanguage":"es","@id":"https:\/\/secure.gravatar.com\/avatar\/e523100f284110b2ecca7e17b2be9cf140a5e8f35294c9ec0543e6916cc1f9be?s=96&d=blank&r=g","url":"https:\/\/secure.gravatar.com\/avatar\/e523100f284110b2ecca7e17b2be9cf140a5e8f35294c9ec0543e6916cc1f9be?s=96&d=blank&r=g","contentUrl":"https:\/\/secure.gravatar.com\/avatar\/e523100f284110b2ecca7e17b2be9cf140a5e8f35294c9ec0543e6916cc1f9be?s=96&d=blank&r=g","caption":"Conexi\u00f3n Nacional"},"sameAs":["https:\/\/conexionnacional.mx"],"url":"https:\/\/conexionnacional.mx\/index.php\/author\/administrador\/"}]}},"_links":{"self":[{"href":"https:\/\/conexionnacional.mx\/index.php\/wp-json\/wp\/v2\/posts\/16617","targetHints":{"allow":["GET"]}}],"collection":[{"href":"https:\/\/conexionnacional.mx\/index.php\/wp-json\/wp\/v2\/posts"}],"about":[{"href":"https:\/\/conexionnacional.mx\/index.php\/wp-json\/wp\/v2\/types\/post"}],"author":[{"embeddable":true,"href":"https:\/\/conexionnacional.mx\/index.php\/wp-json\/wp\/v2\/users\/1"}],"replies":[{"embeddable":true,"href":"https:\/\/conexionnacional.mx\/index.php\/wp-json\/wp\/v2\/comments?post=16617"}],"version-history":[{"count":1,"href":"https:\/\/conexionnacional.mx\/index.php\/wp-json\/wp\/v2\/posts\/16617\/revisions"}],"predecessor-version":[{"id":16619,"href":"https:\/\/conexionnacional.mx\/index.php\/wp-json\/wp\/v2\/posts\/16617\/revisions\/16619"}],"wp:featuredmedia":[{"embeddable":true,"href":"https:\/\/conexionnacional.mx\/index.php\/wp-json\/wp\/v2\/media\/16618"}],"wp:attachment":[{"href":"https:\/\/conexionnacional.mx\/index.php\/wp-json\/wp\/v2\/media?parent=16617"}],"wp:term":[{"taxonomy":"category","embeddable":true,"href":"https:\/\/conexionnacional.mx\/index.php\/wp-json\/wp\/v2\/categories?post=16617"},{"taxonomy":"post_tag","embeddable":true,"href":"https:\/\/conexionnacional.mx\/index.php\/wp-json\/wp\/v2\/tags?post=16617"}],"curies":[{"name":"wp","href":"https:\/\/api.w.org\/{rel}","templated":true}]}}