{"id":16222,"date":"2023-10-09T11:53:50","date_gmt":"2023-10-09T16:53:50","guid":{"rendered":"https:\/\/conexionnacional.mx\/?p=16222"},"modified":"2023-10-09T11:53:51","modified_gmt":"2023-10-09T16:53:51","slug":"mas-de-mil-muertos-en-dos-dias-de-combates-entre-israel-y-hamas","status":"publish","type":"post","link":"https:\/\/conexionnacional.mx\/index.php\/2023\/10\/09\/mas-de-mil-muertos-en-dos-dias-de-combates-entre-israel-y-hamas\/","title":{"rendered":"M\u00e1s de mil muertos en dos d\u00edas de combates entre Israel y Ham\u00e1s"},"content":{"rendered":"\n<p>el y el movimiento islamista palestino Ham\u00e1s, que captur\u00f3 a un centenar de rehenes en una sopresiva&nbsp;<strong>ofensiva<\/strong>&nbsp;contra el Estado hebreo.<\/p>\n\n\n\n<blockquote class=\"wp-block-quote is-layout-flow wp-block-quote-is-layout-flow\">\n<p><strong>&#8220;El enemigo est\u00e1 a\u00fan en el terreno&#8221;, indic\u00f3 el domingo el ej\u00e9rcito israel\u00ed.&nbsp;<\/strong><\/p>\n<\/blockquote>\n\n\n\n<p>El primer ministro Benjamin Netanyahu pidi\u00f3 a los israel\u00edes prepararse para una guerra<strong>&nbsp;&#8220;larga y dif\u00edcil&#8221;&nbsp;<\/strong>y el ej\u00e9rcito anunci\u00f3 la pr\u00f3xima evacuaci\u00f3n de todos los habitantes de zonas cercanas a la&nbsp;<strong>Franja de Gaza.<\/strong><\/p>\n\n\n\n<figure class=\"wp-block-embed is-type-rich is-provider-twitter wp-block-embed-twitter\"><div class=\"wp-block-embed__wrapper\">\n<blockquote class=\"twitter-tweet\" data-width=\"550\" data-dnt=\"true\"><p lang=\"es\" dir=\"ltr\">\ud83c\uddf5\ud83c\uddf8\u2694\ufe0f\ud83c\uddee\ud83c\uddf1  | Videos muestran algunos de los sobrevientes, quienes filmaron unos j\u00f3venes que se ocultaron en medio de unos arbustos para salvarse del ataque de los militantes de Ham\u00e1s, en el festival de musical Supernova de Israel, donde asesinaron a 250 personas. <a href=\"https:\/\/t.co\/J6l80uOvbC\">pic.twitter.com\/J6l80uOvbC<\/a><\/p>&mdash; Darwin sem Charles | 2009 \uea00 (@cmdarwindavid) <a href=\"https:\/\/twitter.com\/cmdarwindavid\/status\/1711171122111127670?ref_src=twsrc%5Etfw\">October 9, 2023<\/a><\/blockquote><script async src=\"https:\/\/platform.twitter.com\/widgets.js\" charset=\"utf-8\"><\/script>\n<\/div><\/figure>\n\n\n\n<p>La ofensiva desencadenada el s\u00e1bado por&nbsp;<strong>Ham\u00e1s<\/strong>, que gobierna Gaza, dej\u00f3 de momento en Israel m\u00e1s de 700 muertos y 2.150 heridos, 200 de ellos en<strong>&nbsp;&#8220;estado cr\u00edtico&#8221;,<\/strong>&nbsp;seg\u00fan el balance actualizado por las Fuerzas de Defensa de Israel.<\/p>\n\n\n\n<p>Los&nbsp;<strong>bombardeos<\/strong>&nbsp;lanzados como r\u00e9plica por Israel contra Gaza&nbsp;<strong>ocasionaron<\/strong>&nbsp;413 muertos -entre ellos 78 ni\u00f1os y 41 mujeres-, as\u00ed como 2.300 heridos, indic\u00f3 el ministerio de Salud de ese enclave palestino.<\/p>\n\n\n\n<p>El gobierno israel\u00ed indic\u00f3 adem\u00e1s que&nbsp;<strong>Ham\u00e1s<\/strong>&nbsp;captur\u00f3 a<strong>&nbsp;&#8220;m\u00e1s de 100&#8221;<\/strong>&nbsp;personas, tom\u00e1ndolas como<strong>&nbsp;&#8220;prisioneras&#8221;<\/strong>.<\/p>\n\n\n\n<h2 class=\"wp-block-heading\"><strong>&#8220;Matar a cada terrorista&#8221;<\/strong><\/h2>\n\n\n\n<p><strong>Israel<\/strong>&nbsp;despleg\u00f3 decenas de miles de militares con la misi\u00f3n de<strong>&nbsp;&#8220;liberar rehenes&#8221;&nbsp;<\/strong>y &#8220;matar a cada terrorista presente&#8221; en su territorio, afirm\u00f3 el portavoz del ej\u00e9rcito, Daniel Hagari.<\/p>\n\n\n\n<p>Muchos israel\u00edes en busca de&nbsp;<strong>parientes<\/strong>&nbsp;desaparecidos aseguran haberlos reconocido en videos que circulan en redes sociales.<\/p>\n\n\n\n<p><strong>Yifat Zailer<\/strong>, de 37 a\u00f1os, cont\u00f3 que identific\u00f3 as\u00ed a su&nbsp;<strong>prima<\/strong>&nbsp;y a los hijos de esta, de nueve meses y tres a\u00f1os, presuntamente capturados por milicianos de Ham\u00e1s.<\/p>\n\n\n\n<blockquote class=\"wp-block-quote is-layout-flow wp-block-quote-is-layout-flow\">\n<p>&#8220;Es la \u00fanica confirmaci\u00f3n que tenemos&#8221; sobre ellos, dijo angustiada a la AFP por tel\u00e9fono.<\/p>\n<\/blockquote>\n\n\n\n<p>Entre las personas&nbsp;<strong>capturadas<\/strong>&nbsp;hay varios ciudadanos&nbsp;<strong>estadounidenses<\/strong>&nbsp;y alemanes, muchos con doble nacionalidad israel\u00ed.<\/p>\n\n\n\n<p>En la noche del domingo, un portavoz del Consejo de Seguridad Nacional de Estados Unidos dijo que &#8220;varios&#8221; ciudadanos estadounidenses murieron en el ataque de Ham\u00e1s, sin dar m\u00e1s detalles.<\/p>\n\n\n\n<p>Tambi\u00e9n hay&nbsp;<strong>&#8220;tres brasile\u00f1os desaparecidos&#8221;<\/strong>&nbsp;y uno &#8220;hospitalizado&#8221;, todos con doble nacionalidad, que participaban en un festival de m\u00fasica &#8220;a menos de 20 km de la Franja de Gaza&#8221;, indic\u00f3 a la AFP la canciller\u00eda en Brasilia.<\/p>\n\n\n\n<p>En la&nbsp;<strong>ofensiva<\/strong>&nbsp;de Ham\u00e1s perecieron diez nepal\u00edes y cuatro resultaron heridos en un kibutz situado a pocos kil\u00f3metros de Gaza, indic\u00f3 la embajada en Tel Aviv del pa\u00eds himalayo.<\/p>\n\n\n\n<p><strong>Periodistas de la AFP&nbsp;<\/strong>vieron cad\u00e1veres de civiles baleados en las calles en Sederot, el kibutz de Gevim y la playa de Zikim, al norte de Gaza.<\/p>\n\n\n\n<p>Las aerol\u00edneas internacionales cancelaron decenas de enlaces&nbsp;<strong>a\u00e9reos<\/strong>&nbsp;con Tel Aviv.<\/p>\n\n\n\n<h2 class=\"wp-block-heading\"><strong>Tensi\u00f3n internacional<\/strong><\/h2>\n\n\n\n<p>El Consejo de Seguridad de la ONU analiz\u00f3 el domingo la crisis y varios&nbsp;<strong>denunciaron<\/strong>&nbsp;a Ham\u00e1s por su ataquey Estados Unidos lament\u00f3 la falta de unanimidad.&nbsp;<\/p>\n\n\n\n<p><strong>Diplom\u00e1ticos<\/strong>&nbsp;dijeron que el Consejo &nbsp;no consider\u00f3 hacer una declaraci\u00f3n conjunta, y mucho menos una resoluci\u00f3n vinculante. Otros miembros encabezados por Rusia esperaban un enfoque m\u00e1s amplio que la condena a Ham\u00e1s<\/p>\n\n\n\n<p>El ataque de&nbsp;<strong>Ham\u00e1s<\/strong>&nbsp;fue condenado por Estados Unidos y numerosos pa\u00edses europeos y latinoamericanos.<\/p>\n\n\n\n<p>Washington comenz\u00f3 el domingo a enviar ayuda&nbsp;<strong>militar<\/strong>&nbsp;adicional a Israel y a acercar su fuerza naval al Mediterr\u00e1neo oriental, inform\u00f3 en un comunicado el secretario de Defensa estadounidense, Lloyd Austin.&nbsp;<\/p>\n\n\n\n<p>Despu\u00e9s del&nbsp;<strong>anuncio<\/strong>, Ham\u00e1s equipar\u00f3 en un comunicado la ayuda militar estadounidense a una &#8220;<strong>agresi\u00f3n<\/strong>&#8221; contra los palestinos.&nbsp;<\/p>\n\n\n\n<blockquote class=\"wp-block-quote is-layout-flow wp-block-quote-is-layout-flow\">\n<p>&#8220;El anuncio de EEUU de que proporcionar\u00e1 un portaaviones para apoyar la ocupaci\u00f3n [de Israel] implica una participaci\u00f3n real en la agresi\u00f3n contra nuestro pueblo&#8221;, dijo.<\/p>\n<\/blockquote>\n\n\n\n<p>El presidente iran\u00ed,<strong>&nbsp;Ebrahim Raisi<\/strong>, declar\u00f3 que la Rep\u00fablica Isl\u00e1mica &#8220;apoya la leg\u00edtima defensa de la naci\u00f3n&nbsp;<strong>palestina<\/strong>&#8220;.<\/p>\n\n\n\n<p>El papa&nbsp;<strong>Francisco<\/strong>&nbsp;pidi\u00f3 que cesaran los ataques, porque &#8220;el terrorismo y la guerra no llevan a ninguna soluci\u00f3n&#8221;.<\/p>\n\n\n\n<p>El presidente turco, Recep Tayyip Erdogan y ofreci\u00f3 sus buenos&nbsp;<strong>oficios<\/strong>&nbsp;para poner fin al conflicto.<\/p>\n\n\n\n<h2 class=\"wp-block-heading\"><strong>&#8220;Sin precedentes en Israel&#8221;<\/strong><\/h2>\n\n\n\n<p>El brazo armado de Ham\u00e1s denomin\u00f3 su ofensiva&nbsp;<strong>&#8220;Diluvio de Al Aqsa&#8221;<\/strong>, destinada a &#8220;poner fin a todos los cr\u00edmenes de la ocupaci\u00f3n [israel\u00ed]&#8221;.<\/p>\n\n\n\n<p>Israel ocupa&nbsp;<strong>Cisjordania<\/strong>, territorio palestino, y la parte oriental de Jerusal\u00e9n desde 1967.<\/p>\n\n\n\n<p>Los&nbsp;<strong>combatientes<\/strong>&nbsp;palestinos dispararon&nbsp;<strong>&#8220;m\u00e1s de 5.000 cohetes&#8221;&nbsp;<\/strong>desde la Franja de Gaza y lograron infiltrarse por medio de veh\u00edculos, embarcaciones e incluso parapentes motorizados.<\/p>\n\n\n\n<p>Los milicianos&nbsp;<strong>alcanzaron<\/strong>&nbsp;zonas urbanas como Ascal\u00f3n, Sederot y Ofakim, a 22 kil\u00f3metros de Gaza, y atacaron posiciones militares y civiles en plena calle.&nbsp;<\/p>\n\n\n\n<p>Un&nbsp;<strong>exsoldado<\/strong>&nbsp;israel\u00ed declar\u00f3 que la guerra \u00e1rabo-israel\u00ed&nbsp;de 1973, que sigue siendo un trauma nacional en el Estado hebreo, era &#8220;poca cosa&#8221; en comparaci\u00f3n con la actual ofensiva de Ham\u00e1s.<\/p>\n\n\n\n<blockquote class=\"wp-block-quote is-layout-flow wp-block-quote-is-layout-flow\">\n<p>&#8220;Lo ocurrido es sin precedentes en Israel&#8221;, reconoci\u00f3 Netanyahu, en lo que es el ataque de mayor envergadura en d\u00e9cadas, 50 a\u00f1os despu\u00e9s de la guerra de Yom Kipur, que dej\u00f3 m\u00e1s de 2.600 israel\u00edes muertos en tres semanas de combates.<\/p>\n<\/blockquote>\n\n\n\n<blockquote class=\"wp-block-quote is-layout-flow wp-block-quote-is-layout-flow\">\n<p>&#8220;Tememos la destrucci\u00f3n y el fin de la sociedad civil en la Franja de Gaza&#8221;, declar\u00f3 por su lado Shadi al Asi, un habitante de Gaza de 29 a\u00f1os. &#8220;Estamos entrando en una fase de destrucci\u00f3n&#8221;, alert\u00f3.&nbsp;<\/p>\n<\/blockquote>\n\n\n\n<p>Las fuerzas israel\u00edes&nbsp;<strong>bombardearon<\/strong>&nbsp;numerosos objetivos en Gaza, entre ellos varios edificios que presentaron como&nbsp;<strong>&#8220;centros de mando&#8221;<\/strong>&nbsp;de Ham\u00e1s.<\/p>\n\n\n\n<p>El Programa Mundial de Alimentos de la ONU se dijo<strong>&nbsp;&#8220;profundamente preocupado&#8221;<\/strong>&nbsp;por la situaci\u00f3n en ese paup\u00e9rrimo enclave de 2,3 millones de habitantes, sometido a un estricto bloqueo israel\u00ed desde hace m\u00e1s de 15 a\u00f1os.<\/p>\n\n\n\n<p>En el norte, desde L\u00edbano, el&nbsp;<strong>movimiento<\/strong>&nbsp;chiita proiran\u00ed Hezbol\u00e1 atac\u00f3 con proyectiles tres posiciones israel\u00edes en una zona&nbsp;<strong>fronteriza<\/strong>&nbsp;en disputa, en &#8220;<strong>solidaridad<\/strong>&#8220;, seg\u00fan dijo, con la ofensiva de Ham\u00e1s.<\/p>\n\n\n\n<p>El ej\u00e9rcito&nbsp;<strong>israel\u00ed<\/strong>&nbsp;respondi\u00f3 bombardeando el sur de L\u00edbano.<\/p>\n","protected":false},"excerpt":{"rendered":"<p>el y el movimiento islamista palestino Ham\u00e1s, que captur\u00f3 a un centenar de rehenes en una sopresiva&nbsp;ofensiva&nbsp;contra el Estado hebreo. &#8220;El enemigo est\u00e1 a\u00fan en el terreno&#8221;, indic\u00f3 el domingo el ej\u00e9rcito israel\u00ed.&nbsp; El primer ministro Benjamin Netanyahu pidi\u00f3 a los israel\u00edes prepararse para una guerra&nbsp;&#8220;larga y dif\u00edcil&#8221;&nbsp;y el ej\u00e9rcito anunci\u00f3 la pr\u00f3xima evacuaci\u00f3n de [&hellip;]<\/p>\n","protected":false},"author":1,"featured_media":16223,"comment_status":"closed","ping_status":"closed","sticky":false,"template":"","format":"aside","meta":{"googlesitekit_rrm_CAowytPeCw:productID":"","footnotes":""},"categories":[8],"tags":[3128],"class_list":["post-16222","post","type-post","status-publish","format-aside","has-post-thumbnail","hentry","category-internacional","tag-israel","post_format-post-format-aside"],"yoast_head":"<!-- This site is optimized with the Yoast SEO plugin v27.5 - https:\/\/yoast.com\/product\/yoast-seo-wordpress\/ -->\n<title>M\u00e1s de mil muertos en dos d\u00edas de combates entre Israel y Ham\u00e1s |<\/title>\n<meta name=\"robots\" content=\"index, follow, max-snippet:-1, max-image-preview:large, max-video-preview:-1\" \/>\n<link rel=\"canonical\" href=\"https:\/\/conexionnacional.mx\/index.php\/2023\/10\/09\/mas-de-mil-muertos-en-dos-dias-de-combates-entre-israel-y-hamas\/\" \/>\n<meta property=\"og:locale\" content=\"es_MX\" \/>\n<meta property=\"og:type\" content=\"article\" \/>\n<meta property=\"og:title\" content=\"M\u00e1s de mil muertos en dos d\u00edas de combates entre Israel y Ham\u00e1s |\" \/>\n<meta property=\"og:description\" content=\"el y el movimiento islamista palestino Ham\u00e1s, que captur\u00f3 a un centenar de rehenes en una sopresiva&nbsp;ofensiva&nbsp;contra el Estado hebreo. &#8220;El enemigo est\u00e1 a\u00fan en el terreno&#8221;, indic\u00f3 el domingo el ej\u00e9rcito israel\u00ed.&nbsp; El primer ministro Benjamin Netanyahu pidi\u00f3 a los israel\u00edes prepararse para una guerra&nbsp;&#8220;larga y dif\u00edcil&#8221;&nbsp;y el ej\u00e9rcito anunci\u00f3 la pr\u00f3xima evacuaci\u00f3n de [&hellip;]\" \/>\n<meta property=\"og:url\" content=\"https:\/\/conexionnacional.mx\/index.php\/2023\/10\/09\/mas-de-mil-muertos-en-dos-dias-de-combates-entre-israel-y-hamas\/\" \/>\n<meta property=\"og:site_name\" content=\"Conexi\u00f3n Nacional\" \/>\n<meta property=\"article:publisher\" content=\"https:\/\/www.facebook.com\/cnmxradio\" \/>\n<meta property=\"article:published_time\" content=\"2023-10-09T16:53:50+00:00\" \/>\n<meta property=\"article:modified_time\" content=\"2023-10-09T16:53:51+00:00\" \/>\n<meta property=\"og:image\" content=\"https:\/\/conexionnacional.mx\/wp-content\/uploads\/2023\/10\/3015901.jpg\" \/>\n\t<meta property=\"og:image:width\" content=\"800\" \/>\n\t<meta property=\"og:image:height\" content=\"600\" \/>\n\t<meta property=\"og:image:type\" content=\"image\/jpeg\" \/>\n<meta name=\"author\" content=\"Conexi\u00f3n Nacional\" \/>\n<meta name=\"twitter:card\" content=\"summary_large_image\" \/>\n<meta name=\"twitter:label1\" content=\"Escrito por\" \/>\n\t<meta name=\"twitter:data1\" content=\"Conexi\u00f3n Nacional\" \/>\n\t<meta name=\"twitter:label2\" content=\"Tiempo de lectura\" \/>\n\t<meta name=\"twitter:data2\" content=\"4 minutos\" \/>\n<script type=\"application\/ld+json\" class=\"yoast-schema-graph\">{\"@context\":\"https:\\\/\\\/schema.org\",\"@graph\":[{\"@type\":\"Article\",\"@id\":\"https:\\\/\\\/conexionnacional.mx\\\/index.php\\\/2023\\\/10\\\/09\\\/mas-de-mil-muertos-en-dos-dias-de-combates-entre-israel-y-hamas\\\/#article\",\"isPartOf\":{\"@id\":\"https:\\\/\\\/conexionnacional.mx\\\/index.php\\\/2023\\\/10\\\/09\\\/mas-de-mil-muertos-en-dos-dias-de-combates-entre-israel-y-hamas\\\/\"},\"author\":{\"name\":\"Conexi\u00f3n Nacional\",\"@id\":\"https:\\\/\\\/conexionnacional.mx\\\/#\\\/schema\\\/person\\\/dd14aeda902120f5e0e021903fdb6931\"},\"headline\":\"M\u00e1s de mil muertos en dos d\u00edas de combates entre Israel y Ham\u00e1s\",\"datePublished\":\"2023-10-09T16:53:50+00:00\",\"dateModified\":\"2023-10-09T16:53:51+00:00\",\"mainEntityOfPage\":{\"@id\":\"https:\\\/\\\/conexionnacional.mx\\\/index.php\\\/2023\\\/10\\\/09\\\/mas-de-mil-muertos-en-dos-dias-de-combates-entre-israel-y-hamas\\\/\"},\"wordCount\":1107,\"publisher\":{\"@id\":\"https:\\\/\\\/conexionnacional.mx\\\/#organization\"},\"image\":{\"@id\":\"https:\\\/\\\/conexionnacional.mx\\\/index.php\\\/2023\\\/10\\\/09\\\/mas-de-mil-muertos-en-dos-dias-de-combates-entre-israel-y-hamas\\\/#primaryimage\"},\"thumbnailUrl\":\"https:\\\/\\\/conexionnacional.mx\\\/wp-content\\\/uploads\\\/2023\\\/10\\\/3015901.jpg\",\"keywords\":[\"Israel\"],\"articleSection\":[\"Internacional\"],\"inLanguage\":\"es\"},{\"@type\":\"WebPage\",\"@id\":\"https:\\\/\\\/conexionnacional.mx\\\/index.php\\\/2023\\\/10\\\/09\\\/mas-de-mil-muertos-en-dos-dias-de-combates-entre-israel-y-hamas\\\/\",\"url\":\"https:\\\/\\\/conexionnacional.mx\\\/index.php\\\/2023\\\/10\\\/09\\\/mas-de-mil-muertos-en-dos-dias-de-combates-entre-israel-y-hamas\\\/\",\"name\":\"M\u00e1s de mil muertos en dos d\u00edas de combates entre Israel y Ham\u00e1s |\",\"isPartOf\":{\"@id\":\"https:\\\/\\\/conexionnacional.mx\\\/#website\"},\"primaryImageOfPage\":{\"@id\":\"https:\\\/\\\/conexionnacional.mx\\\/index.php\\\/2023\\\/10\\\/09\\\/mas-de-mil-muertos-en-dos-dias-de-combates-entre-israel-y-hamas\\\/#primaryimage\"},\"image\":{\"@id\":\"https:\\\/\\\/conexionnacional.mx\\\/index.php\\\/2023\\\/10\\\/09\\\/mas-de-mil-muertos-en-dos-dias-de-combates-entre-israel-y-hamas\\\/#primaryimage\"},\"thumbnailUrl\":\"https:\\\/\\\/conexionnacional.mx\\\/wp-content\\\/uploads\\\/2023\\\/10\\\/3015901.jpg\",\"datePublished\":\"2023-10-09T16:53:50+00:00\",\"dateModified\":\"2023-10-09T16:53:51+00:00\",\"breadcrumb\":{\"@id\":\"https:\\\/\\\/conexionnacional.mx\\\/index.php\\\/2023\\\/10\\\/09\\\/mas-de-mil-muertos-en-dos-dias-de-combates-entre-israel-y-hamas\\\/#breadcrumb\"},\"inLanguage\":\"es\",\"potentialAction\":[{\"@type\":\"ReadAction\",\"target\":[\"https:\\\/\\\/conexionnacional.mx\\\/index.php\\\/2023\\\/10\\\/09\\\/mas-de-mil-muertos-en-dos-dias-de-combates-entre-israel-y-hamas\\\/\"]}]},{\"@type\":\"ImageObject\",\"inLanguage\":\"es\",\"@id\":\"https:\\\/\\\/conexionnacional.mx\\\/index.php\\\/2023\\\/10\\\/09\\\/mas-de-mil-muertos-en-dos-dias-de-combates-entre-israel-y-hamas\\\/#primaryimage\",\"url\":\"https:\\\/\\\/conexionnacional.mx\\\/wp-content\\\/uploads\\\/2023\\\/10\\\/3015901.jpg\",\"contentUrl\":\"https:\\\/\\\/conexionnacional.mx\\\/wp-content\\\/uploads\\\/2023\\\/10\\\/3015901.jpg\",\"width\":800,\"height\":600},{\"@type\":\"BreadcrumbList\",\"@id\":\"https:\\\/\\\/conexionnacional.mx\\\/index.php\\\/2023\\\/10\\\/09\\\/mas-de-mil-muertos-en-dos-dias-de-combates-entre-israel-y-hamas\\\/#breadcrumb\",\"itemListElement\":[{\"@type\":\"ListItem\",\"position\":1,\"name\":\"Inicio\",\"item\":\"https:\\\/\\\/conexionnacional.mx\\\/\"},{\"@type\":\"ListItem\",\"position\":2,\"name\":\"M\u00e1s de mil muertos en dos d\u00edas de combates entre Israel y Ham\u00e1s\"}]},{\"@type\":\"WebSite\",\"@id\":\"https:\\\/\\\/conexionnacional.mx\\\/#website\",\"url\":\"https:\\\/\\\/conexionnacional.mx\\\/\",\"name\":\"Conexi\u00f3n Nacional\",\"description\":\"Noticias al momento\",\"publisher\":{\"@id\":\"https:\\\/\\\/conexionnacional.mx\\\/#organization\"},\"alternateName\":\"Noticias nacionales\",\"potentialAction\":[{\"@type\":\"SearchAction\",\"target\":{\"@type\":\"EntryPoint\",\"urlTemplate\":\"https:\\\/\\\/conexionnacional.mx\\\/?s={search_term_string}\"},\"query-input\":{\"@type\":\"PropertyValueSpecification\",\"valueRequired\":true,\"valueName\":\"search_term_string\"}}],\"inLanguage\":\"es\"},{\"@type\":\"Organization\",\"@id\":\"https:\\\/\\\/conexionnacional.mx\\\/#organization\",\"name\":\"Conexi\u00f3n Nacional\",\"url\":\"https:\\\/\\\/conexionnacional.mx\\\/\",\"logo\":{\"@type\":\"ImageObject\",\"inLanguage\":\"es\",\"@id\":\"https:\\\/\\\/conexionnacional.mx\\\/#\\\/schema\\\/logo\\\/image\\\/\",\"url\":\"https:\\\/\\\/conexionnacional.mx\\\/wp-content\\\/uploads\\\/2022\\\/09\\\/conexion_nacional.png\",\"contentUrl\":\"https:\\\/\\\/conexionnacional.mx\\\/wp-content\\\/uploads\\\/2022\\\/09\\\/conexion_nacional.png\",\"width\":2964,\"height\":1173,\"caption\":\"Conexi\u00f3n Nacional\"},\"image\":{\"@id\":\"https:\\\/\\\/conexionnacional.mx\\\/#\\\/schema\\\/logo\\\/image\\\/\"},\"sameAs\":[\"https:\\\/\\\/www.facebook.com\\\/cnmxradio\"]},{\"@type\":\"Person\",\"@id\":\"https:\\\/\\\/conexionnacional.mx\\\/#\\\/schema\\\/person\\\/dd14aeda902120f5e0e021903fdb6931\",\"name\":\"Conexi\u00f3n Nacional\",\"image\":{\"@type\":\"ImageObject\",\"inLanguage\":\"es\",\"@id\":\"https:\\\/\\\/secure.gravatar.com\\\/avatar\\\/e523100f284110b2ecca7e17b2be9cf140a5e8f35294c9ec0543e6916cc1f9be?s=96&d=blank&r=g\",\"url\":\"https:\\\/\\\/secure.gravatar.com\\\/avatar\\\/e523100f284110b2ecca7e17b2be9cf140a5e8f35294c9ec0543e6916cc1f9be?s=96&d=blank&r=g\",\"contentUrl\":\"https:\\\/\\\/secure.gravatar.com\\\/avatar\\\/e523100f284110b2ecca7e17b2be9cf140a5e8f35294c9ec0543e6916cc1f9be?s=96&d=blank&r=g\",\"caption\":\"Conexi\u00f3n Nacional\"},\"sameAs\":[\"https:\\\/\\\/conexionnacional.mx\"],\"url\":\"https:\\\/\\\/conexionnacional.mx\\\/index.php\\\/author\\\/administrador\\\/\"}]}<\/script>\n<!-- \/ Yoast SEO plugin. -->","yoast_head_json":{"title":"M\u00e1s de mil muertos en dos d\u00edas de combates entre Israel y Ham\u00e1s |","robots":{"index":"index","follow":"follow","max-snippet":"max-snippet:-1","max-image-preview":"max-image-preview:large","max-video-preview":"max-video-preview:-1"},"canonical":"https:\/\/conexionnacional.mx\/index.php\/2023\/10\/09\/mas-de-mil-muertos-en-dos-dias-de-combates-entre-israel-y-hamas\/","og_locale":"es_MX","og_type":"article","og_title":"M\u00e1s de mil muertos en dos d\u00edas de combates entre Israel y Ham\u00e1s |","og_description":"el y el movimiento islamista palestino Ham\u00e1s, que captur\u00f3 a un centenar de rehenes en una sopresiva&nbsp;ofensiva&nbsp;contra el Estado hebreo. &#8220;El enemigo est\u00e1 a\u00fan en el terreno&#8221;, indic\u00f3 el domingo el ej\u00e9rcito israel\u00ed.&nbsp; El primer ministro Benjamin Netanyahu pidi\u00f3 a los israel\u00edes prepararse para una guerra&nbsp;&#8220;larga y dif\u00edcil&#8221;&nbsp;y el ej\u00e9rcito anunci\u00f3 la pr\u00f3xima evacuaci\u00f3n de [&hellip;]","og_url":"https:\/\/conexionnacional.mx\/index.php\/2023\/10\/09\/mas-de-mil-muertos-en-dos-dias-de-combates-entre-israel-y-hamas\/","og_site_name":"Conexi\u00f3n Nacional","article_publisher":"https:\/\/www.facebook.com\/cnmxradio","article_published_time":"2023-10-09T16:53:50+00:00","article_modified_time":"2023-10-09T16:53:51+00:00","og_image":[{"width":800,"height":600,"url":"https:\/\/conexionnacional.mx\/wp-content\/uploads\/2023\/10\/3015901.jpg","type":"image\/jpeg"}],"author":"Conexi\u00f3n Nacional","twitter_card":"summary_large_image","twitter_misc":{"Escrito por":"Conexi\u00f3n Nacional","Tiempo de lectura":"4 minutos"},"schema":{"@context":"https:\/\/schema.org","@graph":[{"@type":"Article","@id":"https:\/\/conexionnacional.mx\/index.php\/2023\/10\/09\/mas-de-mil-muertos-en-dos-dias-de-combates-entre-israel-y-hamas\/#article","isPartOf":{"@id":"https:\/\/conexionnacional.mx\/index.php\/2023\/10\/09\/mas-de-mil-muertos-en-dos-dias-de-combates-entre-israel-y-hamas\/"},"author":{"name":"Conexi\u00f3n Nacional","@id":"https:\/\/conexionnacional.mx\/#\/schema\/person\/dd14aeda902120f5e0e021903fdb6931"},"headline":"M\u00e1s de mil muertos en dos d\u00edas de combates entre Israel y Ham\u00e1s","datePublished":"2023-10-09T16:53:50+00:00","dateModified":"2023-10-09T16:53:51+00:00","mainEntityOfPage":{"@id":"https:\/\/conexionnacional.mx\/index.php\/2023\/10\/09\/mas-de-mil-muertos-en-dos-dias-de-combates-entre-israel-y-hamas\/"},"wordCount":1107,"publisher":{"@id":"https:\/\/conexionnacional.mx\/#organization"},"image":{"@id":"https:\/\/conexionnacional.mx\/index.php\/2023\/10\/09\/mas-de-mil-muertos-en-dos-dias-de-combates-entre-israel-y-hamas\/#primaryimage"},"thumbnailUrl":"https:\/\/conexionnacional.mx\/wp-content\/uploads\/2023\/10\/3015901.jpg","keywords":["Israel"],"articleSection":["Internacional"],"inLanguage":"es"},{"@type":"WebPage","@id":"https:\/\/conexionnacional.mx\/index.php\/2023\/10\/09\/mas-de-mil-muertos-en-dos-dias-de-combates-entre-israel-y-hamas\/","url":"https:\/\/conexionnacional.mx\/index.php\/2023\/10\/09\/mas-de-mil-muertos-en-dos-dias-de-combates-entre-israel-y-hamas\/","name":"M\u00e1s de mil muertos en dos d\u00edas de combates entre Israel y Ham\u00e1s |","isPartOf":{"@id":"https:\/\/conexionnacional.mx\/#website"},"primaryImageOfPage":{"@id":"https:\/\/conexionnacional.mx\/index.php\/2023\/10\/09\/mas-de-mil-muertos-en-dos-dias-de-combates-entre-israel-y-hamas\/#primaryimage"},"image":{"@id":"https:\/\/conexionnacional.mx\/index.php\/2023\/10\/09\/mas-de-mil-muertos-en-dos-dias-de-combates-entre-israel-y-hamas\/#primaryimage"},"thumbnailUrl":"https:\/\/conexionnacional.mx\/wp-content\/uploads\/2023\/10\/3015901.jpg","datePublished":"2023-10-09T16:53:50+00:00","dateModified":"2023-10-09T16:53:51+00:00","breadcrumb":{"@id":"https:\/\/conexionnacional.mx\/index.php\/2023\/10\/09\/mas-de-mil-muertos-en-dos-dias-de-combates-entre-israel-y-hamas\/#breadcrumb"},"inLanguage":"es","potentialAction":[{"@type":"ReadAction","target":["https:\/\/conexionnacional.mx\/index.php\/2023\/10\/09\/mas-de-mil-muertos-en-dos-dias-de-combates-entre-israel-y-hamas\/"]}]},{"@type":"ImageObject","inLanguage":"es","@id":"https:\/\/conexionnacional.mx\/index.php\/2023\/10\/09\/mas-de-mil-muertos-en-dos-dias-de-combates-entre-israel-y-hamas\/#primaryimage","url":"https:\/\/conexionnacional.mx\/wp-content\/uploads\/2023\/10\/3015901.jpg","contentUrl":"https:\/\/conexionnacional.mx\/wp-content\/uploads\/2023\/10\/3015901.jpg","width":800,"height":600},{"@type":"BreadcrumbList","@id":"https:\/\/conexionnacional.mx\/index.php\/2023\/10\/09\/mas-de-mil-muertos-en-dos-dias-de-combates-entre-israel-y-hamas\/#breadcrumb","itemListElement":[{"@type":"ListItem","position":1,"name":"Inicio","item":"https:\/\/conexionnacional.mx\/"},{"@type":"ListItem","position":2,"name":"M\u00e1s de mil muertos en dos d\u00edas de combates entre Israel y Ham\u00e1s"}]},{"@type":"WebSite","@id":"https:\/\/conexionnacional.mx\/#website","url":"https:\/\/conexionnacional.mx\/","name":"Conexi\u00f3n Nacional","description":"Noticias al momento","publisher":{"@id":"https:\/\/conexionnacional.mx\/#organization"},"alternateName":"Noticias nacionales","potentialAction":[{"@type":"SearchAction","target":{"@type":"EntryPoint","urlTemplate":"https:\/\/conexionnacional.mx\/?s={search_term_string}"},"query-input":{"@type":"PropertyValueSpecification","valueRequired":true,"valueName":"search_term_string"}}],"inLanguage":"es"},{"@type":"Organization","@id":"https:\/\/conexionnacional.mx\/#organization","name":"Conexi\u00f3n Nacional","url":"https:\/\/conexionnacional.mx\/","logo":{"@type":"ImageObject","inLanguage":"es","@id":"https:\/\/conexionnacional.mx\/#\/schema\/logo\/image\/","url":"https:\/\/conexionnacional.mx\/wp-content\/uploads\/2022\/09\/conexion_nacional.png","contentUrl":"https:\/\/conexionnacional.mx\/wp-content\/uploads\/2022\/09\/conexion_nacional.png","width":2964,"height":1173,"caption":"Conexi\u00f3n Nacional"},"image":{"@id":"https:\/\/conexionnacional.mx\/#\/schema\/logo\/image\/"},"sameAs":["https:\/\/www.facebook.com\/cnmxradio"]},{"@type":"Person","@id":"https:\/\/conexionnacional.mx\/#\/schema\/person\/dd14aeda902120f5e0e021903fdb6931","name":"Conexi\u00f3n Nacional","image":{"@type":"ImageObject","inLanguage":"es","@id":"https:\/\/secure.gravatar.com\/avatar\/e523100f284110b2ecca7e17b2be9cf140a5e8f35294c9ec0543e6916cc1f9be?s=96&d=blank&r=g","url":"https:\/\/secure.gravatar.com\/avatar\/e523100f284110b2ecca7e17b2be9cf140a5e8f35294c9ec0543e6916cc1f9be?s=96&d=blank&r=g","contentUrl":"https:\/\/secure.gravatar.com\/avatar\/e523100f284110b2ecca7e17b2be9cf140a5e8f35294c9ec0543e6916cc1f9be?s=96&d=blank&r=g","caption":"Conexi\u00f3n Nacional"},"sameAs":["https:\/\/conexionnacional.mx"],"url":"https:\/\/conexionnacional.mx\/index.php\/author\/administrador\/"}]}},"_links":{"self":[{"href":"https:\/\/conexionnacional.mx\/index.php\/wp-json\/wp\/v2\/posts\/16222","targetHints":{"allow":["GET"]}}],"collection":[{"href":"https:\/\/conexionnacional.mx\/index.php\/wp-json\/wp\/v2\/posts"}],"about":[{"href":"https:\/\/conexionnacional.mx\/index.php\/wp-json\/wp\/v2\/types\/post"}],"author":[{"embeddable":true,"href":"https:\/\/conexionnacional.mx\/index.php\/wp-json\/wp\/v2\/users\/1"}],"replies":[{"embeddable":true,"href":"https:\/\/conexionnacional.mx\/index.php\/wp-json\/wp\/v2\/comments?post=16222"}],"version-history":[{"count":1,"href":"https:\/\/conexionnacional.mx\/index.php\/wp-json\/wp\/v2\/posts\/16222\/revisions"}],"predecessor-version":[{"id":16224,"href":"https:\/\/conexionnacional.mx\/index.php\/wp-json\/wp\/v2\/posts\/16222\/revisions\/16224"}],"wp:featuredmedia":[{"embeddable":true,"href":"https:\/\/conexionnacional.mx\/index.php\/wp-json\/wp\/v2\/media\/16223"}],"wp:attachment":[{"href":"https:\/\/conexionnacional.mx\/index.php\/wp-json\/wp\/v2\/media?parent=16222"}],"wp:term":[{"taxonomy":"category","embeddable":true,"href":"https:\/\/conexionnacional.mx\/index.php\/wp-json\/wp\/v2\/categories?post=16222"},{"taxonomy":"post_tag","embeddable":true,"href":"https:\/\/conexionnacional.mx\/index.php\/wp-json\/wp\/v2\/tags?post=16222"}],"curies":[{"name":"wp","href":"https:\/\/api.w.org\/{rel}","templated":true}]}}