{"id":16219,"date":"2023-10-09T11:45:38","date_gmt":"2023-10-09T16:45:38","guid":{"rendered":"https:\/\/conexionnacional.mx\/?p=16219"},"modified":"2023-10-09T11:45:39","modified_gmt":"2023-10-09T16:45:39","slug":"filtran-video-de-israelies-orinando-cadaveres-de-islamistas-de-hamas","status":"publish","type":"post","link":"https:\/\/conexionnacional.mx\/index.php\/2023\/10\/09\/filtran-video-de-israelies-orinando-cadaveres-de-islamistas-de-hamas\/","title":{"rendered":"Filtran video de israel\u00edes orinando cad\u00e1veres de islamistas de Ham\u00e1s"},"content":{"rendered":"\n<p>Las cifras son alarmantes. M\u00e1s de 1,100 personas -700 en suelo israel\u00ed y m\u00e1s de 400 en Gaza- murieron en dos d\u00edas de guerra entre Israel y el\u00a0<strong>movimiento islamista palestino\u00a0Ham\u00e1s<\/strong>, que captur\u00f3 a un centenar de rehenes en una sorpresiva ofensiva contra el Estado hebreo.<\/p>\n\n\n\n<blockquote class=\"wp-block-quote is-layout-flow wp-block-quote-is-layout-flow\">\n<p>El enemigo est\u00e1 a\u00fan en el terreno&#8221;, indic\u00f3 el domingo el ej\u00e9rcito israel\u00ed.<\/p>\n<\/blockquote>\n\n\n\n<p>En redes sociales se han compartido videos de la barbarie de ambos bandos.<\/p>\n\n\n\n<p>Uno de estos materiales fue compartido por el periodista y analista pol\u00edtico, adem\u00e1s de fundador de\u00a0<em><strong>La Libertad Media<\/strong><\/em>, Eduardo Menoni, en que se observa a israel\u00edes orinando cad\u00e1veres del grupo islamista.<\/p>\n\n\n\n<blockquote class=\"wp-block-quote is-layout-flow wp-block-quote-is-layout-flow\">\n<p>Algunos israel\u00edes est\u00e1n orinando sobre los cuerpos de los miembros de terroristas de Ham\u00e1s ca\u00eddos en combate, luego de que Hamas desfigurara y escupiera cuerpos de militares y civiles en la invasi\u00f3n de ayer\u201d, se\u00f1al\u00f3 Menoni.<\/p>\n<\/blockquote>\n\n\n\n<p>El primer ministro Benjamin Netanyahu pidi\u00f3 a los israel\u00edes prepararse para una guerra &#8220;larga y dif\u00edcil&#8221; y el ej\u00e9rcito anunci\u00f3 la pr\u00f3xima evacuaci\u00f3n de todos los habitantes de zonas cercanas a la\u00a0<strong>Franja de Gaza<\/strong>.<\/p>\n\n\n\n<p>La ofensiva desencadenada el s\u00e1bado por Ham\u00e1s, que gobierna Gaza, dej\u00f3 de momento en Israel m\u00e1s de 700 muertos y 2,150 heridos, 200 de ellos en &#8220;estado cr\u00edtico&#8221;, seg\u00fan el balance actualizado por las&nbsp;<strong>Fuerzas de Defensa de Israel<\/strong>.<\/p>\n\n\n\n<p>Los bombardeos lanzados como r\u00e9plica por Israel contra Gaza ocasionaron 413 muertos -entre ellos 78 ni\u00f1os y 41 mujeres-, as\u00ed como 2.300 heridos, indic\u00f3 el ministerio de Salud de ese enclave palestino.<\/p>\n\n\n\n<p>El&nbsp;<strong>gobierno israel\u00ed&nbsp;<\/strong>indic\u00f3 adem\u00e1s que Ham\u00e1s captur\u00f3 a &#8220;m\u00e1s de 100&#8221; personas, tom\u00e1ndolas como &#8220;prisioneras&#8221;.<\/p>\n\n\n\n<h2 class=\"wp-block-heading\"><strong>&#8220;Matar a cada terrorista&#8221;<\/strong><\/h2>\n\n\n\n<p>Israel despleg\u00f3 decenas de miles de militares con la misi\u00f3n de &#8220;liberar rehenes&#8221; y &#8220;matar a cada terrorista presente&#8221; en su territorio, afirm\u00f3 el portavoz del ej\u00e9rcito,&nbsp;<strong>Daniel Hagari.<\/strong><\/p>\n\n\n\n<p>Muchos israel\u00edes en busca de parientes desaparecidos aseguran haberlos reconocido en videos que circulan en redes sociales.<\/p>\n\n\n\n<p><strong>Yifat Zailer,<\/strong>&nbsp;de 37 a\u00f1os, cont\u00f3 que identific\u00f3 as\u00ed a su prima y a los hijos de esta, de nueve meses y tres a\u00f1os, presuntamente capturados por milicianos de Ham\u00e1s.<\/p>\n\n\n\n<blockquote class=\"wp-block-quote is-layout-flow wp-block-quote-is-layout-flow\">\n<p>Es la \u00fanica confirmaci\u00f3n que tenemos&#8221; sobre ellos, dijo angustiada a la AFP por tel\u00e9fono.<\/p>\n<\/blockquote>\n\n\n\n<p>Entre las personas capturadas hay varios ciudadanos estadounidenses y alemanes, muchos con doble nacionalidad israel\u00ed.<\/p>\n\n\n\n<p>En la noche del domingo, un portavoz del\u00a0<strong>Consejo de Seguridad Nacional de Estados Unidos<\/strong>\u00a0dijo que &#8220;varios&#8221; ciudadanos estadounidenses murieron en el ataque de Ham\u00e1s, sin dar m\u00e1s detalles.<\/p>\n\n\n\n<figure class=\"wp-block-embed is-type-rich is-provider-twitter wp-block-embed-twitter\"><div class=\"wp-block-embed__wrapper\">\nhttps:\/\/twitter.com\/eduardomenoni\/status\/1711032749719527757?ref_src=twsrc%5Etfw%7Ctwcamp%5Etweetembed%7Ctwterm%5E1711032749719527757%7Ctwgr%5E00749ea0627ee09891f6e30dbf886228f77d3ae2%7Ctwcon%5Es1_&#038;ref_url=https%3A%2F%2Fwww.excelsior.com.mx%2Fglobal%2Ffiltran-video-israelies-orinando-cadaveres-hamas%2F1612989\n<\/div><\/figure>\n\n\n\n<p>El Ministerio de Asuntos Exteriores de Canad\u00e1 inform\u00f3 sobre &#8220;la muerte de un canadiense y la desaparici\u00f3n de otros dos&#8221;.<\/p>\n\n\n\n<p>Tambi\u00e9n hay &#8220;tres brasile\u00f1os desaparecidos&#8221; y uno &#8220;hospitalizado&#8221;, todos con doble nacionalidad, que participaban en un festival de m\u00fasica &#8220;a menos de 20 km de la Franja de Gaza&#8221;, indic\u00f3 a la AFP la canciller\u00eda en&nbsp;<strong>Brasilia<\/strong>.<\/p>\n\n\n\n<p>En la ofensiva de Ham\u00e1s tambi\u00e9n perecieron diez nepal\u00edes, indic\u00f3 la embajada en<strong>&nbsp;Tel Aviv&nbsp;<\/strong>del pa\u00eds himalayo.<\/p>\n\n\n\n<p>Periodistas de la AFP vieron\u00a0<strong>cad\u00e1veres de civiles baleados<\/strong>\u00a0en las calles en Sederot, el kibutz de Gevim y la playa de Zikim, al norte de Gaza.<\/p>\n\n\n\n<p><\/p>\n","protected":false},"excerpt":{"rendered":"<p>Las cifras son alarmantes. M\u00e1s de 1,100 personas -700 en suelo israel\u00ed y m\u00e1s de 400 en Gaza- murieron en dos d\u00edas de guerra entre Israel y el\u00a0movimiento islamista palestino\u00a0Ham\u00e1s, que captur\u00f3 a un centenar de rehenes en una sorpresiva ofensiva contra el Estado hebreo. El enemigo est\u00e1 a\u00fan en el terreno&#8221;, indic\u00f3 el domingo [&hellip;]<\/p>\n","protected":false},"author":1,"featured_media":16220,"comment_status":"closed","ping_status":"closed","sticky":false,"template":"","format":"aside","meta":{"googlesitekit_rrm_CAowytPeCw:productID":"","footnotes":""},"categories":[8],"tags":[3128],"class_list":["post-16219","post","type-post","status-publish","format-aside","has-post-thumbnail","hentry","category-internacional","tag-israel","post_format-post-format-aside"],"yoast_head":"<!-- This site is optimized with the Yoast SEO plugin v27.5 - https:\/\/yoast.com\/product\/yoast-seo-wordpress\/ -->\n<title>Filtran video de israel\u00edes orinando cad\u00e1veres de islamistas de Ham\u00e1s |<\/title>\n<meta name=\"robots\" content=\"index, follow, max-snippet:-1, max-image-preview:large, max-video-preview:-1\" \/>\n<link rel=\"canonical\" href=\"https:\/\/conexionnacional.mx\/index.php\/2023\/10\/09\/filtran-video-de-israelies-orinando-cadaveres-de-islamistas-de-hamas\/\" \/>\n<meta property=\"og:locale\" content=\"es_MX\" \/>\n<meta property=\"og:type\" content=\"article\" \/>\n<meta property=\"og:title\" content=\"Filtran video de israel\u00edes orinando cad\u00e1veres de islamistas de Ham\u00e1s |\" \/>\n<meta property=\"og:description\" content=\"Las cifras son alarmantes. M\u00e1s de 1,100 personas -700 en suelo israel\u00ed y m\u00e1s de 400 en Gaza- murieron en dos d\u00edas de guerra entre Israel y el\u00a0movimiento islamista palestino\u00a0Ham\u00e1s, que captur\u00f3 a un centenar de rehenes en una sorpresiva ofensiva contra el Estado hebreo. El enemigo est\u00e1 a\u00fan en el terreno&#8221;, indic\u00f3 el domingo [&hellip;]\" \/>\n<meta property=\"og:url\" content=\"https:\/\/conexionnacional.mx\/index.php\/2023\/10\/09\/filtran-video-de-israelies-orinando-cadaveres-de-islamistas-de-hamas\/\" \/>\n<meta property=\"og:site_name\" content=\"Conexi\u00f3n Nacional\" \/>\n<meta property=\"article:publisher\" content=\"https:\/\/www.facebook.com\/cnmxradio\" \/>\n<meta property=\"article:published_time\" content=\"2023-10-09T16:45:38+00:00\" \/>\n<meta property=\"article:modified_time\" content=\"2023-10-09T16:45:39+00:00\" \/>\n<meta property=\"og:image\" content=\"https:\/\/conexionnacional.mx\/wp-content\/uploads\/2023\/10\/3016057.jpg\" \/>\n\t<meta property=\"og:image:width\" content=\"800\" \/>\n\t<meta property=\"og:image:height\" content=\"600\" \/>\n\t<meta property=\"og:image:type\" content=\"image\/jpeg\" \/>\n<meta name=\"author\" content=\"Conexi\u00f3n Nacional\" \/>\n<meta name=\"twitter:card\" content=\"summary_large_image\" \/>\n<meta name=\"twitter:label1\" content=\"Escrito por\" \/>\n\t<meta name=\"twitter:data1\" content=\"Conexi\u00f3n Nacional\" \/>\n\t<meta name=\"twitter:label2\" content=\"Tiempo de lectura\" \/>\n\t<meta name=\"twitter:data2\" content=\"3 minutos\" \/>\n<script type=\"application\/ld+json\" class=\"yoast-schema-graph\">{\"@context\":\"https:\\\/\\\/schema.org\",\"@graph\":[{\"@type\":\"Article\",\"@id\":\"https:\\\/\\\/conexionnacional.mx\\\/index.php\\\/2023\\\/10\\\/09\\\/filtran-video-de-israelies-orinando-cadaveres-de-islamistas-de-hamas\\\/#article\",\"isPartOf\":{\"@id\":\"https:\\\/\\\/conexionnacional.mx\\\/index.php\\\/2023\\\/10\\\/09\\\/filtran-video-de-israelies-orinando-cadaveres-de-islamistas-de-hamas\\\/\"},\"author\":{\"name\":\"Conexi\u00f3n Nacional\",\"@id\":\"https:\\\/\\\/conexionnacional.mx\\\/#\\\/schema\\\/person\\\/dd14aeda902120f5e0e021903fdb6931\"},\"headline\":\"Filtran video de israel\u00edes orinando cad\u00e1veres de islamistas de Ham\u00e1s\",\"datePublished\":\"2023-10-09T16:45:38+00:00\",\"dateModified\":\"2023-10-09T16:45:39+00:00\",\"mainEntityOfPage\":{\"@id\":\"https:\\\/\\\/conexionnacional.mx\\\/index.php\\\/2023\\\/10\\\/09\\\/filtran-video-de-israelies-orinando-cadaveres-de-islamistas-de-hamas\\\/\"},\"wordCount\":604,\"publisher\":{\"@id\":\"https:\\\/\\\/conexionnacional.mx\\\/#organization\"},\"image\":{\"@id\":\"https:\\\/\\\/conexionnacional.mx\\\/index.php\\\/2023\\\/10\\\/09\\\/filtran-video-de-israelies-orinando-cadaveres-de-islamistas-de-hamas\\\/#primaryimage\"},\"thumbnailUrl\":\"https:\\\/\\\/conexionnacional.mx\\\/wp-content\\\/uploads\\\/2023\\\/10\\\/3016057.jpg\",\"keywords\":[\"Israel\"],\"articleSection\":[\"Internacional\"],\"inLanguage\":\"es\"},{\"@type\":\"WebPage\",\"@id\":\"https:\\\/\\\/conexionnacional.mx\\\/index.php\\\/2023\\\/10\\\/09\\\/filtran-video-de-israelies-orinando-cadaveres-de-islamistas-de-hamas\\\/\",\"url\":\"https:\\\/\\\/conexionnacional.mx\\\/index.php\\\/2023\\\/10\\\/09\\\/filtran-video-de-israelies-orinando-cadaveres-de-islamistas-de-hamas\\\/\",\"name\":\"Filtran video de israel\u00edes orinando cad\u00e1veres de islamistas de Ham\u00e1s |\",\"isPartOf\":{\"@id\":\"https:\\\/\\\/conexionnacional.mx\\\/#website\"},\"primaryImageOfPage\":{\"@id\":\"https:\\\/\\\/conexionnacional.mx\\\/index.php\\\/2023\\\/10\\\/09\\\/filtran-video-de-israelies-orinando-cadaveres-de-islamistas-de-hamas\\\/#primaryimage\"},\"image\":{\"@id\":\"https:\\\/\\\/conexionnacional.mx\\\/index.php\\\/2023\\\/10\\\/09\\\/filtran-video-de-israelies-orinando-cadaveres-de-islamistas-de-hamas\\\/#primaryimage\"},\"thumbnailUrl\":\"https:\\\/\\\/conexionnacional.mx\\\/wp-content\\\/uploads\\\/2023\\\/10\\\/3016057.jpg\",\"datePublished\":\"2023-10-09T16:45:38+00:00\",\"dateModified\":\"2023-10-09T16:45:39+00:00\",\"breadcrumb\":{\"@id\":\"https:\\\/\\\/conexionnacional.mx\\\/index.php\\\/2023\\\/10\\\/09\\\/filtran-video-de-israelies-orinando-cadaveres-de-islamistas-de-hamas\\\/#breadcrumb\"},\"inLanguage\":\"es\",\"potentialAction\":[{\"@type\":\"ReadAction\",\"target\":[\"https:\\\/\\\/conexionnacional.mx\\\/index.php\\\/2023\\\/10\\\/09\\\/filtran-video-de-israelies-orinando-cadaveres-de-islamistas-de-hamas\\\/\"]}]},{\"@type\":\"ImageObject\",\"inLanguage\":\"es\",\"@id\":\"https:\\\/\\\/conexionnacional.mx\\\/index.php\\\/2023\\\/10\\\/09\\\/filtran-video-de-israelies-orinando-cadaveres-de-islamistas-de-hamas\\\/#primaryimage\",\"url\":\"https:\\\/\\\/conexionnacional.mx\\\/wp-content\\\/uploads\\\/2023\\\/10\\\/3016057.jpg\",\"contentUrl\":\"https:\\\/\\\/conexionnacional.mx\\\/wp-content\\\/uploads\\\/2023\\\/10\\\/3016057.jpg\",\"width\":800,\"height\":600},{\"@type\":\"BreadcrumbList\",\"@id\":\"https:\\\/\\\/conexionnacional.mx\\\/index.php\\\/2023\\\/10\\\/09\\\/filtran-video-de-israelies-orinando-cadaveres-de-islamistas-de-hamas\\\/#breadcrumb\",\"itemListElement\":[{\"@type\":\"ListItem\",\"position\":1,\"name\":\"Inicio\",\"item\":\"https:\\\/\\\/conexionnacional.mx\\\/\"},{\"@type\":\"ListItem\",\"position\":2,\"name\":\"Filtran video de israel\u00edes orinando cad\u00e1veres de islamistas de Ham\u00e1s\"}]},{\"@type\":\"WebSite\",\"@id\":\"https:\\\/\\\/conexionnacional.mx\\\/#website\",\"url\":\"https:\\\/\\\/conexionnacional.mx\\\/\",\"name\":\"Conexi\u00f3n Nacional\",\"description\":\"Noticias al momento\",\"publisher\":{\"@id\":\"https:\\\/\\\/conexionnacional.mx\\\/#organization\"},\"alternateName\":\"Noticias nacionales\",\"potentialAction\":[{\"@type\":\"SearchAction\",\"target\":{\"@type\":\"EntryPoint\",\"urlTemplate\":\"https:\\\/\\\/conexionnacional.mx\\\/?s={search_term_string}\"},\"query-input\":{\"@type\":\"PropertyValueSpecification\",\"valueRequired\":true,\"valueName\":\"search_term_string\"}}],\"inLanguage\":\"es\"},{\"@type\":\"Organization\",\"@id\":\"https:\\\/\\\/conexionnacional.mx\\\/#organization\",\"name\":\"Conexi\u00f3n Nacional\",\"url\":\"https:\\\/\\\/conexionnacional.mx\\\/\",\"logo\":{\"@type\":\"ImageObject\",\"inLanguage\":\"es\",\"@id\":\"https:\\\/\\\/conexionnacional.mx\\\/#\\\/schema\\\/logo\\\/image\\\/\",\"url\":\"https:\\\/\\\/conexionnacional.mx\\\/wp-content\\\/uploads\\\/2022\\\/09\\\/conexion_nacional.png\",\"contentUrl\":\"https:\\\/\\\/conexionnacional.mx\\\/wp-content\\\/uploads\\\/2022\\\/09\\\/conexion_nacional.png\",\"width\":2964,\"height\":1173,\"caption\":\"Conexi\u00f3n Nacional\"},\"image\":{\"@id\":\"https:\\\/\\\/conexionnacional.mx\\\/#\\\/schema\\\/logo\\\/image\\\/\"},\"sameAs\":[\"https:\\\/\\\/www.facebook.com\\\/cnmxradio\"]},{\"@type\":\"Person\",\"@id\":\"https:\\\/\\\/conexionnacional.mx\\\/#\\\/schema\\\/person\\\/dd14aeda902120f5e0e021903fdb6931\",\"name\":\"Conexi\u00f3n Nacional\",\"image\":{\"@type\":\"ImageObject\",\"inLanguage\":\"es\",\"@id\":\"https:\\\/\\\/secure.gravatar.com\\\/avatar\\\/e523100f284110b2ecca7e17b2be9cf140a5e8f35294c9ec0543e6916cc1f9be?s=96&d=blank&r=g\",\"url\":\"https:\\\/\\\/secure.gravatar.com\\\/avatar\\\/e523100f284110b2ecca7e17b2be9cf140a5e8f35294c9ec0543e6916cc1f9be?s=96&d=blank&r=g\",\"contentUrl\":\"https:\\\/\\\/secure.gravatar.com\\\/avatar\\\/e523100f284110b2ecca7e17b2be9cf140a5e8f35294c9ec0543e6916cc1f9be?s=96&d=blank&r=g\",\"caption\":\"Conexi\u00f3n Nacional\"},\"sameAs\":[\"https:\\\/\\\/conexionnacional.mx\"],\"url\":\"https:\\\/\\\/conexionnacional.mx\\\/index.php\\\/author\\\/administrador\\\/\"}]}<\/script>\n<!-- \/ Yoast SEO plugin. -->","yoast_head_json":{"title":"Filtran video de israel\u00edes orinando cad\u00e1veres de islamistas de Ham\u00e1s |","robots":{"index":"index","follow":"follow","max-snippet":"max-snippet:-1","max-image-preview":"max-image-preview:large","max-video-preview":"max-video-preview:-1"},"canonical":"https:\/\/conexionnacional.mx\/index.php\/2023\/10\/09\/filtran-video-de-israelies-orinando-cadaveres-de-islamistas-de-hamas\/","og_locale":"es_MX","og_type":"article","og_title":"Filtran video de israel\u00edes orinando cad\u00e1veres de islamistas de Ham\u00e1s |","og_description":"Las cifras son alarmantes. M\u00e1s de 1,100 personas -700 en suelo israel\u00ed y m\u00e1s de 400 en Gaza- murieron en dos d\u00edas de guerra entre Israel y el\u00a0movimiento islamista palestino\u00a0Ham\u00e1s, que captur\u00f3 a un centenar de rehenes en una sorpresiva ofensiva contra el Estado hebreo. El enemigo est\u00e1 a\u00fan en el terreno&#8221;, indic\u00f3 el domingo [&hellip;]","og_url":"https:\/\/conexionnacional.mx\/index.php\/2023\/10\/09\/filtran-video-de-israelies-orinando-cadaveres-de-islamistas-de-hamas\/","og_site_name":"Conexi\u00f3n Nacional","article_publisher":"https:\/\/www.facebook.com\/cnmxradio","article_published_time":"2023-10-09T16:45:38+00:00","article_modified_time":"2023-10-09T16:45:39+00:00","og_image":[{"width":800,"height":600,"url":"https:\/\/conexionnacional.mx\/wp-content\/uploads\/2023\/10\/3016057.jpg","type":"image\/jpeg"}],"author":"Conexi\u00f3n Nacional","twitter_card":"summary_large_image","twitter_misc":{"Escrito por":"Conexi\u00f3n Nacional","Tiempo de lectura":"3 minutos"},"schema":{"@context":"https:\/\/schema.org","@graph":[{"@type":"Article","@id":"https:\/\/conexionnacional.mx\/index.php\/2023\/10\/09\/filtran-video-de-israelies-orinando-cadaveres-de-islamistas-de-hamas\/#article","isPartOf":{"@id":"https:\/\/conexionnacional.mx\/index.php\/2023\/10\/09\/filtran-video-de-israelies-orinando-cadaveres-de-islamistas-de-hamas\/"},"author":{"name":"Conexi\u00f3n Nacional","@id":"https:\/\/conexionnacional.mx\/#\/schema\/person\/dd14aeda902120f5e0e021903fdb6931"},"headline":"Filtran video de israel\u00edes orinando cad\u00e1veres de islamistas de Ham\u00e1s","datePublished":"2023-10-09T16:45:38+00:00","dateModified":"2023-10-09T16:45:39+00:00","mainEntityOfPage":{"@id":"https:\/\/conexionnacional.mx\/index.php\/2023\/10\/09\/filtran-video-de-israelies-orinando-cadaveres-de-islamistas-de-hamas\/"},"wordCount":604,"publisher":{"@id":"https:\/\/conexionnacional.mx\/#organization"},"image":{"@id":"https:\/\/conexionnacional.mx\/index.php\/2023\/10\/09\/filtran-video-de-israelies-orinando-cadaveres-de-islamistas-de-hamas\/#primaryimage"},"thumbnailUrl":"https:\/\/conexionnacional.mx\/wp-content\/uploads\/2023\/10\/3016057.jpg","keywords":["Israel"],"articleSection":["Internacional"],"inLanguage":"es"},{"@type":"WebPage","@id":"https:\/\/conexionnacional.mx\/index.php\/2023\/10\/09\/filtran-video-de-israelies-orinando-cadaveres-de-islamistas-de-hamas\/","url":"https:\/\/conexionnacional.mx\/index.php\/2023\/10\/09\/filtran-video-de-israelies-orinando-cadaveres-de-islamistas-de-hamas\/","name":"Filtran video de israel\u00edes orinando cad\u00e1veres de islamistas de Ham\u00e1s |","isPartOf":{"@id":"https:\/\/conexionnacional.mx\/#website"},"primaryImageOfPage":{"@id":"https:\/\/conexionnacional.mx\/index.php\/2023\/10\/09\/filtran-video-de-israelies-orinando-cadaveres-de-islamistas-de-hamas\/#primaryimage"},"image":{"@id":"https:\/\/conexionnacional.mx\/index.php\/2023\/10\/09\/filtran-video-de-israelies-orinando-cadaveres-de-islamistas-de-hamas\/#primaryimage"},"thumbnailUrl":"https:\/\/conexionnacional.mx\/wp-content\/uploads\/2023\/10\/3016057.jpg","datePublished":"2023-10-09T16:45:38+00:00","dateModified":"2023-10-09T16:45:39+00:00","breadcrumb":{"@id":"https:\/\/conexionnacional.mx\/index.php\/2023\/10\/09\/filtran-video-de-israelies-orinando-cadaveres-de-islamistas-de-hamas\/#breadcrumb"},"inLanguage":"es","potentialAction":[{"@type":"ReadAction","target":["https:\/\/conexionnacional.mx\/index.php\/2023\/10\/09\/filtran-video-de-israelies-orinando-cadaveres-de-islamistas-de-hamas\/"]}]},{"@type":"ImageObject","inLanguage":"es","@id":"https:\/\/conexionnacional.mx\/index.php\/2023\/10\/09\/filtran-video-de-israelies-orinando-cadaveres-de-islamistas-de-hamas\/#primaryimage","url":"https:\/\/conexionnacional.mx\/wp-content\/uploads\/2023\/10\/3016057.jpg","contentUrl":"https:\/\/conexionnacional.mx\/wp-content\/uploads\/2023\/10\/3016057.jpg","width":800,"height":600},{"@type":"BreadcrumbList","@id":"https:\/\/conexionnacional.mx\/index.php\/2023\/10\/09\/filtran-video-de-israelies-orinando-cadaveres-de-islamistas-de-hamas\/#breadcrumb","itemListElement":[{"@type":"ListItem","position":1,"name":"Inicio","item":"https:\/\/conexionnacional.mx\/"},{"@type":"ListItem","position":2,"name":"Filtran video de israel\u00edes orinando cad\u00e1veres de islamistas de Ham\u00e1s"}]},{"@type":"WebSite","@id":"https:\/\/conexionnacional.mx\/#website","url":"https:\/\/conexionnacional.mx\/","name":"Conexi\u00f3n Nacional","description":"Noticias al momento","publisher":{"@id":"https:\/\/conexionnacional.mx\/#organization"},"alternateName":"Noticias nacionales","potentialAction":[{"@type":"SearchAction","target":{"@type":"EntryPoint","urlTemplate":"https:\/\/conexionnacional.mx\/?s={search_term_string}"},"query-input":{"@type":"PropertyValueSpecification","valueRequired":true,"valueName":"search_term_string"}}],"inLanguage":"es"},{"@type":"Organization","@id":"https:\/\/conexionnacional.mx\/#organization","name":"Conexi\u00f3n Nacional","url":"https:\/\/conexionnacional.mx\/","logo":{"@type":"ImageObject","inLanguage":"es","@id":"https:\/\/conexionnacional.mx\/#\/schema\/logo\/image\/","url":"https:\/\/conexionnacional.mx\/wp-content\/uploads\/2022\/09\/conexion_nacional.png","contentUrl":"https:\/\/conexionnacional.mx\/wp-content\/uploads\/2022\/09\/conexion_nacional.png","width":2964,"height":1173,"caption":"Conexi\u00f3n Nacional"},"image":{"@id":"https:\/\/conexionnacional.mx\/#\/schema\/logo\/image\/"},"sameAs":["https:\/\/www.facebook.com\/cnmxradio"]},{"@type":"Person","@id":"https:\/\/conexionnacional.mx\/#\/schema\/person\/dd14aeda902120f5e0e021903fdb6931","name":"Conexi\u00f3n Nacional","image":{"@type":"ImageObject","inLanguage":"es","@id":"https:\/\/secure.gravatar.com\/avatar\/e523100f284110b2ecca7e17b2be9cf140a5e8f35294c9ec0543e6916cc1f9be?s=96&d=blank&r=g","url":"https:\/\/secure.gravatar.com\/avatar\/e523100f284110b2ecca7e17b2be9cf140a5e8f35294c9ec0543e6916cc1f9be?s=96&d=blank&r=g","contentUrl":"https:\/\/secure.gravatar.com\/avatar\/e523100f284110b2ecca7e17b2be9cf140a5e8f35294c9ec0543e6916cc1f9be?s=96&d=blank&r=g","caption":"Conexi\u00f3n Nacional"},"sameAs":["https:\/\/conexionnacional.mx"],"url":"https:\/\/conexionnacional.mx\/index.php\/author\/administrador\/"}]}},"_links":{"self":[{"href":"https:\/\/conexionnacional.mx\/index.php\/wp-json\/wp\/v2\/posts\/16219","targetHints":{"allow":["GET"]}}],"collection":[{"href":"https:\/\/conexionnacional.mx\/index.php\/wp-json\/wp\/v2\/posts"}],"about":[{"href":"https:\/\/conexionnacional.mx\/index.php\/wp-json\/wp\/v2\/types\/post"}],"author":[{"embeddable":true,"href":"https:\/\/conexionnacional.mx\/index.php\/wp-json\/wp\/v2\/users\/1"}],"replies":[{"embeddable":true,"href":"https:\/\/conexionnacional.mx\/index.php\/wp-json\/wp\/v2\/comments?post=16219"}],"version-history":[{"count":1,"href":"https:\/\/conexionnacional.mx\/index.php\/wp-json\/wp\/v2\/posts\/16219\/revisions"}],"predecessor-version":[{"id":16221,"href":"https:\/\/conexionnacional.mx\/index.php\/wp-json\/wp\/v2\/posts\/16219\/revisions\/16221"}],"wp:featuredmedia":[{"embeddable":true,"href":"https:\/\/conexionnacional.mx\/index.php\/wp-json\/wp\/v2\/media\/16220"}],"wp:attachment":[{"href":"https:\/\/conexionnacional.mx\/index.php\/wp-json\/wp\/v2\/media?parent=16219"}],"wp:term":[{"taxonomy":"category","embeddable":true,"href":"https:\/\/conexionnacional.mx\/index.php\/wp-json\/wp\/v2\/categories?post=16219"},{"taxonomy":"post_tag","embeddable":true,"href":"https:\/\/conexionnacional.mx\/index.php\/wp-json\/wp\/v2\/tags?post=16219"}],"curies":[{"name":"wp","href":"https:\/\/api.w.org\/{rel}","templated":true}]}}