{"id":16213,"date":"2023-10-09T11:30:07","date_gmt":"2023-10-09T16:30:07","guid":{"rendered":"https:\/\/conexionnacional.mx\/?p=16213"},"modified":"2023-10-09T11:30:08","modified_gmt":"2023-10-09T16:30:08","slug":"ocho-mexicanos-logran-salir-del-aeropuerto-de-israel","status":"publish","type":"post","link":"https:\/\/conexionnacional.mx\/index.php\/2023\/10\/09\/ocho-mexicanos-logran-salir-del-aeropuerto-de-israel\/","title":{"rendered":"Ocho mexicanos logran salir del aeropuerto de Israel"},"content":{"rendered":"\n<p>Edith Rodr\u00edguez, originaria de&nbsp;<strong>San Luis Potos\u00ed&nbsp;<\/strong>inform\u00f3 mediante la red social Facebook que logr\u00f3 salir junto con otros siete mexicanos del aeropuerto de Telaviv,&nbsp;<strong>Israel<\/strong>, luego de 32 horas de esperar un vuelo que los llev\u00f3 a Paphos en Chipre.<\/p>\n\n\n\n<p>La mexicana se\u00f1al\u00f3 que \u201cafortunadamente este vuelo no se cancel\u00f3 y estamos fuera, hace un par de horas aterrizamos en el&nbsp;<strong>aeropuerto de Paphos en Chipre<\/strong>, lo cual nos mantiene lejos del peligro, sin embargo a\u00fan hay que esperar al d\u00eda jueves para salir v\u00eda&nbsp;<strong>Roma&nbsp;<\/strong>a M\u00e9xico y as\u00ed poder nuevamente abrazar a nuestra familia\u201d, dijo.<\/p>\n\n\n\n<p>Rodr\u00edguez enfatiz\u00f3 que ante la incertidumbre, el cansancio f\u00edsico y mental fue demasiado para ellos, pero los mensajes que recibi\u00f3 y las oraciones hacia los mexicanos en Israel, los alentaron a resolver por su propios medios.<\/p>\n\n\n\n<p>El d\u00eda de ayer, Edith denunci\u00f3 que la&nbsp;<strong>embajada de M\u00e9xico en Israel<\/strong>&nbsp;no los hab\u00eda contactado, a pesar que llenaron los formularios que puso a disposici\u00f3n la&nbsp;<strong>Secretar\u00eda de Relaciones Exteriores&nbsp;<\/strong>(SRE), solo contestaron que atendieran los protocolos.<\/p>\n\n\n\n<p>La Canciller\u00eda mexicana inform\u00f3 que 500 mexicanos respondieron el formulario que pusieron a disposici\u00f3n.<\/p>\n\n\n\n<p>\u201cA todos los que nos est\u00e1n preguntando sobre si la&nbsp;<strong>embajada de M\u00e9xico<\/strong>&nbsp;ya nos contact\u00f3, les cuento que nadie nos ha contactado, llenamos los formularios de la SRE.&#8221;, denunci\u00f3.<\/p>\n\n\n\n<p>\u201cA todos los que nos est\u00e1n preguntando sobre si la embajada de M\u00e9xico ya nos contact\u00f3, les cuento que nadie nos ha contactado, llenamos los formularios de la SRE.&#8221;, denunci\u00f3.<\/p>\n\n\n\n<p>El d\u00eda de hoy, un avi\u00f3n de la Fuerza A\u00e9rea Mexicana despeg\u00f3 hacia Israel para retornar a los mexicanos que solicitaron protecci\u00f3n consular, la aeronave Boeing 737 tiene capacidad de 250 pasajeros.<\/p>\n\n\n\n<iframe src=\"https:\/\/www.facebook.com\/plugins\/video.php?href=https%3A%2F%2Fwww.facebook.com%2Fkristyn.ro%2Fvideos%2F194157270300724%2F%3Fref%3Dembed_video&#038;show_text=0&#038;width=267\" width=\"267\" height=\"476\" style=\"border:none;overflow:hidden\" scrolling=\"no\" frameborder=\"0\" allowfullscreen=\"true\" allow=\"autoplay; clipboard-write; encrypted-media; picture-in-picture; web-share\" allowFullScreen=\"true\"><\/iframe>\n","protected":false},"excerpt":{"rendered":"<p>Edith Rodr\u00edguez, originaria de&nbsp;San Luis Potos\u00ed&nbsp;inform\u00f3 mediante la red social Facebook que logr\u00f3 salir junto con otros siete mexicanos del aeropuerto de Telaviv,&nbsp;Israel, luego de 32 horas de esperar un vuelo que los llev\u00f3 a Paphos en Chipre. La mexicana se\u00f1al\u00f3 que \u201cafortunadamente este vuelo no se cancel\u00f3 y estamos fuera, hace un par de [&hellip;]<\/p>\n","protected":false},"author":1,"featured_media":16214,"comment_status":"closed","ping_status":"closed","sticky":false,"template":"","format":"aside","meta":{"googlesitekit_rrm_CAowytPeCw:productID":"","footnotes":""},"categories":[8],"tags":[3128],"class_list":["post-16213","post","type-post","status-publish","format-aside","has-post-thumbnail","hentry","category-internacional","tag-israel","post_format-post-format-aside"],"yoast_head":"<!-- This site is optimized with the Yoast SEO plugin v27.5 - https:\/\/yoast.com\/product\/yoast-seo-wordpress\/ -->\n<title>Ocho mexicanos logran salir del aeropuerto de Israel |<\/title>\n<meta name=\"robots\" content=\"index, follow, max-snippet:-1, max-image-preview:large, max-video-preview:-1\" \/>\n<link rel=\"canonical\" href=\"https:\/\/conexionnacional.mx\/index.php\/2023\/10\/09\/ocho-mexicanos-logran-salir-del-aeropuerto-de-israel\/\" \/>\n<meta property=\"og:locale\" content=\"es_MX\" \/>\n<meta property=\"og:type\" content=\"article\" \/>\n<meta property=\"og:title\" content=\"Ocho mexicanos logran salir del aeropuerto de Israel |\" \/>\n<meta property=\"og:description\" content=\"Edith Rodr\u00edguez, originaria de&nbsp;San Luis Potos\u00ed&nbsp;inform\u00f3 mediante la red social Facebook que logr\u00f3 salir junto con otros siete mexicanos del aeropuerto de Telaviv,&nbsp;Israel, luego de 32 horas de esperar un vuelo que los llev\u00f3 a Paphos en Chipre. La mexicana se\u00f1al\u00f3 que \u201cafortunadamente este vuelo no se cancel\u00f3 y estamos fuera, hace un par de [&hellip;]\" \/>\n<meta property=\"og:url\" content=\"https:\/\/conexionnacional.mx\/index.php\/2023\/10\/09\/ocho-mexicanos-logran-salir-del-aeropuerto-de-israel\/\" \/>\n<meta property=\"og:site_name\" content=\"Conexi\u00f3n Nacional\" \/>\n<meta property=\"article:publisher\" content=\"https:\/\/www.facebook.com\/cnmxradio\" \/>\n<meta property=\"article:published_time\" content=\"2023-10-09T16:30:07+00:00\" \/>\n<meta property=\"article:modified_time\" content=\"2023-10-09T16:30:08+00:00\" \/>\n<meta property=\"og:image\" content=\"https:\/\/conexionnacional.mx\/wp-content\/uploads\/2023\/10\/israel.jpg\" \/>\n\t<meta property=\"og:image:width\" content=\"1100\" \/>\n\t<meta property=\"og:image:height\" content=\"666\" \/>\n\t<meta property=\"og:image:type\" content=\"image\/jpeg\" \/>\n<meta name=\"author\" content=\"Conexi\u00f3n Nacional\" \/>\n<meta name=\"twitter:card\" content=\"summary_large_image\" \/>\n<meta name=\"twitter:label1\" content=\"Escrito por\" \/>\n\t<meta name=\"twitter:data1\" content=\"Conexi\u00f3n Nacional\" \/>\n\t<meta name=\"twitter:label2\" content=\"Tiempo de lectura\" \/>\n\t<meta name=\"twitter:data2\" content=\"2 minutos\" \/>\n<script type=\"application\/ld+json\" class=\"yoast-schema-graph\">{\"@context\":\"https:\\\/\\\/schema.org\",\"@graph\":[{\"@type\":\"Article\",\"@id\":\"https:\\\/\\\/conexionnacional.mx\\\/index.php\\\/2023\\\/10\\\/09\\\/ocho-mexicanos-logran-salir-del-aeropuerto-de-israel\\\/#article\",\"isPartOf\":{\"@id\":\"https:\\\/\\\/conexionnacional.mx\\\/index.php\\\/2023\\\/10\\\/09\\\/ocho-mexicanos-logran-salir-del-aeropuerto-de-israel\\\/\"},\"author\":{\"name\":\"Conexi\u00f3n Nacional\",\"@id\":\"https:\\\/\\\/conexionnacional.mx\\\/#\\\/schema\\\/person\\\/dd14aeda902120f5e0e021903fdb6931\"},\"headline\":\"Ocho mexicanos logran salir del aeropuerto de Israel\",\"datePublished\":\"2023-10-09T16:30:07+00:00\",\"dateModified\":\"2023-10-09T16:30:08+00:00\",\"mainEntityOfPage\":{\"@id\":\"https:\\\/\\\/conexionnacional.mx\\\/index.php\\\/2023\\\/10\\\/09\\\/ocho-mexicanos-logran-salir-del-aeropuerto-de-israel\\\/\"},\"wordCount\":318,\"publisher\":{\"@id\":\"https:\\\/\\\/conexionnacional.mx\\\/#organization\"},\"image\":{\"@id\":\"https:\\\/\\\/conexionnacional.mx\\\/index.php\\\/2023\\\/10\\\/09\\\/ocho-mexicanos-logran-salir-del-aeropuerto-de-israel\\\/#primaryimage\"},\"thumbnailUrl\":\"https:\\\/\\\/conexionnacional.mx\\\/wp-content\\\/uploads\\\/2023\\\/10\\\/israel.jpg\",\"keywords\":[\"Israel\"],\"articleSection\":[\"Internacional\"],\"inLanguage\":\"es\"},{\"@type\":\"WebPage\",\"@id\":\"https:\\\/\\\/conexionnacional.mx\\\/index.php\\\/2023\\\/10\\\/09\\\/ocho-mexicanos-logran-salir-del-aeropuerto-de-israel\\\/\",\"url\":\"https:\\\/\\\/conexionnacional.mx\\\/index.php\\\/2023\\\/10\\\/09\\\/ocho-mexicanos-logran-salir-del-aeropuerto-de-israel\\\/\",\"name\":\"Ocho mexicanos logran salir del aeropuerto de Israel |\",\"isPartOf\":{\"@id\":\"https:\\\/\\\/conexionnacional.mx\\\/#website\"},\"primaryImageOfPage\":{\"@id\":\"https:\\\/\\\/conexionnacional.mx\\\/index.php\\\/2023\\\/10\\\/09\\\/ocho-mexicanos-logran-salir-del-aeropuerto-de-israel\\\/#primaryimage\"},\"image\":{\"@id\":\"https:\\\/\\\/conexionnacional.mx\\\/index.php\\\/2023\\\/10\\\/09\\\/ocho-mexicanos-logran-salir-del-aeropuerto-de-israel\\\/#primaryimage\"},\"thumbnailUrl\":\"https:\\\/\\\/conexionnacional.mx\\\/wp-content\\\/uploads\\\/2023\\\/10\\\/israel.jpg\",\"datePublished\":\"2023-10-09T16:30:07+00:00\",\"dateModified\":\"2023-10-09T16:30:08+00:00\",\"breadcrumb\":{\"@id\":\"https:\\\/\\\/conexionnacional.mx\\\/index.php\\\/2023\\\/10\\\/09\\\/ocho-mexicanos-logran-salir-del-aeropuerto-de-israel\\\/#breadcrumb\"},\"inLanguage\":\"es\",\"potentialAction\":[{\"@type\":\"ReadAction\",\"target\":[\"https:\\\/\\\/conexionnacional.mx\\\/index.php\\\/2023\\\/10\\\/09\\\/ocho-mexicanos-logran-salir-del-aeropuerto-de-israel\\\/\"]}]},{\"@type\":\"ImageObject\",\"inLanguage\":\"es\",\"@id\":\"https:\\\/\\\/conexionnacional.mx\\\/index.php\\\/2023\\\/10\\\/09\\\/ocho-mexicanos-logran-salir-del-aeropuerto-de-israel\\\/#primaryimage\",\"url\":\"https:\\\/\\\/conexionnacional.mx\\\/wp-content\\\/uploads\\\/2023\\\/10\\\/israel.jpg\",\"contentUrl\":\"https:\\\/\\\/conexionnacional.mx\\\/wp-content\\\/uploads\\\/2023\\\/10\\\/israel.jpg\",\"width\":1100,\"height\":666},{\"@type\":\"BreadcrumbList\",\"@id\":\"https:\\\/\\\/conexionnacional.mx\\\/index.php\\\/2023\\\/10\\\/09\\\/ocho-mexicanos-logran-salir-del-aeropuerto-de-israel\\\/#breadcrumb\",\"itemListElement\":[{\"@type\":\"ListItem\",\"position\":1,\"name\":\"Inicio\",\"item\":\"https:\\\/\\\/conexionnacional.mx\\\/\"},{\"@type\":\"ListItem\",\"position\":2,\"name\":\"Ocho mexicanos logran salir del aeropuerto de Israel\"}]},{\"@type\":\"WebSite\",\"@id\":\"https:\\\/\\\/conexionnacional.mx\\\/#website\",\"url\":\"https:\\\/\\\/conexionnacional.mx\\\/\",\"name\":\"Conexi\u00f3n Nacional\",\"description\":\"Noticias al momento\",\"publisher\":{\"@id\":\"https:\\\/\\\/conexionnacional.mx\\\/#organization\"},\"alternateName\":\"Noticias nacionales\",\"potentialAction\":[{\"@type\":\"SearchAction\",\"target\":{\"@type\":\"EntryPoint\",\"urlTemplate\":\"https:\\\/\\\/conexionnacional.mx\\\/?s={search_term_string}\"},\"query-input\":{\"@type\":\"PropertyValueSpecification\",\"valueRequired\":true,\"valueName\":\"search_term_string\"}}],\"inLanguage\":\"es\"},{\"@type\":\"Organization\",\"@id\":\"https:\\\/\\\/conexionnacional.mx\\\/#organization\",\"name\":\"Conexi\u00f3n Nacional\",\"url\":\"https:\\\/\\\/conexionnacional.mx\\\/\",\"logo\":{\"@type\":\"ImageObject\",\"inLanguage\":\"es\",\"@id\":\"https:\\\/\\\/conexionnacional.mx\\\/#\\\/schema\\\/logo\\\/image\\\/\",\"url\":\"https:\\\/\\\/conexionnacional.mx\\\/wp-content\\\/uploads\\\/2022\\\/09\\\/conexion_nacional.png\",\"contentUrl\":\"https:\\\/\\\/conexionnacional.mx\\\/wp-content\\\/uploads\\\/2022\\\/09\\\/conexion_nacional.png\",\"width\":2964,\"height\":1173,\"caption\":\"Conexi\u00f3n Nacional\"},\"image\":{\"@id\":\"https:\\\/\\\/conexionnacional.mx\\\/#\\\/schema\\\/logo\\\/image\\\/\"},\"sameAs\":[\"https:\\\/\\\/www.facebook.com\\\/cnmxradio\"]},{\"@type\":\"Person\",\"@id\":\"https:\\\/\\\/conexionnacional.mx\\\/#\\\/schema\\\/person\\\/dd14aeda902120f5e0e021903fdb6931\",\"name\":\"Conexi\u00f3n Nacional\",\"image\":{\"@type\":\"ImageObject\",\"inLanguage\":\"es\",\"@id\":\"https:\\\/\\\/secure.gravatar.com\\\/avatar\\\/e523100f284110b2ecca7e17b2be9cf140a5e8f35294c9ec0543e6916cc1f9be?s=96&d=blank&r=g\",\"url\":\"https:\\\/\\\/secure.gravatar.com\\\/avatar\\\/e523100f284110b2ecca7e17b2be9cf140a5e8f35294c9ec0543e6916cc1f9be?s=96&d=blank&r=g\",\"contentUrl\":\"https:\\\/\\\/secure.gravatar.com\\\/avatar\\\/e523100f284110b2ecca7e17b2be9cf140a5e8f35294c9ec0543e6916cc1f9be?s=96&d=blank&r=g\",\"caption\":\"Conexi\u00f3n Nacional\"},\"sameAs\":[\"https:\\\/\\\/conexionnacional.mx\"],\"url\":\"https:\\\/\\\/conexionnacional.mx\\\/index.php\\\/author\\\/administrador\\\/\"}]}<\/script>\n<!-- \/ Yoast SEO plugin. -->","yoast_head_json":{"title":"Ocho mexicanos logran salir del aeropuerto de Israel |","robots":{"index":"index","follow":"follow","max-snippet":"max-snippet:-1","max-image-preview":"max-image-preview:large","max-video-preview":"max-video-preview:-1"},"canonical":"https:\/\/conexionnacional.mx\/index.php\/2023\/10\/09\/ocho-mexicanos-logran-salir-del-aeropuerto-de-israel\/","og_locale":"es_MX","og_type":"article","og_title":"Ocho mexicanos logran salir del aeropuerto de Israel |","og_description":"Edith Rodr\u00edguez, originaria de&nbsp;San Luis Potos\u00ed&nbsp;inform\u00f3 mediante la red social Facebook que logr\u00f3 salir junto con otros siete mexicanos del aeropuerto de Telaviv,&nbsp;Israel, luego de 32 horas de esperar un vuelo que los llev\u00f3 a Paphos en Chipre. La mexicana se\u00f1al\u00f3 que \u201cafortunadamente este vuelo no se cancel\u00f3 y estamos fuera, hace un par de [&hellip;]","og_url":"https:\/\/conexionnacional.mx\/index.php\/2023\/10\/09\/ocho-mexicanos-logran-salir-del-aeropuerto-de-israel\/","og_site_name":"Conexi\u00f3n Nacional","article_publisher":"https:\/\/www.facebook.com\/cnmxradio","article_published_time":"2023-10-09T16:30:07+00:00","article_modified_time":"2023-10-09T16:30:08+00:00","og_image":[{"width":1100,"height":666,"url":"https:\/\/conexionnacional.mx\/wp-content\/uploads\/2023\/10\/israel.jpg","type":"image\/jpeg"}],"author":"Conexi\u00f3n Nacional","twitter_card":"summary_large_image","twitter_misc":{"Escrito por":"Conexi\u00f3n Nacional","Tiempo de lectura":"2 minutos"},"schema":{"@context":"https:\/\/schema.org","@graph":[{"@type":"Article","@id":"https:\/\/conexionnacional.mx\/index.php\/2023\/10\/09\/ocho-mexicanos-logran-salir-del-aeropuerto-de-israel\/#article","isPartOf":{"@id":"https:\/\/conexionnacional.mx\/index.php\/2023\/10\/09\/ocho-mexicanos-logran-salir-del-aeropuerto-de-israel\/"},"author":{"name":"Conexi\u00f3n Nacional","@id":"https:\/\/conexionnacional.mx\/#\/schema\/person\/dd14aeda902120f5e0e021903fdb6931"},"headline":"Ocho mexicanos logran salir del aeropuerto de Israel","datePublished":"2023-10-09T16:30:07+00:00","dateModified":"2023-10-09T16:30:08+00:00","mainEntityOfPage":{"@id":"https:\/\/conexionnacional.mx\/index.php\/2023\/10\/09\/ocho-mexicanos-logran-salir-del-aeropuerto-de-israel\/"},"wordCount":318,"publisher":{"@id":"https:\/\/conexionnacional.mx\/#organization"},"image":{"@id":"https:\/\/conexionnacional.mx\/index.php\/2023\/10\/09\/ocho-mexicanos-logran-salir-del-aeropuerto-de-israel\/#primaryimage"},"thumbnailUrl":"https:\/\/conexionnacional.mx\/wp-content\/uploads\/2023\/10\/israel.jpg","keywords":["Israel"],"articleSection":["Internacional"],"inLanguage":"es"},{"@type":"WebPage","@id":"https:\/\/conexionnacional.mx\/index.php\/2023\/10\/09\/ocho-mexicanos-logran-salir-del-aeropuerto-de-israel\/","url":"https:\/\/conexionnacional.mx\/index.php\/2023\/10\/09\/ocho-mexicanos-logran-salir-del-aeropuerto-de-israel\/","name":"Ocho mexicanos logran salir del aeropuerto de Israel |","isPartOf":{"@id":"https:\/\/conexionnacional.mx\/#website"},"primaryImageOfPage":{"@id":"https:\/\/conexionnacional.mx\/index.php\/2023\/10\/09\/ocho-mexicanos-logran-salir-del-aeropuerto-de-israel\/#primaryimage"},"image":{"@id":"https:\/\/conexionnacional.mx\/index.php\/2023\/10\/09\/ocho-mexicanos-logran-salir-del-aeropuerto-de-israel\/#primaryimage"},"thumbnailUrl":"https:\/\/conexionnacional.mx\/wp-content\/uploads\/2023\/10\/israel.jpg","datePublished":"2023-10-09T16:30:07+00:00","dateModified":"2023-10-09T16:30:08+00:00","breadcrumb":{"@id":"https:\/\/conexionnacional.mx\/index.php\/2023\/10\/09\/ocho-mexicanos-logran-salir-del-aeropuerto-de-israel\/#breadcrumb"},"inLanguage":"es","potentialAction":[{"@type":"ReadAction","target":["https:\/\/conexionnacional.mx\/index.php\/2023\/10\/09\/ocho-mexicanos-logran-salir-del-aeropuerto-de-israel\/"]}]},{"@type":"ImageObject","inLanguage":"es","@id":"https:\/\/conexionnacional.mx\/index.php\/2023\/10\/09\/ocho-mexicanos-logran-salir-del-aeropuerto-de-israel\/#primaryimage","url":"https:\/\/conexionnacional.mx\/wp-content\/uploads\/2023\/10\/israel.jpg","contentUrl":"https:\/\/conexionnacional.mx\/wp-content\/uploads\/2023\/10\/israel.jpg","width":1100,"height":666},{"@type":"BreadcrumbList","@id":"https:\/\/conexionnacional.mx\/index.php\/2023\/10\/09\/ocho-mexicanos-logran-salir-del-aeropuerto-de-israel\/#breadcrumb","itemListElement":[{"@type":"ListItem","position":1,"name":"Inicio","item":"https:\/\/conexionnacional.mx\/"},{"@type":"ListItem","position":2,"name":"Ocho mexicanos logran salir del aeropuerto de Israel"}]},{"@type":"WebSite","@id":"https:\/\/conexionnacional.mx\/#website","url":"https:\/\/conexionnacional.mx\/","name":"Conexi\u00f3n Nacional","description":"Noticias al momento","publisher":{"@id":"https:\/\/conexionnacional.mx\/#organization"},"alternateName":"Noticias nacionales","potentialAction":[{"@type":"SearchAction","target":{"@type":"EntryPoint","urlTemplate":"https:\/\/conexionnacional.mx\/?s={search_term_string}"},"query-input":{"@type":"PropertyValueSpecification","valueRequired":true,"valueName":"search_term_string"}}],"inLanguage":"es"},{"@type":"Organization","@id":"https:\/\/conexionnacional.mx\/#organization","name":"Conexi\u00f3n Nacional","url":"https:\/\/conexionnacional.mx\/","logo":{"@type":"ImageObject","inLanguage":"es","@id":"https:\/\/conexionnacional.mx\/#\/schema\/logo\/image\/","url":"https:\/\/conexionnacional.mx\/wp-content\/uploads\/2022\/09\/conexion_nacional.png","contentUrl":"https:\/\/conexionnacional.mx\/wp-content\/uploads\/2022\/09\/conexion_nacional.png","width":2964,"height":1173,"caption":"Conexi\u00f3n Nacional"},"image":{"@id":"https:\/\/conexionnacional.mx\/#\/schema\/logo\/image\/"},"sameAs":["https:\/\/www.facebook.com\/cnmxradio"]},{"@type":"Person","@id":"https:\/\/conexionnacional.mx\/#\/schema\/person\/dd14aeda902120f5e0e021903fdb6931","name":"Conexi\u00f3n Nacional","image":{"@type":"ImageObject","inLanguage":"es","@id":"https:\/\/secure.gravatar.com\/avatar\/e523100f284110b2ecca7e17b2be9cf140a5e8f35294c9ec0543e6916cc1f9be?s=96&d=blank&r=g","url":"https:\/\/secure.gravatar.com\/avatar\/e523100f284110b2ecca7e17b2be9cf140a5e8f35294c9ec0543e6916cc1f9be?s=96&d=blank&r=g","contentUrl":"https:\/\/secure.gravatar.com\/avatar\/e523100f284110b2ecca7e17b2be9cf140a5e8f35294c9ec0543e6916cc1f9be?s=96&d=blank&r=g","caption":"Conexi\u00f3n Nacional"},"sameAs":["https:\/\/conexionnacional.mx"],"url":"https:\/\/conexionnacional.mx\/index.php\/author\/administrador\/"}]}},"_links":{"self":[{"href":"https:\/\/conexionnacional.mx\/index.php\/wp-json\/wp\/v2\/posts\/16213","targetHints":{"allow":["GET"]}}],"collection":[{"href":"https:\/\/conexionnacional.mx\/index.php\/wp-json\/wp\/v2\/posts"}],"about":[{"href":"https:\/\/conexionnacional.mx\/index.php\/wp-json\/wp\/v2\/types\/post"}],"author":[{"embeddable":true,"href":"https:\/\/conexionnacional.mx\/index.php\/wp-json\/wp\/v2\/users\/1"}],"replies":[{"embeddable":true,"href":"https:\/\/conexionnacional.mx\/index.php\/wp-json\/wp\/v2\/comments?post=16213"}],"version-history":[{"count":1,"href":"https:\/\/conexionnacional.mx\/index.php\/wp-json\/wp\/v2\/posts\/16213\/revisions"}],"predecessor-version":[{"id":16215,"href":"https:\/\/conexionnacional.mx\/index.php\/wp-json\/wp\/v2\/posts\/16213\/revisions\/16215"}],"wp:featuredmedia":[{"embeddable":true,"href":"https:\/\/conexionnacional.mx\/index.php\/wp-json\/wp\/v2\/media\/16214"}],"wp:attachment":[{"href":"https:\/\/conexionnacional.mx\/index.php\/wp-json\/wp\/v2\/media?parent=16213"}],"wp:term":[{"taxonomy":"category","embeddable":true,"href":"https:\/\/conexionnacional.mx\/index.php\/wp-json\/wp\/v2\/categories?post=16213"},{"taxonomy":"post_tag","embeddable":true,"href":"https:\/\/conexionnacional.mx\/index.php\/wp-json\/wp\/v2\/tags?post=16213"}],"curies":[{"name":"wp","href":"https:\/\/api.w.org\/{rel}","templated":true}]}}