{"id":16206,"date":"2023-10-06T18:05:56","date_gmt":"2023-10-06T23:05:56","guid":{"rendered":"https:\/\/conexionnacional.mx\/?p=16206"},"modified":"2023-10-06T18:05:57","modified_gmt":"2023-10-06T23:05:57","slug":"mexicanos-podran-entrar-a-estados-unidos-sin-visa","status":"publish","type":"post","link":"https:\/\/conexionnacional.mx\/index.php\/2023\/10\/06\/mexicanos-podran-entrar-a-estados-unidos-sin-visa\/","title":{"rendered":"\u00bfMexicanos Podr\u00e1n Entrar a Estados Unidos Sin VISA?"},"content":{"rendered":"\n<p>En redes circula la posible entrada de gente de M\u00e9xico a territorio estadounidense sin necesidad de visa americana<\/p>\n\n\n\n<hr class=\"wp-block-separator has-alpha-channel-opacity\"\/>\n\n\n\n<p>Desde hace muchos a\u00f1os los&nbsp;<strong>mexicanos<\/strong>&nbsp;esperan con ansias poder&nbsp;<strong>entrar<\/strong>&nbsp;a&nbsp;<strong>Estados Unidos sin VISA<\/strong>. Constantemente se ampl\u00eda la lista de pa\u00edses que cuentan con este beneficio y en 2023 se agreg\u00f3 a Israel al selecto grupo, pero la mayor\u00eda quiere saber si M\u00e9xico est\u00e1 incluido y ac\u00e1 te los decimos.&nbsp;<\/p>\n\n\n\n<p>De acuerdo con el\u00a0<strong>Programa de Exenci\u00f3n de VISA<\/strong>\u00a0americana (<strong>VWP<\/strong>, por sus siglas en ingles) a partir del 30 de noviembre de este a\u00f1o ser\u00e1n<strong>\u00a041 los pa\u00edses que podr\u00e1n visitar<\/strong>\u00a0territorio estadounidense sin la necesidad de tramitar el documento.<\/p>\n\n\n\n<h2 class=\"wp-block-heading\">\u00bfLos mexicanos podr\u00e1n entrar a Estados Unidos sin VISA?<\/h2>\n\n\n\n<p>Pese a que en redes sociales se volvi\u00f3 viral una informaci\u00f3n que asegura que es posible pasar de M\u00e9xico rumbo a suelo norteamericano, la realidad es que es falso, pues<strong>&nbsp;nunca hubo cambios en los requisitos migratorios<\/strong>&nbsp;entre ambos pa\u00edses, recientemente.&nbsp;<\/p>\n\n\n\n<p>Esto quiere decir que las personas que nacieron en la Rep\u00fablica Mexicana necesitan<strong>&nbsp;cumplir con una serie de requisitos y documentos&nbsp;<\/strong>para poder viajar al pa\u00eds vecino del norte, ya sea v\u00eda a\u00e9rea, terrestre o mar\u00edtima.<\/p>\n\n\n\n<h2 class=\"wp-block-heading\">C\u00f3mo tramitar la VISA americana<\/h2>\n\n\n\n<p>M\u00e9xico no se encuentra en la lista de pa\u00edses exentos, pero eso no significa que los ciudadanos de la rep\u00fablica no puedan visitar USA. Para eso deben realizar el tr\u00e1mite, dependiendo la necesidad de quien la solicite, pues<strong>&nbsp;hay de todo tipo<\/strong>: para<strong>&nbsp;turistas, visitas, negocios, empleo, estudios, intercambios y de migraci\u00f3n<\/strong>.&nbsp;<\/p>\n\n\n\n<p>Para saber cu\u00e1l necesitas, puede hacer el&nbsp;<a href=\"https:\/\/ceac.state.gov\/genniv\/\">proceso en l\u00ednea<\/a>, con los siguientes pasos:<\/p>\n\n\n\n<ul class=\"wp-block-list\">\n<li>Complete el Formulario DS-160,<\/li>\n\n\n\n<li>Haz el registro&nbsp;en l\u00ednea.<\/li>\n\n\n\n<li>Paga&nbsp;la tarifa solicitada.<\/li>\n\n\n\n<li>Programa&nbsp;la entrevista.<\/li>\n\n\n\n<li>Elige&nbsp;un local de DHL para retirar su pasaporte con la Visa.<\/li>\n<\/ul>\n\n\n\n<p>Despu\u00e9s de eso solo resta&nbsp;<strong>acudir a la entrevista<\/strong>, responder las preguntas y&nbsp;<strong>que sea aprobado&nbsp;<\/strong>&nbsp;el permiso. En caso de que pase la prueba satisfactoriamente solo restar\u00e1 retirar el documento en DHL.<\/p>\n\n\n\n<h2 class=\"wp-block-heading\">&nbsp;Qu\u00e9 pa\u00edses pueden entrar sin VISA a Estados Unidos<\/h2>\n\n\n\n<ol class=\"wp-block-list\">\n<li>Alemania<\/li>\n\n\n\n<li>Andorra<\/li>\n\n\n\n<li>Australia<\/li>\n\n\n\n<li>Austria<\/li>\n\n\n\n<li>B\u00e9lgica<\/li>\n\n\n\n<li>Brunei<\/li>\n\n\n\n<li>Chile<\/li>\n\n\n\n<li>Corea del Sur<\/li>\n\n\n\n<li>Dinamarca<\/li>\n\n\n\n<li>Estonia<\/li>\n\n\n\n<li>Eslovaquia<\/li>\n\n\n\n<li>Eslovenia<\/li>\n\n\n\n<li>Espa\u00f1a<\/li>\n\n\n\n<li>Finlandia<\/li>\n\n\n\n<li>Francia<\/li>\n\n\n\n<li>Grecia<\/li>\n\n\n\n<li>Hungr\u00eda<\/li>\n\n\n\n<li>Irlanda<\/li>\n\n\n\n<li>Islandia<\/li>\n\n\n\n<li>Israel (a partir del 30 noviembre)<\/li>\n\n\n\n<li>Italia<\/li>\n\n\n\n<li>Jap\u00f3n<\/li>\n\n\n\n<li>Letonia<\/li>\n\n\n\n<li>Liechtenstein<\/li>\n\n\n\n<li>Lituania<\/li>\n\n\n\n<li>Luxemburgo<\/li>\n\n\n\n<li>Malta<\/li>\n\n\n\n<li>M\u00f3naco<\/li>\n\n\n\n<li>Noruega<\/li>\n\n\n\n<li>Nueva Zelanda<\/li>\n\n\n\n<li>Pa\u00edses Bajos<\/li>\n\n\n\n<li>Polonia<\/li>\n\n\n\n<li>Portugal<\/li>\n\n\n\n<li>Reino Unido<\/li>\n\n\n\n<li>Rep\u00fablica Checa<\/li>\n\n\n\n<li>Rep\u00fablica de Corea<\/li>\n\n\n\n<li>San Marino<\/li>\n\n\n\n<li>Singapur<\/li>\n\n\n\n<li>Suecia<\/li>\n\n\n\n<li>Suiza<\/li>\n\n\n\n<li>Taiw\u00e1n<\/li>\n<\/ol>\n\n\n\n<p>Para los que est\u00e9n interesados en saber&nbsp;<strong>cu\u00e1nto cuesta la visa americana en 2023<\/strong>, tiene un precio de 185 d\u00f3lares (3 mil 320 pesos mexicanos aproximadamente) y tiene una vigencia de 10 a\u00f1os. Para menores de edad tiene un costo de 15 USD (270 pesos).&nbsp;<\/p>\n","protected":false},"excerpt":{"rendered":"<p>En redes circula la posible entrada de gente de M\u00e9xico a territorio estadounidense sin necesidad de visa americana Desde hace muchos a\u00f1os los&nbsp;mexicanos&nbsp;esperan con ansias poder&nbsp;entrar&nbsp;a&nbsp;Estados Unidos sin VISA. Constantemente se ampl\u00eda la lista de pa\u00edses que cuentan con este beneficio y en 2023 se agreg\u00f3 a Israel al selecto grupo, pero la mayor\u00eda quiere [&hellip;]<\/p>\n","protected":false},"author":1,"featured_media":16207,"comment_status":"closed","ping_status":"closed","sticky":false,"template":"","format":"aside","meta":{"googlesitekit_rrm_CAowytPeCw:productID":"","footnotes":""},"categories":[3],"tags":[3098],"class_list":["post-16206","post","type-post","status-publish","format-aside","has-post-thumbnail","hentry","category-nacional","tag-visa","post_format-post-format-aside"],"yoast_head":"<!-- This site is optimized with the Yoast SEO plugin v27.5 - https:\/\/yoast.com\/product\/yoast-seo-wordpress\/ -->\n<title>\u00bfMexicanos Podr\u00e1n Entrar a Estados Unidos Sin VISA? |<\/title>\n<meta name=\"robots\" content=\"index, follow, max-snippet:-1, max-image-preview:large, max-video-preview:-1\" \/>\n<link rel=\"canonical\" href=\"https:\/\/conexionnacional.mx\/index.php\/2023\/10\/06\/mexicanos-podran-entrar-a-estados-unidos-sin-visa\/\" \/>\n<meta property=\"og:locale\" content=\"es_MX\" \/>\n<meta property=\"og:type\" content=\"article\" \/>\n<meta property=\"og:title\" content=\"\u00bfMexicanos Podr\u00e1n Entrar a Estados Unidos Sin VISA? |\" \/>\n<meta property=\"og:description\" content=\"En redes circula la posible entrada de gente de M\u00e9xico a territorio estadounidense sin necesidad de visa americana Desde hace muchos a\u00f1os los&nbsp;mexicanos&nbsp;esperan con ansias poder&nbsp;entrar&nbsp;a&nbsp;Estados Unidos sin VISA. Constantemente se ampl\u00eda la lista de pa\u00edses que cuentan con este beneficio y en 2023 se agreg\u00f3 a Israel al selecto grupo, pero la mayor\u00eda quiere [&hellip;]\" \/>\n<meta property=\"og:url\" content=\"https:\/\/conexionnacional.mx\/index.php\/2023\/10\/06\/mexicanos-podran-entrar-a-estados-unidos-sin-visa\/\" \/>\n<meta property=\"og:site_name\" content=\"Conexi\u00f3n Nacional\" \/>\n<meta property=\"article:publisher\" content=\"https:\/\/www.facebook.com\/cnmxradio\" \/>\n<meta property=\"article:published_time\" content=\"2023-10-06T23:05:56+00:00\" \/>\n<meta property=\"article:modified_time\" content=\"2023-10-06T23:05:57+00:00\" \/>\n<meta property=\"og:image\" content=\"https:\/\/conexionnacional.mx\/wp-content\/uploads\/2023\/10\/TOZ2WY26WVC6TIPF2LKKYUZH2A.jpg\" \/>\n\t<meta property=\"og:image:width\" content=\"1100\" \/>\n\t<meta property=\"og:image:height\" content=\"666\" \/>\n\t<meta property=\"og:image:type\" content=\"image\/jpeg\" \/>\n<meta name=\"author\" content=\"Conexi\u00f3n Nacional\" \/>\n<meta name=\"twitter:card\" content=\"summary_large_image\" \/>\n<meta name=\"twitter:label1\" content=\"Escrito por\" \/>\n\t<meta name=\"twitter:data1\" content=\"Conexi\u00f3n Nacional\" \/>\n\t<meta name=\"twitter:label2\" content=\"Tiempo de lectura\" \/>\n\t<meta name=\"twitter:data2\" content=\"3 minutos\" \/>\n<script type=\"application\/ld+json\" class=\"yoast-schema-graph\">{\"@context\":\"https:\\\/\\\/schema.org\",\"@graph\":[{\"@type\":\"Article\",\"@id\":\"https:\\\/\\\/conexionnacional.mx\\\/index.php\\\/2023\\\/10\\\/06\\\/mexicanos-podran-entrar-a-estados-unidos-sin-visa\\\/#article\",\"isPartOf\":{\"@id\":\"https:\\\/\\\/conexionnacional.mx\\\/index.php\\\/2023\\\/10\\\/06\\\/mexicanos-podran-entrar-a-estados-unidos-sin-visa\\\/\"},\"author\":{\"name\":\"Conexi\u00f3n Nacional\",\"@id\":\"https:\\\/\\\/conexionnacional.mx\\\/#\\\/schema\\\/person\\\/dd14aeda902120f5e0e021903fdb6931\"},\"headline\":\"\u00bfMexicanos Podr\u00e1n Entrar a Estados Unidos Sin VISA?\",\"datePublished\":\"2023-10-06T23:05:56+00:00\",\"dateModified\":\"2023-10-06T23:05:57+00:00\",\"mainEntityOfPage\":{\"@id\":\"https:\\\/\\\/conexionnacional.mx\\\/index.php\\\/2023\\\/10\\\/06\\\/mexicanos-podran-entrar-a-estados-unidos-sin-visa\\\/\"},\"wordCount\":506,\"publisher\":{\"@id\":\"https:\\\/\\\/conexionnacional.mx\\\/#organization\"},\"image\":{\"@id\":\"https:\\\/\\\/conexionnacional.mx\\\/index.php\\\/2023\\\/10\\\/06\\\/mexicanos-podran-entrar-a-estados-unidos-sin-visa\\\/#primaryimage\"},\"thumbnailUrl\":\"https:\\\/\\\/conexionnacional.mx\\\/wp-content\\\/uploads\\\/2023\\\/10\\\/TOZ2WY26WVC6TIPF2LKKYUZH2A.jpg\",\"keywords\":[\"visa\"],\"articleSection\":[\"Nacional\"],\"inLanguage\":\"es\"},{\"@type\":\"WebPage\",\"@id\":\"https:\\\/\\\/conexionnacional.mx\\\/index.php\\\/2023\\\/10\\\/06\\\/mexicanos-podran-entrar-a-estados-unidos-sin-visa\\\/\",\"url\":\"https:\\\/\\\/conexionnacional.mx\\\/index.php\\\/2023\\\/10\\\/06\\\/mexicanos-podran-entrar-a-estados-unidos-sin-visa\\\/\",\"name\":\"\u00bfMexicanos Podr\u00e1n Entrar a Estados Unidos Sin VISA? |\",\"isPartOf\":{\"@id\":\"https:\\\/\\\/conexionnacional.mx\\\/#website\"},\"primaryImageOfPage\":{\"@id\":\"https:\\\/\\\/conexionnacional.mx\\\/index.php\\\/2023\\\/10\\\/06\\\/mexicanos-podran-entrar-a-estados-unidos-sin-visa\\\/#primaryimage\"},\"image\":{\"@id\":\"https:\\\/\\\/conexionnacional.mx\\\/index.php\\\/2023\\\/10\\\/06\\\/mexicanos-podran-entrar-a-estados-unidos-sin-visa\\\/#primaryimage\"},\"thumbnailUrl\":\"https:\\\/\\\/conexionnacional.mx\\\/wp-content\\\/uploads\\\/2023\\\/10\\\/TOZ2WY26WVC6TIPF2LKKYUZH2A.jpg\",\"datePublished\":\"2023-10-06T23:05:56+00:00\",\"dateModified\":\"2023-10-06T23:05:57+00:00\",\"breadcrumb\":{\"@id\":\"https:\\\/\\\/conexionnacional.mx\\\/index.php\\\/2023\\\/10\\\/06\\\/mexicanos-podran-entrar-a-estados-unidos-sin-visa\\\/#breadcrumb\"},\"inLanguage\":\"es\",\"potentialAction\":[{\"@type\":\"ReadAction\",\"target\":[\"https:\\\/\\\/conexionnacional.mx\\\/index.php\\\/2023\\\/10\\\/06\\\/mexicanos-podran-entrar-a-estados-unidos-sin-visa\\\/\"]}]},{\"@type\":\"ImageObject\",\"inLanguage\":\"es\",\"@id\":\"https:\\\/\\\/conexionnacional.mx\\\/index.php\\\/2023\\\/10\\\/06\\\/mexicanos-podran-entrar-a-estados-unidos-sin-visa\\\/#primaryimage\",\"url\":\"https:\\\/\\\/conexionnacional.mx\\\/wp-content\\\/uploads\\\/2023\\\/10\\\/TOZ2WY26WVC6TIPF2LKKYUZH2A.jpg\",\"contentUrl\":\"https:\\\/\\\/conexionnacional.mx\\\/wp-content\\\/uploads\\\/2023\\\/10\\\/TOZ2WY26WVC6TIPF2LKKYUZH2A.jpg\",\"width\":1100,\"height\":666},{\"@type\":\"BreadcrumbList\",\"@id\":\"https:\\\/\\\/conexionnacional.mx\\\/index.php\\\/2023\\\/10\\\/06\\\/mexicanos-podran-entrar-a-estados-unidos-sin-visa\\\/#breadcrumb\",\"itemListElement\":[{\"@type\":\"ListItem\",\"position\":1,\"name\":\"Inicio\",\"item\":\"https:\\\/\\\/conexionnacional.mx\\\/\"},{\"@type\":\"ListItem\",\"position\":2,\"name\":\"\u00bfMexicanos Podr\u00e1n Entrar a Estados Unidos Sin VISA?\"}]},{\"@type\":\"WebSite\",\"@id\":\"https:\\\/\\\/conexionnacional.mx\\\/#website\",\"url\":\"https:\\\/\\\/conexionnacional.mx\\\/\",\"name\":\"Conexi\u00f3n Nacional\",\"description\":\"Noticias al momento\",\"publisher\":{\"@id\":\"https:\\\/\\\/conexionnacional.mx\\\/#organization\"},\"alternateName\":\"Noticias nacionales\",\"potentialAction\":[{\"@type\":\"SearchAction\",\"target\":{\"@type\":\"EntryPoint\",\"urlTemplate\":\"https:\\\/\\\/conexionnacional.mx\\\/?s={search_term_string}\"},\"query-input\":{\"@type\":\"PropertyValueSpecification\",\"valueRequired\":true,\"valueName\":\"search_term_string\"}}],\"inLanguage\":\"es\"},{\"@type\":\"Organization\",\"@id\":\"https:\\\/\\\/conexionnacional.mx\\\/#organization\",\"name\":\"Conexi\u00f3n Nacional\",\"url\":\"https:\\\/\\\/conexionnacional.mx\\\/\",\"logo\":{\"@type\":\"ImageObject\",\"inLanguage\":\"es\",\"@id\":\"https:\\\/\\\/conexionnacional.mx\\\/#\\\/schema\\\/logo\\\/image\\\/\",\"url\":\"https:\\\/\\\/conexionnacional.mx\\\/wp-content\\\/uploads\\\/2022\\\/09\\\/conexion_nacional.png\",\"contentUrl\":\"https:\\\/\\\/conexionnacional.mx\\\/wp-content\\\/uploads\\\/2022\\\/09\\\/conexion_nacional.png\",\"width\":2964,\"height\":1173,\"caption\":\"Conexi\u00f3n Nacional\"},\"image\":{\"@id\":\"https:\\\/\\\/conexionnacional.mx\\\/#\\\/schema\\\/logo\\\/image\\\/\"},\"sameAs\":[\"https:\\\/\\\/www.facebook.com\\\/cnmxradio\"]},{\"@type\":\"Person\",\"@id\":\"https:\\\/\\\/conexionnacional.mx\\\/#\\\/schema\\\/person\\\/dd14aeda902120f5e0e021903fdb6931\",\"name\":\"Conexi\u00f3n Nacional\",\"image\":{\"@type\":\"ImageObject\",\"inLanguage\":\"es\",\"@id\":\"https:\\\/\\\/secure.gravatar.com\\\/avatar\\\/e523100f284110b2ecca7e17b2be9cf140a5e8f35294c9ec0543e6916cc1f9be?s=96&d=blank&r=g\",\"url\":\"https:\\\/\\\/secure.gravatar.com\\\/avatar\\\/e523100f284110b2ecca7e17b2be9cf140a5e8f35294c9ec0543e6916cc1f9be?s=96&d=blank&r=g\",\"contentUrl\":\"https:\\\/\\\/secure.gravatar.com\\\/avatar\\\/e523100f284110b2ecca7e17b2be9cf140a5e8f35294c9ec0543e6916cc1f9be?s=96&d=blank&r=g\",\"caption\":\"Conexi\u00f3n Nacional\"},\"sameAs\":[\"https:\\\/\\\/conexionnacional.mx\"],\"url\":\"https:\\\/\\\/conexionnacional.mx\\\/index.php\\\/author\\\/administrador\\\/\"}]}<\/script>\n<!-- \/ Yoast SEO plugin. -->","yoast_head_json":{"title":"\u00bfMexicanos Podr\u00e1n Entrar a Estados Unidos Sin VISA? |","robots":{"index":"index","follow":"follow","max-snippet":"max-snippet:-1","max-image-preview":"max-image-preview:large","max-video-preview":"max-video-preview:-1"},"canonical":"https:\/\/conexionnacional.mx\/index.php\/2023\/10\/06\/mexicanos-podran-entrar-a-estados-unidos-sin-visa\/","og_locale":"es_MX","og_type":"article","og_title":"\u00bfMexicanos Podr\u00e1n Entrar a Estados Unidos Sin VISA? |","og_description":"En redes circula la posible entrada de gente de M\u00e9xico a territorio estadounidense sin necesidad de visa americana Desde hace muchos a\u00f1os los&nbsp;mexicanos&nbsp;esperan con ansias poder&nbsp;entrar&nbsp;a&nbsp;Estados Unidos sin VISA. Constantemente se ampl\u00eda la lista de pa\u00edses que cuentan con este beneficio y en 2023 se agreg\u00f3 a Israel al selecto grupo, pero la mayor\u00eda quiere [&hellip;]","og_url":"https:\/\/conexionnacional.mx\/index.php\/2023\/10\/06\/mexicanos-podran-entrar-a-estados-unidos-sin-visa\/","og_site_name":"Conexi\u00f3n Nacional","article_publisher":"https:\/\/www.facebook.com\/cnmxradio","article_published_time":"2023-10-06T23:05:56+00:00","article_modified_time":"2023-10-06T23:05:57+00:00","og_image":[{"width":1100,"height":666,"url":"https:\/\/conexionnacional.mx\/wp-content\/uploads\/2023\/10\/TOZ2WY26WVC6TIPF2LKKYUZH2A.jpg","type":"image\/jpeg"}],"author":"Conexi\u00f3n Nacional","twitter_card":"summary_large_image","twitter_misc":{"Escrito por":"Conexi\u00f3n Nacional","Tiempo de lectura":"3 minutos"},"schema":{"@context":"https:\/\/schema.org","@graph":[{"@type":"Article","@id":"https:\/\/conexionnacional.mx\/index.php\/2023\/10\/06\/mexicanos-podran-entrar-a-estados-unidos-sin-visa\/#article","isPartOf":{"@id":"https:\/\/conexionnacional.mx\/index.php\/2023\/10\/06\/mexicanos-podran-entrar-a-estados-unidos-sin-visa\/"},"author":{"name":"Conexi\u00f3n Nacional","@id":"https:\/\/conexionnacional.mx\/#\/schema\/person\/dd14aeda902120f5e0e021903fdb6931"},"headline":"\u00bfMexicanos Podr\u00e1n Entrar a Estados Unidos Sin VISA?","datePublished":"2023-10-06T23:05:56+00:00","dateModified":"2023-10-06T23:05:57+00:00","mainEntityOfPage":{"@id":"https:\/\/conexionnacional.mx\/index.php\/2023\/10\/06\/mexicanos-podran-entrar-a-estados-unidos-sin-visa\/"},"wordCount":506,"publisher":{"@id":"https:\/\/conexionnacional.mx\/#organization"},"image":{"@id":"https:\/\/conexionnacional.mx\/index.php\/2023\/10\/06\/mexicanos-podran-entrar-a-estados-unidos-sin-visa\/#primaryimage"},"thumbnailUrl":"https:\/\/conexionnacional.mx\/wp-content\/uploads\/2023\/10\/TOZ2WY26WVC6TIPF2LKKYUZH2A.jpg","keywords":["visa"],"articleSection":["Nacional"],"inLanguage":"es"},{"@type":"WebPage","@id":"https:\/\/conexionnacional.mx\/index.php\/2023\/10\/06\/mexicanos-podran-entrar-a-estados-unidos-sin-visa\/","url":"https:\/\/conexionnacional.mx\/index.php\/2023\/10\/06\/mexicanos-podran-entrar-a-estados-unidos-sin-visa\/","name":"\u00bfMexicanos Podr\u00e1n Entrar a Estados Unidos Sin VISA? |","isPartOf":{"@id":"https:\/\/conexionnacional.mx\/#website"},"primaryImageOfPage":{"@id":"https:\/\/conexionnacional.mx\/index.php\/2023\/10\/06\/mexicanos-podran-entrar-a-estados-unidos-sin-visa\/#primaryimage"},"image":{"@id":"https:\/\/conexionnacional.mx\/index.php\/2023\/10\/06\/mexicanos-podran-entrar-a-estados-unidos-sin-visa\/#primaryimage"},"thumbnailUrl":"https:\/\/conexionnacional.mx\/wp-content\/uploads\/2023\/10\/TOZ2WY26WVC6TIPF2LKKYUZH2A.jpg","datePublished":"2023-10-06T23:05:56+00:00","dateModified":"2023-10-06T23:05:57+00:00","breadcrumb":{"@id":"https:\/\/conexionnacional.mx\/index.php\/2023\/10\/06\/mexicanos-podran-entrar-a-estados-unidos-sin-visa\/#breadcrumb"},"inLanguage":"es","potentialAction":[{"@type":"ReadAction","target":["https:\/\/conexionnacional.mx\/index.php\/2023\/10\/06\/mexicanos-podran-entrar-a-estados-unidos-sin-visa\/"]}]},{"@type":"ImageObject","inLanguage":"es","@id":"https:\/\/conexionnacional.mx\/index.php\/2023\/10\/06\/mexicanos-podran-entrar-a-estados-unidos-sin-visa\/#primaryimage","url":"https:\/\/conexionnacional.mx\/wp-content\/uploads\/2023\/10\/TOZ2WY26WVC6TIPF2LKKYUZH2A.jpg","contentUrl":"https:\/\/conexionnacional.mx\/wp-content\/uploads\/2023\/10\/TOZ2WY26WVC6TIPF2LKKYUZH2A.jpg","width":1100,"height":666},{"@type":"BreadcrumbList","@id":"https:\/\/conexionnacional.mx\/index.php\/2023\/10\/06\/mexicanos-podran-entrar-a-estados-unidos-sin-visa\/#breadcrumb","itemListElement":[{"@type":"ListItem","position":1,"name":"Inicio","item":"https:\/\/conexionnacional.mx\/"},{"@type":"ListItem","position":2,"name":"\u00bfMexicanos Podr\u00e1n Entrar a Estados Unidos Sin VISA?"}]},{"@type":"WebSite","@id":"https:\/\/conexionnacional.mx\/#website","url":"https:\/\/conexionnacional.mx\/","name":"Conexi\u00f3n Nacional","description":"Noticias al momento","publisher":{"@id":"https:\/\/conexionnacional.mx\/#organization"},"alternateName":"Noticias nacionales","potentialAction":[{"@type":"SearchAction","target":{"@type":"EntryPoint","urlTemplate":"https:\/\/conexionnacional.mx\/?s={search_term_string}"},"query-input":{"@type":"PropertyValueSpecification","valueRequired":true,"valueName":"search_term_string"}}],"inLanguage":"es"},{"@type":"Organization","@id":"https:\/\/conexionnacional.mx\/#organization","name":"Conexi\u00f3n Nacional","url":"https:\/\/conexionnacional.mx\/","logo":{"@type":"ImageObject","inLanguage":"es","@id":"https:\/\/conexionnacional.mx\/#\/schema\/logo\/image\/","url":"https:\/\/conexionnacional.mx\/wp-content\/uploads\/2022\/09\/conexion_nacional.png","contentUrl":"https:\/\/conexionnacional.mx\/wp-content\/uploads\/2022\/09\/conexion_nacional.png","width":2964,"height":1173,"caption":"Conexi\u00f3n Nacional"},"image":{"@id":"https:\/\/conexionnacional.mx\/#\/schema\/logo\/image\/"},"sameAs":["https:\/\/www.facebook.com\/cnmxradio"]},{"@type":"Person","@id":"https:\/\/conexionnacional.mx\/#\/schema\/person\/dd14aeda902120f5e0e021903fdb6931","name":"Conexi\u00f3n Nacional","image":{"@type":"ImageObject","inLanguage":"es","@id":"https:\/\/secure.gravatar.com\/avatar\/e523100f284110b2ecca7e17b2be9cf140a5e8f35294c9ec0543e6916cc1f9be?s=96&d=blank&r=g","url":"https:\/\/secure.gravatar.com\/avatar\/e523100f284110b2ecca7e17b2be9cf140a5e8f35294c9ec0543e6916cc1f9be?s=96&d=blank&r=g","contentUrl":"https:\/\/secure.gravatar.com\/avatar\/e523100f284110b2ecca7e17b2be9cf140a5e8f35294c9ec0543e6916cc1f9be?s=96&d=blank&r=g","caption":"Conexi\u00f3n Nacional"},"sameAs":["https:\/\/conexionnacional.mx"],"url":"https:\/\/conexionnacional.mx\/index.php\/author\/administrador\/"}]}},"_links":{"self":[{"href":"https:\/\/conexionnacional.mx\/index.php\/wp-json\/wp\/v2\/posts\/16206","targetHints":{"allow":["GET"]}}],"collection":[{"href":"https:\/\/conexionnacional.mx\/index.php\/wp-json\/wp\/v2\/posts"}],"about":[{"href":"https:\/\/conexionnacional.mx\/index.php\/wp-json\/wp\/v2\/types\/post"}],"author":[{"embeddable":true,"href":"https:\/\/conexionnacional.mx\/index.php\/wp-json\/wp\/v2\/users\/1"}],"replies":[{"embeddable":true,"href":"https:\/\/conexionnacional.mx\/index.php\/wp-json\/wp\/v2\/comments?post=16206"}],"version-history":[{"count":1,"href":"https:\/\/conexionnacional.mx\/index.php\/wp-json\/wp\/v2\/posts\/16206\/revisions"}],"predecessor-version":[{"id":16208,"href":"https:\/\/conexionnacional.mx\/index.php\/wp-json\/wp\/v2\/posts\/16206\/revisions\/16208"}],"wp:featuredmedia":[{"embeddable":true,"href":"https:\/\/conexionnacional.mx\/index.php\/wp-json\/wp\/v2\/media\/16207"}],"wp:attachment":[{"href":"https:\/\/conexionnacional.mx\/index.php\/wp-json\/wp\/v2\/media?parent=16206"}],"wp:term":[{"taxonomy":"category","embeddable":true,"href":"https:\/\/conexionnacional.mx\/index.php\/wp-json\/wp\/v2\/categories?post=16206"},{"taxonomy":"post_tag","embeddable":true,"href":"https:\/\/conexionnacional.mx\/index.php\/wp-json\/wp\/v2\/tags?post=16206"}],"curies":[{"name":"wp","href":"https:\/\/api.w.org\/{rel}","templated":true}]}}