{"id":16017,"date":"2023-09-26T14:45:23","date_gmt":"2023-09-26T20:45:23","guid":{"rendered":"https:\/\/conexionnacional.mx\/?p=16017"},"modified":"2023-09-26T14:45:23","modified_gmt":"2023-09-26T20:45:23","slug":"feminicida-de-la-doctora-ali-jasel-suarez-era-trabajador-del-imss-y-su-vecino","status":"publish","type":"post","link":"https:\/\/conexionnacional.mx\/index.php\/2023\/09\/26\/feminicida-de-la-doctora-ali-jasel-suarez-era-trabajador-del-imss-y-su-vecino\/","title":{"rendered":"Feminicida de la doctora Ali Jasel Su\u00e1rez era trabajador del IMSS y su vecino"},"content":{"rendered":"\n<p>El presunto responsable del feminicidio y violaci\u00f3n de la doctora Ali Jasel Su\u00e1rez Reyes, perpetrado el 18 de septiembre en Los Cabos, laboraba en el Hospital del IMSS de San Jos\u00e9 del Cabo y era vecino de la m\u00e9dica.<\/p>\n\n\n\n<p>El titular de la Procuradur\u00eda General de Justicia de Baja California Sur (PGJE),&nbsp;<strong>Daniel De la Rosa Anaya<\/strong>&nbsp;ofreci\u00f3 algunos datos al respecto de la investigaci\u00f3n del feminicidio de la doctora y refiri\u00f3 que no advirtieron la participaci\u00f3n de otra persona en los hechos, adem\u00e1s, que se realizaron 2 cateos, en el departamento de la doctora y en el del agresor, donde se localizaron pruebas para el esclarecimiento de los hechos y lograr la orden de aprehensi\u00f3n.<\/p>\n\n\n\n<h2 class=\"wp-block-heading\">Mart\u00edn Heriberto \u201cN\u201d era vecino de Ali Jasel<\/h2>\n\n\n\n<p>Indic\u00f3 que el presunto responsable viv\u00eda al lado del departamento de la v\u00edctima y aprovech\u00f3 que un repartidor de comida acudi\u00f3 a llevarle un pedido a la doctora para posterior a ello tocar a la puerta y as\u00ed ingresar al domicilio y proceder a agredirla.<\/p>\n\n\n\n<p>Con la presentaci\u00f3n de algunas im\u00e1genes de c\u00e1maras de videovigilancia pudieron establecer el momento en que el agresor abord\u00f3 el veh\u00edculo de la v\u00edctima y se traslad\u00f3 a una plaza comercial e ingres\u00f3 a un cajero para retirar dinero de la tarjeta de la doctora. Despu\u00e9s de ello se retir\u00f3 y abandon\u00f3 el veh\u00edculo en una calle aleda\u00f1a y se fue caminando del lugar.<\/p>\n\n\n\n<p>Con las \u00f3rdenes de cateo se logr\u00f3 ubicar el tel\u00e9fono celular de la doctora en el departamento del agresor as\u00ed como ropa y calzado similar al que vest\u00eda el agresor el d\u00eda de los hechos.<\/p>\n\n\n\n<p>De acuerdo con la investigaci\u00f3n, Mart\u00edn Heriberto \u201cN\u201d, a quien se identifica como el agresor, hab\u00eda laborado de forma eventual para el mismo Hospital del IMSS de San Jos\u00e9 del Cabo y por ello conoc\u00eda a la v\u00edctima.<\/p>\n\n\n\n<p>No obstante, tendr\u00e1 que ser el IMSS quien precise \u2013dijo\u2013 mayor informaci\u00f3n al respecto del tiempo en que labor\u00f3 y las fechas en que dej\u00f3 de hacerlo, o bien \u2013indic\u00f3\u2013 en la continuaci\u00f3n de la audiencia inicial que se realizar\u00e1 el pr\u00f3ximo mi\u00e9rcoles, donde se prev\u00e9 sea vinculado a proceso.<\/p>\n\n\n\n<p>El hombre no contaba con antecedentes penales, confirm\u00f3 el procurador.<\/p>\n\n\n\n<h2 class=\"wp-block-heading\">Mart\u00edn Heriberto \u201cN\u201d ya hab\u00eda acosado a otra mujer<\/h2>\n\n\n\n<p>Sin embargo, a trav\u00e9s de redes sociales circul\u00f3 la exposici\u00f3n del caso de una presunta v\u00edctima que refiri\u00f3 haber sufrido acoso de parte de Mart\u00edn Heriberto \u201cN\u201d y que procedi\u00f3 a realizar una denuncia an\u00f3nima en el n\u00famero dispuesto por las autoridades de procuraci\u00f3n de Justicia, a la cual no se le habr\u00eda dado seguimiento.<\/p>\n\n\n\n<p>Abordado al respecto, el procurador indic\u00f3 que no hubo la presentaci\u00f3n de una denuncia formal y mencion\u00f3 que m\u00e1s del 66 por ciento de lo que se recibe de denuncia ciudadana an\u00f3nima se deriva a una carpeta de investigaci\u00f3n.<\/p>\n\n\n\n<p>Con todo, en este caso seg\u00fan ha referido la otra presunta v\u00edctima, no le dieron seguimiento y solo le pidieron que \u201cbloquera al n\u00famero\u201d.<\/p>\n\n\n\n<p>El feminicidio de la doctora ocurri\u00f3 el pasado lunes y cimbr\u00f3 a la sociedad sudcaliforniana, por el grado de violencia expuesto. El cuerpo de la doctora fue colocado en una maleta de viaje despu\u00e9s de ser agredida y asesinada. Esto gener\u00f3 indignaci\u00f3n en el gremio m\u00e9dico, familiares, amigos y colectivos feministas que salieron a marchar exigiendo justicia.<\/p>\n","protected":false},"excerpt":{"rendered":"<p>El presunto responsable del feminicidio y violaci\u00f3n de la doctora Ali Jasel Su\u00e1rez Reyes, perpetrado el 18 de septiembre en Los Cabos, laboraba en el Hospital del IMSS de San Jos\u00e9 del Cabo y era vecino de la m\u00e9dica. El titular de la Procuradur\u00eda General de Justicia de Baja California Sur (PGJE),&nbsp;Daniel De la Rosa [&hellip;]<\/p>\n","protected":false},"author":1,"featured_media":16018,"comment_status":"closed","ping_status":"closed","sticky":false,"template":"","format":"aside","meta":{"googlesitekit_rrm_CAowytPeCw:productID":"","footnotes":""},"categories":[3],"tags":[6385,320],"class_list":["post-16017","post","type-post","status-publish","format-aside","has-post-thumbnail","hentry","category-nacional","tag-ali-jasel","tag-feminicidio","post_format-post-format-aside"],"yoast_head":"<!-- This site is optimized with the Yoast SEO plugin v27.5 - https:\/\/yoast.com\/product\/yoast-seo-wordpress\/ -->\n<title>Feminicida de la doctora Ali Jasel Su\u00e1rez era trabajador del IMSS y su vecino |<\/title>\n<meta name=\"robots\" content=\"index, follow, max-snippet:-1, max-image-preview:large, max-video-preview:-1\" \/>\n<link rel=\"canonical\" href=\"https:\/\/conexionnacional.mx\/index.php\/2023\/09\/26\/feminicida-de-la-doctora-ali-jasel-suarez-era-trabajador-del-imss-y-su-vecino\/\" \/>\n<meta property=\"og:locale\" content=\"es_MX\" \/>\n<meta property=\"og:type\" content=\"article\" \/>\n<meta property=\"og:title\" content=\"Feminicida de la doctora Ali Jasel Su\u00e1rez era trabajador del IMSS y su vecino |\" \/>\n<meta property=\"og:description\" content=\"El presunto responsable del feminicidio y violaci\u00f3n de la doctora Ali Jasel Su\u00e1rez Reyes, perpetrado el 18 de septiembre en Los Cabos, laboraba en el Hospital del IMSS de San Jos\u00e9 del Cabo y era vecino de la m\u00e9dica. El titular de la Procuradur\u00eda General de Justicia de Baja California Sur (PGJE),&nbsp;Daniel De la Rosa [&hellip;]\" \/>\n<meta property=\"og:url\" content=\"https:\/\/conexionnacional.mx\/index.php\/2023\/09\/26\/feminicida-de-la-doctora-ali-jasel-suarez-era-trabajador-del-imss-y-su-vecino\/\" \/>\n<meta property=\"og:site_name\" content=\"Conexi\u00f3n Nacional\" \/>\n<meta property=\"article:publisher\" content=\"https:\/\/www.facebook.com\/cnmxradio\" \/>\n<meta property=\"article:published_time\" content=\"2023-09-26T20:45:23+00:00\" \/>\n<meta property=\"og:image\" content=\"https:\/\/conexionnacional.mx\/wp-content\/uploads\/2023\/09\/Ali-Jasel.jpg\" \/>\n\t<meta property=\"og:image:width\" content=\"1100\" \/>\n\t<meta property=\"og:image:height\" content=\"666\" \/>\n\t<meta property=\"og:image:type\" content=\"image\/jpeg\" \/>\n<meta name=\"author\" content=\"Conexi\u00f3n Nacional\" \/>\n<meta name=\"twitter:card\" content=\"summary_large_image\" \/>\n<meta name=\"twitter:label1\" content=\"Escrito por\" \/>\n\t<meta name=\"twitter:data1\" content=\"Conexi\u00f3n Nacional\" \/>\n\t<meta name=\"twitter:label2\" content=\"Tiempo de lectura\" \/>\n\t<meta name=\"twitter:data2\" content=\"3 minutos\" \/>\n<script type=\"application\/ld+json\" class=\"yoast-schema-graph\">{\"@context\":\"https:\\\/\\\/schema.org\",\"@graph\":[{\"@type\":\"Article\",\"@id\":\"https:\\\/\\\/conexionnacional.mx\\\/index.php\\\/2023\\\/09\\\/26\\\/feminicida-de-la-doctora-ali-jasel-suarez-era-trabajador-del-imss-y-su-vecino\\\/#article\",\"isPartOf\":{\"@id\":\"https:\\\/\\\/conexionnacional.mx\\\/index.php\\\/2023\\\/09\\\/26\\\/feminicida-de-la-doctora-ali-jasel-suarez-era-trabajador-del-imss-y-su-vecino\\\/\"},\"author\":{\"name\":\"Conexi\u00f3n Nacional\",\"@id\":\"https:\\\/\\\/conexionnacional.mx\\\/#\\\/schema\\\/person\\\/dd14aeda902120f5e0e021903fdb6931\"},\"headline\":\"Feminicida de la doctora Ali Jasel Su\u00e1rez era trabajador del IMSS y su vecino\",\"datePublished\":\"2023-09-26T20:45:23+00:00\",\"mainEntityOfPage\":{\"@id\":\"https:\\\/\\\/conexionnacional.mx\\\/index.php\\\/2023\\\/09\\\/26\\\/feminicida-de-la-doctora-ali-jasel-suarez-era-trabajador-del-imss-y-su-vecino\\\/\"},\"wordCount\":615,\"publisher\":{\"@id\":\"https:\\\/\\\/conexionnacional.mx\\\/#organization\"},\"image\":{\"@id\":\"https:\\\/\\\/conexionnacional.mx\\\/index.php\\\/2023\\\/09\\\/26\\\/feminicida-de-la-doctora-ali-jasel-suarez-era-trabajador-del-imss-y-su-vecino\\\/#primaryimage\"},\"thumbnailUrl\":\"https:\\\/\\\/conexionnacional.mx\\\/wp-content\\\/uploads\\\/2023\\\/09\\\/Ali-Jasel.jpg\",\"keywords\":[\"Ali Jasel\",\"feminicidio\"],\"articleSection\":[\"Nacional\"],\"inLanguage\":\"es\"},{\"@type\":\"WebPage\",\"@id\":\"https:\\\/\\\/conexionnacional.mx\\\/index.php\\\/2023\\\/09\\\/26\\\/feminicida-de-la-doctora-ali-jasel-suarez-era-trabajador-del-imss-y-su-vecino\\\/\",\"url\":\"https:\\\/\\\/conexionnacional.mx\\\/index.php\\\/2023\\\/09\\\/26\\\/feminicida-de-la-doctora-ali-jasel-suarez-era-trabajador-del-imss-y-su-vecino\\\/\",\"name\":\"Feminicida de la doctora Ali Jasel Su\u00e1rez era trabajador del IMSS y su vecino |\",\"isPartOf\":{\"@id\":\"https:\\\/\\\/conexionnacional.mx\\\/#website\"},\"primaryImageOfPage\":{\"@id\":\"https:\\\/\\\/conexionnacional.mx\\\/index.php\\\/2023\\\/09\\\/26\\\/feminicida-de-la-doctora-ali-jasel-suarez-era-trabajador-del-imss-y-su-vecino\\\/#primaryimage\"},\"image\":{\"@id\":\"https:\\\/\\\/conexionnacional.mx\\\/index.php\\\/2023\\\/09\\\/26\\\/feminicida-de-la-doctora-ali-jasel-suarez-era-trabajador-del-imss-y-su-vecino\\\/#primaryimage\"},\"thumbnailUrl\":\"https:\\\/\\\/conexionnacional.mx\\\/wp-content\\\/uploads\\\/2023\\\/09\\\/Ali-Jasel.jpg\",\"datePublished\":\"2023-09-26T20:45:23+00:00\",\"breadcrumb\":{\"@id\":\"https:\\\/\\\/conexionnacional.mx\\\/index.php\\\/2023\\\/09\\\/26\\\/feminicida-de-la-doctora-ali-jasel-suarez-era-trabajador-del-imss-y-su-vecino\\\/#breadcrumb\"},\"inLanguage\":\"es\",\"potentialAction\":[{\"@type\":\"ReadAction\",\"target\":[\"https:\\\/\\\/conexionnacional.mx\\\/index.php\\\/2023\\\/09\\\/26\\\/feminicida-de-la-doctora-ali-jasel-suarez-era-trabajador-del-imss-y-su-vecino\\\/\"]}]},{\"@type\":\"ImageObject\",\"inLanguage\":\"es\",\"@id\":\"https:\\\/\\\/conexionnacional.mx\\\/index.php\\\/2023\\\/09\\\/26\\\/feminicida-de-la-doctora-ali-jasel-suarez-era-trabajador-del-imss-y-su-vecino\\\/#primaryimage\",\"url\":\"https:\\\/\\\/conexionnacional.mx\\\/wp-content\\\/uploads\\\/2023\\\/09\\\/Ali-Jasel.jpg\",\"contentUrl\":\"https:\\\/\\\/conexionnacional.mx\\\/wp-content\\\/uploads\\\/2023\\\/09\\\/Ali-Jasel.jpg\",\"width\":1100,\"height\":666},{\"@type\":\"BreadcrumbList\",\"@id\":\"https:\\\/\\\/conexionnacional.mx\\\/index.php\\\/2023\\\/09\\\/26\\\/feminicida-de-la-doctora-ali-jasel-suarez-era-trabajador-del-imss-y-su-vecino\\\/#breadcrumb\",\"itemListElement\":[{\"@type\":\"ListItem\",\"position\":1,\"name\":\"Inicio\",\"item\":\"https:\\\/\\\/conexionnacional.mx\\\/\"},{\"@type\":\"ListItem\",\"position\":2,\"name\":\"Feminicida de la doctora Ali Jasel Su\u00e1rez era trabajador del IMSS y su vecino\"}]},{\"@type\":\"WebSite\",\"@id\":\"https:\\\/\\\/conexionnacional.mx\\\/#website\",\"url\":\"https:\\\/\\\/conexionnacional.mx\\\/\",\"name\":\"Conexi\u00f3n Nacional\",\"description\":\"Noticias al momento\",\"publisher\":{\"@id\":\"https:\\\/\\\/conexionnacional.mx\\\/#organization\"},\"alternateName\":\"Noticias nacionales\",\"potentialAction\":[{\"@type\":\"SearchAction\",\"target\":{\"@type\":\"EntryPoint\",\"urlTemplate\":\"https:\\\/\\\/conexionnacional.mx\\\/?s={search_term_string}\"},\"query-input\":{\"@type\":\"PropertyValueSpecification\",\"valueRequired\":true,\"valueName\":\"search_term_string\"}}],\"inLanguage\":\"es\"},{\"@type\":\"Organization\",\"@id\":\"https:\\\/\\\/conexionnacional.mx\\\/#organization\",\"name\":\"Conexi\u00f3n Nacional\",\"url\":\"https:\\\/\\\/conexionnacional.mx\\\/\",\"logo\":{\"@type\":\"ImageObject\",\"inLanguage\":\"es\",\"@id\":\"https:\\\/\\\/conexionnacional.mx\\\/#\\\/schema\\\/logo\\\/image\\\/\",\"url\":\"https:\\\/\\\/conexionnacional.mx\\\/wp-content\\\/uploads\\\/2022\\\/09\\\/conexion_nacional.png\",\"contentUrl\":\"https:\\\/\\\/conexionnacional.mx\\\/wp-content\\\/uploads\\\/2022\\\/09\\\/conexion_nacional.png\",\"width\":2964,\"height\":1173,\"caption\":\"Conexi\u00f3n Nacional\"},\"image\":{\"@id\":\"https:\\\/\\\/conexionnacional.mx\\\/#\\\/schema\\\/logo\\\/image\\\/\"},\"sameAs\":[\"https:\\\/\\\/www.facebook.com\\\/cnmxradio\"]},{\"@type\":\"Person\",\"@id\":\"https:\\\/\\\/conexionnacional.mx\\\/#\\\/schema\\\/person\\\/dd14aeda902120f5e0e021903fdb6931\",\"name\":\"Conexi\u00f3n Nacional\",\"image\":{\"@type\":\"ImageObject\",\"inLanguage\":\"es\",\"@id\":\"https:\\\/\\\/secure.gravatar.com\\\/avatar\\\/e523100f284110b2ecca7e17b2be9cf140a5e8f35294c9ec0543e6916cc1f9be?s=96&d=blank&r=g\",\"url\":\"https:\\\/\\\/secure.gravatar.com\\\/avatar\\\/e523100f284110b2ecca7e17b2be9cf140a5e8f35294c9ec0543e6916cc1f9be?s=96&d=blank&r=g\",\"contentUrl\":\"https:\\\/\\\/secure.gravatar.com\\\/avatar\\\/e523100f284110b2ecca7e17b2be9cf140a5e8f35294c9ec0543e6916cc1f9be?s=96&d=blank&r=g\",\"caption\":\"Conexi\u00f3n Nacional\"},\"sameAs\":[\"https:\\\/\\\/conexionnacional.mx\"],\"url\":\"https:\\\/\\\/conexionnacional.mx\\\/index.php\\\/author\\\/administrador\\\/\"}]}<\/script>\n<!-- \/ Yoast SEO plugin. -->","yoast_head_json":{"title":"Feminicida de la doctora Ali Jasel Su\u00e1rez era trabajador del IMSS y su vecino |","robots":{"index":"index","follow":"follow","max-snippet":"max-snippet:-1","max-image-preview":"max-image-preview:large","max-video-preview":"max-video-preview:-1"},"canonical":"https:\/\/conexionnacional.mx\/index.php\/2023\/09\/26\/feminicida-de-la-doctora-ali-jasel-suarez-era-trabajador-del-imss-y-su-vecino\/","og_locale":"es_MX","og_type":"article","og_title":"Feminicida de la doctora Ali Jasel Su\u00e1rez era trabajador del IMSS y su vecino |","og_description":"El presunto responsable del feminicidio y violaci\u00f3n de la doctora Ali Jasel Su\u00e1rez Reyes, perpetrado el 18 de septiembre en Los Cabos, laboraba en el Hospital del IMSS de San Jos\u00e9 del Cabo y era vecino de la m\u00e9dica. El titular de la Procuradur\u00eda General de Justicia de Baja California Sur (PGJE),&nbsp;Daniel De la Rosa [&hellip;]","og_url":"https:\/\/conexionnacional.mx\/index.php\/2023\/09\/26\/feminicida-de-la-doctora-ali-jasel-suarez-era-trabajador-del-imss-y-su-vecino\/","og_site_name":"Conexi\u00f3n Nacional","article_publisher":"https:\/\/www.facebook.com\/cnmxradio","article_published_time":"2023-09-26T20:45:23+00:00","og_image":[{"width":1100,"height":666,"url":"https:\/\/conexionnacional.mx\/wp-content\/uploads\/2023\/09\/Ali-Jasel.jpg","type":"image\/jpeg"}],"author":"Conexi\u00f3n Nacional","twitter_card":"summary_large_image","twitter_misc":{"Escrito por":"Conexi\u00f3n Nacional","Tiempo de lectura":"3 minutos"},"schema":{"@context":"https:\/\/schema.org","@graph":[{"@type":"Article","@id":"https:\/\/conexionnacional.mx\/index.php\/2023\/09\/26\/feminicida-de-la-doctora-ali-jasel-suarez-era-trabajador-del-imss-y-su-vecino\/#article","isPartOf":{"@id":"https:\/\/conexionnacional.mx\/index.php\/2023\/09\/26\/feminicida-de-la-doctora-ali-jasel-suarez-era-trabajador-del-imss-y-su-vecino\/"},"author":{"name":"Conexi\u00f3n Nacional","@id":"https:\/\/conexionnacional.mx\/#\/schema\/person\/dd14aeda902120f5e0e021903fdb6931"},"headline":"Feminicida de la doctora Ali Jasel Su\u00e1rez era trabajador del IMSS y su vecino","datePublished":"2023-09-26T20:45:23+00:00","mainEntityOfPage":{"@id":"https:\/\/conexionnacional.mx\/index.php\/2023\/09\/26\/feminicida-de-la-doctora-ali-jasel-suarez-era-trabajador-del-imss-y-su-vecino\/"},"wordCount":615,"publisher":{"@id":"https:\/\/conexionnacional.mx\/#organization"},"image":{"@id":"https:\/\/conexionnacional.mx\/index.php\/2023\/09\/26\/feminicida-de-la-doctora-ali-jasel-suarez-era-trabajador-del-imss-y-su-vecino\/#primaryimage"},"thumbnailUrl":"https:\/\/conexionnacional.mx\/wp-content\/uploads\/2023\/09\/Ali-Jasel.jpg","keywords":["Ali Jasel","feminicidio"],"articleSection":["Nacional"],"inLanguage":"es"},{"@type":"WebPage","@id":"https:\/\/conexionnacional.mx\/index.php\/2023\/09\/26\/feminicida-de-la-doctora-ali-jasel-suarez-era-trabajador-del-imss-y-su-vecino\/","url":"https:\/\/conexionnacional.mx\/index.php\/2023\/09\/26\/feminicida-de-la-doctora-ali-jasel-suarez-era-trabajador-del-imss-y-su-vecino\/","name":"Feminicida de la doctora Ali Jasel Su\u00e1rez era trabajador del IMSS y su vecino |","isPartOf":{"@id":"https:\/\/conexionnacional.mx\/#website"},"primaryImageOfPage":{"@id":"https:\/\/conexionnacional.mx\/index.php\/2023\/09\/26\/feminicida-de-la-doctora-ali-jasel-suarez-era-trabajador-del-imss-y-su-vecino\/#primaryimage"},"image":{"@id":"https:\/\/conexionnacional.mx\/index.php\/2023\/09\/26\/feminicida-de-la-doctora-ali-jasel-suarez-era-trabajador-del-imss-y-su-vecino\/#primaryimage"},"thumbnailUrl":"https:\/\/conexionnacional.mx\/wp-content\/uploads\/2023\/09\/Ali-Jasel.jpg","datePublished":"2023-09-26T20:45:23+00:00","breadcrumb":{"@id":"https:\/\/conexionnacional.mx\/index.php\/2023\/09\/26\/feminicida-de-la-doctora-ali-jasel-suarez-era-trabajador-del-imss-y-su-vecino\/#breadcrumb"},"inLanguage":"es","potentialAction":[{"@type":"ReadAction","target":["https:\/\/conexionnacional.mx\/index.php\/2023\/09\/26\/feminicida-de-la-doctora-ali-jasel-suarez-era-trabajador-del-imss-y-su-vecino\/"]}]},{"@type":"ImageObject","inLanguage":"es","@id":"https:\/\/conexionnacional.mx\/index.php\/2023\/09\/26\/feminicida-de-la-doctora-ali-jasel-suarez-era-trabajador-del-imss-y-su-vecino\/#primaryimage","url":"https:\/\/conexionnacional.mx\/wp-content\/uploads\/2023\/09\/Ali-Jasel.jpg","contentUrl":"https:\/\/conexionnacional.mx\/wp-content\/uploads\/2023\/09\/Ali-Jasel.jpg","width":1100,"height":666},{"@type":"BreadcrumbList","@id":"https:\/\/conexionnacional.mx\/index.php\/2023\/09\/26\/feminicida-de-la-doctora-ali-jasel-suarez-era-trabajador-del-imss-y-su-vecino\/#breadcrumb","itemListElement":[{"@type":"ListItem","position":1,"name":"Inicio","item":"https:\/\/conexionnacional.mx\/"},{"@type":"ListItem","position":2,"name":"Feminicida de la doctora Ali Jasel Su\u00e1rez era trabajador del IMSS y su vecino"}]},{"@type":"WebSite","@id":"https:\/\/conexionnacional.mx\/#website","url":"https:\/\/conexionnacional.mx\/","name":"Conexi\u00f3n Nacional","description":"Noticias al momento","publisher":{"@id":"https:\/\/conexionnacional.mx\/#organization"},"alternateName":"Noticias nacionales","potentialAction":[{"@type":"SearchAction","target":{"@type":"EntryPoint","urlTemplate":"https:\/\/conexionnacional.mx\/?s={search_term_string}"},"query-input":{"@type":"PropertyValueSpecification","valueRequired":true,"valueName":"search_term_string"}}],"inLanguage":"es"},{"@type":"Organization","@id":"https:\/\/conexionnacional.mx\/#organization","name":"Conexi\u00f3n Nacional","url":"https:\/\/conexionnacional.mx\/","logo":{"@type":"ImageObject","inLanguage":"es","@id":"https:\/\/conexionnacional.mx\/#\/schema\/logo\/image\/","url":"https:\/\/conexionnacional.mx\/wp-content\/uploads\/2022\/09\/conexion_nacional.png","contentUrl":"https:\/\/conexionnacional.mx\/wp-content\/uploads\/2022\/09\/conexion_nacional.png","width":2964,"height":1173,"caption":"Conexi\u00f3n Nacional"},"image":{"@id":"https:\/\/conexionnacional.mx\/#\/schema\/logo\/image\/"},"sameAs":["https:\/\/www.facebook.com\/cnmxradio"]},{"@type":"Person","@id":"https:\/\/conexionnacional.mx\/#\/schema\/person\/dd14aeda902120f5e0e021903fdb6931","name":"Conexi\u00f3n Nacional","image":{"@type":"ImageObject","inLanguage":"es","@id":"https:\/\/secure.gravatar.com\/avatar\/e523100f284110b2ecca7e17b2be9cf140a5e8f35294c9ec0543e6916cc1f9be?s=96&d=blank&r=g","url":"https:\/\/secure.gravatar.com\/avatar\/e523100f284110b2ecca7e17b2be9cf140a5e8f35294c9ec0543e6916cc1f9be?s=96&d=blank&r=g","contentUrl":"https:\/\/secure.gravatar.com\/avatar\/e523100f284110b2ecca7e17b2be9cf140a5e8f35294c9ec0543e6916cc1f9be?s=96&d=blank&r=g","caption":"Conexi\u00f3n Nacional"},"sameAs":["https:\/\/conexionnacional.mx"],"url":"https:\/\/conexionnacional.mx\/index.php\/author\/administrador\/"}]}},"_links":{"self":[{"href":"https:\/\/conexionnacional.mx\/index.php\/wp-json\/wp\/v2\/posts\/16017","targetHints":{"allow":["GET"]}}],"collection":[{"href":"https:\/\/conexionnacional.mx\/index.php\/wp-json\/wp\/v2\/posts"}],"about":[{"href":"https:\/\/conexionnacional.mx\/index.php\/wp-json\/wp\/v2\/types\/post"}],"author":[{"embeddable":true,"href":"https:\/\/conexionnacional.mx\/index.php\/wp-json\/wp\/v2\/users\/1"}],"replies":[{"embeddable":true,"href":"https:\/\/conexionnacional.mx\/index.php\/wp-json\/wp\/v2\/comments?post=16017"}],"version-history":[{"count":1,"href":"https:\/\/conexionnacional.mx\/index.php\/wp-json\/wp\/v2\/posts\/16017\/revisions"}],"predecessor-version":[{"id":16019,"href":"https:\/\/conexionnacional.mx\/index.php\/wp-json\/wp\/v2\/posts\/16017\/revisions\/16019"}],"wp:featuredmedia":[{"embeddable":true,"href":"https:\/\/conexionnacional.mx\/index.php\/wp-json\/wp\/v2\/media\/16018"}],"wp:attachment":[{"href":"https:\/\/conexionnacional.mx\/index.php\/wp-json\/wp\/v2\/media?parent=16017"}],"wp:term":[{"taxonomy":"category","embeddable":true,"href":"https:\/\/conexionnacional.mx\/index.php\/wp-json\/wp\/v2\/categories?post=16017"},{"taxonomy":"post_tag","embeddable":true,"href":"https:\/\/conexionnacional.mx\/index.php\/wp-json\/wp\/v2\/tags?post=16017"}],"curies":[{"name":"wp","href":"https:\/\/api.w.org\/{rel}","templated":true}]}}