{"id":16013,"date":"2023-09-26T13:54:31","date_gmt":"2023-09-26T19:54:31","guid":{"rendered":"https:\/\/conexionnacional.mx\/?p=16013"},"modified":"2023-09-26T13:54:32","modified_gmt":"2023-09-26T19:54:32","slug":"amlo-anuncia-que-se-publicaran-informe-audios-y-relatoria-sobre-caso-ayotzinapa","status":"publish","type":"post","link":"https:\/\/conexionnacional.mx\/index.php\/2023\/09\/26\/amlo-anuncia-que-se-publicaran-informe-audios-y-relatoria-sobre-caso-ayotzinapa\/","title":{"rendered":"AMLO Anuncia que se Publicar\u00e1n Informe, Audios y Relator\u00eda Sobre Caso Ayotzinapa"},"content":{"rendered":"\n<p>El presidente de M\u00e9xico, Andr\u00e9s Manuel L\u00f3pez Obrador (AMLO), anunci\u00f3 que hoy 26 de septiembre de 2023 se publicar\u00e1n el informe sobre la desaparici\u00f3n de los normalistas de\u00a0<strong>Ayotzinapa\u00a0<\/strong>elaborado por\u00a0la Secretar\u00eda de la Defensa Nacional (Sedena), las grabaciones o textos que entreg\u00f3 el Gobierno de\u00a0<strong>Estados Unidos<\/strong>, y una relator\u00eda del trabajo de la Fiscal\u00eda Especial por el caso.<\/p>\n\n\n\n<p>\u201cHoy vamos a entregar, porque ellos (los padres de los normalistas) no quisieron recibir el informe ayer. Nosotros queremos que conozca el informe, porque me entregaron un escrito pidi\u00e9ndome informaci\u00f3n, sobre todo de documentos que supuestamente el\u00a0<strong>Ej\u00e9rcito\u00a0<\/strong>no ha entregado\u201d, se\u00f1al\u00f3\u00a0<strong>L\u00f3pez Obrador\u00a0<\/strong>en la\u00a0conferencia ma\u00f1anera de hoy.<\/p>\n\n\n\n<figure class=\"wp-block-image\"><img decoding=\"async\" src=\"data:image\/gif;base64,R0lGODlhAQABAAAAACH5BAEKAAEALAAAAAABAAEAAAICTAEAOw==\" data-src=\"https:\/\/video-assets.nmas.com.mx\/1030572\/snapshot-1024x576.webp?v=1695746931\" class=\"lazyload\" alt=\"AMLO Anuncia Informe P\u00fablico de Sedena sobre Caso Ayotzinapa\"\/><\/figure>\n\n\n\n<p>El presidente mencion\u00f3 que pidi\u00f3 al secretario de la Defensa Nacional, Luis Cresencio Sandoval \u201cun&nbsp;<strong>informe detallado<\/strong>\u201d sobre el&nbsp;<strong>caso Ayotzinapa<\/strong>.<\/p>\n\n\n\n<p>Sus declaraciones se producen en el\u00a0<strong>noveno aniversario<\/strong>\u00a0de la desaparici\u00f3n de los 43 estudiantes, el 26 de septiembre de 2014, en Guerrero, un hecho que la Comisi\u00f3n de la Verdad del Gobierno calific\u00f3 el a\u00f1o pasado de\u00a0<strong>&#8220;crimen de Estado&#8221;<\/strong>\u00a0con participaci\u00f3n de autoridades, incluyendo militares.<\/p>\n\n\n\n<p>Los padres de los desaparecidos acusaron el lunes al presidente, en una reuni\u00f3n con la Secretar\u00eda de Gobernaci\u00f3n (Segob), de&nbsp;<strong>encubrir al Ej\u00e9rcito<\/strong>, que no ha entregado toda la informaci\u00f3n del caso, como denunci\u00f3 tambi\u00e9n en julio el Grupo Interdisciplinario de Expertos Independientes (GIEI).<\/p>\n\n\n\n<blockquote class=\"wp-block-quote is-layout-flow wp-block-quote-is-layout-flow\">\n<p>Es la (informaci\u00f3n) que tenemos hasta ahora, no hay m\u00e1s, si ellos consideran que existe informaci\u00f3n que estamos ocultando, yo les digo: no es cierto. As\u00ed de claro.<\/p>\n<\/blockquote>\n\n\n\n<p><strong>L\u00f3pez Obrador&nbsp;<\/strong>atribuy\u00f3 a la &#8220;desesperaci\u00f3n&#8221; y a la &#8220;mala informaci\u00f3n de los abogados y asesores&#8221; de los padres su insistencia de cuestionar a las Fuerzas Armadas.<\/p>\n\n\n\n<blockquote class=\"wp-block-quote is-layout-flow wp-block-quote-is-layout-flow\">\n<p>Podemos lograr lo m\u00e1s importante, encontrar a los muchachos, porque ahora todo parece estar enfocado a culpar al Ej\u00e9rcito de que no ha dado informaci\u00f3n, cuando lo que tenemos que tener como prioridad es encontrar a los muchachos.<\/p>\n<\/blockquote>\n\n\n\n<figure class=\"wp-block-image\"><img decoding=\"async\" src=\"data:image\/gif;base64,R0lGODlhAQABAAAAACH5BAEKAAEALAAAAAABAAEAAAICTAEAOw==\" data-src=\"https:\/\/video-assets.nmas.com.mx\/1030442\/snapshot-1024x576.webp?v=1695735123\" alt=\" class=\"lazyload\" Caso Ayotzinapa: Esto se Sabe a 9 A\u00f1os de la Desaparici\u00f3n de los Normalistas\"\/><\/figure>\n\n\n\n<p>&#8220;Y la informaci\u00f3n que ya se tiene y la que podemos obtener en estos tiempos nos pueden conducir a eso.&nbsp;<strong>No es nada m\u00e1s culpar por culpar<\/strong>, no es nada m\u00e1s &#8216;fue el Estado o fue el Ej\u00e9rcito&#8217;, no. Vamos a conocer la verdad, lo que sucedi\u00f3, yo no voy a mentir ni vamos a fabricar algo que no sea cierto\u201d, agreg\u00f3.<\/p>\n\n\n\n<p>Sobre la declaraci\u00f3n del abogado de los padres de los normalistas, Vidulfo Rosales, de que la informaci\u00f3n proporcionada por Gobierno \u201cfue algo muy\u00a0similar a la llamada\u00a0<strong>\u2018verdad hist\u00f3rica\u2019<\/strong>\u201d,\u00a0<strong>L\u00f3pez Obrador\u00a0<\/strong>dijo que respeta su punto de vista, pero no la comparte, pues cree que \u201cexager\u00f3 o se confundi\u00f3, porque nosotros tenemos principios, tenemos ideales y hablamos con la verdad\u201d.\u00a0<\/p>\n\n\n\n<p><strong>L\u00f3pez Obrador&nbsp;<\/strong>reconoci\u00f3 que tiene diferencias con los&nbsp;<strong>padres de los normalistas<\/strong>, porque \u201cellos insisten de que el Ej\u00e9rcito no est\u00e1 cooperando, que quiere que no se sepan los hechos, yo no estoy de acuerdo con eso, porque el Ej\u00e9rcito ha entregado toda la informaci\u00f3n que tiene y ha ayudado mucho a esclarecer este lamentable caso de Ayotzinapa\u201d.&nbsp;<\/p>\n\n\n\n<p>Las familias y activistas&nbsp;<strong>marchar\u00e1n hoy<\/strong>&nbsp;a las 16:00 horas en Ciudad de M\u00e9xico (CDMX), donde el Gobierno coloc\u00f3&nbsp;<strong>vallas met\u00e1licas<\/strong>&nbsp;para proteger el Palacio Nacional del presidente, quien reiter\u00f3 su promesa de resolver el caso antes del fin de su mandato, en octubre de 2024.<\/p>\n","protected":false},"excerpt":{"rendered":"<p>El presidente de M\u00e9xico, Andr\u00e9s Manuel L\u00f3pez Obrador (AMLO), anunci\u00f3 que hoy 26 de septiembre de 2023 se publicar\u00e1n el informe sobre la desaparici\u00f3n de los normalistas de\u00a0Ayotzinapa\u00a0elaborado por\u00a0la Secretar\u00eda de la Defensa Nacional (Sedena), las grabaciones o textos que entreg\u00f3 el Gobierno de\u00a0Estados Unidos, y una relator\u00eda del trabajo de la Fiscal\u00eda Especial por [&hellip;]<\/p>\n","protected":false},"author":1,"featured_media":16014,"comment_status":"closed","ping_status":"closed","sticky":false,"template":"","format":"aside","meta":{"googlesitekit_rrm_CAowytPeCw:productID":"","footnotes":""},"categories":[3],"tags":[7,6384],"class_list":["post-16013","post","type-post","status-publish","format-aside","has-post-thumbnail","hentry","category-nacional","tag-amlo","tag-caso-ayotzinapa","post_format-post-format-aside"],"yoast_head":"<!-- This site is optimized with the Yoast SEO plugin v27.5 - https:\/\/yoast.com\/product\/yoast-seo-wordpress\/ -->\n<title>AMLO Anuncia que se Publicar\u00e1n Informe, Audios y Relator\u00eda Sobre Caso Ayotzinapa |<\/title>\n<meta name=\"robots\" content=\"index, follow, max-snippet:-1, max-image-preview:large, max-video-preview:-1\" \/>\n<link rel=\"canonical\" href=\"https:\/\/conexionnacional.mx\/index.php\/2023\/09\/26\/amlo-anuncia-que-se-publicaran-informe-audios-y-relatoria-sobre-caso-ayotzinapa\/\" \/>\n<meta property=\"og:locale\" content=\"es_MX\" \/>\n<meta property=\"og:type\" content=\"article\" \/>\n<meta property=\"og:title\" content=\"AMLO Anuncia que se Publicar\u00e1n Informe, Audios y Relator\u00eda Sobre Caso Ayotzinapa |\" \/>\n<meta property=\"og:description\" content=\"El presidente de M\u00e9xico, Andr\u00e9s Manuel L\u00f3pez Obrador (AMLO), anunci\u00f3 que hoy 26 de septiembre de 2023 se publicar\u00e1n el informe sobre la desaparici\u00f3n de los normalistas de\u00a0Ayotzinapa\u00a0elaborado por\u00a0la Secretar\u00eda de la Defensa Nacional (Sedena), las grabaciones o textos que entreg\u00f3 el Gobierno de\u00a0Estados Unidos, y una relator\u00eda del trabajo de la Fiscal\u00eda Especial por [&hellip;]\" \/>\n<meta property=\"og:url\" content=\"https:\/\/conexionnacional.mx\/index.php\/2023\/09\/26\/amlo-anuncia-que-se-publicaran-informe-audios-y-relatoria-sobre-caso-ayotzinapa\/\" \/>\n<meta property=\"og:site_name\" content=\"Conexi\u00f3n Nacional\" \/>\n<meta property=\"article:publisher\" content=\"https:\/\/www.facebook.com\/cnmxradio\" \/>\n<meta property=\"article:published_time\" content=\"2023-09-26T19:54:31+00:00\" \/>\n<meta property=\"article:modified_time\" content=\"2023-09-26T19:54:32+00:00\" \/>\n<meta property=\"og:image\" content=\"https:\/\/conexionnacional.mx\/wp-content\/uploads\/2023\/09\/amlo-ayotzinapa-informe.webp\" \/>\n\t<meta property=\"og:image:width\" content=\"734\" \/>\n\t<meta property=\"og:image:height\" content=\"413\" \/>\n\t<meta property=\"og:image:type\" content=\"image\/webp\" \/>\n<meta name=\"author\" content=\"Conexi\u00f3n Nacional\" \/>\n<meta name=\"twitter:card\" content=\"summary_large_image\" \/>\n<meta name=\"twitter:label1\" content=\"Escrito por\" \/>\n\t<meta name=\"twitter:data1\" content=\"Conexi\u00f3n Nacional\" \/>\n\t<meta name=\"twitter:label2\" content=\"Tiempo de lectura\" \/>\n\t<meta name=\"twitter:data2\" content=\"3 minutos\" \/>\n<script type=\"application\/ld+json\" class=\"yoast-schema-graph\">{\"@context\":\"https:\\\/\\\/schema.org\",\"@graph\":[{\"@type\":\"Article\",\"@id\":\"https:\\\/\\\/conexionnacional.mx\\\/index.php\\\/2023\\\/09\\\/26\\\/amlo-anuncia-que-se-publicaran-informe-audios-y-relatoria-sobre-caso-ayotzinapa\\\/#article\",\"isPartOf\":{\"@id\":\"https:\\\/\\\/conexionnacional.mx\\\/index.php\\\/2023\\\/09\\\/26\\\/amlo-anuncia-que-se-publicaran-informe-audios-y-relatoria-sobre-caso-ayotzinapa\\\/\"},\"author\":{\"name\":\"Conexi\u00f3n Nacional\",\"@id\":\"https:\\\/\\\/conexionnacional.mx\\\/#\\\/schema\\\/person\\\/dd14aeda902120f5e0e021903fdb6931\"},\"headline\":\"AMLO Anuncia que se Publicar\u00e1n Informe, Audios y Relator\u00eda Sobre Caso Ayotzinapa\",\"datePublished\":\"2023-09-26T19:54:31+00:00\",\"dateModified\":\"2023-09-26T19:54:32+00:00\",\"mainEntityOfPage\":{\"@id\":\"https:\\\/\\\/conexionnacional.mx\\\/index.php\\\/2023\\\/09\\\/26\\\/amlo-anuncia-que-se-publicaran-informe-audios-y-relatoria-sobre-caso-ayotzinapa\\\/\"},\"wordCount\":609,\"publisher\":{\"@id\":\"https:\\\/\\\/conexionnacional.mx\\\/#organization\"},\"image\":{\"@id\":\"https:\\\/\\\/conexionnacional.mx\\\/index.php\\\/2023\\\/09\\\/26\\\/amlo-anuncia-que-se-publicaran-informe-audios-y-relatoria-sobre-caso-ayotzinapa\\\/#primaryimage\"},\"thumbnailUrl\":\"https:\\\/\\\/conexionnacional.mx\\\/wp-content\\\/uploads\\\/2023\\\/09\\\/amlo-ayotzinapa-informe.webp\",\"keywords\":[\"AMLO\",\"Caso Ayotzinapa\"],\"articleSection\":[\"Nacional\"],\"inLanguage\":\"es\"},{\"@type\":\"WebPage\",\"@id\":\"https:\\\/\\\/conexionnacional.mx\\\/index.php\\\/2023\\\/09\\\/26\\\/amlo-anuncia-que-se-publicaran-informe-audios-y-relatoria-sobre-caso-ayotzinapa\\\/\",\"url\":\"https:\\\/\\\/conexionnacional.mx\\\/index.php\\\/2023\\\/09\\\/26\\\/amlo-anuncia-que-se-publicaran-informe-audios-y-relatoria-sobre-caso-ayotzinapa\\\/\",\"name\":\"AMLO Anuncia que se Publicar\u00e1n Informe, Audios y Relator\u00eda Sobre Caso Ayotzinapa |\",\"isPartOf\":{\"@id\":\"https:\\\/\\\/conexionnacional.mx\\\/#website\"},\"primaryImageOfPage\":{\"@id\":\"https:\\\/\\\/conexionnacional.mx\\\/index.php\\\/2023\\\/09\\\/26\\\/amlo-anuncia-que-se-publicaran-informe-audios-y-relatoria-sobre-caso-ayotzinapa\\\/#primaryimage\"},\"image\":{\"@id\":\"https:\\\/\\\/conexionnacional.mx\\\/index.php\\\/2023\\\/09\\\/26\\\/amlo-anuncia-que-se-publicaran-informe-audios-y-relatoria-sobre-caso-ayotzinapa\\\/#primaryimage\"},\"thumbnailUrl\":\"https:\\\/\\\/conexionnacional.mx\\\/wp-content\\\/uploads\\\/2023\\\/09\\\/amlo-ayotzinapa-informe.webp\",\"datePublished\":\"2023-09-26T19:54:31+00:00\",\"dateModified\":\"2023-09-26T19:54:32+00:00\",\"breadcrumb\":{\"@id\":\"https:\\\/\\\/conexionnacional.mx\\\/index.php\\\/2023\\\/09\\\/26\\\/amlo-anuncia-que-se-publicaran-informe-audios-y-relatoria-sobre-caso-ayotzinapa\\\/#breadcrumb\"},\"inLanguage\":\"es\",\"potentialAction\":[{\"@type\":\"ReadAction\",\"target\":[\"https:\\\/\\\/conexionnacional.mx\\\/index.php\\\/2023\\\/09\\\/26\\\/amlo-anuncia-que-se-publicaran-informe-audios-y-relatoria-sobre-caso-ayotzinapa\\\/\"]}]},{\"@type\":\"ImageObject\",\"inLanguage\":\"es\",\"@id\":\"https:\\\/\\\/conexionnacional.mx\\\/index.php\\\/2023\\\/09\\\/26\\\/amlo-anuncia-que-se-publicaran-informe-audios-y-relatoria-sobre-caso-ayotzinapa\\\/#primaryimage\",\"url\":\"https:\\\/\\\/conexionnacional.mx\\\/wp-content\\\/uploads\\\/2023\\\/09\\\/amlo-ayotzinapa-informe.webp\",\"contentUrl\":\"https:\\\/\\\/conexionnacional.mx\\\/wp-content\\\/uploads\\\/2023\\\/09\\\/amlo-ayotzinapa-informe.webp\",\"width\":734,\"height\":413},{\"@type\":\"BreadcrumbList\",\"@id\":\"https:\\\/\\\/conexionnacional.mx\\\/index.php\\\/2023\\\/09\\\/26\\\/amlo-anuncia-que-se-publicaran-informe-audios-y-relatoria-sobre-caso-ayotzinapa\\\/#breadcrumb\",\"itemListElement\":[{\"@type\":\"ListItem\",\"position\":1,\"name\":\"Inicio\",\"item\":\"https:\\\/\\\/conexionnacional.mx\\\/\"},{\"@type\":\"ListItem\",\"position\":2,\"name\":\"AMLO Anuncia que se Publicar\u00e1n Informe, Audios y Relator\u00eda Sobre Caso Ayotzinapa\"}]},{\"@type\":\"WebSite\",\"@id\":\"https:\\\/\\\/conexionnacional.mx\\\/#website\",\"url\":\"https:\\\/\\\/conexionnacional.mx\\\/\",\"name\":\"Conexi\u00f3n Nacional\",\"description\":\"Noticias al momento\",\"publisher\":{\"@id\":\"https:\\\/\\\/conexionnacional.mx\\\/#organization\"},\"alternateName\":\"Noticias nacionales\",\"potentialAction\":[{\"@type\":\"SearchAction\",\"target\":{\"@type\":\"EntryPoint\",\"urlTemplate\":\"https:\\\/\\\/conexionnacional.mx\\\/?s={search_term_string}\"},\"query-input\":{\"@type\":\"PropertyValueSpecification\",\"valueRequired\":true,\"valueName\":\"search_term_string\"}}],\"inLanguage\":\"es\"},{\"@type\":\"Organization\",\"@id\":\"https:\\\/\\\/conexionnacional.mx\\\/#organization\",\"name\":\"Conexi\u00f3n Nacional\",\"url\":\"https:\\\/\\\/conexionnacional.mx\\\/\",\"logo\":{\"@type\":\"ImageObject\",\"inLanguage\":\"es\",\"@id\":\"https:\\\/\\\/conexionnacional.mx\\\/#\\\/schema\\\/logo\\\/image\\\/\",\"url\":\"https:\\\/\\\/conexionnacional.mx\\\/wp-content\\\/uploads\\\/2022\\\/09\\\/conexion_nacional.png\",\"contentUrl\":\"https:\\\/\\\/conexionnacional.mx\\\/wp-content\\\/uploads\\\/2022\\\/09\\\/conexion_nacional.png\",\"width\":2964,\"height\":1173,\"caption\":\"Conexi\u00f3n Nacional\"},\"image\":{\"@id\":\"https:\\\/\\\/conexionnacional.mx\\\/#\\\/schema\\\/logo\\\/image\\\/\"},\"sameAs\":[\"https:\\\/\\\/www.facebook.com\\\/cnmxradio\"]},{\"@type\":\"Person\",\"@id\":\"https:\\\/\\\/conexionnacional.mx\\\/#\\\/schema\\\/person\\\/dd14aeda902120f5e0e021903fdb6931\",\"name\":\"Conexi\u00f3n Nacional\",\"image\":{\"@type\":\"ImageObject\",\"inLanguage\":\"es\",\"@id\":\"https:\\\/\\\/secure.gravatar.com\\\/avatar\\\/e523100f284110b2ecca7e17b2be9cf140a5e8f35294c9ec0543e6916cc1f9be?s=96&d=blank&r=g\",\"url\":\"https:\\\/\\\/secure.gravatar.com\\\/avatar\\\/e523100f284110b2ecca7e17b2be9cf140a5e8f35294c9ec0543e6916cc1f9be?s=96&d=blank&r=g\",\"contentUrl\":\"https:\\\/\\\/secure.gravatar.com\\\/avatar\\\/e523100f284110b2ecca7e17b2be9cf140a5e8f35294c9ec0543e6916cc1f9be?s=96&d=blank&r=g\",\"caption\":\"Conexi\u00f3n Nacional\"},\"sameAs\":[\"https:\\\/\\\/conexionnacional.mx\"],\"url\":\"https:\\\/\\\/conexionnacional.mx\\\/index.php\\\/author\\\/administrador\\\/\"}]}<\/script>\n<!-- \/ Yoast SEO plugin. -->","yoast_head_json":{"title":"AMLO Anuncia que se Publicar\u00e1n Informe, Audios y Relator\u00eda Sobre Caso Ayotzinapa |","robots":{"index":"index","follow":"follow","max-snippet":"max-snippet:-1","max-image-preview":"max-image-preview:large","max-video-preview":"max-video-preview:-1"},"canonical":"https:\/\/conexionnacional.mx\/index.php\/2023\/09\/26\/amlo-anuncia-que-se-publicaran-informe-audios-y-relatoria-sobre-caso-ayotzinapa\/","og_locale":"es_MX","og_type":"article","og_title":"AMLO Anuncia que se Publicar\u00e1n Informe, Audios y Relator\u00eda Sobre Caso Ayotzinapa |","og_description":"El presidente de M\u00e9xico, Andr\u00e9s Manuel L\u00f3pez Obrador (AMLO), anunci\u00f3 que hoy 26 de septiembre de 2023 se publicar\u00e1n el informe sobre la desaparici\u00f3n de los normalistas de\u00a0Ayotzinapa\u00a0elaborado por\u00a0la Secretar\u00eda de la Defensa Nacional (Sedena), las grabaciones o textos que entreg\u00f3 el Gobierno de\u00a0Estados Unidos, y una relator\u00eda del trabajo de la Fiscal\u00eda Especial por [&hellip;]","og_url":"https:\/\/conexionnacional.mx\/index.php\/2023\/09\/26\/amlo-anuncia-que-se-publicaran-informe-audios-y-relatoria-sobre-caso-ayotzinapa\/","og_site_name":"Conexi\u00f3n Nacional","article_publisher":"https:\/\/www.facebook.com\/cnmxradio","article_published_time":"2023-09-26T19:54:31+00:00","article_modified_time":"2023-09-26T19:54:32+00:00","og_image":[{"width":734,"height":413,"url":"https:\/\/conexionnacional.mx\/wp-content\/uploads\/2023\/09\/amlo-ayotzinapa-informe.webp","type":"image\/webp"}],"author":"Conexi\u00f3n Nacional","twitter_card":"summary_large_image","twitter_misc":{"Escrito por":"Conexi\u00f3n Nacional","Tiempo de lectura":"3 minutos"},"schema":{"@context":"https:\/\/schema.org","@graph":[{"@type":"Article","@id":"https:\/\/conexionnacional.mx\/index.php\/2023\/09\/26\/amlo-anuncia-que-se-publicaran-informe-audios-y-relatoria-sobre-caso-ayotzinapa\/#article","isPartOf":{"@id":"https:\/\/conexionnacional.mx\/index.php\/2023\/09\/26\/amlo-anuncia-que-se-publicaran-informe-audios-y-relatoria-sobre-caso-ayotzinapa\/"},"author":{"name":"Conexi\u00f3n Nacional","@id":"https:\/\/conexionnacional.mx\/#\/schema\/person\/dd14aeda902120f5e0e021903fdb6931"},"headline":"AMLO Anuncia que se Publicar\u00e1n Informe, Audios y Relator\u00eda Sobre Caso Ayotzinapa","datePublished":"2023-09-26T19:54:31+00:00","dateModified":"2023-09-26T19:54:32+00:00","mainEntityOfPage":{"@id":"https:\/\/conexionnacional.mx\/index.php\/2023\/09\/26\/amlo-anuncia-que-se-publicaran-informe-audios-y-relatoria-sobre-caso-ayotzinapa\/"},"wordCount":609,"publisher":{"@id":"https:\/\/conexionnacional.mx\/#organization"},"image":{"@id":"https:\/\/conexionnacional.mx\/index.php\/2023\/09\/26\/amlo-anuncia-que-se-publicaran-informe-audios-y-relatoria-sobre-caso-ayotzinapa\/#primaryimage"},"thumbnailUrl":"https:\/\/conexionnacional.mx\/wp-content\/uploads\/2023\/09\/amlo-ayotzinapa-informe.webp","keywords":["AMLO","Caso Ayotzinapa"],"articleSection":["Nacional"],"inLanguage":"es"},{"@type":"WebPage","@id":"https:\/\/conexionnacional.mx\/index.php\/2023\/09\/26\/amlo-anuncia-que-se-publicaran-informe-audios-y-relatoria-sobre-caso-ayotzinapa\/","url":"https:\/\/conexionnacional.mx\/index.php\/2023\/09\/26\/amlo-anuncia-que-se-publicaran-informe-audios-y-relatoria-sobre-caso-ayotzinapa\/","name":"AMLO Anuncia que se Publicar\u00e1n Informe, Audios y Relator\u00eda Sobre Caso Ayotzinapa |","isPartOf":{"@id":"https:\/\/conexionnacional.mx\/#website"},"primaryImageOfPage":{"@id":"https:\/\/conexionnacional.mx\/index.php\/2023\/09\/26\/amlo-anuncia-que-se-publicaran-informe-audios-y-relatoria-sobre-caso-ayotzinapa\/#primaryimage"},"image":{"@id":"https:\/\/conexionnacional.mx\/index.php\/2023\/09\/26\/amlo-anuncia-que-se-publicaran-informe-audios-y-relatoria-sobre-caso-ayotzinapa\/#primaryimage"},"thumbnailUrl":"https:\/\/conexionnacional.mx\/wp-content\/uploads\/2023\/09\/amlo-ayotzinapa-informe.webp","datePublished":"2023-09-26T19:54:31+00:00","dateModified":"2023-09-26T19:54:32+00:00","breadcrumb":{"@id":"https:\/\/conexionnacional.mx\/index.php\/2023\/09\/26\/amlo-anuncia-que-se-publicaran-informe-audios-y-relatoria-sobre-caso-ayotzinapa\/#breadcrumb"},"inLanguage":"es","potentialAction":[{"@type":"ReadAction","target":["https:\/\/conexionnacional.mx\/index.php\/2023\/09\/26\/amlo-anuncia-que-se-publicaran-informe-audios-y-relatoria-sobre-caso-ayotzinapa\/"]}]},{"@type":"ImageObject","inLanguage":"es","@id":"https:\/\/conexionnacional.mx\/index.php\/2023\/09\/26\/amlo-anuncia-que-se-publicaran-informe-audios-y-relatoria-sobre-caso-ayotzinapa\/#primaryimage","url":"https:\/\/conexionnacional.mx\/wp-content\/uploads\/2023\/09\/amlo-ayotzinapa-informe.webp","contentUrl":"https:\/\/conexionnacional.mx\/wp-content\/uploads\/2023\/09\/amlo-ayotzinapa-informe.webp","width":734,"height":413},{"@type":"BreadcrumbList","@id":"https:\/\/conexionnacional.mx\/index.php\/2023\/09\/26\/amlo-anuncia-que-se-publicaran-informe-audios-y-relatoria-sobre-caso-ayotzinapa\/#breadcrumb","itemListElement":[{"@type":"ListItem","position":1,"name":"Inicio","item":"https:\/\/conexionnacional.mx\/"},{"@type":"ListItem","position":2,"name":"AMLO Anuncia que se Publicar\u00e1n Informe, Audios y Relator\u00eda Sobre Caso Ayotzinapa"}]},{"@type":"WebSite","@id":"https:\/\/conexionnacional.mx\/#website","url":"https:\/\/conexionnacional.mx\/","name":"Conexi\u00f3n Nacional","description":"Noticias al momento","publisher":{"@id":"https:\/\/conexionnacional.mx\/#organization"},"alternateName":"Noticias nacionales","potentialAction":[{"@type":"SearchAction","target":{"@type":"EntryPoint","urlTemplate":"https:\/\/conexionnacional.mx\/?s={search_term_string}"},"query-input":{"@type":"PropertyValueSpecification","valueRequired":true,"valueName":"search_term_string"}}],"inLanguage":"es"},{"@type":"Organization","@id":"https:\/\/conexionnacional.mx\/#organization","name":"Conexi\u00f3n Nacional","url":"https:\/\/conexionnacional.mx\/","logo":{"@type":"ImageObject","inLanguage":"es","@id":"https:\/\/conexionnacional.mx\/#\/schema\/logo\/image\/","url":"https:\/\/conexionnacional.mx\/wp-content\/uploads\/2022\/09\/conexion_nacional.png","contentUrl":"https:\/\/conexionnacional.mx\/wp-content\/uploads\/2022\/09\/conexion_nacional.png","width":2964,"height":1173,"caption":"Conexi\u00f3n Nacional"},"image":{"@id":"https:\/\/conexionnacional.mx\/#\/schema\/logo\/image\/"},"sameAs":["https:\/\/www.facebook.com\/cnmxradio"]},{"@type":"Person","@id":"https:\/\/conexionnacional.mx\/#\/schema\/person\/dd14aeda902120f5e0e021903fdb6931","name":"Conexi\u00f3n Nacional","image":{"@type":"ImageObject","inLanguage":"es","@id":"https:\/\/secure.gravatar.com\/avatar\/e523100f284110b2ecca7e17b2be9cf140a5e8f35294c9ec0543e6916cc1f9be?s=96&d=blank&r=g","url":"https:\/\/secure.gravatar.com\/avatar\/e523100f284110b2ecca7e17b2be9cf140a5e8f35294c9ec0543e6916cc1f9be?s=96&d=blank&r=g","contentUrl":"https:\/\/secure.gravatar.com\/avatar\/e523100f284110b2ecca7e17b2be9cf140a5e8f35294c9ec0543e6916cc1f9be?s=96&d=blank&r=g","caption":"Conexi\u00f3n Nacional"},"sameAs":["https:\/\/conexionnacional.mx"],"url":"https:\/\/conexionnacional.mx\/index.php\/author\/administrador\/"}]}},"_links":{"self":[{"href":"https:\/\/conexionnacional.mx\/index.php\/wp-json\/wp\/v2\/posts\/16013","targetHints":{"allow":["GET"]}}],"collection":[{"href":"https:\/\/conexionnacional.mx\/index.php\/wp-json\/wp\/v2\/posts"}],"about":[{"href":"https:\/\/conexionnacional.mx\/index.php\/wp-json\/wp\/v2\/types\/post"}],"author":[{"embeddable":true,"href":"https:\/\/conexionnacional.mx\/index.php\/wp-json\/wp\/v2\/users\/1"}],"replies":[{"embeddable":true,"href":"https:\/\/conexionnacional.mx\/index.php\/wp-json\/wp\/v2\/comments?post=16013"}],"version-history":[{"count":1,"href":"https:\/\/conexionnacional.mx\/index.php\/wp-json\/wp\/v2\/posts\/16013\/revisions"}],"predecessor-version":[{"id":16015,"href":"https:\/\/conexionnacional.mx\/index.php\/wp-json\/wp\/v2\/posts\/16013\/revisions\/16015"}],"wp:featuredmedia":[{"embeddable":true,"href":"https:\/\/conexionnacional.mx\/index.php\/wp-json\/wp\/v2\/media\/16014"}],"wp:attachment":[{"href":"https:\/\/conexionnacional.mx\/index.php\/wp-json\/wp\/v2\/media?parent=16013"}],"wp:term":[{"taxonomy":"category","embeddable":true,"href":"https:\/\/conexionnacional.mx\/index.php\/wp-json\/wp\/v2\/categories?post=16013"},{"taxonomy":"post_tag","embeddable":true,"href":"https:\/\/conexionnacional.mx\/index.php\/wp-json\/wp\/v2\/tags?post=16013"}],"curies":[{"name":"wp","href":"https:\/\/api.w.org\/{rel}","templated":true}]}}