{"id":16007,"date":"2023-09-26T13:20:29","date_gmt":"2023-09-26T19:20:29","guid":{"rendered":"https:\/\/conexionnacional.mx\/?p=16007"},"modified":"2023-09-26T13:20:30","modified_gmt":"2023-09-26T19:20:30","slug":"monserrat-conocio-a-su-novio-en-facebook-vecinos-sabian-que-vivia-violencia","status":"publish","type":"post","link":"https:\/\/conexionnacional.mx\/index.php\/2023\/09\/26\/monserrat-conocio-a-su-novio-en-facebook-vecinos-sabian-que-vivia-violencia\/","title":{"rendered":"Monserrat conoci\u00f3 a su novio en Facebook; vecinos sab\u00edan que viv\u00eda violencia"},"content":{"rendered":"\n<p>Luego de conocerse el reciente caso de feminicidio de la\u00a0<strong>joven Monserrat \u2018N\u2019<\/strong>\u00a0en la Ciudad de M\u00e9xico, el cual ha indignado a la sociedad, nuevos datos han surgido en torno al presunto crimen que estuvo a punto de quedar impune.<\/p>\n\n\n\n<figure class=\"wp-block-image\"><img decoding=\"async\" src=\"data:image\/gif;base64,R0lGODlhAQABAAAAACH5BAEKAAEALAAAAAABAAEAAAICTAEAOw==\" data-src=\"https:\/\/cdn2.excelsior.com.mx\/media\/inside-the-note\/pictures\/2023\/09\/26\/montserrat-1.jpg\" alt=\"Monserrat\" class=\"lazyload\" title=\"\"\/><\/figure>\n\n\n\n<p>Los nuevos datos apuntan a que Monserrat de 25 a\u00f1os conoci\u00f3 a su novio y presunto feminicida,<strong>&nbsp;Sean Alejandro<\/strong>&nbsp;a trav\u00e9s de la red social,<strong>&nbsp;Facebook.<\/strong><\/p>\n\n\n\n<p>Los padres de Monserrat sab\u00edan que viv\u00eda con su novio, pero&nbsp;<strong>ten\u00eda m\u00e1s de un a\u00f1o que no se pod\u00edan comunicar con ella,<\/strong>&nbsp;en marzo de este a\u00f1o su familia solicit\u00f3 a las autoridades del Edomex que se iniciara una ficha de b\u00fasqueda por su desaparici\u00f3n. &nbsp;&nbsp;<\/p>\n\n\n\n<p>Monserrat viv\u00eda con su novio en un&nbsp;<strong>departamento de la colonia An\u00e1huac<\/strong>&nbsp;donde muri\u00f3 la noche del pasado viernes. Vecinos se\u00f1alaron que la chica viv\u00eda violencia y que no la dejaban salir sola a la calle.<\/p>\n\n\n\n<p>La noche del crimen, su suegro le hab\u00eda dicho a los param\u00e9dicos del ERUM que hab\u00eda muerto por causas naturales ya que padec\u00eda trastornos alimenticios y respiratorios, esa noche la SSC inform\u00f3 que autoridades ministeriales hab\u00edan confirmado las causas naturales de la muerte, \u201cal confirmar la&nbsp;<strong>ausencia de signos de violencia,<\/strong>&nbsp;autorizaron que su familiar se hiciera cargo\u2026\u201d y le dejaron el cuerpo al novio identificado como Sean Alejandro.<\/p>\n\n\n\n<p>En sus redes sociales @C4jimenez se\u00f1al\u00f3 que fue la ministerio p\u00fablico, Martha Ver\u00f3nica Ram\u00edrez quien&nbsp;<strong>habr\u00eda certificado que no hab\u00eda rastros de violencia en el cuerpo de Monserrat<\/strong>, por ello la Fiscal\u00eda de Justicia de la CDMX inform\u00f3 que realizar\u00e1n una investigaci\u00f3n interna para conocer si alguien de su personal incurri\u00f3 en alg\u00fan delito en el caso al no investigarlo como feminicidio dese el inicio.<\/p>\n\n\n\n<p>El vocero de la Fiscal\u00eda General de Justicia de la Ciudad de M\u00e9xico detall\u00f3 que el Instituto de Ciencias Forenses (Incifo)<strong>&nbsp;determin\u00f3 que la joven muri\u00f3 por traumatismo m\u00faltiple.<\/strong><\/p>\n\n\n\n<figure class=\"wp-block-image\"><img decoding=\"async\" src=\"data:image\/gif;base64,R0lGODlhAQABAAAAACH5BAEKAAEALAAAAAABAAEAAAICTAEAOw==\" data-src=\"https:\/\/cdn2.excelsior.com.mx\/media\/inside-the-note\/pictures\/2023\/09\/26\/montserrat-2.jpg\" alt=\"monserrat feminicidas\" class=\"lazyload\" title=\"\"\/><\/figure>\n\n\n\n<h2 class=\"wp-block-heading\"><strong>NUEVO VIDEO<\/strong><\/h2>\n\n\n\n<p>En un nuevo video se puede ver que 3 horas despu\u00e9s de la muerte de Monserrat, su novio y su padre se retiraron del departamento, llev\u00e1ndose algunas mochilas y papeles. Tras hacerse viral las im\u00e1genes, m\u00e1s de<strong>&nbsp;24 horas despu\u00e9s Sean y su pap\u00e1 fueron detenidos. &nbsp;<\/strong><\/p>\n\n\n\n<p>La fiscal\u00eda se\u00f1al\u00f3 que<strong>&nbsp;llevaban droga,<\/strong>&nbsp;y hasta ahora solo se les investiga por ese delito. Pero la misma instituci\u00f3n buscar\u00e1 vincularlos a proceso por la muerte de la joven de 25 a\u00f1os.<\/p>\n\n\n\n<p>Desde la tarde de ayer sus familiares<strong>&nbsp;velan el cuerpo de Monserrat en el municipio de Hueypoxtla,<\/strong>&nbsp;en el Estado de M\u00e9xico de donde era originaria.<\/p>\n","protected":false},"excerpt":{"rendered":"<p>Luego de conocerse el reciente caso de feminicidio de la\u00a0joven Monserrat \u2018N\u2019\u00a0en la Ciudad de M\u00e9xico, el cual ha indignado a la sociedad, nuevos datos han surgido en torno al presunto crimen que estuvo a punto de quedar impune. Los nuevos datos apuntan a que Monserrat de 25 a\u00f1os conoci\u00f3 a su novio y presunto [&hellip;]<\/p>\n","protected":false},"author":1,"featured_media":16008,"comment_status":"closed","ping_status":"closed","sticky":false,"template":"","format":"aside","meta":{"googlesitekit_rrm_CAowytPeCw:productID":"","footnotes":""},"categories":[3],"tags":[],"class_list":["post-16007","post","type-post","status-publish","format-aside","has-post-thumbnail","hentry","category-nacional","post_format-post-format-aside"],"yoast_head":"<!-- This site is optimized with the Yoast SEO plugin v27.5 - https:\/\/yoast.com\/product\/yoast-seo-wordpress\/ -->\n<title>Monserrat conoci\u00f3 a su novio en Facebook; vecinos sab\u00edan que viv\u00eda violencia |<\/title>\n<meta name=\"robots\" content=\"index, follow, max-snippet:-1, max-image-preview:large, max-video-preview:-1\" \/>\n<link rel=\"canonical\" href=\"https:\/\/conexionnacional.mx\/index.php\/2023\/09\/26\/monserrat-conocio-a-su-novio-en-facebook-vecinos-sabian-que-vivia-violencia\/\" \/>\n<meta property=\"og:locale\" content=\"es_MX\" \/>\n<meta property=\"og:type\" content=\"article\" \/>\n<meta property=\"og:title\" content=\"Monserrat conoci\u00f3 a su novio en Facebook; vecinos sab\u00edan que viv\u00eda violencia |\" \/>\n<meta property=\"og:description\" content=\"Luego de conocerse el reciente caso de feminicidio de la\u00a0joven Monserrat \u2018N\u2019\u00a0en la Ciudad de M\u00e9xico, el cual ha indignado a la sociedad, nuevos datos han surgido en torno al presunto crimen que estuvo a punto de quedar impune. Los nuevos datos apuntan a que Monserrat de 25 a\u00f1os conoci\u00f3 a su novio y presunto [&hellip;]\" \/>\n<meta property=\"og:url\" content=\"https:\/\/conexionnacional.mx\/index.php\/2023\/09\/26\/monserrat-conocio-a-su-novio-en-facebook-vecinos-sabian-que-vivia-violencia\/\" \/>\n<meta property=\"og:site_name\" content=\"Conexi\u00f3n Nacional\" \/>\n<meta property=\"article:publisher\" content=\"https:\/\/www.facebook.com\/cnmxradio\" \/>\n<meta property=\"article:published_time\" content=\"2023-09-26T19:20:29+00:00\" \/>\n<meta property=\"article:modified_time\" content=\"2023-09-26T19:20:30+00:00\" \/>\n<meta property=\"og:image\" content=\"https:\/\/conexionnacional.mx\/wp-content\/uploads\/2023\/09\/3010619.jpg\" \/>\n\t<meta property=\"og:image:width\" content=\"800\" \/>\n\t<meta property=\"og:image:height\" content=\"600\" \/>\n\t<meta property=\"og:image:type\" content=\"image\/jpeg\" \/>\n<meta name=\"author\" content=\"Conexi\u00f3n Nacional\" \/>\n<meta name=\"twitter:card\" content=\"summary_large_image\" \/>\n<meta name=\"twitter:label1\" content=\"Escrito por\" \/>\n\t<meta name=\"twitter:data1\" content=\"Conexi\u00f3n Nacional\" \/>\n\t<meta name=\"twitter:label2\" content=\"Tiempo de lectura\" \/>\n\t<meta name=\"twitter:data2\" content=\"3 minutos\" \/>\n<script type=\"application\/ld+json\" class=\"yoast-schema-graph\">{\"@context\":\"https:\\\/\\\/schema.org\",\"@graph\":[{\"@type\":\"Article\",\"@id\":\"https:\\\/\\\/conexionnacional.mx\\\/index.php\\\/2023\\\/09\\\/26\\\/monserrat-conocio-a-su-novio-en-facebook-vecinos-sabian-que-vivia-violencia\\\/#article\",\"isPartOf\":{\"@id\":\"https:\\\/\\\/conexionnacional.mx\\\/index.php\\\/2023\\\/09\\\/26\\\/monserrat-conocio-a-su-novio-en-facebook-vecinos-sabian-que-vivia-violencia\\\/\"},\"author\":{\"name\":\"Conexi\u00f3n Nacional\",\"@id\":\"https:\\\/\\\/conexionnacional.mx\\\/#\\\/schema\\\/person\\\/dd14aeda902120f5e0e021903fdb6931\"},\"headline\":\"Monserrat conoci\u00f3 a su novio en Facebook; vecinos sab\u00edan que viv\u00eda violencia\",\"datePublished\":\"2023-09-26T19:20:29+00:00\",\"dateModified\":\"2023-09-26T19:20:30+00:00\",\"mainEntityOfPage\":{\"@id\":\"https:\\\/\\\/conexionnacional.mx\\\/index.php\\\/2023\\\/09\\\/26\\\/monserrat-conocio-a-su-novio-en-facebook-vecinos-sabian-que-vivia-violencia\\\/\"},\"wordCount\":493,\"publisher\":{\"@id\":\"https:\\\/\\\/conexionnacional.mx\\\/#organization\"},\"image\":{\"@id\":\"https:\\\/\\\/conexionnacional.mx\\\/index.php\\\/2023\\\/09\\\/26\\\/monserrat-conocio-a-su-novio-en-facebook-vecinos-sabian-que-vivia-violencia\\\/#primaryimage\"},\"thumbnailUrl\":\"https:\\\/\\\/conexionnacional.mx\\\/wp-content\\\/uploads\\\/2023\\\/09\\\/3010619.jpg\",\"articleSection\":[\"Nacional\"],\"inLanguage\":\"es\"},{\"@type\":\"WebPage\",\"@id\":\"https:\\\/\\\/conexionnacional.mx\\\/index.php\\\/2023\\\/09\\\/26\\\/monserrat-conocio-a-su-novio-en-facebook-vecinos-sabian-que-vivia-violencia\\\/\",\"url\":\"https:\\\/\\\/conexionnacional.mx\\\/index.php\\\/2023\\\/09\\\/26\\\/monserrat-conocio-a-su-novio-en-facebook-vecinos-sabian-que-vivia-violencia\\\/\",\"name\":\"Monserrat conoci\u00f3 a su novio en Facebook; vecinos sab\u00edan que viv\u00eda violencia |\",\"isPartOf\":{\"@id\":\"https:\\\/\\\/conexionnacional.mx\\\/#website\"},\"primaryImageOfPage\":{\"@id\":\"https:\\\/\\\/conexionnacional.mx\\\/index.php\\\/2023\\\/09\\\/26\\\/monserrat-conocio-a-su-novio-en-facebook-vecinos-sabian-que-vivia-violencia\\\/#primaryimage\"},\"image\":{\"@id\":\"https:\\\/\\\/conexionnacional.mx\\\/index.php\\\/2023\\\/09\\\/26\\\/monserrat-conocio-a-su-novio-en-facebook-vecinos-sabian-que-vivia-violencia\\\/#primaryimage\"},\"thumbnailUrl\":\"https:\\\/\\\/conexionnacional.mx\\\/wp-content\\\/uploads\\\/2023\\\/09\\\/3010619.jpg\",\"datePublished\":\"2023-09-26T19:20:29+00:00\",\"dateModified\":\"2023-09-26T19:20:30+00:00\",\"breadcrumb\":{\"@id\":\"https:\\\/\\\/conexionnacional.mx\\\/index.php\\\/2023\\\/09\\\/26\\\/monserrat-conocio-a-su-novio-en-facebook-vecinos-sabian-que-vivia-violencia\\\/#breadcrumb\"},\"inLanguage\":\"es\",\"potentialAction\":[{\"@type\":\"ReadAction\",\"target\":[\"https:\\\/\\\/conexionnacional.mx\\\/index.php\\\/2023\\\/09\\\/26\\\/monserrat-conocio-a-su-novio-en-facebook-vecinos-sabian-que-vivia-violencia\\\/\"]}]},{\"@type\":\"ImageObject\",\"inLanguage\":\"es\",\"@id\":\"https:\\\/\\\/conexionnacional.mx\\\/index.php\\\/2023\\\/09\\\/26\\\/monserrat-conocio-a-su-novio-en-facebook-vecinos-sabian-que-vivia-violencia\\\/#primaryimage\",\"url\":\"https:\\\/\\\/conexionnacional.mx\\\/wp-content\\\/uploads\\\/2023\\\/09\\\/3010619.jpg\",\"contentUrl\":\"https:\\\/\\\/conexionnacional.mx\\\/wp-content\\\/uploads\\\/2023\\\/09\\\/3010619.jpg\",\"width\":800,\"height\":600},{\"@type\":\"BreadcrumbList\",\"@id\":\"https:\\\/\\\/conexionnacional.mx\\\/index.php\\\/2023\\\/09\\\/26\\\/monserrat-conocio-a-su-novio-en-facebook-vecinos-sabian-que-vivia-violencia\\\/#breadcrumb\",\"itemListElement\":[{\"@type\":\"ListItem\",\"position\":1,\"name\":\"Inicio\",\"item\":\"https:\\\/\\\/conexionnacional.mx\\\/\"},{\"@type\":\"ListItem\",\"position\":2,\"name\":\"Monserrat conoci\u00f3 a su novio en Facebook; vecinos sab\u00edan que viv\u00eda violencia\"}]},{\"@type\":\"WebSite\",\"@id\":\"https:\\\/\\\/conexionnacional.mx\\\/#website\",\"url\":\"https:\\\/\\\/conexionnacional.mx\\\/\",\"name\":\"Conexi\u00f3n Nacional\",\"description\":\"Noticias al momento\",\"publisher\":{\"@id\":\"https:\\\/\\\/conexionnacional.mx\\\/#organization\"},\"alternateName\":\"Noticias nacionales\",\"potentialAction\":[{\"@type\":\"SearchAction\",\"target\":{\"@type\":\"EntryPoint\",\"urlTemplate\":\"https:\\\/\\\/conexionnacional.mx\\\/?s={search_term_string}\"},\"query-input\":{\"@type\":\"PropertyValueSpecification\",\"valueRequired\":true,\"valueName\":\"search_term_string\"}}],\"inLanguage\":\"es\"},{\"@type\":\"Organization\",\"@id\":\"https:\\\/\\\/conexionnacional.mx\\\/#organization\",\"name\":\"Conexi\u00f3n Nacional\",\"url\":\"https:\\\/\\\/conexionnacional.mx\\\/\",\"logo\":{\"@type\":\"ImageObject\",\"inLanguage\":\"es\",\"@id\":\"https:\\\/\\\/conexionnacional.mx\\\/#\\\/schema\\\/logo\\\/image\\\/\",\"url\":\"https:\\\/\\\/conexionnacional.mx\\\/wp-content\\\/uploads\\\/2022\\\/09\\\/conexion_nacional.png\",\"contentUrl\":\"https:\\\/\\\/conexionnacional.mx\\\/wp-content\\\/uploads\\\/2022\\\/09\\\/conexion_nacional.png\",\"width\":2964,\"height\":1173,\"caption\":\"Conexi\u00f3n Nacional\"},\"image\":{\"@id\":\"https:\\\/\\\/conexionnacional.mx\\\/#\\\/schema\\\/logo\\\/image\\\/\"},\"sameAs\":[\"https:\\\/\\\/www.facebook.com\\\/cnmxradio\"]},{\"@type\":\"Person\",\"@id\":\"https:\\\/\\\/conexionnacional.mx\\\/#\\\/schema\\\/person\\\/dd14aeda902120f5e0e021903fdb6931\",\"name\":\"Conexi\u00f3n Nacional\",\"image\":{\"@type\":\"ImageObject\",\"inLanguage\":\"es\",\"@id\":\"https:\\\/\\\/secure.gravatar.com\\\/avatar\\\/e523100f284110b2ecca7e17b2be9cf140a5e8f35294c9ec0543e6916cc1f9be?s=96&d=blank&r=g\",\"url\":\"https:\\\/\\\/secure.gravatar.com\\\/avatar\\\/e523100f284110b2ecca7e17b2be9cf140a5e8f35294c9ec0543e6916cc1f9be?s=96&d=blank&r=g\",\"contentUrl\":\"https:\\\/\\\/secure.gravatar.com\\\/avatar\\\/e523100f284110b2ecca7e17b2be9cf140a5e8f35294c9ec0543e6916cc1f9be?s=96&d=blank&r=g\",\"caption\":\"Conexi\u00f3n Nacional\"},\"sameAs\":[\"https:\\\/\\\/conexionnacional.mx\"],\"url\":\"https:\\\/\\\/conexionnacional.mx\\\/index.php\\\/author\\\/administrador\\\/\"}]}<\/script>\n<!-- \/ Yoast SEO plugin. -->","yoast_head_json":{"title":"Monserrat conoci\u00f3 a su novio en Facebook; vecinos sab\u00edan que viv\u00eda violencia |","robots":{"index":"index","follow":"follow","max-snippet":"max-snippet:-1","max-image-preview":"max-image-preview:large","max-video-preview":"max-video-preview:-1"},"canonical":"https:\/\/conexionnacional.mx\/index.php\/2023\/09\/26\/monserrat-conocio-a-su-novio-en-facebook-vecinos-sabian-que-vivia-violencia\/","og_locale":"es_MX","og_type":"article","og_title":"Monserrat conoci\u00f3 a su novio en Facebook; vecinos sab\u00edan que viv\u00eda violencia |","og_description":"Luego de conocerse el reciente caso de feminicidio de la\u00a0joven Monserrat \u2018N\u2019\u00a0en la Ciudad de M\u00e9xico, el cual ha indignado a la sociedad, nuevos datos han surgido en torno al presunto crimen que estuvo a punto de quedar impune. Los nuevos datos apuntan a que Monserrat de 25 a\u00f1os conoci\u00f3 a su novio y presunto [&hellip;]","og_url":"https:\/\/conexionnacional.mx\/index.php\/2023\/09\/26\/monserrat-conocio-a-su-novio-en-facebook-vecinos-sabian-que-vivia-violencia\/","og_site_name":"Conexi\u00f3n Nacional","article_publisher":"https:\/\/www.facebook.com\/cnmxradio","article_published_time":"2023-09-26T19:20:29+00:00","article_modified_time":"2023-09-26T19:20:30+00:00","og_image":[{"width":800,"height":600,"url":"https:\/\/conexionnacional.mx\/wp-content\/uploads\/2023\/09\/3010619.jpg","type":"image\/jpeg"}],"author":"Conexi\u00f3n Nacional","twitter_card":"summary_large_image","twitter_misc":{"Escrito por":"Conexi\u00f3n Nacional","Tiempo de lectura":"3 minutos"},"schema":{"@context":"https:\/\/schema.org","@graph":[{"@type":"Article","@id":"https:\/\/conexionnacional.mx\/index.php\/2023\/09\/26\/monserrat-conocio-a-su-novio-en-facebook-vecinos-sabian-que-vivia-violencia\/#article","isPartOf":{"@id":"https:\/\/conexionnacional.mx\/index.php\/2023\/09\/26\/monserrat-conocio-a-su-novio-en-facebook-vecinos-sabian-que-vivia-violencia\/"},"author":{"name":"Conexi\u00f3n Nacional","@id":"https:\/\/conexionnacional.mx\/#\/schema\/person\/dd14aeda902120f5e0e021903fdb6931"},"headline":"Monserrat conoci\u00f3 a su novio en Facebook; vecinos sab\u00edan que viv\u00eda violencia","datePublished":"2023-09-26T19:20:29+00:00","dateModified":"2023-09-26T19:20:30+00:00","mainEntityOfPage":{"@id":"https:\/\/conexionnacional.mx\/index.php\/2023\/09\/26\/monserrat-conocio-a-su-novio-en-facebook-vecinos-sabian-que-vivia-violencia\/"},"wordCount":493,"publisher":{"@id":"https:\/\/conexionnacional.mx\/#organization"},"image":{"@id":"https:\/\/conexionnacional.mx\/index.php\/2023\/09\/26\/monserrat-conocio-a-su-novio-en-facebook-vecinos-sabian-que-vivia-violencia\/#primaryimage"},"thumbnailUrl":"https:\/\/conexionnacional.mx\/wp-content\/uploads\/2023\/09\/3010619.jpg","articleSection":["Nacional"],"inLanguage":"es"},{"@type":"WebPage","@id":"https:\/\/conexionnacional.mx\/index.php\/2023\/09\/26\/monserrat-conocio-a-su-novio-en-facebook-vecinos-sabian-que-vivia-violencia\/","url":"https:\/\/conexionnacional.mx\/index.php\/2023\/09\/26\/monserrat-conocio-a-su-novio-en-facebook-vecinos-sabian-que-vivia-violencia\/","name":"Monserrat conoci\u00f3 a su novio en Facebook; vecinos sab\u00edan que viv\u00eda violencia |","isPartOf":{"@id":"https:\/\/conexionnacional.mx\/#website"},"primaryImageOfPage":{"@id":"https:\/\/conexionnacional.mx\/index.php\/2023\/09\/26\/monserrat-conocio-a-su-novio-en-facebook-vecinos-sabian-que-vivia-violencia\/#primaryimage"},"image":{"@id":"https:\/\/conexionnacional.mx\/index.php\/2023\/09\/26\/monserrat-conocio-a-su-novio-en-facebook-vecinos-sabian-que-vivia-violencia\/#primaryimage"},"thumbnailUrl":"https:\/\/conexionnacional.mx\/wp-content\/uploads\/2023\/09\/3010619.jpg","datePublished":"2023-09-26T19:20:29+00:00","dateModified":"2023-09-26T19:20:30+00:00","breadcrumb":{"@id":"https:\/\/conexionnacional.mx\/index.php\/2023\/09\/26\/monserrat-conocio-a-su-novio-en-facebook-vecinos-sabian-que-vivia-violencia\/#breadcrumb"},"inLanguage":"es","potentialAction":[{"@type":"ReadAction","target":["https:\/\/conexionnacional.mx\/index.php\/2023\/09\/26\/monserrat-conocio-a-su-novio-en-facebook-vecinos-sabian-que-vivia-violencia\/"]}]},{"@type":"ImageObject","inLanguage":"es","@id":"https:\/\/conexionnacional.mx\/index.php\/2023\/09\/26\/monserrat-conocio-a-su-novio-en-facebook-vecinos-sabian-que-vivia-violencia\/#primaryimage","url":"https:\/\/conexionnacional.mx\/wp-content\/uploads\/2023\/09\/3010619.jpg","contentUrl":"https:\/\/conexionnacional.mx\/wp-content\/uploads\/2023\/09\/3010619.jpg","width":800,"height":600},{"@type":"BreadcrumbList","@id":"https:\/\/conexionnacional.mx\/index.php\/2023\/09\/26\/monserrat-conocio-a-su-novio-en-facebook-vecinos-sabian-que-vivia-violencia\/#breadcrumb","itemListElement":[{"@type":"ListItem","position":1,"name":"Inicio","item":"https:\/\/conexionnacional.mx\/"},{"@type":"ListItem","position":2,"name":"Monserrat conoci\u00f3 a su novio en Facebook; vecinos sab\u00edan que viv\u00eda violencia"}]},{"@type":"WebSite","@id":"https:\/\/conexionnacional.mx\/#website","url":"https:\/\/conexionnacional.mx\/","name":"Conexi\u00f3n Nacional","description":"Noticias al momento","publisher":{"@id":"https:\/\/conexionnacional.mx\/#organization"},"alternateName":"Noticias nacionales","potentialAction":[{"@type":"SearchAction","target":{"@type":"EntryPoint","urlTemplate":"https:\/\/conexionnacional.mx\/?s={search_term_string}"},"query-input":{"@type":"PropertyValueSpecification","valueRequired":true,"valueName":"search_term_string"}}],"inLanguage":"es"},{"@type":"Organization","@id":"https:\/\/conexionnacional.mx\/#organization","name":"Conexi\u00f3n Nacional","url":"https:\/\/conexionnacional.mx\/","logo":{"@type":"ImageObject","inLanguage":"es","@id":"https:\/\/conexionnacional.mx\/#\/schema\/logo\/image\/","url":"https:\/\/conexionnacional.mx\/wp-content\/uploads\/2022\/09\/conexion_nacional.png","contentUrl":"https:\/\/conexionnacional.mx\/wp-content\/uploads\/2022\/09\/conexion_nacional.png","width":2964,"height":1173,"caption":"Conexi\u00f3n Nacional"},"image":{"@id":"https:\/\/conexionnacional.mx\/#\/schema\/logo\/image\/"},"sameAs":["https:\/\/www.facebook.com\/cnmxradio"]},{"@type":"Person","@id":"https:\/\/conexionnacional.mx\/#\/schema\/person\/dd14aeda902120f5e0e021903fdb6931","name":"Conexi\u00f3n Nacional","image":{"@type":"ImageObject","inLanguage":"es","@id":"https:\/\/secure.gravatar.com\/avatar\/e523100f284110b2ecca7e17b2be9cf140a5e8f35294c9ec0543e6916cc1f9be?s=96&d=blank&r=g","url":"https:\/\/secure.gravatar.com\/avatar\/e523100f284110b2ecca7e17b2be9cf140a5e8f35294c9ec0543e6916cc1f9be?s=96&d=blank&r=g","contentUrl":"https:\/\/secure.gravatar.com\/avatar\/e523100f284110b2ecca7e17b2be9cf140a5e8f35294c9ec0543e6916cc1f9be?s=96&d=blank&r=g","caption":"Conexi\u00f3n Nacional"},"sameAs":["https:\/\/conexionnacional.mx"],"url":"https:\/\/conexionnacional.mx\/index.php\/author\/administrador\/"}]}},"_links":{"self":[{"href":"https:\/\/conexionnacional.mx\/index.php\/wp-json\/wp\/v2\/posts\/16007","targetHints":{"allow":["GET"]}}],"collection":[{"href":"https:\/\/conexionnacional.mx\/index.php\/wp-json\/wp\/v2\/posts"}],"about":[{"href":"https:\/\/conexionnacional.mx\/index.php\/wp-json\/wp\/v2\/types\/post"}],"author":[{"embeddable":true,"href":"https:\/\/conexionnacional.mx\/index.php\/wp-json\/wp\/v2\/users\/1"}],"replies":[{"embeddable":true,"href":"https:\/\/conexionnacional.mx\/index.php\/wp-json\/wp\/v2\/comments?post=16007"}],"version-history":[{"count":1,"href":"https:\/\/conexionnacional.mx\/index.php\/wp-json\/wp\/v2\/posts\/16007\/revisions"}],"predecessor-version":[{"id":16009,"href":"https:\/\/conexionnacional.mx\/index.php\/wp-json\/wp\/v2\/posts\/16007\/revisions\/16009"}],"wp:featuredmedia":[{"embeddable":true,"href":"https:\/\/conexionnacional.mx\/index.php\/wp-json\/wp\/v2\/media\/16008"}],"wp:attachment":[{"href":"https:\/\/conexionnacional.mx\/index.php\/wp-json\/wp\/v2\/media?parent=16007"}],"wp:term":[{"taxonomy":"category","embeddable":true,"href":"https:\/\/conexionnacional.mx\/index.php\/wp-json\/wp\/v2\/categories?post=16007"},{"taxonomy":"post_tag","embeddable":true,"href":"https:\/\/conexionnacional.mx\/index.php\/wp-json\/wp\/v2\/tags?post=16007"}],"curies":[{"name":"wp","href":"https:\/\/api.w.org\/{rel}","templated":true}]}}