{"id":16004,"date":"2023-09-26T13:02:48","date_gmt":"2023-09-26T19:02:48","guid":{"rendered":"https:\/\/conexionnacional.mx\/?p=16004"},"modified":"2023-09-26T13:02:49","modified_gmt":"2023-09-26T19:02:49","slug":"como-esta-eso-de-que-la-curp-con-foto-y-huellas-digitales-sera-obligatoria","status":"publish","type":"post","link":"https:\/\/conexionnacional.mx\/index.php\/2023\/09\/26\/como-esta-eso-de-que-la-curp-con-foto-y-huellas-digitales-sera-obligatoria\/","title":{"rendered":"\u00bfC\u00f3mo est\u00e1 eso de que la CURP con foto y huellas digitales ser\u00e1 obligatoria?"},"content":{"rendered":"\n<p>Con la novedad de que el Senado de la Rep\u00fablica aprob\u00f3 una ley con la que posiblemente\u00a0<strong>la Clave \u00danica de Registro de Poblaci\u00f3n (CURP) sea obligatoria con todo y foto y huellas digitales<\/strong>. S\u00ed, de hecho, tambi\u00e9n se convertir\u00eda en la identificaci\u00f3n oficial en\u00a0M\u00e9xico.<\/p>\n\n\n\n<h2 class=\"wp-block-heading\" id=\"h-la-curp-con-foto-seria-obligatoria\">La CURP con foto ser\u00eda obligatoria<\/h2>\n\n\n\n<p>Fue este lunes 25 de septiembre que&nbsp;<a href=\"https:\/\/twitter.com\/senadomexicano\/status\/1706373796238627089\" target=\"_blank\" rel=\"noreferrer noopener\">las comisiones<\/a>&nbsp;de Gobernaci\u00f3n y de Estudios Legislativos Segunda del Senado de la Rep\u00fablica&nbsp;<strong>aprobaron la nueva Ley General de Poblaci\u00f3n<\/strong>.<\/p>\n\n\n\n<figure class=\"wp-block-image\"><img decoding=\"async\" src=\"data:image\/gif;base64,R0lGODlhAQABAAAAACH5BAEKAAEALAAAAAABAAEAAAICTAEAOw==\" data-src=\"https:\/\/www.sopitas.com\/wp-content\/uploads\/2021\/10\/curp-certificado-renapo.jpeg?resize=1024,531\" alt=\"curp-certificado-renapo\" class=\"wp-image-1369171 lazyload\"\/><figcaption class=\"wp-element-caption\">Foto ilustrativa: CURP<\/figcaption><\/figure>\n\n\n\n<p>\u00bfNo tienen idea de que contempla esta norma? Pues f\u00edjense que con esta ley se aprueba que&nbsp;<strong>la CURP con foto, huellas digitales y otros datos personales sea obligatoria en nuestro pa\u00eds<\/strong>.<\/p>\n\n\n\n<p>Cabe se\u00f1alar que esta nueva medida estar\u00eda&nbsp;<strong>bajo la responsabilidad de la mism\u00edsima Secretar\u00eda de Gobernaci\u00f3n<\/strong>.<\/p>\n\n\n\n<h2 class=\"wp-block-heading\" id=\"h-se-convertiria-en-la-nueva-identificacion-oficial\">Se convertir\u00eda en la nueva identificaci\u00f3n oficial<\/h2>\n\n\n\n<p>Con la aprobaci\u00f3n de la nueva Ley de Poblaci\u00f3n, la CURP con foto no solo ser\u00eda obligatoria, sino que&nbsp;<strong>se convertir\u00eda en la nueva identificaci\u00f3n oficial en M\u00e9xico<\/strong>.<\/p>\n\n\n\n<p>De hecho, adem\u00e1s de la foto, tambi\u00e9n contendr\u00eda otros datos personales como&nbsp;<strong>lugar y fecha de nacimiento, firma y tambi\u00e9n huellas dactilares digitales<\/strong>.<\/p>\n\n\n\n<figure class=\"wp-block-image\"><img decoding=\"async\" src=\"data:image\/gif;base64,R0lGODlhAQABAAAAACH5BAEKAAEALAAAAAABAAEAAAICTAEAOw==\" data-src=\"https:\/\/www.sopitas.com\/wp-content\/uploads\/2017\/08\/huella-digital-2.jpg\" alt=\"\" class=\"wp-image-777715 lazyload\"\/><figcaption class=\"wp-element-caption\">Foto ilustrativa<\/figcaption><\/figure>\n\n\n\n<p>A diferencia del famoso INE o credencial de elector,&nbsp;<strong>este documento oficial lo podr\u00e1n obtener personas menores de 18 a\u00f1os de edad<\/strong>; pero conforme vayan creciendo, y cambiando f\u00edsicamente, deber\u00e1n renovar su CURP.<\/p>\n\n\n\n<p>Aunque eso de \u201cobligatoria, obligatoria\u201d, pues no, ya que aseguran que<strong>&nbsp;ninguna persona podr\u00e1 ser sancionada por no tener la CURP con foto<\/strong>.<\/p>\n\n\n\n<h2 class=\"wp-block-heading\" id=\"h-ya-habia-queja-por-este-nuevo-documento\">Ya hab\u00eda queja por este nuevo documento<\/h2>\n\n\n\n<p>Fue justo hace dos a\u00f1os, en 2021, que en&nbsp;<a href=\"https:\/\/r3d.mx\/2021\/09\/22\/la-cedula-unica-de-identidad-digital-incluida-en-la-ley-general-de-poblacion-amenaza-los-derechos-humanos\/\" target=\"_blank\" rel=\"noreferrer noopener\">Red en Defensa de los Derechos Digitales<\/a>&nbsp;mostraron su molestia por la nueva Ley General de Poblaci\u00f3n, pues \u00e9sta contemplaba&nbsp;<strong>una nueva identificaci\u00f3n oficial con datos biom\u00e9tricos de las personas<\/strong>.<\/p>\n\n\n\n<p>Aunque en ese entonces no se le conoc\u00eda como CURP con foto, sino como&nbsp;<strong>C\u00e9dula \u00danica de Identificaci\u00f3n Oficial (CUID)<\/strong>.<\/p>\n\n\n\n<figure class=\"wp-block-image\"><img decoding=\"async\" src=\"data:image\/gif;base64,R0lGODlhAQABAAAAACH5BAEKAAEALAAAAAABAAEAAAICTAEAOw==\" data-src=\"https:\/\/www.sopitas.com\/wp-content\/uploads\/2021\/10\/curp-tramite.jpeg?resize=1024,683\" alt=\"curp-tramite-papel-segob\" class=\"wp-image-1369145 lazyload\"\/><figcaption class=\"wp-element-caption\">Foto ilustrativa: Cuartoscuro<\/figcaption><\/figure>\n\n\n\n<p><em>\u201cLas organizaciones que suscribimos esta carta&nbsp;<strong>manifestamos nuestra preocupaci\u00f3n acerca de la minuta que expide la Ley General de Poblaci\u00f3n, en particular, respecto al proyecto \u2018C\u00e9dula \u00danica de Identidad Digital\u2019 (CUID), de car\u00e1cter obligatorio<\/strong>, que pretende construirse sobre una base de datos centralizada&nbsp;<strong>que incluya los datos biom\u00e9tricos de todos los ciudadanos mexicanos y de todas las personas extranjeras que se encuentren en M\u00e9xico<\/strong>\u201c<\/em>, se lee en la p\u00e1gina de R3D.<\/p>\n\n\n\n<p>Y pues si lo piensan, es lo mismo que se est\u00e1 aprobando ahora en las comisiones del Senado,&nbsp;<strong>con la \u00fanica diferencia de que tiene un nombre diferente<\/strong>.<\/p>\n\n\n\n<p>\u00bfCu\u00e1l es la mayor preocupaci\u00f3n? Que varias personas, incluso algunos senadores,&nbsp;<strong>no saben de qu\u00e9 manera se recopilar\u00e1n los datos biom\u00e9tricos y para qu\u00e9 fines se usar\u00e1n<\/strong>, a parte de su funci\u00f3n de identificaci\u00f3n.<\/p>\n\n\n\n<p>En fin\u2026 Hay que mencionar que esta nueva Ley de Poblaci\u00f3n&nbsp;<strong>todav\u00eda falta por ser discutida y votada en el pleno del Senado de la Rep\u00fablica<\/strong>.<\/p>\n","protected":false},"excerpt":{"rendered":"<p>Con la novedad de que el Senado de la Rep\u00fablica aprob\u00f3 una ley con la que posiblemente\u00a0la Clave \u00danica de Registro de Poblaci\u00f3n (CURP) sea obligatoria con todo y foto y huellas digitales. S\u00ed, de hecho, tambi\u00e9n se convertir\u00eda en la identificaci\u00f3n oficial en\u00a0M\u00e9xico. La CURP con foto ser\u00eda obligatoria Fue este lunes 25 de [&hellip;]<\/p>\n","protected":false},"author":1,"featured_media":16005,"comment_status":"closed","ping_status":"closed","sticky":false,"template":"","format":"aside","meta":{"googlesitekit_rrm_CAowytPeCw:productID":"","footnotes":""},"categories":[3],"tags":[6383,187],"class_list":["post-16004","post","type-post","status-publish","format-aside","has-post-thumbnail","hentry","category-nacional","tag-curp","tag-mexico","post_format-post-format-aside"],"yoast_head":"<!-- This site is optimized with the Yoast SEO plugin v27.5 - https:\/\/yoast.com\/product\/yoast-seo-wordpress\/ -->\n<title>\u00bfC\u00f3mo est\u00e1 eso de que la CURP con foto y huellas digitales ser\u00e1 obligatoria? |<\/title>\n<meta name=\"robots\" content=\"index, follow, max-snippet:-1, max-image-preview:large, max-video-preview:-1\" \/>\n<link rel=\"canonical\" href=\"https:\/\/conexionnacional.mx\/index.php\/2023\/09\/26\/como-esta-eso-de-que-la-curp-con-foto-y-huellas-digitales-sera-obligatoria\/\" \/>\n<meta property=\"og:locale\" content=\"es_MX\" \/>\n<meta property=\"og:type\" content=\"article\" \/>\n<meta property=\"og:title\" content=\"\u00bfC\u00f3mo est\u00e1 eso de que la CURP con foto y huellas digitales ser\u00e1 obligatoria? |\" \/>\n<meta property=\"og:description\" content=\"Con la novedad de que el Senado de la Rep\u00fablica aprob\u00f3 una ley con la que posiblemente\u00a0la Clave \u00danica de Registro de Poblaci\u00f3n (CURP) sea obligatoria con todo y foto y huellas digitales. S\u00ed, de hecho, tambi\u00e9n se convertir\u00eda en la identificaci\u00f3n oficial en\u00a0M\u00e9xico. La CURP con foto ser\u00eda obligatoria Fue este lunes 25 de [&hellip;]\" \/>\n<meta property=\"og:url\" content=\"https:\/\/conexionnacional.mx\/index.php\/2023\/09\/26\/como-esta-eso-de-que-la-curp-con-foto-y-huellas-digitales-sera-obligatoria\/\" \/>\n<meta property=\"og:site_name\" content=\"Conexi\u00f3n Nacional\" \/>\n<meta property=\"article:publisher\" content=\"https:\/\/www.facebook.com\/cnmxradio\" \/>\n<meta property=\"article:published_time\" content=\"2023-09-26T19:02:48+00:00\" \/>\n<meta property=\"article:modified_time\" content=\"2023-09-26T19:02:49+00:00\" \/>\n<meta property=\"og:image\" content=\"https:\/\/conexionnacional.mx\/wp-content\/uploads\/2023\/09\/curp-fotografia-huellas-digitales-obligatorio.webp\" \/>\n\t<meta property=\"og:image:width\" content=\"1120\" \/>\n\t<meta property=\"og:image:height\" content=\"581\" \/>\n\t<meta property=\"og:image:type\" content=\"image\/webp\" \/>\n<meta name=\"author\" content=\"Conexi\u00f3n Nacional\" \/>\n<meta name=\"twitter:card\" content=\"summary_large_image\" \/>\n<meta name=\"twitter:label1\" content=\"Escrito por\" \/>\n\t<meta name=\"twitter:data1\" content=\"Conexi\u00f3n Nacional\" \/>\n\t<meta name=\"twitter:label2\" content=\"Tiempo de lectura\" \/>\n\t<meta name=\"twitter:data2\" content=\"3 minutos\" \/>\n<script type=\"application\/ld+json\" class=\"yoast-schema-graph\">{\"@context\":\"https:\\\/\\\/schema.org\",\"@graph\":[{\"@type\":\"Article\",\"@id\":\"https:\\\/\\\/conexionnacional.mx\\\/index.php\\\/2023\\\/09\\\/26\\\/como-esta-eso-de-que-la-curp-con-foto-y-huellas-digitales-sera-obligatoria\\\/#article\",\"isPartOf\":{\"@id\":\"https:\\\/\\\/conexionnacional.mx\\\/index.php\\\/2023\\\/09\\\/26\\\/como-esta-eso-de-que-la-curp-con-foto-y-huellas-digitales-sera-obligatoria\\\/\"},\"author\":{\"name\":\"Conexi\u00f3n Nacional\",\"@id\":\"https:\\\/\\\/conexionnacional.mx\\\/#\\\/schema\\\/person\\\/dd14aeda902120f5e0e021903fdb6931\"},\"headline\":\"\u00bfC\u00f3mo est\u00e1 eso de que la CURP con foto y huellas digitales ser\u00e1 obligatoria?\",\"datePublished\":\"2023-09-26T19:02:48+00:00\",\"dateModified\":\"2023-09-26T19:02:49+00:00\",\"mainEntityOfPage\":{\"@id\":\"https:\\\/\\\/conexionnacional.mx\\\/index.php\\\/2023\\\/09\\\/26\\\/como-esta-eso-de-que-la-curp-con-foto-y-huellas-digitales-sera-obligatoria\\\/\"},\"wordCount\":564,\"publisher\":{\"@id\":\"https:\\\/\\\/conexionnacional.mx\\\/#organization\"},\"image\":{\"@id\":\"https:\\\/\\\/conexionnacional.mx\\\/index.php\\\/2023\\\/09\\\/26\\\/como-esta-eso-de-que-la-curp-con-foto-y-huellas-digitales-sera-obligatoria\\\/#primaryimage\"},\"thumbnailUrl\":\"https:\\\/\\\/conexionnacional.mx\\\/wp-content\\\/uploads\\\/2023\\\/09\\\/curp-fotografia-huellas-digitales-obligatorio.webp\",\"keywords\":[\"CURP\",\"M\u00e9xico\"],\"articleSection\":[\"Nacional\"],\"inLanguage\":\"es\"},{\"@type\":\"WebPage\",\"@id\":\"https:\\\/\\\/conexionnacional.mx\\\/index.php\\\/2023\\\/09\\\/26\\\/como-esta-eso-de-que-la-curp-con-foto-y-huellas-digitales-sera-obligatoria\\\/\",\"url\":\"https:\\\/\\\/conexionnacional.mx\\\/index.php\\\/2023\\\/09\\\/26\\\/como-esta-eso-de-que-la-curp-con-foto-y-huellas-digitales-sera-obligatoria\\\/\",\"name\":\"\u00bfC\u00f3mo est\u00e1 eso de que la CURP con foto y huellas digitales ser\u00e1 obligatoria? |\",\"isPartOf\":{\"@id\":\"https:\\\/\\\/conexionnacional.mx\\\/#website\"},\"primaryImageOfPage\":{\"@id\":\"https:\\\/\\\/conexionnacional.mx\\\/index.php\\\/2023\\\/09\\\/26\\\/como-esta-eso-de-que-la-curp-con-foto-y-huellas-digitales-sera-obligatoria\\\/#primaryimage\"},\"image\":{\"@id\":\"https:\\\/\\\/conexionnacional.mx\\\/index.php\\\/2023\\\/09\\\/26\\\/como-esta-eso-de-que-la-curp-con-foto-y-huellas-digitales-sera-obligatoria\\\/#primaryimage\"},\"thumbnailUrl\":\"https:\\\/\\\/conexionnacional.mx\\\/wp-content\\\/uploads\\\/2023\\\/09\\\/curp-fotografia-huellas-digitales-obligatorio.webp\",\"datePublished\":\"2023-09-26T19:02:48+00:00\",\"dateModified\":\"2023-09-26T19:02:49+00:00\",\"breadcrumb\":{\"@id\":\"https:\\\/\\\/conexionnacional.mx\\\/index.php\\\/2023\\\/09\\\/26\\\/como-esta-eso-de-que-la-curp-con-foto-y-huellas-digitales-sera-obligatoria\\\/#breadcrumb\"},\"inLanguage\":\"es\",\"potentialAction\":[{\"@type\":\"ReadAction\",\"target\":[\"https:\\\/\\\/conexionnacional.mx\\\/index.php\\\/2023\\\/09\\\/26\\\/como-esta-eso-de-que-la-curp-con-foto-y-huellas-digitales-sera-obligatoria\\\/\"]}]},{\"@type\":\"ImageObject\",\"inLanguage\":\"es\",\"@id\":\"https:\\\/\\\/conexionnacional.mx\\\/index.php\\\/2023\\\/09\\\/26\\\/como-esta-eso-de-que-la-curp-con-foto-y-huellas-digitales-sera-obligatoria\\\/#primaryimage\",\"url\":\"https:\\\/\\\/conexionnacional.mx\\\/wp-content\\\/uploads\\\/2023\\\/09\\\/curp-fotografia-huellas-digitales-obligatorio.webp\",\"contentUrl\":\"https:\\\/\\\/conexionnacional.mx\\\/wp-content\\\/uploads\\\/2023\\\/09\\\/curp-fotografia-huellas-digitales-obligatorio.webp\",\"width\":1120,\"height\":581},{\"@type\":\"BreadcrumbList\",\"@id\":\"https:\\\/\\\/conexionnacional.mx\\\/index.php\\\/2023\\\/09\\\/26\\\/como-esta-eso-de-que-la-curp-con-foto-y-huellas-digitales-sera-obligatoria\\\/#breadcrumb\",\"itemListElement\":[{\"@type\":\"ListItem\",\"position\":1,\"name\":\"Inicio\",\"item\":\"https:\\\/\\\/conexionnacional.mx\\\/\"},{\"@type\":\"ListItem\",\"position\":2,\"name\":\"\u00bfC\u00f3mo est\u00e1 eso de que la CURP con foto y huellas digitales ser\u00e1 obligatoria?\"}]},{\"@type\":\"WebSite\",\"@id\":\"https:\\\/\\\/conexionnacional.mx\\\/#website\",\"url\":\"https:\\\/\\\/conexionnacional.mx\\\/\",\"name\":\"Conexi\u00f3n Nacional\",\"description\":\"Noticias al momento\",\"publisher\":{\"@id\":\"https:\\\/\\\/conexionnacional.mx\\\/#organization\"},\"alternateName\":\"Noticias nacionales\",\"potentialAction\":[{\"@type\":\"SearchAction\",\"target\":{\"@type\":\"EntryPoint\",\"urlTemplate\":\"https:\\\/\\\/conexionnacional.mx\\\/?s={search_term_string}\"},\"query-input\":{\"@type\":\"PropertyValueSpecification\",\"valueRequired\":true,\"valueName\":\"search_term_string\"}}],\"inLanguage\":\"es\"},{\"@type\":\"Organization\",\"@id\":\"https:\\\/\\\/conexionnacional.mx\\\/#organization\",\"name\":\"Conexi\u00f3n Nacional\",\"url\":\"https:\\\/\\\/conexionnacional.mx\\\/\",\"logo\":{\"@type\":\"ImageObject\",\"inLanguage\":\"es\",\"@id\":\"https:\\\/\\\/conexionnacional.mx\\\/#\\\/schema\\\/logo\\\/image\\\/\",\"url\":\"https:\\\/\\\/conexionnacional.mx\\\/wp-content\\\/uploads\\\/2022\\\/09\\\/conexion_nacional.png\",\"contentUrl\":\"https:\\\/\\\/conexionnacional.mx\\\/wp-content\\\/uploads\\\/2022\\\/09\\\/conexion_nacional.png\",\"width\":2964,\"height\":1173,\"caption\":\"Conexi\u00f3n Nacional\"},\"image\":{\"@id\":\"https:\\\/\\\/conexionnacional.mx\\\/#\\\/schema\\\/logo\\\/image\\\/\"},\"sameAs\":[\"https:\\\/\\\/www.facebook.com\\\/cnmxradio\"]},{\"@type\":\"Person\",\"@id\":\"https:\\\/\\\/conexionnacional.mx\\\/#\\\/schema\\\/person\\\/dd14aeda902120f5e0e021903fdb6931\",\"name\":\"Conexi\u00f3n Nacional\",\"image\":{\"@type\":\"ImageObject\",\"inLanguage\":\"es\",\"@id\":\"https:\\\/\\\/secure.gravatar.com\\\/avatar\\\/e523100f284110b2ecca7e17b2be9cf140a5e8f35294c9ec0543e6916cc1f9be?s=96&d=blank&r=g\",\"url\":\"https:\\\/\\\/secure.gravatar.com\\\/avatar\\\/e523100f284110b2ecca7e17b2be9cf140a5e8f35294c9ec0543e6916cc1f9be?s=96&d=blank&r=g\",\"contentUrl\":\"https:\\\/\\\/secure.gravatar.com\\\/avatar\\\/e523100f284110b2ecca7e17b2be9cf140a5e8f35294c9ec0543e6916cc1f9be?s=96&d=blank&r=g\",\"caption\":\"Conexi\u00f3n Nacional\"},\"sameAs\":[\"https:\\\/\\\/conexionnacional.mx\"],\"url\":\"https:\\\/\\\/conexionnacional.mx\\\/index.php\\\/author\\\/administrador\\\/\"}]}<\/script>\n<!-- \/ Yoast SEO plugin. -->","yoast_head_json":{"title":"\u00bfC\u00f3mo est\u00e1 eso de que la CURP con foto y huellas digitales ser\u00e1 obligatoria? |","robots":{"index":"index","follow":"follow","max-snippet":"max-snippet:-1","max-image-preview":"max-image-preview:large","max-video-preview":"max-video-preview:-1"},"canonical":"https:\/\/conexionnacional.mx\/index.php\/2023\/09\/26\/como-esta-eso-de-que-la-curp-con-foto-y-huellas-digitales-sera-obligatoria\/","og_locale":"es_MX","og_type":"article","og_title":"\u00bfC\u00f3mo est\u00e1 eso de que la CURP con foto y huellas digitales ser\u00e1 obligatoria? |","og_description":"Con la novedad de que el Senado de la Rep\u00fablica aprob\u00f3 una ley con la que posiblemente\u00a0la Clave \u00danica de Registro de Poblaci\u00f3n (CURP) sea obligatoria con todo y foto y huellas digitales. S\u00ed, de hecho, tambi\u00e9n se convertir\u00eda en la identificaci\u00f3n oficial en\u00a0M\u00e9xico. La CURP con foto ser\u00eda obligatoria Fue este lunes 25 de [&hellip;]","og_url":"https:\/\/conexionnacional.mx\/index.php\/2023\/09\/26\/como-esta-eso-de-que-la-curp-con-foto-y-huellas-digitales-sera-obligatoria\/","og_site_name":"Conexi\u00f3n Nacional","article_publisher":"https:\/\/www.facebook.com\/cnmxradio","article_published_time":"2023-09-26T19:02:48+00:00","article_modified_time":"2023-09-26T19:02:49+00:00","og_image":[{"width":1120,"height":581,"url":"https:\/\/conexionnacional.mx\/wp-content\/uploads\/2023\/09\/curp-fotografia-huellas-digitales-obligatorio.webp","type":"image\/webp"}],"author":"Conexi\u00f3n Nacional","twitter_card":"summary_large_image","twitter_misc":{"Escrito por":"Conexi\u00f3n Nacional","Tiempo de lectura":"3 minutos"},"schema":{"@context":"https:\/\/schema.org","@graph":[{"@type":"Article","@id":"https:\/\/conexionnacional.mx\/index.php\/2023\/09\/26\/como-esta-eso-de-que-la-curp-con-foto-y-huellas-digitales-sera-obligatoria\/#article","isPartOf":{"@id":"https:\/\/conexionnacional.mx\/index.php\/2023\/09\/26\/como-esta-eso-de-que-la-curp-con-foto-y-huellas-digitales-sera-obligatoria\/"},"author":{"name":"Conexi\u00f3n Nacional","@id":"https:\/\/conexionnacional.mx\/#\/schema\/person\/dd14aeda902120f5e0e021903fdb6931"},"headline":"\u00bfC\u00f3mo est\u00e1 eso de que la CURP con foto y huellas digitales ser\u00e1 obligatoria?","datePublished":"2023-09-26T19:02:48+00:00","dateModified":"2023-09-26T19:02:49+00:00","mainEntityOfPage":{"@id":"https:\/\/conexionnacional.mx\/index.php\/2023\/09\/26\/como-esta-eso-de-que-la-curp-con-foto-y-huellas-digitales-sera-obligatoria\/"},"wordCount":564,"publisher":{"@id":"https:\/\/conexionnacional.mx\/#organization"},"image":{"@id":"https:\/\/conexionnacional.mx\/index.php\/2023\/09\/26\/como-esta-eso-de-que-la-curp-con-foto-y-huellas-digitales-sera-obligatoria\/#primaryimage"},"thumbnailUrl":"https:\/\/conexionnacional.mx\/wp-content\/uploads\/2023\/09\/curp-fotografia-huellas-digitales-obligatorio.webp","keywords":["CURP","M\u00e9xico"],"articleSection":["Nacional"],"inLanguage":"es"},{"@type":"WebPage","@id":"https:\/\/conexionnacional.mx\/index.php\/2023\/09\/26\/como-esta-eso-de-que-la-curp-con-foto-y-huellas-digitales-sera-obligatoria\/","url":"https:\/\/conexionnacional.mx\/index.php\/2023\/09\/26\/como-esta-eso-de-que-la-curp-con-foto-y-huellas-digitales-sera-obligatoria\/","name":"\u00bfC\u00f3mo est\u00e1 eso de que la CURP con foto y huellas digitales ser\u00e1 obligatoria? |","isPartOf":{"@id":"https:\/\/conexionnacional.mx\/#website"},"primaryImageOfPage":{"@id":"https:\/\/conexionnacional.mx\/index.php\/2023\/09\/26\/como-esta-eso-de-que-la-curp-con-foto-y-huellas-digitales-sera-obligatoria\/#primaryimage"},"image":{"@id":"https:\/\/conexionnacional.mx\/index.php\/2023\/09\/26\/como-esta-eso-de-que-la-curp-con-foto-y-huellas-digitales-sera-obligatoria\/#primaryimage"},"thumbnailUrl":"https:\/\/conexionnacional.mx\/wp-content\/uploads\/2023\/09\/curp-fotografia-huellas-digitales-obligatorio.webp","datePublished":"2023-09-26T19:02:48+00:00","dateModified":"2023-09-26T19:02:49+00:00","breadcrumb":{"@id":"https:\/\/conexionnacional.mx\/index.php\/2023\/09\/26\/como-esta-eso-de-que-la-curp-con-foto-y-huellas-digitales-sera-obligatoria\/#breadcrumb"},"inLanguage":"es","potentialAction":[{"@type":"ReadAction","target":["https:\/\/conexionnacional.mx\/index.php\/2023\/09\/26\/como-esta-eso-de-que-la-curp-con-foto-y-huellas-digitales-sera-obligatoria\/"]}]},{"@type":"ImageObject","inLanguage":"es","@id":"https:\/\/conexionnacional.mx\/index.php\/2023\/09\/26\/como-esta-eso-de-que-la-curp-con-foto-y-huellas-digitales-sera-obligatoria\/#primaryimage","url":"https:\/\/conexionnacional.mx\/wp-content\/uploads\/2023\/09\/curp-fotografia-huellas-digitales-obligatorio.webp","contentUrl":"https:\/\/conexionnacional.mx\/wp-content\/uploads\/2023\/09\/curp-fotografia-huellas-digitales-obligatorio.webp","width":1120,"height":581},{"@type":"BreadcrumbList","@id":"https:\/\/conexionnacional.mx\/index.php\/2023\/09\/26\/como-esta-eso-de-que-la-curp-con-foto-y-huellas-digitales-sera-obligatoria\/#breadcrumb","itemListElement":[{"@type":"ListItem","position":1,"name":"Inicio","item":"https:\/\/conexionnacional.mx\/"},{"@type":"ListItem","position":2,"name":"\u00bfC\u00f3mo est\u00e1 eso de que la CURP con foto y huellas digitales ser\u00e1 obligatoria?"}]},{"@type":"WebSite","@id":"https:\/\/conexionnacional.mx\/#website","url":"https:\/\/conexionnacional.mx\/","name":"Conexi\u00f3n Nacional","description":"Noticias al momento","publisher":{"@id":"https:\/\/conexionnacional.mx\/#organization"},"alternateName":"Noticias nacionales","potentialAction":[{"@type":"SearchAction","target":{"@type":"EntryPoint","urlTemplate":"https:\/\/conexionnacional.mx\/?s={search_term_string}"},"query-input":{"@type":"PropertyValueSpecification","valueRequired":true,"valueName":"search_term_string"}}],"inLanguage":"es"},{"@type":"Organization","@id":"https:\/\/conexionnacional.mx\/#organization","name":"Conexi\u00f3n Nacional","url":"https:\/\/conexionnacional.mx\/","logo":{"@type":"ImageObject","inLanguage":"es","@id":"https:\/\/conexionnacional.mx\/#\/schema\/logo\/image\/","url":"https:\/\/conexionnacional.mx\/wp-content\/uploads\/2022\/09\/conexion_nacional.png","contentUrl":"https:\/\/conexionnacional.mx\/wp-content\/uploads\/2022\/09\/conexion_nacional.png","width":2964,"height":1173,"caption":"Conexi\u00f3n Nacional"},"image":{"@id":"https:\/\/conexionnacional.mx\/#\/schema\/logo\/image\/"},"sameAs":["https:\/\/www.facebook.com\/cnmxradio"]},{"@type":"Person","@id":"https:\/\/conexionnacional.mx\/#\/schema\/person\/dd14aeda902120f5e0e021903fdb6931","name":"Conexi\u00f3n Nacional","image":{"@type":"ImageObject","inLanguage":"es","@id":"https:\/\/secure.gravatar.com\/avatar\/e523100f284110b2ecca7e17b2be9cf140a5e8f35294c9ec0543e6916cc1f9be?s=96&d=blank&r=g","url":"https:\/\/secure.gravatar.com\/avatar\/e523100f284110b2ecca7e17b2be9cf140a5e8f35294c9ec0543e6916cc1f9be?s=96&d=blank&r=g","contentUrl":"https:\/\/secure.gravatar.com\/avatar\/e523100f284110b2ecca7e17b2be9cf140a5e8f35294c9ec0543e6916cc1f9be?s=96&d=blank&r=g","caption":"Conexi\u00f3n Nacional"},"sameAs":["https:\/\/conexionnacional.mx"],"url":"https:\/\/conexionnacional.mx\/index.php\/author\/administrador\/"}]}},"_links":{"self":[{"href":"https:\/\/conexionnacional.mx\/index.php\/wp-json\/wp\/v2\/posts\/16004","targetHints":{"allow":["GET"]}}],"collection":[{"href":"https:\/\/conexionnacional.mx\/index.php\/wp-json\/wp\/v2\/posts"}],"about":[{"href":"https:\/\/conexionnacional.mx\/index.php\/wp-json\/wp\/v2\/types\/post"}],"author":[{"embeddable":true,"href":"https:\/\/conexionnacional.mx\/index.php\/wp-json\/wp\/v2\/users\/1"}],"replies":[{"embeddable":true,"href":"https:\/\/conexionnacional.mx\/index.php\/wp-json\/wp\/v2\/comments?post=16004"}],"version-history":[{"count":1,"href":"https:\/\/conexionnacional.mx\/index.php\/wp-json\/wp\/v2\/posts\/16004\/revisions"}],"predecessor-version":[{"id":16006,"href":"https:\/\/conexionnacional.mx\/index.php\/wp-json\/wp\/v2\/posts\/16004\/revisions\/16006"}],"wp:featuredmedia":[{"embeddable":true,"href":"https:\/\/conexionnacional.mx\/index.php\/wp-json\/wp\/v2\/media\/16005"}],"wp:attachment":[{"href":"https:\/\/conexionnacional.mx\/index.php\/wp-json\/wp\/v2\/media?parent=16004"}],"wp:term":[{"taxonomy":"category","embeddable":true,"href":"https:\/\/conexionnacional.mx\/index.php\/wp-json\/wp\/v2\/categories?post=16004"},{"taxonomy":"post_tag","embeddable":true,"href":"https:\/\/conexionnacional.mx\/index.php\/wp-json\/wp\/v2\/tags?post=16004"}],"curies":[{"name":"wp","href":"https:\/\/api.w.org\/{rel}","templated":true}]}}