{"id":15720,"date":"2023-09-13T09:21:22","date_gmt":"2023-09-13T15:21:22","guid":{"rendered":"https:\/\/conexionnacional.mx\/?p=15720"},"modified":"2023-09-13T09:21:23","modified_gmt":"2023-09-13T15:21:23","slug":"asi-fue-la-presentacion-historica-de-peso-pluma-en-los-mtv-vmas-2023","status":"publish","type":"post","link":"https:\/\/conexionnacional.mx\/index.php\/2023\/09\/13\/asi-fue-la-presentacion-historica-de-peso-pluma-en-los-mtv-vmas-2023\/","title":{"rendered":"As\u00ed fue la presentaci\u00f3n hist\u00f3rica de Peso Pluma en los MTV VMAs 2023"},"content":{"rendered":"\n<p><strong>Este 12 de septiembre se celebraron los&nbsp;<\/strong><a href=\"https:\/\/us.as.com\/tikitakas\/mtv-video-music-awards-2023-lista-completa-de-ganadores-y-premiados-de-los-vmas-n\/\" target=\"_blank\" rel=\"noreferrer noopener\"><strong>MTV Video Music Awards 2023<\/strong><\/a>desde el Prudential Center en Newark, Nueva Jersey.<\/p>\n\n\n\n<p>En esta edici\u00f3n de los VMAs,<strong>&nbsp;las mujeres y los artistas latinos hicieron historia.<\/strong>&nbsp;Por primera vez desde que se instaur\u00f3 la categor\u00eda \u2018Artista del A\u00f1o\u2019, todas las nominadas fueron mujeres: Beyonc\u00e9, Doja, Karol G, Minaj, Shakira y Taylor Swift.<\/p>\n\n\n\n<p>Por otro lado, esta tambi\u00e9n fue la primera vez que dos de los artistas nominados a \u2018Artista del A\u00f1o\u2019 provienen del mundo de la m\u00fasica latina. Adem\u00e1s, la estrella de la m\u00fasica regional mexicana,<strong>&nbsp;Peso Pluma, se convirti\u00f3 en el primer artista mexicano en presentarse en estos premios.<\/strong><\/p>\n\n\n\n<h3 class=\"wp-block-heading\">As\u00ed fue la presentaci\u00f3n hist\u00f3rica de Peso Pluma en los MTV VMAs 2023<\/h3>\n\n\n\n<p><strong>Peso Pluma lleg\u00f3 a la alfombra rosa de los MTV VMAs luciendo un impecable traje en color blanco<\/strong>, de corte ligeramente setentero y una tank top blanca YSL. El mexicano complement\u00f3 su look con botas de tac\u00f3n en el mismo tono, uun cintur\u00f3 negro, joyer\u00eda plateada y unos lentes negros.<\/p>\n\n\n\n<figure class=\"wp-block-embed is-type-rich is-provider-twitter wp-block-embed-twitter\"><div class=\"wp-block-embed__wrapper\">\n<blockquote class=\"twitter-tweet\" data-width=\"550\" data-dnt=\"true\"><p lang=\"zxx\" dir=\"ltr\"><a href=\"https:\/\/t.co\/q8AP2reIph\">pic.twitter.com\/q8AP2reIph<\/a><\/p>&mdash; media (@entplus_) <a href=\"https:\/\/twitter.com\/entplus_\/status\/1701726340364288189?ref_src=twsrc%5Etfw\">September 12, 2023<\/a><\/blockquote><script async src=\"https:\/\/platform.twitter.com\/widgets.js\" charset=\"utf-8\"><\/script>\n<\/div><\/figure>\n\n\n\n<p>Ya en la ceremonia,&nbsp;<strong>Peso Pluma subi\u00f3 al escenario de los MTV Video Music Awards 2023 para interpretar su reciente \u00e9xito<\/strong>&nbsp;<em><strong>\u2018Lady Gaga\u2019<\/strong><\/em><strong>.&nbsp;<\/strong>El cantante luci\u00f3 un total black look con un gran chaleco y gafas oscuras que le cubrieron la mayor parte de la cara.<\/p>\n\n\n\n<p>Su presentaci\u00f3n\u00a0<strong>inici\u00f3 con un ensamble de cuerdas que interpret\u00f3 un fragmento del movimiento \u201cOto\u00f1o\u201d de la obra\u00a0<\/strong><em><strong>\u201cLas Cuatro Estaciones<\/strong><\/em><strong>\u201d\u00a0<\/strong>de Vivaldi, para luego dar paso al sonido de los corrido tumbados con la canci\u00f3n del \u00e1lbum<em>\u00a0\u2018G\u00e9nesis\u2019.<\/em><\/p>\n\n\n\n<figure class=\"wp-block-embed is-type-video is-provider-youtube wp-block-embed-youtube wp-embed-aspect-16-9 wp-has-aspect-ratio\"><div class=\"wp-block-embed__wrapper\">\nhttps:\/\/youtu.be\/NCOJEnZEmAo\n<\/div><\/figure>\n\n\n\n<p>Adem\u00e1s de su presentaci\u00f3n,&nbsp;<strong>Peso Pluma se encontraba nominado en la categor\u00eda de Artista Latino y Mejor Artista Nuevo.&nbsp;<\/strong>No obstante,&nbsp;<strong>no result\u00f3 vencedor,<\/strong>&nbsp;ya que Anitta y Ice Spice se llevaron esos premios, respectivamente.<\/p>\n","protected":false},"excerpt":{"rendered":"<p>Este 12 de septiembre se celebraron los&nbsp;MTV Video Music Awards 2023desde el Prudential Center en Newark, Nueva Jersey. En esta edici\u00f3n de los VMAs,&nbsp;las mujeres y los artistas latinos hicieron historia.&nbsp;Por primera vez desde que se instaur\u00f3 la categor\u00eda \u2018Artista del A\u00f1o\u2019, todas las nominadas fueron mujeres: Beyonc\u00e9, Doja, Karol G, Minaj, Shakira y Taylor [&hellip;]<\/p>\n","protected":false},"author":1,"featured_media":15721,"comment_status":"closed","ping_status":"closed","sticky":false,"template":"","format":"aside","meta":{"googlesitekit_rrm_CAowytPeCw:productID":"","footnotes":""},"categories":[5063],"tags":[5019,6352],"class_list":["post-15720","post","type-post","status-publish","format-aside","has-post-thumbnail","hentry","category-redes-sociales","tag-peso-pluma","tag-vma-2023","post_format-post-format-aside"],"yoast_head":"<!-- This site is optimized with the Yoast SEO plugin v27.4 - https:\/\/yoast.com\/product\/yoast-seo-wordpress\/ -->\n<title>As\u00ed fue la presentaci\u00f3n hist\u00f3rica de Peso Pluma en los MTV VMAs 2023 |<\/title>\n<meta name=\"robots\" content=\"index, follow, max-snippet:-1, max-image-preview:large, max-video-preview:-1\" \/>\n<link rel=\"canonical\" href=\"https:\/\/conexionnacional.mx\/index.php\/2023\/09\/13\/asi-fue-la-presentacion-historica-de-peso-pluma-en-los-mtv-vmas-2023\/\" \/>\n<meta property=\"og:locale\" content=\"es_MX\" \/>\n<meta property=\"og:type\" content=\"article\" \/>\n<meta property=\"og:title\" content=\"As\u00ed fue la presentaci\u00f3n hist\u00f3rica de Peso Pluma en los MTV VMAs 2023 |\" \/>\n<meta property=\"og:description\" content=\"Este 12 de septiembre se celebraron los&nbsp;MTV Video Music Awards 2023desde el Prudential Center en Newark, Nueva Jersey. En esta edici\u00f3n de los VMAs,&nbsp;las mujeres y los artistas latinos hicieron historia.&nbsp;Por primera vez desde que se instaur\u00f3 la categor\u00eda \u2018Artista del A\u00f1o\u2019, todas las nominadas fueron mujeres: Beyonc\u00e9, Doja, Karol G, Minaj, Shakira y Taylor [&hellip;]\" \/>\n<meta property=\"og:url\" content=\"https:\/\/conexionnacional.mx\/index.php\/2023\/09\/13\/asi-fue-la-presentacion-historica-de-peso-pluma-en-los-mtv-vmas-2023\/\" \/>\n<meta property=\"og:site_name\" content=\"Conexi\u00f3n Nacional\" \/>\n<meta property=\"article:publisher\" content=\"https:\/\/www.facebook.com\/cnmxradio\" \/>\n<meta property=\"article:published_time\" content=\"2023-09-13T15:21:22+00:00\" \/>\n<meta property=\"article:modified_time\" content=\"2023-09-13T15:21:23+00:00\" \/>\n<meta property=\"og:image\" content=\"https:\/\/conexionnacional.mx\/wp-content\/uploads\/2023\/09\/Peso-Pluma-2023-VMAs.webp\" \/>\n\t<meta property=\"og:image:width\" content=\"2560\" \/>\n\t<meta property=\"og:image:height\" content=\"1280\" \/>\n\t<meta property=\"og:image:type\" content=\"image\/webp\" \/>\n<meta name=\"author\" content=\"Conexi\u00f3n Nacional\" \/>\n<meta name=\"twitter:card\" content=\"summary_large_image\" \/>\n<meta name=\"twitter:label1\" content=\"Escrito por\" \/>\n\t<meta name=\"twitter:data1\" content=\"Conexi\u00f3n Nacional\" \/>\n\t<meta name=\"twitter:label2\" content=\"Tiempo de lectura\" \/>\n\t<meta name=\"twitter:data2\" content=\"2 minutos\" \/>\n<script type=\"application\/ld+json\" class=\"yoast-schema-graph\">{\"@context\":\"https:\\\/\\\/schema.org\",\"@graph\":[{\"@type\":\"Article\",\"@id\":\"https:\\\/\\\/conexionnacional.mx\\\/index.php\\\/2023\\\/09\\\/13\\\/asi-fue-la-presentacion-historica-de-peso-pluma-en-los-mtv-vmas-2023\\\/#article\",\"isPartOf\":{\"@id\":\"https:\\\/\\\/conexionnacional.mx\\\/index.php\\\/2023\\\/09\\\/13\\\/asi-fue-la-presentacion-historica-de-peso-pluma-en-los-mtv-vmas-2023\\\/\"},\"author\":{\"name\":\"Conexi\u00f3n Nacional\",\"@id\":\"https:\\\/\\\/conexionnacional.mx\\\/#\\\/schema\\\/person\\\/dd14aeda902120f5e0e021903fdb6931\"},\"headline\":\"As\u00ed fue la presentaci\u00f3n hist\u00f3rica de Peso Pluma en los MTV VMAs 2023\",\"datePublished\":\"2023-09-13T15:21:22+00:00\",\"dateModified\":\"2023-09-13T15:21:23+00:00\",\"mainEntityOfPage\":{\"@id\":\"https:\\\/\\\/conexionnacional.mx\\\/index.php\\\/2023\\\/09\\\/13\\\/asi-fue-la-presentacion-historica-de-peso-pluma-en-los-mtv-vmas-2023\\\/\"},\"wordCount\":374,\"publisher\":{\"@id\":\"https:\\\/\\\/conexionnacional.mx\\\/#organization\"},\"image\":{\"@id\":\"https:\\\/\\\/conexionnacional.mx\\\/index.php\\\/2023\\\/09\\\/13\\\/asi-fue-la-presentacion-historica-de-peso-pluma-en-los-mtv-vmas-2023\\\/#primaryimage\"},\"thumbnailUrl\":\"https:\\\/\\\/conexionnacional.mx\\\/wp-content\\\/uploads\\\/2023\\\/09\\\/Peso-Pluma-2023-VMAs.webp\",\"keywords\":[\"Peso Pluma\",\"VMA 2023\"],\"articleSection\":[\"Redes Sociales\"],\"inLanguage\":\"es\"},{\"@type\":\"WebPage\",\"@id\":\"https:\\\/\\\/conexionnacional.mx\\\/index.php\\\/2023\\\/09\\\/13\\\/asi-fue-la-presentacion-historica-de-peso-pluma-en-los-mtv-vmas-2023\\\/\",\"url\":\"https:\\\/\\\/conexionnacional.mx\\\/index.php\\\/2023\\\/09\\\/13\\\/asi-fue-la-presentacion-historica-de-peso-pluma-en-los-mtv-vmas-2023\\\/\",\"name\":\"As\u00ed fue la presentaci\u00f3n hist\u00f3rica de Peso Pluma en los MTV VMAs 2023 |\",\"isPartOf\":{\"@id\":\"https:\\\/\\\/conexionnacional.mx\\\/#website\"},\"primaryImageOfPage\":{\"@id\":\"https:\\\/\\\/conexionnacional.mx\\\/index.php\\\/2023\\\/09\\\/13\\\/asi-fue-la-presentacion-historica-de-peso-pluma-en-los-mtv-vmas-2023\\\/#primaryimage\"},\"image\":{\"@id\":\"https:\\\/\\\/conexionnacional.mx\\\/index.php\\\/2023\\\/09\\\/13\\\/asi-fue-la-presentacion-historica-de-peso-pluma-en-los-mtv-vmas-2023\\\/#primaryimage\"},\"thumbnailUrl\":\"https:\\\/\\\/conexionnacional.mx\\\/wp-content\\\/uploads\\\/2023\\\/09\\\/Peso-Pluma-2023-VMAs.webp\",\"datePublished\":\"2023-09-13T15:21:22+00:00\",\"dateModified\":\"2023-09-13T15:21:23+00:00\",\"breadcrumb\":{\"@id\":\"https:\\\/\\\/conexionnacional.mx\\\/index.php\\\/2023\\\/09\\\/13\\\/asi-fue-la-presentacion-historica-de-peso-pluma-en-los-mtv-vmas-2023\\\/#breadcrumb\"},\"inLanguage\":\"es\",\"potentialAction\":[{\"@type\":\"ReadAction\",\"target\":[\"https:\\\/\\\/conexionnacional.mx\\\/index.php\\\/2023\\\/09\\\/13\\\/asi-fue-la-presentacion-historica-de-peso-pluma-en-los-mtv-vmas-2023\\\/\"]}]},{\"@type\":\"ImageObject\",\"inLanguage\":\"es\",\"@id\":\"https:\\\/\\\/conexionnacional.mx\\\/index.php\\\/2023\\\/09\\\/13\\\/asi-fue-la-presentacion-historica-de-peso-pluma-en-los-mtv-vmas-2023\\\/#primaryimage\",\"url\":\"https:\\\/\\\/conexionnacional.mx\\\/wp-content\\\/uploads\\\/2023\\\/09\\\/Peso-Pluma-2023-VMAs.webp\",\"contentUrl\":\"https:\\\/\\\/conexionnacional.mx\\\/wp-content\\\/uploads\\\/2023\\\/09\\\/Peso-Pluma-2023-VMAs.webp\",\"width\":2560,\"height\":1280},{\"@type\":\"BreadcrumbList\",\"@id\":\"https:\\\/\\\/conexionnacional.mx\\\/index.php\\\/2023\\\/09\\\/13\\\/asi-fue-la-presentacion-historica-de-peso-pluma-en-los-mtv-vmas-2023\\\/#breadcrumb\",\"itemListElement\":[{\"@type\":\"ListItem\",\"position\":1,\"name\":\"Inicio\",\"item\":\"https:\\\/\\\/conexionnacional.mx\\\/\"},{\"@type\":\"ListItem\",\"position\":2,\"name\":\"As\u00ed fue la presentaci\u00f3n hist\u00f3rica de Peso Pluma en los MTV VMAs 2023\"}]},{\"@type\":\"WebSite\",\"@id\":\"https:\\\/\\\/conexionnacional.mx\\\/#website\",\"url\":\"https:\\\/\\\/conexionnacional.mx\\\/\",\"name\":\"Conexi\u00f3n Nacional\",\"description\":\"Noticias al momento\",\"publisher\":{\"@id\":\"https:\\\/\\\/conexionnacional.mx\\\/#organization\"},\"alternateName\":\"Noticias nacionales\",\"potentialAction\":[{\"@type\":\"SearchAction\",\"target\":{\"@type\":\"EntryPoint\",\"urlTemplate\":\"https:\\\/\\\/conexionnacional.mx\\\/?s={search_term_string}\"},\"query-input\":{\"@type\":\"PropertyValueSpecification\",\"valueRequired\":true,\"valueName\":\"search_term_string\"}}],\"inLanguage\":\"es\"},{\"@type\":\"Organization\",\"@id\":\"https:\\\/\\\/conexionnacional.mx\\\/#organization\",\"name\":\"Conexi\u00f3n Nacional\",\"url\":\"https:\\\/\\\/conexionnacional.mx\\\/\",\"logo\":{\"@type\":\"ImageObject\",\"inLanguage\":\"es\",\"@id\":\"https:\\\/\\\/conexionnacional.mx\\\/#\\\/schema\\\/logo\\\/image\\\/\",\"url\":\"https:\\\/\\\/conexionnacional.mx\\\/wp-content\\\/uploads\\\/2022\\\/09\\\/conexion_nacional.png\",\"contentUrl\":\"https:\\\/\\\/conexionnacional.mx\\\/wp-content\\\/uploads\\\/2022\\\/09\\\/conexion_nacional.png\",\"width\":2964,\"height\":1173,\"caption\":\"Conexi\u00f3n Nacional\"},\"image\":{\"@id\":\"https:\\\/\\\/conexionnacional.mx\\\/#\\\/schema\\\/logo\\\/image\\\/\"},\"sameAs\":[\"https:\\\/\\\/www.facebook.com\\\/cnmxradio\"]},{\"@type\":\"Person\",\"@id\":\"https:\\\/\\\/conexionnacional.mx\\\/#\\\/schema\\\/person\\\/dd14aeda902120f5e0e021903fdb6931\",\"name\":\"Conexi\u00f3n Nacional\",\"image\":{\"@type\":\"ImageObject\",\"inLanguage\":\"es\",\"@id\":\"https:\\\/\\\/secure.gravatar.com\\\/avatar\\\/e523100f284110b2ecca7e17b2be9cf140a5e8f35294c9ec0543e6916cc1f9be?s=96&d=blank&r=g\",\"url\":\"https:\\\/\\\/secure.gravatar.com\\\/avatar\\\/e523100f284110b2ecca7e17b2be9cf140a5e8f35294c9ec0543e6916cc1f9be?s=96&d=blank&r=g\",\"contentUrl\":\"https:\\\/\\\/secure.gravatar.com\\\/avatar\\\/e523100f284110b2ecca7e17b2be9cf140a5e8f35294c9ec0543e6916cc1f9be?s=96&d=blank&r=g\",\"caption\":\"Conexi\u00f3n Nacional\"},\"sameAs\":[\"https:\\\/\\\/conexionnacional.mx\"],\"url\":\"https:\\\/\\\/conexionnacional.mx\\\/index.php\\\/author\\\/administrador\\\/\"}]}<\/script>\n<!-- \/ Yoast SEO plugin. -->","yoast_head_json":{"title":"As\u00ed fue la presentaci\u00f3n hist\u00f3rica de Peso Pluma en los MTV VMAs 2023 |","robots":{"index":"index","follow":"follow","max-snippet":"max-snippet:-1","max-image-preview":"max-image-preview:large","max-video-preview":"max-video-preview:-1"},"canonical":"https:\/\/conexionnacional.mx\/index.php\/2023\/09\/13\/asi-fue-la-presentacion-historica-de-peso-pluma-en-los-mtv-vmas-2023\/","og_locale":"es_MX","og_type":"article","og_title":"As\u00ed fue la presentaci\u00f3n hist\u00f3rica de Peso Pluma en los MTV VMAs 2023 |","og_description":"Este 12 de septiembre se celebraron los&nbsp;MTV Video Music Awards 2023desde el Prudential Center en Newark, Nueva Jersey. En esta edici\u00f3n de los VMAs,&nbsp;las mujeres y los artistas latinos hicieron historia.&nbsp;Por primera vez desde que se instaur\u00f3 la categor\u00eda \u2018Artista del A\u00f1o\u2019, todas las nominadas fueron mujeres: Beyonc\u00e9, Doja, Karol G, Minaj, Shakira y Taylor [&hellip;]","og_url":"https:\/\/conexionnacional.mx\/index.php\/2023\/09\/13\/asi-fue-la-presentacion-historica-de-peso-pluma-en-los-mtv-vmas-2023\/","og_site_name":"Conexi\u00f3n Nacional","article_publisher":"https:\/\/www.facebook.com\/cnmxradio","article_published_time":"2023-09-13T15:21:22+00:00","article_modified_time":"2023-09-13T15:21:23+00:00","og_image":[{"width":2560,"height":1280,"url":"https:\/\/conexionnacional.mx\/wp-content\/uploads\/2023\/09\/Peso-Pluma-2023-VMAs.webp","type":"image\/webp"}],"author":"Conexi\u00f3n Nacional","twitter_card":"summary_large_image","twitter_misc":{"Escrito por":"Conexi\u00f3n Nacional","Tiempo de lectura":"2 minutos"},"schema":{"@context":"https:\/\/schema.org","@graph":[{"@type":"Article","@id":"https:\/\/conexionnacional.mx\/index.php\/2023\/09\/13\/asi-fue-la-presentacion-historica-de-peso-pluma-en-los-mtv-vmas-2023\/#article","isPartOf":{"@id":"https:\/\/conexionnacional.mx\/index.php\/2023\/09\/13\/asi-fue-la-presentacion-historica-de-peso-pluma-en-los-mtv-vmas-2023\/"},"author":{"name":"Conexi\u00f3n Nacional","@id":"https:\/\/conexionnacional.mx\/#\/schema\/person\/dd14aeda902120f5e0e021903fdb6931"},"headline":"As\u00ed fue la presentaci\u00f3n hist\u00f3rica de Peso Pluma en los MTV VMAs 2023","datePublished":"2023-09-13T15:21:22+00:00","dateModified":"2023-09-13T15:21:23+00:00","mainEntityOfPage":{"@id":"https:\/\/conexionnacional.mx\/index.php\/2023\/09\/13\/asi-fue-la-presentacion-historica-de-peso-pluma-en-los-mtv-vmas-2023\/"},"wordCount":374,"publisher":{"@id":"https:\/\/conexionnacional.mx\/#organization"},"image":{"@id":"https:\/\/conexionnacional.mx\/index.php\/2023\/09\/13\/asi-fue-la-presentacion-historica-de-peso-pluma-en-los-mtv-vmas-2023\/#primaryimage"},"thumbnailUrl":"https:\/\/conexionnacional.mx\/wp-content\/uploads\/2023\/09\/Peso-Pluma-2023-VMAs.webp","keywords":["Peso Pluma","VMA 2023"],"articleSection":["Redes Sociales"],"inLanguage":"es"},{"@type":"WebPage","@id":"https:\/\/conexionnacional.mx\/index.php\/2023\/09\/13\/asi-fue-la-presentacion-historica-de-peso-pluma-en-los-mtv-vmas-2023\/","url":"https:\/\/conexionnacional.mx\/index.php\/2023\/09\/13\/asi-fue-la-presentacion-historica-de-peso-pluma-en-los-mtv-vmas-2023\/","name":"As\u00ed fue la presentaci\u00f3n hist\u00f3rica de Peso Pluma en los MTV VMAs 2023 |","isPartOf":{"@id":"https:\/\/conexionnacional.mx\/#website"},"primaryImageOfPage":{"@id":"https:\/\/conexionnacional.mx\/index.php\/2023\/09\/13\/asi-fue-la-presentacion-historica-de-peso-pluma-en-los-mtv-vmas-2023\/#primaryimage"},"image":{"@id":"https:\/\/conexionnacional.mx\/index.php\/2023\/09\/13\/asi-fue-la-presentacion-historica-de-peso-pluma-en-los-mtv-vmas-2023\/#primaryimage"},"thumbnailUrl":"https:\/\/conexionnacional.mx\/wp-content\/uploads\/2023\/09\/Peso-Pluma-2023-VMAs.webp","datePublished":"2023-09-13T15:21:22+00:00","dateModified":"2023-09-13T15:21:23+00:00","breadcrumb":{"@id":"https:\/\/conexionnacional.mx\/index.php\/2023\/09\/13\/asi-fue-la-presentacion-historica-de-peso-pluma-en-los-mtv-vmas-2023\/#breadcrumb"},"inLanguage":"es","potentialAction":[{"@type":"ReadAction","target":["https:\/\/conexionnacional.mx\/index.php\/2023\/09\/13\/asi-fue-la-presentacion-historica-de-peso-pluma-en-los-mtv-vmas-2023\/"]}]},{"@type":"ImageObject","inLanguage":"es","@id":"https:\/\/conexionnacional.mx\/index.php\/2023\/09\/13\/asi-fue-la-presentacion-historica-de-peso-pluma-en-los-mtv-vmas-2023\/#primaryimage","url":"https:\/\/conexionnacional.mx\/wp-content\/uploads\/2023\/09\/Peso-Pluma-2023-VMAs.webp","contentUrl":"https:\/\/conexionnacional.mx\/wp-content\/uploads\/2023\/09\/Peso-Pluma-2023-VMAs.webp","width":2560,"height":1280},{"@type":"BreadcrumbList","@id":"https:\/\/conexionnacional.mx\/index.php\/2023\/09\/13\/asi-fue-la-presentacion-historica-de-peso-pluma-en-los-mtv-vmas-2023\/#breadcrumb","itemListElement":[{"@type":"ListItem","position":1,"name":"Inicio","item":"https:\/\/conexionnacional.mx\/"},{"@type":"ListItem","position":2,"name":"As\u00ed fue la presentaci\u00f3n hist\u00f3rica de Peso Pluma en los MTV VMAs 2023"}]},{"@type":"WebSite","@id":"https:\/\/conexionnacional.mx\/#website","url":"https:\/\/conexionnacional.mx\/","name":"Conexi\u00f3n Nacional","description":"Noticias al momento","publisher":{"@id":"https:\/\/conexionnacional.mx\/#organization"},"alternateName":"Noticias nacionales","potentialAction":[{"@type":"SearchAction","target":{"@type":"EntryPoint","urlTemplate":"https:\/\/conexionnacional.mx\/?s={search_term_string}"},"query-input":{"@type":"PropertyValueSpecification","valueRequired":true,"valueName":"search_term_string"}}],"inLanguage":"es"},{"@type":"Organization","@id":"https:\/\/conexionnacional.mx\/#organization","name":"Conexi\u00f3n Nacional","url":"https:\/\/conexionnacional.mx\/","logo":{"@type":"ImageObject","inLanguage":"es","@id":"https:\/\/conexionnacional.mx\/#\/schema\/logo\/image\/","url":"https:\/\/conexionnacional.mx\/wp-content\/uploads\/2022\/09\/conexion_nacional.png","contentUrl":"https:\/\/conexionnacional.mx\/wp-content\/uploads\/2022\/09\/conexion_nacional.png","width":2964,"height":1173,"caption":"Conexi\u00f3n Nacional"},"image":{"@id":"https:\/\/conexionnacional.mx\/#\/schema\/logo\/image\/"},"sameAs":["https:\/\/www.facebook.com\/cnmxradio"]},{"@type":"Person","@id":"https:\/\/conexionnacional.mx\/#\/schema\/person\/dd14aeda902120f5e0e021903fdb6931","name":"Conexi\u00f3n Nacional","image":{"@type":"ImageObject","inLanguage":"es","@id":"https:\/\/secure.gravatar.com\/avatar\/e523100f284110b2ecca7e17b2be9cf140a5e8f35294c9ec0543e6916cc1f9be?s=96&d=blank&r=g","url":"https:\/\/secure.gravatar.com\/avatar\/e523100f284110b2ecca7e17b2be9cf140a5e8f35294c9ec0543e6916cc1f9be?s=96&d=blank&r=g","contentUrl":"https:\/\/secure.gravatar.com\/avatar\/e523100f284110b2ecca7e17b2be9cf140a5e8f35294c9ec0543e6916cc1f9be?s=96&d=blank&r=g","caption":"Conexi\u00f3n Nacional"},"sameAs":["https:\/\/conexionnacional.mx"],"url":"https:\/\/conexionnacional.mx\/index.php\/author\/administrador\/"}]}},"_links":{"self":[{"href":"https:\/\/conexionnacional.mx\/index.php\/wp-json\/wp\/v2\/posts\/15720","targetHints":{"allow":["GET"]}}],"collection":[{"href":"https:\/\/conexionnacional.mx\/index.php\/wp-json\/wp\/v2\/posts"}],"about":[{"href":"https:\/\/conexionnacional.mx\/index.php\/wp-json\/wp\/v2\/types\/post"}],"author":[{"embeddable":true,"href":"https:\/\/conexionnacional.mx\/index.php\/wp-json\/wp\/v2\/users\/1"}],"replies":[{"embeddable":true,"href":"https:\/\/conexionnacional.mx\/index.php\/wp-json\/wp\/v2\/comments?post=15720"}],"version-history":[{"count":1,"href":"https:\/\/conexionnacional.mx\/index.php\/wp-json\/wp\/v2\/posts\/15720\/revisions"}],"predecessor-version":[{"id":15722,"href":"https:\/\/conexionnacional.mx\/index.php\/wp-json\/wp\/v2\/posts\/15720\/revisions\/15722"}],"wp:featuredmedia":[{"embeddable":true,"href":"https:\/\/conexionnacional.mx\/index.php\/wp-json\/wp\/v2\/media\/15721"}],"wp:attachment":[{"href":"https:\/\/conexionnacional.mx\/index.php\/wp-json\/wp\/v2\/media?parent=15720"}],"wp:term":[{"taxonomy":"category","embeddable":true,"href":"https:\/\/conexionnacional.mx\/index.php\/wp-json\/wp\/v2\/categories?post=15720"},{"taxonomy":"post_tag","embeddable":true,"href":"https:\/\/conexionnacional.mx\/index.php\/wp-json\/wp\/v2\/tags?post=15720"}],"curies":[{"name":"wp","href":"https:\/\/api.w.org\/{rel}","templated":true}]}}