{"id":15545,"date":"2023-09-06T15:43:07","date_gmt":"2023-09-06T21:43:07","guid":{"rendered":"https:\/\/conexionnacional.mx\/?p=15545"},"modified":"2023-09-06T15:43:08","modified_gmt":"2023-09-06T21:43:08","slug":"el-legado-de-amlo-no-termina-en-2024-estos-son-los-pendientes-que-el-presidente-heredara-a-su-sucesor","status":"publish","type":"post","link":"https:\/\/conexionnacional.mx\/index.php\/2023\/09\/06\/el-legado-de-amlo-no-termina-en-2024-estos-son-los-pendientes-que-el-presidente-heredara-a-su-sucesor\/","title":{"rendered":"El legado de AMLO no termina en 2024: estos son los pendientes que el presidente heredar\u00e1 a su sucesor"},"content":{"rendered":"\n<p>Se acerca el fin del sexenio del presidente de M\u00e9xico, Andr\u00e9s Manuel L\u00f3pez Obrador (<strong>AMLO<\/strong>). El tabasque\u00f1o dejar\u00e1 su cargo el\u00a01\u00a0de octubre de 2024, por lo que faltan 14\u00a0meses para que el mandatario concluya su administraci\u00f3n.\u00a0El pasado 1 de septiembre present\u00f3 su\u00a0Quinto Informe de Gobierno\u00a0en el que destac\u00f3 sus principales logros; no obstante, a\u00fan hay varios compromisos pendientes por cumplir\u00a0de los\u00a0<strong>100 que\u00a0ley\u00f3\u00a0el 1 de diciembre de 2018<\/strong>\u00a0en Z\u00f3calo de la Ciudad de M\u00e9xico.<\/p>\n\n\n\n<p>Por otro lado, cabe mencionar que tanto la oposici\u00f3n como Morena comienzan a definir su ruta para elegir al candidato que los representar\u00e1\u00a0rumbo a las elecciones del 2024. El ganador o ganadora de los comicios del pr\u00f3ximo a\u00f1o se quedar\u00e1 con pendientes que el actual presidente\u00a0dejar\u00e1 al terminar su administraci\u00f3n. A continuaci\u00f3n se enlista una serie de compromisos que el tabasque\u00f1o ya no alcanzar\u00eda\u00a0a cumplir:<\/p>\n\n\n\n<figure class=\"wp-block-embed is-type-video is-provider-youtube wp-block-embed-youtube wp-embed-aspect-16-9 wp-has-aspect-ratio\"><div class=\"wp-block-embed__wrapper\">\n<div class=\"jlvid_container \"><iframe title=\"Quinto Informe de Gobierno | AMLO destaca logros de la Cuarta Transformaci\u00f3n en M\u00e9xico\" width=\"1200\" height=\"675\" src=\"https:\/\/www.youtube.com\/embed\/afFm6sg7qWU?feature=oembed\" frameborder=\"0\" allow=\"accelerometer; autoplay; clipboard-write; encrypted-media; gyroscope; picture-in-picture; web-share\" referrerpolicy=\"strict-origin-when-cross-origin\" allowfullscreen><\/iframe><\/div>\n<\/div><\/figure>\n\n\n\n<h3 class=\"wp-block-heading\">1. Mejoras en el sistema de salud&nbsp;<\/h3>\n\n\n\n<p>El presidente ha prometido&nbsp;tendr\u00e1&nbsp;uno de los mejores sistemas de salud p\u00fablica,&nbsp;<strong>&#8220;como el de Dinamarca y puede que mejor&#8221;.<\/strong>&nbsp;Seg\u00fan el mandatario, esto implicar\u00eda tener&nbsp;un sistema de salud de calidad para todos, en buen estado, con m\u00e9dicos generales a diario, medicamentos&nbsp;y acceso a hospitales de segundo nivel con especialistas. El mandatario mexicano ha&nbsp;dicho en reiteradas ocasiones que antes de que termine el 2023 estar\u00e1 en marcha el programa IMSS-Bienestar para atender a la poblaci\u00f3n que no tiene&nbsp;seguridad social.<\/p>\n\n\n\n<blockquote class=\"wp-block-quote is-layout-flow wp-block-quote-is-layout-flow\">\n<p>\u201cPoco a poco se ir\u00e1 ampliando el programa hasta que logremos, a mediados del sexenio, establecer un sistema de salud de primera, como en Canad\u00e1 o en los pa\u00edses n\u00f3rdicos\u201d, dice el compromiso numero 13.<\/p>\n<\/blockquote>\n\n\n\n<figure class=\"wp-block-image\"><img decoding=\"async\" src=\"data:image\/gif;base64,R0lGODlhAQABAAAAACH5BAEKAAEALAAAAAABAAEAAAICTAEAOw==\" data-src=\"https:\/\/heraldodemexico.com.mx\/u\/fotografias\/m\/2023\/9\/6\/f768x400-797770_841673_15.jpg\" class=\"lazyload\" alt=\"\"\/><figcaption class=\"wp-element-caption\">Zo\u00e9 Robledo, titular del IMSS. Foto: Cuartoscuro&nbsp;<\/figcaption><\/figure>\n\n\n\n<h3 class=\"wp-block-heading\">2. Descentralizaci\u00f3n de secretar\u00edas<\/h3>\n\n\n\n<p>Con el fin de lograr el desarrollo econ\u00f3mico de M\u00e9xico, el presidente se comprometi\u00f3 a descentralizar el gobierno; sin embargo, esta mudanza ha sido gradual. Una de las primeras en iniciar con este proceso fue la SEP hacia&nbsp;Puebla capital, aunque no se llevado a cabo al 100 por ciento.&nbsp;<\/p>\n\n\n\n<blockquote class=\"wp-block-quote is-layout-flow wp-block-quote-is-layout-flow\">\n<p>&#8220;Lo de Ayotzinapa y lo de la descentralizaci\u00f3n que no hemos podido cumplir&#8221;, reconoci\u00f3 en una de sus conferencias matutinas.<\/p>\n<\/blockquote>\n\n\n\n<p>La Secretar\u00eda de Energ\u00eda (Sener) ya opera desde Villahermosa, Tabasco, tambi\u00e9n la Comisi\u00f3n Nacional de Pesca y Acuacultura (Conapesca) complet\u00f3 su mudanza, en cambio otras m\u00e1s cuentan con avances parciales, entre ellas, las secretar\u00eda de Salud, la Comisi\u00f3n Nacional del Agua, as\u00ed como las subsecretar\u00edas de Miner\u00eda y Ganader\u00eda. Por otro lado, hay otras que por cuestiones de seguridad nacional se mantendr\u00e1n en la Ciudad de M\u00e9xico: la Sedena, la Marina, Gobernaci\u00f3n y la de Hacienda y Cr\u00e9dito P\u00fablico.<\/p>\n\n\n\n<figure class=\"wp-block-image\"><img decoding=\"async\" src=\"data:image\/gif;base64,R0lGODlhAQABAAAAACH5BAEKAAEALAAAAAABAAEAAAICTAEAOw==\" data-src=\"https:\/\/heraldodemexico.com.mx\/u\/fotografias\/m\/2023\/9\/6\/f768x400-797766_841669_3.jpg\" class=\"lazyload\" alt=\"\"\/><figcaption class=\"wp-element-caption\">Secretar\u00eda de Salud en Guerrero. Foto: Cuartoscuro<\/figcaption><\/figure>\n\n\n\n<h3 class=\"wp-block-heading\">3. Caso Ayotzinapa<\/h3>\n\n\n\n<p>En julio pasado, el presidente inform\u00f3&nbsp;que&nbsp;los integrantes del Grupo Interdisciplinario de Expertos Independientes (GIEI) decidieron terminar con su apoyo en&nbsp;la investigaci\u00f3n sobre&nbsp;la desaparici\u00f3n de los 43 normalistas&nbsp;de Ayotzinapa; sin embargo, garantiz\u00f3 a los familiares de las v\u00edctimas que se conocer\u00e1 toda la verdad del caso.<\/p>\n\n\n\n<p>Al ser cuestionado por los medios de comunicaci\u00f3n si&nbsp;la investigaci\u00f3n concluir\u00eda en septiembre de este a\u00f1o,&nbsp;cuando se cumplen nueve a\u00f1os de la desaparici\u00f3n de los estudiantes de la Normal \u201cRa\u00fal Isidro Burgos\u201d, AMLO declar\u00f3: \u201dYo tengo el compromiso de llegar a conocer toda la verdad, a que se conozca toda la verdad sobre la desaparici\u00f3n de los j\u00f3venes y es un compromiso que voy a cumplir, lo estoy cumpliendo, se va a avanzando y mucho\u201d, garantiz\u00f3.<\/p>\n\n\n\n<figure class=\"wp-block-image\"><img decoding=\"async\" src=\"data:image\/gif;base64,R0lGODlhAQABAAAAACH5BAEKAAEALAAAAAABAAEAAAICTAEAOw==\" data-src=\"https:\/\/heraldodemexico.com.mx\/u\/fotografias\/m\/2023\/9\/6\/f768x400-797761_841664_5050.jpg\" class=\"lazyload\" alt=\"\"\/><figcaption class=\"wp-element-caption\">Se cumplen 9 a\u00f1os del caso de normalistas. Foto: Cuartoscuro<\/figcaption><\/figure>\n\n\n\n<h3 class=\"wp-block-heading\">4. Refinar en&nbsp;2 Bocas<\/h3>\n\n\n\n<p>Aunque la Refiner\u00eda Olmeca, en Dos Bocas, Tabasco, fue inaugurada el 1 de julio del 2022, hasta el momento no se establecido una fecha para que inicie operaciones en&nbsp;su m\u00e1xima capacidad, por lo que sigue pendiente.&nbsp;La meta es que en Dos Bocas se refinen 340,000 barriles diarios que permitan a M\u00e9xico acercarse a la autosuficiencia energ\u00e9tica.<\/p>\n\n\n\n<blockquote class=\"wp-block-quote is-layout-flow wp-block-quote-is-layout-flow\">\n<p>\u201cSe est\u00e1 haciendo en un tiempo r\u00e9cord, porque cuando se licit\u00f3 la obra, las grandes empresas constructoras de refiner\u00edas quer\u00edan que se aceptara su terminaci\u00f3n hasta el 25, 2025, y dijimos: No, la tenemos que terminar a m\u00e1s tardar en el 23, y eso lo que est\u00e1 sucediendo. Ya est\u00e1 terminada, est\u00e1 en una fase de integraci\u00f3n. Lleva tiempo tambi\u00e9n el periodo de prueba, pero yo espero que el a\u00f1o pr\u00f3ximo ya est\u00e9 produciendo a toda su capacidad, que podamos tenerla a m\u00e1s tardar a mediados del a\u00f1o pr\u00f3ximo\u201d, declar\u00f3 el mandatario.<\/p>\n<\/blockquote>\n\n\n\n<h3 class=\"wp-block-heading\">5. Seguridad<\/h3>\n\n\n\n<p>De acuerdo con el Secretariado Ejecutivo del Sistema Nacional de Seguridad, durante el sexenio del presidente L\u00f3pez Obrador&nbsp; de diciembre de 2018 a abril de 2023 suman ya mas de 192 mil homicidios. Adem\u00e1s, seg\u00fan datos del Registro Nacional de Personas Desaparecidas y No Localizadas (RNPDNO), del 1 de diciembre de 2018 a mayo de 2023, en M\u00e9xico desaparecieron m\u00e1s de 33 mil personas, lo que indica que su estrategia de &#8220;Abrazos no balazos&#8221; no ha tenido los resultados esperados.<\/p>\n\n\n\n<figure class=\"wp-block-image\"><img decoding=\"async\" src=\"data:image\/gif;base64,R0lGODlhAQABAAAAACH5BAEKAAEALAAAAAABAAEAAAICTAEAOw==\" data-src=\"https:\/\/heraldodemexico.com.mx\/u\/fotografias\/m\/2023\/8\/9\/f768x400-781126_825029_5050.jpg\" class=\"lazyload\" alt=\"\"\/><figcaption class=\"wp-element-caption\">Foto: Cuartoscuro<\/figcaption><\/figure>\n\n\n\n<h2 class=\"wp-block-heading\">\u00bfCu\u00e1les son las reformas que quedan pendientes para el sucesor de AMLO?<\/h2>\n\n\n\n<p>El presidente Andr\u00e9s Manuel L\u00f3pez Obrador dijo que dejar\u00e1 una lista de reformas \u201cpendientes\u201d para su sucesor, con el fin de que contin\u00fae la \u201ctransformaci\u00f3n\u201d de su gobierno, pues admiti\u00f3 que ya no le daba tiempo de concluir.<\/p>\n\n\n\n<blockquote class=\"wp-block-quote is-layout-flow wp-block-quote-is-layout-flow\">\n<p>&#8220;Voy a dejar una lista de las reformas pendientes, y no me va a tocar a m\u00ed porque ya no tengo tiempo, debo dedicarme de cuerpo y alma a concluir las obras, a consolidar los programas de bienestar, a dejar bien sentadas las bases para la transformaci\u00f3n del pa\u00eds. Pero s\u00ed hacen falta otras reformas\u201d, admiti\u00f3 el mandatario.<\/p>\n<\/blockquote>\n\n\n\n<p>1. Reforma al Poder Judicial<\/p>\n\n\n\n<p>2. Reforma para eliminar organismos &#8220;saqueo&#8221;<\/p>\n","protected":false},"excerpt":{"rendered":"<p>Se acerca el fin del sexenio del presidente de M\u00e9xico, Andr\u00e9s Manuel L\u00f3pez Obrador (AMLO). El tabasque\u00f1o dejar\u00e1 su cargo el\u00a01\u00a0de octubre de 2024, por lo que faltan 14\u00a0meses para que el mandatario concluya su administraci\u00f3n.\u00a0El pasado 1 de septiembre present\u00f3 su\u00a0Quinto Informe de Gobierno\u00a0en el que destac\u00f3 sus principales logros; no obstante, a\u00fan hay [&hellip;]<\/p>\n","protected":false},"author":1,"featured_media":15546,"comment_status":"closed","ping_status":"closed","sticky":false,"template":"","format":"aside","meta":{"googlesitekit_rrm_CAowytPeCw:productID":"","footnotes":""},"categories":[3],"tags":[7,6315],"class_list":["post-15545","post","type-post","status-publish","format-aside","has-post-thumbnail","hentry","category-nacional","tag-amlo","tag-elecciones-2024","post_format-post-format-aside"],"yoast_head":"<!-- This site is optimized with the Yoast SEO plugin v27.4 - https:\/\/yoast.com\/product\/yoast-seo-wordpress\/ -->\n<title>El legado de AMLO no termina en 2024: estos son los pendientes que el presidente heredar\u00e1 a su sucesor |<\/title>\n<meta name=\"robots\" content=\"index, follow, max-snippet:-1, max-image-preview:large, max-video-preview:-1\" \/>\n<link rel=\"canonical\" href=\"https:\/\/conexionnacional.mx\/index.php\/2023\/09\/06\/el-legado-de-amlo-no-termina-en-2024-estos-son-los-pendientes-que-el-presidente-heredara-a-su-sucesor\/\" \/>\n<meta property=\"og:locale\" content=\"es_MX\" \/>\n<meta property=\"og:type\" content=\"article\" \/>\n<meta property=\"og:title\" content=\"El legado de AMLO no termina en 2024: estos son los pendientes que el presidente heredar\u00e1 a su sucesor |\" \/>\n<meta property=\"og:description\" content=\"Se acerca el fin del sexenio del presidente de M\u00e9xico, Andr\u00e9s Manuel L\u00f3pez Obrador (AMLO). El tabasque\u00f1o dejar\u00e1 su cargo el\u00a01\u00a0de octubre de 2024, por lo que faltan 14\u00a0meses para que el mandatario concluya su administraci\u00f3n.\u00a0El pasado 1 de septiembre present\u00f3 su\u00a0Quinto Informe de Gobierno\u00a0en el que destac\u00f3 sus principales logros; no obstante, a\u00fan hay [&hellip;]\" \/>\n<meta property=\"og:url\" content=\"https:\/\/conexionnacional.mx\/index.php\/2023\/09\/06\/el-legado-de-amlo-no-termina-en-2024-estos-son-los-pendientes-que-el-presidente-heredara-a-su-sucesor\/\" \/>\n<meta property=\"og:site_name\" content=\"Conexi\u00f3n Nacional\" \/>\n<meta property=\"article:publisher\" content=\"https:\/\/www.facebook.com\/cnmxradio\" \/>\n<meta property=\"article:published_time\" content=\"2023-09-06T21:43:07+00:00\" \/>\n<meta property=\"article:modified_time\" content=\"2023-09-06T21:43:08+00:00\" \/>\n<meta property=\"og:image\" content=\"https:\/\/conexionnacional.mx\/wp-content\/uploads\/2023\/09\/f960x540-797774_871849_0.jpg\" \/>\n\t<meta property=\"og:image:width\" content=\"960\" \/>\n\t<meta property=\"og:image:height\" content=\"540\" \/>\n\t<meta property=\"og:image:type\" content=\"image\/jpeg\" \/>\n<meta name=\"author\" content=\"Conexi\u00f3n Nacional\" \/>\n<meta name=\"twitter:card\" content=\"summary_large_image\" \/>\n<meta name=\"twitter:label1\" content=\"Escrito por\" \/>\n\t<meta name=\"twitter:data1\" content=\"Conexi\u00f3n Nacional\" \/>\n\t<meta name=\"twitter:label2\" content=\"Tiempo de lectura\" \/>\n\t<meta name=\"twitter:data2\" content=\"5 minutos\" \/>\n<script type=\"application\/ld+json\" class=\"yoast-schema-graph\">{\"@context\":\"https:\\\/\\\/schema.org\",\"@graph\":[{\"@type\":\"Article\",\"@id\":\"https:\\\/\\\/conexionnacional.mx\\\/index.php\\\/2023\\\/09\\\/06\\\/el-legado-de-amlo-no-termina-en-2024-estos-son-los-pendientes-que-el-presidente-heredara-a-su-sucesor\\\/#article\",\"isPartOf\":{\"@id\":\"https:\\\/\\\/conexionnacional.mx\\\/index.php\\\/2023\\\/09\\\/06\\\/el-legado-de-amlo-no-termina-en-2024-estos-son-los-pendientes-que-el-presidente-heredara-a-su-sucesor\\\/\"},\"author\":{\"name\":\"Conexi\u00f3n Nacional\",\"@id\":\"https:\\\/\\\/conexionnacional.mx\\\/#\\\/schema\\\/person\\\/dd14aeda902120f5e0e021903fdb6931\"},\"headline\":\"El legado de AMLO no termina en 2024: estos son los pendientes que el presidente heredar\u00e1 a su sucesor\",\"datePublished\":\"2023-09-06T21:43:07+00:00\",\"dateModified\":\"2023-09-06T21:43:08+00:00\",\"mainEntityOfPage\":{\"@id\":\"https:\\\/\\\/conexionnacional.mx\\\/index.php\\\/2023\\\/09\\\/06\\\/el-legado-de-amlo-no-termina-en-2024-estos-son-los-pendientes-que-el-presidente-heredara-a-su-sucesor\\\/\"},\"wordCount\":1041,\"publisher\":{\"@id\":\"https:\\\/\\\/conexionnacional.mx\\\/#organization\"},\"image\":{\"@id\":\"https:\\\/\\\/conexionnacional.mx\\\/index.php\\\/2023\\\/09\\\/06\\\/el-legado-de-amlo-no-termina-en-2024-estos-son-los-pendientes-que-el-presidente-heredara-a-su-sucesor\\\/#primaryimage\"},\"thumbnailUrl\":\"https:\\\/\\\/conexionnacional.mx\\\/wp-content\\\/uploads\\\/2023\\\/09\\\/f960x540-797774_871849_0.jpg\",\"keywords\":[\"AMLO\",\"Elecciones 2024\"],\"articleSection\":[\"Nacional\"],\"inLanguage\":\"es\"},{\"@type\":\"WebPage\",\"@id\":\"https:\\\/\\\/conexionnacional.mx\\\/index.php\\\/2023\\\/09\\\/06\\\/el-legado-de-amlo-no-termina-en-2024-estos-son-los-pendientes-que-el-presidente-heredara-a-su-sucesor\\\/\",\"url\":\"https:\\\/\\\/conexionnacional.mx\\\/index.php\\\/2023\\\/09\\\/06\\\/el-legado-de-amlo-no-termina-en-2024-estos-son-los-pendientes-que-el-presidente-heredara-a-su-sucesor\\\/\",\"name\":\"El legado de AMLO no termina en 2024: estos son los pendientes que el presidente heredar\u00e1 a su sucesor |\",\"isPartOf\":{\"@id\":\"https:\\\/\\\/conexionnacional.mx\\\/#website\"},\"primaryImageOfPage\":{\"@id\":\"https:\\\/\\\/conexionnacional.mx\\\/index.php\\\/2023\\\/09\\\/06\\\/el-legado-de-amlo-no-termina-en-2024-estos-son-los-pendientes-que-el-presidente-heredara-a-su-sucesor\\\/#primaryimage\"},\"image\":{\"@id\":\"https:\\\/\\\/conexionnacional.mx\\\/index.php\\\/2023\\\/09\\\/06\\\/el-legado-de-amlo-no-termina-en-2024-estos-son-los-pendientes-que-el-presidente-heredara-a-su-sucesor\\\/#primaryimage\"},\"thumbnailUrl\":\"https:\\\/\\\/conexionnacional.mx\\\/wp-content\\\/uploads\\\/2023\\\/09\\\/f960x540-797774_871849_0.jpg\",\"datePublished\":\"2023-09-06T21:43:07+00:00\",\"dateModified\":\"2023-09-06T21:43:08+00:00\",\"breadcrumb\":{\"@id\":\"https:\\\/\\\/conexionnacional.mx\\\/index.php\\\/2023\\\/09\\\/06\\\/el-legado-de-amlo-no-termina-en-2024-estos-son-los-pendientes-que-el-presidente-heredara-a-su-sucesor\\\/#breadcrumb\"},\"inLanguage\":\"es\",\"potentialAction\":[{\"@type\":\"ReadAction\",\"target\":[\"https:\\\/\\\/conexionnacional.mx\\\/index.php\\\/2023\\\/09\\\/06\\\/el-legado-de-amlo-no-termina-en-2024-estos-son-los-pendientes-que-el-presidente-heredara-a-su-sucesor\\\/\"]}]},{\"@type\":\"ImageObject\",\"inLanguage\":\"es\",\"@id\":\"https:\\\/\\\/conexionnacional.mx\\\/index.php\\\/2023\\\/09\\\/06\\\/el-legado-de-amlo-no-termina-en-2024-estos-son-los-pendientes-que-el-presidente-heredara-a-su-sucesor\\\/#primaryimage\",\"url\":\"https:\\\/\\\/conexionnacional.mx\\\/wp-content\\\/uploads\\\/2023\\\/09\\\/f960x540-797774_871849_0.jpg\",\"contentUrl\":\"https:\\\/\\\/conexionnacional.mx\\\/wp-content\\\/uploads\\\/2023\\\/09\\\/f960x540-797774_871849_0.jpg\",\"width\":960,\"height\":540},{\"@type\":\"BreadcrumbList\",\"@id\":\"https:\\\/\\\/conexionnacional.mx\\\/index.php\\\/2023\\\/09\\\/06\\\/el-legado-de-amlo-no-termina-en-2024-estos-son-los-pendientes-que-el-presidente-heredara-a-su-sucesor\\\/#breadcrumb\",\"itemListElement\":[{\"@type\":\"ListItem\",\"position\":1,\"name\":\"Inicio\",\"item\":\"https:\\\/\\\/conexionnacional.mx\\\/\"},{\"@type\":\"ListItem\",\"position\":2,\"name\":\"El legado de AMLO no termina en 2024: estos son los pendientes que el presidente heredar\u00e1 a su sucesor\"}]},{\"@type\":\"WebSite\",\"@id\":\"https:\\\/\\\/conexionnacional.mx\\\/#website\",\"url\":\"https:\\\/\\\/conexionnacional.mx\\\/\",\"name\":\"Conexi\u00f3n Nacional\",\"description\":\"Noticias al momento\",\"publisher\":{\"@id\":\"https:\\\/\\\/conexionnacional.mx\\\/#organization\"},\"alternateName\":\"Noticias nacionales\",\"potentialAction\":[{\"@type\":\"SearchAction\",\"target\":{\"@type\":\"EntryPoint\",\"urlTemplate\":\"https:\\\/\\\/conexionnacional.mx\\\/?s={search_term_string}\"},\"query-input\":{\"@type\":\"PropertyValueSpecification\",\"valueRequired\":true,\"valueName\":\"search_term_string\"}}],\"inLanguage\":\"es\"},{\"@type\":\"Organization\",\"@id\":\"https:\\\/\\\/conexionnacional.mx\\\/#organization\",\"name\":\"Conexi\u00f3n Nacional\",\"url\":\"https:\\\/\\\/conexionnacional.mx\\\/\",\"logo\":{\"@type\":\"ImageObject\",\"inLanguage\":\"es\",\"@id\":\"https:\\\/\\\/conexionnacional.mx\\\/#\\\/schema\\\/logo\\\/image\\\/\",\"url\":\"https:\\\/\\\/conexionnacional.mx\\\/wp-content\\\/uploads\\\/2022\\\/09\\\/conexion_nacional.png\",\"contentUrl\":\"https:\\\/\\\/conexionnacional.mx\\\/wp-content\\\/uploads\\\/2022\\\/09\\\/conexion_nacional.png\",\"width\":2964,\"height\":1173,\"caption\":\"Conexi\u00f3n Nacional\"},\"image\":{\"@id\":\"https:\\\/\\\/conexionnacional.mx\\\/#\\\/schema\\\/logo\\\/image\\\/\"},\"sameAs\":[\"https:\\\/\\\/www.facebook.com\\\/cnmxradio\"]},{\"@type\":\"Person\",\"@id\":\"https:\\\/\\\/conexionnacional.mx\\\/#\\\/schema\\\/person\\\/dd14aeda902120f5e0e021903fdb6931\",\"name\":\"Conexi\u00f3n Nacional\",\"image\":{\"@type\":\"ImageObject\",\"inLanguage\":\"es\",\"@id\":\"https:\\\/\\\/secure.gravatar.com\\\/avatar\\\/e523100f284110b2ecca7e17b2be9cf140a5e8f35294c9ec0543e6916cc1f9be?s=96&d=blank&r=g\",\"url\":\"https:\\\/\\\/secure.gravatar.com\\\/avatar\\\/e523100f284110b2ecca7e17b2be9cf140a5e8f35294c9ec0543e6916cc1f9be?s=96&d=blank&r=g\",\"contentUrl\":\"https:\\\/\\\/secure.gravatar.com\\\/avatar\\\/e523100f284110b2ecca7e17b2be9cf140a5e8f35294c9ec0543e6916cc1f9be?s=96&d=blank&r=g\",\"caption\":\"Conexi\u00f3n Nacional\"},\"sameAs\":[\"https:\\\/\\\/conexionnacional.mx\"],\"url\":\"https:\\\/\\\/conexionnacional.mx\\\/index.php\\\/author\\\/administrador\\\/\"}]}<\/script>\n<!-- \/ Yoast SEO plugin. -->","yoast_head_json":{"title":"El legado de AMLO no termina en 2024: estos son los pendientes que el presidente heredar\u00e1 a su sucesor |","robots":{"index":"index","follow":"follow","max-snippet":"max-snippet:-1","max-image-preview":"max-image-preview:large","max-video-preview":"max-video-preview:-1"},"canonical":"https:\/\/conexionnacional.mx\/index.php\/2023\/09\/06\/el-legado-de-amlo-no-termina-en-2024-estos-son-los-pendientes-que-el-presidente-heredara-a-su-sucesor\/","og_locale":"es_MX","og_type":"article","og_title":"El legado de AMLO no termina en 2024: estos son los pendientes que el presidente heredar\u00e1 a su sucesor |","og_description":"Se acerca el fin del sexenio del presidente de M\u00e9xico, Andr\u00e9s Manuel L\u00f3pez Obrador (AMLO). El tabasque\u00f1o dejar\u00e1 su cargo el\u00a01\u00a0de octubre de 2024, por lo que faltan 14\u00a0meses para que el mandatario concluya su administraci\u00f3n.\u00a0El pasado 1 de septiembre present\u00f3 su\u00a0Quinto Informe de Gobierno\u00a0en el que destac\u00f3 sus principales logros; no obstante, a\u00fan hay [&hellip;]","og_url":"https:\/\/conexionnacional.mx\/index.php\/2023\/09\/06\/el-legado-de-amlo-no-termina-en-2024-estos-son-los-pendientes-que-el-presidente-heredara-a-su-sucesor\/","og_site_name":"Conexi\u00f3n Nacional","article_publisher":"https:\/\/www.facebook.com\/cnmxradio","article_published_time":"2023-09-06T21:43:07+00:00","article_modified_time":"2023-09-06T21:43:08+00:00","og_image":[{"width":960,"height":540,"url":"https:\/\/conexionnacional.mx\/wp-content\/uploads\/2023\/09\/f960x540-797774_871849_0.jpg","type":"image\/jpeg"}],"author":"Conexi\u00f3n Nacional","twitter_card":"summary_large_image","twitter_misc":{"Escrito por":"Conexi\u00f3n Nacional","Tiempo de lectura":"5 minutos"},"schema":{"@context":"https:\/\/schema.org","@graph":[{"@type":"Article","@id":"https:\/\/conexionnacional.mx\/index.php\/2023\/09\/06\/el-legado-de-amlo-no-termina-en-2024-estos-son-los-pendientes-que-el-presidente-heredara-a-su-sucesor\/#article","isPartOf":{"@id":"https:\/\/conexionnacional.mx\/index.php\/2023\/09\/06\/el-legado-de-amlo-no-termina-en-2024-estos-son-los-pendientes-que-el-presidente-heredara-a-su-sucesor\/"},"author":{"name":"Conexi\u00f3n Nacional","@id":"https:\/\/conexionnacional.mx\/#\/schema\/person\/dd14aeda902120f5e0e021903fdb6931"},"headline":"El legado de AMLO no termina en 2024: estos son los pendientes que el presidente heredar\u00e1 a su sucesor","datePublished":"2023-09-06T21:43:07+00:00","dateModified":"2023-09-06T21:43:08+00:00","mainEntityOfPage":{"@id":"https:\/\/conexionnacional.mx\/index.php\/2023\/09\/06\/el-legado-de-amlo-no-termina-en-2024-estos-son-los-pendientes-que-el-presidente-heredara-a-su-sucesor\/"},"wordCount":1041,"publisher":{"@id":"https:\/\/conexionnacional.mx\/#organization"},"image":{"@id":"https:\/\/conexionnacional.mx\/index.php\/2023\/09\/06\/el-legado-de-amlo-no-termina-en-2024-estos-son-los-pendientes-que-el-presidente-heredara-a-su-sucesor\/#primaryimage"},"thumbnailUrl":"https:\/\/conexionnacional.mx\/wp-content\/uploads\/2023\/09\/f960x540-797774_871849_0.jpg","keywords":["AMLO","Elecciones 2024"],"articleSection":["Nacional"],"inLanguage":"es"},{"@type":"WebPage","@id":"https:\/\/conexionnacional.mx\/index.php\/2023\/09\/06\/el-legado-de-amlo-no-termina-en-2024-estos-son-los-pendientes-que-el-presidente-heredara-a-su-sucesor\/","url":"https:\/\/conexionnacional.mx\/index.php\/2023\/09\/06\/el-legado-de-amlo-no-termina-en-2024-estos-son-los-pendientes-que-el-presidente-heredara-a-su-sucesor\/","name":"El legado de AMLO no termina en 2024: estos son los pendientes que el presidente heredar\u00e1 a su sucesor |","isPartOf":{"@id":"https:\/\/conexionnacional.mx\/#website"},"primaryImageOfPage":{"@id":"https:\/\/conexionnacional.mx\/index.php\/2023\/09\/06\/el-legado-de-amlo-no-termina-en-2024-estos-son-los-pendientes-que-el-presidente-heredara-a-su-sucesor\/#primaryimage"},"image":{"@id":"https:\/\/conexionnacional.mx\/index.php\/2023\/09\/06\/el-legado-de-amlo-no-termina-en-2024-estos-son-los-pendientes-que-el-presidente-heredara-a-su-sucesor\/#primaryimage"},"thumbnailUrl":"https:\/\/conexionnacional.mx\/wp-content\/uploads\/2023\/09\/f960x540-797774_871849_0.jpg","datePublished":"2023-09-06T21:43:07+00:00","dateModified":"2023-09-06T21:43:08+00:00","breadcrumb":{"@id":"https:\/\/conexionnacional.mx\/index.php\/2023\/09\/06\/el-legado-de-amlo-no-termina-en-2024-estos-son-los-pendientes-que-el-presidente-heredara-a-su-sucesor\/#breadcrumb"},"inLanguage":"es","potentialAction":[{"@type":"ReadAction","target":["https:\/\/conexionnacional.mx\/index.php\/2023\/09\/06\/el-legado-de-amlo-no-termina-en-2024-estos-son-los-pendientes-que-el-presidente-heredara-a-su-sucesor\/"]}]},{"@type":"ImageObject","inLanguage":"es","@id":"https:\/\/conexionnacional.mx\/index.php\/2023\/09\/06\/el-legado-de-amlo-no-termina-en-2024-estos-son-los-pendientes-que-el-presidente-heredara-a-su-sucesor\/#primaryimage","url":"https:\/\/conexionnacional.mx\/wp-content\/uploads\/2023\/09\/f960x540-797774_871849_0.jpg","contentUrl":"https:\/\/conexionnacional.mx\/wp-content\/uploads\/2023\/09\/f960x540-797774_871849_0.jpg","width":960,"height":540},{"@type":"BreadcrumbList","@id":"https:\/\/conexionnacional.mx\/index.php\/2023\/09\/06\/el-legado-de-amlo-no-termina-en-2024-estos-son-los-pendientes-que-el-presidente-heredara-a-su-sucesor\/#breadcrumb","itemListElement":[{"@type":"ListItem","position":1,"name":"Inicio","item":"https:\/\/conexionnacional.mx\/"},{"@type":"ListItem","position":2,"name":"El legado de AMLO no termina en 2024: estos son los pendientes que el presidente heredar\u00e1 a su sucesor"}]},{"@type":"WebSite","@id":"https:\/\/conexionnacional.mx\/#website","url":"https:\/\/conexionnacional.mx\/","name":"Conexi\u00f3n Nacional","description":"Noticias al momento","publisher":{"@id":"https:\/\/conexionnacional.mx\/#organization"},"alternateName":"Noticias nacionales","potentialAction":[{"@type":"SearchAction","target":{"@type":"EntryPoint","urlTemplate":"https:\/\/conexionnacional.mx\/?s={search_term_string}"},"query-input":{"@type":"PropertyValueSpecification","valueRequired":true,"valueName":"search_term_string"}}],"inLanguage":"es"},{"@type":"Organization","@id":"https:\/\/conexionnacional.mx\/#organization","name":"Conexi\u00f3n Nacional","url":"https:\/\/conexionnacional.mx\/","logo":{"@type":"ImageObject","inLanguage":"es","@id":"https:\/\/conexionnacional.mx\/#\/schema\/logo\/image\/","url":"https:\/\/conexionnacional.mx\/wp-content\/uploads\/2022\/09\/conexion_nacional.png","contentUrl":"https:\/\/conexionnacional.mx\/wp-content\/uploads\/2022\/09\/conexion_nacional.png","width":2964,"height":1173,"caption":"Conexi\u00f3n Nacional"},"image":{"@id":"https:\/\/conexionnacional.mx\/#\/schema\/logo\/image\/"},"sameAs":["https:\/\/www.facebook.com\/cnmxradio"]},{"@type":"Person","@id":"https:\/\/conexionnacional.mx\/#\/schema\/person\/dd14aeda902120f5e0e021903fdb6931","name":"Conexi\u00f3n Nacional","image":{"@type":"ImageObject","inLanguage":"es","@id":"https:\/\/secure.gravatar.com\/avatar\/e523100f284110b2ecca7e17b2be9cf140a5e8f35294c9ec0543e6916cc1f9be?s=96&d=blank&r=g","url":"https:\/\/secure.gravatar.com\/avatar\/e523100f284110b2ecca7e17b2be9cf140a5e8f35294c9ec0543e6916cc1f9be?s=96&d=blank&r=g","contentUrl":"https:\/\/secure.gravatar.com\/avatar\/e523100f284110b2ecca7e17b2be9cf140a5e8f35294c9ec0543e6916cc1f9be?s=96&d=blank&r=g","caption":"Conexi\u00f3n Nacional"},"sameAs":["https:\/\/conexionnacional.mx"],"url":"https:\/\/conexionnacional.mx\/index.php\/author\/administrador\/"}]}},"_links":{"self":[{"href":"https:\/\/conexionnacional.mx\/index.php\/wp-json\/wp\/v2\/posts\/15545","targetHints":{"allow":["GET"]}}],"collection":[{"href":"https:\/\/conexionnacional.mx\/index.php\/wp-json\/wp\/v2\/posts"}],"about":[{"href":"https:\/\/conexionnacional.mx\/index.php\/wp-json\/wp\/v2\/types\/post"}],"author":[{"embeddable":true,"href":"https:\/\/conexionnacional.mx\/index.php\/wp-json\/wp\/v2\/users\/1"}],"replies":[{"embeddable":true,"href":"https:\/\/conexionnacional.mx\/index.php\/wp-json\/wp\/v2\/comments?post=15545"}],"version-history":[{"count":1,"href":"https:\/\/conexionnacional.mx\/index.php\/wp-json\/wp\/v2\/posts\/15545\/revisions"}],"predecessor-version":[{"id":15547,"href":"https:\/\/conexionnacional.mx\/index.php\/wp-json\/wp\/v2\/posts\/15545\/revisions\/15547"}],"wp:featuredmedia":[{"embeddable":true,"href":"https:\/\/conexionnacional.mx\/index.php\/wp-json\/wp\/v2\/media\/15546"}],"wp:attachment":[{"href":"https:\/\/conexionnacional.mx\/index.php\/wp-json\/wp\/v2\/media?parent=15545"}],"wp:term":[{"taxonomy":"category","embeddable":true,"href":"https:\/\/conexionnacional.mx\/index.php\/wp-json\/wp\/v2\/categories?post=15545"},{"taxonomy":"post_tag","embeddable":true,"href":"https:\/\/conexionnacional.mx\/index.php\/wp-json\/wp\/v2\/tags?post=15545"}],"curies":[{"name":"wp","href":"https:\/\/api.w.org\/{rel}","templated":true}]}}