{"id":14830,"date":"2023-08-15T12:40:59","date_gmt":"2023-08-15T18:40:59","guid":{"rendered":"https:\/\/conexionnacional.mx\/?p=14830"},"modified":"2023-08-15T12:33:52","modified_gmt":"2023-08-15T18:33:52","slug":"realizan-cirugia-de-cataratas-a-adultos-en-sinaloa","status":"publish","type":"post","link":"https:\/\/conexionnacional.mx\/index.php\/2023\/08\/15\/realizan-cirugia-de-cataratas-a-adultos-en-sinaloa\/","title":{"rendered":"Realizan cirug\u00eda de cataratas a adultos en Sinaloa"},"content":{"rendered":"\n<p>Por: <a href=\"http:\/\/noticieroaltavoz.com\/\">http:\/\/noticieroaltavoz.com\/<\/a> |<\/p>\n\n\n\n<p>La ma\u00f1ana de este lunes, el alcalde Rolando Mercado, acudi\u00f3 a la <strong>Cl\u00ednica Oftavisi\u00f3n<\/strong> de la ciudad de <strong>Los Mochis, Sinaloa<\/strong>, con el fin de acompa\u00f1ar a los adultos del municipio de Sinaloa que fueron sometidos a una cirug\u00eda de cataratas, totalmente gratis. <\/p>\n\n\n\n<p>El mandatario municipal inform\u00f3 que, tras las valoraciones que se hicieron hace algunas semanas, resultaron candidatas 140 personas, destacando que 25 de ellas, son a las que el d\u00eda de hoy se les realiz\u00f3 la cirug\u00eda.<\/p>\n\n\n\n<p>Precis\u00f3 que este beneficio es gracias al apoyo del Gobierno Federal y la Beneficencia P\u00fablica del Estado de Sinaloa, pues destac\u00f3 una parte de los gastos la pone el Gobierno Federal y la otra el municipio, ya que cuentan con un convenio de colaboraci\u00f3n con la cl\u00ednica.<\/p>\n\n\n\n<p>\u201cAhorita logramos bajar 140 cirug\u00edas, entonces se van a operar 140 pacientes de nuestro municipio, algunos estudios que var\u00edan esos los ponen ustedes nada m\u00e1s, pero lo que es el costo de la cirug\u00eda pr\u00e1cticamente el lente ocular lo pone el federal y el costo de la cirug\u00eda lo ponemos nosotros\u201d, expres\u00f3.<\/p>\n\n\n\n<p>Por \u00faltimo, reiter\u00f3 que seguir\u00e1 buscando m\u00e1s apoyos como este, ya que asegur\u00f3 la idea es mejorar la calidad de vida de la ciudadan\u00eda, en especial de quienes menos tienen.<\/p>\n\n\n\n<p>Cabe destacar que durante el encuentro estuvieron presentes, Dr. Daniel Cebreros, gerente general de la Cl\u00ednica Oftavisi\u00f3n; Dr. Jos\u00e9 Euclid Rodr\u00edguez, director de Salud Municipal.<\/p>\n","protected":false},"excerpt":{"rendered":"<p>Por: http:\/\/noticieroaltavoz.com\/ | La ma\u00f1ana de este lunes, el alcalde Rolando Mercado, acudi\u00f3 a la Cl\u00ednica Oftavisi\u00f3n de la ciudad de Los Mochis, Sinaloa, con el fin de acompa\u00f1ar a los adultos del municipio de Sinaloa que fueron sometidos a una cirug\u00eda de cataratas, totalmente gratis. El mandatario municipal inform\u00f3 que, tras las valoraciones que [&hellip;]<\/p>\n","protected":false},"author":1,"featured_media":14833,"comment_status":"closed","ping_status":"closed","sticky":false,"template":"","format":"aside","meta":{"googlesitekit_rrm_CAowytPeCw:productID":"","footnotes":""},"categories":[17],"tags":[3100,5233,382],"class_list":["post-14830","post","type-post","status-publish","format-aside","has-post-thumbnail","hentry","category-estados","tag-cataratas","tag-los-mochis","tag-sinaloa","post_format-post-format-aside"],"yoast_head":"<!-- This site is optimized with the Yoast SEO plugin v27.5 - https:\/\/yoast.com\/product\/yoast-seo-wordpress\/ -->\n<title>Realizan cirug\u00eda de cataratas a adultos en Sinaloa<\/title>\n<meta name=\"description\" content=\"La ma\u00f1ana de este lunes, el alcalde Rolando Mercado, acudi\u00f3 a la Cl\u00ednica Oftavisi\u00f3n de la ciudad de Los Mochis, Sinaloa, con el fin de acompa\u00f1ar a los adultos del municipio de Sinaloa que fueron sometidos a una cirug\u00eda de cataratas, totalmente gratis.\" \/>\n<meta name=\"robots\" content=\"index, follow, max-snippet:-1, max-image-preview:large, max-video-preview:-1\" \/>\n<link rel=\"canonical\" href=\"https:\/\/conexionnacional.mx\/index.php\/2023\/08\/15\/realizan-cirugia-de-cataratas-a-adultos-en-sinaloa\/\" \/>\n<meta property=\"og:locale\" content=\"es_MX\" \/>\n<meta property=\"og:type\" content=\"article\" \/>\n<meta property=\"og:title\" content=\"Realizan cirug\u00eda de cataratas a adultos en Sinaloa\" \/>\n<meta property=\"og:description\" content=\"La ma\u00f1ana de este lunes, el alcalde Rolando Mercado, acudi\u00f3 a la Cl\u00ednica Oftavisi\u00f3n de la ciudad de Los Mochis, Sinaloa, con el fin de acompa\u00f1ar a los adultos del municipio de Sinaloa que fueron sometidos a una cirug\u00eda de cataratas, totalmente gratis.\" \/>\n<meta property=\"og:url\" content=\"https:\/\/conexionnacional.mx\/index.php\/2023\/08\/15\/realizan-cirugia-de-cataratas-a-adultos-en-sinaloa\/\" \/>\n<meta property=\"og:site_name\" content=\"Conexi\u00f3n Nacional\" \/>\n<meta property=\"article:publisher\" content=\"https:\/\/www.facebook.com\/cnmxradio\" \/>\n<meta property=\"article:published_time\" content=\"2023-08-15T18:40:59+00:00\" \/>\n<meta property=\"og:image\" content=\"https:\/\/conexionnacional.mx\/wp-content\/uploads\/2023\/08\/cata.jpeg\" \/>\n\t<meta property=\"og:image:width\" content=\"1160\" \/>\n\t<meta property=\"og:image:height\" content=\"700\" \/>\n\t<meta property=\"og:image:type\" content=\"image\/jpeg\" \/>\n<meta name=\"author\" content=\"Conexi\u00f3n Nacional\" \/>\n<meta name=\"twitter:card\" content=\"summary_large_image\" \/>\n<meta name=\"twitter:label1\" content=\"Escrito por\" \/>\n\t<meta name=\"twitter:data1\" content=\"Conexi\u00f3n Nacional\" \/>\n\t<meta name=\"twitter:label2\" content=\"Tiempo de lectura\" \/>\n\t<meta name=\"twitter:data2\" content=\"2 minutos\" \/>\n<script type=\"application\/ld+json\" class=\"yoast-schema-graph\">{\"@context\":\"https:\\\/\\\/schema.org\",\"@graph\":[{\"@type\":\"Article\",\"@id\":\"https:\\\/\\\/conexionnacional.mx\\\/index.php\\\/2023\\\/08\\\/15\\\/realizan-cirugia-de-cataratas-a-adultos-en-sinaloa\\\/#article\",\"isPartOf\":{\"@id\":\"https:\\\/\\\/conexionnacional.mx\\\/index.php\\\/2023\\\/08\\\/15\\\/realizan-cirugia-de-cataratas-a-adultos-en-sinaloa\\\/\"},\"author\":{\"name\":\"Conexi\u00f3n Nacional\",\"@id\":\"https:\\\/\\\/conexionnacional.mx\\\/#\\\/schema\\\/person\\\/dd14aeda902120f5e0e021903fdb6931\"},\"headline\":\"Realizan cirug\u00eda de cataratas a adultos en Sinaloa\",\"datePublished\":\"2023-08-15T18:40:59+00:00\",\"mainEntityOfPage\":{\"@id\":\"https:\\\/\\\/conexionnacional.mx\\\/index.php\\\/2023\\\/08\\\/15\\\/realizan-cirugia-de-cataratas-a-adultos-en-sinaloa\\\/\"},\"wordCount\":263,\"publisher\":{\"@id\":\"https:\\\/\\\/conexionnacional.mx\\\/#organization\"},\"image\":{\"@id\":\"https:\\\/\\\/conexionnacional.mx\\\/index.php\\\/2023\\\/08\\\/15\\\/realizan-cirugia-de-cataratas-a-adultos-en-sinaloa\\\/#primaryimage\"},\"thumbnailUrl\":\"https:\\\/\\\/conexionnacional.mx\\\/wp-content\\\/uploads\\\/2023\\\/08\\\/cata.jpeg\",\"keywords\":[\"Cataratas\",\"Los Mochis\",\"Sinaloa\"],\"articleSection\":[\"Estados\"],\"inLanguage\":\"es\"},{\"@type\":\"WebPage\",\"@id\":\"https:\\\/\\\/conexionnacional.mx\\\/index.php\\\/2023\\\/08\\\/15\\\/realizan-cirugia-de-cataratas-a-adultos-en-sinaloa\\\/\",\"url\":\"https:\\\/\\\/conexionnacional.mx\\\/index.php\\\/2023\\\/08\\\/15\\\/realizan-cirugia-de-cataratas-a-adultos-en-sinaloa\\\/\",\"name\":\"Realizan cirug\u00eda de cataratas a adultos en Sinaloa\",\"isPartOf\":{\"@id\":\"https:\\\/\\\/conexionnacional.mx\\\/#website\"},\"primaryImageOfPage\":{\"@id\":\"https:\\\/\\\/conexionnacional.mx\\\/index.php\\\/2023\\\/08\\\/15\\\/realizan-cirugia-de-cataratas-a-adultos-en-sinaloa\\\/#primaryimage\"},\"image\":{\"@id\":\"https:\\\/\\\/conexionnacional.mx\\\/index.php\\\/2023\\\/08\\\/15\\\/realizan-cirugia-de-cataratas-a-adultos-en-sinaloa\\\/#primaryimage\"},\"thumbnailUrl\":\"https:\\\/\\\/conexionnacional.mx\\\/wp-content\\\/uploads\\\/2023\\\/08\\\/cata.jpeg\",\"datePublished\":\"2023-08-15T18:40:59+00:00\",\"description\":\"La ma\u00f1ana de este lunes, el alcalde Rolando Mercado, acudi\u00f3 a la Cl\u00ednica Oftavisi\u00f3n de la ciudad de Los Mochis, Sinaloa, con el fin de acompa\u00f1ar a los adultos del municipio de Sinaloa que fueron sometidos a una cirug\u00eda de cataratas, totalmente gratis.\",\"breadcrumb\":{\"@id\":\"https:\\\/\\\/conexionnacional.mx\\\/index.php\\\/2023\\\/08\\\/15\\\/realizan-cirugia-de-cataratas-a-adultos-en-sinaloa\\\/#breadcrumb\"},\"inLanguage\":\"es\",\"potentialAction\":[{\"@type\":\"ReadAction\",\"target\":[\"https:\\\/\\\/conexionnacional.mx\\\/index.php\\\/2023\\\/08\\\/15\\\/realizan-cirugia-de-cataratas-a-adultos-en-sinaloa\\\/\"]}]},{\"@type\":\"ImageObject\",\"inLanguage\":\"es\",\"@id\":\"https:\\\/\\\/conexionnacional.mx\\\/index.php\\\/2023\\\/08\\\/15\\\/realizan-cirugia-de-cataratas-a-adultos-en-sinaloa\\\/#primaryimage\",\"url\":\"https:\\\/\\\/conexionnacional.mx\\\/wp-content\\\/uploads\\\/2023\\\/08\\\/cata.jpeg\",\"contentUrl\":\"https:\\\/\\\/conexionnacional.mx\\\/wp-content\\\/uploads\\\/2023\\\/08\\\/cata.jpeg\",\"width\":1160,\"height\":700},{\"@type\":\"BreadcrumbList\",\"@id\":\"https:\\\/\\\/conexionnacional.mx\\\/index.php\\\/2023\\\/08\\\/15\\\/realizan-cirugia-de-cataratas-a-adultos-en-sinaloa\\\/#breadcrumb\",\"itemListElement\":[{\"@type\":\"ListItem\",\"position\":1,\"name\":\"Inicio\",\"item\":\"https:\\\/\\\/conexionnacional.mx\\\/\"},{\"@type\":\"ListItem\",\"position\":2,\"name\":\"Realizan cirug\u00eda de cataratas a adultos en Sinaloa\"}]},{\"@type\":\"WebSite\",\"@id\":\"https:\\\/\\\/conexionnacional.mx\\\/#website\",\"url\":\"https:\\\/\\\/conexionnacional.mx\\\/\",\"name\":\"Conexi\u00f3n Nacional\",\"description\":\"Noticias al momento\",\"publisher\":{\"@id\":\"https:\\\/\\\/conexionnacional.mx\\\/#organization\"},\"alternateName\":\"Noticias nacionales\",\"potentialAction\":[{\"@type\":\"SearchAction\",\"target\":{\"@type\":\"EntryPoint\",\"urlTemplate\":\"https:\\\/\\\/conexionnacional.mx\\\/?s={search_term_string}\"},\"query-input\":{\"@type\":\"PropertyValueSpecification\",\"valueRequired\":true,\"valueName\":\"search_term_string\"}}],\"inLanguage\":\"es\"},{\"@type\":\"Organization\",\"@id\":\"https:\\\/\\\/conexionnacional.mx\\\/#organization\",\"name\":\"Conexi\u00f3n Nacional\",\"url\":\"https:\\\/\\\/conexionnacional.mx\\\/\",\"logo\":{\"@type\":\"ImageObject\",\"inLanguage\":\"es\",\"@id\":\"https:\\\/\\\/conexionnacional.mx\\\/#\\\/schema\\\/logo\\\/image\\\/\",\"url\":\"https:\\\/\\\/conexionnacional.mx\\\/wp-content\\\/uploads\\\/2022\\\/09\\\/conexion_nacional.png\",\"contentUrl\":\"https:\\\/\\\/conexionnacional.mx\\\/wp-content\\\/uploads\\\/2022\\\/09\\\/conexion_nacional.png\",\"width\":2964,\"height\":1173,\"caption\":\"Conexi\u00f3n Nacional\"},\"image\":{\"@id\":\"https:\\\/\\\/conexionnacional.mx\\\/#\\\/schema\\\/logo\\\/image\\\/\"},\"sameAs\":[\"https:\\\/\\\/www.facebook.com\\\/cnmxradio\"]},{\"@type\":\"Person\",\"@id\":\"https:\\\/\\\/conexionnacional.mx\\\/#\\\/schema\\\/person\\\/dd14aeda902120f5e0e021903fdb6931\",\"name\":\"Conexi\u00f3n Nacional\",\"image\":{\"@type\":\"ImageObject\",\"inLanguage\":\"es\",\"@id\":\"https:\\\/\\\/secure.gravatar.com\\\/avatar\\\/e523100f284110b2ecca7e17b2be9cf140a5e8f35294c9ec0543e6916cc1f9be?s=96&d=blank&r=g\",\"url\":\"https:\\\/\\\/secure.gravatar.com\\\/avatar\\\/e523100f284110b2ecca7e17b2be9cf140a5e8f35294c9ec0543e6916cc1f9be?s=96&d=blank&r=g\",\"contentUrl\":\"https:\\\/\\\/secure.gravatar.com\\\/avatar\\\/e523100f284110b2ecca7e17b2be9cf140a5e8f35294c9ec0543e6916cc1f9be?s=96&d=blank&r=g\",\"caption\":\"Conexi\u00f3n Nacional\"},\"sameAs\":[\"https:\\\/\\\/conexionnacional.mx\"],\"url\":\"https:\\\/\\\/conexionnacional.mx\\\/index.php\\\/author\\\/administrador\\\/\"}]}<\/script>\n<!-- \/ Yoast SEO plugin. -->","yoast_head_json":{"title":"Realizan cirug\u00eda de cataratas a adultos en Sinaloa","description":"La ma\u00f1ana de este lunes, el alcalde Rolando Mercado, acudi\u00f3 a la Cl\u00ednica Oftavisi\u00f3n de la ciudad de Los Mochis, Sinaloa, con el fin de acompa\u00f1ar a los adultos del municipio de Sinaloa que fueron sometidos a una cirug\u00eda de cataratas, totalmente gratis.","robots":{"index":"index","follow":"follow","max-snippet":"max-snippet:-1","max-image-preview":"max-image-preview:large","max-video-preview":"max-video-preview:-1"},"canonical":"https:\/\/conexionnacional.mx\/index.php\/2023\/08\/15\/realizan-cirugia-de-cataratas-a-adultos-en-sinaloa\/","og_locale":"es_MX","og_type":"article","og_title":"Realizan cirug\u00eda de cataratas a adultos en Sinaloa","og_description":"La ma\u00f1ana de este lunes, el alcalde Rolando Mercado, acudi\u00f3 a la Cl\u00ednica Oftavisi\u00f3n de la ciudad de Los Mochis, Sinaloa, con el fin de acompa\u00f1ar a los adultos del municipio de Sinaloa que fueron sometidos a una cirug\u00eda de cataratas, totalmente gratis.","og_url":"https:\/\/conexionnacional.mx\/index.php\/2023\/08\/15\/realizan-cirugia-de-cataratas-a-adultos-en-sinaloa\/","og_site_name":"Conexi\u00f3n Nacional","article_publisher":"https:\/\/www.facebook.com\/cnmxradio","article_published_time":"2023-08-15T18:40:59+00:00","og_image":[{"width":1160,"height":700,"url":"https:\/\/conexionnacional.mx\/wp-content\/uploads\/2023\/08\/cata.jpeg","type":"image\/jpeg"}],"author":"Conexi\u00f3n Nacional","twitter_card":"summary_large_image","twitter_misc":{"Escrito por":"Conexi\u00f3n Nacional","Tiempo de lectura":"2 minutos"},"schema":{"@context":"https:\/\/schema.org","@graph":[{"@type":"Article","@id":"https:\/\/conexionnacional.mx\/index.php\/2023\/08\/15\/realizan-cirugia-de-cataratas-a-adultos-en-sinaloa\/#article","isPartOf":{"@id":"https:\/\/conexionnacional.mx\/index.php\/2023\/08\/15\/realizan-cirugia-de-cataratas-a-adultos-en-sinaloa\/"},"author":{"name":"Conexi\u00f3n Nacional","@id":"https:\/\/conexionnacional.mx\/#\/schema\/person\/dd14aeda902120f5e0e021903fdb6931"},"headline":"Realizan cirug\u00eda de cataratas a adultos en Sinaloa","datePublished":"2023-08-15T18:40:59+00:00","mainEntityOfPage":{"@id":"https:\/\/conexionnacional.mx\/index.php\/2023\/08\/15\/realizan-cirugia-de-cataratas-a-adultos-en-sinaloa\/"},"wordCount":263,"publisher":{"@id":"https:\/\/conexionnacional.mx\/#organization"},"image":{"@id":"https:\/\/conexionnacional.mx\/index.php\/2023\/08\/15\/realizan-cirugia-de-cataratas-a-adultos-en-sinaloa\/#primaryimage"},"thumbnailUrl":"https:\/\/conexionnacional.mx\/wp-content\/uploads\/2023\/08\/cata.jpeg","keywords":["Cataratas","Los Mochis","Sinaloa"],"articleSection":["Estados"],"inLanguage":"es"},{"@type":"WebPage","@id":"https:\/\/conexionnacional.mx\/index.php\/2023\/08\/15\/realizan-cirugia-de-cataratas-a-adultos-en-sinaloa\/","url":"https:\/\/conexionnacional.mx\/index.php\/2023\/08\/15\/realizan-cirugia-de-cataratas-a-adultos-en-sinaloa\/","name":"Realizan cirug\u00eda de cataratas a adultos en Sinaloa","isPartOf":{"@id":"https:\/\/conexionnacional.mx\/#website"},"primaryImageOfPage":{"@id":"https:\/\/conexionnacional.mx\/index.php\/2023\/08\/15\/realizan-cirugia-de-cataratas-a-adultos-en-sinaloa\/#primaryimage"},"image":{"@id":"https:\/\/conexionnacional.mx\/index.php\/2023\/08\/15\/realizan-cirugia-de-cataratas-a-adultos-en-sinaloa\/#primaryimage"},"thumbnailUrl":"https:\/\/conexionnacional.mx\/wp-content\/uploads\/2023\/08\/cata.jpeg","datePublished":"2023-08-15T18:40:59+00:00","description":"La ma\u00f1ana de este lunes, el alcalde Rolando Mercado, acudi\u00f3 a la Cl\u00ednica Oftavisi\u00f3n de la ciudad de Los Mochis, Sinaloa, con el fin de acompa\u00f1ar a los adultos del municipio de Sinaloa que fueron sometidos a una cirug\u00eda de cataratas, totalmente gratis.","breadcrumb":{"@id":"https:\/\/conexionnacional.mx\/index.php\/2023\/08\/15\/realizan-cirugia-de-cataratas-a-adultos-en-sinaloa\/#breadcrumb"},"inLanguage":"es","potentialAction":[{"@type":"ReadAction","target":["https:\/\/conexionnacional.mx\/index.php\/2023\/08\/15\/realizan-cirugia-de-cataratas-a-adultos-en-sinaloa\/"]}]},{"@type":"ImageObject","inLanguage":"es","@id":"https:\/\/conexionnacional.mx\/index.php\/2023\/08\/15\/realizan-cirugia-de-cataratas-a-adultos-en-sinaloa\/#primaryimage","url":"https:\/\/conexionnacional.mx\/wp-content\/uploads\/2023\/08\/cata.jpeg","contentUrl":"https:\/\/conexionnacional.mx\/wp-content\/uploads\/2023\/08\/cata.jpeg","width":1160,"height":700},{"@type":"BreadcrumbList","@id":"https:\/\/conexionnacional.mx\/index.php\/2023\/08\/15\/realizan-cirugia-de-cataratas-a-adultos-en-sinaloa\/#breadcrumb","itemListElement":[{"@type":"ListItem","position":1,"name":"Inicio","item":"https:\/\/conexionnacional.mx\/"},{"@type":"ListItem","position":2,"name":"Realizan cirug\u00eda de cataratas a adultos en Sinaloa"}]},{"@type":"WebSite","@id":"https:\/\/conexionnacional.mx\/#website","url":"https:\/\/conexionnacional.mx\/","name":"Conexi\u00f3n Nacional","description":"Noticias al momento","publisher":{"@id":"https:\/\/conexionnacional.mx\/#organization"},"alternateName":"Noticias nacionales","potentialAction":[{"@type":"SearchAction","target":{"@type":"EntryPoint","urlTemplate":"https:\/\/conexionnacional.mx\/?s={search_term_string}"},"query-input":{"@type":"PropertyValueSpecification","valueRequired":true,"valueName":"search_term_string"}}],"inLanguage":"es"},{"@type":"Organization","@id":"https:\/\/conexionnacional.mx\/#organization","name":"Conexi\u00f3n Nacional","url":"https:\/\/conexionnacional.mx\/","logo":{"@type":"ImageObject","inLanguage":"es","@id":"https:\/\/conexionnacional.mx\/#\/schema\/logo\/image\/","url":"https:\/\/conexionnacional.mx\/wp-content\/uploads\/2022\/09\/conexion_nacional.png","contentUrl":"https:\/\/conexionnacional.mx\/wp-content\/uploads\/2022\/09\/conexion_nacional.png","width":2964,"height":1173,"caption":"Conexi\u00f3n Nacional"},"image":{"@id":"https:\/\/conexionnacional.mx\/#\/schema\/logo\/image\/"},"sameAs":["https:\/\/www.facebook.com\/cnmxradio"]},{"@type":"Person","@id":"https:\/\/conexionnacional.mx\/#\/schema\/person\/dd14aeda902120f5e0e021903fdb6931","name":"Conexi\u00f3n Nacional","image":{"@type":"ImageObject","inLanguage":"es","@id":"https:\/\/secure.gravatar.com\/avatar\/e523100f284110b2ecca7e17b2be9cf140a5e8f35294c9ec0543e6916cc1f9be?s=96&d=blank&r=g","url":"https:\/\/secure.gravatar.com\/avatar\/e523100f284110b2ecca7e17b2be9cf140a5e8f35294c9ec0543e6916cc1f9be?s=96&d=blank&r=g","contentUrl":"https:\/\/secure.gravatar.com\/avatar\/e523100f284110b2ecca7e17b2be9cf140a5e8f35294c9ec0543e6916cc1f9be?s=96&d=blank&r=g","caption":"Conexi\u00f3n Nacional"},"sameAs":["https:\/\/conexionnacional.mx"],"url":"https:\/\/conexionnacional.mx\/index.php\/author\/administrador\/"}]}},"_links":{"self":[{"href":"https:\/\/conexionnacional.mx\/index.php\/wp-json\/wp\/v2\/posts\/14830","targetHints":{"allow":["GET"]}}],"collection":[{"href":"https:\/\/conexionnacional.mx\/index.php\/wp-json\/wp\/v2\/posts"}],"about":[{"href":"https:\/\/conexionnacional.mx\/index.php\/wp-json\/wp\/v2\/types\/post"}],"author":[{"embeddable":true,"href":"https:\/\/conexionnacional.mx\/index.php\/wp-json\/wp\/v2\/users\/1"}],"replies":[{"embeddable":true,"href":"https:\/\/conexionnacional.mx\/index.php\/wp-json\/wp\/v2\/comments?post=14830"}],"version-history":[{"count":1,"href":"https:\/\/conexionnacional.mx\/index.php\/wp-json\/wp\/v2\/posts\/14830\/revisions"}],"predecessor-version":[{"id":14834,"href":"https:\/\/conexionnacional.mx\/index.php\/wp-json\/wp\/v2\/posts\/14830\/revisions\/14834"}],"wp:featuredmedia":[{"embeddable":true,"href":"https:\/\/conexionnacional.mx\/index.php\/wp-json\/wp\/v2\/media\/14833"}],"wp:attachment":[{"href":"https:\/\/conexionnacional.mx\/index.php\/wp-json\/wp\/v2\/media?parent=14830"}],"wp:term":[{"taxonomy":"category","embeddable":true,"href":"https:\/\/conexionnacional.mx\/index.php\/wp-json\/wp\/v2\/categories?post=14830"},{"taxonomy":"post_tag","embeddable":true,"href":"https:\/\/conexionnacional.mx\/index.php\/wp-json\/wp\/v2\/tags?post=14830"}],"curies":[{"name":"wp","href":"https:\/\/api.w.org\/{rel}","templated":true}]}}