{"id":1311,"date":"2022-10-11T18:27:53","date_gmt":"2022-10-11T23:27:53","guid":{"rendered":"https:\/\/conexionnacional.mx\/?p=1311"},"modified":"2022-10-11T18:28:14","modified_gmt":"2022-10-11T23:28:14","slug":"cuanto-falta-mundial-qatar","status":"publish","type":"post","link":"https:\/\/conexionnacional.mx\/index.php\/2022\/10\/11\/cuanto-falta-mundial-qatar\/","title":{"rendered":"\u00bfCu\u00e1ntos d\u00edas faltan para el Mundial de Qatar 2022?"},"content":{"rendered":"\n<p>Por: <a href=\"http:\/\/www.radiozitacuaro.com\">r<\/a><a href=\"https:\/\/www.radiozitacuaro.com\/archives\/2459\/cuantos-dias-faltan-para-el-mundial-de-qatar-2022\/\">adiozitacuaro.com<\/a> |<\/p>\n\n\n\n<p>El <strong>tiempo<\/strong> se pasa volando y ya<strong> falta muy poco<\/strong> para que <strong>arranque<\/strong> el <strong>Mundial de Qatar 2022<\/strong> que por <strong>primera vez<\/strong> se disputar\u00e1 en los meses de <strong>noviembre y diciembre<\/strong> y en <strong>un pa\u00eds de Medio Oriente<\/strong>, por ello aqu\u00ed te decimos cu\u00e1ntos d\u00edas faltan para que inicie el encuentro internacional.<\/p>\n\n\n\n<p>El Mundial de F\u00fatbol ha generado una serie de preguntas sobre qu\u00e9 est\u00e1 permitido por las leyes del pa\u00eds arabe que a diferencia de las ediciones pasadas limitar\u00e1 a los fan\u00e1ticos desde la forma de vestir, las celebraciones e incluso el contacto f\u00edsico entre parejas. Al respecto, las autoridades informaron lo siguiente en redes sociales, luego de que en Twitter circul\u00f3 una foto con las supuestas prohibiciones.<\/p>\n\n\n\n<figure class=\"wp-block-embed is-type-rich is-provider-twitter wp-block-embed-twitter\"><div class=\"wp-block-embed__wrapper\">\n<blockquote class=\"twitter-tweet\" data-width=\"550\" data-dnt=\"true\"><p lang=\"zxx\" dir=\"ltr\"><a href=\"https:\/\/t.co\/HYlJxvlHuY\">pic.twitter.com\/HYlJxvlHuY<\/a><\/p>&mdash; Road to Qatar Espa\u00f1ol (@roadtoqatar_es) <a href=\"https:\/\/twitter.com\/roadtoqatar_es\/status\/1578058630103957505?ref_src=twsrc%5Etfw\">October 6, 2022<\/a><\/blockquote><script async src=\"https:\/\/platform.twitter.com\/widgets.js\" charset=\"utf-8\"><\/script>\n<\/div><\/figure>\n\n\n\n<p>Cabe destacar que Qatar ha trabajado desde hace 10 a\u00f1os para lograr ser la sede de la fiesta del f\u00fatbol que ser\u00e1 la \u00faltima oportunidad para que astros como Lionel Messi o Cristiano Ronaldo levanten la Copa del Mundo con su selecci\u00f3n.<\/p>\n\n\n\n<p>De entrada, Qatar es el territorio m\u00e1s peque\u00f1o en celebrar un Mundial de F\u00fatbol, con solo 11.581 km cuadrados de superficie y casi 3 millones de habitantes, entre los que el f\u00fatbol no est\u00e1 muy arraigado. Y una muestra de esa falta de cultura es que los qatar\u00edes tuvieron que construir siete estadios y remodelar el hist\u00f3rico Al Khalifa.<\/p>\n\n\n\n<p>El Mundial de Qatar 2022, sin duda alguna, marcar\u00e1 un antes y despu\u00e9s y ya estamos a d\u00edas de que d\u00e9 inicio.<\/p>\n\n\n\n<p>\u00bfCu\u00e1ntos d\u00edas faltan para que inicie el Mundial de Qatar 2022?<\/p>\n\n\n\n<p>Hoy 10 de octubre de 2022, faltan 41 d\u00edas para que inicie la Copa del Mundo en Qatar, ya que el encuentro mundial comenzar\u00e1 el domingo 20 de noviembre con el partido entre Qatar y Ecuador en el Estadio Al Bayt.<\/p>\n\n\n\n<p>Uno de los partidos que no se deben perder es el de M\u00e9xico vs Argentina, el 26 de noviembre y ser\u00e1 el primer encuentro entre grandes rivales continentales, en el que Messi y Argentina podr\u00edan sellar su pase a los octavos de final.<\/p>\n\n\n\n<figure class=\"wp-block-embed is-type-rich is-provider-twitter wp-block-embed-twitter\"><div class=\"wp-block-embed__wrapper\">\n<blockquote class=\"twitter-tweet\" data-width=\"550\" data-dnt=\"true\"><p lang=\"es\" dir=\"ltr\">50 d\u00edas. <a href=\"https:\/\/t.co\/8riR2FWYdR\">pic.twitter.com\/8riR2FWYdR<\/a><\/p>&mdash; Copa Mundial FIFA \ud83c\udfc6 (@fifaworldcup_es) <a href=\"https:\/\/twitter.com\/fifaworldcup_es\/status\/1576240524213854208?ref_src=twsrc%5Etfw\">October 1, 2022<\/a><\/blockquote><script async src=\"https:\/\/platform.twitter.com\/widgets.js\" charset=\"utf-8\"><\/script>\n<\/div><\/figure>\n\n\n\n<p><br>Con Informaci\u00f3n de: <a href=\"https:\/\/www.radiozitacuaro.com\/\">Radio Zitacuaro<\/a><\/p>\n","protected":false},"excerpt":{"rendered":"<p>Por: radiozitacuaro.com | El tiempo se pasa volando y ya falta muy poco para que arranque el Mundial de Qatar 2022 que por primera vez se disputar\u00e1 en los meses de noviembre y diciembre y en un pa\u00eds de Medio Oriente, por ello aqu\u00ed te decimos cu\u00e1ntos d\u00edas faltan para que inicie el encuentro internacional. [&hellip;]<\/p>\n","protected":false},"author":1,"featured_media":1312,"comment_status":"closed","ping_status":"closed","sticky":false,"template":"","format":"aside","meta":{"googlesitekit_rrm_CAowytPeCw:productID":"","footnotes":""},"categories":[19],"tags":[508,867,194,866,865],"class_list":["post-1311","post","type-post","status-publish","format-aside","has-post-thumbnail","hentry","category-deportes","tag-508","tag-diciembre","tag-mundial","tag-noviembre","tag-qatar","post_format-post-format-aside"],"yoast_head":"<!-- This site is optimized with the Yoast SEO plugin v27.5 - https:\/\/yoast.com\/product\/yoast-seo-wordpress\/ -->\n<title>\u00bfCu\u00e1ntos d\u00edas faltan para el Mundial de Qatar 2022? |<\/title>\n<meta name=\"description\" content=\"Falta poco para que arranque el Mundial de Qatar 2022 que se disputar\u00e1 en los meses de noviembre y diciembre y en un pa\u00eds de Medio Oriente.\" \/>\n<meta name=\"robots\" content=\"index, follow, max-snippet:-1, max-image-preview:large, max-video-preview:-1\" \/>\n<link rel=\"canonical\" href=\"https:\/\/conexionnacional.mx\/index.php\/2022\/10\/11\/cuanto-falta-mundial-qatar\/\" \/>\n<meta property=\"og:locale\" content=\"es_MX\" \/>\n<meta property=\"og:type\" content=\"article\" \/>\n<meta property=\"og:title\" content=\"\u00bfCu\u00e1ntos d\u00edas faltan para el Mundial de Qatar 2022? |\" \/>\n<meta property=\"og:description\" content=\"Falta poco para que arranque el Mundial de Qatar 2022 que se disputar\u00e1 en los meses de noviembre y diciembre y en un pa\u00eds de Medio Oriente.\" \/>\n<meta property=\"og:url\" content=\"https:\/\/conexionnacional.mx\/index.php\/2022\/10\/11\/cuanto-falta-mundial-qatar\/\" \/>\n<meta property=\"og:site_name\" content=\"Conexi\u00f3n Nacional\" \/>\n<meta property=\"article:publisher\" content=\"https:\/\/www.facebook.com\/cnmxradio\" \/>\n<meta property=\"article:published_time\" content=\"2022-10-11T23:27:53+00:00\" \/>\n<meta property=\"article:modified_time\" content=\"2022-10-11T23:28:14+00:00\" \/>\n<meta property=\"og:image\" content=\"https:\/\/conexionnacional.mx\/wp-content\/uploads\/2022\/10\/Cuantos-dias-faltan-para-el-Mundial-CN.jpg\" \/>\n\t<meta property=\"og:image:width\" content=\"1000\" \/>\n\t<meta property=\"og:image:height\" content=\"600\" \/>\n\t<meta property=\"og:image:type\" content=\"image\/jpeg\" \/>\n<meta name=\"author\" content=\"Conexi\u00f3n Nacional\" \/>\n<meta name=\"twitter:card\" content=\"summary_large_image\" \/>\n<meta name=\"twitter:label1\" content=\"Escrito por\" \/>\n\t<meta name=\"twitter:data1\" content=\"Conexi\u00f3n Nacional\" \/>\n\t<meta name=\"twitter:label2\" content=\"Tiempo de lectura\" \/>\n\t<meta name=\"twitter:data2\" content=\"2 minutos\" \/>\n<script type=\"application\/ld+json\" class=\"yoast-schema-graph\">{\"@context\":\"https:\\\/\\\/schema.org\",\"@graph\":[{\"@type\":\"Article\",\"@id\":\"https:\\\/\\\/conexionnacional.mx\\\/index.php\\\/2022\\\/10\\\/11\\\/cuanto-falta-mundial-qatar\\\/#article\",\"isPartOf\":{\"@id\":\"https:\\\/\\\/conexionnacional.mx\\\/index.php\\\/2022\\\/10\\\/11\\\/cuanto-falta-mundial-qatar\\\/\"},\"author\":{\"name\":\"Conexi\u00f3n Nacional\",\"@id\":\"https:\\\/\\\/conexionnacional.mx\\\/#\\\/schema\\\/person\\\/dd14aeda902120f5e0e021903fdb6931\"},\"headline\":\"\u00bfCu\u00e1ntos d\u00edas faltan para el Mundial de Qatar 2022?\",\"datePublished\":\"2022-10-11T23:27:53+00:00\",\"dateModified\":\"2022-10-11T23:28:14+00:00\",\"mainEntityOfPage\":{\"@id\":\"https:\\\/\\\/conexionnacional.mx\\\/index.php\\\/2022\\\/10\\\/11\\\/cuanto-falta-mundial-qatar\\\/\"},\"wordCount\":394,\"publisher\":{\"@id\":\"https:\\\/\\\/conexionnacional.mx\\\/#organization\"},\"image\":{\"@id\":\"https:\\\/\\\/conexionnacional.mx\\\/index.php\\\/2022\\\/10\\\/11\\\/cuanto-falta-mundial-qatar\\\/#primaryimage\"},\"thumbnailUrl\":\"https:\\\/\\\/conexionnacional.mx\\\/wp-content\\\/uploads\\\/2022\\\/10\\\/Cuantos-dias-faltan-para-el-Mundial-CN.jpg\",\"keywords\":[\"2022\",\"Diciembre\",\"mundial\",\"Noviembre\",\"Qatar\"],\"articleSection\":[\"Deportes\"],\"inLanguage\":\"es\"},{\"@type\":\"WebPage\",\"@id\":\"https:\\\/\\\/conexionnacional.mx\\\/index.php\\\/2022\\\/10\\\/11\\\/cuanto-falta-mundial-qatar\\\/\",\"url\":\"https:\\\/\\\/conexionnacional.mx\\\/index.php\\\/2022\\\/10\\\/11\\\/cuanto-falta-mundial-qatar\\\/\",\"name\":\"\u00bfCu\u00e1ntos d\u00edas faltan para el Mundial de Qatar 2022? |\",\"isPartOf\":{\"@id\":\"https:\\\/\\\/conexionnacional.mx\\\/#website\"},\"primaryImageOfPage\":{\"@id\":\"https:\\\/\\\/conexionnacional.mx\\\/index.php\\\/2022\\\/10\\\/11\\\/cuanto-falta-mundial-qatar\\\/#primaryimage\"},\"image\":{\"@id\":\"https:\\\/\\\/conexionnacional.mx\\\/index.php\\\/2022\\\/10\\\/11\\\/cuanto-falta-mundial-qatar\\\/#primaryimage\"},\"thumbnailUrl\":\"https:\\\/\\\/conexionnacional.mx\\\/wp-content\\\/uploads\\\/2022\\\/10\\\/Cuantos-dias-faltan-para-el-Mundial-CN.jpg\",\"datePublished\":\"2022-10-11T23:27:53+00:00\",\"dateModified\":\"2022-10-11T23:28:14+00:00\",\"description\":\"Falta poco para que arranque el Mundial de Qatar 2022 que se disputar\u00e1 en los meses de noviembre y diciembre y en un pa\u00eds de Medio Oriente.\",\"breadcrumb\":{\"@id\":\"https:\\\/\\\/conexionnacional.mx\\\/index.php\\\/2022\\\/10\\\/11\\\/cuanto-falta-mundial-qatar\\\/#breadcrumb\"},\"inLanguage\":\"es\",\"potentialAction\":[{\"@type\":\"ReadAction\",\"target\":[\"https:\\\/\\\/conexionnacional.mx\\\/index.php\\\/2022\\\/10\\\/11\\\/cuanto-falta-mundial-qatar\\\/\"]}]},{\"@type\":\"ImageObject\",\"inLanguage\":\"es\",\"@id\":\"https:\\\/\\\/conexionnacional.mx\\\/index.php\\\/2022\\\/10\\\/11\\\/cuanto-falta-mundial-qatar\\\/#primaryimage\",\"url\":\"https:\\\/\\\/conexionnacional.mx\\\/wp-content\\\/uploads\\\/2022\\\/10\\\/Cuantos-dias-faltan-para-el-Mundial-CN.jpg\",\"contentUrl\":\"https:\\\/\\\/conexionnacional.mx\\\/wp-content\\\/uploads\\\/2022\\\/10\\\/Cuantos-dias-faltan-para-el-Mundial-CN.jpg\",\"width\":1000,\"height\":600,\"caption\":\"Cu\u00e1ntos d\u00edas faltan para el Mundial\"},{\"@type\":\"BreadcrumbList\",\"@id\":\"https:\\\/\\\/conexionnacional.mx\\\/index.php\\\/2022\\\/10\\\/11\\\/cuanto-falta-mundial-qatar\\\/#breadcrumb\",\"itemListElement\":[{\"@type\":\"ListItem\",\"position\":1,\"name\":\"Inicio\",\"item\":\"https:\\\/\\\/conexionnacional.mx\\\/\"},{\"@type\":\"ListItem\",\"position\":2,\"name\":\"\u00bfCu\u00e1ntos d\u00edas faltan para el Mundial de Qatar 2022?\"}]},{\"@type\":\"WebSite\",\"@id\":\"https:\\\/\\\/conexionnacional.mx\\\/#website\",\"url\":\"https:\\\/\\\/conexionnacional.mx\\\/\",\"name\":\"Conexi\u00f3n Nacional\",\"description\":\"Noticias al momento\",\"publisher\":{\"@id\":\"https:\\\/\\\/conexionnacional.mx\\\/#organization\"},\"alternateName\":\"Noticias nacionales\",\"potentialAction\":[{\"@type\":\"SearchAction\",\"target\":{\"@type\":\"EntryPoint\",\"urlTemplate\":\"https:\\\/\\\/conexionnacional.mx\\\/?s={search_term_string}\"},\"query-input\":{\"@type\":\"PropertyValueSpecification\",\"valueRequired\":true,\"valueName\":\"search_term_string\"}}],\"inLanguage\":\"es\"},{\"@type\":\"Organization\",\"@id\":\"https:\\\/\\\/conexionnacional.mx\\\/#organization\",\"name\":\"Conexi\u00f3n Nacional\",\"url\":\"https:\\\/\\\/conexionnacional.mx\\\/\",\"logo\":{\"@type\":\"ImageObject\",\"inLanguage\":\"es\",\"@id\":\"https:\\\/\\\/conexionnacional.mx\\\/#\\\/schema\\\/logo\\\/image\\\/\",\"url\":\"https:\\\/\\\/conexionnacional.mx\\\/wp-content\\\/uploads\\\/2022\\\/09\\\/conexion_nacional.png\",\"contentUrl\":\"https:\\\/\\\/conexionnacional.mx\\\/wp-content\\\/uploads\\\/2022\\\/09\\\/conexion_nacional.png\",\"width\":2964,\"height\":1173,\"caption\":\"Conexi\u00f3n Nacional\"},\"image\":{\"@id\":\"https:\\\/\\\/conexionnacional.mx\\\/#\\\/schema\\\/logo\\\/image\\\/\"},\"sameAs\":[\"https:\\\/\\\/www.facebook.com\\\/cnmxradio\"]},{\"@type\":\"Person\",\"@id\":\"https:\\\/\\\/conexionnacional.mx\\\/#\\\/schema\\\/person\\\/dd14aeda902120f5e0e021903fdb6931\",\"name\":\"Conexi\u00f3n Nacional\",\"image\":{\"@type\":\"ImageObject\",\"inLanguage\":\"es\",\"@id\":\"https:\\\/\\\/secure.gravatar.com\\\/avatar\\\/e523100f284110b2ecca7e17b2be9cf140a5e8f35294c9ec0543e6916cc1f9be?s=96&d=blank&r=g\",\"url\":\"https:\\\/\\\/secure.gravatar.com\\\/avatar\\\/e523100f284110b2ecca7e17b2be9cf140a5e8f35294c9ec0543e6916cc1f9be?s=96&d=blank&r=g\",\"contentUrl\":\"https:\\\/\\\/secure.gravatar.com\\\/avatar\\\/e523100f284110b2ecca7e17b2be9cf140a5e8f35294c9ec0543e6916cc1f9be?s=96&d=blank&r=g\",\"caption\":\"Conexi\u00f3n Nacional\"},\"sameAs\":[\"https:\\\/\\\/conexionnacional.mx\"],\"url\":\"https:\\\/\\\/conexionnacional.mx\\\/index.php\\\/author\\\/administrador\\\/\"}]}<\/script>\n<!-- \/ Yoast SEO plugin. -->","yoast_head_json":{"title":"\u00bfCu\u00e1ntos d\u00edas faltan para el Mundial de Qatar 2022? |","description":"Falta poco para que arranque el Mundial de Qatar 2022 que se disputar\u00e1 en los meses de noviembre y diciembre y en un pa\u00eds de Medio Oriente.","robots":{"index":"index","follow":"follow","max-snippet":"max-snippet:-1","max-image-preview":"max-image-preview:large","max-video-preview":"max-video-preview:-1"},"canonical":"https:\/\/conexionnacional.mx\/index.php\/2022\/10\/11\/cuanto-falta-mundial-qatar\/","og_locale":"es_MX","og_type":"article","og_title":"\u00bfCu\u00e1ntos d\u00edas faltan para el Mundial de Qatar 2022? |","og_description":"Falta poco para que arranque el Mundial de Qatar 2022 que se disputar\u00e1 en los meses de noviembre y diciembre y en un pa\u00eds de Medio Oriente.","og_url":"https:\/\/conexionnacional.mx\/index.php\/2022\/10\/11\/cuanto-falta-mundial-qatar\/","og_site_name":"Conexi\u00f3n Nacional","article_publisher":"https:\/\/www.facebook.com\/cnmxradio","article_published_time":"2022-10-11T23:27:53+00:00","article_modified_time":"2022-10-11T23:28:14+00:00","og_image":[{"width":1000,"height":600,"url":"https:\/\/conexionnacional.mx\/wp-content\/uploads\/2022\/10\/Cuantos-dias-faltan-para-el-Mundial-CN.jpg","type":"image\/jpeg"}],"author":"Conexi\u00f3n Nacional","twitter_card":"summary_large_image","twitter_misc":{"Escrito por":"Conexi\u00f3n Nacional","Tiempo de lectura":"2 minutos"},"schema":{"@context":"https:\/\/schema.org","@graph":[{"@type":"Article","@id":"https:\/\/conexionnacional.mx\/index.php\/2022\/10\/11\/cuanto-falta-mundial-qatar\/#article","isPartOf":{"@id":"https:\/\/conexionnacional.mx\/index.php\/2022\/10\/11\/cuanto-falta-mundial-qatar\/"},"author":{"name":"Conexi\u00f3n Nacional","@id":"https:\/\/conexionnacional.mx\/#\/schema\/person\/dd14aeda902120f5e0e021903fdb6931"},"headline":"\u00bfCu\u00e1ntos d\u00edas faltan para el Mundial de Qatar 2022?","datePublished":"2022-10-11T23:27:53+00:00","dateModified":"2022-10-11T23:28:14+00:00","mainEntityOfPage":{"@id":"https:\/\/conexionnacional.mx\/index.php\/2022\/10\/11\/cuanto-falta-mundial-qatar\/"},"wordCount":394,"publisher":{"@id":"https:\/\/conexionnacional.mx\/#organization"},"image":{"@id":"https:\/\/conexionnacional.mx\/index.php\/2022\/10\/11\/cuanto-falta-mundial-qatar\/#primaryimage"},"thumbnailUrl":"https:\/\/conexionnacional.mx\/wp-content\/uploads\/2022\/10\/Cuantos-dias-faltan-para-el-Mundial-CN.jpg","keywords":["2022","Diciembre","mundial","Noviembre","Qatar"],"articleSection":["Deportes"],"inLanguage":"es"},{"@type":"WebPage","@id":"https:\/\/conexionnacional.mx\/index.php\/2022\/10\/11\/cuanto-falta-mundial-qatar\/","url":"https:\/\/conexionnacional.mx\/index.php\/2022\/10\/11\/cuanto-falta-mundial-qatar\/","name":"\u00bfCu\u00e1ntos d\u00edas faltan para el Mundial de Qatar 2022? |","isPartOf":{"@id":"https:\/\/conexionnacional.mx\/#website"},"primaryImageOfPage":{"@id":"https:\/\/conexionnacional.mx\/index.php\/2022\/10\/11\/cuanto-falta-mundial-qatar\/#primaryimage"},"image":{"@id":"https:\/\/conexionnacional.mx\/index.php\/2022\/10\/11\/cuanto-falta-mundial-qatar\/#primaryimage"},"thumbnailUrl":"https:\/\/conexionnacional.mx\/wp-content\/uploads\/2022\/10\/Cuantos-dias-faltan-para-el-Mundial-CN.jpg","datePublished":"2022-10-11T23:27:53+00:00","dateModified":"2022-10-11T23:28:14+00:00","description":"Falta poco para que arranque el Mundial de Qatar 2022 que se disputar\u00e1 en los meses de noviembre y diciembre y en un pa\u00eds de Medio Oriente.","breadcrumb":{"@id":"https:\/\/conexionnacional.mx\/index.php\/2022\/10\/11\/cuanto-falta-mundial-qatar\/#breadcrumb"},"inLanguage":"es","potentialAction":[{"@type":"ReadAction","target":["https:\/\/conexionnacional.mx\/index.php\/2022\/10\/11\/cuanto-falta-mundial-qatar\/"]}]},{"@type":"ImageObject","inLanguage":"es","@id":"https:\/\/conexionnacional.mx\/index.php\/2022\/10\/11\/cuanto-falta-mundial-qatar\/#primaryimage","url":"https:\/\/conexionnacional.mx\/wp-content\/uploads\/2022\/10\/Cuantos-dias-faltan-para-el-Mundial-CN.jpg","contentUrl":"https:\/\/conexionnacional.mx\/wp-content\/uploads\/2022\/10\/Cuantos-dias-faltan-para-el-Mundial-CN.jpg","width":1000,"height":600,"caption":"Cu\u00e1ntos d\u00edas faltan para el Mundial"},{"@type":"BreadcrumbList","@id":"https:\/\/conexionnacional.mx\/index.php\/2022\/10\/11\/cuanto-falta-mundial-qatar\/#breadcrumb","itemListElement":[{"@type":"ListItem","position":1,"name":"Inicio","item":"https:\/\/conexionnacional.mx\/"},{"@type":"ListItem","position":2,"name":"\u00bfCu\u00e1ntos d\u00edas faltan para el Mundial de Qatar 2022?"}]},{"@type":"WebSite","@id":"https:\/\/conexionnacional.mx\/#website","url":"https:\/\/conexionnacional.mx\/","name":"Conexi\u00f3n Nacional","description":"Noticias al momento","publisher":{"@id":"https:\/\/conexionnacional.mx\/#organization"},"alternateName":"Noticias nacionales","potentialAction":[{"@type":"SearchAction","target":{"@type":"EntryPoint","urlTemplate":"https:\/\/conexionnacional.mx\/?s={search_term_string}"},"query-input":{"@type":"PropertyValueSpecification","valueRequired":true,"valueName":"search_term_string"}}],"inLanguage":"es"},{"@type":"Organization","@id":"https:\/\/conexionnacional.mx\/#organization","name":"Conexi\u00f3n Nacional","url":"https:\/\/conexionnacional.mx\/","logo":{"@type":"ImageObject","inLanguage":"es","@id":"https:\/\/conexionnacional.mx\/#\/schema\/logo\/image\/","url":"https:\/\/conexionnacional.mx\/wp-content\/uploads\/2022\/09\/conexion_nacional.png","contentUrl":"https:\/\/conexionnacional.mx\/wp-content\/uploads\/2022\/09\/conexion_nacional.png","width":2964,"height":1173,"caption":"Conexi\u00f3n Nacional"},"image":{"@id":"https:\/\/conexionnacional.mx\/#\/schema\/logo\/image\/"},"sameAs":["https:\/\/www.facebook.com\/cnmxradio"]},{"@type":"Person","@id":"https:\/\/conexionnacional.mx\/#\/schema\/person\/dd14aeda902120f5e0e021903fdb6931","name":"Conexi\u00f3n Nacional","image":{"@type":"ImageObject","inLanguage":"es","@id":"https:\/\/secure.gravatar.com\/avatar\/e523100f284110b2ecca7e17b2be9cf140a5e8f35294c9ec0543e6916cc1f9be?s=96&d=blank&r=g","url":"https:\/\/secure.gravatar.com\/avatar\/e523100f284110b2ecca7e17b2be9cf140a5e8f35294c9ec0543e6916cc1f9be?s=96&d=blank&r=g","contentUrl":"https:\/\/secure.gravatar.com\/avatar\/e523100f284110b2ecca7e17b2be9cf140a5e8f35294c9ec0543e6916cc1f9be?s=96&d=blank&r=g","caption":"Conexi\u00f3n Nacional"},"sameAs":["https:\/\/conexionnacional.mx"],"url":"https:\/\/conexionnacional.mx\/index.php\/author\/administrador\/"}]}},"_links":{"self":[{"href":"https:\/\/conexionnacional.mx\/index.php\/wp-json\/wp\/v2\/posts\/1311","targetHints":{"allow":["GET"]}}],"collection":[{"href":"https:\/\/conexionnacional.mx\/index.php\/wp-json\/wp\/v2\/posts"}],"about":[{"href":"https:\/\/conexionnacional.mx\/index.php\/wp-json\/wp\/v2\/types\/post"}],"author":[{"embeddable":true,"href":"https:\/\/conexionnacional.mx\/index.php\/wp-json\/wp\/v2\/users\/1"}],"replies":[{"embeddable":true,"href":"https:\/\/conexionnacional.mx\/index.php\/wp-json\/wp\/v2\/comments?post=1311"}],"version-history":[{"count":2,"href":"https:\/\/conexionnacional.mx\/index.php\/wp-json\/wp\/v2\/posts\/1311\/revisions"}],"predecessor-version":[{"id":1314,"href":"https:\/\/conexionnacional.mx\/index.php\/wp-json\/wp\/v2\/posts\/1311\/revisions\/1314"}],"wp:featuredmedia":[{"embeddable":true,"href":"https:\/\/conexionnacional.mx\/index.php\/wp-json\/wp\/v2\/media\/1312"}],"wp:attachment":[{"href":"https:\/\/conexionnacional.mx\/index.php\/wp-json\/wp\/v2\/media?parent=1311"}],"wp:term":[{"taxonomy":"category","embeddable":true,"href":"https:\/\/conexionnacional.mx\/index.php\/wp-json\/wp\/v2\/categories?post=1311"},{"taxonomy":"post_tag","embeddable":true,"href":"https:\/\/conexionnacional.mx\/index.php\/wp-json\/wp\/v2\/tags?post=1311"}],"curies":[{"name":"wp","href":"https:\/\/api.w.org\/{rel}","templated":true}]}}