{"id":12898,"date":"2023-05-29T11:30:00","date_gmt":"2023-05-29T17:30:00","guid":{"rendered":"https:\/\/conexionnacional.mx\/?p=12898"},"modified":"2023-05-29T10:57:35","modified_gmt":"2023-05-29T16:57:35","slug":"inician-trabajos-de-pavimentacion-en-la-carretera-mixtepec-tlaxiaco","status":"publish","type":"post","link":"https:\/\/conexionnacional.mx\/index.php\/2023\/05\/29\/inician-trabajos-de-pavimentacion-en-la-carretera-mixtepec-tlaxiaco\/","title":{"rendered":"Inician trabajos de pavimentaci\u00f3n en la carretera Mixtepec-Tlaxiaco"},"content":{"rendered":"\n<p>&nbsp;El presidente municipal de San Juan Mixtepec, Bernardo Ram\u00edrez Bautista, inform\u00f3 que iniciaron los trabajos previos a la pavimentaci\u00f3n con concreto hidr\u00e1ulico de tres kil\u00f3metros de la carretera Mixtepec-Tlaxiaco.<\/p>\n\n\n\n<p>Indic\u00f3 que la obra se realizar\u00e1 con recursos del Gobierno federal y una inversi\u00f3n de 14 millones de pesos.<\/p>\n\n\n\n<p>Agreg\u00f3 que el ayuntamiento destino dos millones de pesos para la realizaci\u00f3n de los trabajos de ampliaci\u00f3n.&nbsp;<\/p>\n\n\n\n<p>\u201cEstamos ahorita preparando y ampliando la carretera para estar en condiciones para poder iniciar con el pavimento, porque la regla de este ejercicio de la carretera lo est\u00e1 financiando el Gobierno federal, pero lo que tenga que ver con la ampliaci\u00f3n y todo eso le corresponde al municipio de San Juan Mixtepec hacerlo, entonces iniciamos con los trabajos previos, y posteriormente en una semana m\u00e1s ya estamos listos, vamos a iniciar con el pavimento\u201d, dijo.<\/p>\n\n\n\n<p>Ram\u00edrez Bautista mencion\u00f3 que la obra beneficiar\u00e1 a m\u00e1s de 7 mil habitantes de su comunidad, as\u00ed como de los municipios de Tezoatl\u00e1n de Segura y Luna y Santos Reyes Tepejillo, lo que permitir\u00e1 llegar a la Tlaxiaco en un tiempo menor.<\/p>\n\n\n\n<p>Se\u00f1al\u00f3 que la administraci\u00f3n anterior realiz\u00f3 un tramo de pavimentaci\u00f3n de la carretera bajo el mismo programa de Caminos a Cabeceras Municipales. &nbsp;<\/p>\n\n\n\n<p>\u201cReconocemos el esfuerzo que ha tenido el Gobierno federal para apoyar a nuestro municipio, y esperamos que una vez que se culmine esta carretera ojal\u00e1 tuvi\u00e9ramos la posibilidad y la suerte de que el presidente de la rep\u00fablica visite nuestro municipio\u201d, abund\u00f3.<\/p>\n\n\n\n<p>Apunt\u00f3 que estiman que la pavimentaci\u00f3n de los tres kil\u00f3metros quede concluida en cuatro meses.<\/p>\n\n\n\n<p>Fuente: www.xeouradio.com<\/p>\n","protected":false},"excerpt":{"rendered":"<p>&nbsp;El presidente municipal de San Juan Mixtepec, Bernardo Ram\u00edrez Bautista, inform\u00f3 que iniciaron los trabajos previos a la pavimentaci\u00f3n con concreto hidr\u00e1ulico de tres kil\u00f3metros de la carretera Mixtepec-Tlaxiaco. Indic\u00f3 que la obra se realizar\u00e1 con recursos del Gobierno federal y una inversi\u00f3n de 14 millones de pesos. Agreg\u00f3 que el ayuntamiento destino dos millones [&hellip;]<\/p>\n","protected":false},"author":1,"featured_media":12899,"comment_status":"closed","ping_status":"closed","sticky":false,"template":"","format":"aside","meta":{"googlesitekit_rrm_CAowytPeCw:productID":"","footnotes":""},"categories":[3],"tags":[],"class_list":["post-12898","post","type-post","status-publish","format-aside","has-post-thumbnail","hentry","category-nacional","post_format-post-format-aside"],"yoast_head":"<!-- This site is optimized with the Yoast SEO plugin v27.4 - https:\/\/yoast.com\/product\/yoast-seo-wordpress\/ -->\n<title>Inician trabajos de pavimentaci\u00f3n en la carretera Mixtepec-Tlaxiaco |<\/title>\n<meta name=\"description\" content=\"El presidente municipal de San Juan Mixtepec, Bernardo Ram\u00edrez Bautista, inform\u00f3 que iniciaron los trabajos previos a la pavimentaci\u00f3n con concreto hidr\u00e1ulico de tres kil\u00f3metros de la carretera Mixtepec-Tlaxiaco.\" \/>\n<meta name=\"robots\" content=\"index, follow, max-snippet:-1, max-image-preview:large, max-video-preview:-1\" \/>\n<link rel=\"canonical\" href=\"https:\/\/conexionnacional.mx\/index.php\/2023\/05\/29\/inician-trabajos-de-pavimentacion-en-la-carretera-mixtepec-tlaxiaco\/\" \/>\n<meta property=\"og:locale\" content=\"es_MX\" \/>\n<meta property=\"og:type\" content=\"article\" \/>\n<meta property=\"og:title\" content=\"Inician trabajos de pavimentaci\u00f3n en la carretera Mixtepec-Tlaxiaco |\" \/>\n<meta property=\"og:description\" content=\"El presidente municipal de San Juan Mixtepec, Bernardo Ram\u00edrez Bautista, inform\u00f3 que iniciaron los trabajos previos a la pavimentaci\u00f3n con concreto hidr\u00e1ulico de tres kil\u00f3metros de la carretera Mixtepec-Tlaxiaco.\" \/>\n<meta property=\"og:url\" content=\"https:\/\/conexionnacional.mx\/index.php\/2023\/05\/29\/inician-trabajos-de-pavimentacion-en-la-carretera-mixtepec-tlaxiaco\/\" \/>\n<meta property=\"og:site_name\" content=\"Conexi\u00f3n Nacional\" \/>\n<meta property=\"article:publisher\" content=\"https:\/\/www.facebook.com\/cnmxradio\" \/>\n<meta property=\"article:published_time\" content=\"2023-05-29T17:30:00+00:00\" \/>\n<meta property=\"og:image\" content=\"https:\/\/conexionnacional.mx\/wp-content\/uploads\/2023\/05\/Carretera_Mixtepec.png\" \/>\n\t<meta property=\"og:image:width\" content=\"279\" \/>\n\t<meta property=\"og:image:height\" content=\"132\" \/>\n\t<meta property=\"og:image:type\" content=\"image\/png\" \/>\n<meta name=\"author\" content=\"Conexi\u00f3n Nacional\" \/>\n<meta name=\"twitter:card\" content=\"summary_large_image\" \/>\n<meta name=\"twitter:label1\" content=\"Escrito por\" \/>\n\t<meta name=\"twitter:data1\" content=\"Conexi\u00f3n Nacional\" \/>\n\t<meta name=\"twitter:label2\" content=\"Tiempo de lectura\" \/>\n\t<meta name=\"twitter:data2\" content=\"2 minutos\" \/>\n<script type=\"application\/ld+json\" class=\"yoast-schema-graph\">{\"@context\":\"https:\\\/\\\/schema.org\",\"@graph\":[{\"@type\":\"Article\",\"@id\":\"https:\\\/\\\/conexionnacional.mx\\\/index.php\\\/2023\\\/05\\\/29\\\/inician-trabajos-de-pavimentacion-en-la-carretera-mixtepec-tlaxiaco\\\/#article\",\"isPartOf\":{\"@id\":\"https:\\\/\\\/conexionnacional.mx\\\/index.php\\\/2023\\\/05\\\/29\\\/inician-trabajos-de-pavimentacion-en-la-carretera-mixtepec-tlaxiaco\\\/\"},\"author\":{\"name\":\"Conexi\u00f3n Nacional\",\"@id\":\"https:\\\/\\\/conexionnacional.mx\\\/#\\\/schema\\\/person\\\/dd14aeda902120f5e0e021903fdb6931\"},\"headline\":\"Inician trabajos de pavimentaci\u00f3n en la carretera Mixtepec-Tlaxiaco\",\"datePublished\":\"2023-05-29T17:30:00+00:00\",\"mainEntityOfPage\":{\"@id\":\"https:\\\/\\\/conexionnacional.mx\\\/index.php\\\/2023\\\/05\\\/29\\\/inician-trabajos-de-pavimentacion-en-la-carretera-mixtepec-tlaxiaco\\\/\"},\"wordCount\":294,\"publisher\":{\"@id\":\"https:\\\/\\\/conexionnacional.mx\\\/#organization\"},\"image\":{\"@id\":\"https:\\\/\\\/conexionnacional.mx\\\/index.php\\\/2023\\\/05\\\/29\\\/inician-trabajos-de-pavimentacion-en-la-carretera-mixtepec-tlaxiaco\\\/#primaryimage\"},\"thumbnailUrl\":\"https:\\\/\\\/conexionnacional.mx\\\/wp-content\\\/uploads\\\/2023\\\/05\\\/Carretera_Mixtepec.png\",\"articleSection\":[\"Nacional\"],\"inLanguage\":\"es\"},{\"@type\":\"WebPage\",\"@id\":\"https:\\\/\\\/conexionnacional.mx\\\/index.php\\\/2023\\\/05\\\/29\\\/inician-trabajos-de-pavimentacion-en-la-carretera-mixtepec-tlaxiaco\\\/\",\"url\":\"https:\\\/\\\/conexionnacional.mx\\\/index.php\\\/2023\\\/05\\\/29\\\/inician-trabajos-de-pavimentacion-en-la-carretera-mixtepec-tlaxiaco\\\/\",\"name\":\"Inician trabajos de pavimentaci\u00f3n en la carretera Mixtepec-Tlaxiaco |\",\"isPartOf\":{\"@id\":\"https:\\\/\\\/conexionnacional.mx\\\/#website\"},\"primaryImageOfPage\":{\"@id\":\"https:\\\/\\\/conexionnacional.mx\\\/index.php\\\/2023\\\/05\\\/29\\\/inician-trabajos-de-pavimentacion-en-la-carretera-mixtepec-tlaxiaco\\\/#primaryimage\"},\"image\":{\"@id\":\"https:\\\/\\\/conexionnacional.mx\\\/index.php\\\/2023\\\/05\\\/29\\\/inician-trabajos-de-pavimentacion-en-la-carretera-mixtepec-tlaxiaco\\\/#primaryimage\"},\"thumbnailUrl\":\"https:\\\/\\\/conexionnacional.mx\\\/wp-content\\\/uploads\\\/2023\\\/05\\\/Carretera_Mixtepec.png\",\"datePublished\":\"2023-05-29T17:30:00+00:00\",\"description\":\"El presidente municipal de San Juan Mixtepec, Bernardo Ram\u00edrez Bautista, inform\u00f3 que iniciaron los trabajos previos a la pavimentaci\u00f3n con concreto hidr\u00e1ulico de tres kil\u00f3metros de la carretera Mixtepec-Tlaxiaco.\",\"breadcrumb\":{\"@id\":\"https:\\\/\\\/conexionnacional.mx\\\/index.php\\\/2023\\\/05\\\/29\\\/inician-trabajos-de-pavimentacion-en-la-carretera-mixtepec-tlaxiaco\\\/#breadcrumb\"},\"inLanguage\":\"es\",\"potentialAction\":[{\"@type\":\"ReadAction\",\"target\":[\"https:\\\/\\\/conexionnacional.mx\\\/index.php\\\/2023\\\/05\\\/29\\\/inician-trabajos-de-pavimentacion-en-la-carretera-mixtepec-tlaxiaco\\\/\"]}]},{\"@type\":\"ImageObject\",\"inLanguage\":\"es\",\"@id\":\"https:\\\/\\\/conexionnacional.mx\\\/index.php\\\/2023\\\/05\\\/29\\\/inician-trabajos-de-pavimentacion-en-la-carretera-mixtepec-tlaxiaco\\\/#primaryimage\",\"url\":\"https:\\\/\\\/conexionnacional.mx\\\/wp-content\\\/uploads\\\/2023\\\/05\\\/Carretera_Mixtepec.png\",\"contentUrl\":\"https:\\\/\\\/conexionnacional.mx\\\/wp-content\\\/uploads\\\/2023\\\/05\\\/Carretera_Mixtepec.png\",\"width\":279,\"height\":132},{\"@type\":\"BreadcrumbList\",\"@id\":\"https:\\\/\\\/conexionnacional.mx\\\/index.php\\\/2023\\\/05\\\/29\\\/inician-trabajos-de-pavimentacion-en-la-carretera-mixtepec-tlaxiaco\\\/#breadcrumb\",\"itemListElement\":[{\"@type\":\"ListItem\",\"position\":1,\"name\":\"Inicio\",\"item\":\"https:\\\/\\\/conexionnacional.mx\\\/\"},{\"@type\":\"ListItem\",\"position\":2,\"name\":\"Inician trabajos de pavimentaci\u00f3n en la carretera Mixtepec-Tlaxiaco\"}]},{\"@type\":\"WebSite\",\"@id\":\"https:\\\/\\\/conexionnacional.mx\\\/#website\",\"url\":\"https:\\\/\\\/conexionnacional.mx\\\/\",\"name\":\"Conexi\u00f3n Nacional\",\"description\":\"Noticias al momento\",\"publisher\":{\"@id\":\"https:\\\/\\\/conexionnacional.mx\\\/#organization\"},\"alternateName\":\"Noticias nacionales\",\"potentialAction\":[{\"@type\":\"SearchAction\",\"target\":{\"@type\":\"EntryPoint\",\"urlTemplate\":\"https:\\\/\\\/conexionnacional.mx\\\/?s={search_term_string}\"},\"query-input\":{\"@type\":\"PropertyValueSpecification\",\"valueRequired\":true,\"valueName\":\"search_term_string\"}}],\"inLanguage\":\"es\"},{\"@type\":\"Organization\",\"@id\":\"https:\\\/\\\/conexionnacional.mx\\\/#organization\",\"name\":\"Conexi\u00f3n Nacional\",\"url\":\"https:\\\/\\\/conexionnacional.mx\\\/\",\"logo\":{\"@type\":\"ImageObject\",\"inLanguage\":\"es\",\"@id\":\"https:\\\/\\\/conexionnacional.mx\\\/#\\\/schema\\\/logo\\\/image\\\/\",\"url\":\"https:\\\/\\\/conexionnacional.mx\\\/wp-content\\\/uploads\\\/2022\\\/09\\\/conexion_nacional.png\",\"contentUrl\":\"https:\\\/\\\/conexionnacional.mx\\\/wp-content\\\/uploads\\\/2022\\\/09\\\/conexion_nacional.png\",\"width\":2964,\"height\":1173,\"caption\":\"Conexi\u00f3n Nacional\"},\"image\":{\"@id\":\"https:\\\/\\\/conexionnacional.mx\\\/#\\\/schema\\\/logo\\\/image\\\/\"},\"sameAs\":[\"https:\\\/\\\/www.facebook.com\\\/cnmxradio\"]},{\"@type\":\"Person\",\"@id\":\"https:\\\/\\\/conexionnacional.mx\\\/#\\\/schema\\\/person\\\/dd14aeda902120f5e0e021903fdb6931\",\"name\":\"Conexi\u00f3n Nacional\",\"image\":{\"@type\":\"ImageObject\",\"inLanguage\":\"es\",\"@id\":\"https:\\\/\\\/secure.gravatar.com\\\/avatar\\\/e523100f284110b2ecca7e17b2be9cf140a5e8f35294c9ec0543e6916cc1f9be?s=96&d=blank&r=g\",\"url\":\"https:\\\/\\\/secure.gravatar.com\\\/avatar\\\/e523100f284110b2ecca7e17b2be9cf140a5e8f35294c9ec0543e6916cc1f9be?s=96&d=blank&r=g\",\"contentUrl\":\"https:\\\/\\\/secure.gravatar.com\\\/avatar\\\/e523100f284110b2ecca7e17b2be9cf140a5e8f35294c9ec0543e6916cc1f9be?s=96&d=blank&r=g\",\"caption\":\"Conexi\u00f3n Nacional\"},\"sameAs\":[\"https:\\\/\\\/conexionnacional.mx\"],\"url\":\"https:\\\/\\\/conexionnacional.mx\\\/index.php\\\/author\\\/administrador\\\/\"}]}<\/script>\n<!-- \/ Yoast SEO plugin. -->","yoast_head_json":{"title":"Inician trabajos de pavimentaci\u00f3n en la carretera Mixtepec-Tlaxiaco |","description":"El presidente municipal de San Juan Mixtepec, Bernardo Ram\u00edrez Bautista, inform\u00f3 que iniciaron los trabajos previos a la pavimentaci\u00f3n con concreto hidr\u00e1ulico de tres kil\u00f3metros de la carretera Mixtepec-Tlaxiaco.","robots":{"index":"index","follow":"follow","max-snippet":"max-snippet:-1","max-image-preview":"max-image-preview:large","max-video-preview":"max-video-preview:-1"},"canonical":"https:\/\/conexionnacional.mx\/index.php\/2023\/05\/29\/inician-trabajos-de-pavimentacion-en-la-carretera-mixtepec-tlaxiaco\/","og_locale":"es_MX","og_type":"article","og_title":"Inician trabajos de pavimentaci\u00f3n en la carretera Mixtepec-Tlaxiaco |","og_description":"El presidente municipal de San Juan Mixtepec, Bernardo Ram\u00edrez Bautista, inform\u00f3 que iniciaron los trabajos previos a la pavimentaci\u00f3n con concreto hidr\u00e1ulico de tres kil\u00f3metros de la carretera Mixtepec-Tlaxiaco.","og_url":"https:\/\/conexionnacional.mx\/index.php\/2023\/05\/29\/inician-trabajos-de-pavimentacion-en-la-carretera-mixtepec-tlaxiaco\/","og_site_name":"Conexi\u00f3n Nacional","article_publisher":"https:\/\/www.facebook.com\/cnmxradio","article_published_time":"2023-05-29T17:30:00+00:00","og_image":[{"width":279,"height":132,"url":"https:\/\/conexionnacional.mx\/wp-content\/uploads\/2023\/05\/Carretera_Mixtepec.png","type":"image\/png"}],"author":"Conexi\u00f3n Nacional","twitter_card":"summary_large_image","twitter_misc":{"Escrito por":"Conexi\u00f3n Nacional","Tiempo de lectura":"2 minutos"},"schema":{"@context":"https:\/\/schema.org","@graph":[{"@type":"Article","@id":"https:\/\/conexionnacional.mx\/index.php\/2023\/05\/29\/inician-trabajos-de-pavimentacion-en-la-carretera-mixtepec-tlaxiaco\/#article","isPartOf":{"@id":"https:\/\/conexionnacional.mx\/index.php\/2023\/05\/29\/inician-trabajos-de-pavimentacion-en-la-carretera-mixtepec-tlaxiaco\/"},"author":{"name":"Conexi\u00f3n Nacional","@id":"https:\/\/conexionnacional.mx\/#\/schema\/person\/dd14aeda902120f5e0e021903fdb6931"},"headline":"Inician trabajos de pavimentaci\u00f3n en la carretera Mixtepec-Tlaxiaco","datePublished":"2023-05-29T17:30:00+00:00","mainEntityOfPage":{"@id":"https:\/\/conexionnacional.mx\/index.php\/2023\/05\/29\/inician-trabajos-de-pavimentacion-en-la-carretera-mixtepec-tlaxiaco\/"},"wordCount":294,"publisher":{"@id":"https:\/\/conexionnacional.mx\/#organization"},"image":{"@id":"https:\/\/conexionnacional.mx\/index.php\/2023\/05\/29\/inician-trabajos-de-pavimentacion-en-la-carretera-mixtepec-tlaxiaco\/#primaryimage"},"thumbnailUrl":"https:\/\/conexionnacional.mx\/wp-content\/uploads\/2023\/05\/Carretera_Mixtepec.png","articleSection":["Nacional"],"inLanguage":"es"},{"@type":"WebPage","@id":"https:\/\/conexionnacional.mx\/index.php\/2023\/05\/29\/inician-trabajos-de-pavimentacion-en-la-carretera-mixtepec-tlaxiaco\/","url":"https:\/\/conexionnacional.mx\/index.php\/2023\/05\/29\/inician-trabajos-de-pavimentacion-en-la-carretera-mixtepec-tlaxiaco\/","name":"Inician trabajos de pavimentaci\u00f3n en la carretera Mixtepec-Tlaxiaco |","isPartOf":{"@id":"https:\/\/conexionnacional.mx\/#website"},"primaryImageOfPage":{"@id":"https:\/\/conexionnacional.mx\/index.php\/2023\/05\/29\/inician-trabajos-de-pavimentacion-en-la-carretera-mixtepec-tlaxiaco\/#primaryimage"},"image":{"@id":"https:\/\/conexionnacional.mx\/index.php\/2023\/05\/29\/inician-trabajos-de-pavimentacion-en-la-carretera-mixtepec-tlaxiaco\/#primaryimage"},"thumbnailUrl":"https:\/\/conexionnacional.mx\/wp-content\/uploads\/2023\/05\/Carretera_Mixtepec.png","datePublished":"2023-05-29T17:30:00+00:00","description":"El presidente municipal de San Juan Mixtepec, Bernardo Ram\u00edrez Bautista, inform\u00f3 que iniciaron los trabajos previos a la pavimentaci\u00f3n con concreto hidr\u00e1ulico de tres kil\u00f3metros de la carretera Mixtepec-Tlaxiaco.","breadcrumb":{"@id":"https:\/\/conexionnacional.mx\/index.php\/2023\/05\/29\/inician-trabajos-de-pavimentacion-en-la-carretera-mixtepec-tlaxiaco\/#breadcrumb"},"inLanguage":"es","potentialAction":[{"@type":"ReadAction","target":["https:\/\/conexionnacional.mx\/index.php\/2023\/05\/29\/inician-trabajos-de-pavimentacion-en-la-carretera-mixtepec-tlaxiaco\/"]}]},{"@type":"ImageObject","inLanguage":"es","@id":"https:\/\/conexionnacional.mx\/index.php\/2023\/05\/29\/inician-trabajos-de-pavimentacion-en-la-carretera-mixtepec-tlaxiaco\/#primaryimage","url":"https:\/\/conexionnacional.mx\/wp-content\/uploads\/2023\/05\/Carretera_Mixtepec.png","contentUrl":"https:\/\/conexionnacional.mx\/wp-content\/uploads\/2023\/05\/Carretera_Mixtepec.png","width":279,"height":132},{"@type":"BreadcrumbList","@id":"https:\/\/conexionnacional.mx\/index.php\/2023\/05\/29\/inician-trabajos-de-pavimentacion-en-la-carretera-mixtepec-tlaxiaco\/#breadcrumb","itemListElement":[{"@type":"ListItem","position":1,"name":"Inicio","item":"https:\/\/conexionnacional.mx\/"},{"@type":"ListItem","position":2,"name":"Inician trabajos de pavimentaci\u00f3n en la carretera Mixtepec-Tlaxiaco"}]},{"@type":"WebSite","@id":"https:\/\/conexionnacional.mx\/#website","url":"https:\/\/conexionnacional.mx\/","name":"Conexi\u00f3n Nacional","description":"Noticias al momento","publisher":{"@id":"https:\/\/conexionnacional.mx\/#organization"},"alternateName":"Noticias nacionales","potentialAction":[{"@type":"SearchAction","target":{"@type":"EntryPoint","urlTemplate":"https:\/\/conexionnacional.mx\/?s={search_term_string}"},"query-input":{"@type":"PropertyValueSpecification","valueRequired":true,"valueName":"search_term_string"}}],"inLanguage":"es"},{"@type":"Organization","@id":"https:\/\/conexionnacional.mx\/#organization","name":"Conexi\u00f3n Nacional","url":"https:\/\/conexionnacional.mx\/","logo":{"@type":"ImageObject","inLanguage":"es","@id":"https:\/\/conexionnacional.mx\/#\/schema\/logo\/image\/","url":"https:\/\/conexionnacional.mx\/wp-content\/uploads\/2022\/09\/conexion_nacional.png","contentUrl":"https:\/\/conexionnacional.mx\/wp-content\/uploads\/2022\/09\/conexion_nacional.png","width":2964,"height":1173,"caption":"Conexi\u00f3n Nacional"},"image":{"@id":"https:\/\/conexionnacional.mx\/#\/schema\/logo\/image\/"},"sameAs":["https:\/\/www.facebook.com\/cnmxradio"]},{"@type":"Person","@id":"https:\/\/conexionnacional.mx\/#\/schema\/person\/dd14aeda902120f5e0e021903fdb6931","name":"Conexi\u00f3n Nacional","image":{"@type":"ImageObject","inLanguage":"es","@id":"https:\/\/secure.gravatar.com\/avatar\/e523100f284110b2ecca7e17b2be9cf140a5e8f35294c9ec0543e6916cc1f9be?s=96&d=blank&r=g","url":"https:\/\/secure.gravatar.com\/avatar\/e523100f284110b2ecca7e17b2be9cf140a5e8f35294c9ec0543e6916cc1f9be?s=96&d=blank&r=g","contentUrl":"https:\/\/secure.gravatar.com\/avatar\/e523100f284110b2ecca7e17b2be9cf140a5e8f35294c9ec0543e6916cc1f9be?s=96&d=blank&r=g","caption":"Conexi\u00f3n Nacional"},"sameAs":["https:\/\/conexionnacional.mx"],"url":"https:\/\/conexionnacional.mx\/index.php\/author\/administrador\/"}]}},"_links":{"self":[{"href":"https:\/\/conexionnacional.mx\/index.php\/wp-json\/wp\/v2\/posts\/12898","targetHints":{"allow":["GET"]}}],"collection":[{"href":"https:\/\/conexionnacional.mx\/index.php\/wp-json\/wp\/v2\/posts"}],"about":[{"href":"https:\/\/conexionnacional.mx\/index.php\/wp-json\/wp\/v2\/types\/post"}],"author":[{"embeddable":true,"href":"https:\/\/conexionnacional.mx\/index.php\/wp-json\/wp\/v2\/users\/1"}],"replies":[{"embeddable":true,"href":"https:\/\/conexionnacional.mx\/index.php\/wp-json\/wp\/v2\/comments?post=12898"}],"version-history":[{"count":1,"href":"https:\/\/conexionnacional.mx\/index.php\/wp-json\/wp\/v2\/posts\/12898\/revisions"}],"predecessor-version":[{"id":12900,"href":"https:\/\/conexionnacional.mx\/index.php\/wp-json\/wp\/v2\/posts\/12898\/revisions\/12900"}],"wp:featuredmedia":[{"embeddable":true,"href":"https:\/\/conexionnacional.mx\/index.php\/wp-json\/wp\/v2\/media\/12899"}],"wp:attachment":[{"href":"https:\/\/conexionnacional.mx\/index.php\/wp-json\/wp\/v2\/media?parent=12898"}],"wp:term":[{"taxonomy":"category","embeddable":true,"href":"https:\/\/conexionnacional.mx\/index.php\/wp-json\/wp\/v2\/categories?post=12898"},{"taxonomy":"post_tag","embeddable":true,"href":"https:\/\/conexionnacional.mx\/index.php\/wp-json\/wp\/v2\/tags?post=12898"}],"curies":[{"name":"wp","href":"https:\/\/api.w.org\/{rel}","templated":true}]}}