{"id":12894,"date":"2023-05-29T10:43:14","date_gmt":"2023-05-29T16:43:14","guid":{"rendered":"https:\/\/conexionnacional.mx\/?p=12894"},"modified":"2023-05-29T10:43:15","modified_gmt":"2023-05-29T16:43:15","slug":"avanza-propuesta-de-ley-para-el-desarrollo-de-los-pueblos-afroveracruzanos","status":"publish","type":"post","link":"https:\/\/conexionnacional.mx\/index.php\/2023\/05\/29\/avanza-propuesta-de-ley-para-el-desarrollo-de-los-pueblos-afroveracruzanos\/","title":{"rendered":"Avanza propuesta de Ley para el Desarrollo de los Pueblos Afroveracruzanos"},"content":{"rendered":"\n<p>La presidenta de la Mesa Directiva de la LXVI Legislatura, diputada Margarita Corro Mendoza, recibi\u00f3 de la diputada Cecilia Guevara Guembe el dictamen de las Comisiones Permanentes Unidas de Gobernaci\u00f3n y de Asuntos Ind\u00edgenas y de las Comunidades Afrodescendientes, que determina procedente la Iniciativa de Ley para el Desarrollo Integral de los Pueblos y Comunidades Afroveracruzanas de la entidad.<\/p>\n\n\n\n<p>Acompa\u00f1ada por el equipo que trabaj\u00f3 en el proceso legislativo previo al dictamen, la diputada Cecilia Guevara, presidenta de la primera de las comisiones mencionadas, entreg\u00f3 la documentaci\u00f3n emanada de los foros de consulta previa, libre e informada, realizada en las diversas regiones de la entidad y cuya finalidad fue dar a conocer a los involucrados la propuesta y considerar su opini\u00f3n, acuerdos y desacuerdos al respecto.<\/p>\n\n\n\n<p>A su vez, la diputada Margarita Corro agradeci\u00f3 el trabajo llevado a cabo por ambas instancias dictaminadoras, ya que, dijo, significa un arduo trabajo de log\u00edstica para la realizaci\u00f3n de los foros, y extendi\u00f3 su reconocimiento al equipo que labor\u00f3 para que estas acciones se realizaran en tiempo y forma.<\/p>\n\n\n\n<p>Asimismo, destac\u00f3 que esta iniciativa representa un gran logro que marcar\u00e1 un giro en la historia en los pueblos afrodescendientes del estado de Veracruz. \u201cSe dar\u00e1 visibilidad y respeto a sus derechos como ciudadanos\u201d, expres\u00f3.<\/p>\n\n\n\n<p>\u201cNo se trata de que no existan, pero una cosa es que se digan y se autodeterminen como afrodescendientes y otra que sepan que tambi\u00e9n tienen derechos ciudadanos, tanto legislativos, pol\u00edticos o culturales. Eso es lo importante, saber qui\u00e9nes son, d\u00f3nde est\u00e1n y reconocer lo que han aportado a nuestra sociedad\u201d, subray\u00f3.<\/p>\n\n\n\n<p>Al respecto, la diputada Cecilia Guevara inform\u00f3 que en este acto entregaba toda la documentaci\u00f3n relacionada con el proceso de dictaminaci\u00f3n, as\u00ed como los anexos y las actas de los 12 foros de consulta previa, libre e informada en la que atendieron a m\u00e1s de dos mil personas. \u201cEsperamos pronto estar votando el dictamen en el Pleno y que, de aprobarse, en Veracruz se estar\u00eda cambiando la historia\u201d, refiri\u00f3.<\/p>\n\n\n\n<p>Por \u00faltimo, el secretario de la Comisi\u00f3n Permanente de Gobernaci\u00f3n, diputado Paul Mart\u00ednez Marie, agradeci\u00f3 la disposici\u00f3n y el apoyo a la presidenta de la Mesa Directiva, diputada Margarita Corro, y al presidente de la Junta de Coordinaci\u00f3n Pol\u00edtica, diputado Juan Javier G\u00f3mez Cazar\u00edn, por las facilidades otorgadas para la realizaci\u00f3n dichos foros.<\/p>\n\n\n\n<p>Fuente: www.radiohit.com.mx<\/p>\n","protected":false},"excerpt":{"rendered":"<p>La presidenta de la Mesa Directiva de la LXVI Legislatura, diputada Margarita Corro Mendoza, recibi\u00f3 de la diputada Cecilia Guevara Guembe el dictamen de las Comisiones Permanentes Unidas de Gobernaci\u00f3n y de Asuntos Ind\u00edgenas y de las Comunidades Afrodescendientes, que determina procedente la Iniciativa de Ley para el Desarrollo Integral de los Pueblos y Comunidades [&hellip;]<\/p>\n","protected":false},"author":1,"featured_media":12895,"comment_status":"closed","ping_status":"closed","sticky":false,"template":"","format":"aside","meta":{"googlesitekit_rrm_CAowytPeCw:productID":"","footnotes":""},"categories":[3],"tags":[],"class_list":["post-12894","post","type-post","status-publish","format-aside","has-post-thumbnail","hentry","category-nacional","post_format-post-format-aside"],"yoast_head":"<!-- This site is optimized with the Yoast SEO plugin v27.4 - https:\/\/yoast.com\/product\/yoast-seo-wordpress\/ -->\n<title>Avanza propuesta de Ley para el Desarrollo de los Pueblos Afroveracruzanos |<\/title>\n<meta name=\"description\" content=\"Avanza propuesta de Ley para el Desarrollo de los Pueblos Afroveracruzanos\" \/>\n<meta name=\"robots\" content=\"index, follow, max-snippet:-1, max-image-preview:large, max-video-preview:-1\" \/>\n<link rel=\"canonical\" href=\"https:\/\/conexionnacional.mx\/index.php\/2023\/05\/29\/avanza-propuesta-de-ley-para-el-desarrollo-de-los-pueblos-afroveracruzanos\/\" \/>\n<meta property=\"og:locale\" content=\"es_MX\" \/>\n<meta property=\"og:type\" content=\"article\" \/>\n<meta property=\"og:title\" content=\"Avanza propuesta de Ley para el Desarrollo de los Pueblos Afroveracruzanos |\" \/>\n<meta property=\"og:description\" content=\"Avanza propuesta de Ley para el Desarrollo de los Pueblos Afroveracruzanos\" \/>\n<meta property=\"og:url\" content=\"https:\/\/conexionnacional.mx\/index.php\/2023\/05\/29\/avanza-propuesta-de-ley-para-el-desarrollo-de-los-pueblos-afroveracruzanos\/\" \/>\n<meta property=\"og:site_name\" content=\"Conexi\u00f3n Nacional\" \/>\n<meta property=\"article:publisher\" content=\"https:\/\/www.facebook.com\/cnmxradio\" \/>\n<meta property=\"article:published_time\" content=\"2023-05-29T16:43:14+00:00\" \/>\n<meta property=\"article:modified_time\" content=\"2023-05-29T16:43:15+00:00\" \/>\n<meta property=\"og:image\" content=\"https:\/\/conexionnacional.mx\/wp-content\/uploads\/2023\/05\/Coatzacoalcos.png\" \/>\n\t<meta property=\"og:image:width\" content=\"1064\" \/>\n\t<meta property=\"og:image:height\" content=\"714\" \/>\n\t<meta property=\"og:image:type\" content=\"image\/png\" \/>\n<meta name=\"author\" content=\"Conexi\u00f3n Nacional\" \/>\n<meta name=\"twitter:card\" content=\"summary_large_image\" \/>\n<meta name=\"twitter:label1\" content=\"Escrito por\" \/>\n\t<meta name=\"twitter:data1\" content=\"Conexi\u00f3n Nacional\" \/>\n\t<meta name=\"twitter:label2\" content=\"Tiempo de lectura\" \/>\n\t<meta name=\"twitter:data2\" content=\"2 minutos\" \/>\n<script type=\"application\/ld+json\" class=\"yoast-schema-graph\">{\"@context\":\"https:\\\/\\\/schema.org\",\"@graph\":[{\"@type\":\"Article\",\"@id\":\"https:\\\/\\\/conexionnacional.mx\\\/index.php\\\/2023\\\/05\\\/29\\\/avanza-propuesta-de-ley-para-el-desarrollo-de-los-pueblos-afroveracruzanos\\\/#article\",\"isPartOf\":{\"@id\":\"https:\\\/\\\/conexionnacional.mx\\\/index.php\\\/2023\\\/05\\\/29\\\/avanza-propuesta-de-ley-para-el-desarrollo-de-los-pueblos-afroveracruzanos\\\/\"},\"author\":{\"name\":\"Conexi\u00f3n Nacional\",\"@id\":\"https:\\\/\\\/conexionnacional.mx\\\/#\\\/schema\\\/person\\\/dd14aeda902120f5e0e021903fdb6931\"},\"headline\":\"Avanza propuesta de Ley para el Desarrollo de los Pueblos Afroveracruzanos\",\"datePublished\":\"2023-05-29T16:43:14+00:00\",\"dateModified\":\"2023-05-29T16:43:15+00:00\",\"mainEntityOfPage\":{\"@id\":\"https:\\\/\\\/conexionnacional.mx\\\/index.php\\\/2023\\\/05\\\/29\\\/avanza-propuesta-de-ley-para-el-desarrollo-de-los-pueblos-afroveracruzanos\\\/\"},\"wordCount\":425,\"publisher\":{\"@id\":\"https:\\\/\\\/conexionnacional.mx\\\/#organization\"},\"image\":{\"@id\":\"https:\\\/\\\/conexionnacional.mx\\\/index.php\\\/2023\\\/05\\\/29\\\/avanza-propuesta-de-ley-para-el-desarrollo-de-los-pueblos-afroveracruzanos\\\/#primaryimage\"},\"thumbnailUrl\":\"https:\\\/\\\/conexionnacional.mx\\\/wp-content\\\/uploads\\\/2023\\\/05\\\/Coatzacoalcos.png\",\"articleSection\":[\"Nacional\"],\"inLanguage\":\"es\"},{\"@type\":\"WebPage\",\"@id\":\"https:\\\/\\\/conexionnacional.mx\\\/index.php\\\/2023\\\/05\\\/29\\\/avanza-propuesta-de-ley-para-el-desarrollo-de-los-pueblos-afroveracruzanos\\\/\",\"url\":\"https:\\\/\\\/conexionnacional.mx\\\/index.php\\\/2023\\\/05\\\/29\\\/avanza-propuesta-de-ley-para-el-desarrollo-de-los-pueblos-afroveracruzanos\\\/\",\"name\":\"Avanza propuesta de Ley para el Desarrollo de los Pueblos Afroveracruzanos |\",\"isPartOf\":{\"@id\":\"https:\\\/\\\/conexionnacional.mx\\\/#website\"},\"primaryImageOfPage\":{\"@id\":\"https:\\\/\\\/conexionnacional.mx\\\/index.php\\\/2023\\\/05\\\/29\\\/avanza-propuesta-de-ley-para-el-desarrollo-de-los-pueblos-afroveracruzanos\\\/#primaryimage\"},\"image\":{\"@id\":\"https:\\\/\\\/conexionnacional.mx\\\/index.php\\\/2023\\\/05\\\/29\\\/avanza-propuesta-de-ley-para-el-desarrollo-de-los-pueblos-afroveracruzanos\\\/#primaryimage\"},\"thumbnailUrl\":\"https:\\\/\\\/conexionnacional.mx\\\/wp-content\\\/uploads\\\/2023\\\/05\\\/Coatzacoalcos.png\",\"datePublished\":\"2023-05-29T16:43:14+00:00\",\"dateModified\":\"2023-05-29T16:43:15+00:00\",\"description\":\"Avanza propuesta de Ley para el Desarrollo de los Pueblos Afroveracruzanos\",\"breadcrumb\":{\"@id\":\"https:\\\/\\\/conexionnacional.mx\\\/index.php\\\/2023\\\/05\\\/29\\\/avanza-propuesta-de-ley-para-el-desarrollo-de-los-pueblos-afroveracruzanos\\\/#breadcrumb\"},\"inLanguage\":\"es\",\"potentialAction\":[{\"@type\":\"ReadAction\",\"target\":[\"https:\\\/\\\/conexionnacional.mx\\\/index.php\\\/2023\\\/05\\\/29\\\/avanza-propuesta-de-ley-para-el-desarrollo-de-los-pueblos-afroveracruzanos\\\/\"]}]},{\"@type\":\"ImageObject\",\"inLanguage\":\"es\",\"@id\":\"https:\\\/\\\/conexionnacional.mx\\\/index.php\\\/2023\\\/05\\\/29\\\/avanza-propuesta-de-ley-para-el-desarrollo-de-los-pueblos-afroveracruzanos\\\/#primaryimage\",\"url\":\"https:\\\/\\\/conexionnacional.mx\\\/wp-content\\\/uploads\\\/2023\\\/05\\\/Coatzacoalcos.png\",\"contentUrl\":\"https:\\\/\\\/conexionnacional.mx\\\/wp-content\\\/uploads\\\/2023\\\/05\\\/Coatzacoalcos.png\",\"width\":1064,\"height\":714},{\"@type\":\"BreadcrumbList\",\"@id\":\"https:\\\/\\\/conexionnacional.mx\\\/index.php\\\/2023\\\/05\\\/29\\\/avanza-propuesta-de-ley-para-el-desarrollo-de-los-pueblos-afroveracruzanos\\\/#breadcrumb\",\"itemListElement\":[{\"@type\":\"ListItem\",\"position\":1,\"name\":\"Inicio\",\"item\":\"https:\\\/\\\/conexionnacional.mx\\\/\"},{\"@type\":\"ListItem\",\"position\":2,\"name\":\"Avanza propuesta de Ley para el Desarrollo de los Pueblos Afroveracruzanos\"}]},{\"@type\":\"WebSite\",\"@id\":\"https:\\\/\\\/conexionnacional.mx\\\/#website\",\"url\":\"https:\\\/\\\/conexionnacional.mx\\\/\",\"name\":\"Conexi\u00f3n Nacional\",\"description\":\"Noticias al momento\",\"publisher\":{\"@id\":\"https:\\\/\\\/conexionnacional.mx\\\/#organization\"},\"alternateName\":\"Noticias nacionales\",\"potentialAction\":[{\"@type\":\"SearchAction\",\"target\":{\"@type\":\"EntryPoint\",\"urlTemplate\":\"https:\\\/\\\/conexionnacional.mx\\\/?s={search_term_string}\"},\"query-input\":{\"@type\":\"PropertyValueSpecification\",\"valueRequired\":true,\"valueName\":\"search_term_string\"}}],\"inLanguage\":\"es\"},{\"@type\":\"Organization\",\"@id\":\"https:\\\/\\\/conexionnacional.mx\\\/#organization\",\"name\":\"Conexi\u00f3n Nacional\",\"url\":\"https:\\\/\\\/conexionnacional.mx\\\/\",\"logo\":{\"@type\":\"ImageObject\",\"inLanguage\":\"es\",\"@id\":\"https:\\\/\\\/conexionnacional.mx\\\/#\\\/schema\\\/logo\\\/image\\\/\",\"url\":\"https:\\\/\\\/conexionnacional.mx\\\/wp-content\\\/uploads\\\/2022\\\/09\\\/conexion_nacional.png\",\"contentUrl\":\"https:\\\/\\\/conexionnacional.mx\\\/wp-content\\\/uploads\\\/2022\\\/09\\\/conexion_nacional.png\",\"width\":2964,\"height\":1173,\"caption\":\"Conexi\u00f3n Nacional\"},\"image\":{\"@id\":\"https:\\\/\\\/conexionnacional.mx\\\/#\\\/schema\\\/logo\\\/image\\\/\"},\"sameAs\":[\"https:\\\/\\\/www.facebook.com\\\/cnmxradio\"]},{\"@type\":\"Person\",\"@id\":\"https:\\\/\\\/conexionnacional.mx\\\/#\\\/schema\\\/person\\\/dd14aeda902120f5e0e021903fdb6931\",\"name\":\"Conexi\u00f3n Nacional\",\"image\":{\"@type\":\"ImageObject\",\"inLanguage\":\"es\",\"@id\":\"https:\\\/\\\/secure.gravatar.com\\\/avatar\\\/e523100f284110b2ecca7e17b2be9cf140a5e8f35294c9ec0543e6916cc1f9be?s=96&d=blank&r=g\",\"url\":\"https:\\\/\\\/secure.gravatar.com\\\/avatar\\\/e523100f284110b2ecca7e17b2be9cf140a5e8f35294c9ec0543e6916cc1f9be?s=96&d=blank&r=g\",\"contentUrl\":\"https:\\\/\\\/secure.gravatar.com\\\/avatar\\\/e523100f284110b2ecca7e17b2be9cf140a5e8f35294c9ec0543e6916cc1f9be?s=96&d=blank&r=g\",\"caption\":\"Conexi\u00f3n Nacional\"},\"sameAs\":[\"https:\\\/\\\/conexionnacional.mx\"],\"url\":\"https:\\\/\\\/conexionnacional.mx\\\/index.php\\\/author\\\/administrador\\\/\"}]}<\/script>\n<!-- \/ Yoast SEO plugin. -->","yoast_head_json":{"title":"Avanza propuesta de Ley para el Desarrollo de los Pueblos Afroveracruzanos |","description":"Avanza propuesta de Ley para el Desarrollo de los Pueblos Afroveracruzanos","robots":{"index":"index","follow":"follow","max-snippet":"max-snippet:-1","max-image-preview":"max-image-preview:large","max-video-preview":"max-video-preview:-1"},"canonical":"https:\/\/conexionnacional.mx\/index.php\/2023\/05\/29\/avanza-propuesta-de-ley-para-el-desarrollo-de-los-pueblos-afroveracruzanos\/","og_locale":"es_MX","og_type":"article","og_title":"Avanza propuesta de Ley para el Desarrollo de los Pueblos Afroveracruzanos |","og_description":"Avanza propuesta de Ley para el Desarrollo de los Pueblos Afroveracruzanos","og_url":"https:\/\/conexionnacional.mx\/index.php\/2023\/05\/29\/avanza-propuesta-de-ley-para-el-desarrollo-de-los-pueblos-afroveracruzanos\/","og_site_name":"Conexi\u00f3n Nacional","article_publisher":"https:\/\/www.facebook.com\/cnmxradio","article_published_time":"2023-05-29T16:43:14+00:00","article_modified_time":"2023-05-29T16:43:15+00:00","og_image":[{"width":1064,"height":714,"url":"https:\/\/conexionnacional.mx\/wp-content\/uploads\/2023\/05\/Coatzacoalcos.png","type":"image\/png"}],"author":"Conexi\u00f3n Nacional","twitter_card":"summary_large_image","twitter_misc":{"Escrito por":"Conexi\u00f3n Nacional","Tiempo de lectura":"2 minutos"},"schema":{"@context":"https:\/\/schema.org","@graph":[{"@type":"Article","@id":"https:\/\/conexionnacional.mx\/index.php\/2023\/05\/29\/avanza-propuesta-de-ley-para-el-desarrollo-de-los-pueblos-afroveracruzanos\/#article","isPartOf":{"@id":"https:\/\/conexionnacional.mx\/index.php\/2023\/05\/29\/avanza-propuesta-de-ley-para-el-desarrollo-de-los-pueblos-afroveracruzanos\/"},"author":{"name":"Conexi\u00f3n Nacional","@id":"https:\/\/conexionnacional.mx\/#\/schema\/person\/dd14aeda902120f5e0e021903fdb6931"},"headline":"Avanza propuesta de Ley para el Desarrollo de los Pueblos Afroveracruzanos","datePublished":"2023-05-29T16:43:14+00:00","dateModified":"2023-05-29T16:43:15+00:00","mainEntityOfPage":{"@id":"https:\/\/conexionnacional.mx\/index.php\/2023\/05\/29\/avanza-propuesta-de-ley-para-el-desarrollo-de-los-pueblos-afroveracruzanos\/"},"wordCount":425,"publisher":{"@id":"https:\/\/conexionnacional.mx\/#organization"},"image":{"@id":"https:\/\/conexionnacional.mx\/index.php\/2023\/05\/29\/avanza-propuesta-de-ley-para-el-desarrollo-de-los-pueblos-afroveracruzanos\/#primaryimage"},"thumbnailUrl":"https:\/\/conexionnacional.mx\/wp-content\/uploads\/2023\/05\/Coatzacoalcos.png","articleSection":["Nacional"],"inLanguage":"es"},{"@type":"WebPage","@id":"https:\/\/conexionnacional.mx\/index.php\/2023\/05\/29\/avanza-propuesta-de-ley-para-el-desarrollo-de-los-pueblos-afroveracruzanos\/","url":"https:\/\/conexionnacional.mx\/index.php\/2023\/05\/29\/avanza-propuesta-de-ley-para-el-desarrollo-de-los-pueblos-afroveracruzanos\/","name":"Avanza propuesta de Ley para el Desarrollo de los Pueblos Afroveracruzanos |","isPartOf":{"@id":"https:\/\/conexionnacional.mx\/#website"},"primaryImageOfPage":{"@id":"https:\/\/conexionnacional.mx\/index.php\/2023\/05\/29\/avanza-propuesta-de-ley-para-el-desarrollo-de-los-pueblos-afroveracruzanos\/#primaryimage"},"image":{"@id":"https:\/\/conexionnacional.mx\/index.php\/2023\/05\/29\/avanza-propuesta-de-ley-para-el-desarrollo-de-los-pueblos-afroveracruzanos\/#primaryimage"},"thumbnailUrl":"https:\/\/conexionnacional.mx\/wp-content\/uploads\/2023\/05\/Coatzacoalcos.png","datePublished":"2023-05-29T16:43:14+00:00","dateModified":"2023-05-29T16:43:15+00:00","description":"Avanza propuesta de Ley para el Desarrollo de los Pueblos Afroveracruzanos","breadcrumb":{"@id":"https:\/\/conexionnacional.mx\/index.php\/2023\/05\/29\/avanza-propuesta-de-ley-para-el-desarrollo-de-los-pueblos-afroveracruzanos\/#breadcrumb"},"inLanguage":"es","potentialAction":[{"@type":"ReadAction","target":["https:\/\/conexionnacional.mx\/index.php\/2023\/05\/29\/avanza-propuesta-de-ley-para-el-desarrollo-de-los-pueblos-afroveracruzanos\/"]}]},{"@type":"ImageObject","inLanguage":"es","@id":"https:\/\/conexionnacional.mx\/index.php\/2023\/05\/29\/avanza-propuesta-de-ley-para-el-desarrollo-de-los-pueblos-afroveracruzanos\/#primaryimage","url":"https:\/\/conexionnacional.mx\/wp-content\/uploads\/2023\/05\/Coatzacoalcos.png","contentUrl":"https:\/\/conexionnacional.mx\/wp-content\/uploads\/2023\/05\/Coatzacoalcos.png","width":1064,"height":714},{"@type":"BreadcrumbList","@id":"https:\/\/conexionnacional.mx\/index.php\/2023\/05\/29\/avanza-propuesta-de-ley-para-el-desarrollo-de-los-pueblos-afroveracruzanos\/#breadcrumb","itemListElement":[{"@type":"ListItem","position":1,"name":"Inicio","item":"https:\/\/conexionnacional.mx\/"},{"@type":"ListItem","position":2,"name":"Avanza propuesta de Ley para el Desarrollo de los Pueblos Afroveracruzanos"}]},{"@type":"WebSite","@id":"https:\/\/conexionnacional.mx\/#website","url":"https:\/\/conexionnacional.mx\/","name":"Conexi\u00f3n Nacional","description":"Noticias al momento","publisher":{"@id":"https:\/\/conexionnacional.mx\/#organization"},"alternateName":"Noticias nacionales","potentialAction":[{"@type":"SearchAction","target":{"@type":"EntryPoint","urlTemplate":"https:\/\/conexionnacional.mx\/?s={search_term_string}"},"query-input":{"@type":"PropertyValueSpecification","valueRequired":true,"valueName":"search_term_string"}}],"inLanguage":"es"},{"@type":"Organization","@id":"https:\/\/conexionnacional.mx\/#organization","name":"Conexi\u00f3n Nacional","url":"https:\/\/conexionnacional.mx\/","logo":{"@type":"ImageObject","inLanguage":"es","@id":"https:\/\/conexionnacional.mx\/#\/schema\/logo\/image\/","url":"https:\/\/conexionnacional.mx\/wp-content\/uploads\/2022\/09\/conexion_nacional.png","contentUrl":"https:\/\/conexionnacional.mx\/wp-content\/uploads\/2022\/09\/conexion_nacional.png","width":2964,"height":1173,"caption":"Conexi\u00f3n Nacional"},"image":{"@id":"https:\/\/conexionnacional.mx\/#\/schema\/logo\/image\/"},"sameAs":["https:\/\/www.facebook.com\/cnmxradio"]},{"@type":"Person","@id":"https:\/\/conexionnacional.mx\/#\/schema\/person\/dd14aeda902120f5e0e021903fdb6931","name":"Conexi\u00f3n Nacional","image":{"@type":"ImageObject","inLanguage":"es","@id":"https:\/\/secure.gravatar.com\/avatar\/e523100f284110b2ecca7e17b2be9cf140a5e8f35294c9ec0543e6916cc1f9be?s=96&d=blank&r=g","url":"https:\/\/secure.gravatar.com\/avatar\/e523100f284110b2ecca7e17b2be9cf140a5e8f35294c9ec0543e6916cc1f9be?s=96&d=blank&r=g","contentUrl":"https:\/\/secure.gravatar.com\/avatar\/e523100f284110b2ecca7e17b2be9cf140a5e8f35294c9ec0543e6916cc1f9be?s=96&d=blank&r=g","caption":"Conexi\u00f3n Nacional"},"sameAs":["https:\/\/conexionnacional.mx"],"url":"https:\/\/conexionnacional.mx\/index.php\/author\/administrador\/"}]}},"_links":{"self":[{"href":"https:\/\/conexionnacional.mx\/index.php\/wp-json\/wp\/v2\/posts\/12894","targetHints":{"allow":["GET"]}}],"collection":[{"href":"https:\/\/conexionnacional.mx\/index.php\/wp-json\/wp\/v2\/posts"}],"about":[{"href":"https:\/\/conexionnacional.mx\/index.php\/wp-json\/wp\/v2\/types\/post"}],"author":[{"embeddable":true,"href":"https:\/\/conexionnacional.mx\/index.php\/wp-json\/wp\/v2\/users\/1"}],"replies":[{"embeddable":true,"href":"https:\/\/conexionnacional.mx\/index.php\/wp-json\/wp\/v2\/comments?post=12894"}],"version-history":[{"count":1,"href":"https:\/\/conexionnacional.mx\/index.php\/wp-json\/wp\/v2\/posts\/12894\/revisions"}],"predecessor-version":[{"id":12896,"href":"https:\/\/conexionnacional.mx\/index.php\/wp-json\/wp\/v2\/posts\/12894\/revisions\/12896"}],"wp:featuredmedia":[{"embeddable":true,"href":"https:\/\/conexionnacional.mx\/index.php\/wp-json\/wp\/v2\/media\/12895"}],"wp:attachment":[{"href":"https:\/\/conexionnacional.mx\/index.php\/wp-json\/wp\/v2\/media?parent=12894"}],"wp:term":[{"taxonomy":"category","embeddable":true,"href":"https:\/\/conexionnacional.mx\/index.php\/wp-json\/wp\/v2\/categories?post=12894"},{"taxonomy":"post_tag","embeddable":true,"href":"https:\/\/conexionnacional.mx\/index.php\/wp-json\/wp\/v2\/tags?post=12894"}],"curies":[{"name":"wp","href":"https:\/\/api.w.org\/{rel}","templated":true}]}}