{"id":12565,"date":"2023-05-16T09:53:54","date_gmt":"2023-05-16T15:53:54","guid":{"rendered":"https:\/\/conexionnacional.mx\/?p=12565"},"modified":"2023-05-16T09:54:46","modified_gmt":"2023-05-16T15:54:46","slug":"salen-arqueros-bajacalifornianos-por-boleto-a-para-panamericano-y-mundial-inde-bc","status":"publish","type":"post","link":"https:\/\/conexionnacional.mx\/index.php\/2023\/05\/16\/salen-arqueros-bajacalifornianos-por-boleto-a-para-panamericano-y-mundial-inde-bc\/","title":{"rendered":"Salen arqueros bajacalifornianos por boleto a para panamericano y mundial : INDE BC"},"content":{"rendered":"\n<p>Una delegaci\u00f3n de seis arqueros y par de entrenadores conformar\u00e1n al representativo de Baja California que participar\u00e1 en el primer torneo nacional selectivo Para Tiro con Arco 2023 en Tlaxcala, as\u00ed lo dio a conocer el Instituto del Deporte y la Cultura F\u00edsica (INDE BC).&nbsp;<\/p>\n\n\n\n<p>El certamen se llevar\u00e1 a cabo&nbsp;del 17 al 21 de mayo&nbsp;en el Estadio Tlahuicole, de la capital tlaxcalteca.&nbsp;Al certamen nacional acudir\u00e1n 32 atletas quienes participar\u00e1n en las modalidades de Curvo y Compuesto. <\/p>\n\n\n\n<p>\u201cTenemos una gran expectativa en este grupo para que eventualmente sean considerados para la selecci\u00f3n nacional, adem\u00e1s de las observaciones, ajustes y trabajo que realizan con sus entrenadores, tambi\u00e9n han recibido consejos de Luis \u201cAbuelo\u201d \u00c1lvarez\u201d, dijo Margarita Pe\u00f1a, jefa del Departamento de Deporte Adaptado del INDE BC.&nbsp;<\/p>\n\n\n\n<p>El equipo bajacaliforniano lo encabezan los para atletas Lili Montiel, Karen Rocha, Pedro Zamora y Jorge Monraz, los entrenadores son Dami\u00e1n F\u00e9lix y Manuel D\u00edaz.&nbsp;<\/p>\n\n\n\n<p>Esta competencia es la primera de dos filtros que se determinaron como Criterios Nacionales de Selecci\u00f3n Nacional los cuales ser\u00e1n la base para conformar al equipo mexicano que contender\u00e1 en los Juegos Para Panamericanos de Santiago de Chile 2023.&nbsp;<\/p>\n\n\n\n<p>Aprovechar\u00e1n para conformar al combinado azteca que representar\u00e1 al pa\u00eds en el Campeonato Mundial de Pilsen, Rep\u00fablica Checa, el cual se disputar\u00e1 en el mes de julio de este a\u00f1o.&nbsp;<\/p>\n\n\n\n<p>Fuente: www.californiamedios.com<\/p>\n","protected":false},"excerpt":{"rendered":"<p>Una delegaci\u00f3n de seis arqueros y par de entrenadores conformar\u00e1n al representativo de Baja California que participar\u00e1 en el primer torneo nacional selectivo Para Tiro con Arco 2023 en Tlaxcala, as\u00ed lo dio a conocer el Instituto del Deporte y la Cultura F\u00edsica (INDE BC).&nbsp; El certamen se llevar\u00e1 a cabo&nbsp;del 17 al 21 de [&hellip;]<\/p>\n","protected":false},"author":1,"featured_media":12567,"comment_status":"closed","ping_status":"closed","sticky":false,"template":"","format":"aside","meta":{"googlesitekit_rrm_CAowytPeCw:productID":"","footnotes":""},"categories":[3],"tags":[4496,5073,5074],"class_list":["post-12565","post","type-post","status-publish","format-aside","has-post-thumbnail","hentry","category-nacional","tag-bc","tag-juegospanamericanos","tag-panamericanos","post_format-post-format-aside"],"yoast_head":"<!-- This site is optimized with the Yoast SEO plugin v27.5 - https:\/\/yoast.com\/product\/yoast-seo-wordpress\/ -->\n<title>Salen arqueros bajacalifornianos por boleto a para panamericano y mundial : INDE BC |<\/title>\n<meta name=\"description\" content=\"Seis arqueros sus entrenadores conformar\u00e1n al representativo de Baja California que participar\u00e1 en el primer torneo nacional selectivo Para Tiro con Arco 2023 en Tlaxcala. El certamen se llevar\u00e1 a cabo\u00a0del 17 al 21 de mayo\u00a0en el Estadio Tlahuicole, de la capital tlaxcalteca.\u00a0Al certamen nacional acudir\u00e1n 32 atletas quienes participar\u00e1n en las modalidades de Curvo y Compuesto.\" \/>\n<meta name=\"robots\" content=\"index, follow, max-snippet:-1, max-image-preview:large, max-video-preview:-1\" \/>\n<link rel=\"canonical\" href=\"https:\/\/conexionnacional.mx\/index.php\/2023\/05\/16\/salen-arqueros-bajacalifornianos-por-boleto-a-para-panamericano-y-mundial-inde-bc\/\" \/>\n<meta property=\"og:locale\" content=\"es_MX\" \/>\n<meta property=\"og:type\" content=\"article\" \/>\n<meta property=\"og:title\" content=\"Salen arqueros bajacalifornianos por boleto a para panamericano y mundial : INDE BC |\" \/>\n<meta property=\"og:description\" content=\"Seis arqueros sus entrenadores conformar\u00e1n al representativo de Baja California que participar\u00e1 en el primer torneo nacional selectivo Para Tiro con Arco 2023 en Tlaxcala. El certamen se llevar\u00e1 a cabo\u00a0del 17 al 21 de mayo\u00a0en el Estadio Tlahuicole, de la capital tlaxcalteca.\u00a0Al certamen nacional acudir\u00e1n 32 atletas quienes participar\u00e1n en las modalidades de Curvo y Compuesto.\" \/>\n<meta property=\"og:url\" content=\"https:\/\/conexionnacional.mx\/index.php\/2023\/05\/16\/salen-arqueros-bajacalifornianos-por-boleto-a-para-panamericano-y-mundial-inde-bc\/\" \/>\n<meta property=\"og:site_name\" content=\"Conexi\u00f3n Nacional\" \/>\n<meta property=\"article:publisher\" content=\"https:\/\/www.facebook.com\/cnmxradio\" \/>\n<meta property=\"article:published_time\" content=\"2023-05-16T15:53:54+00:00\" \/>\n<meta property=\"article:modified_time\" content=\"2023-05-16T15:54:46+00:00\" \/>\n<meta property=\"og:image\" content=\"https:\/\/conexionnacional.mx\/wp-content\/uploads\/2023\/05\/Captura-de-pantalla-2023-05-16-095142.png\" \/>\n\t<meta property=\"og:image:width\" content=\"1206\" \/>\n\t<meta property=\"og:image:height\" content=\"680\" \/>\n\t<meta property=\"og:image:type\" content=\"image\/png\" \/>\n<meta name=\"author\" content=\"Conexi\u00f3n Nacional\" \/>\n<meta name=\"twitter:card\" content=\"summary_large_image\" \/>\n<meta name=\"twitter:label1\" content=\"Escrito por\" \/>\n\t<meta name=\"twitter:data1\" content=\"Conexi\u00f3n Nacional\" \/>\n\t<meta name=\"twitter:label2\" content=\"Tiempo de lectura\" \/>\n\t<meta name=\"twitter:data2\" content=\"2 minutos\" \/>\n<script type=\"application\/ld+json\" class=\"yoast-schema-graph\">{\"@context\":\"https:\\\/\\\/schema.org\",\"@graph\":[{\"@type\":\"Article\",\"@id\":\"https:\\\/\\\/conexionnacional.mx\\\/index.php\\\/2023\\\/05\\\/16\\\/salen-arqueros-bajacalifornianos-por-boleto-a-para-panamericano-y-mundial-inde-bc\\\/#article\",\"isPartOf\":{\"@id\":\"https:\\\/\\\/conexionnacional.mx\\\/index.php\\\/2023\\\/05\\\/16\\\/salen-arqueros-bajacalifornianos-por-boleto-a-para-panamericano-y-mundial-inde-bc\\\/\"},\"author\":{\"name\":\"Conexi\u00f3n Nacional\",\"@id\":\"https:\\\/\\\/conexionnacional.mx\\\/#\\\/schema\\\/person\\\/dd14aeda902120f5e0e021903fdb6931\"},\"headline\":\"Salen arqueros bajacalifornianos por boleto a para panamericano y mundial : INDE BC\",\"datePublished\":\"2023-05-16T15:53:54+00:00\",\"dateModified\":\"2023-05-16T15:54:46+00:00\",\"mainEntityOfPage\":{\"@id\":\"https:\\\/\\\/conexionnacional.mx\\\/index.php\\\/2023\\\/05\\\/16\\\/salen-arqueros-bajacalifornianos-por-boleto-a-para-panamericano-y-mundial-inde-bc\\\/\"},\"wordCount\":259,\"publisher\":{\"@id\":\"https:\\\/\\\/conexionnacional.mx\\\/#organization\"},\"image\":{\"@id\":\"https:\\\/\\\/conexionnacional.mx\\\/index.php\\\/2023\\\/05\\\/16\\\/salen-arqueros-bajacalifornianos-por-boleto-a-para-panamericano-y-mundial-inde-bc\\\/#primaryimage\"},\"thumbnailUrl\":\"https:\\\/\\\/conexionnacional.mx\\\/wp-content\\\/uploads\\\/2023\\\/05\\\/Captura-de-pantalla-2023-05-16-095142.png\",\"keywords\":[\"BC\",\"Juegospanamericanos\",\"Panamericanos\"],\"articleSection\":[\"Nacional\"],\"inLanguage\":\"es\"},{\"@type\":\"WebPage\",\"@id\":\"https:\\\/\\\/conexionnacional.mx\\\/index.php\\\/2023\\\/05\\\/16\\\/salen-arqueros-bajacalifornianos-por-boleto-a-para-panamericano-y-mundial-inde-bc\\\/\",\"url\":\"https:\\\/\\\/conexionnacional.mx\\\/index.php\\\/2023\\\/05\\\/16\\\/salen-arqueros-bajacalifornianos-por-boleto-a-para-panamericano-y-mundial-inde-bc\\\/\",\"name\":\"Salen arqueros bajacalifornianos por boleto a para panamericano y mundial : INDE BC |\",\"isPartOf\":{\"@id\":\"https:\\\/\\\/conexionnacional.mx\\\/#website\"},\"primaryImageOfPage\":{\"@id\":\"https:\\\/\\\/conexionnacional.mx\\\/index.php\\\/2023\\\/05\\\/16\\\/salen-arqueros-bajacalifornianos-por-boleto-a-para-panamericano-y-mundial-inde-bc\\\/#primaryimage\"},\"image\":{\"@id\":\"https:\\\/\\\/conexionnacional.mx\\\/index.php\\\/2023\\\/05\\\/16\\\/salen-arqueros-bajacalifornianos-por-boleto-a-para-panamericano-y-mundial-inde-bc\\\/#primaryimage\"},\"thumbnailUrl\":\"https:\\\/\\\/conexionnacional.mx\\\/wp-content\\\/uploads\\\/2023\\\/05\\\/Captura-de-pantalla-2023-05-16-095142.png\",\"datePublished\":\"2023-05-16T15:53:54+00:00\",\"dateModified\":\"2023-05-16T15:54:46+00:00\",\"description\":\"Seis arqueros sus entrenadores conformar\u00e1n al representativo de Baja California que participar\u00e1 en el primer torneo nacional selectivo Para Tiro con Arco 2023 en Tlaxcala. El certamen se llevar\u00e1 a cabo\u00a0del 17 al 21 de mayo\u00a0en el Estadio Tlahuicole, de la capital tlaxcalteca.\u00a0Al certamen nacional acudir\u00e1n 32 atletas quienes participar\u00e1n en las modalidades de Curvo y Compuesto.\",\"breadcrumb\":{\"@id\":\"https:\\\/\\\/conexionnacional.mx\\\/index.php\\\/2023\\\/05\\\/16\\\/salen-arqueros-bajacalifornianos-por-boleto-a-para-panamericano-y-mundial-inde-bc\\\/#breadcrumb\"},\"inLanguage\":\"es\",\"potentialAction\":[{\"@type\":\"ReadAction\",\"target\":[\"https:\\\/\\\/conexionnacional.mx\\\/index.php\\\/2023\\\/05\\\/16\\\/salen-arqueros-bajacalifornianos-por-boleto-a-para-panamericano-y-mundial-inde-bc\\\/\"]}]},{\"@type\":\"ImageObject\",\"inLanguage\":\"es\",\"@id\":\"https:\\\/\\\/conexionnacional.mx\\\/index.php\\\/2023\\\/05\\\/16\\\/salen-arqueros-bajacalifornianos-por-boleto-a-para-panamericano-y-mundial-inde-bc\\\/#primaryimage\",\"url\":\"https:\\\/\\\/conexionnacional.mx\\\/wp-content\\\/uploads\\\/2023\\\/05\\\/Captura-de-pantalla-2023-05-16-095142.png\",\"contentUrl\":\"https:\\\/\\\/conexionnacional.mx\\\/wp-content\\\/uploads\\\/2023\\\/05\\\/Captura-de-pantalla-2023-05-16-095142.png\",\"width\":1206,\"height\":680},{\"@type\":\"BreadcrumbList\",\"@id\":\"https:\\\/\\\/conexionnacional.mx\\\/index.php\\\/2023\\\/05\\\/16\\\/salen-arqueros-bajacalifornianos-por-boleto-a-para-panamericano-y-mundial-inde-bc\\\/#breadcrumb\",\"itemListElement\":[{\"@type\":\"ListItem\",\"position\":1,\"name\":\"Inicio\",\"item\":\"https:\\\/\\\/conexionnacional.mx\\\/\"},{\"@type\":\"ListItem\",\"position\":2,\"name\":\"Salen arqueros bajacalifornianos por boleto a para panamericano y mundial : INDE BC\"}]},{\"@type\":\"WebSite\",\"@id\":\"https:\\\/\\\/conexionnacional.mx\\\/#website\",\"url\":\"https:\\\/\\\/conexionnacional.mx\\\/\",\"name\":\"Conexi\u00f3n Nacional\",\"description\":\"Noticias al momento\",\"publisher\":{\"@id\":\"https:\\\/\\\/conexionnacional.mx\\\/#organization\"},\"alternateName\":\"Noticias nacionales\",\"potentialAction\":[{\"@type\":\"SearchAction\",\"target\":{\"@type\":\"EntryPoint\",\"urlTemplate\":\"https:\\\/\\\/conexionnacional.mx\\\/?s={search_term_string}\"},\"query-input\":{\"@type\":\"PropertyValueSpecification\",\"valueRequired\":true,\"valueName\":\"search_term_string\"}}],\"inLanguage\":\"es\"},{\"@type\":\"Organization\",\"@id\":\"https:\\\/\\\/conexionnacional.mx\\\/#organization\",\"name\":\"Conexi\u00f3n Nacional\",\"url\":\"https:\\\/\\\/conexionnacional.mx\\\/\",\"logo\":{\"@type\":\"ImageObject\",\"inLanguage\":\"es\",\"@id\":\"https:\\\/\\\/conexionnacional.mx\\\/#\\\/schema\\\/logo\\\/image\\\/\",\"url\":\"https:\\\/\\\/conexionnacional.mx\\\/wp-content\\\/uploads\\\/2022\\\/09\\\/conexion_nacional.png\",\"contentUrl\":\"https:\\\/\\\/conexionnacional.mx\\\/wp-content\\\/uploads\\\/2022\\\/09\\\/conexion_nacional.png\",\"width\":2964,\"height\":1173,\"caption\":\"Conexi\u00f3n Nacional\"},\"image\":{\"@id\":\"https:\\\/\\\/conexionnacional.mx\\\/#\\\/schema\\\/logo\\\/image\\\/\"},\"sameAs\":[\"https:\\\/\\\/www.facebook.com\\\/cnmxradio\"]},{\"@type\":\"Person\",\"@id\":\"https:\\\/\\\/conexionnacional.mx\\\/#\\\/schema\\\/person\\\/dd14aeda902120f5e0e021903fdb6931\",\"name\":\"Conexi\u00f3n Nacional\",\"image\":{\"@type\":\"ImageObject\",\"inLanguage\":\"es\",\"@id\":\"https:\\\/\\\/secure.gravatar.com\\\/avatar\\\/e523100f284110b2ecca7e17b2be9cf140a5e8f35294c9ec0543e6916cc1f9be?s=96&d=blank&r=g\",\"url\":\"https:\\\/\\\/secure.gravatar.com\\\/avatar\\\/e523100f284110b2ecca7e17b2be9cf140a5e8f35294c9ec0543e6916cc1f9be?s=96&d=blank&r=g\",\"contentUrl\":\"https:\\\/\\\/secure.gravatar.com\\\/avatar\\\/e523100f284110b2ecca7e17b2be9cf140a5e8f35294c9ec0543e6916cc1f9be?s=96&d=blank&r=g\",\"caption\":\"Conexi\u00f3n Nacional\"},\"sameAs\":[\"https:\\\/\\\/conexionnacional.mx\"],\"url\":\"https:\\\/\\\/conexionnacional.mx\\\/index.php\\\/author\\\/administrador\\\/\"}]}<\/script>\n<!-- \/ Yoast SEO plugin. -->","yoast_head_json":{"title":"Salen arqueros bajacalifornianos por boleto a para panamericano y mundial : INDE BC |","description":"Seis arqueros sus entrenadores conformar\u00e1n al representativo de Baja California que participar\u00e1 en el primer torneo nacional selectivo Para Tiro con Arco 2023 en Tlaxcala. El certamen se llevar\u00e1 a cabo\u00a0del 17 al 21 de mayo\u00a0en el Estadio Tlahuicole, de la capital tlaxcalteca.\u00a0Al certamen nacional acudir\u00e1n 32 atletas quienes participar\u00e1n en las modalidades de Curvo y Compuesto.","robots":{"index":"index","follow":"follow","max-snippet":"max-snippet:-1","max-image-preview":"max-image-preview:large","max-video-preview":"max-video-preview:-1"},"canonical":"https:\/\/conexionnacional.mx\/index.php\/2023\/05\/16\/salen-arqueros-bajacalifornianos-por-boleto-a-para-panamericano-y-mundial-inde-bc\/","og_locale":"es_MX","og_type":"article","og_title":"Salen arqueros bajacalifornianos por boleto a para panamericano y mundial : INDE BC |","og_description":"Seis arqueros sus entrenadores conformar\u00e1n al representativo de Baja California que participar\u00e1 en el primer torneo nacional selectivo Para Tiro con Arco 2023 en Tlaxcala. El certamen se llevar\u00e1 a cabo\u00a0del 17 al 21 de mayo\u00a0en el Estadio Tlahuicole, de la capital tlaxcalteca.\u00a0Al certamen nacional acudir\u00e1n 32 atletas quienes participar\u00e1n en las modalidades de Curvo y Compuesto.","og_url":"https:\/\/conexionnacional.mx\/index.php\/2023\/05\/16\/salen-arqueros-bajacalifornianos-por-boleto-a-para-panamericano-y-mundial-inde-bc\/","og_site_name":"Conexi\u00f3n Nacional","article_publisher":"https:\/\/www.facebook.com\/cnmxradio","article_published_time":"2023-05-16T15:53:54+00:00","article_modified_time":"2023-05-16T15:54:46+00:00","og_image":[{"width":1206,"height":680,"url":"https:\/\/conexionnacional.mx\/wp-content\/uploads\/2023\/05\/Captura-de-pantalla-2023-05-16-095142.png","type":"image\/png"}],"author":"Conexi\u00f3n Nacional","twitter_card":"summary_large_image","twitter_misc":{"Escrito por":"Conexi\u00f3n Nacional","Tiempo de lectura":"2 minutos"},"schema":{"@context":"https:\/\/schema.org","@graph":[{"@type":"Article","@id":"https:\/\/conexionnacional.mx\/index.php\/2023\/05\/16\/salen-arqueros-bajacalifornianos-por-boleto-a-para-panamericano-y-mundial-inde-bc\/#article","isPartOf":{"@id":"https:\/\/conexionnacional.mx\/index.php\/2023\/05\/16\/salen-arqueros-bajacalifornianos-por-boleto-a-para-panamericano-y-mundial-inde-bc\/"},"author":{"name":"Conexi\u00f3n Nacional","@id":"https:\/\/conexionnacional.mx\/#\/schema\/person\/dd14aeda902120f5e0e021903fdb6931"},"headline":"Salen arqueros bajacalifornianos por boleto a para panamericano y mundial : INDE BC","datePublished":"2023-05-16T15:53:54+00:00","dateModified":"2023-05-16T15:54:46+00:00","mainEntityOfPage":{"@id":"https:\/\/conexionnacional.mx\/index.php\/2023\/05\/16\/salen-arqueros-bajacalifornianos-por-boleto-a-para-panamericano-y-mundial-inde-bc\/"},"wordCount":259,"publisher":{"@id":"https:\/\/conexionnacional.mx\/#organization"},"image":{"@id":"https:\/\/conexionnacional.mx\/index.php\/2023\/05\/16\/salen-arqueros-bajacalifornianos-por-boleto-a-para-panamericano-y-mundial-inde-bc\/#primaryimage"},"thumbnailUrl":"https:\/\/conexionnacional.mx\/wp-content\/uploads\/2023\/05\/Captura-de-pantalla-2023-05-16-095142.png","keywords":["BC","Juegospanamericanos","Panamericanos"],"articleSection":["Nacional"],"inLanguage":"es"},{"@type":"WebPage","@id":"https:\/\/conexionnacional.mx\/index.php\/2023\/05\/16\/salen-arqueros-bajacalifornianos-por-boleto-a-para-panamericano-y-mundial-inde-bc\/","url":"https:\/\/conexionnacional.mx\/index.php\/2023\/05\/16\/salen-arqueros-bajacalifornianos-por-boleto-a-para-panamericano-y-mundial-inde-bc\/","name":"Salen arqueros bajacalifornianos por boleto a para panamericano y mundial : INDE BC |","isPartOf":{"@id":"https:\/\/conexionnacional.mx\/#website"},"primaryImageOfPage":{"@id":"https:\/\/conexionnacional.mx\/index.php\/2023\/05\/16\/salen-arqueros-bajacalifornianos-por-boleto-a-para-panamericano-y-mundial-inde-bc\/#primaryimage"},"image":{"@id":"https:\/\/conexionnacional.mx\/index.php\/2023\/05\/16\/salen-arqueros-bajacalifornianos-por-boleto-a-para-panamericano-y-mundial-inde-bc\/#primaryimage"},"thumbnailUrl":"https:\/\/conexionnacional.mx\/wp-content\/uploads\/2023\/05\/Captura-de-pantalla-2023-05-16-095142.png","datePublished":"2023-05-16T15:53:54+00:00","dateModified":"2023-05-16T15:54:46+00:00","description":"Seis arqueros sus entrenadores conformar\u00e1n al representativo de Baja California que participar\u00e1 en el primer torneo nacional selectivo Para Tiro con Arco 2023 en Tlaxcala. El certamen se llevar\u00e1 a cabo\u00a0del 17 al 21 de mayo\u00a0en el Estadio Tlahuicole, de la capital tlaxcalteca.\u00a0Al certamen nacional acudir\u00e1n 32 atletas quienes participar\u00e1n en las modalidades de Curvo y Compuesto.","breadcrumb":{"@id":"https:\/\/conexionnacional.mx\/index.php\/2023\/05\/16\/salen-arqueros-bajacalifornianos-por-boleto-a-para-panamericano-y-mundial-inde-bc\/#breadcrumb"},"inLanguage":"es","potentialAction":[{"@type":"ReadAction","target":["https:\/\/conexionnacional.mx\/index.php\/2023\/05\/16\/salen-arqueros-bajacalifornianos-por-boleto-a-para-panamericano-y-mundial-inde-bc\/"]}]},{"@type":"ImageObject","inLanguage":"es","@id":"https:\/\/conexionnacional.mx\/index.php\/2023\/05\/16\/salen-arqueros-bajacalifornianos-por-boleto-a-para-panamericano-y-mundial-inde-bc\/#primaryimage","url":"https:\/\/conexionnacional.mx\/wp-content\/uploads\/2023\/05\/Captura-de-pantalla-2023-05-16-095142.png","contentUrl":"https:\/\/conexionnacional.mx\/wp-content\/uploads\/2023\/05\/Captura-de-pantalla-2023-05-16-095142.png","width":1206,"height":680},{"@type":"BreadcrumbList","@id":"https:\/\/conexionnacional.mx\/index.php\/2023\/05\/16\/salen-arqueros-bajacalifornianos-por-boleto-a-para-panamericano-y-mundial-inde-bc\/#breadcrumb","itemListElement":[{"@type":"ListItem","position":1,"name":"Inicio","item":"https:\/\/conexionnacional.mx\/"},{"@type":"ListItem","position":2,"name":"Salen arqueros bajacalifornianos por boleto a para panamericano y mundial : INDE BC"}]},{"@type":"WebSite","@id":"https:\/\/conexionnacional.mx\/#website","url":"https:\/\/conexionnacional.mx\/","name":"Conexi\u00f3n Nacional","description":"Noticias al momento","publisher":{"@id":"https:\/\/conexionnacional.mx\/#organization"},"alternateName":"Noticias nacionales","potentialAction":[{"@type":"SearchAction","target":{"@type":"EntryPoint","urlTemplate":"https:\/\/conexionnacional.mx\/?s={search_term_string}"},"query-input":{"@type":"PropertyValueSpecification","valueRequired":true,"valueName":"search_term_string"}}],"inLanguage":"es"},{"@type":"Organization","@id":"https:\/\/conexionnacional.mx\/#organization","name":"Conexi\u00f3n Nacional","url":"https:\/\/conexionnacional.mx\/","logo":{"@type":"ImageObject","inLanguage":"es","@id":"https:\/\/conexionnacional.mx\/#\/schema\/logo\/image\/","url":"https:\/\/conexionnacional.mx\/wp-content\/uploads\/2022\/09\/conexion_nacional.png","contentUrl":"https:\/\/conexionnacional.mx\/wp-content\/uploads\/2022\/09\/conexion_nacional.png","width":2964,"height":1173,"caption":"Conexi\u00f3n Nacional"},"image":{"@id":"https:\/\/conexionnacional.mx\/#\/schema\/logo\/image\/"},"sameAs":["https:\/\/www.facebook.com\/cnmxradio"]},{"@type":"Person","@id":"https:\/\/conexionnacional.mx\/#\/schema\/person\/dd14aeda902120f5e0e021903fdb6931","name":"Conexi\u00f3n Nacional","image":{"@type":"ImageObject","inLanguage":"es","@id":"https:\/\/secure.gravatar.com\/avatar\/e523100f284110b2ecca7e17b2be9cf140a5e8f35294c9ec0543e6916cc1f9be?s=96&d=blank&r=g","url":"https:\/\/secure.gravatar.com\/avatar\/e523100f284110b2ecca7e17b2be9cf140a5e8f35294c9ec0543e6916cc1f9be?s=96&d=blank&r=g","contentUrl":"https:\/\/secure.gravatar.com\/avatar\/e523100f284110b2ecca7e17b2be9cf140a5e8f35294c9ec0543e6916cc1f9be?s=96&d=blank&r=g","caption":"Conexi\u00f3n Nacional"},"sameAs":["https:\/\/conexionnacional.mx"],"url":"https:\/\/conexionnacional.mx\/index.php\/author\/administrador\/"}]}},"_links":{"self":[{"href":"https:\/\/conexionnacional.mx\/index.php\/wp-json\/wp\/v2\/posts\/12565","targetHints":{"allow":["GET"]}}],"collection":[{"href":"https:\/\/conexionnacional.mx\/index.php\/wp-json\/wp\/v2\/posts"}],"about":[{"href":"https:\/\/conexionnacional.mx\/index.php\/wp-json\/wp\/v2\/types\/post"}],"author":[{"embeddable":true,"href":"https:\/\/conexionnacional.mx\/index.php\/wp-json\/wp\/v2\/users\/1"}],"replies":[{"embeddable":true,"href":"https:\/\/conexionnacional.mx\/index.php\/wp-json\/wp\/v2\/comments?post=12565"}],"version-history":[{"count":2,"href":"https:\/\/conexionnacional.mx\/index.php\/wp-json\/wp\/v2\/posts\/12565\/revisions"}],"predecessor-version":[{"id":12570,"href":"https:\/\/conexionnacional.mx\/index.php\/wp-json\/wp\/v2\/posts\/12565\/revisions\/12570"}],"wp:featuredmedia":[{"embeddable":true,"href":"https:\/\/conexionnacional.mx\/index.php\/wp-json\/wp\/v2\/media\/12567"}],"wp:attachment":[{"href":"https:\/\/conexionnacional.mx\/index.php\/wp-json\/wp\/v2\/media?parent=12565"}],"wp:term":[{"taxonomy":"category","embeddable":true,"href":"https:\/\/conexionnacional.mx\/index.php\/wp-json\/wp\/v2\/categories?post=12565"},{"taxonomy":"post_tag","embeddable":true,"href":"https:\/\/conexionnacional.mx\/index.php\/wp-json\/wp\/v2\/tags?post=12565"}],"curies":[{"name":"wp","href":"https:\/\/api.w.org\/{rel}","templated":true}]}}