{"id":12562,"date":"2023-05-15T18:30:00","date_gmt":"2023-05-16T00:30:00","guid":{"rendered":"https:\/\/conexionnacional.mx\/?p=12562"},"modified":"2023-05-15T12:15:27","modified_gmt":"2023-05-15T18:15:27","slug":"presidente-de-kenia-pide-perdon-por-victimas-de-ayuno","status":"publish","type":"post","link":"https:\/\/conexionnacional.mx\/index.php\/2023\/05\/15\/presidente-de-kenia-pide-perdon-por-victimas-de-ayuno\/","title":{"rendered":"Presidente de Kenia pide perd\u00f3n por v\u00edctimas de ayuno"},"content":{"rendered":"\n<p>Durante una entrevista televisada, el presidente de\u00a0Kenia, William Ruto, pidi\u00f3 disculpas por no haber impedido el<strong>\u00a0<\/strong>ayuno de presuntos miembros de una secta,\u00a0que ha dejado hasta el momento\u00a0223 personas muertas\u00a0que buscaban encontrarse con Jesucristo.<\/p>\n\n\n\n<blockquote class=\"wp-block-quote is-layout-flow wp-block-quote-is-layout-flow\">\n<p>&#8220;Es obvio que hubo laxitud en nuestro gobierno, lo que desafortunadamente condujo a la muerte de muchos kenianos. No debo tomarme esto a la ligera&#8221;<\/p>\n<\/blockquote>\n\n\n\n<p>El mandatario dijo que el incidente, ocurrido en el bosque\u00a0Shakahola,\u00a0nunca debido haber ocurrido y a nombre de su gobierno asumi\u00f3 toda la responsabilidad y asegur\u00f3 que se realizar\u00e1 una investigaci\u00f3n exhaustiva para llegar al fondo de los hechos y los responsables rindan cuentas.\u00a0<\/p>\n\n\n\n<p>Ruto prometi\u00f3\u00a0vigilar a las instituciones religiosas\u00a0para evitar que se repitan los actos cometidos, aunque tambi\u00e9n mencion\u00f3 que ser\u00eda injusto condenar a todas las religiones con base en las acciones de otros.<\/p>\n\n\n\n<blockquote class=\"wp-block-quote is-layout-flow wp-block-quote-is-layout-flow\">\n<p><\/p>\n\n\n\n<p>&#8220;Queremos establecer con los l\u00edderes religiosos un mecanismo que garantice que delincuentes y ladrones no se aprovechen de la religi\u00f3n y la fe para provocar da\u00f1os&#8221;<\/p>\n<\/blockquote>\n\n\n\n<p>Se cree que el n\u00famero de muertes de la llamada\u00a0\u201cmasacre de Shakahola\u201d\u00a0ascienda debido a que las excavaciones a\u00fan no terminan y al menos\u00a0610 personas se encuentran desaparecidas.<\/p>\n\n\n\n<p>Los cuerpos de las v\u00edctimas han sido exhumados de tumbas y fosas comunes halladas en el bosque, a excepci\u00f3n algunos que murieron en el hospital por su estado grave de salud.<\/p>\n\n\n\n<p>Las autopsias demostraron signos de\u00a0inanici\u00f3n,\u00a0y al menos tres menores y un adulto ten\u00edan rastros de\u00a0estrangulamiento y asfixia;\u00a0adem\u00e1s, las investigaciones apuntan a que los fieles eran forzados a seguir con el ayuno aunque quisieran abandonarlo.<\/p>\n\n\n\n<p>El pastor Paul Mackenzie Nthenge, su mujer y otros 16 sospechosos y un extaxista que lidera la Good News International Church (Iglesia Internacional de las Buenas Nuevas), se encuentran en custodia y bajo investigaci\u00f3n.<\/p>\n\n\n\n<p>Fuente: Radio Zit\u00e1cuaro <a href=\"https:\/\/www.radiozitacuaro.com\/archives\/5456\/presidente-de-kenia-pide-perdon-por-victimas-de-ayuno\/\">https:\/\/www.radiozitacuaro.com\/archives\/5456\/presidente-de-kenia-pide-perdon-por-victimas-de-ayuno\/<\/a><\/p>\n","protected":false},"excerpt":{"rendered":"<p>Durante una entrevista televisada, el presidente de\u00a0Kenia, William Ruto, pidi\u00f3 disculpas por no haber impedido el\u00a0ayuno de presuntos miembros de una secta,\u00a0que ha dejado hasta el momento\u00a0223 personas muertas\u00a0que buscaban encontrarse con Jesucristo. &#8220;Es obvio que hubo laxitud en nuestro gobierno, lo que desafortunadamente condujo a la muerte de muchos kenianos. No debo tomarme esto [&hellip;]<\/p>\n","protected":false},"author":1,"featured_media":12563,"comment_status":"closed","ping_status":"closed","sticky":false,"template":"","format":"aside","meta":{"googlesitekit_rrm_CAowytPeCw:productID":"","footnotes":""},"categories":[8],"tags":[3024,5072,5071],"class_list":["post-12562","post","type-post","status-publish","format-aside","has-post-thumbnail","hentry","category-internacional","tag-kenia","tag-secta","tag-william-ruto","post_format-post-format-aside"],"yoast_head":"<!-- This site is optimized with the Yoast SEO plugin v27.5 - https:\/\/yoast.com\/product\/yoast-seo-wordpress\/ -->\n<title>Presidente de Kenia pide perd\u00f3n por v\u00edctimas de ayuno<\/title>\n<meta name=\"description\" content=\"El presidente de\u00a0Kenia, William Ruto, pidi\u00f3 disculpas por no haber impedido el\u00a0ayuno de presuntos miembros de una secta,\u00a0que dej\u00f3 hasta el momento\u00a0223 personas muertas.\" \/>\n<meta name=\"robots\" content=\"index, follow, max-snippet:-1, max-image-preview:large, max-video-preview:-1\" \/>\n<link rel=\"canonical\" href=\"https:\/\/conexionnacional.mx\/index.php\/2023\/05\/15\/presidente-de-kenia-pide-perdon-por-victimas-de-ayuno\/\" \/>\n<meta property=\"og:locale\" content=\"es_MX\" \/>\n<meta property=\"og:type\" content=\"article\" \/>\n<meta property=\"og:title\" content=\"Presidente de Kenia pide perd\u00f3n por v\u00edctimas de ayuno\" \/>\n<meta property=\"og:description\" content=\"El presidente de\u00a0Kenia, William Ruto, pidi\u00f3 disculpas por no haber impedido el\u00a0ayuno de presuntos miembros de una secta,\u00a0que dej\u00f3 hasta el momento\u00a0223 personas muertas.\" \/>\n<meta property=\"og:url\" content=\"https:\/\/conexionnacional.mx\/index.php\/2023\/05\/15\/presidente-de-kenia-pide-perdon-por-victimas-de-ayuno\/\" \/>\n<meta property=\"og:site_name\" content=\"Conexi\u00f3n Nacional\" \/>\n<meta property=\"article:publisher\" content=\"https:\/\/www.facebook.com\/cnmxradio\" \/>\n<meta property=\"article:published_time\" content=\"2023-05-16T00:30:00+00:00\" \/>\n<meta property=\"og:image\" content=\"https:\/\/conexionnacional.mx\/wp-content\/uploads\/2023\/05\/65408810_303.jpg\" \/>\n\t<meta property=\"og:image:width\" content=\"700\" \/>\n\t<meta property=\"og:image:height\" content=\"394\" \/>\n\t<meta property=\"og:image:type\" content=\"image\/jpeg\" \/>\n<meta name=\"author\" content=\"Conexi\u00f3n Nacional\" \/>\n<meta name=\"twitter:card\" content=\"summary_large_image\" \/>\n<meta name=\"twitter:label1\" content=\"Escrito por\" \/>\n\t<meta name=\"twitter:data1\" content=\"Conexi\u00f3n Nacional\" \/>\n\t<meta name=\"twitter:label2\" content=\"Tiempo de lectura\" \/>\n\t<meta name=\"twitter:data2\" content=\"2 minutos\" \/>\n<script type=\"application\/ld+json\" class=\"yoast-schema-graph\">{\"@context\":\"https:\\\/\\\/schema.org\",\"@graph\":[{\"@type\":\"Article\",\"@id\":\"https:\\\/\\\/conexionnacional.mx\\\/index.php\\\/2023\\\/05\\\/15\\\/presidente-de-kenia-pide-perdon-por-victimas-de-ayuno\\\/#article\",\"isPartOf\":{\"@id\":\"https:\\\/\\\/conexionnacional.mx\\\/index.php\\\/2023\\\/05\\\/15\\\/presidente-de-kenia-pide-perdon-por-victimas-de-ayuno\\\/\"},\"author\":{\"name\":\"Conexi\u00f3n Nacional\",\"@id\":\"https:\\\/\\\/conexionnacional.mx\\\/#\\\/schema\\\/person\\\/dd14aeda902120f5e0e021903fdb6931\"},\"headline\":\"Presidente de Kenia pide perd\u00f3n por v\u00edctimas de ayuno\",\"datePublished\":\"2023-05-16T00:30:00+00:00\",\"mainEntityOfPage\":{\"@id\":\"https:\\\/\\\/conexionnacional.mx\\\/index.php\\\/2023\\\/05\\\/15\\\/presidente-de-kenia-pide-perdon-por-victimas-de-ayuno\\\/\"},\"wordCount\":332,\"publisher\":{\"@id\":\"https:\\\/\\\/conexionnacional.mx\\\/#organization\"},\"image\":{\"@id\":\"https:\\\/\\\/conexionnacional.mx\\\/index.php\\\/2023\\\/05\\\/15\\\/presidente-de-kenia-pide-perdon-por-victimas-de-ayuno\\\/#primaryimage\"},\"thumbnailUrl\":\"https:\\\/\\\/conexionnacional.mx\\\/wp-content\\\/uploads\\\/2023\\\/05\\\/65408810_303.jpg\",\"keywords\":[\"Kenia\",\"secta\",\"William Ruto\"],\"articleSection\":[\"Internacional\"],\"inLanguage\":\"es\"},{\"@type\":\"WebPage\",\"@id\":\"https:\\\/\\\/conexionnacional.mx\\\/index.php\\\/2023\\\/05\\\/15\\\/presidente-de-kenia-pide-perdon-por-victimas-de-ayuno\\\/\",\"url\":\"https:\\\/\\\/conexionnacional.mx\\\/index.php\\\/2023\\\/05\\\/15\\\/presidente-de-kenia-pide-perdon-por-victimas-de-ayuno\\\/\",\"name\":\"Presidente de Kenia pide perd\u00f3n por v\u00edctimas de ayuno\",\"isPartOf\":{\"@id\":\"https:\\\/\\\/conexionnacional.mx\\\/#website\"},\"primaryImageOfPage\":{\"@id\":\"https:\\\/\\\/conexionnacional.mx\\\/index.php\\\/2023\\\/05\\\/15\\\/presidente-de-kenia-pide-perdon-por-victimas-de-ayuno\\\/#primaryimage\"},\"image\":{\"@id\":\"https:\\\/\\\/conexionnacional.mx\\\/index.php\\\/2023\\\/05\\\/15\\\/presidente-de-kenia-pide-perdon-por-victimas-de-ayuno\\\/#primaryimage\"},\"thumbnailUrl\":\"https:\\\/\\\/conexionnacional.mx\\\/wp-content\\\/uploads\\\/2023\\\/05\\\/65408810_303.jpg\",\"datePublished\":\"2023-05-16T00:30:00+00:00\",\"description\":\"El presidente de\u00a0Kenia, William Ruto, pidi\u00f3 disculpas por no haber impedido el\u00a0ayuno de presuntos miembros de una secta,\u00a0que dej\u00f3 hasta el momento\u00a0223 personas muertas.\",\"breadcrumb\":{\"@id\":\"https:\\\/\\\/conexionnacional.mx\\\/index.php\\\/2023\\\/05\\\/15\\\/presidente-de-kenia-pide-perdon-por-victimas-de-ayuno\\\/#breadcrumb\"},\"inLanguage\":\"es\",\"potentialAction\":[{\"@type\":\"ReadAction\",\"target\":[\"https:\\\/\\\/conexionnacional.mx\\\/index.php\\\/2023\\\/05\\\/15\\\/presidente-de-kenia-pide-perdon-por-victimas-de-ayuno\\\/\"]}]},{\"@type\":\"ImageObject\",\"inLanguage\":\"es\",\"@id\":\"https:\\\/\\\/conexionnacional.mx\\\/index.php\\\/2023\\\/05\\\/15\\\/presidente-de-kenia-pide-perdon-por-victimas-de-ayuno\\\/#primaryimage\",\"url\":\"https:\\\/\\\/conexionnacional.mx\\\/wp-content\\\/uploads\\\/2023\\\/05\\\/65408810_303.jpg\",\"contentUrl\":\"https:\\\/\\\/conexionnacional.mx\\\/wp-content\\\/uploads\\\/2023\\\/05\\\/65408810_303.jpg\",\"width\":700,\"height\":394},{\"@type\":\"BreadcrumbList\",\"@id\":\"https:\\\/\\\/conexionnacional.mx\\\/index.php\\\/2023\\\/05\\\/15\\\/presidente-de-kenia-pide-perdon-por-victimas-de-ayuno\\\/#breadcrumb\",\"itemListElement\":[{\"@type\":\"ListItem\",\"position\":1,\"name\":\"Inicio\",\"item\":\"https:\\\/\\\/conexionnacional.mx\\\/\"},{\"@type\":\"ListItem\",\"position\":2,\"name\":\"Presidente de Kenia pide perd\u00f3n por v\u00edctimas de ayuno\"}]},{\"@type\":\"WebSite\",\"@id\":\"https:\\\/\\\/conexionnacional.mx\\\/#website\",\"url\":\"https:\\\/\\\/conexionnacional.mx\\\/\",\"name\":\"Conexi\u00f3n Nacional\",\"description\":\"Noticias al momento\",\"publisher\":{\"@id\":\"https:\\\/\\\/conexionnacional.mx\\\/#organization\"},\"alternateName\":\"Noticias nacionales\",\"potentialAction\":[{\"@type\":\"SearchAction\",\"target\":{\"@type\":\"EntryPoint\",\"urlTemplate\":\"https:\\\/\\\/conexionnacional.mx\\\/?s={search_term_string}\"},\"query-input\":{\"@type\":\"PropertyValueSpecification\",\"valueRequired\":true,\"valueName\":\"search_term_string\"}}],\"inLanguage\":\"es\"},{\"@type\":\"Organization\",\"@id\":\"https:\\\/\\\/conexionnacional.mx\\\/#organization\",\"name\":\"Conexi\u00f3n Nacional\",\"url\":\"https:\\\/\\\/conexionnacional.mx\\\/\",\"logo\":{\"@type\":\"ImageObject\",\"inLanguage\":\"es\",\"@id\":\"https:\\\/\\\/conexionnacional.mx\\\/#\\\/schema\\\/logo\\\/image\\\/\",\"url\":\"https:\\\/\\\/conexionnacional.mx\\\/wp-content\\\/uploads\\\/2022\\\/09\\\/conexion_nacional.png\",\"contentUrl\":\"https:\\\/\\\/conexionnacional.mx\\\/wp-content\\\/uploads\\\/2022\\\/09\\\/conexion_nacional.png\",\"width\":2964,\"height\":1173,\"caption\":\"Conexi\u00f3n Nacional\"},\"image\":{\"@id\":\"https:\\\/\\\/conexionnacional.mx\\\/#\\\/schema\\\/logo\\\/image\\\/\"},\"sameAs\":[\"https:\\\/\\\/www.facebook.com\\\/cnmxradio\"]},{\"@type\":\"Person\",\"@id\":\"https:\\\/\\\/conexionnacional.mx\\\/#\\\/schema\\\/person\\\/dd14aeda902120f5e0e021903fdb6931\",\"name\":\"Conexi\u00f3n Nacional\",\"image\":{\"@type\":\"ImageObject\",\"inLanguage\":\"es\",\"@id\":\"https:\\\/\\\/secure.gravatar.com\\\/avatar\\\/e523100f284110b2ecca7e17b2be9cf140a5e8f35294c9ec0543e6916cc1f9be?s=96&d=blank&r=g\",\"url\":\"https:\\\/\\\/secure.gravatar.com\\\/avatar\\\/e523100f284110b2ecca7e17b2be9cf140a5e8f35294c9ec0543e6916cc1f9be?s=96&d=blank&r=g\",\"contentUrl\":\"https:\\\/\\\/secure.gravatar.com\\\/avatar\\\/e523100f284110b2ecca7e17b2be9cf140a5e8f35294c9ec0543e6916cc1f9be?s=96&d=blank&r=g\",\"caption\":\"Conexi\u00f3n Nacional\"},\"sameAs\":[\"https:\\\/\\\/conexionnacional.mx\"],\"url\":\"https:\\\/\\\/conexionnacional.mx\\\/index.php\\\/author\\\/administrador\\\/\"}]}<\/script>\n<!-- \/ Yoast SEO plugin. -->","yoast_head_json":{"title":"Presidente de Kenia pide perd\u00f3n por v\u00edctimas de ayuno","description":"El presidente de\u00a0Kenia, William Ruto, pidi\u00f3 disculpas por no haber impedido el\u00a0ayuno de presuntos miembros de una secta,\u00a0que dej\u00f3 hasta el momento\u00a0223 personas muertas.","robots":{"index":"index","follow":"follow","max-snippet":"max-snippet:-1","max-image-preview":"max-image-preview:large","max-video-preview":"max-video-preview:-1"},"canonical":"https:\/\/conexionnacional.mx\/index.php\/2023\/05\/15\/presidente-de-kenia-pide-perdon-por-victimas-de-ayuno\/","og_locale":"es_MX","og_type":"article","og_title":"Presidente de Kenia pide perd\u00f3n por v\u00edctimas de ayuno","og_description":"El presidente de\u00a0Kenia, William Ruto, pidi\u00f3 disculpas por no haber impedido el\u00a0ayuno de presuntos miembros de una secta,\u00a0que dej\u00f3 hasta el momento\u00a0223 personas muertas.","og_url":"https:\/\/conexionnacional.mx\/index.php\/2023\/05\/15\/presidente-de-kenia-pide-perdon-por-victimas-de-ayuno\/","og_site_name":"Conexi\u00f3n Nacional","article_publisher":"https:\/\/www.facebook.com\/cnmxradio","article_published_time":"2023-05-16T00:30:00+00:00","og_image":[{"width":700,"height":394,"url":"https:\/\/conexionnacional.mx\/wp-content\/uploads\/2023\/05\/65408810_303.jpg","type":"image\/jpeg"}],"author":"Conexi\u00f3n Nacional","twitter_card":"summary_large_image","twitter_misc":{"Escrito por":"Conexi\u00f3n Nacional","Tiempo de lectura":"2 minutos"},"schema":{"@context":"https:\/\/schema.org","@graph":[{"@type":"Article","@id":"https:\/\/conexionnacional.mx\/index.php\/2023\/05\/15\/presidente-de-kenia-pide-perdon-por-victimas-de-ayuno\/#article","isPartOf":{"@id":"https:\/\/conexionnacional.mx\/index.php\/2023\/05\/15\/presidente-de-kenia-pide-perdon-por-victimas-de-ayuno\/"},"author":{"name":"Conexi\u00f3n Nacional","@id":"https:\/\/conexionnacional.mx\/#\/schema\/person\/dd14aeda902120f5e0e021903fdb6931"},"headline":"Presidente de Kenia pide perd\u00f3n por v\u00edctimas de ayuno","datePublished":"2023-05-16T00:30:00+00:00","mainEntityOfPage":{"@id":"https:\/\/conexionnacional.mx\/index.php\/2023\/05\/15\/presidente-de-kenia-pide-perdon-por-victimas-de-ayuno\/"},"wordCount":332,"publisher":{"@id":"https:\/\/conexionnacional.mx\/#organization"},"image":{"@id":"https:\/\/conexionnacional.mx\/index.php\/2023\/05\/15\/presidente-de-kenia-pide-perdon-por-victimas-de-ayuno\/#primaryimage"},"thumbnailUrl":"https:\/\/conexionnacional.mx\/wp-content\/uploads\/2023\/05\/65408810_303.jpg","keywords":["Kenia","secta","William Ruto"],"articleSection":["Internacional"],"inLanguage":"es"},{"@type":"WebPage","@id":"https:\/\/conexionnacional.mx\/index.php\/2023\/05\/15\/presidente-de-kenia-pide-perdon-por-victimas-de-ayuno\/","url":"https:\/\/conexionnacional.mx\/index.php\/2023\/05\/15\/presidente-de-kenia-pide-perdon-por-victimas-de-ayuno\/","name":"Presidente de Kenia pide perd\u00f3n por v\u00edctimas de ayuno","isPartOf":{"@id":"https:\/\/conexionnacional.mx\/#website"},"primaryImageOfPage":{"@id":"https:\/\/conexionnacional.mx\/index.php\/2023\/05\/15\/presidente-de-kenia-pide-perdon-por-victimas-de-ayuno\/#primaryimage"},"image":{"@id":"https:\/\/conexionnacional.mx\/index.php\/2023\/05\/15\/presidente-de-kenia-pide-perdon-por-victimas-de-ayuno\/#primaryimage"},"thumbnailUrl":"https:\/\/conexionnacional.mx\/wp-content\/uploads\/2023\/05\/65408810_303.jpg","datePublished":"2023-05-16T00:30:00+00:00","description":"El presidente de\u00a0Kenia, William Ruto, pidi\u00f3 disculpas por no haber impedido el\u00a0ayuno de presuntos miembros de una secta,\u00a0que dej\u00f3 hasta el momento\u00a0223 personas muertas.","breadcrumb":{"@id":"https:\/\/conexionnacional.mx\/index.php\/2023\/05\/15\/presidente-de-kenia-pide-perdon-por-victimas-de-ayuno\/#breadcrumb"},"inLanguage":"es","potentialAction":[{"@type":"ReadAction","target":["https:\/\/conexionnacional.mx\/index.php\/2023\/05\/15\/presidente-de-kenia-pide-perdon-por-victimas-de-ayuno\/"]}]},{"@type":"ImageObject","inLanguage":"es","@id":"https:\/\/conexionnacional.mx\/index.php\/2023\/05\/15\/presidente-de-kenia-pide-perdon-por-victimas-de-ayuno\/#primaryimage","url":"https:\/\/conexionnacional.mx\/wp-content\/uploads\/2023\/05\/65408810_303.jpg","contentUrl":"https:\/\/conexionnacional.mx\/wp-content\/uploads\/2023\/05\/65408810_303.jpg","width":700,"height":394},{"@type":"BreadcrumbList","@id":"https:\/\/conexionnacional.mx\/index.php\/2023\/05\/15\/presidente-de-kenia-pide-perdon-por-victimas-de-ayuno\/#breadcrumb","itemListElement":[{"@type":"ListItem","position":1,"name":"Inicio","item":"https:\/\/conexionnacional.mx\/"},{"@type":"ListItem","position":2,"name":"Presidente de Kenia pide perd\u00f3n por v\u00edctimas de ayuno"}]},{"@type":"WebSite","@id":"https:\/\/conexionnacional.mx\/#website","url":"https:\/\/conexionnacional.mx\/","name":"Conexi\u00f3n Nacional","description":"Noticias al momento","publisher":{"@id":"https:\/\/conexionnacional.mx\/#organization"},"alternateName":"Noticias nacionales","potentialAction":[{"@type":"SearchAction","target":{"@type":"EntryPoint","urlTemplate":"https:\/\/conexionnacional.mx\/?s={search_term_string}"},"query-input":{"@type":"PropertyValueSpecification","valueRequired":true,"valueName":"search_term_string"}}],"inLanguage":"es"},{"@type":"Organization","@id":"https:\/\/conexionnacional.mx\/#organization","name":"Conexi\u00f3n Nacional","url":"https:\/\/conexionnacional.mx\/","logo":{"@type":"ImageObject","inLanguage":"es","@id":"https:\/\/conexionnacional.mx\/#\/schema\/logo\/image\/","url":"https:\/\/conexionnacional.mx\/wp-content\/uploads\/2022\/09\/conexion_nacional.png","contentUrl":"https:\/\/conexionnacional.mx\/wp-content\/uploads\/2022\/09\/conexion_nacional.png","width":2964,"height":1173,"caption":"Conexi\u00f3n Nacional"},"image":{"@id":"https:\/\/conexionnacional.mx\/#\/schema\/logo\/image\/"},"sameAs":["https:\/\/www.facebook.com\/cnmxradio"]},{"@type":"Person","@id":"https:\/\/conexionnacional.mx\/#\/schema\/person\/dd14aeda902120f5e0e021903fdb6931","name":"Conexi\u00f3n Nacional","image":{"@type":"ImageObject","inLanguage":"es","@id":"https:\/\/secure.gravatar.com\/avatar\/e523100f284110b2ecca7e17b2be9cf140a5e8f35294c9ec0543e6916cc1f9be?s=96&d=blank&r=g","url":"https:\/\/secure.gravatar.com\/avatar\/e523100f284110b2ecca7e17b2be9cf140a5e8f35294c9ec0543e6916cc1f9be?s=96&d=blank&r=g","contentUrl":"https:\/\/secure.gravatar.com\/avatar\/e523100f284110b2ecca7e17b2be9cf140a5e8f35294c9ec0543e6916cc1f9be?s=96&d=blank&r=g","caption":"Conexi\u00f3n Nacional"},"sameAs":["https:\/\/conexionnacional.mx"],"url":"https:\/\/conexionnacional.mx\/index.php\/author\/administrador\/"}]}},"_links":{"self":[{"href":"https:\/\/conexionnacional.mx\/index.php\/wp-json\/wp\/v2\/posts\/12562","targetHints":{"allow":["GET"]}}],"collection":[{"href":"https:\/\/conexionnacional.mx\/index.php\/wp-json\/wp\/v2\/posts"}],"about":[{"href":"https:\/\/conexionnacional.mx\/index.php\/wp-json\/wp\/v2\/types\/post"}],"author":[{"embeddable":true,"href":"https:\/\/conexionnacional.mx\/index.php\/wp-json\/wp\/v2\/users\/1"}],"replies":[{"embeddable":true,"href":"https:\/\/conexionnacional.mx\/index.php\/wp-json\/wp\/v2\/comments?post=12562"}],"version-history":[{"count":1,"href":"https:\/\/conexionnacional.mx\/index.php\/wp-json\/wp\/v2\/posts\/12562\/revisions"}],"predecessor-version":[{"id":12564,"href":"https:\/\/conexionnacional.mx\/index.php\/wp-json\/wp\/v2\/posts\/12562\/revisions\/12564"}],"wp:featuredmedia":[{"embeddable":true,"href":"https:\/\/conexionnacional.mx\/index.php\/wp-json\/wp\/v2\/media\/12563"}],"wp:attachment":[{"href":"https:\/\/conexionnacional.mx\/index.php\/wp-json\/wp\/v2\/media?parent=12562"}],"wp:term":[{"taxonomy":"category","embeddable":true,"href":"https:\/\/conexionnacional.mx\/index.php\/wp-json\/wp\/v2\/categories?post=12562"},{"taxonomy":"post_tag","embeddable":true,"href":"https:\/\/conexionnacional.mx\/index.php\/wp-json\/wp\/v2\/tags?post=12562"}],"curies":[{"name":"wp","href":"https:\/\/api.w.org\/{rel}","templated":true}]}}