{"id":12554,"date":"2023-05-15T15:30:00","date_gmt":"2023-05-15T21:30:00","guid":{"rendered":"https:\/\/conexionnacional.mx\/?p=12554"},"modified":"2023-05-15T11:14:35","modified_gmt":"2023-05-15T17:14:35","slug":"la-presidenta-de-la-corte-norma-lucia-pina-recibe-premio-de-derechos-humanos-2023","status":"publish","type":"post","link":"https:\/\/conexionnacional.mx\/index.php\/2023\/05\/15\/la-presidenta-de-la-corte-norma-lucia-pina-recibe-premio-de-derechos-humanos-2023\/","title":{"rendered":"La presidenta de la Corte, Norma Luc\u00eda Pi\u00f1a, recibe premio de Derechos Humanos 2023"},"content":{"rendered":"\n<p>La ministra presidenta&nbsp;Norma Luc\u00eda Pi\u00f1a Hern\u00e1ndez&nbsp;recibi\u00f3 en Marruecos el premio de Derechos Humanos 2023. El reconocimiento fue otorgado este domingo por la Asociaci\u00f3n Internacional de Mujeres Juezas (IAWJ, por sus siglas en ingl\u00e9s).<\/p>\n\n\n\n<p>El premio de Derechos Humanos 2023 es otorgado por la nominaci\u00f3n y el voto de sus integrantes, que son m\u00e1s de 10,400 juezas y aliadas en 143 pa\u00edses de todo el mundo.<\/p>\n\n\n\n<blockquote class=\"wp-block-quote is-layout-flow wp-block-quote-is-layout-flow\">\n<p>Del 11 al 14 de mayo, la IAWJ celebr\u00f3 en Marruecos su 16\u00aa conferencia bienal cuyo tema principal fue el de \u201cMujeres juezas: logros y desaf\u00edos con subtemas de trauma y resiliencia, hermandad y solidaridad e innovaci\u00f3n y liderazgo\u201d, se inform\u00f3 en un comunicado.<\/p>\n<\/blockquote>\n\n\n\n<p>En esta reuni\u00f3n, se precis\u00f3, organizada cada dos a\u00f1os, se promueve la discusi\u00f3n de temas de actualidad y la identificaci\u00f3n de soluciones a trav\u00e9s del conocimiento de mejores pr\u00e1cticas.<\/p>\n\n\n\n<p>Como parte de la bienal tambi\u00e9n se distingue a l\u00edderes en el \u00e1mbito jurisdiccional a trav\u00e9s de reconocimientos que se otorgan por nominaci\u00f3n de las juzgadoras que forman parte de la IAWJ.<\/p>\n\n\n\n<blockquote class=\"wp-block-quote is-layout-flow wp-block-quote-is-layout-flow\">\n<p>El Premio de Derechos Humanos que recibi\u00f3 la ministra presidenta del Poder Judicial de la Federaci\u00f3n se otorga por el compromiso asumido para asegurar la implementaci\u00f3n de principios de derechos humanos y otros referentes significantes para avanzar en la justicia para mujeres, ni\u00f1as, ni\u00f1os y familias\u201d, precis\u00f3 la Suprema Corte de Justicia de la Naci\u00f3n (SCJN) en un comunicado.<\/p>\n<\/blockquote>\n\n\n\n<p>La IAWJ, fundada hace 30 a\u00f1os, tiene el objetivo de apoyar y empoderar la red global de mujeres juezas y promover la igualdad en todo el mundo. Cuenta con integrantes de cinco regiones globales: Asia-Pac\u00edfico, Europa y Medio Oriente, Am\u00e9rica Latina y el Caribe, Am\u00e9rica del Norte y \u00c1frica Subsahariana.<\/p>\n\n\n\n<p>Entre sus actividades est\u00e1 la construcci\u00f3n de espacios y redes seguros para las mujeres juezas; capacitaci\u00f3n y planes de estudio sobre temas de trata de personas y derechos LGBTQ y m\u00e1s. Adem\u00e1s, la Asociaci\u00f3n trabaja con gobiernos extranjeros, para abordar problemas sist\u00e9micos, identificando agentes de cambio y, en \u00faltima instancia, promoviendo reformas institucionales.<\/p>\n\n\n\n<p>Entre las acciones m\u00e1s relevantes en los \u00faltimos a\u00f1os fue el apoyo brindado en 2021, m\u00e1s de 200 juezas de Afganist\u00e1n, amenazadas por el entonces reinstalado gobierno talib\u00e1n luego de que ellas hab\u00edan trabajado para la construcci\u00f3n democr\u00e1tica, as\u00ed como el desarrollo de nuevos tribunales que atendieran, entre otros temas, la violencia dom\u00e9stica.\u00a0<\/p>\n\n\n\n<p>La presidenta de la IAWJ y jueza de la Suprema Corte de Nueva Zelanda, Susan Glazebrook, fue reconocida con el Premio Bolch, de la Universidad de Duke en Carolina del Norte, Estados Unidos.<\/p>\n","protected":false},"excerpt":{"rendered":"<p>La ministra presidenta&nbsp;Norma Luc\u00eda Pi\u00f1a Hern\u00e1ndez&nbsp;recibi\u00f3 en Marruecos el premio de Derechos Humanos 2023. El reconocimiento fue otorgado este domingo por la Asociaci\u00f3n Internacional de Mujeres Juezas (IAWJ, por sus siglas en ingl\u00e9s). El premio de Derechos Humanos 2023 es otorgado por la nominaci\u00f3n y el voto de sus integrantes, que son m\u00e1s de 10,400 [&hellip;]<\/p>\n","protected":false},"author":1,"featured_media":12555,"comment_status":"closed","ping_status":"closed","sticky":false,"template":"","format":"aside","meta":{"googlesitekit_rrm_CAowytPeCw:productID":"","footnotes":""},"categories":[3],"tags":[41,1647],"class_list":["post-12554","post","type-post","status-publish","format-aside","has-post-thumbnail","hentry","category-nacional","tag-cdmx","tag-derechos-humanos","post_format-post-format-aside"],"yoast_head":"<!-- This site is optimized with the Yoast SEO plugin v27.5 - https:\/\/yoast.com\/product\/yoast-seo-wordpress\/ -->\n<title>La presidenta de la Corte, Norma Luc\u00eda Pi\u00f1a, recibe premio de Derechos Humanos 2023 |<\/title>\n<meta name=\"description\" content=\"La ministra presidenta\u00a0Norma Luc\u00eda Pi\u00f1a Hern\u00e1ndez\u00a0recibi\u00f3 en Marruecos el premio de Derechos Humanos 2023. El reconocimiento fue otorgado este domingo por la Asociaci\u00f3n Internacional de Mujeres Juezas (IAWJ, por sus siglas en ingl\u00e9s).\" \/>\n<meta name=\"robots\" content=\"index, follow, max-snippet:-1, max-image-preview:large, max-video-preview:-1\" \/>\n<link rel=\"canonical\" href=\"https:\/\/conexionnacional.mx\/index.php\/2023\/05\/15\/la-presidenta-de-la-corte-norma-lucia-pina-recibe-premio-de-derechos-humanos-2023\/\" \/>\n<meta property=\"og:locale\" content=\"es_MX\" \/>\n<meta property=\"og:type\" content=\"article\" \/>\n<meta property=\"og:title\" content=\"La presidenta de la Corte, Norma Luc\u00eda Pi\u00f1a, recibe premio de Derechos Humanos 2023 |\" \/>\n<meta property=\"og:description\" content=\"La ministra presidenta\u00a0Norma Luc\u00eda Pi\u00f1a Hern\u00e1ndez\u00a0recibi\u00f3 en Marruecos el premio de Derechos Humanos 2023. El reconocimiento fue otorgado este domingo por la Asociaci\u00f3n Internacional de Mujeres Juezas (IAWJ, por sus siglas en ingl\u00e9s).\" \/>\n<meta property=\"og:url\" content=\"https:\/\/conexionnacional.mx\/index.php\/2023\/05\/15\/la-presidenta-de-la-corte-norma-lucia-pina-recibe-premio-de-derechos-humanos-2023\/\" \/>\n<meta property=\"og:site_name\" content=\"Conexi\u00f3n Nacional\" \/>\n<meta property=\"article:publisher\" content=\"https:\/\/www.facebook.com\/cnmxradio\" \/>\n<meta property=\"article:published_time\" content=\"2023-05-15T21:30:00+00:00\" \/>\n<meta property=\"og:image\" content=\"https:\/\/conexionnacional.mx\/wp-content\/uploads\/2023\/05\/Norma_Lucia_Pina.jpg\" \/>\n\t<meta property=\"og:image:width\" content=\"1200\" \/>\n\t<meta property=\"og:image:height\" content=\"812\" \/>\n\t<meta property=\"og:image:type\" content=\"image\/jpeg\" \/>\n<meta name=\"author\" content=\"Conexi\u00f3n Nacional\" \/>\n<meta name=\"twitter:card\" content=\"summary_large_image\" \/>\n<meta name=\"twitter:label1\" content=\"Escrito por\" \/>\n\t<meta name=\"twitter:data1\" content=\"Conexi\u00f3n Nacional\" \/>\n\t<meta name=\"twitter:label2\" content=\"Tiempo de lectura\" \/>\n\t<meta name=\"twitter:data2\" content=\"2 minutos\" \/>\n<script type=\"application\/ld+json\" class=\"yoast-schema-graph\">{\"@context\":\"https:\\\/\\\/schema.org\",\"@graph\":[{\"@type\":\"Article\",\"@id\":\"https:\\\/\\\/conexionnacional.mx\\\/index.php\\\/2023\\\/05\\\/15\\\/la-presidenta-de-la-corte-norma-lucia-pina-recibe-premio-de-derechos-humanos-2023\\\/#article\",\"isPartOf\":{\"@id\":\"https:\\\/\\\/conexionnacional.mx\\\/index.php\\\/2023\\\/05\\\/15\\\/la-presidenta-de-la-corte-norma-lucia-pina-recibe-premio-de-derechos-humanos-2023\\\/\"},\"author\":{\"name\":\"Conexi\u00f3n Nacional\",\"@id\":\"https:\\\/\\\/conexionnacional.mx\\\/#\\\/schema\\\/person\\\/dd14aeda902120f5e0e021903fdb6931\"},\"headline\":\"La presidenta de la Corte, Norma Luc\u00eda Pi\u00f1a, recibe premio de Derechos Humanos 2023\",\"datePublished\":\"2023-05-15T21:30:00+00:00\",\"mainEntityOfPage\":{\"@id\":\"https:\\\/\\\/conexionnacional.mx\\\/index.php\\\/2023\\\/05\\\/15\\\/la-presidenta-de-la-corte-norma-lucia-pina-recibe-premio-de-derechos-humanos-2023\\\/\"},\"wordCount\":471,\"publisher\":{\"@id\":\"https:\\\/\\\/conexionnacional.mx\\\/#organization\"},\"image\":{\"@id\":\"https:\\\/\\\/conexionnacional.mx\\\/index.php\\\/2023\\\/05\\\/15\\\/la-presidenta-de-la-corte-norma-lucia-pina-recibe-premio-de-derechos-humanos-2023\\\/#primaryimage\"},\"thumbnailUrl\":\"https:\\\/\\\/conexionnacional.mx\\\/wp-content\\\/uploads\\\/2023\\\/05\\\/Norma_Lucia_Pina.jpg\",\"keywords\":[\"CDMX\",\"Derechos Humanos\"],\"articleSection\":[\"Nacional\"],\"inLanguage\":\"es\"},{\"@type\":\"WebPage\",\"@id\":\"https:\\\/\\\/conexionnacional.mx\\\/index.php\\\/2023\\\/05\\\/15\\\/la-presidenta-de-la-corte-norma-lucia-pina-recibe-premio-de-derechos-humanos-2023\\\/\",\"url\":\"https:\\\/\\\/conexionnacional.mx\\\/index.php\\\/2023\\\/05\\\/15\\\/la-presidenta-de-la-corte-norma-lucia-pina-recibe-premio-de-derechos-humanos-2023\\\/\",\"name\":\"La presidenta de la Corte, Norma Luc\u00eda Pi\u00f1a, recibe premio de Derechos Humanos 2023 |\",\"isPartOf\":{\"@id\":\"https:\\\/\\\/conexionnacional.mx\\\/#website\"},\"primaryImageOfPage\":{\"@id\":\"https:\\\/\\\/conexionnacional.mx\\\/index.php\\\/2023\\\/05\\\/15\\\/la-presidenta-de-la-corte-norma-lucia-pina-recibe-premio-de-derechos-humanos-2023\\\/#primaryimage\"},\"image\":{\"@id\":\"https:\\\/\\\/conexionnacional.mx\\\/index.php\\\/2023\\\/05\\\/15\\\/la-presidenta-de-la-corte-norma-lucia-pina-recibe-premio-de-derechos-humanos-2023\\\/#primaryimage\"},\"thumbnailUrl\":\"https:\\\/\\\/conexionnacional.mx\\\/wp-content\\\/uploads\\\/2023\\\/05\\\/Norma_Lucia_Pina.jpg\",\"datePublished\":\"2023-05-15T21:30:00+00:00\",\"description\":\"La ministra presidenta\u00a0Norma Luc\u00eda Pi\u00f1a Hern\u00e1ndez\u00a0recibi\u00f3 en Marruecos el premio de Derechos Humanos 2023. El reconocimiento fue otorgado este domingo por la Asociaci\u00f3n Internacional de Mujeres Juezas (IAWJ, por sus siglas en ingl\u00e9s).\",\"breadcrumb\":{\"@id\":\"https:\\\/\\\/conexionnacional.mx\\\/index.php\\\/2023\\\/05\\\/15\\\/la-presidenta-de-la-corte-norma-lucia-pina-recibe-premio-de-derechos-humanos-2023\\\/#breadcrumb\"},\"inLanguage\":\"es\",\"potentialAction\":[{\"@type\":\"ReadAction\",\"target\":[\"https:\\\/\\\/conexionnacional.mx\\\/index.php\\\/2023\\\/05\\\/15\\\/la-presidenta-de-la-corte-norma-lucia-pina-recibe-premio-de-derechos-humanos-2023\\\/\"]}]},{\"@type\":\"ImageObject\",\"inLanguage\":\"es\",\"@id\":\"https:\\\/\\\/conexionnacional.mx\\\/index.php\\\/2023\\\/05\\\/15\\\/la-presidenta-de-la-corte-norma-lucia-pina-recibe-premio-de-derechos-humanos-2023\\\/#primaryimage\",\"url\":\"https:\\\/\\\/conexionnacional.mx\\\/wp-content\\\/uploads\\\/2023\\\/05\\\/Norma_Lucia_Pina.jpg\",\"contentUrl\":\"https:\\\/\\\/conexionnacional.mx\\\/wp-content\\\/uploads\\\/2023\\\/05\\\/Norma_Lucia_Pina.jpg\",\"width\":1200,\"height\":812},{\"@type\":\"BreadcrumbList\",\"@id\":\"https:\\\/\\\/conexionnacional.mx\\\/index.php\\\/2023\\\/05\\\/15\\\/la-presidenta-de-la-corte-norma-lucia-pina-recibe-premio-de-derechos-humanos-2023\\\/#breadcrumb\",\"itemListElement\":[{\"@type\":\"ListItem\",\"position\":1,\"name\":\"Inicio\",\"item\":\"https:\\\/\\\/conexionnacional.mx\\\/\"},{\"@type\":\"ListItem\",\"position\":2,\"name\":\"La presidenta de la Corte, Norma Luc\u00eda Pi\u00f1a, recibe premio de Derechos Humanos 2023\"}]},{\"@type\":\"WebSite\",\"@id\":\"https:\\\/\\\/conexionnacional.mx\\\/#website\",\"url\":\"https:\\\/\\\/conexionnacional.mx\\\/\",\"name\":\"Conexi\u00f3n Nacional\",\"description\":\"Noticias al momento\",\"publisher\":{\"@id\":\"https:\\\/\\\/conexionnacional.mx\\\/#organization\"},\"alternateName\":\"Noticias nacionales\",\"potentialAction\":[{\"@type\":\"SearchAction\",\"target\":{\"@type\":\"EntryPoint\",\"urlTemplate\":\"https:\\\/\\\/conexionnacional.mx\\\/?s={search_term_string}\"},\"query-input\":{\"@type\":\"PropertyValueSpecification\",\"valueRequired\":true,\"valueName\":\"search_term_string\"}}],\"inLanguage\":\"es\"},{\"@type\":\"Organization\",\"@id\":\"https:\\\/\\\/conexionnacional.mx\\\/#organization\",\"name\":\"Conexi\u00f3n Nacional\",\"url\":\"https:\\\/\\\/conexionnacional.mx\\\/\",\"logo\":{\"@type\":\"ImageObject\",\"inLanguage\":\"es\",\"@id\":\"https:\\\/\\\/conexionnacional.mx\\\/#\\\/schema\\\/logo\\\/image\\\/\",\"url\":\"https:\\\/\\\/conexionnacional.mx\\\/wp-content\\\/uploads\\\/2022\\\/09\\\/conexion_nacional.png\",\"contentUrl\":\"https:\\\/\\\/conexionnacional.mx\\\/wp-content\\\/uploads\\\/2022\\\/09\\\/conexion_nacional.png\",\"width\":2964,\"height\":1173,\"caption\":\"Conexi\u00f3n Nacional\"},\"image\":{\"@id\":\"https:\\\/\\\/conexionnacional.mx\\\/#\\\/schema\\\/logo\\\/image\\\/\"},\"sameAs\":[\"https:\\\/\\\/www.facebook.com\\\/cnmxradio\"]},{\"@type\":\"Person\",\"@id\":\"https:\\\/\\\/conexionnacional.mx\\\/#\\\/schema\\\/person\\\/dd14aeda902120f5e0e021903fdb6931\",\"name\":\"Conexi\u00f3n Nacional\",\"image\":{\"@type\":\"ImageObject\",\"inLanguage\":\"es\",\"@id\":\"https:\\\/\\\/secure.gravatar.com\\\/avatar\\\/e523100f284110b2ecca7e17b2be9cf140a5e8f35294c9ec0543e6916cc1f9be?s=96&d=blank&r=g\",\"url\":\"https:\\\/\\\/secure.gravatar.com\\\/avatar\\\/e523100f284110b2ecca7e17b2be9cf140a5e8f35294c9ec0543e6916cc1f9be?s=96&d=blank&r=g\",\"contentUrl\":\"https:\\\/\\\/secure.gravatar.com\\\/avatar\\\/e523100f284110b2ecca7e17b2be9cf140a5e8f35294c9ec0543e6916cc1f9be?s=96&d=blank&r=g\",\"caption\":\"Conexi\u00f3n Nacional\"},\"sameAs\":[\"https:\\\/\\\/conexionnacional.mx\"],\"url\":\"https:\\\/\\\/conexionnacional.mx\\\/index.php\\\/author\\\/administrador\\\/\"}]}<\/script>\n<!-- \/ Yoast SEO plugin. -->","yoast_head_json":{"title":"La presidenta de la Corte, Norma Luc\u00eda Pi\u00f1a, recibe premio de Derechos Humanos 2023 |","description":"La ministra presidenta\u00a0Norma Luc\u00eda Pi\u00f1a Hern\u00e1ndez\u00a0recibi\u00f3 en Marruecos el premio de Derechos Humanos 2023. El reconocimiento fue otorgado este domingo por la Asociaci\u00f3n Internacional de Mujeres Juezas (IAWJ, por sus siglas en ingl\u00e9s).","robots":{"index":"index","follow":"follow","max-snippet":"max-snippet:-1","max-image-preview":"max-image-preview:large","max-video-preview":"max-video-preview:-1"},"canonical":"https:\/\/conexionnacional.mx\/index.php\/2023\/05\/15\/la-presidenta-de-la-corte-norma-lucia-pina-recibe-premio-de-derechos-humanos-2023\/","og_locale":"es_MX","og_type":"article","og_title":"La presidenta de la Corte, Norma Luc\u00eda Pi\u00f1a, recibe premio de Derechos Humanos 2023 |","og_description":"La ministra presidenta\u00a0Norma Luc\u00eda Pi\u00f1a Hern\u00e1ndez\u00a0recibi\u00f3 en Marruecos el premio de Derechos Humanos 2023. El reconocimiento fue otorgado este domingo por la Asociaci\u00f3n Internacional de Mujeres Juezas (IAWJ, por sus siglas en ingl\u00e9s).","og_url":"https:\/\/conexionnacional.mx\/index.php\/2023\/05\/15\/la-presidenta-de-la-corte-norma-lucia-pina-recibe-premio-de-derechos-humanos-2023\/","og_site_name":"Conexi\u00f3n Nacional","article_publisher":"https:\/\/www.facebook.com\/cnmxradio","article_published_time":"2023-05-15T21:30:00+00:00","og_image":[{"width":1200,"height":812,"url":"https:\/\/conexionnacional.mx\/wp-content\/uploads\/2023\/05\/Norma_Lucia_Pina.jpg","type":"image\/jpeg"}],"author":"Conexi\u00f3n Nacional","twitter_card":"summary_large_image","twitter_misc":{"Escrito por":"Conexi\u00f3n Nacional","Tiempo de lectura":"2 minutos"},"schema":{"@context":"https:\/\/schema.org","@graph":[{"@type":"Article","@id":"https:\/\/conexionnacional.mx\/index.php\/2023\/05\/15\/la-presidenta-de-la-corte-norma-lucia-pina-recibe-premio-de-derechos-humanos-2023\/#article","isPartOf":{"@id":"https:\/\/conexionnacional.mx\/index.php\/2023\/05\/15\/la-presidenta-de-la-corte-norma-lucia-pina-recibe-premio-de-derechos-humanos-2023\/"},"author":{"name":"Conexi\u00f3n Nacional","@id":"https:\/\/conexionnacional.mx\/#\/schema\/person\/dd14aeda902120f5e0e021903fdb6931"},"headline":"La presidenta de la Corte, Norma Luc\u00eda Pi\u00f1a, recibe premio de Derechos Humanos 2023","datePublished":"2023-05-15T21:30:00+00:00","mainEntityOfPage":{"@id":"https:\/\/conexionnacional.mx\/index.php\/2023\/05\/15\/la-presidenta-de-la-corte-norma-lucia-pina-recibe-premio-de-derechos-humanos-2023\/"},"wordCount":471,"publisher":{"@id":"https:\/\/conexionnacional.mx\/#organization"},"image":{"@id":"https:\/\/conexionnacional.mx\/index.php\/2023\/05\/15\/la-presidenta-de-la-corte-norma-lucia-pina-recibe-premio-de-derechos-humanos-2023\/#primaryimage"},"thumbnailUrl":"https:\/\/conexionnacional.mx\/wp-content\/uploads\/2023\/05\/Norma_Lucia_Pina.jpg","keywords":["CDMX","Derechos Humanos"],"articleSection":["Nacional"],"inLanguage":"es"},{"@type":"WebPage","@id":"https:\/\/conexionnacional.mx\/index.php\/2023\/05\/15\/la-presidenta-de-la-corte-norma-lucia-pina-recibe-premio-de-derechos-humanos-2023\/","url":"https:\/\/conexionnacional.mx\/index.php\/2023\/05\/15\/la-presidenta-de-la-corte-norma-lucia-pina-recibe-premio-de-derechos-humanos-2023\/","name":"La presidenta de la Corte, Norma Luc\u00eda Pi\u00f1a, recibe premio de Derechos Humanos 2023 |","isPartOf":{"@id":"https:\/\/conexionnacional.mx\/#website"},"primaryImageOfPage":{"@id":"https:\/\/conexionnacional.mx\/index.php\/2023\/05\/15\/la-presidenta-de-la-corte-norma-lucia-pina-recibe-premio-de-derechos-humanos-2023\/#primaryimage"},"image":{"@id":"https:\/\/conexionnacional.mx\/index.php\/2023\/05\/15\/la-presidenta-de-la-corte-norma-lucia-pina-recibe-premio-de-derechos-humanos-2023\/#primaryimage"},"thumbnailUrl":"https:\/\/conexionnacional.mx\/wp-content\/uploads\/2023\/05\/Norma_Lucia_Pina.jpg","datePublished":"2023-05-15T21:30:00+00:00","description":"La ministra presidenta\u00a0Norma Luc\u00eda Pi\u00f1a Hern\u00e1ndez\u00a0recibi\u00f3 en Marruecos el premio de Derechos Humanos 2023. El reconocimiento fue otorgado este domingo por la Asociaci\u00f3n Internacional de Mujeres Juezas (IAWJ, por sus siglas en ingl\u00e9s).","breadcrumb":{"@id":"https:\/\/conexionnacional.mx\/index.php\/2023\/05\/15\/la-presidenta-de-la-corte-norma-lucia-pina-recibe-premio-de-derechos-humanos-2023\/#breadcrumb"},"inLanguage":"es","potentialAction":[{"@type":"ReadAction","target":["https:\/\/conexionnacional.mx\/index.php\/2023\/05\/15\/la-presidenta-de-la-corte-norma-lucia-pina-recibe-premio-de-derechos-humanos-2023\/"]}]},{"@type":"ImageObject","inLanguage":"es","@id":"https:\/\/conexionnacional.mx\/index.php\/2023\/05\/15\/la-presidenta-de-la-corte-norma-lucia-pina-recibe-premio-de-derechos-humanos-2023\/#primaryimage","url":"https:\/\/conexionnacional.mx\/wp-content\/uploads\/2023\/05\/Norma_Lucia_Pina.jpg","contentUrl":"https:\/\/conexionnacional.mx\/wp-content\/uploads\/2023\/05\/Norma_Lucia_Pina.jpg","width":1200,"height":812},{"@type":"BreadcrumbList","@id":"https:\/\/conexionnacional.mx\/index.php\/2023\/05\/15\/la-presidenta-de-la-corte-norma-lucia-pina-recibe-premio-de-derechos-humanos-2023\/#breadcrumb","itemListElement":[{"@type":"ListItem","position":1,"name":"Inicio","item":"https:\/\/conexionnacional.mx\/"},{"@type":"ListItem","position":2,"name":"La presidenta de la Corte, Norma Luc\u00eda Pi\u00f1a, recibe premio de Derechos Humanos 2023"}]},{"@type":"WebSite","@id":"https:\/\/conexionnacional.mx\/#website","url":"https:\/\/conexionnacional.mx\/","name":"Conexi\u00f3n Nacional","description":"Noticias al momento","publisher":{"@id":"https:\/\/conexionnacional.mx\/#organization"},"alternateName":"Noticias nacionales","potentialAction":[{"@type":"SearchAction","target":{"@type":"EntryPoint","urlTemplate":"https:\/\/conexionnacional.mx\/?s={search_term_string}"},"query-input":{"@type":"PropertyValueSpecification","valueRequired":true,"valueName":"search_term_string"}}],"inLanguage":"es"},{"@type":"Organization","@id":"https:\/\/conexionnacional.mx\/#organization","name":"Conexi\u00f3n Nacional","url":"https:\/\/conexionnacional.mx\/","logo":{"@type":"ImageObject","inLanguage":"es","@id":"https:\/\/conexionnacional.mx\/#\/schema\/logo\/image\/","url":"https:\/\/conexionnacional.mx\/wp-content\/uploads\/2022\/09\/conexion_nacional.png","contentUrl":"https:\/\/conexionnacional.mx\/wp-content\/uploads\/2022\/09\/conexion_nacional.png","width":2964,"height":1173,"caption":"Conexi\u00f3n Nacional"},"image":{"@id":"https:\/\/conexionnacional.mx\/#\/schema\/logo\/image\/"},"sameAs":["https:\/\/www.facebook.com\/cnmxradio"]},{"@type":"Person","@id":"https:\/\/conexionnacional.mx\/#\/schema\/person\/dd14aeda902120f5e0e021903fdb6931","name":"Conexi\u00f3n Nacional","image":{"@type":"ImageObject","inLanguage":"es","@id":"https:\/\/secure.gravatar.com\/avatar\/e523100f284110b2ecca7e17b2be9cf140a5e8f35294c9ec0543e6916cc1f9be?s=96&d=blank&r=g","url":"https:\/\/secure.gravatar.com\/avatar\/e523100f284110b2ecca7e17b2be9cf140a5e8f35294c9ec0543e6916cc1f9be?s=96&d=blank&r=g","contentUrl":"https:\/\/secure.gravatar.com\/avatar\/e523100f284110b2ecca7e17b2be9cf140a5e8f35294c9ec0543e6916cc1f9be?s=96&d=blank&r=g","caption":"Conexi\u00f3n Nacional"},"sameAs":["https:\/\/conexionnacional.mx"],"url":"https:\/\/conexionnacional.mx\/index.php\/author\/administrador\/"}]}},"_links":{"self":[{"href":"https:\/\/conexionnacional.mx\/index.php\/wp-json\/wp\/v2\/posts\/12554","targetHints":{"allow":["GET"]}}],"collection":[{"href":"https:\/\/conexionnacional.mx\/index.php\/wp-json\/wp\/v2\/posts"}],"about":[{"href":"https:\/\/conexionnacional.mx\/index.php\/wp-json\/wp\/v2\/types\/post"}],"author":[{"embeddable":true,"href":"https:\/\/conexionnacional.mx\/index.php\/wp-json\/wp\/v2\/users\/1"}],"replies":[{"embeddable":true,"href":"https:\/\/conexionnacional.mx\/index.php\/wp-json\/wp\/v2\/comments?post=12554"}],"version-history":[{"count":1,"href":"https:\/\/conexionnacional.mx\/index.php\/wp-json\/wp\/v2\/posts\/12554\/revisions"}],"predecessor-version":[{"id":12556,"href":"https:\/\/conexionnacional.mx\/index.php\/wp-json\/wp\/v2\/posts\/12554\/revisions\/12556"}],"wp:featuredmedia":[{"embeddable":true,"href":"https:\/\/conexionnacional.mx\/index.php\/wp-json\/wp\/v2\/media\/12555"}],"wp:attachment":[{"href":"https:\/\/conexionnacional.mx\/index.php\/wp-json\/wp\/v2\/media?parent=12554"}],"wp:term":[{"taxonomy":"category","embeddable":true,"href":"https:\/\/conexionnacional.mx\/index.php\/wp-json\/wp\/v2\/categories?post=12554"},{"taxonomy":"post_tag","embeddable":true,"href":"https:\/\/conexionnacional.mx\/index.php\/wp-json\/wp\/v2\/tags?post=12554"}],"curies":[{"name":"wp","href":"https:\/\/api.w.org\/{rel}","templated":true}]}}