{"id":12553,"date":"2023-05-15T16:50:00","date_gmt":"2023-05-15T22:50:00","guid":{"rendered":"https:\/\/conexionnacional.mx\/?p=12553"},"modified":"2023-05-15T11:21:27","modified_gmt":"2023-05-15T17:21:27","slug":"pide-rocha-a-ebrard-extraditar-al-mini-lic-por-el-asesinato-de-javier-valdez","status":"publish","type":"post","link":"https:\/\/conexionnacional.mx\/index.php\/2023\/05\/15\/pide-rocha-a-ebrard-extraditar-al-mini-lic-por-el-asesinato-de-javier-valdez\/","title":{"rendered":"Pide Rocha a Ebrard extraditar al \u201cMini Lic\u201d por el asesinato de Javier Valdez"},"content":{"rendered":"\n<p><strong>Culiac\u00e1n, Sin.-<\/strong>&nbsp;El gobernador Rub\u00e9n Rocha Moya solicit\u00f3 al secretario de Relaciones Exteriores, Marcelo Luis Ebrard Casaub\u00f3n, tramitar a Estados Unidos la extradici\u00f3n a M\u00e9xico de D\u00e1maso \u201cN\u201d, alias \u201cEl Mini Lic\u201d, quien es se\u00f1alado autor intelectual del asesinato del periodista Javier Valdez.<\/p>\n\n\n\n<p>Durante La Semanera, el mandatario estatal expres\u00f3 su solidaridad hacia la familia del periodista al cumplirse este lunes seis a\u00f1os desde el asesinato de Valdez.<\/p>\n\n\n\n<blockquote class=\"wp-block-quote is-layout-flow wp-block-quote-is-layout-flow\">\n<p>\u201cQuiero expresar y enviar una atenta solicitud al canciller Marcelo Ebrard para que se hagan los tr\u00e1mites correspondientes para que Estados Unidos extradite al responsable intelectual del asesinato de Javier Valdez, actualmente est\u00e1 en Estados Unidos\u201d, dijo.<\/p>\n<\/blockquote>\n\n\n\n<p>El mandatario estatal aprovech\u00f3 esta fecha para refrendar la responsabilidad de su gobierno de dotar de garant\u00edas a los periodistas para que desarrollen su labor con total seguridad.<\/p>\n\n\n\n<p>Rocha Moya lament\u00f3 la actuaci\u00f3n de las autoridades de Estados Unidos, quienes en algunos casos en vez de lograr la verdadera justicia se busca sacar provecho a responsables de delitos para obtener informaci\u00f3n que permita capturar a otros delincuentes.<\/p>\n\n\n\n<p>Fuente: Altavoz <a href=\"http:\/\/noticieroaltavoz.com\/pide-rocha-a-ebrard-extraditar-al-mini-lic-por-el-asesinato-de-javier-valdez\/\">http:\/\/noticieroaltavoz.com\/pide-rocha-a-ebrard-extraditar-al-mini-lic-por-el-asesinato-de-javier-valdez\/<\/a> <\/p>\n","protected":false},"excerpt":{"rendered":"<p>Culiac\u00e1n, Sin.-&nbsp;El gobernador Rub\u00e9n Rocha Moya solicit\u00f3 al secretario de Relaciones Exteriores, Marcelo Luis Ebrard Casaub\u00f3n, tramitar a Estados Unidos la extradici\u00f3n a M\u00e9xico de D\u00e1maso \u201cN\u201d, alias \u201cEl Mini Lic\u201d, quien es se\u00f1alado autor intelectual del asesinato del periodista Javier Valdez. Durante La Semanera, el mandatario estatal expres\u00f3 su solidaridad hacia la familia del [&hellip;]<\/p>\n","protected":false},"author":1,"featured_media":12557,"comment_status":"closed","ping_status":"closed","sticky":false,"template":"","format":"aside","meta":{"googlesitekit_rrm_CAowytPeCw:productID":"","footnotes":""},"categories":[17],"tags":[5068,5066,5067,382],"class_list":["post-12553","post","type-post","status-publish","format-aside","has-post-thumbnail","hentry","category-estados","tag-el-mini-lic","tag-javier-valdez","tag-ruben-rocha","tag-sinaloa","post_format-post-format-aside"],"yoast_head":"<!-- This site is optimized with the Yoast SEO plugin v27.5 - https:\/\/yoast.com\/product\/yoast-seo-wordpress\/ -->\n<title>El gobernador de Sinaloa solicita extradici\u00f3n de &quot;El Mini Lic&quot;<\/title>\n<meta name=\"description\" content=\"El gobernador de Sinaloa, Rub\u00e9n Rocha Moya, solicit\u00f3 al secretario de Relaciones Exteriores, Marcelo Ebrard, tramitar a Estados Unidos la extradici\u00f3n a M\u00e9xico de D\u00e1maso \u201cN\u201d, alias \u201cEl Mini Lic\u201d, quien es se\u00f1alado autor intelectual del asesinato del periodista Javier Valdez.\" \/>\n<meta name=\"robots\" content=\"index, follow, max-snippet:-1, max-image-preview:large, max-video-preview:-1\" \/>\n<link rel=\"canonical\" href=\"https:\/\/conexionnacional.mx\/index.php\/2023\/05\/15\/pide-rocha-a-ebrard-extraditar-al-mini-lic-por-el-asesinato-de-javier-valdez\/\" \/>\n<meta property=\"og:locale\" content=\"es_MX\" \/>\n<meta property=\"og:type\" content=\"article\" \/>\n<meta property=\"og:title\" content=\"El gobernador de Sinaloa solicita extradici\u00f3n de &quot;El Mini Lic&quot;\" \/>\n<meta property=\"og:description\" content=\"El gobernador de Sinaloa, Rub\u00e9n Rocha Moya, solicit\u00f3 al secretario de Relaciones Exteriores, Marcelo Ebrard, tramitar a Estados Unidos la extradici\u00f3n a M\u00e9xico de D\u00e1maso \u201cN\u201d, alias \u201cEl Mini Lic\u201d, quien es se\u00f1alado autor intelectual del asesinato del periodista Javier Valdez.\" \/>\n<meta property=\"og:url\" content=\"https:\/\/conexionnacional.mx\/index.php\/2023\/05\/15\/pide-rocha-a-ebrard-extraditar-al-mini-lic-por-el-asesinato-de-javier-valdez\/\" \/>\n<meta property=\"og:site_name\" content=\"Conexi\u00f3n Nacional\" \/>\n<meta property=\"article:publisher\" content=\"https:\/\/www.facebook.com\/cnmxradio\" \/>\n<meta property=\"article:published_time\" content=\"2023-05-15T22:50:00+00:00\" \/>\n<meta property=\"og:image\" content=\"https:\/\/conexionnacional.mx\/wp-content\/uploads\/2023\/05\/rocha-1-660x330-1.jpg\" \/>\n\t<meta property=\"og:image:width\" content=\"660\" \/>\n\t<meta property=\"og:image:height\" content=\"330\" \/>\n\t<meta property=\"og:image:type\" content=\"image\/jpeg\" \/>\n<meta name=\"author\" content=\"Conexi\u00f3n Nacional\" \/>\n<meta name=\"twitter:card\" content=\"summary_large_image\" \/>\n<meta name=\"twitter:label1\" content=\"Escrito por\" \/>\n\t<meta name=\"twitter:data1\" content=\"Conexi\u00f3n Nacional\" \/>\n\t<meta name=\"twitter:label2\" content=\"Tiempo de lectura\" \/>\n\t<meta name=\"twitter:data2\" content=\"1 minuto\" \/>\n<script type=\"application\/ld+json\" class=\"yoast-schema-graph\">{\"@context\":\"https:\\\/\\\/schema.org\",\"@graph\":[{\"@type\":\"Article\",\"@id\":\"https:\\\/\\\/conexionnacional.mx\\\/index.php\\\/2023\\\/05\\\/15\\\/pide-rocha-a-ebrard-extraditar-al-mini-lic-por-el-asesinato-de-javier-valdez\\\/#article\",\"isPartOf\":{\"@id\":\"https:\\\/\\\/conexionnacional.mx\\\/index.php\\\/2023\\\/05\\\/15\\\/pide-rocha-a-ebrard-extraditar-al-mini-lic-por-el-asesinato-de-javier-valdez\\\/\"},\"author\":{\"name\":\"Conexi\u00f3n Nacional\",\"@id\":\"https:\\\/\\\/conexionnacional.mx\\\/#\\\/schema\\\/person\\\/dd14aeda902120f5e0e021903fdb6931\"},\"headline\":\"Pide Rocha a Ebrard extraditar al \u201cMini Lic\u201d por el asesinato de Javier Valdez\",\"datePublished\":\"2023-05-15T22:50:00+00:00\",\"mainEntityOfPage\":{\"@id\":\"https:\\\/\\\/conexionnacional.mx\\\/index.php\\\/2023\\\/05\\\/15\\\/pide-rocha-a-ebrard-extraditar-al-mini-lic-por-el-asesinato-de-javier-valdez\\\/\"},\"wordCount\":206,\"publisher\":{\"@id\":\"https:\\\/\\\/conexionnacional.mx\\\/#organization\"},\"image\":{\"@id\":\"https:\\\/\\\/conexionnacional.mx\\\/index.php\\\/2023\\\/05\\\/15\\\/pide-rocha-a-ebrard-extraditar-al-mini-lic-por-el-asesinato-de-javier-valdez\\\/#primaryimage\"},\"thumbnailUrl\":\"https:\\\/\\\/conexionnacional.mx\\\/wp-content\\\/uploads\\\/2023\\\/05\\\/rocha-1-660x330-1.jpg\",\"keywords\":[\"El Mini Lic\",\"Javier Valdez\",\"Rub\u00e9n Rocha\",\"Sinaloa\"],\"articleSection\":[\"Estados\"],\"inLanguage\":\"es\"},{\"@type\":\"WebPage\",\"@id\":\"https:\\\/\\\/conexionnacional.mx\\\/index.php\\\/2023\\\/05\\\/15\\\/pide-rocha-a-ebrard-extraditar-al-mini-lic-por-el-asesinato-de-javier-valdez\\\/\",\"url\":\"https:\\\/\\\/conexionnacional.mx\\\/index.php\\\/2023\\\/05\\\/15\\\/pide-rocha-a-ebrard-extraditar-al-mini-lic-por-el-asesinato-de-javier-valdez\\\/\",\"name\":\"El gobernador de Sinaloa solicita extradici\u00f3n de \\\"El Mini Lic\\\"\",\"isPartOf\":{\"@id\":\"https:\\\/\\\/conexionnacional.mx\\\/#website\"},\"primaryImageOfPage\":{\"@id\":\"https:\\\/\\\/conexionnacional.mx\\\/index.php\\\/2023\\\/05\\\/15\\\/pide-rocha-a-ebrard-extraditar-al-mini-lic-por-el-asesinato-de-javier-valdez\\\/#primaryimage\"},\"image\":{\"@id\":\"https:\\\/\\\/conexionnacional.mx\\\/index.php\\\/2023\\\/05\\\/15\\\/pide-rocha-a-ebrard-extraditar-al-mini-lic-por-el-asesinato-de-javier-valdez\\\/#primaryimage\"},\"thumbnailUrl\":\"https:\\\/\\\/conexionnacional.mx\\\/wp-content\\\/uploads\\\/2023\\\/05\\\/rocha-1-660x330-1.jpg\",\"datePublished\":\"2023-05-15T22:50:00+00:00\",\"description\":\"El gobernador de Sinaloa, Rub\u00e9n Rocha Moya, solicit\u00f3 al secretario de Relaciones Exteriores, Marcelo Ebrard, tramitar a Estados Unidos la extradici\u00f3n a M\u00e9xico de D\u00e1maso \u201cN\u201d, alias \u201cEl Mini Lic\u201d, quien es se\u00f1alado autor intelectual del asesinato del periodista Javier Valdez.\",\"breadcrumb\":{\"@id\":\"https:\\\/\\\/conexionnacional.mx\\\/index.php\\\/2023\\\/05\\\/15\\\/pide-rocha-a-ebrard-extraditar-al-mini-lic-por-el-asesinato-de-javier-valdez\\\/#breadcrumb\"},\"inLanguage\":\"es\",\"potentialAction\":[{\"@type\":\"ReadAction\",\"target\":[\"https:\\\/\\\/conexionnacional.mx\\\/index.php\\\/2023\\\/05\\\/15\\\/pide-rocha-a-ebrard-extraditar-al-mini-lic-por-el-asesinato-de-javier-valdez\\\/\"]}]},{\"@type\":\"ImageObject\",\"inLanguage\":\"es\",\"@id\":\"https:\\\/\\\/conexionnacional.mx\\\/index.php\\\/2023\\\/05\\\/15\\\/pide-rocha-a-ebrard-extraditar-al-mini-lic-por-el-asesinato-de-javier-valdez\\\/#primaryimage\",\"url\":\"https:\\\/\\\/conexionnacional.mx\\\/wp-content\\\/uploads\\\/2023\\\/05\\\/rocha-1-660x330-1.jpg\",\"contentUrl\":\"https:\\\/\\\/conexionnacional.mx\\\/wp-content\\\/uploads\\\/2023\\\/05\\\/rocha-1-660x330-1.jpg\",\"width\":660,\"height\":330},{\"@type\":\"BreadcrumbList\",\"@id\":\"https:\\\/\\\/conexionnacional.mx\\\/index.php\\\/2023\\\/05\\\/15\\\/pide-rocha-a-ebrard-extraditar-al-mini-lic-por-el-asesinato-de-javier-valdez\\\/#breadcrumb\",\"itemListElement\":[{\"@type\":\"ListItem\",\"position\":1,\"name\":\"Inicio\",\"item\":\"https:\\\/\\\/conexionnacional.mx\\\/\"},{\"@type\":\"ListItem\",\"position\":2,\"name\":\"Pide Rocha a Ebrard extraditar al \u201cMini Lic\u201d por el asesinato de Javier Valdez\"}]},{\"@type\":\"WebSite\",\"@id\":\"https:\\\/\\\/conexionnacional.mx\\\/#website\",\"url\":\"https:\\\/\\\/conexionnacional.mx\\\/\",\"name\":\"Conexi\u00f3n Nacional\",\"description\":\"Noticias al momento\",\"publisher\":{\"@id\":\"https:\\\/\\\/conexionnacional.mx\\\/#organization\"},\"alternateName\":\"Noticias nacionales\",\"potentialAction\":[{\"@type\":\"SearchAction\",\"target\":{\"@type\":\"EntryPoint\",\"urlTemplate\":\"https:\\\/\\\/conexionnacional.mx\\\/?s={search_term_string}\"},\"query-input\":{\"@type\":\"PropertyValueSpecification\",\"valueRequired\":true,\"valueName\":\"search_term_string\"}}],\"inLanguage\":\"es\"},{\"@type\":\"Organization\",\"@id\":\"https:\\\/\\\/conexionnacional.mx\\\/#organization\",\"name\":\"Conexi\u00f3n Nacional\",\"url\":\"https:\\\/\\\/conexionnacional.mx\\\/\",\"logo\":{\"@type\":\"ImageObject\",\"inLanguage\":\"es\",\"@id\":\"https:\\\/\\\/conexionnacional.mx\\\/#\\\/schema\\\/logo\\\/image\\\/\",\"url\":\"https:\\\/\\\/conexionnacional.mx\\\/wp-content\\\/uploads\\\/2022\\\/09\\\/conexion_nacional.png\",\"contentUrl\":\"https:\\\/\\\/conexionnacional.mx\\\/wp-content\\\/uploads\\\/2022\\\/09\\\/conexion_nacional.png\",\"width\":2964,\"height\":1173,\"caption\":\"Conexi\u00f3n Nacional\"},\"image\":{\"@id\":\"https:\\\/\\\/conexionnacional.mx\\\/#\\\/schema\\\/logo\\\/image\\\/\"},\"sameAs\":[\"https:\\\/\\\/www.facebook.com\\\/cnmxradio\"]},{\"@type\":\"Person\",\"@id\":\"https:\\\/\\\/conexionnacional.mx\\\/#\\\/schema\\\/person\\\/dd14aeda902120f5e0e021903fdb6931\",\"name\":\"Conexi\u00f3n Nacional\",\"image\":{\"@type\":\"ImageObject\",\"inLanguage\":\"es\",\"@id\":\"https:\\\/\\\/secure.gravatar.com\\\/avatar\\\/e523100f284110b2ecca7e17b2be9cf140a5e8f35294c9ec0543e6916cc1f9be?s=96&d=blank&r=g\",\"url\":\"https:\\\/\\\/secure.gravatar.com\\\/avatar\\\/e523100f284110b2ecca7e17b2be9cf140a5e8f35294c9ec0543e6916cc1f9be?s=96&d=blank&r=g\",\"contentUrl\":\"https:\\\/\\\/secure.gravatar.com\\\/avatar\\\/e523100f284110b2ecca7e17b2be9cf140a5e8f35294c9ec0543e6916cc1f9be?s=96&d=blank&r=g\",\"caption\":\"Conexi\u00f3n Nacional\"},\"sameAs\":[\"https:\\\/\\\/conexionnacional.mx\"],\"url\":\"https:\\\/\\\/conexionnacional.mx\\\/index.php\\\/author\\\/administrador\\\/\"}]}<\/script>\n<!-- \/ Yoast SEO plugin. -->","yoast_head_json":{"title":"El gobernador de Sinaloa solicita extradici\u00f3n de \"El Mini Lic\"","description":"El gobernador de Sinaloa, Rub\u00e9n Rocha Moya, solicit\u00f3 al secretario de Relaciones Exteriores, Marcelo Ebrard, tramitar a Estados Unidos la extradici\u00f3n a M\u00e9xico de D\u00e1maso \u201cN\u201d, alias \u201cEl Mini Lic\u201d, quien es se\u00f1alado autor intelectual del asesinato del periodista Javier Valdez.","robots":{"index":"index","follow":"follow","max-snippet":"max-snippet:-1","max-image-preview":"max-image-preview:large","max-video-preview":"max-video-preview:-1"},"canonical":"https:\/\/conexionnacional.mx\/index.php\/2023\/05\/15\/pide-rocha-a-ebrard-extraditar-al-mini-lic-por-el-asesinato-de-javier-valdez\/","og_locale":"es_MX","og_type":"article","og_title":"El gobernador de Sinaloa solicita extradici\u00f3n de \"El Mini Lic\"","og_description":"El gobernador de Sinaloa, Rub\u00e9n Rocha Moya, solicit\u00f3 al secretario de Relaciones Exteriores, Marcelo Ebrard, tramitar a Estados Unidos la extradici\u00f3n a M\u00e9xico de D\u00e1maso \u201cN\u201d, alias \u201cEl Mini Lic\u201d, quien es se\u00f1alado autor intelectual del asesinato del periodista Javier Valdez.","og_url":"https:\/\/conexionnacional.mx\/index.php\/2023\/05\/15\/pide-rocha-a-ebrard-extraditar-al-mini-lic-por-el-asesinato-de-javier-valdez\/","og_site_name":"Conexi\u00f3n Nacional","article_publisher":"https:\/\/www.facebook.com\/cnmxradio","article_published_time":"2023-05-15T22:50:00+00:00","og_image":[{"width":660,"height":330,"url":"https:\/\/conexionnacional.mx\/wp-content\/uploads\/2023\/05\/rocha-1-660x330-1.jpg","type":"image\/jpeg"}],"author":"Conexi\u00f3n Nacional","twitter_card":"summary_large_image","twitter_misc":{"Escrito por":"Conexi\u00f3n Nacional","Tiempo de lectura":"1 minuto"},"schema":{"@context":"https:\/\/schema.org","@graph":[{"@type":"Article","@id":"https:\/\/conexionnacional.mx\/index.php\/2023\/05\/15\/pide-rocha-a-ebrard-extraditar-al-mini-lic-por-el-asesinato-de-javier-valdez\/#article","isPartOf":{"@id":"https:\/\/conexionnacional.mx\/index.php\/2023\/05\/15\/pide-rocha-a-ebrard-extraditar-al-mini-lic-por-el-asesinato-de-javier-valdez\/"},"author":{"name":"Conexi\u00f3n Nacional","@id":"https:\/\/conexionnacional.mx\/#\/schema\/person\/dd14aeda902120f5e0e021903fdb6931"},"headline":"Pide Rocha a Ebrard extraditar al \u201cMini Lic\u201d por el asesinato de Javier Valdez","datePublished":"2023-05-15T22:50:00+00:00","mainEntityOfPage":{"@id":"https:\/\/conexionnacional.mx\/index.php\/2023\/05\/15\/pide-rocha-a-ebrard-extraditar-al-mini-lic-por-el-asesinato-de-javier-valdez\/"},"wordCount":206,"publisher":{"@id":"https:\/\/conexionnacional.mx\/#organization"},"image":{"@id":"https:\/\/conexionnacional.mx\/index.php\/2023\/05\/15\/pide-rocha-a-ebrard-extraditar-al-mini-lic-por-el-asesinato-de-javier-valdez\/#primaryimage"},"thumbnailUrl":"https:\/\/conexionnacional.mx\/wp-content\/uploads\/2023\/05\/rocha-1-660x330-1.jpg","keywords":["El Mini Lic","Javier Valdez","Rub\u00e9n Rocha","Sinaloa"],"articleSection":["Estados"],"inLanguage":"es"},{"@type":"WebPage","@id":"https:\/\/conexionnacional.mx\/index.php\/2023\/05\/15\/pide-rocha-a-ebrard-extraditar-al-mini-lic-por-el-asesinato-de-javier-valdez\/","url":"https:\/\/conexionnacional.mx\/index.php\/2023\/05\/15\/pide-rocha-a-ebrard-extraditar-al-mini-lic-por-el-asesinato-de-javier-valdez\/","name":"El gobernador de Sinaloa solicita extradici\u00f3n de \"El Mini Lic\"","isPartOf":{"@id":"https:\/\/conexionnacional.mx\/#website"},"primaryImageOfPage":{"@id":"https:\/\/conexionnacional.mx\/index.php\/2023\/05\/15\/pide-rocha-a-ebrard-extraditar-al-mini-lic-por-el-asesinato-de-javier-valdez\/#primaryimage"},"image":{"@id":"https:\/\/conexionnacional.mx\/index.php\/2023\/05\/15\/pide-rocha-a-ebrard-extraditar-al-mini-lic-por-el-asesinato-de-javier-valdez\/#primaryimage"},"thumbnailUrl":"https:\/\/conexionnacional.mx\/wp-content\/uploads\/2023\/05\/rocha-1-660x330-1.jpg","datePublished":"2023-05-15T22:50:00+00:00","description":"El gobernador de Sinaloa, Rub\u00e9n Rocha Moya, solicit\u00f3 al secretario de Relaciones Exteriores, Marcelo Ebrard, tramitar a Estados Unidos la extradici\u00f3n a M\u00e9xico de D\u00e1maso \u201cN\u201d, alias \u201cEl Mini Lic\u201d, quien es se\u00f1alado autor intelectual del asesinato del periodista Javier Valdez.","breadcrumb":{"@id":"https:\/\/conexionnacional.mx\/index.php\/2023\/05\/15\/pide-rocha-a-ebrard-extraditar-al-mini-lic-por-el-asesinato-de-javier-valdez\/#breadcrumb"},"inLanguage":"es","potentialAction":[{"@type":"ReadAction","target":["https:\/\/conexionnacional.mx\/index.php\/2023\/05\/15\/pide-rocha-a-ebrard-extraditar-al-mini-lic-por-el-asesinato-de-javier-valdez\/"]}]},{"@type":"ImageObject","inLanguage":"es","@id":"https:\/\/conexionnacional.mx\/index.php\/2023\/05\/15\/pide-rocha-a-ebrard-extraditar-al-mini-lic-por-el-asesinato-de-javier-valdez\/#primaryimage","url":"https:\/\/conexionnacional.mx\/wp-content\/uploads\/2023\/05\/rocha-1-660x330-1.jpg","contentUrl":"https:\/\/conexionnacional.mx\/wp-content\/uploads\/2023\/05\/rocha-1-660x330-1.jpg","width":660,"height":330},{"@type":"BreadcrumbList","@id":"https:\/\/conexionnacional.mx\/index.php\/2023\/05\/15\/pide-rocha-a-ebrard-extraditar-al-mini-lic-por-el-asesinato-de-javier-valdez\/#breadcrumb","itemListElement":[{"@type":"ListItem","position":1,"name":"Inicio","item":"https:\/\/conexionnacional.mx\/"},{"@type":"ListItem","position":2,"name":"Pide Rocha a Ebrard extraditar al \u201cMini Lic\u201d por el asesinato de Javier Valdez"}]},{"@type":"WebSite","@id":"https:\/\/conexionnacional.mx\/#website","url":"https:\/\/conexionnacional.mx\/","name":"Conexi\u00f3n Nacional","description":"Noticias al momento","publisher":{"@id":"https:\/\/conexionnacional.mx\/#organization"},"alternateName":"Noticias nacionales","potentialAction":[{"@type":"SearchAction","target":{"@type":"EntryPoint","urlTemplate":"https:\/\/conexionnacional.mx\/?s={search_term_string}"},"query-input":{"@type":"PropertyValueSpecification","valueRequired":true,"valueName":"search_term_string"}}],"inLanguage":"es"},{"@type":"Organization","@id":"https:\/\/conexionnacional.mx\/#organization","name":"Conexi\u00f3n Nacional","url":"https:\/\/conexionnacional.mx\/","logo":{"@type":"ImageObject","inLanguage":"es","@id":"https:\/\/conexionnacional.mx\/#\/schema\/logo\/image\/","url":"https:\/\/conexionnacional.mx\/wp-content\/uploads\/2022\/09\/conexion_nacional.png","contentUrl":"https:\/\/conexionnacional.mx\/wp-content\/uploads\/2022\/09\/conexion_nacional.png","width":2964,"height":1173,"caption":"Conexi\u00f3n Nacional"},"image":{"@id":"https:\/\/conexionnacional.mx\/#\/schema\/logo\/image\/"},"sameAs":["https:\/\/www.facebook.com\/cnmxradio"]},{"@type":"Person","@id":"https:\/\/conexionnacional.mx\/#\/schema\/person\/dd14aeda902120f5e0e021903fdb6931","name":"Conexi\u00f3n Nacional","image":{"@type":"ImageObject","inLanguage":"es","@id":"https:\/\/secure.gravatar.com\/avatar\/e523100f284110b2ecca7e17b2be9cf140a5e8f35294c9ec0543e6916cc1f9be?s=96&d=blank&r=g","url":"https:\/\/secure.gravatar.com\/avatar\/e523100f284110b2ecca7e17b2be9cf140a5e8f35294c9ec0543e6916cc1f9be?s=96&d=blank&r=g","contentUrl":"https:\/\/secure.gravatar.com\/avatar\/e523100f284110b2ecca7e17b2be9cf140a5e8f35294c9ec0543e6916cc1f9be?s=96&d=blank&r=g","caption":"Conexi\u00f3n Nacional"},"sameAs":["https:\/\/conexionnacional.mx"],"url":"https:\/\/conexionnacional.mx\/index.php\/author\/administrador\/"}]}},"_links":{"self":[{"href":"https:\/\/conexionnacional.mx\/index.php\/wp-json\/wp\/v2\/posts\/12553","targetHints":{"allow":["GET"]}}],"collection":[{"href":"https:\/\/conexionnacional.mx\/index.php\/wp-json\/wp\/v2\/posts"}],"about":[{"href":"https:\/\/conexionnacional.mx\/index.php\/wp-json\/wp\/v2\/types\/post"}],"author":[{"embeddable":true,"href":"https:\/\/conexionnacional.mx\/index.php\/wp-json\/wp\/v2\/users\/1"}],"replies":[{"embeddable":true,"href":"https:\/\/conexionnacional.mx\/index.php\/wp-json\/wp\/v2\/comments?post=12553"}],"version-history":[{"count":1,"href":"https:\/\/conexionnacional.mx\/index.php\/wp-json\/wp\/v2\/posts\/12553\/revisions"}],"predecessor-version":[{"id":12558,"href":"https:\/\/conexionnacional.mx\/index.php\/wp-json\/wp\/v2\/posts\/12553\/revisions\/12558"}],"wp:featuredmedia":[{"embeddable":true,"href":"https:\/\/conexionnacional.mx\/index.php\/wp-json\/wp\/v2\/media\/12557"}],"wp:attachment":[{"href":"https:\/\/conexionnacional.mx\/index.php\/wp-json\/wp\/v2\/media?parent=12553"}],"wp:term":[{"taxonomy":"category","embeddable":true,"href":"https:\/\/conexionnacional.mx\/index.php\/wp-json\/wp\/v2\/categories?post=12553"},{"taxonomy":"post_tag","embeddable":true,"href":"https:\/\/conexionnacional.mx\/index.php\/wp-json\/wp\/v2\/tags?post=12553"}],"curies":[{"name":"wp","href":"https:\/\/api.w.org\/{rel}","templated":true}]}}