{"id":12443,"date":"2023-04-27T10:13:34","date_gmt":"2023-04-27T15:13:34","guid":{"rendered":"https:\/\/conexionnacional.mx\/?p=12443"},"modified":"2023-04-27T10:13:35","modified_gmt":"2023-04-27T15:13:35","slug":"migrante-llega-a-villa-comaltitlan","status":"publish","type":"post","link":"https:\/\/conexionnacional.mx\/index.php\/2023\/04\/27\/migrante-llega-a-villa-comaltitlan\/","title":{"rendered":"Caravana migrante llega a Villa Comaltitl\u00e1n sin respuesta del INM sobre visas humanitarias"},"content":{"rendered":"\n<p>Por: <a href=\"https:\/\/www.radiozitacuaro.com\/archives\/4994\/caravana-migrante-llega-a-villa-comaltitlan-sin-respuesta-del-inm\/\">radiozitacuaro.com<\/a>&nbsp; |<\/p>\n\n\n\n<p>Visiblemente cansados, los migrantes llegaron al municipio de <strong>Villa Comaltitl\u00e1n, Chiapas<\/strong>, pero aun el <strong>Instituto Nacional de Migraci\u00f3n (INM)<\/strong> no les ha concretado si les van a otorgar visa humanitaria para poder trasladarse a otros estados del pa\u00eds o hasta la frontera de <strong>M\u00e9xico con Estados Unidos<\/strong>.<\/p>\n\n\n\n<p><strong>Anderson Ordo\u00f1ez<\/strong> es un migrante de <strong>Colombia<\/strong>, este d\u00eda decidi\u00f3 caminar desde Huixtla a Villacomaltitl\u00e1n, cargando lo que para \u00e9l es un ata\u00fad.<\/p>\n\n\n\n<p>Dijo que un compa\u00f1ero migrante falleci\u00f3 en Huixtla donde pernoctaba la caravana y hasta el momento se desconocen la causas, se trata de Melvin Saul Chac\u00f3n Mendoza.<\/p>\n\n\n\n<p>En tanto, las autoridades no han respondido al llamado de di\u00e1logo hecho por los integrantes de la caravana; es por ello que se ven obligados avanzar, aun as\u00ed caminen con los pies llenos de ampollas y sin ayuda humanitaria. Algunos s\u00f3lo comen frutas que encuentran en el camino, otros solo consumen agua.<\/p>\n\n\n\n<p>Con Informaci\u00f3n de <a href=\"http:\/\/radiozitacuaro.com\/\">Radio Zit\u00e1cuaro<\/a><\/p>\n","protected":false},"excerpt":{"rendered":"<p>Por: radiozitacuaro.com&nbsp; | Visiblemente cansados, los migrantes llegaron al municipio de Villa Comaltitl\u00e1n, Chiapas, pero aun el Instituto Nacional de Migraci\u00f3n (INM) no les ha concretado si les van a otorgar visa humanitaria para poder trasladarse a otros estados del pa\u00eds o hasta la frontera de M\u00e9xico con Estados Unidos. Anderson Ordo\u00f1ez es un migrante [&hellip;]<\/p>\n","protected":false},"author":1,"featured_media":12444,"comment_status":"closed","ping_status":"closed","sticky":false,"template":"","format":"aside","meta":{"googlesitekit_rrm_CAowytPeCw:productID":"","footnotes":""},"categories":[17],"tags":[45,2383,1064],"class_list":["post-12443","post","type-post","status-publish","format-aside","has-post-thumbnail","hentry","category-estados","tag-chiapas","tag-inm","tag-migrantes","post_format-post-format-aside"],"yoast_head":"<!-- This site is optimized with the Yoast SEO plugin v27.4 - https:\/\/yoast.com\/product\/yoast-seo-wordpress\/ -->\n<title>Caravana migrante llega a Villa Comaltitl\u00e1n sin respuesta del INM sobre visas humanitarias |<\/title>\n<meta name=\"description\" content=\"Los migrantes llegaron a Villa Comaltitl\u00e1n, Chiapas, pero aun el Instituto de Migraci\u00f3n no les ha concretado si les van a otorgar visa...\" \/>\n<meta name=\"robots\" content=\"index, follow, max-snippet:-1, max-image-preview:large, max-video-preview:-1\" \/>\n<link rel=\"canonical\" href=\"https:\/\/conexionnacional.mx\/index.php\/2023\/04\/27\/migrante-llega-a-villa-comaltitlan\/\" \/>\n<meta property=\"og:locale\" content=\"es_MX\" \/>\n<meta property=\"og:type\" content=\"article\" \/>\n<meta property=\"og:title\" content=\"Caravana migrante llega a Villa Comaltitl\u00e1n sin respuesta del INM sobre visas humanitarias |\" \/>\n<meta property=\"og:description\" content=\"Los migrantes llegaron a Villa Comaltitl\u00e1n, Chiapas, pero aun el Instituto de Migraci\u00f3n no les ha concretado si les van a otorgar visa...\" \/>\n<meta property=\"og:url\" content=\"https:\/\/conexionnacional.mx\/index.php\/2023\/04\/27\/migrante-llega-a-villa-comaltitlan\/\" \/>\n<meta property=\"og:site_name\" content=\"Conexi\u00f3n Nacional\" \/>\n<meta property=\"article:publisher\" content=\"https:\/\/www.facebook.com\/cnmxradio\" \/>\n<meta property=\"article:published_time\" content=\"2023-04-27T15:13:34+00:00\" \/>\n<meta property=\"article:modified_time\" content=\"2023-04-27T15:13:35+00:00\" \/>\n<meta property=\"og:image\" content=\"https:\/\/conexionnacional.mx\/wp-content\/uploads\/2023\/04\/Migrante-Villa-Comaltitlan.jpg\" \/>\n\t<meta property=\"og:image:width\" content=\"1000\" \/>\n\t<meta property=\"og:image:height\" content=\"600\" \/>\n\t<meta property=\"og:image:type\" content=\"image\/jpeg\" \/>\n<meta name=\"author\" content=\"Conexi\u00f3n Nacional\" \/>\n<meta name=\"twitter:card\" content=\"summary_large_image\" \/>\n<meta name=\"twitter:label1\" content=\"Escrito por\" \/>\n\t<meta name=\"twitter:data1\" content=\"Conexi\u00f3n Nacional\" \/>\n\t<meta name=\"twitter:label2\" content=\"Tiempo de lectura\" \/>\n\t<meta name=\"twitter:data2\" content=\"1 minuto\" \/>\n<script type=\"application\/ld+json\" class=\"yoast-schema-graph\">{\"@context\":\"https:\\\/\\\/schema.org\",\"@graph\":[{\"@type\":\"Article\",\"@id\":\"https:\\\/\\\/conexionnacional.mx\\\/index.php\\\/2023\\\/04\\\/27\\\/migrante-llega-a-villa-comaltitlan\\\/#article\",\"isPartOf\":{\"@id\":\"https:\\\/\\\/conexionnacional.mx\\\/index.php\\\/2023\\\/04\\\/27\\\/migrante-llega-a-villa-comaltitlan\\\/\"},\"author\":{\"name\":\"Conexi\u00f3n Nacional\",\"@id\":\"https:\\\/\\\/conexionnacional.mx\\\/#\\\/schema\\\/person\\\/dd14aeda902120f5e0e021903fdb6931\"},\"headline\":\"Caravana migrante llega a Villa Comaltitl\u00e1n sin respuesta del INM sobre visas humanitarias\",\"datePublished\":\"2023-04-27T15:13:34+00:00\",\"dateModified\":\"2023-04-27T15:13:35+00:00\",\"mainEntityOfPage\":{\"@id\":\"https:\\\/\\\/conexionnacional.mx\\\/index.php\\\/2023\\\/04\\\/27\\\/migrante-llega-a-villa-comaltitlan\\\/\"},\"wordCount\":186,\"publisher\":{\"@id\":\"https:\\\/\\\/conexionnacional.mx\\\/#organization\"},\"image\":{\"@id\":\"https:\\\/\\\/conexionnacional.mx\\\/index.php\\\/2023\\\/04\\\/27\\\/migrante-llega-a-villa-comaltitlan\\\/#primaryimage\"},\"thumbnailUrl\":\"https:\\\/\\\/conexionnacional.mx\\\/wp-content\\\/uploads\\\/2023\\\/04\\\/Migrante-Villa-Comaltitlan.jpg\",\"keywords\":[\"Chiapas\",\"INM\",\"Migrantes\"],\"articleSection\":[\"Estados\"],\"inLanguage\":\"es\"},{\"@type\":\"WebPage\",\"@id\":\"https:\\\/\\\/conexionnacional.mx\\\/index.php\\\/2023\\\/04\\\/27\\\/migrante-llega-a-villa-comaltitlan\\\/\",\"url\":\"https:\\\/\\\/conexionnacional.mx\\\/index.php\\\/2023\\\/04\\\/27\\\/migrante-llega-a-villa-comaltitlan\\\/\",\"name\":\"Caravana migrante llega a Villa Comaltitl\u00e1n sin respuesta del INM sobre visas humanitarias |\",\"isPartOf\":{\"@id\":\"https:\\\/\\\/conexionnacional.mx\\\/#website\"},\"primaryImageOfPage\":{\"@id\":\"https:\\\/\\\/conexionnacional.mx\\\/index.php\\\/2023\\\/04\\\/27\\\/migrante-llega-a-villa-comaltitlan\\\/#primaryimage\"},\"image\":{\"@id\":\"https:\\\/\\\/conexionnacional.mx\\\/index.php\\\/2023\\\/04\\\/27\\\/migrante-llega-a-villa-comaltitlan\\\/#primaryimage\"},\"thumbnailUrl\":\"https:\\\/\\\/conexionnacional.mx\\\/wp-content\\\/uploads\\\/2023\\\/04\\\/Migrante-Villa-Comaltitlan.jpg\",\"datePublished\":\"2023-04-27T15:13:34+00:00\",\"dateModified\":\"2023-04-27T15:13:35+00:00\",\"description\":\"Los migrantes llegaron a Villa Comaltitl\u00e1n, Chiapas, pero aun el Instituto de Migraci\u00f3n no les ha concretado si les van a otorgar visa...\",\"breadcrumb\":{\"@id\":\"https:\\\/\\\/conexionnacional.mx\\\/index.php\\\/2023\\\/04\\\/27\\\/migrante-llega-a-villa-comaltitlan\\\/#breadcrumb\"},\"inLanguage\":\"es\",\"potentialAction\":[{\"@type\":\"ReadAction\",\"target\":[\"https:\\\/\\\/conexionnacional.mx\\\/index.php\\\/2023\\\/04\\\/27\\\/migrante-llega-a-villa-comaltitlan\\\/\"]}]},{\"@type\":\"ImageObject\",\"inLanguage\":\"es\",\"@id\":\"https:\\\/\\\/conexionnacional.mx\\\/index.php\\\/2023\\\/04\\\/27\\\/migrante-llega-a-villa-comaltitlan\\\/#primaryimage\",\"url\":\"https:\\\/\\\/conexionnacional.mx\\\/wp-content\\\/uploads\\\/2023\\\/04\\\/Migrante-Villa-Comaltitlan.jpg\",\"contentUrl\":\"https:\\\/\\\/conexionnacional.mx\\\/wp-content\\\/uploads\\\/2023\\\/04\\\/Migrante-Villa-Comaltitlan.jpg\",\"width\":1000,\"height\":600,\"caption\":\"Caravana migrante llega a Villa Comaltitl\u00e1n sin respuesta del INM sobre visas humanitarias\"},{\"@type\":\"BreadcrumbList\",\"@id\":\"https:\\\/\\\/conexionnacional.mx\\\/index.php\\\/2023\\\/04\\\/27\\\/migrante-llega-a-villa-comaltitlan\\\/#breadcrumb\",\"itemListElement\":[{\"@type\":\"ListItem\",\"position\":1,\"name\":\"Inicio\",\"item\":\"https:\\\/\\\/conexionnacional.mx\\\/\"},{\"@type\":\"ListItem\",\"position\":2,\"name\":\"Caravana migrante llega a Villa Comaltitl\u00e1n sin respuesta del INM sobre visas humanitarias\"}]},{\"@type\":\"WebSite\",\"@id\":\"https:\\\/\\\/conexionnacional.mx\\\/#website\",\"url\":\"https:\\\/\\\/conexionnacional.mx\\\/\",\"name\":\"Conexi\u00f3n Nacional\",\"description\":\"Noticias al momento\",\"publisher\":{\"@id\":\"https:\\\/\\\/conexionnacional.mx\\\/#organization\"},\"alternateName\":\"Noticias nacionales\",\"potentialAction\":[{\"@type\":\"SearchAction\",\"target\":{\"@type\":\"EntryPoint\",\"urlTemplate\":\"https:\\\/\\\/conexionnacional.mx\\\/?s={search_term_string}\"},\"query-input\":{\"@type\":\"PropertyValueSpecification\",\"valueRequired\":true,\"valueName\":\"search_term_string\"}}],\"inLanguage\":\"es\"},{\"@type\":\"Organization\",\"@id\":\"https:\\\/\\\/conexionnacional.mx\\\/#organization\",\"name\":\"Conexi\u00f3n Nacional\",\"url\":\"https:\\\/\\\/conexionnacional.mx\\\/\",\"logo\":{\"@type\":\"ImageObject\",\"inLanguage\":\"es\",\"@id\":\"https:\\\/\\\/conexionnacional.mx\\\/#\\\/schema\\\/logo\\\/image\\\/\",\"url\":\"https:\\\/\\\/conexionnacional.mx\\\/wp-content\\\/uploads\\\/2022\\\/09\\\/conexion_nacional.png\",\"contentUrl\":\"https:\\\/\\\/conexionnacional.mx\\\/wp-content\\\/uploads\\\/2022\\\/09\\\/conexion_nacional.png\",\"width\":2964,\"height\":1173,\"caption\":\"Conexi\u00f3n Nacional\"},\"image\":{\"@id\":\"https:\\\/\\\/conexionnacional.mx\\\/#\\\/schema\\\/logo\\\/image\\\/\"},\"sameAs\":[\"https:\\\/\\\/www.facebook.com\\\/cnmxradio\"]},{\"@type\":\"Person\",\"@id\":\"https:\\\/\\\/conexionnacional.mx\\\/#\\\/schema\\\/person\\\/dd14aeda902120f5e0e021903fdb6931\",\"name\":\"Conexi\u00f3n Nacional\",\"image\":{\"@type\":\"ImageObject\",\"inLanguage\":\"es\",\"@id\":\"https:\\\/\\\/secure.gravatar.com\\\/avatar\\\/e523100f284110b2ecca7e17b2be9cf140a5e8f35294c9ec0543e6916cc1f9be?s=96&d=blank&r=g\",\"url\":\"https:\\\/\\\/secure.gravatar.com\\\/avatar\\\/e523100f284110b2ecca7e17b2be9cf140a5e8f35294c9ec0543e6916cc1f9be?s=96&d=blank&r=g\",\"contentUrl\":\"https:\\\/\\\/secure.gravatar.com\\\/avatar\\\/e523100f284110b2ecca7e17b2be9cf140a5e8f35294c9ec0543e6916cc1f9be?s=96&d=blank&r=g\",\"caption\":\"Conexi\u00f3n Nacional\"},\"sameAs\":[\"https:\\\/\\\/conexionnacional.mx\"],\"url\":\"https:\\\/\\\/conexionnacional.mx\\\/index.php\\\/author\\\/administrador\\\/\"}]}<\/script>\n<!-- \/ Yoast SEO plugin. -->","yoast_head_json":{"title":"Caravana migrante llega a Villa Comaltitl\u00e1n sin respuesta del INM sobre visas humanitarias |","description":"Los migrantes llegaron a Villa Comaltitl\u00e1n, Chiapas, pero aun el Instituto de Migraci\u00f3n no les ha concretado si les van a otorgar visa...","robots":{"index":"index","follow":"follow","max-snippet":"max-snippet:-1","max-image-preview":"max-image-preview:large","max-video-preview":"max-video-preview:-1"},"canonical":"https:\/\/conexionnacional.mx\/index.php\/2023\/04\/27\/migrante-llega-a-villa-comaltitlan\/","og_locale":"es_MX","og_type":"article","og_title":"Caravana migrante llega a Villa Comaltitl\u00e1n sin respuesta del INM sobre visas humanitarias |","og_description":"Los migrantes llegaron a Villa Comaltitl\u00e1n, Chiapas, pero aun el Instituto de Migraci\u00f3n no les ha concretado si les van a otorgar visa...","og_url":"https:\/\/conexionnacional.mx\/index.php\/2023\/04\/27\/migrante-llega-a-villa-comaltitlan\/","og_site_name":"Conexi\u00f3n Nacional","article_publisher":"https:\/\/www.facebook.com\/cnmxradio","article_published_time":"2023-04-27T15:13:34+00:00","article_modified_time":"2023-04-27T15:13:35+00:00","og_image":[{"width":1000,"height":600,"url":"https:\/\/conexionnacional.mx\/wp-content\/uploads\/2023\/04\/Migrante-Villa-Comaltitlan.jpg","type":"image\/jpeg"}],"author":"Conexi\u00f3n Nacional","twitter_card":"summary_large_image","twitter_misc":{"Escrito por":"Conexi\u00f3n Nacional","Tiempo de lectura":"1 minuto"},"schema":{"@context":"https:\/\/schema.org","@graph":[{"@type":"Article","@id":"https:\/\/conexionnacional.mx\/index.php\/2023\/04\/27\/migrante-llega-a-villa-comaltitlan\/#article","isPartOf":{"@id":"https:\/\/conexionnacional.mx\/index.php\/2023\/04\/27\/migrante-llega-a-villa-comaltitlan\/"},"author":{"name":"Conexi\u00f3n Nacional","@id":"https:\/\/conexionnacional.mx\/#\/schema\/person\/dd14aeda902120f5e0e021903fdb6931"},"headline":"Caravana migrante llega a Villa Comaltitl\u00e1n sin respuesta del INM sobre visas humanitarias","datePublished":"2023-04-27T15:13:34+00:00","dateModified":"2023-04-27T15:13:35+00:00","mainEntityOfPage":{"@id":"https:\/\/conexionnacional.mx\/index.php\/2023\/04\/27\/migrante-llega-a-villa-comaltitlan\/"},"wordCount":186,"publisher":{"@id":"https:\/\/conexionnacional.mx\/#organization"},"image":{"@id":"https:\/\/conexionnacional.mx\/index.php\/2023\/04\/27\/migrante-llega-a-villa-comaltitlan\/#primaryimage"},"thumbnailUrl":"https:\/\/conexionnacional.mx\/wp-content\/uploads\/2023\/04\/Migrante-Villa-Comaltitlan.jpg","keywords":["Chiapas","INM","Migrantes"],"articleSection":["Estados"],"inLanguage":"es"},{"@type":"WebPage","@id":"https:\/\/conexionnacional.mx\/index.php\/2023\/04\/27\/migrante-llega-a-villa-comaltitlan\/","url":"https:\/\/conexionnacional.mx\/index.php\/2023\/04\/27\/migrante-llega-a-villa-comaltitlan\/","name":"Caravana migrante llega a Villa Comaltitl\u00e1n sin respuesta del INM sobre visas humanitarias |","isPartOf":{"@id":"https:\/\/conexionnacional.mx\/#website"},"primaryImageOfPage":{"@id":"https:\/\/conexionnacional.mx\/index.php\/2023\/04\/27\/migrante-llega-a-villa-comaltitlan\/#primaryimage"},"image":{"@id":"https:\/\/conexionnacional.mx\/index.php\/2023\/04\/27\/migrante-llega-a-villa-comaltitlan\/#primaryimage"},"thumbnailUrl":"https:\/\/conexionnacional.mx\/wp-content\/uploads\/2023\/04\/Migrante-Villa-Comaltitlan.jpg","datePublished":"2023-04-27T15:13:34+00:00","dateModified":"2023-04-27T15:13:35+00:00","description":"Los migrantes llegaron a Villa Comaltitl\u00e1n, Chiapas, pero aun el Instituto de Migraci\u00f3n no les ha concretado si les van a otorgar visa...","breadcrumb":{"@id":"https:\/\/conexionnacional.mx\/index.php\/2023\/04\/27\/migrante-llega-a-villa-comaltitlan\/#breadcrumb"},"inLanguage":"es","potentialAction":[{"@type":"ReadAction","target":["https:\/\/conexionnacional.mx\/index.php\/2023\/04\/27\/migrante-llega-a-villa-comaltitlan\/"]}]},{"@type":"ImageObject","inLanguage":"es","@id":"https:\/\/conexionnacional.mx\/index.php\/2023\/04\/27\/migrante-llega-a-villa-comaltitlan\/#primaryimage","url":"https:\/\/conexionnacional.mx\/wp-content\/uploads\/2023\/04\/Migrante-Villa-Comaltitlan.jpg","contentUrl":"https:\/\/conexionnacional.mx\/wp-content\/uploads\/2023\/04\/Migrante-Villa-Comaltitlan.jpg","width":1000,"height":600,"caption":"Caravana migrante llega a Villa Comaltitl\u00e1n sin respuesta del INM sobre visas humanitarias"},{"@type":"BreadcrumbList","@id":"https:\/\/conexionnacional.mx\/index.php\/2023\/04\/27\/migrante-llega-a-villa-comaltitlan\/#breadcrumb","itemListElement":[{"@type":"ListItem","position":1,"name":"Inicio","item":"https:\/\/conexionnacional.mx\/"},{"@type":"ListItem","position":2,"name":"Caravana migrante llega a Villa Comaltitl\u00e1n sin respuesta del INM sobre visas humanitarias"}]},{"@type":"WebSite","@id":"https:\/\/conexionnacional.mx\/#website","url":"https:\/\/conexionnacional.mx\/","name":"Conexi\u00f3n Nacional","description":"Noticias al momento","publisher":{"@id":"https:\/\/conexionnacional.mx\/#organization"},"alternateName":"Noticias nacionales","potentialAction":[{"@type":"SearchAction","target":{"@type":"EntryPoint","urlTemplate":"https:\/\/conexionnacional.mx\/?s={search_term_string}"},"query-input":{"@type":"PropertyValueSpecification","valueRequired":true,"valueName":"search_term_string"}}],"inLanguage":"es"},{"@type":"Organization","@id":"https:\/\/conexionnacional.mx\/#organization","name":"Conexi\u00f3n Nacional","url":"https:\/\/conexionnacional.mx\/","logo":{"@type":"ImageObject","inLanguage":"es","@id":"https:\/\/conexionnacional.mx\/#\/schema\/logo\/image\/","url":"https:\/\/conexionnacional.mx\/wp-content\/uploads\/2022\/09\/conexion_nacional.png","contentUrl":"https:\/\/conexionnacional.mx\/wp-content\/uploads\/2022\/09\/conexion_nacional.png","width":2964,"height":1173,"caption":"Conexi\u00f3n Nacional"},"image":{"@id":"https:\/\/conexionnacional.mx\/#\/schema\/logo\/image\/"},"sameAs":["https:\/\/www.facebook.com\/cnmxradio"]},{"@type":"Person","@id":"https:\/\/conexionnacional.mx\/#\/schema\/person\/dd14aeda902120f5e0e021903fdb6931","name":"Conexi\u00f3n Nacional","image":{"@type":"ImageObject","inLanguage":"es","@id":"https:\/\/secure.gravatar.com\/avatar\/e523100f284110b2ecca7e17b2be9cf140a5e8f35294c9ec0543e6916cc1f9be?s=96&d=blank&r=g","url":"https:\/\/secure.gravatar.com\/avatar\/e523100f284110b2ecca7e17b2be9cf140a5e8f35294c9ec0543e6916cc1f9be?s=96&d=blank&r=g","contentUrl":"https:\/\/secure.gravatar.com\/avatar\/e523100f284110b2ecca7e17b2be9cf140a5e8f35294c9ec0543e6916cc1f9be?s=96&d=blank&r=g","caption":"Conexi\u00f3n Nacional"},"sameAs":["https:\/\/conexionnacional.mx"],"url":"https:\/\/conexionnacional.mx\/index.php\/author\/administrador\/"}]}},"_links":{"self":[{"href":"https:\/\/conexionnacional.mx\/index.php\/wp-json\/wp\/v2\/posts\/12443","targetHints":{"allow":["GET"]}}],"collection":[{"href":"https:\/\/conexionnacional.mx\/index.php\/wp-json\/wp\/v2\/posts"}],"about":[{"href":"https:\/\/conexionnacional.mx\/index.php\/wp-json\/wp\/v2\/types\/post"}],"author":[{"embeddable":true,"href":"https:\/\/conexionnacional.mx\/index.php\/wp-json\/wp\/v2\/users\/1"}],"replies":[{"embeddable":true,"href":"https:\/\/conexionnacional.mx\/index.php\/wp-json\/wp\/v2\/comments?post=12443"}],"version-history":[{"count":1,"href":"https:\/\/conexionnacional.mx\/index.php\/wp-json\/wp\/v2\/posts\/12443\/revisions"}],"predecessor-version":[{"id":12445,"href":"https:\/\/conexionnacional.mx\/index.php\/wp-json\/wp\/v2\/posts\/12443\/revisions\/12445"}],"wp:featuredmedia":[{"embeddable":true,"href":"https:\/\/conexionnacional.mx\/index.php\/wp-json\/wp\/v2\/media\/12444"}],"wp:attachment":[{"href":"https:\/\/conexionnacional.mx\/index.php\/wp-json\/wp\/v2\/media?parent=12443"}],"wp:term":[{"taxonomy":"category","embeddable":true,"href":"https:\/\/conexionnacional.mx\/index.php\/wp-json\/wp\/v2\/categories?post=12443"},{"taxonomy":"post_tag","embeddable":true,"href":"https:\/\/conexionnacional.mx\/index.php\/wp-json\/wp\/v2\/tags?post=12443"}],"curies":[{"name":"wp","href":"https:\/\/api.w.org\/{rel}","templated":true}]}}