{"id":12195,"date":"2023-04-17T11:29:56","date_gmt":"2023-04-17T16:29:56","guid":{"rendered":"https:\/\/conexionnacional.mx\/?p=12195"},"modified":"2023-04-17T11:29:57","modified_gmt":"2023-04-17T16:29:57","slug":"promete-amlo-salud-como-dinamarca","status":"publish","type":"post","link":"https:\/\/conexionnacional.mx\/index.php\/2023\/04\/17\/promete-amlo-salud-como-dinamarca\/","title":{"rendered":"Promete AMLO que servicios de salud ser\u00e1n mejores que los de Dinamarca"},"content":{"rendered":"\n<p>Por: <a href=\"https:\/\/www.cydnoticias.mx\/2023\/04\/17\/promete-amlo-salud-mejor-que-dinamarca\/\">Yeri Gonz\u00e1lez | cydnoticias.mx<\/a>&nbsp; |<\/p>\n\n\n\n<p><strong>Desde Oaxaca<\/strong>, este domingo el presidente <strong>Andr\u00e9s Manuel L\u00f3pez Obrador<\/strong> afirm\u00f3 que aunque sus opositores <strong>corruptos<\/strong> se r\u00edan de \u00e9l, el <strong>sistema de salud<\/strong> p\u00fablica de M\u00e9xico, cuando termine su gobierno&nbsp; ser\u00e1 mejor que el sistema de salud de <strong>Dinamarca<\/strong>.<\/p>\n\n\n\n<figure class=\"wp-block-embed is-type-rich is-provider-twitter wp-block-embed-twitter\"><div class=\"wp-block-embed__wrapper\">\n<blockquote class=\"twitter-tweet\" data-width=\"550\" data-dnt=\"true\"><p lang=\"es\" dir=\"ltr\">\u201cDinamarca\u201d:<br>Por comentarios sobre este video en el que <a href=\"https:\/\/twitter.com\/lopezobrador_?ref_src=twsrc%5Etfw\">@lopezobrador_<\/a> habla sobre su promesa de mejorar el sistema de Salud de M\u00e9xico asegurando que \u201cNo va a ser como Dinamarca, va a ser mejor\u201d. <a href=\"https:\/\/t.co\/CTMLh1sqUH\">https:\/\/t.co\/CTMLh1sqUH<\/a><\/p>&mdash; \u00bfPor qu\u00e9 es Tendencia? (@porktendencia) <a href=\"https:\/\/twitter.com\/porktendencia\/status\/1647709837931814914?ref_src=twsrc%5Etfw\">April 16, 2023<\/a><\/blockquote><script async src=\"https:\/\/platform.twitter.com\/widgets.js\" charset=\"utf-8\"><\/script>\n<\/div><\/figure>\n\n\n\n<p>Al \u201cpreinaugurar\u201d el hospital<strong> Materno Infantil IMSS- Bienestar de Juchit\u00e1n<\/strong>, acompa\u00f1ado por el gobernador <strong>Salom\u00f3n Jara<\/strong>, el director del <strong>IMSS, Zo\u00e9 Robledo<\/strong> y el beisbolista <strong>Jes\u00fas Chito R\u00edos<\/strong>, el presidente L\u00f3pez Obrador dijo que en este nuevo plan de salud contratar\u00e1 a 125 mil m\u00e9dicos que ten\u00edan contratos eventuales.<\/p>\n\n\n\n<p>Adem\u00e1s se contar\u00e1 con los equipos, m\u00e9dicos especialistas y medicamentos gratuitos para todas las personas que no tienen seguridad social.<\/p>\n\n\n\n<p>Este lunes, en su conferencia de prensa en <strong>Palacio Nacional<\/strong> convoc\u00f3 a cinco mil m\u00e9dicos especialistas jubilados a incorporarse a este plan en el cual mantendr\u00e1n su pensi\u00f3n y recibir\u00e1n adem\u00e1s su sueldo de especialistas.<\/p>\n\n\n\n<p>Adelant\u00f3 que impulsar\u00e1 la estrategia de recontrataci\u00f3n de especialistas que trabajaron para el IMSS, con la cual asegur\u00f3 quedar\u00eda resuelto el problema, incluso si solo la mitad de ellos aceptara.<\/p>\n\n\n\n<blockquote class=\"wp-block-quote is-layout-flow wp-block-quote-is-layout-flow\">\n<p><em>\u201cHay 10 mil especialistas en el pa\u00eds, en el Seguro Social, jubilados que todav\u00eda est\u00e1n en condiciones de dar servicio porque tienen de 55 a 65 a\u00f1os (&#8230;) Entonces \u00bfqu\u00e9 les estamos ofreciendo a esos 10 mil? que van a mantener su pensi\u00f3n y que a parte les damos trabajo y les garantizamos un contrato de cinco a\u00f1os con su sueldo de especialista \u00edntegra\u201d.<\/em><\/p>\n<\/blockquote>\n\n\n\n<p>L\u00f3pez Obrador detall\u00f3 que, adem\u00e1s de ofrecer un contrato a los especialistas, se les dar\u00e1 la opci\u00f3n de no tener que trasladarse sino laborar en su actual residencia. La idea es \u201cque trabajen en sus pueblos\u201d, indic\u00f3.<\/p>\n\n\n\n<h2 class=\"wp-block-heading\">Tambi\u00e9n est\u00e1 garantizado el abasto de medicamentos<\/h2>\n\n\n\n<p>El presidente volvi\u00f3 a insistir que su gobierno ya compr\u00f3 y tiene garantizado el abasto de medicamentos para este y el pr\u00f3ximo a\u00f1o.<\/p>\n\n\n\n<figure class=\"wp-block-embed is-type-rich is-provider-twitter wp-block-embed-twitter\"><div class=\"wp-block-embed__wrapper\">\n<blockquote class=\"twitter-tweet\" data-width=\"550\" data-dnt=\"true\"><p lang=\"es\" dir=\"ltr\">.<a href=\"https:\/\/twitter.com\/lopezobrador_?ref_src=twsrc%5Etfw\">@lopezobrador_<\/a> asegur\u00f3 que \u201chubo una campa\u00f1a en su contra por terminar el monopolio de medicamentos\u201d. \u201cUsaban a los ni\u00f1os con c\u00e1ncer porque no quer\u00edan dejar de robar pero ya logramos comprar todos los medicamentos este a\u00f1o y el pr\u00f3ximo\u201d, afirm\u00f3. <a href=\"https:\/\/t.co\/zG1GVn9qB3\">pic.twitter.com\/zG1GVn9qB3<\/a><\/p>&mdash; Animal Pol\u00edtico (@Pajaropolitico) <a href=\"https:\/\/twitter.com\/Pajaropolitico\/status\/1647984300938129408?ref_src=twsrc%5Etfw\">April 17, 2023<\/a><\/blockquote><script async src=\"https:\/\/platform.twitter.com\/widgets.js\" charset=\"utf-8\"><\/script>\n<\/div><\/figure>\n\n\n\n<p>Con Informaci\u00f3n de <a href=\"http:\/\/cydnoticias.mx\/\">Claro y Directo Mx\u00ae<\/a><\/p>\n","protected":false},"excerpt":{"rendered":"<p>Por: Yeri Gonz\u00e1lez | cydnoticias.mx&nbsp; | Desde Oaxaca, este domingo el presidente Andr\u00e9s Manuel L\u00f3pez Obrador afirm\u00f3 que aunque sus opositores corruptos se r\u00edan de \u00e9l, el sistema de salud p\u00fablica de M\u00e9xico, cuando termine su gobierno&nbsp; ser\u00e1 mejor que el sistema de salud de Dinamarca. Al \u201cpreinaugurar\u201d el hospital Materno Infantil IMSS- Bienestar de [&hellip;]<\/p>\n","protected":false},"author":1,"featured_media":12196,"comment_status":"closed","ping_status":"closed","sticky":false,"template":"","format":"aside","meta":{"googlesitekit_rrm_CAowytPeCw:productID":"","footnotes":""},"categories":[3],"tags":[7,1324,49],"class_list":["post-12195","post","type-post","status-publish","format-aside","has-post-thumbnail","hentry","category-nacional","tag-amlo","tag-dinamarca","tag-salud","post_format-post-format-aside"],"yoast_head":"<!-- This site is optimized with the Yoast SEO plugin v27.4 - https:\/\/yoast.com\/product\/yoast-seo-wordpress\/ -->\n<title>Promete AMLO que servicios de salud ser\u00e1n mejores que los de Dinamarca |<\/title>\n<meta name=\"description\" content=\"Este domingo el presidente Andr\u00e9s Manuel L\u00f3pez Obrador afirm\u00f3 que aunque sus opositores corruptos se r\u00edan de \u00e9l el sistema de salud\" \/>\n<meta name=\"robots\" content=\"index, follow, max-snippet:-1, max-image-preview:large, max-video-preview:-1\" \/>\n<link rel=\"canonical\" href=\"https:\/\/conexionnacional.mx\/index.php\/2023\/04\/17\/promete-amlo-salud-como-dinamarca\/\" \/>\n<meta property=\"og:locale\" content=\"es_MX\" \/>\n<meta property=\"og:type\" content=\"article\" \/>\n<meta property=\"og:title\" content=\"Promete AMLO que servicios de salud ser\u00e1n mejores que los de Dinamarca |\" \/>\n<meta property=\"og:description\" content=\"Este domingo el presidente Andr\u00e9s Manuel L\u00f3pez Obrador afirm\u00f3 que aunque sus opositores corruptos se r\u00edan de \u00e9l el sistema de salud\" \/>\n<meta property=\"og:url\" content=\"https:\/\/conexionnacional.mx\/index.php\/2023\/04\/17\/promete-amlo-salud-como-dinamarca\/\" \/>\n<meta property=\"og:site_name\" content=\"Conexi\u00f3n Nacional\" \/>\n<meta property=\"article:publisher\" content=\"https:\/\/www.facebook.com\/cnmxradio\" \/>\n<meta property=\"article:published_time\" content=\"2023-04-17T16:29:56+00:00\" \/>\n<meta property=\"article:modified_time\" content=\"2023-04-17T16:29:57+00:00\" \/>\n<meta property=\"og:image\" content=\"https:\/\/conexionnacional.mx\/wp-content\/uploads\/2023\/04\/Salud-como-Dinamarca-CN.jpg\" \/>\n\t<meta property=\"og:image:width\" content=\"1000\" \/>\n\t<meta property=\"og:image:height\" content=\"600\" \/>\n\t<meta property=\"og:image:type\" content=\"image\/jpeg\" \/>\n<meta name=\"author\" content=\"Conexi\u00f3n Nacional\" \/>\n<meta name=\"twitter:card\" content=\"summary_large_image\" \/>\n<meta name=\"twitter:label1\" content=\"Escrito por\" \/>\n\t<meta name=\"twitter:data1\" content=\"Conexi\u00f3n Nacional\" \/>\n\t<meta name=\"twitter:label2\" content=\"Tiempo de lectura\" \/>\n\t<meta name=\"twitter:data2\" content=\"2 minutos\" \/>\n<script type=\"application\/ld+json\" class=\"yoast-schema-graph\">{\"@context\":\"https:\\\/\\\/schema.org\",\"@graph\":[{\"@type\":\"Article\",\"@id\":\"https:\\\/\\\/conexionnacional.mx\\\/index.php\\\/2023\\\/04\\\/17\\\/promete-amlo-salud-como-dinamarca\\\/#article\",\"isPartOf\":{\"@id\":\"https:\\\/\\\/conexionnacional.mx\\\/index.php\\\/2023\\\/04\\\/17\\\/promete-amlo-salud-como-dinamarca\\\/\"},\"author\":{\"name\":\"Conexi\u00f3n Nacional\",\"@id\":\"https:\\\/\\\/conexionnacional.mx\\\/#\\\/schema\\\/person\\\/dd14aeda902120f5e0e021903fdb6931\"},\"headline\":\"Promete AMLO que servicios de salud ser\u00e1n mejores que los de Dinamarca\",\"datePublished\":\"2023-04-17T16:29:56+00:00\",\"dateModified\":\"2023-04-17T16:29:57+00:00\",\"mainEntityOfPage\":{\"@id\":\"https:\\\/\\\/conexionnacional.mx\\\/index.php\\\/2023\\\/04\\\/17\\\/promete-amlo-salud-como-dinamarca\\\/\"},\"wordCount\":374,\"publisher\":{\"@id\":\"https:\\\/\\\/conexionnacional.mx\\\/#organization\"},\"image\":{\"@id\":\"https:\\\/\\\/conexionnacional.mx\\\/index.php\\\/2023\\\/04\\\/17\\\/promete-amlo-salud-como-dinamarca\\\/#primaryimage\"},\"thumbnailUrl\":\"https:\\\/\\\/conexionnacional.mx\\\/wp-content\\\/uploads\\\/2023\\\/04\\\/Salud-como-Dinamarca-CN.jpg\",\"keywords\":[\"AMLO\",\"dinamarca\",\"salud\"],\"articleSection\":[\"Nacional\"],\"inLanguage\":\"es\"},{\"@type\":\"WebPage\",\"@id\":\"https:\\\/\\\/conexionnacional.mx\\\/index.php\\\/2023\\\/04\\\/17\\\/promete-amlo-salud-como-dinamarca\\\/\",\"url\":\"https:\\\/\\\/conexionnacional.mx\\\/index.php\\\/2023\\\/04\\\/17\\\/promete-amlo-salud-como-dinamarca\\\/\",\"name\":\"Promete AMLO que servicios de salud ser\u00e1n mejores que los de Dinamarca |\",\"isPartOf\":{\"@id\":\"https:\\\/\\\/conexionnacional.mx\\\/#website\"},\"primaryImageOfPage\":{\"@id\":\"https:\\\/\\\/conexionnacional.mx\\\/index.php\\\/2023\\\/04\\\/17\\\/promete-amlo-salud-como-dinamarca\\\/#primaryimage\"},\"image\":{\"@id\":\"https:\\\/\\\/conexionnacional.mx\\\/index.php\\\/2023\\\/04\\\/17\\\/promete-amlo-salud-como-dinamarca\\\/#primaryimage\"},\"thumbnailUrl\":\"https:\\\/\\\/conexionnacional.mx\\\/wp-content\\\/uploads\\\/2023\\\/04\\\/Salud-como-Dinamarca-CN.jpg\",\"datePublished\":\"2023-04-17T16:29:56+00:00\",\"dateModified\":\"2023-04-17T16:29:57+00:00\",\"description\":\"Este domingo el presidente Andr\u00e9s Manuel L\u00f3pez Obrador afirm\u00f3 que aunque sus opositores corruptos se r\u00edan de \u00e9l el sistema de salud\",\"breadcrumb\":{\"@id\":\"https:\\\/\\\/conexionnacional.mx\\\/index.php\\\/2023\\\/04\\\/17\\\/promete-amlo-salud-como-dinamarca\\\/#breadcrumb\"},\"inLanguage\":\"es\",\"potentialAction\":[{\"@type\":\"ReadAction\",\"target\":[\"https:\\\/\\\/conexionnacional.mx\\\/index.php\\\/2023\\\/04\\\/17\\\/promete-amlo-salud-como-dinamarca\\\/\"]}]},{\"@type\":\"ImageObject\",\"inLanguage\":\"es\",\"@id\":\"https:\\\/\\\/conexionnacional.mx\\\/index.php\\\/2023\\\/04\\\/17\\\/promete-amlo-salud-como-dinamarca\\\/#primaryimage\",\"url\":\"https:\\\/\\\/conexionnacional.mx\\\/wp-content\\\/uploads\\\/2023\\\/04\\\/Salud-como-Dinamarca-CN.jpg\",\"contentUrl\":\"https:\\\/\\\/conexionnacional.mx\\\/wp-content\\\/uploads\\\/2023\\\/04\\\/Salud-como-Dinamarca-CN.jpg\",\"width\":1000,\"height\":600,\"caption\":\"Promete AMLO que servicios de salud ser\u00e1n mejores que los de Dinamarca\"},{\"@type\":\"BreadcrumbList\",\"@id\":\"https:\\\/\\\/conexionnacional.mx\\\/index.php\\\/2023\\\/04\\\/17\\\/promete-amlo-salud-como-dinamarca\\\/#breadcrumb\",\"itemListElement\":[{\"@type\":\"ListItem\",\"position\":1,\"name\":\"Inicio\",\"item\":\"https:\\\/\\\/conexionnacional.mx\\\/\"},{\"@type\":\"ListItem\",\"position\":2,\"name\":\"Promete AMLO que servicios de salud ser\u00e1n mejores que los de Dinamarca\"}]},{\"@type\":\"WebSite\",\"@id\":\"https:\\\/\\\/conexionnacional.mx\\\/#website\",\"url\":\"https:\\\/\\\/conexionnacional.mx\\\/\",\"name\":\"Conexi\u00f3n Nacional\",\"description\":\"Noticias al momento\",\"publisher\":{\"@id\":\"https:\\\/\\\/conexionnacional.mx\\\/#organization\"},\"alternateName\":\"Noticias nacionales\",\"potentialAction\":[{\"@type\":\"SearchAction\",\"target\":{\"@type\":\"EntryPoint\",\"urlTemplate\":\"https:\\\/\\\/conexionnacional.mx\\\/?s={search_term_string}\"},\"query-input\":{\"@type\":\"PropertyValueSpecification\",\"valueRequired\":true,\"valueName\":\"search_term_string\"}}],\"inLanguage\":\"es\"},{\"@type\":\"Organization\",\"@id\":\"https:\\\/\\\/conexionnacional.mx\\\/#organization\",\"name\":\"Conexi\u00f3n Nacional\",\"url\":\"https:\\\/\\\/conexionnacional.mx\\\/\",\"logo\":{\"@type\":\"ImageObject\",\"inLanguage\":\"es\",\"@id\":\"https:\\\/\\\/conexionnacional.mx\\\/#\\\/schema\\\/logo\\\/image\\\/\",\"url\":\"https:\\\/\\\/conexionnacional.mx\\\/wp-content\\\/uploads\\\/2022\\\/09\\\/conexion_nacional.png\",\"contentUrl\":\"https:\\\/\\\/conexionnacional.mx\\\/wp-content\\\/uploads\\\/2022\\\/09\\\/conexion_nacional.png\",\"width\":2964,\"height\":1173,\"caption\":\"Conexi\u00f3n Nacional\"},\"image\":{\"@id\":\"https:\\\/\\\/conexionnacional.mx\\\/#\\\/schema\\\/logo\\\/image\\\/\"},\"sameAs\":[\"https:\\\/\\\/www.facebook.com\\\/cnmxradio\"]},{\"@type\":\"Person\",\"@id\":\"https:\\\/\\\/conexionnacional.mx\\\/#\\\/schema\\\/person\\\/dd14aeda902120f5e0e021903fdb6931\",\"name\":\"Conexi\u00f3n Nacional\",\"image\":{\"@type\":\"ImageObject\",\"inLanguage\":\"es\",\"@id\":\"https:\\\/\\\/secure.gravatar.com\\\/avatar\\\/e523100f284110b2ecca7e17b2be9cf140a5e8f35294c9ec0543e6916cc1f9be?s=96&d=blank&r=g\",\"url\":\"https:\\\/\\\/secure.gravatar.com\\\/avatar\\\/e523100f284110b2ecca7e17b2be9cf140a5e8f35294c9ec0543e6916cc1f9be?s=96&d=blank&r=g\",\"contentUrl\":\"https:\\\/\\\/secure.gravatar.com\\\/avatar\\\/e523100f284110b2ecca7e17b2be9cf140a5e8f35294c9ec0543e6916cc1f9be?s=96&d=blank&r=g\",\"caption\":\"Conexi\u00f3n Nacional\"},\"sameAs\":[\"https:\\\/\\\/conexionnacional.mx\"],\"url\":\"https:\\\/\\\/conexionnacional.mx\\\/index.php\\\/author\\\/administrador\\\/\"}]}<\/script>\n<!-- \/ Yoast SEO plugin. -->","yoast_head_json":{"title":"Promete AMLO que servicios de salud ser\u00e1n mejores que los de Dinamarca |","description":"Este domingo el presidente Andr\u00e9s Manuel L\u00f3pez Obrador afirm\u00f3 que aunque sus opositores corruptos se r\u00edan de \u00e9l el sistema de salud","robots":{"index":"index","follow":"follow","max-snippet":"max-snippet:-1","max-image-preview":"max-image-preview:large","max-video-preview":"max-video-preview:-1"},"canonical":"https:\/\/conexionnacional.mx\/index.php\/2023\/04\/17\/promete-amlo-salud-como-dinamarca\/","og_locale":"es_MX","og_type":"article","og_title":"Promete AMLO que servicios de salud ser\u00e1n mejores que los de Dinamarca |","og_description":"Este domingo el presidente Andr\u00e9s Manuel L\u00f3pez Obrador afirm\u00f3 que aunque sus opositores corruptos se r\u00edan de \u00e9l el sistema de salud","og_url":"https:\/\/conexionnacional.mx\/index.php\/2023\/04\/17\/promete-amlo-salud-como-dinamarca\/","og_site_name":"Conexi\u00f3n Nacional","article_publisher":"https:\/\/www.facebook.com\/cnmxradio","article_published_time":"2023-04-17T16:29:56+00:00","article_modified_time":"2023-04-17T16:29:57+00:00","og_image":[{"width":1000,"height":600,"url":"https:\/\/conexionnacional.mx\/wp-content\/uploads\/2023\/04\/Salud-como-Dinamarca-CN.jpg","type":"image\/jpeg"}],"author":"Conexi\u00f3n Nacional","twitter_card":"summary_large_image","twitter_misc":{"Escrito por":"Conexi\u00f3n Nacional","Tiempo de lectura":"2 minutos"},"schema":{"@context":"https:\/\/schema.org","@graph":[{"@type":"Article","@id":"https:\/\/conexionnacional.mx\/index.php\/2023\/04\/17\/promete-amlo-salud-como-dinamarca\/#article","isPartOf":{"@id":"https:\/\/conexionnacional.mx\/index.php\/2023\/04\/17\/promete-amlo-salud-como-dinamarca\/"},"author":{"name":"Conexi\u00f3n Nacional","@id":"https:\/\/conexionnacional.mx\/#\/schema\/person\/dd14aeda902120f5e0e021903fdb6931"},"headline":"Promete AMLO que servicios de salud ser\u00e1n mejores que los de Dinamarca","datePublished":"2023-04-17T16:29:56+00:00","dateModified":"2023-04-17T16:29:57+00:00","mainEntityOfPage":{"@id":"https:\/\/conexionnacional.mx\/index.php\/2023\/04\/17\/promete-amlo-salud-como-dinamarca\/"},"wordCount":374,"publisher":{"@id":"https:\/\/conexionnacional.mx\/#organization"},"image":{"@id":"https:\/\/conexionnacional.mx\/index.php\/2023\/04\/17\/promete-amlo-salud-como-dinamarca\/#primaryimage"},"thumbnailUrl":"https:\/\/conexionnacional.mx\/wp-content\/uploads\/2023\/04\/Salud-como-Dinamarca-CN.jpg","keywords":["AMLO","dinamarca","salud"],"articleSection":["Nacional"],"inLanguage":"es"},{"@type":"WebPage","@id":"https:\/\/conexionnacional.mx\/index.php\/2023\/04\/17\/promete-amlo-salud-como-dinamarca\/","url":"https:\/\/conexionnacional.mx\/index.php\/2023\/04\/17\/promete-amlo-salud-como-dinamarca\/","name":"Promete AMLO que servicios de salud ser\u00e1n mejores que los de Dinamarca |","isPartOf":{"@id":"https:\/\/conexionnacional.mx\/#website"},"primaryImageOfPage":{"@id":"https:\/\/conexionnacional.mx\/index.php\/2023\/04\/17\/promete-amlo-salud-como-dinamarca\/#primaryimage"},"image":{"@id":"https:\/\/conexionnacional.mx\/index.php\/2023\/04\/17\/promete-amlo-salud-como-dinamarca\/#primaryimage"},"thumbnailUrl":"https:\/\/conexionnacional.mx\/wp-content\/uploads\/2023\/04\/Salud-como-Dinamarca-CN.jpg","datePublished":"2023-04-17T16:29:56+00:00","dateModified":"2023-04-17T16:29:57+00:00","description":"Este domingo el presidente Andr\u00e9s Manuel L\u00f3pez Obrador afirm\u00f3 que aunque sus opositores corruptos se r\u00edan de \u00e9l el sistema de salud","breadcrumb":{"@id":"https:\/\/conexionnacional.mx\/index.php\/2023\/04\/17\/promete-amlo-salud-como-dinamarca\/#breadcrumb"},"inLanguage":"es","potentialAction":[{"@type":"ReadAction","target":["https:\/\/conexionnacional.mx\/index.php\/2023\/04\/17\/promete-amlo-salud-como-dinamarca\/"]}]},{"@type":"ImageObject","inLanguage":"es","@id":"https:\/\/conexionnacional.mx\/index.php\/2023\/04\/17\/promete-amlo-salud-como-dinamarca\/#primaryimage","url":"https:\/\/conexionnacional.mx\/wp-content\/uploads\/2023\/04\/Salud-como-Dinamarca-CN.jpg","contentUrl":"https:\/\/conexionnacional.mx\/wp-content\/uploads\/2023\/04\/Salud-como-Dinamarca-CN.jpg","width":1000,"height":600,"caption":"Promete AMLO que servicios de salud ser\u00e1n mejores que los de Dinamarca"},{"@type":"BreadcrumbList","@id":"https:\/\/conexionnacional.mx\/index.php\/2023\/04\/17\/promete-amlo-salud-como-dinamarca\/#breadcrumb","itemListElement":[{"@type":"ListItem","position":1,"name":"Inicio","item":"https:\/\/conexionnacional.mx\/"},{"@type":"ListItem","position":2,"name":"Promete AMLO que servicios de salud ser\u00e1n mejores que los de Dinamarca"}]},{"@type":"WebSite","@id":"https:\/\/conexionnacional.mx\/#website","url":"https:\/\/conexionnacional.mx\/","name":"Conexi\u00f3n Nacional","description":"Noticias al momento","publisher":{"@id":"https:\/\/conexionnacional.mx\/#organization"},"alternateName":"Noticias nacionales","potentialAction":[{"@type":"SearchAction","target":{"@type":"EntryPoint","urlTemplate":"https:\/\/conexionnacional.mx\/?s={search_term_string}"},"query-input":{"@type":"PropertyValueSpecification","valueRequired":true,"valueName":"search_term_string"}}],"inLanguage":"es"},{"@type":"Organization","@id":"https:\/\/conexionnacional.mx\/#organization","name":"Conexi\u00f3n Nacional","url":"https:\/\/conexionnacional.mx\/","logo":{"@type":"ImageObject","inLanguage":"es","@id":"https:\/\/conexionnacional.mx\/#\/schema\/logo\/image\/","url":"https:\/\/conexionnacional.mx\/wp-content\/uploads\/2022\/09\/conexion_nacional.png","contentUrl":"https:\/\/conexionnacional.mx\/wp-content\/uploads\/2022\/09\/conexion_nacional.png","width":2964,"height":1173,"caption":"Conexi\u00f3n Nacional"},"image":{"@id":"https:\/\/conexionnacional.mx\/#\/schema\/logo\/image\/"},"sameAs":["https:\/\/www.facebook.com\/cnmxradio"]},{"@type":"Person","@id":"https:\/\/conexionnacional.mx\/#\/schema\/person\/dd14aeda902120f5e0e021903fdb6931","name":"Conexi\u00f3n Nacional","image":{"@type":"ImageObject","inLanguage":"es","@id":"https:\/\/secure.gravatar.com\/avatar\/e523100f284110b2ecca7e17b2be9cf140a5e8f35294c9ec0543e6916cc1f9be?s=96&d=blank&r=g","url":"https:\/\/secure.gravatar.com\/avatar\/e523100f284110b2ecca7e17b2be9cf140a5e8f35294c9ec0543e6916cc1f9be?s=96&d=blank&r=g","contentUrl":"https:\/\/secure.gravatar.com\/avatar\/e523100f284110b2ecca7e17b2be9cf140a5e8f35294c9ec0543e6916cc1f9be?s=96&d=blank&r=g","caption":"Conexi\u00f3n Nacional"},"sameAs":["https:\/\/conexionnacional.mx"],"url":"https:\/\/conexionnacional.mx\/index.php\/author\/administrador\/"}]}},"_links":{"self":[{"href":"https:\/\/conexionnacional.mx\/index.php\/wp-json\/wp\/v2\/posts\/12195","targetHints":{"allow":["GET"]}}],"collection":[{"href":"https:\/\/conexionnacional.mx\/index.php\/wp-json\/wp\/v2\/posts"}],"about":[{"href":"https:\/\/conexionnacional.mx\/index.php\/wp-json\/wp\/v2\/types\/post"}],"author":[{"embeddable":true,"href":"https:\/\/conexionnacional.mx\/index.php\/wp-json\/wp\/v2\/users\/1"}],"replies":[{"embeddable":true,"href":"https:\/\/conexionnacional.mx\/index.php\/wp-json\/wp\/v2\/comments?post=12195"}],"version-history":[{"count":1,"href":"https:\/\/conexionnacional.mx\/index.php\/wp-json\/wp\/v2\/posts\/12195\/revisions"}],"predecessor-version":[{"id":12197,"href":"https:\/\/conexionnacional.mx\/index.php\/wp-json\/wp\/v2\/posts\/12195\/revisions\/12197"}],"wp:featuredmedia":[{"embeddable":true,"href":"https:\/\/conexionnacional.mx\/index.php\/wp-json\/wp\/v2\/media\/12196"}],"wp:attachment":[{"href":"https:\/\/conexionnacional.mx\/index.php\/wp-json\/wp\/v2\/media?parent=12195"}],"wp:term":[{"taxonomy":"category","embeddable":true,"href":"https:\/\/conexionnacional.mx\/index.php\/wp-json\/wp\/v2\/categories?post=12195"},{"taxonomy":"post_tag","embeddable":true,"href":"https:\/\/conexionnacional.mx\/index.php\/wp-json\/wp\/v2\/tags?post=12195"}],"curies":[{"name":"wp","href":"https:\/\/api.w.org\/{rel}","templated":true}]}}