{"id":11984,"date":"2023-04-05T11:27:32","date_gmt":"2023-04-05T16:27:32","guid":{"rendered":"https:\/\/conexionnacional.mx\/?p=11984"},"modified":"2023-04-05T11:27:32","modified_gmt":"2023-04-05T16:27:32","slug":"rump-insiste-que-es-un-perseguido-politico","status":"publish","type":"post","link":"https:\/\/conexionnacional.mx\/index.php\/2023\/04\/05\/rump-insiste-que-es-un-perseguido-politico\/","title":{"rendered":"Trump insiste que es un perseguido pol\u00edtico y niega haber cometido delitos"},"content":{"rendered":"\n<p>Por: <a href=\"https:\/\/www.cydnoticias.mx\/2023\/04\/05\/trump-insiste-que-es-un-perseguido-politico\/\">Yeri Gonz\u00e1lez | cydnoticias.mx<\/a>&nbsp; |<\/p>\n\n\n\n<p><strong>Donald Trump<\/strong>, expresidente de los<strong> Estados Unidos<\/strong>, acus\u00f3 espionaje en su contra luego de comparecer ante <strong>Nueva York<\/strong> por los 34 cargos por los que <strong>fue acusado<\/strong>.<\/p>\n\n\n\n<p>El ex presidente republicacno, que se ha convertido desde ahora en el primero en ser procesado por cargos criminales, asegur\u00f3 que \u00e9l no ha cometido ning\u00fan delito.&nbsp;<\/p>\n\n\n\n<figure class=\"wp-block-embed is-type-rich is-provider-twitter wp-block-embed-twitter\"><div class=\"wp-block-embed__wrapper\">\n<blockquote class=\"twitter-tweet\" data-width=\"550\" data-dnt=\"true\"><p lang=\"es\" dir=\"ltr\">\ud83c\uddfa\ud83c\uddf8| Trump: &quot;El \u00fanico crimen que he cometido es defender sin miedo a nuestra naci\u00f3n de aquellos que buscan destruirla&quot;. <a href=\"https:\/\/t.co\/2tFMLbR5uW\">pic.twitter.com\/2tFMLbR5uW<\/a><\/p>&mdash; Emmanuel Rinc\u00f3n (@EmmaRincon) <a href=\"https:\/\/twitter.com\/EmmaRincon\/status\/1643425256462336005?ref_src=twsrc%5Etfw\">April 5, 2023<\/a><\/blockquote><script async src=\"https:\/\/platform.twitter.com\/widgets.js\" charset=\"utf-8\"><\/script>\n<\/div><\/figure>\n\n\n\n<p>En conferencia de prensa desde su mansi\u00f3n en <strong>Mar-a-Lago<\/strong>, en <strong>Palm Beach, Florida<\/strong>, el ex mandatario estadounidense asegur\u00f3 que este es un hecho hist\u00f3rico en la vida de Estados Unidos y que <em>&#8220;nunca pens\u00f3&#8221;<\/em> que podr\u00eda ocurrir.<\/p>\n\n\n\n<p><em>&#8220;Ellos me atacaron con unas investigaciones. Tambi\u00e9n me investigaron ilegal e inconstitucionalmente. El FBI cuando vino al Mar-a-Lago (&#8230;) estuvo coludido para no decir nada&#8221;, declar\u00f3 desde su residencia en Mar-a-Lago.<\/em><\/p>\n\n\n\n<p>Los cargos se derivan de una remuneraci\u00f3n que Trump habr\u00eda dado al &#8220;Abogado A&#8221; los d\u00edas previos a las elecciones de 2016. Este \u00faltimo le habr\u00eda pagado US$130.000 a la &#8220;Mujer 2&#8221; para que no dijera p\u00fablicamente que tuvo una supuesta relaci\u00f3n extramarital con el expresidente hace unos a\u00f1os.<\/p>\n\n\n\n<p>Aunque sus identidades no fueron reveladas, los hechos indicar\u00edan que el abogado es el representante legal y mediador del expresidente Michael Cohen, mientras que la mujer es la estrella de cine para adultos Stormy Daniels.<\/p>\n\n\n\n<p>Trump enfrenta 34 cargos por supuesta falsificaci\u00f3n de registros comerciales.<\/p>\n\n\n\n<p>Son delitos que denotan cr\u00edmenes graves y, si fuese hallado culpable y se dictara la m\u00e1xima sentencia, podr\u00edan implicar tiempo en prisi\u00f3n.<\/p>\n\n\n\n<p>La acusaci\u00f3n formal alega que Trump falsific\u00f3 registros de cheques y asientos contables durante 11 meses en 2017, para que pareciera que esos pagos eran &#8220;honorarios legales&#8221; y no reembolsos por el dinero que Cohen habr\u00eda entregado a la actriz porno Stormy Daniels.<\/p>\n\n\n\n<p>Tambi\u00e9n indica que el monto total proporcionado a Cohen super\u00f3 la cifra que pag\u00f3 a Stormy Daniels para compensar los pagos de impuestos.<\/p>\n\n\n\n<p>Donald Trump acus\u00f3 que las elecciones contra Joe Biden hicieron ver a Estados Unidos como un pa\u00eds &#8220;de tercer mundo&#8221;, empezando por la persecuci\u00f3n pol\u00edtica en su contra, la cual es parte de una campa\u00f1a pol\u00edtica para este a\u00f1o, asegur\u00f3.<\/p>\n\n\n\n<figure class=\"wp-block-embed is-type-rich is-provider-twitter wp-block-embed-twitter\"><div class=\"wp-block-embed__wrapper\">\n<blockquote class=\"twitter-tweet\" data-width=\"550\" data-dnt=\"true\"><p lang=\"es\" dir=\"ltr\">\ud83c\uddfa\ud83c\uddf8 | Trump: &quot;Si tomas a los 5 peores presidentes de la historia de Estados Unidos y los sumaras, no habr\u00edan hecho ni de cerca la destrucci\u00f3n que Joe Biden y la administraci\u00f3n Biden han hecho a nuestro pa\u00eds&quot;.<a href=\"https:\/\/t.co\/iCNHKbLcyK\">pic.twitter.com\/iCNHKbLcyK<\/a><\/p>&mdash; Emmanuel Rinc\u00f3n (@EmmaRincon) <a href=\"https:\/\/twitter.com\/EmmaRincon\/status\/1643424248118013953?ref_src=twsrc%5Etfw\">April 5, 2023<\/a><\/blockquote><script async src=\"https:\/\/platform.twitter.com\/widgets.js\" charset=\"utf-8\"><\/script>\n<\/div><\/figure>\n\n\n\n<p>Con Informaci\u00f3n de <a href=\"http:\/\/cydnoticias.mx\/\">Claro y Directo Mx\u00ae<\/a><\/p>\n","protected":false},"excerpt":{"rendered":"<p>Por: Yeri Gonz\u00e1lez | cydnoticias.mx&nbsp; | Donald Trump, expresidente de los Estados Unidos, acus\u00f3 espionaje en su contra luego de comparecer ante Nueva York por los 34 cargos por los que fue acusado. El ex presidente republicacno, que se ha convertido desde ahora en el primero en ser procesado por cargos criminales, asegur\u00f3 que \u00e9l [&hellip;]<\/p>\n","protected":false},"author":1,"featured_media":11985,"comment_status":"closed","ping_status":"closed","sticky":false,"template":"","format":"aside","meta":{"googlesitekit_rrm_CAowytPeCw:productID":"","footnotes":""},"categories":[8],"tags":[482,35,1973,2508],"class_list":["post-11984","post","type-post","status-publish","format-aside","has-post-thumbnail","hentry","category-internacional","tag-espionaje","tag-estados-unidos","tag-nueva-york","tag-trump","post_format-post-format-aside"],"yoast_head":"<!-- This site is optimized with the Yoast SEO plugin v27.5 - https:\/\/yoast.com\/product\/yoast-seo-wordpress\/ -->\n<title>Trump insiste que es un perseguido pol\u00edtico y niega haber cometido delitos |<\/title>\n<meta name=\"description\" content=\"Donald Trump, expresidente de los Estados Unidos, acus\u00f3 espionaje en su contra luego de comparecer ante Nueva York por los 34 cargos...\" \/>\n<meta name=\"robots\" content=\"index, follow, max-snippet:-1, max-image-preview:large, max-video-preview:-1\" \/>\n<link rel=\"canonical\" href=\"https:\/\/conexionnacional.mx\/index.php\/2023\/04\/05\/rump-insiste-que-es-un-perseguido-politico\/\" \/>\n<meta property=\"og:locale\" content=\"es_MX\" \/>\n<meta property=\"og:type\" content=\"article\" \/>\n<meta property=\"og:title\" content=\"Trump insiste que es un perseguido pol\u00edtico y niega haber cometido delitos |\" \/>\n<meta property=\"og:description\" content=\"Donald Trump, expresidente de los Estados Unidos, acus\u00f3 espionaje en su contra luego de comparecer ante Nueva York por los 34 cargos...\" \/>\n<meta property=\"og:url\" content=\"https:\/\/conexionnacional.mx\/index.php\/2023\/04\/05\/rump-insiste-que-es-un-perseguido-politico\/\" \/>\n<meta property=\"og:site_name\" content=\"Conexi\u00f3n Nacional\" \/>\n<meta property=\"article:publisher\" content=\"https:\/\/www.facebook.com\/cnmxradio\" \/>\n<meta property=\"article:published_time\" content=\"2023-04-05T16:27:32+00:00\" \/>\n<meta property=\"og:image\" content=\"https:\/\/conexionnacional.mx\/wp-content\/uploads\/2023\/04\/Trump-CN.jpg\" \/>\n\t<meta property=\"og:image:width\" content=\"1000\" \/>\n\t<meta property=\"og:image:height\" content=\"600\" \/>\n\t<meta property=\"og:image:type\" content=\"image\/jpeg\" \/>\n<meta name=\"author\" content=\"Conexi\u00f3n Nacional\" \/>\n<meta name=\"twitter:card\" content=\"summary_large_image\" \/>\n<meta name=\"twitter:label1\" content=\"Escrito por\" \/>\n\t<meta name=\"twitter:data1\" content=\"Conexi\u00f3n Nacional\" \/>\n\t<meta name=\"twitter:label2\" content=\"Tiempo de lectura\" \/>\n\t<meta name=\"twitter:data2\" content=\"2 minutos\" \/>\n<script type=\"application\/ld+json\" class=\"yoast-schema-graph\">{\"@context\":\"https:\\\/\\\/schema.org\",\"@graph\":[{\"@type\":\"Article\",\"@id\":\"https:\\\/\\\/conexionnacional.mx\\\/index.php\\\/2023\\\/04\\\/05\\\/rump-insiste-que-es-un-perseguido-politico\\\/#article\",\"isPartOf\":{\"@id\":\"https:\\\/\\\/conexionnacional.mx\\\/index.php\\\/2023\\\/04\\\/05\\\/rump-insiste-que-es-un-perseguido-politico\\\/\"},\"author\":{\"name\":\"Conexi\u00f3n Nacional\",\"@id\":\"https:\\\/\\\/conexionnacional.mx\\\/#\\\/schema\\\/person\\\/dd14aeda902120f5e0e021903fdb6931\"},\"headline\":\"Trump insiste que es un perseguido pol\u00edtico y niega haber cometido delitos\",\"datePublished\":\"2023-04-05T16:27:32+00:00\",\"mainEntityOfPage\":{\"@id\":\"https:\\\/\\\/conexionnacional.mx\\\/index.php\\\/2023\\\/04\\\/05\\\/rump-insiste-que-es-un-perseguido-politico\\\/\"},\"wordCount\":405,\"publisher\":{\"@id\":\"https:\\\/\\\/conexionnacional.mx\\\/#organization\"},\"image\":{\"@id\":\"https:\\\/\\\/conexionnacional.mx\\\/index.php\\\/2023\\\/04\\\/05\\\/rump-insiste-que-es-un-perseguido-politico\\\/#primaryimage\"},\"thumbnailUrl\":\"https:\\\/\\\/conexionnacional.mx\\\/wp-content\\\/uploads\\\/2023\\\/04\\\/Trump-CN.jpg\",\"keywords\":[\"espionaje\",\"Estados Unidos\",\"Nueva York\",\"Trump\"],\"articleSection\":[\"Internacional\"],\"inLanguage\":\"es\"},{\"@type\":\"WebPage\",\"@id\":\"https:\\\/\\\/conexionnacional.mx\\\/index.php\\\/2023\\\/04\\\/05\\\/rump-insiste-que-es-un-perseguido-politico\\\/\",\"url\":\"https:\\\/\\\/conexionnacional.mx\\\/index.php\\\/2023\\\/04\\\/05\\\/rump-insiste-que-es-un-perseguido-politico\\\/\",\"name\":\"Trump insiste que es un perseguido pol\u00edtico y niega haber cometido delitos |\",\"isPartOf\":{\"@id\":\"https:\\\/\\\/conexionnacional.mx\\\/#website\"},\"primaryImageOfPage\":{\"@id\":\"https:\\\/\\\/conexionnacional.mx\\\/index.php\\\/2023\\\/04\\\/05\\\/rump-insiste-que-es-un-perseguido-politico\\\/#primaryimage\"},\"image\":{\"@id\":\"https:\\\/\\\/conexionnacional.mx\\\/index.php\\\/2023\\\/04\\\/05\\\/rump-insiste-que-es-un-perseguido-politico\\\/#primaryimage\"},\"thumbnailUrl\":\"https:\\\/\\\/conexionnacional.mx\\\/wp-content\\\/uploads\\\/2023\\\/04\\\/Trump-CN.jpg\",\"datePublished\":\"2023-04-05T16:27:32+00:00\",\"description\":\"Donald Trump, expresidente de los Estados Unidos, acus\u00f3 espionaje en su contra luego de comparecer ante Nueva York por los 34 cargos...\",\"breadcrumb\":{\"@id\":\"https:\\\/\\\/conexionnacional.mx\\\/index.php\\\/2023\\\/04\\\/05\\\/rump-insiste-que-es-un-perseguido-politico\\\/#breadcrumb\"},\"inLanguage\":\"es\",\"potentialAction\":[{\"@type\":\"ReadAction\",\"target\":[\"https:\\\/\\\/conexionnacional.mx\\\/index.php\\\/2023\\\/04\\\/05\\\/rump-insiste-que-es-un-perseguido-politico\\\/\"]}]},{\"@type\":\"ImageObject\",\"inLanguage\":\"es\",\"@id\":\"https:\\\/\\\/conexionnacional.mx\\\/index.php\\\/2023\\\/04\\\/05\\\/rump-insiste-que-es-un-perseguido-politico\\\/#primaryimage\",\"url\":\"https:\\\/\\\/conexionnacional.mx\\\/wp-content\\\/uploads\\\/2023\\\/04\\\/Trump-CN.jpg\",\"contentUrl\":\"https:\\\/\\\/conexionnacional.mx\\\/wp-content\\\/uploads\\\/2023\\\/04\\\/Trump-CN.jpg\",\"width\":1000,\"height\":600,\"caption\":\"Trump insiste que es un perseguido pol\u00edtico y niega haber cometido delitos\"},{\"@type\":\"BreadcrumbList\",\"@id\":\"https:\\\/\\\/conexionnacional.mx\\\/index.php\\\/2023\\\/04\\\/05\\\/rump-insiste-que-es-un-perseguido-politico\\\/#breadcrumb\",\"itemListElement\":[{\"@type\":\"ListItem\",\"position\":1,\"name\":\"Inicio\",\"item\":\"https:\\\/\\\/conexionnacional.mx\\\/\"},{\"@type\":\"ListItem\",\"position\":2,\"name\":\"Trump insiste que es un perseguido pol\u00edtico y niega haber cometido delitos\"}]},{\"@type\":\"WebSite\",\"@id\":\"https:\\\/\\\/conexionnacional.mx\\\/#website\",\"url\":\"https:\\\/\\\/conexionnacional.mx\\\/\",\"name\":\"Conexi\u00f3n Nacional\",\"description\":\"Noticias al momento\",\"publisher\":{\"@id\":\"https:\\\/\\\/conexionnacional.mx\\\/#organization\"},\"alternateName\":\"Noticias nacionales\",\"potentialAction\":[{\"@type\":\"SearchAction\",\"target\":{\"@type\":\"EntryPoint\",\"urlTemplate\":\"https:\\\/\\\/conexionnacional.mx\\\/?s={search_term_string}\"},\"query-input\":{\"@type\":\"PropertyValueSpecification\",\"valueRequired\":true,\"valueName\":\"search_term_string\"}}],\"inLanguage\":\"es\"},{\"@type\":\"Organization\",\"@id\":\"https:\\\/\\\/conexionnacional.mx\\\/#organization\",\"name\":\"Conexi\u00f3n Nacional\",\"url\":\"https:\\\/\\\/conexionnacional.mx\\\/\",\"logo\":{\"@type\":\"ImageObject\",\"inLanguage\":\"es\",\"@id\":\"https:\\\/\\\/conexionnacional.mx\\\/#\\\/schema\\\/logo\\\/image\\\/\",\"url\":\"https:\\\/\\\/conexionnacional.mx\\\/wp-content\\\/uploads\\\/2022\\\/09\\\/conexion_nacional.png\",\"contentUrl\":\"https:\\\/\\\/conexionnacional.mx\\\/wp-content\\\/uploads\\\/2022\\\/09\\\/conexion_nacional.png\",\"width\":2964,\"height\":1173,\"caption\":\"Conexi\u00f3n Nacional\"},\"image\":{\"@id\":\"https:\\\/\\\/conexionnacional.mx\\\/#\\\/schema\\\/logo\\\/image\\\/\"},\"sameAs\":[\"https:\\\/\\\/www.facebook.com\\\/cnmxradio\"]},{\"@type\":\"Person\",\"@id\":\"https:\\\/\\\/conexionnacional.mx\\\/#\\\/schema\\\/person\\\/dd14aeda902120f5e0e021903fdb6931\",\"name\":\"Conexi\u00f3n Nacional\",\"image\":{\"@type\":\"ImageObject\",\"inLanguage\":\"es\",\"@id\":\"https:\\\/\\\/secure.gravatar.com\\\/avatar\\\/e523100f284110b2ecca7e17b2be9cf140a5e8f35294c9ec0543e6916cc1f9be?s=96&d=blank&r=g\",\"url\":\"https:\\\/\\\/secure.gravatar.com\\\/avatar\\\/e523100f284110b2ecca7e17b2be9cf140a5e8f35294c9ec0543e6916cc1f9be?s=96&d=blank&r=g\",\"contentUrl\":\"https:\\\/\\\/secure.gravatar.com\\\/avatar\\\/e523100f284110b2ecca7e17b2be9cf140a5e8f35294c9ec0543e6916cc1f9be?s=96&d=blank&r=g\",\"caption\":\"Conexi\u00f3n Nacional\"},\"sameAs\":[\"https:\\\/\\\/conexionnacional.mx\"],\"url\":\"https:\\\/\\\/conexionnacional.mx\\\/index.php\\\/author\\\/administrador\\\/\"}]}<\/script>\n<!-- \/ Yoast SEO plugin. -->","yoast_head_json":{"title":"Trump insiste que es un perseguido pol\u00edtico y niega haber cometido delitos |","description":"Donald Trump, expresidente de los Estados Unidos, acus\u00f3 espionaje en su contra luego de comparecer ante Nueva York por los 34 cargos...","robots":{"index":"index","follow":"follow","max-snippet":"max-snippet:-1","max-image-preview":"max-image-preview:large","max-video-preview":"max-video-preview:-1"},"canonical":"https:\/\/conexionnacional.mx\/index.php\/2023\/04\/05\/rump-insiste-que-es-un-perseguido-politico\/","og_locale":"es_MX","og_type":"article","og_title":"Trump insiste que es un perseguido pol\u00edtico y niega haber cometido delitos |","og_description":"Donald Trump, expresidente de los Estados Unidos, acus\u00f3 espionaje en su contra luego de comparecer ante Nueva York por los 34 cargos...","og_url":"https:\/\/conexionnacional.mx\/index.php\/2023\/04\/05\/rump-insiste-que-es-un-perseguido-politico\/","og_site_name":"Conexi\u00f3n Nacional","article_publisher":"https:\/\/www.facebook.com\/cnmxradio","article_published_time":"2023-04-05T16:27:32+00:00","og_image":[{"width":1000,"height":600,"url":"https:\/\/conexionnacional.mx\/wp-content\/uploads\/2023\/04\/Trump-CN.jpg","type":"image\/jpeg"}],"author":"Conexi\u00f3n Nacional","twitter_card":"summary_large_image","twitter_misc":{"Escrito por":"Conexi\u00f3n Nacional","Tiempo de lectura":"2 minutos"},"schema":{"@context":"https:\/\/schema.org","@graph":[{"@type":"Article","@id":"https:\/\/conexionnacional.mx\/index.php\/2023\/04\/05\/rump-insiste-que-es-un-perseguido-politico\/#article","isPartOf":{"@id":"https:\/\/conexionnacional.mx\/index.php\/2023\/04\/05\/rump-insiste-que-es-un-perseguido-politico\/"},"author":{"name":"Conexi\u00f3n Nacional","@id":"https:\/\/conexionnacional.mx\/#\/schema\/person\/dd14aeda902120f5e0e021903fdb6931"},"headline":"Trump insiste que es un perseguido pol\u00edtico y niega haber cometido delitos","datePublished":"2023-04-05T16:27:32+00:00","mainEntityOfPage":{"@id":"https:\/\/conexionnacional.mx\/index.php\/2023\/04\/05\/rump-insiste-que-es-un-perseguido-politico\/"},"wordCount":405,"publisher":{"@id":"https:\/\/conexionnacional.mx\/#organization"},"image":{"@id":"https:\/\/conexionnacional.mx\/index.php\/2023\/04\/05\/rump-insiste-que-es-un-perseguido-politico\/#primaryimage"},"thumbnailUrl":"https:\/\/conexionnacional.mx\/wp-content\/uploads\/2023\/04\/Trump-CN.jpg","keywords":["espionaje","Estados Unidos","Nueva York","Trump"],"articleSection":["Internacional"],"inLanguage":"es"},{"@type":"WebPage","@id":"https:\/\/conexionnacional.mx\/index.php\/2023\/04\/05\/rump-insiste-que-es-un-perseguido-politico\/","url":"https:\/\/conexionnacional.mx\/index.php\/2023\/04\/05\/rump-insiste-que-es-un-perseguido-politico\/","name":"Trump insiste que es un perseguido pol\u00edtico y niega haber cometido delitos |","isPartOf":{"@id":"https:\/\/conexionnacional.mx\/#website"},"primaryImageOfPage":{"@id":"https:\/\/conexionnacional.mx\/index.php\/2023\/04\/05\/rump-insiste-que-es-un-perseguido-politico\/#primaryimage"},"image":{"@id":"https:\/\/conexionnacional.mx\/index.php\/2023\/04\/05\/rump-insiste-que-es-un-perseguido-politico\/#primaryimage"},"thumbnailUrl":"https:\/\/conexionnacional.mx\/wp-content\/uploads\/2023\/04\/Trump-CN.jpg","datePublished":"2023-04-05T16:27:32+00:00","description":"Donald Trump, expresidente de los Estados Unidos, acus\u00f3 espionaje en su contra luego de comparecer ante Nueva York por los 34 cargos...","breadcrumb":{"@id":"https:\/\/conexionnacional.mx\/index.php\/2023\/04\/05\/rump-insiste-que-es-un-perseguido-politico\/#breadcrumb"},"inLanguage":"es","potentialAction":[{"@type":"ReadAction","target":["https:\/\/conexionnacional.mx\/index.php\/2023\/04\/05\/rump-insiste-que-es-un-perseguido-politico\/"]}]},{"@type":"ImageObject","inLanguage":"es","@id":"https:\/\/conexionnacional.mx\/index.php\/2023\/04\/05\/rump-insiste-que-es-un-perseguido-politico\/#primaryimage","url":"https:\/\/conexionnacional.mx\/wp-content\/uploads\/2023\/04\/Trump-CN.jpg","contentUrl":"https:\/\/conexionnacional.mx\/wp-content\/uploads\/2023\/04\/Trump-CN.jpg","width":1000,"height":600,"caption":"Trump insiste que es un perseguido pol\u00edtico y niega haber cometido delitos"},{"@type":"BreadcrumbList","@id":"https:\/\/conexionnacional.mx\/index.php\/2023\/04\/05\/rump-insiste-que-es-un-perseguido-politico\/#breadcrumb","itemListElement":[{"@type":"ListItem","position":1,"name":"Inicio","item":"https:\/\/conexionnacional.mx\/"},{"@type":"ListItem","position":2,"name":"Trump insiste que es un perseguido pol\u00edtico y niega haber cometido delitos"}]},{"@type":"WebSite","@id":"https:\/\/conexionnacional.mx\/#website","url":"https:\/\/conexionnacional.mx\/","name":"Conexi\u00f3n Nacional","description":"Noticias al momento","publisher":{"@id":"https:\/\/conexionnacional.mx\/#organization"},"alternateName":"Noticias nacionales","potentialAction":[{"@type":"SearchAction","target":{"@type":"EntryPoint","urlTemplate":"https:\/\/conexionnacional.mx\/?s={search_term_string}"},"query-input":{"@type":"PropertyValueSpecification","valueRequired":true,"valueName":"search_term_string"}}],"inLanguage":"es"},{"@type":"Organization","@id":"https:\/\/conexionnacional.mx\/#organization","name":"Conexi\u00f3n Nacional","url":"https:\/\/conexionnacional.mx\/","logo":{"@type":"ImageObject","inLanguage":"es","@id":"https:\/\/conexionnacional.mx\/#\/schema\/logo\/image\/","url":"https:\/\/conexionnacional.mx\/wp-content\/uploads\/2022\/09\/conexion_nacional.png","contentUrl":"https:\/\/conexionnacional.mx\/wp-content\/uploads\/2022\/09\/conexion_nacional.png","width":2964,"height":1173,"caption":"Conexi\u00f3n Nacional"},"image":{"@id":"https:\/\/conexionnacional.mx\/#\/schema\/logo\/image\/"},"sameAs":["https:\/\/www.facebook.com\/cnmxradio"]},{"@type":"Person","@id":"https:\/\/conexionnacional.mx\/#\/schema\/person\/dd14aeda902120f5e0e021903fdb6931","name":"Conexi\u00f3n Nacional","image":{"@type":"ImageObject","inLanguage":"es","@id":"https:\/\/secure.gravatar.com\/avatar\/e523100f284110b2ecca7e17b2be9cf140a5e8f35294c9ec0543e6916cc1f9be?s=96&d=blank&r=g","url":"https:\/\/secure.gravatar.com\/avatar\/e523100f284110b2ecca7e17b2be9cf140a5e8f35294c9ec0543e6916cc1f9be?s=96&d=blank&r=g","contentUrl":"https:\/\/secure.gravatar.com\/avatar\/e523100f284110b2ecca7e17b2be9cf140a5e8f35294c9ec0543e6916cc1f9be?s=96&d=blank&r=g","caption":"Conexi\u00f3n Nacional"},"sameAs":["https:\/\/conexionnacional.mx"],"url":"https:\/\/conexionnacional.mx\/index.php\/author\/administrador\/"}]}},"_links":{"self":[{"href":"https:\/\/conexionnacional.mx\/index.php\/wp-json\/wp\/v2\/posts\/11984","targetHints":{"allow":["GET"]}}],"collection":[{"href":"https:\/\/conexionnacional.mx\/index.php\/wp-json\/wp\/v2\/posts"}],"about":[{"href":"https:\/\/conexionnacional.mx\/index.php\/wp-json\/wp\/v2\/types\/post"}],"author":[{"embeddable":true,"href":"https:\/\/conexionnacional.mx\/index.php\/wp-json\/wp\/v2\/users\/1"}],"replies":[{"embeddable":true,"href":"https:\/\/conexionnacional.mx\/index.php\/wp-json\/wp\/v2\/comments?post=11984"}],"version-history":[{"count":1,"href":"https:\/\/conexionnacional.mx\/index.php\/wp-json\/wp\/v2\/posts\/11984\/revisions"}],"predecessor-version":[{"id":11986,"href":"https:\/\/conexionnacional.mx\/index.php\/wp-json\/wp\/v2\/posts\/11984\/revisions\/11986"}],"wp:featuredmedia":[{"embeddable":true,"href":"https:\/\/conexionnacional.mx\/index.php\/wp-json\/wp\/v2\/media\/11985"}],"wp:attachment":[{"href":"https:\/\/conexionnacional.mx\/index.php\/wp-json\/wp\/v2\/media?parent=11984"}],"wp:term":[{"taxonomy":"category","embeddable":true,"href":"https:\/\/conexionnacional.mx\/index.php\/wp-json\/wp\/v2\/categories?post=11984"},{"taxonomy":"post_tag","embeddable":true,"href":"https:\/\/conexionnacional.mx\/index.php\/wp-json\/wp\/v2\/tags?post=11984"}],"curies":[{"name":"wp","href":"https:\/\/api.w.org\/{rel}","templated":true}]}}