{"id":10631,"date":"2023-03-10T09:26:07","date_gmt":"2023-03-10T15:26:07","guid":{"rendered":"https:\/\/conexionnacional.mx\/?p=10631"},"modified":"2023-03-10T09:26:08","modified_gmt":"2023-03-10T15:26:08","slug":"narcoestado-dominado-por-terroristas","status":"publish","type":"post","link":"https:\/\/conexionnacional.mx\/index.php\/2023\/03\/10\/narcoestado-dominado-por-terroristas\/","title":{"rendered":"<strong>Narcoestado dominado por terroristas, as\u00ed esta M\u00e9xico acusa Lindsey Graham<\/strong>"},"content":{"rendered":"\n<p>Por: <a href=\"https:\/\/www.cydnoticias.mx\/2023\/03\/10\/narcoestado-dominado-por-terroristas\/\">Yeri Gonz\u00e1lez | cydnoticias.mx<\/a>&nbsp; |<\/p>\n\n\n\n<p><strong>Lindsey Graham<\/strong>, influyente senador republicano, subi\u00f3 este jueves el tono del mensaje a <strong>M\u00e9xico<\/strong>, al que calific\u00f3 de <strong>\u201cnarcoestado\u201d<\/strong> dominado por <strong>\u201cterroristas\u201d<\/strong> a los que s\u00f3lo les interesa el dinero.<\/p>\n\n\n\n<p>Asimismo, el legislador estadounidense pidi\u00f3 a los votantes mexicanos recordar, cuando salgan a votar, que <strong><em>\u201cviven en un infierno\u201d<\/em><\/strong>, esto, en respuesta directa a la declaraci\u00f3n que hiciera el presidente mexicano <strong>Andr\u00e9s Manuel L\u00f3pez Obrador <\/strong>en su conferencia ma\u00f1anera.<\/p>\n\n\n\n<p>Graham, autor de una iniciativa que busca declarar terroristas a los c\u00e1rteles y permitir que las <strong>Fuerzas Armadas de Estados Unidos<\/strong> act\u00faen en contra de los narcotraficantes mexicanos, dijo que &#8220;es altamente probable&#8221; tener el apoyo de los republicanos para la aprobaci\u00f3n de su propuesta.<\/p>\n\n\n\n<figure class=\"wp-block-embed is-type-rich is-provider-twitter wp-block-embed-twitter\"><div class=\"wp-block-embed__wrapper\">\n<blockquote class=\"twitter-tweet\" data-width=\"550\" data-dnt=\"true\"><p lang=\"es\" dir=\"ltr\">El mismo senador Lindsey Graham c\u00f3mo les adelante anoche, anunciando que su plan incluye que las fuerzas armadas de EEUU, destruyan los laboratorios de los carteles y a sus miembros donde quiera que se encuentren. Dice; No es para invadir M\u00e9xico, es para destruir a los carteles. <a href=\"https:\/\/t.co\/5njrV2ypuM\">pic.twitter.com\/5njrV2ypuM<\/a><\/p>&mdash; Armando Guzman (@Armandoreporta) <a href=\"https:\/\/twitter.com\/Armandoreporta\/status\/1633520638693605376?ref_src=twsrc%5Etfw\">March 8, 2023<\/a><\/blockquote><script async src=\"https:\/\/platform.twitter.com\/widgets.js\" charset=\"utf-8\"><\/script>\n<\/div><\/figure>\n\n\n\n<p>Los legisladores <strong>Lindsey Graham y John Neely Kennedy,<\/strong> seg\u00fan dijeron en conferencia de prensa, est\u00e1n de momento los <strong>c\u00e1rteles de Sinaloa<\/strong>, el de <strong>Jalisco Nueva Generaci\u00f3n<\/strong>, el del Golfo, <strong>Los Zetas, el del Noreste, el de Ju\u00e1rez y el de Tijuana<\/strong>, el de los <strong>Beltr\u00e1n-Leyva y La Familia Michoacana<\/strong>.<\/p>\n\n\n\n<blockquote class=\"wp-block-quote is-layout-flow wp-block-quote-is-layout-flow\">\n<p><em>&#8220;Han aterrorizado a los estadounidenses durante d\u00e9cadas. Vamos a destruir su modelo de negocio y su estilo de vida porque nuestra seguridad nacional depende de emprender una acci\u00f3n decisiva&#8221;, apunt\u00f3 Graham.<\/em><\/p>\n<\/blockquote>\n\n\n\n<p>Su proyecto de ley ser\u00e1 introducido <strong><em>&#8220;dentro de unos d\u00edas&#8221;<\/em><\/strong> y promueve declarar a esos c\u00e1rteles como organizaci\u00f3n terrorista extranjera (FTO, por sus siglas en ingl\u00e9s) para poder activar m\u00e1s mecanismos contra ellos.<\/p>\n\n\n\n<p>Los senadores tambi\u00e9n pretenden que se autorice que el Ej\u00e9rcito estadounidense pueda intervenir contra esas organizaciones &#8220;est\u00e9n donde est\u00e9n&#8221;. &#8220;No para invadir M\u00e9xico ni derribar aeronaves mexicanas, sino para destruir sus laboratorios&#8221; y sus redes, dijo Graham.<\/p>\n\n\n\n<blockquote class=\"wp-block-quote is-layout-flow wp-block-quote-is-layout-flow\">\n<p><em>\u201cMe gustar\u00eda\u201d, agreg\u00f3, \u201ctrabajar con el gobierno mexicano. El pueblo mexicano est\u00e1 sufriendo por estos c\u00e1rteles de la droga que han convertido el Estado en un narcoestado en algunas zonas\u201d, agreg\u00f3 el republicano.<\/em><\/p>\n<\/blockquote>\n\n\n\n<p>Dijo que le gustar\u00eda que el gobierno mexicano \u201cdeje su juego, a trabajar m\u00e1s cercanamente con nosotros para erradicar este problema en su patio que nos est\u00e1 afectando a nosotros\u201d.<\/p>\n\n\n\n<p>Con informaci\u00f3n de <a href=\"https:\/\/www.cydnoticias.mx\/\">Claro y DirectoMx<\/a><\/p>\n","protected":false},"excerpt":{"rendered":"<p>Por: Yeri Gonz\u00e1lez | cydnoticias.mx&nbsp; | Lindsey Graham, influyente senador republicano, subi\u00f3 este jueves el tono del mensaje a M\u00e9xico, al que calific\u00f3 de \u201cnarcoestado\u201d dominado por \u201cterroristas\u201d a los que s\u00f3lo les interesa el dinero. Asimismo, el legislador estadounidense pidi\u00f3 a los votantes mexicanos recordar, cuando salgan a votar, que \u201cviven en un infierno\u201d, [&hellip;]<\/p>\n","protected":false},"author":1,"featured_media":10632,"comment_status":"closed","ping_status":"closed","sticky":false,"template":"","format":"aside","meta":{"googlesitekit_rrm_CAowytPeCw:productID":"","footnotes":""},"categories":[3],"tags":[7,35,4636,187,3358,2054],"class_list":["post-10631","post","type-post","status-publish","format-aside","has-post-thumbnail","hentry","category-nacional","tag-amlo","tag-estados-unidos","tag-lindsey-graham","tag-mexico","tag-narcotraficantes","tag-terrorismo","post_format-post-format-aside"],"yoast_head":"<!-- This site is optimized with the Yoast SEO plugin v27.5 - https:\/\/yoast.com\/product\/yoast-seo-wordpress\/ -->\n<title>Narcoestado dominado por terroristas, as\u00ed esta M\u00e9xico acusa Lindsey Graham |<\/title>\n<meta name=\"description\" content=\"Lindsey Graham, senador republicano, subi\u00f3 el tono del mensaje a M\u00e9xico, al que calific\u00f3 de \u201cnarcoestado\u201d dominado por \u201cterroristas\u201d\" \/>\n<meta name=\"robots\" content=\"index, follow, max-snippet:-1, max-image-preview:large, max-video-preview:-1\" \/>\n<link rel=\"canonical\" href=\"https:\/\/conexionnacional.mx\/index.php\/2023\/03\/10\/narcoestado-dominado-por-terroristas\/\" \/>\n<meta property=\"og:locale\" content=\"es_MX\" \/>\n<meta property=\"og:type\" content=\"article\" \/>\n<meta property=\"og:title\" content=\"Narcoestado dominado por terroristas, as\u00ed esta M\u00e9xico acusa Lindsey Graham |\" \/>\n<meta property=\"og:description\" content=\"Lindsey Graham, senador republicano, subi\u00f3 el tono del mensaje a M\u00e9xico, al que calific\u00f3 de \u201cnarcoestado\u201d dominado por \u201cterroristas\u201d\" \/>\n<meta property=\"og:url\" content=\"https:\/\/conexionnacional.mx\/index.php\/2023\/03\/10\/narcoestado-dominado-por-terroristas\/\" \/>\n<meta property=\"og:site_name\" content=\"Conexi\u00f3n Nacional\" \/>\n<meta property=\"article:publisher\" content=\"https:\/\/www.facebook.com\/cnmxradio\" \/>\n<meta property=\"article:published_time\" content=\"2023-03-10T15:26:07+00:00\" \/>\n<meta property=\"article:modified_time\" content=\"2023-03-10T15:26:08+00:00\" \/>\n<meta property=\"og:image\" content=\"https:\/\/conexionnacional.mx\/wp-content\/uploads\/2023\/03\/Narcoestado-dominado-por-terroristas-CN.jpg\" \/>\n\t<meta property=\"og:image:width\" content=\"1000\" \/>\n\t<meta property=\"og:image:height\" content=\"600\" \/>\n\t<meta property=\"og:image:type\" content=\"image\/jpeg\" \/>\n<meta name=\"author\" content=\"Conexi\u00f3n Nacional\" \/>\n<meta name=\"twitter:card\" content=\"summary_large_image\" \/>\n<meta name=\"twitter:label1\" content=\"Escrito por\" \/>\n\t<meta name=\"twitter:data1\" content=\"Conexi\u00f3n Nacional\" \/>\n\t<meta name=\"twitter:label2\" content=\"Tiempo de lectura\" \/>\n\t<meta name=\"twitter:data2\" content=\"2 minutos\" \/>\n<script type=\"application\/ld+json\" class=\"yoast-schema-graph\">{\"@context\":\"https:\\\/\\\/schema.org\",\"@graph\":[{\"@type\":\"Article\",\"@id\":\"https:\\\/\\\/conexionnacional.mx\\\/index.php\\\/2023\\\/03\\\/10\\\/narcoestado-dominado-por-terroristas\\\/#article\",\"isPartOf\":{\"@id\":\"https:\\\/\\\/conexionnacional.mx\\\/index.php\\\/2023\\\/03\\\/10\\\/narcoestado-dominado-por-terroristas\\\/\"},\"author\":{\"name\":\"Conexi\u00f3n Nacional\",\"@id\":\"https:\\\/\\\/conexionnacional.mx\\\/#\\\/schema\\\/person\\\/dd14aeda902120f5e0e021903fdb6931\"},\"headline\":\"Narcoestado dominado por terroristas, as\u00ed esta M\u00e9xico acusa Lindsey Graham\",\"datePublished\":\"2023-03-10T15:26:07+00:00\",\"dateModified\":\"2023-03-10T15:26:08+00:00\",\"mainEntityOfPage\":{\"@id\":\"https:\\\/\\\/conexionnacional.mx\\\/index.php\\\/2023\\\/03\\\/10\\\/narcoestado-dominado-por-terroristas\\\/\"},\"wordCount\":389,\"publisher\":{\"@id\":\"https:\\\/\\\/conexionnacional.mx\\\/#organization\"},\"image\":{\"@id\":\"https:\\\/\\\/conexionnacional.mx\\\/index.php\\\/2023\\\/03\\\/10\\\/narcoestado-dominado-por-terroristas\\\/#primaryimage\"},\"thumbnailUrl\":\"https:\\\/\\\/conexionnacional.mx\\\/wp-content\\\/uploads\\\/2023\\\/03\\\/Narcoestado-dominado-por-terroristas-CN.jpg\",\"keywords\":[\"AMLO\",\"Estados Unidos\",\"Lindsey Graham\",\"M\u00e9xico\",\"narcotraficantes\",\"terrorismo\"],\"articleSection\":[\"Nacional\"],\"inLanguage\":\"es\"},{\"@type\":\"WebPage\",\"@id\":\"https:\\\/\\\/conexionnacional.mx\\\/index.php\\\/2023\\\/03\\\/10\\\/narcoestado-dominado-por-terroristas\\\/\",\"url\":\"https:\\\/\\\/conexionnacional.mx\\\/index.php\\\/2023\\\/03\\\/10\\\/narcoestado-dominado-por-terroristas\\\/\",\"name\":\"Narcoestado dominado por terroristas, as\u00ed esta M\u00e9xico acusa Lindsey Graham |\",\"isPartOf\":{\"@id\":\"https:\\\/\\\/conexionnacional.mx\\\/#website\"},\"primaryImageOfPage\":{\"@id\":\"https:\\\/\\\/conexionnacional.mx\\\/index.php\\\/2023\\\/03\\\/10\\\/narcoestado-dominado-por-terroristas\\\/#primaryimage\"},\"image\":{\"@id\":\"https:\\\/\\\/conexionnacional.mx\\\/index.php\\\/2023\\\/03\\\/10\\\/narcoestado-dominado-por-terroristas\\\/#primaryimage\"},\"thumbnailUrl\":\"https:\\\/\\\/conexionnacional.mx\\\/wp-content\\\/uploads\\\/2023\\\/03\\\/Narcoestado-dominado-por-terroristas-CN.jpg\",\"datePublished\":\"2023-03-10T15:26:07+00:00\",\"dateModified\":\"2023-03-10T15:26:08+00:00\",\"description\":\"Lindsey Graham, senador republicano, subi\u00f3 el tono del mensaje a M\u00e9xico, al que calific\u00f3 de \u201cnarcoestado\u201d dominado por \u201cterroristas\u201d\",\"breadcrumb\":{\"@id\":\"https:\\\/\\\/conexionnacional.mx\\\/index.php\\\/2023\\\/03\\\/10\\\/narcoestado-dominado-por-terroristas\\\/#breadcrumb\"},\"inLanguage\":\"es\",\"potentialAction\":[{\"@type\":\"ReadAction\",\"target\":[\"https:\\\/\\\/conexionnacional.mx\\\/index.php\\\/2023\\\/03\\\/10\\\/narcoestado-dominado-por-terroristas\\\/\"]}]},{\"@type\":\"ImageObject\",\"inLanguage\":\"es\",\"@id\":\"https:\\\/\\\/conexionnacional.mx\\\/index.php\\\/2023\\\/03\\\/10\\\/narcoestado-dominado-por-terroristas\\\/#primaryimage\",\"url\":\"https:\\\/\\\/conexionnacional.mx\\\/wp-content\\\/uploads\\\/2023\\\/03\\\/Narcoestado-dominado-por-terroristas-CN.jpg\",\"contentUrl\":\"https:\\\/\\\/conexionnacional.mx\\\/wp-content\\\/uploads\\\/2023\\\/03\\\/Narcoestado-dominado-por-terroristas-CN.jpg\",\"width\":1000,\"height\":600,\"caption\":\"Narcoestado dominado por terroristas, as\u00ed esta M\u00e9xico acusa Lindsey Graham\"},{\"@type\":\"BreadcrumbList\",\"@id\":\"https:\\\/\\\/conexionnacional.mx\\\/index.php\\\/2023\\\/03\\\/10\\\/narcoestado-dominado-por-terroristas\\\/#breadcrumb\",\"itemListElement\":[{\"@type\":\"ListItem\",\"position\":1,\"name\":\"Inicio\",\"item\":\"https:\\\/\\\/conexionnacional.mx\\\/\"},{\"@type\":\"ListItem\",\"position\":2,\"name\":\"Narcoestado dominado por terroristas, as\u00ed esta M\u00e9xico acusa Lindsey Graham\"}]},{\"@type\":\"WebSite\",\"@id\":\"https:\\\/\\\/conexionnacional.mx\\\/#website\",\"url\":\"https:\\\/\\\/conexionnacional.mx\\\/\",\"name\":\"Conexi\u00f3n Nacional\",\"description\":\"Noticias al momento\",\"publisher\":{\"@id\":\"https:\\\/\\\/conexionnacional.mx\\\/#organization\"},\"alternateName\":\"Noticias nacionales\",\"potentialAction\":[{\"@type\":\"SearchAction\",\"target\":{\"@type\":\"EntryPoint\",\"urlTemplate\":\"https:\\\/\\\/conexionnacional.mx\\\/?s={search_term_string}\"},\"query-input\":{\"@type\":\"PropertyValueSpecification\",\"valueRequired\":true,\"valueName\":\"search_term_string\"}}],\"inLanguage\":\"es\"},{\"@type\":\"Organization\",\"@id\":\"https:\\\/\\\/conexionnacional.mx\\\/#organization\",\"name\":\"Conexi\u00f3n Nacional\",\"url\":\"https:\\\/\\\/conexionnacional.mx\\\/\",\"logo\":{\"@type\":\"ImageObject\",\"inLanguage\":\"es\",\"@id\":\"https:\\\/\\\/conexionnacional.mx\\\/#\\\/schema\\\/logo\\\/image\\\/\",\"url\":\"https:\\\/\\\/conexionnacional.mx\\\/wp-content\\\/uploads\\\/2022\\\/09\\\/conexion_nacional.png\",\"contentUrl\":\"https:\\\/\\\/conexionnacional.mx\\\/wp-content\\\/uploads\\\/2022\\\/09\\\/conexion_nacional.png\",\"width\":2964,\"height\":1173,\"caption\":\"Conexi\u00f3n Nacional\"},\"image\":{\"@id\":\"https:\\\/\\\/conexionnacional.mx\\\/#\\\/schema\\\/logo\\\/image\\\/\"},\"sameAs\":[\"https:\\\/\\\/www.facebook.com\\\/cnmxradio\"]},{\"@type\":\"Person\",\"@id\":\"https:\\\/\\\/conexionnacional.mx\\\/#\\\/schema\\\/person\\\/dd14aeda902120f5e0e021903fdb6931\",\"name\":\"Conexi\u00f3n Nacional\",\"image\":{\"@type\":\"ImageObject\",\"inLanguage\":\"es\",\"@id\":\"https:\\\/\\\/secure.gravatar.com\\\/avatar\\\/e523100f284110b2ecca7e17b2be9cf140a5e8f35294c9ec0543e6916cc1f9be?s=96&d=blank&r=g\",\"url\":\"https:\\\/\\\/secure.gravatar.com\\\/avatar\\\/e523100f284110b2ecca7e17b2be9cf140a5e8f35294c9ec0543e6916cc1f9be?s=96&d=blank&r=g\",\"contentUrl\":\"https:\\\/\\\/secure.gravatar.com\\\/avatar\\\/e523100f284110b2ecca7e17b2be9cf140a5e8f35294c9ec0543e6916cc1f9be?s=96&d=blank&r=g\",\"caption\":\"Conexi\u00f3n Nacional\"},\"sameAs\":[\"https:\\\/\\\/conexionnacional.mx\"],\"url\":\"https:\\\/\\\/conexionnacional.mx\\\/index.php\\\/author\\\/administrador\\\/\"}]}<\/script>\n<!-- \/ Yoast SEO plugin. -->","yoast_head_json":{"title":"Narcoestado dominado por terroristas, as\u00ed esta M\u00e9xico acusa Lindsey Graham |","description":"Lindsey Graham, senador republicano, subi\u00f3 el tono del mensaje a M\u00e9xico, al que calific\u00f3 de \u201cnarcoestado\u201d dominado por \u201cterroristas\u201d","robots":{"index":"index","follow":"follow","max-snippet":"max-snippet:-1","max-image-preview":"max-image-preview:large","max-video-preview":"max-video-preview:-1"},"canonical":"https:\/\/conexionnacional.mx\/index.php\/2023\/03\/10\/narcoestado-dominado-por-terroristas\/","og_locale":"es_MX","og_type":"article","og_title":"Narcoestado dominado por terroristas, as\u00ed esta M\u00e9xico acusa Lindsey Graham |","og_description":"Lindsey Graham, senador republicano, subi\u00f3 el tono del mensaje a M\u00e9xico, al que calific\u00f3 de \u201cnarcoestado\u201d dominado por \u201cterroristas\u201d","og_url":"https:\/\/conexionnacional.mx\/index.php\/2023\/03\/10\/narcoestado-dominado-por-terroristas\/","og_site_name":"Conexi\u00f3n Nacional","article_publisher":"https:\/\/www.facebook.com\/cnmxradio","article_published_time":"2023-03-10T15:26:07+00:00","article_modified_time":"2023-03-10T15:26:08+00:00","og_image":[{"width":1000,"height":600,"url":"https:\/\/conexionnacional.mx\/wp-content\/uploads\/2023\/03\/Narcoestado-dominado-por-terroristas-CN.jpg","type":"image\/jpeg"}],"author":"Conexi\u00f3n Nacional","twitter_card":"summary_large_image","twitter_misc":{"Escrito por":"Conexi\u00f3n Nacional","Tiempo de lectura":"2 minutos"},"schema":{"@context":"https:\/\/schema.org","@graph":[{"@type":"Article","@id":"https:\/\/conexionnacional.mx\/index.php\/2023\/03\/10\/narcoestado-dominado-por-terroristas\/#article","isPartOf":{"@id":"https:\/\/conexionnacional.mx\/index.php\/2023\/03\/10\/narcoestado-dominado-por-terroristas\/"},"author":{"name":"Conexi\u00f3n Nacional","@id":"https:\/\/conexionnacional.mx\/#\/schema\/person\/dd14aeda902120f5e0e021903fdb6931"},"headline":"Narcoestado dominado por terroristas, as\u00ed esta M\u00e9xico acusa Lindsey Graham","datePublished":"2023-03-10T15:26:07+00:00","dateModified":"2023-03-10T15:26:08+00:00","mainEntityOfPage":{"@id":"https:\/\/conexionnacional.mx\/index.php\/2023\/03\/10\/narcoestado-dominado-por-terroristas\/"},"wordCount":389,"publisher":{"@id":"https:\/\/conexionnacional.mx\/#organization"},"image":{"@id":"https:\/\/conexionnacional.mx\/index.php\/2023\/03\/10\/narcoestado-dominado-por-terroristas\/#primaryimage"},"thumbnailUrl":"https:\/\/conexionnacional.mx\/wp-content\/uploads\/2023\/03\/Narcoestado-dominado-por-terroristas-CN.jpg","keywords":["AMLO","Estados Unidos","Lindsey Graham","M\u00e9xico","narcotraficantes","terrorismo"],"articleSection":["Nacional"],"inLanguage":"es"},{"@type":"WebPage","@id":"https:\/\/conexionnacional.mx\/index.php\/2023\/03\/10\/narcoestado-dominado-por-terroristas\/","url":"https:\/\/conexionnacional.mx\/index.php\/2023\/03\/10\/narcoestado-dominado-por-terroristas\/","name":"Narcoestado dominado por terroristas, as\u00ed esta M\u00e9xico acusa Lindsey Graham |","isPartOf":{"@id":"https:\/\/conexionnacional.mx\/#website"},"primaryImageOfPage":{"@id":"https:\/\/conexionnacional.mx\/index.php\/2023\/03\/10\/narcoestado-dominado-por-terroristas\/#primaryimage"},"image":{"@id":"https:\/\/conexionnacional.mx\/index.php\/2023\/03\/10\/narcoestado-dominado-por-terroristas\/#primaryimage"},"thumbnailUrl":"https:\/\/conexionnacional.mx\/wp-content\/uploads\/2023\/03\/Narcoestado-dominado-por-terroristas-CN.jpg","datePublished":"2023-03-10T15:26:07+00:00","dateModified":"2023-03-10T15:26:08+00:00","description":"Lindsey Graham, senador republicano, subi\u00f3 el tono del mensaje a M\u00e9xico, al que calific\u00f3 de \u201cnarcoestado\u201d dominado por \u201cterroristas\u201d","breadcrumb":{"@id":"https:\/\/conexionnacional.mx\/index.php\/2023\/03\/10\/narcoestado-dominado-por-terroristas\/#breadcrumb"},"inLanguage":"es","potentialAction":[{"@type":"ReadAction","target":["https:\/\/conexionnacional.mx\/index.php\/2023\/03\/10\/narcoestado-dominado-por-terroristas\/"]}]},{"@type":"ImageObject","inLanguage":"es","@id":"https:\/\/conexionnacional.mx\/index.php\/2023\/03\/10\/narcoestado-dominado-por-terroristas\/#primaryimage","url":"https:\/\/conexionnacional.mx\/wp-content\/uploads\/2023\/03\/Narcoestado-dominado-por-terroristas-CN.jpg","contentUrl":"https:\/\/conexionnacional.mx\/wp-content\/uploads\/2023\/03\/Narcoestado-dominado-por-terroristas-CN.jpg","width":1000,"height":600,"caption":"Narcoestado dominado por terroristas, as\u00ed esta M\u00e9xico acusa Lindsey Graham"},{"@type":"BreadcrumbList","@id":"https:\/\/conexionnacional.mx\/index.php\/2023\/03\/10\/narcoestado-dominado-por-terroristas\/#breadcrumb","itemListElement":[{"@type":"ListItem","position":1,"name":"Inicio","item":"https:\/\/conexionnacional.mx\/"},{"@type":"ListItem","position":2,"name":"Narcoestado dominado por terroristas, as\u00ed esta M\u00e9xico acusa Lindsey Graham"}]},{"@type":"WebSite","@id":"https:\/\/conexionnacional.mx\/#website","url":"https:\/\/conexionnacional.mx\/","name":"Conexi\u00f3n Nacional","description":"Noticias al momento","publisher":{"@id":"https:\/\/conexionnacional.mx\/#organization"},"alternateName":"Noticias nacionales","potentialAction":[{"@type":"SearchAction","target":{"@type":"EntryPoint","urlTemplate":"https:\/\/conexionnacional.mx\/?s={search_term_string}"},"query-input":{"@type":"PropertyValueSpecification","valueRequired":true,"valueName":"search_term_string"}}],"inLanguage":"es"},{"@type":"Organization","@id":"https:\/\/conexionnacional.mx\/#organization","name":"Conexi\u00f3n Nacional","url":"https:\/\/conexionnacional.mx\/","logo":{"@type":"ImageObject","inLanguage":"es","@id":"https:\/\/conexionnacional.mx\/#\/schema\/logo\/image\/","url":"https:\/\/conexionnacional.mx\/wp-content\/uploads\/2022\/09\/conexion_nacional.png","contentUrl":"https:\/\/conexionnacional.mx\/wp-content\/uploads\/2022\/09\/conexion_nacional.png","width":2964,"height":1173,"caption":"Conexi\u00f3n Nacional"},"image":{"@id":"https:\/\/conexionnacional.mx\/#\/schema\/logo\/image\/"},"sameAs":["https:\/\/www.facebook.com\/cnmxradio"]},{"@type":"Person","@id":"https:\/\/conexionnacional.mx\/#\/schema\/person\/dd14aeda902120f5e0e021903fdb6931","name":"Conexi\u00f3n Nacional","image":{"@type":"ImageObject","inLanguage":"es","@id":"https:\/\/secure.gravatar.com\/avatar\/e523100f284110b2ecca7e17b2be9cf140a5e8f35294c9ec0543e6916cc1f9be?s=96&d=blank&r=g","url":"https:\/\/secure.gravatar.com\/avatar\/e523100f284110b2ecca7e17b2be9cf140a5e8f35294c9ec0543e6916cc1f9be?s=96&d=blank&r=g","contentUrl":"https:\/\/secure.gravatar.com\/avatar\/e523100f284110b2ecca7e17b2be9cf140a5e8f35294c9ec0543e6916cc1f9be?s=96&d=blank&r=g","caption":"Conexi\u00f3n Nacional"},"sameAs":["https:\/\/conexionnacional.mx"],"url":"https:\/\/conexionnacional.mx\/index.php\/author\/administrador\/"}]}},"_links":{"self":[{"href":"https:\/\/conexionnacional.mx\/index.php\/wp-json\/wp\/v2\/posts\/10631","targetHints":{"allow":["GET"]}}],"collection":[{"href":"https:\/\/conexionnacional.mx\/index.php\/wp-json\/wp\/v2\/posts"}],"about":[{"href":"https:\/\/conexionnacional.mx\/index.php\/wp-json\/wp\/v2\/types\/post"}],"author":[{"embeddable":true,"href":"https:\/\/conexionnacional.mx\/index.php\/wp-json\/wp\/v2\/users\/1"}],"replies":[{"embeddable":true,"href":"https:\/\/conexionnacional.mx\/index.php\/wp-json\/wp\/v2\/comments?post=10631"}],"version-history":[{"count":1,"href":"https:\/\/conexionnacional.mx\/index.php\/wp-json\/wp\/v2\/posts\/10631\/revisions"}],"predecessor-version":[{"id":10633,"href":"https:\/\/conexionnacional.mx\/index.php\/wp-json\/wp\/v2\/posts\/10631\/revisions\/10633"}],"wp:featuredmedia":[{"embeddable":true,"href":"https:\/\/conexionnacional.mx\/index.php\/wp-json\/wp\/v2\/media\/10632"}],"wp:attachment":[{"href":"https:\/\/conexionnacional.mx\/index.php\/wp-json\/wp\/v2\/media?parent=10631"}],"wp:term":[{"taxonomy":"category","embeddable":true,"href":"https:\/\/conexionnacional.mx\/index.php\/wp-json\/wp\/v2\/categories?post=10631"},{"taxonomy":"post_tag","embeddable":true,"href":"https:\/\/conexionnacional.mx\/index.php\/wp-json\/wp\/v2\/tags?post=10631"}],"curies":[{"name":"wp","href":"https:\/\/api.w.org\/{rel}","templated":true}]}}