{"id":10119,"date":"2023-03-02T18:00:00","date_gmt":"2023-03-03T00:00:00","guid":{"rendered":"https:\/\/conexionnacional.mx\/?p=10119"},"modified":"2023-03-02T17:16:49","modified_gmt":"2023-03-02T23:16:49","slug":"mexico-en-el-campeonato-mundial-de-ajedrez","status":"publish","type":"post","link":"https:\/\/conexionnacional.mx\/index.php\/2023\/03\/02\/mexico-en-el-campeonato-mundial-de-ajedrez\/","title":{"rendered":"<strong>Representar\u00e1 Ana Paola Ham a Mexico en el campeonato mundial de ajedrez en Italia :INDE BC<\/strong>"},"content":{"rendered":"\n<p>Por: <a href=\"https:\/\/californiamedios.com\/representara-ana-paola-ham-a-mexico-en-el-campeonato-mundial-de-ajedrez-en-italia-inde-bc\/\">californiamedios.com<\/a> |<\/p>\n\n\n\n<p>* <strong>La deportista mexicalense se prepara para su siguiente reto mundial, luego de su traves\u00eda por Uruguay y Canad\u00e1<\/strong>&nbsp;<\/p>\n\n\n\n<p>La <strong>mexicalense<\/strong> <strong>Ana Paola Ham Corona<\/strong>, <strong>representar\u00e1<\/strong> nuevamente a <strong>M\u00e9xico<\/strong>, ahora en un <strong>Campeonato<\/strong> <strong>Mundial<\/strong> de <strong>Ajedrez<\/strong> en <strong>Italia<\/strong>, programado para el pr\u00f3ximo mes de <strong>noviembre<\/strong>.<\/p>\n\n\n\n<p>Luego de representar a M\u00e9xico en el <strong>Festival Panamericano en Montevideo<\/strong>, <strong>Uruguay<\/strong> y en el <strong>Festival de Norte Am\u00e9rica en Calgary,<\/strong> <strong>Canad\u00e1<\/strong>, el talento deportivo de <strong>Baja California<\/strong> ahora enfocar\u00e1 su <strong>preparaci\u00f3n<\/strong> para el <strong>mundia<\/strong>l en <strong>Italia<\/strong>, tras ubicarse, recientemente, entre las <strong>diez<\/strong> <strong>mejores<\/strong> de la<strong> categor\u00eda<\/strong> <strong>Sub 18 Femenil<\/strong>.<\/p>\n\n\n\n<p>Recientemente, en el <strong>Cuarto Festival Nacional de Ajedrez de la Juventud<\/strong>, realizado en la <strong>Ciudad de M\u00e9xico<\/strong>, Ana Paola Ham <strong>consigui\u00f3<\/strong> el objetivo apoyada por el maestro <strong>FIDE<\/strong> <strong>Gustavo Hern\u00e1ndez<\/strong>, responsable de su preparaci\u00f3n en el \u201c<strong>Deporte Ciencia<\/strong>\u201d.<\/p>\n\n\n\n<p>Antes de llegar al <strong>Campeonato Mundial 2023<\/strong>, la cachanilla competir\u00e1 el pr\u00f3ximo mes de <strong>abril<\/strong> en el <strong>Campeonato Nacional e Internacional Mexicano<\/strong>, a realizarse en el <strong>Complejo Cultural Los Pinos en la Ciudad de M\u00e9xico<\/strong>.<\/p>\n\n\n\n<p>Y en el mes de <strong>agosto<\/strong>, entre el <strong>11 y 18<\/strong>, estar\u00e1 en el <strong>Festival Panamericano de la Juventud en Chicago<\/strong>,<strong> Illinois<\/strong>, previo al <strong>mundial<\/strong> en<strong> Italia<\/strong> programado del <strong>12 al 25 de noviembre.<\/strong><\/p>\n\n\n\n<p>Con informaci\u00f3n de <a href=\"https:\/\/californiamedios.com\/\">California Medios<\/a><\/p>\n","protected":false},"excerpt":{"rendered":"<p>Por: californiamedios.com | * La deportista mexicalense se prepara para su siguiente reto mundial, luego de su traves\u00eda por Uruguay y Canad\u00e1&nbsp; La mexicalense Ana Paola Ham Corona, representar\u00e1 nuevamente a M\u00e9xico, ahora en un Campeonato Mundial de Ajedrez en Italia, programado para el pr\u00f3ximo mes de noviembre. Luego de representar a M\u00e9xico en el [&hellip;]<\/p>\n","protected":false},"author":1,"featured_media":10120,"comment_status":"closed","ping_status":"closed","sticky":false,"template":"","format":"aside","meta":{"googlesitekit_rrm_CAowytPeCw:productID":"","footnotes":""},"categories":[19],"tags":[2493,4495,4496,2492,3593,187,194],"class_list":["post-10119","post","type-post","status-publish","format-aside","has-post-thumbnail","hentry","category-deportes","tag-ajedrez","tag-ana-paola-ham","tag-bc","tag-campeonato","tag-inde","tag-mexico","tag-mundial","post_format-post-format-aside"],"yoast_head":"<!-- This site is optimized with the Yoast SEO plugin v27.5 - https:\/\/yoast.com\/product\/yoast-seo-wordpress\/ -->\n<title>Representar\u00e1 Ana Paola Ham a Mexico en el campeonato mundial de ajedrez en Italia :INDE BC |<\/title>\n<meta name=\"description\" content=\"La deportista mexicalense se prepara para su siguiente reto mundial, luego de su traves\u00eda por Uruguay y Canad\u00e1.\" \/>\n<meta name=\"robots\" content=\"index, follow, max-snippet:-1, max-image-preview:large, max-video-preview:-1\" \/>\n<link rel=\"canonical\" href=\"https:\/\/conexionnacional.mx\/index.php\/2023\/03\/02\/mexico-en-el-campeonato-mundial-de-ajedrez\/\" \/>\n<meta property=\"og:locale\" content=\"es_MX\" \/>\n<meta property=\"og:type\" content=\"article\" \/>\n<meta property=\"og:title\" content=\"Representar\u00e1 Ana Paola Ham a Mexico en el campeonato mundial de ajedrez en Italia :INDE BC |\" \/>\n<meta property=\"og:description\" content=\"La deportista mexicalense se prepara para su siguiente reto mundial, luego de su traves\u00eda por Uruguay y Canad\u00e1.\" \/>\n<meta property=\"og:url\" content=\"https:\/\/conexionnacional.mx\/index.php\/2023\/03\/02\/mexico-en-el-campeonato-mundial-de-ajedrez\/\" \/>\n<meta property=\"og:site_name\" content=\"Conexi\u00f3n Nacional\" \/>\n<meta property=\"article:publisher\" content=\"https:\/\/www.facebook.com\/cnmxradio\" \/>\n<meta property=\"article:published_time\" content=\"2023-03-03T00:00:00+00:00\" \/>\n<meta property=\"og:image\" content=\"https:\/\/conexionnacional.mx\/wp-content\/uploads\/2023\/03\/Mexico-en-campeonato-mundial-de-ajedrez-CN.jpg\" \/>\n\t<meta property=\"og:image:width\" content=\"1000\" \/>\n\t<meta property=\"og:image:height\" content=\"600\" \/>\n\t<meta property=\"og:image:type\" content=\"image\/jpeg\" \/>\n<meta name=\"author\" content=\"Conexi\u00f3n Nacional\" \/>\n<meta name=\"twitter:card\" content=\"summary_large_image\" \/>\n<meta name=\"twitter:label1\" content=\"Escrito por\" \/>\n\t<meta name=\"twitter:data1\" content=\"Conexi\u00f3n Nacional\" \/>\n\t<meta name=\"twitter:label2\" content=\"Tiempo de lectura\" \/>\n\t<meta name=\"twitter:data2\" content=\"1 minuto\" \/>\n<script type=\"application\/ld+json\" class=\"yoast-schema-graph\">{\"@context\":\"https:\\\/\\\/schema.org\",\"@graph\":[{\"@type\":\"Article\",\"@id\":\"https:\\\/\\\/conexionnacional.mx\\\/index.php\\\/2023\\\/03\\\/02\\\/mexico-en-el-campeonato-mundial-de-ajedrez\\\/#article\",\"isPartOf\":{\"@id\":\"https:\\\/\\\/conexionnacional.mx\\\/index.php\\\/2023\\\/03\\\/02\\\/mexico-en-el-campeonato-mundial-de-ajedrez\\\/\"},\"author\":{\"name\":\"Conexi\u00f3n Nacional\",\"@id\":\"https:\\\/\\\/conexionnacional.mx\\\/#\\\/schema\\\/person\\\/dd14aeda902120f5e0e021903fdb6931\"},\"headline\":\"Representar\u00e1 Ana Paola Ham a Mexico en el campeonato mundial de ajedrez en Italia :INDE BC\",\"datePublished\":\"2023-03-03T00:00:00+00:00\",\"mainEntityOfPage\":{\"@id\":\"https:\\\/\\\/conexionnacional.mx\\\/index.php\\\/2023\\\/03\\\/02\\\/mexico-en-el-campeonato-mundial-de-ajedrez\\\/\"},\"wordCount\":233,\"publisher\":{\"@id\":\"https:\\\/\\\/conexionnacional.mx\\\/#organization\"},\"image\":{\"@id\":\"https:\\\/\\\/conexionnacional.mx\\\/index.php\\\/2023\\\/03\\\/02\\\/mexico-en-el-campeonato-mundial-de-ajedrez\\\/#primaryimage\"},\"thumbnailUrl\":\"https:\\\/\\\/conexionnacional.mx\\\/wp-content\\\/uploads\\\/2023\\\/03\\\/Mexico-en-campeonato-mundial-de-ajedrez-CN.jpg\",\"keywords\":[\"ajedrez\",\"Ana Paola Ham\",\"BC\",\"campeonato\",\"INDE\",\"M\u00e9xico\",\"mundial\"],\"articleSection\":[\"Deportes\"],\"inLanguage\":\"es\"},{\"@type\":\"WebPage\",\"@id\":\"https:\\\/\\\/conexionnacional.mx\\\/index.php\\\/2023\\\/03\\\/02\\\/mexico-en-el-campeonato-mundial-de-ajedrez\\\/\",\"url\":\"https:\\\/\\\/conexionnacional.mx\\\/index.php\\\/2023\\\/03\\\/02\\\/mexico-en-el-campeonato-mundial-de-ajedrez\\\/\",\"name\":\"Representar\u00e1 Ana Paola Ham a Mexico en el campeonato mundial de ajedrez en Italia :INDE BC |\",\"isPartOf\":{\"@id\":\"https:\\\/\\\/conexionnacional.mx\\\/#website\"},\"primaryImageOfPage\":{\"@id\":\"https:\\\/\\\/conexionnacional.mx\\\/index.php\\\/2023\\\/03\\\/02\\\/mexico-en-el-campeonato-mundial-de-ajedrez\\\/#primaryimage\"},\"image\":{\"@id\":\"https:\\\/\\\/conexionnacional.mx\\\/index.php\\\/2023\\\/03\\\/02\\\/mexico-en-el-campeonato-mundial-de-ajedrez\\\/#primaryimage\"},\"thumbnailUrl\":\"https:\\\/\\\/conexionnacional.mx\\\/wp-content\\\/uploads\\\/2023\\\/03\\\/Mexico-en-campeonato-mundial-de-ajedrez-CN.jpg\",\"datePublished\":\"2023-03-03T00:00:00+00:00\",\"description\":\"La deportista mexicalense se prepara para su siguiente reto mundial, luego de su traves\u00eda por Uruguay y Canad\u00e1.\",\"breadcrumb\":{\"@id\":\"https:\\\/\\\/conexionnacional.mx\\\/index.php\\\/2023\\\/03\\\/02\\\/mexico-en-el-campeonato-mundial-de-ajedrez\\\/#breadcrumb\"},\"inLanguage\":\"es\",\"potentialAction\":[{\"@type\":\"ReadAction\",\"target\":[\"https:\\\/\\\/conexionnacional.mx\\\/index.php\\\/2023\\\/03\\\/02\\\/mexico-en-el-campeonato-mundial-de-ajedrez\\\/\"]}]},{\"@type\":\"ImageObject\",\"inLanguage\":\"es\",\"@id\":\"https:\\\/\\\/conexionnacional.mx\\\/index.php\\\/2023\\\/03\\\/02\\\/mexico-en-el-campeonato-mundial-de-ajedrez\\\/#primaryimage\",\"url\":\"https:\\\/\\\/conexionnacional.mx\\\/wp-content\\\/uploads\\\/2023\\\/03\\\/Mexico-en-campeonato-mundial-de-ajedrez-CN.jpg\",\"contentUrl\":\"https:\\\/\\\/conexionnacional.mx\\\/wp-content\\\/uploads\\\/2023\\\/03\\\/Mexico-en-campeonato-mundial-de-ajedrez-CN.jpg\",\"width\":1000,\"height\":600,\"caption\":\"Representar\u00e1 Ana Paola Ham a M\u00e9xico en el campeonato mundial de ajedrez\"},{\"@type\":\"BreadcrumbList\",\"@id\":\"https:\\\/\\\/conexionnacional.mx\\\/index.php\\\/2023\\\/03\\\/02\\\/mexico-en-el-campeonato-mundial-de-ajedrez\\\/#breadcrumb\",\"itemListElement\":[{\"@type\":\"ListItem\",\"position\":1,\"name\":\"Inicio\",\"item\":\"https:\\\/\\\/conexionnacional.mx\\\/\"},{\"@type\":\"ListItem\",\"position\":2,\"name\":\"Representar\u00e1 Ana Paola Ham a Mexico en el campeonato mundial de ajedrez en Italia :INDE BC\"}]},{\"@type\":\"WebSite\",\"@id\":\"https:\\\/\\\/conexionnacional.mx\\\/#website\",\"url\":\"https:\\\/\\\/conexionnacional.mx\\\/\",\"name\":\"Conexi\u00f3n Nacional\",\"description\":\"Noticias al momento\",\"publisher\":{\"@id\":\"https:\\\/\\\/conexionnacional.mx\\\/#organization\"},\"alternateName\":\"Noticias nacionales\",\"potentialAction\":[{\"@type\":\"SearchAction\",\"target\":{\"@type\":\"EntryPoint\",\"urlTemplate\":\"https:\\\/\\\/conexionnacional.mx\\\/?s={search_term_string}\"},\"query-input\":{\"@type\":\"PropertyValueSpecification\",\"valueRequired\":true,\"valueName\":\"search_term_string\"}}],\"inLanguage\":\"es\"},{\"@type\":\"Organization\",\"@id\":\"https:\\\/\\\/conexionnacional.mx\\\/#organization\",\"name\":\"Conexi\u00f3n Nacional\",\"url\":\"https:\\\/\\\/conexionnacional.mx\\\/\",\"logo\":{\"@type\":\"ImageObject\",\"inLanguage\":\"es\",\"@id\":\"https:\\\/\\\/conexionnacional.mx\\\/#\\\/schema\\\/logo\\\/image\\\/\",\"url\":\"https:\\\/\\\/conexionnacional.mx\\\/wp-content\\\/uploads\\\/2022\\\/09\\\/conexion_nacional.png\",\"contentUrl\":\"https:\\\/\\\/conexionnacional.mx\\\/wp-content\\\/uploads\\\/2022\\\/09\\\/conexion_nacional.png\",\"width\":2964,\"height\":1173,\"caption\":\"Conexi\u00f3n Nacional\"},\"image\":{\"@id\":\"https:\\\/\\\/conexionnacional.mx\\\/#\\\/schema\\\/logo\\\/image\\\/\"},\"sameAs\":[\"https:\\\/\\\/www.facebook.com\\\/cnmxradio\"]},{\"@type\":\"Person\",\"@id\":\"https:\\\/\\\/conexionnacional.mx\\\/#\\\/schema\\\/person\\\/dd14aeda902120f5e0e021903fdb6931\",\"name\":\"Conexi\u00f3n Nacional\",\"image\":{\"@type\":\"ImageObject\",\"inLanguage\":\"es\",\"@id\":\"https:\\\/\\\/secure.gravatar.com\\\/avatar\\\/e523100f284110b2ecca7e17b2be9cf140a5e8f35294c9ec0543e6916cc1f9be?s=96&d=blank&r=g\",\"url\":\"https:\\\/\\\/secure.gravatar.com\\\/avatar\\\/e523100f284110b2ecca7e17b2be9cf140a5e8f35294c9ec0543e6916cc1f9be?s=96&d=blank&r=g\",\"contentUrl\":\"https:\\\/\\\/secure.gravatar.com\\\/avatar\\\/e523100f284110b2ecca7e17b2be9cf140a5e8f35294c9ec0543e6916cc1f9be?s=96&d=blank&r=g\",\"caption\":\"Conexi\u00f3n Nacional\"},\"sameAs\":[\"https:\\\/\\\/conexionnacional.mx\"],\"url\":\"https:\\\/\\\/conexionnacional.mx\\\/index.php\\\/author\\\/administrador\\\/\"}]}<\/script>\n<!-- \/ Yoast SEO plugin. -->","yoast_head_json":{"title":"Representar\u00e1 Ana Paola Ham a Mexico en el campeonato mundial de ajedrez en Italia :INDE BC |","description":"La deportista mexicalense se prepara para su siguiente reto mundial, luego de su traves\u00eda por Uruguay y Canad\u00e1.","robots":{"index":"index","follow":"follow","max-snippet":"max-snippet:-1","max-image-preview":"max-image-preview:large","max-video-preview":"max-video-preview:-1"},"canonical":"https:\/\/conexionnacional.mx\/index.php\/2023\/03\/02\/mexico-en-el-campeonato-mundial-de-ajedrez\/","og_locale":"es_MX","og_type":"article","og_title":"Representar\u00e1 Ana Paola Ham a Mexico en el campeonato mundial de ajedrez en Italia :INDE BC |","og_description":"La deportista mexicalense se prepara para su siguiente reto mundial, luego de su traves\u00eda por Uruguay y Canad\u00e1.","og_url":"https:\/\/conexionnacional.mx\/index.php\/2023\/03\/02\/mexico-en-el-campeonato-mundial-de-ajedrez\/","og_site_name":"Conexi\u00f3n Nacional","article_publisher":"https:\/\/www.facebook.com\/cnmxradio","article_published_time":"2023-03-03T00:00:00+00:00","og_image":[{"width":1000,"height":600,"url":"https:\/\/conexionnacional.mx\/wp-content\/uploads\/2023\/03\/Mexico-en-campeonato-mundial-de-ajedrez-CN.jpg","type":"image\/jpeg"}],"author":"Conexi\u00f3n Nacional","twitter_card":"summary_large_image","twitter_misc":{"Escrito por":"Conexi\u00f3n Nacional","Tiempo de lectura":"1 minuto"},"schema":{"@context":"https:\/\/schema.org","@graph":[{"@type":"Article","@id":"https:\/\/conexionnacional.mx\/index.php\/2023\/03\/02\/mexico-en-el-campeonato-mundial-de-ajedrez\/#article","isPartOf":{"@id":"https:\/\/conexionnacional.mx\/index.php\/2023\/03\/02\/mexico-en-el-campeonato-mundial-de-ajedrez\/"},"author":{"name":"Conexi\u00f3n Nacional","@id":"https:\/\/conexionnacional.mx\/#\/schema\/person\/dd14aeda902120f5e0e021903fdb6931"},"headline":"Representar\u00e1 Ana Paola Ham a Mexico en el campeonato mundial de ajedrez en Italia :INDE BC","datePublished":"2023-03-03T00:00:00+00:00","mainEntityOfPage":{"@id":"https:\/\/conexionnacional.mx\/index.php\/2023\/03\/02\/mexico-en-el-campeonato-mundial-de-ajedrez\/"},"wordCount":233,"publisher":{"@id":"https:\/\/conexionnacional.mx\/#organization"},"image":{"@id":"https:\/\/conexionnacional.mx\/index.php\/2023\/03\/02\/mexico-en-el-campeonato-mundial-de-ajedrez\/#primaryimage"},"thumbnailUrl":"https:\/\/conexionnacional.mx\/wp-content\/uploads\/2023\/03\/Mexico-en-campeonato-mundial-de-ajedrez-CN.jpg","keywords":["ajedrez","Ana Paola Ham","BC","campeonato","INDE","M\u00e9xico","mundial"],"articleSection":["Deportes"],"inLanguage":"es"},{"@type":"WebPage","@id":"https:\/\/conexionnacional.mx\/index.php\/2023\/03\/02\/mexico-en-el-campeonato-mundial-de-ajedrez\/","url":"https:\/\/conexionnacional.mx\/index.php\/2023\/03\/02\/mexico-en-el-campeonato-mundial-de-ajedrez\/","name":"Representar\u00e1 Ana Paola Ham a Mexico en el campeonato mundial de ajedrez en Italia :INDE BC |","isPartOf":{"@id":"https:\/\/conexionnacional.mx\/#website"},"primaryImageOfPage":{"@id":"https:\/\/conexionnacional.mx\/index.php\/2023\/03\/02\/mexico-en-el-campeonato-mundial-de-ajedrez\/#primaryimage"},"image":{"@id":"https:\/\/conexionnacional.mx\/index.php\/2023\/03\/02\/mexico-en-el-campeonato-mundial-de-ajedrez\/#primaryimage"},"thumbnailUrl":"https:\/\/conexionnacional.mx\/wp-content\/uploads\/2023\/03\/Mexico-en-campeonato-mundial-de-ajedrez-CN.jpg","datePublished":"2023-03-03T00:00:00+00:00","description":"La deportista mexicalense se prepara para su siguiente reto mundial, luego de su traves\u00eda por Uruguay y Canad\u00e1.","breadcrumb":{"@id":"https:\/\/conexionnacional.mx\/index.php\/2023\/03\/02\/mexico-en-el-campeonato-mundial-de-ajedrez\/#breadcrumb"},"inLanguage":"es","potentialAction":[{"@type":"ReadAction","target":["https:\/\/conexionnacional.mx\/index.php\/2023\/03\/02\/mexico-en-el-campeonato-mundial-de-ajedrez\/"]}]},{"@type":"ImageObject","inLanguage":"es","@id":"https:\/\/conexionnacional.mx\/index.php\/2023\/03\/02\/mexico-en-el-campeonato-mundial-de-ajedrez\/#primaryimage","url":"https:\/\/conexionnacional.mx\/wp-content\/uploads\/2023\/03\/Mexico-en-campeonato-mundial-de-ajedrez-CN.jpg","contentUrl":"https:\/\/conexionnacional.mx\/wp-content\/uploads\/2023\/03\/Mexico-en-campeonato-mundial-de-ajedrez-CN.jpg","width":1000,"height":600,"caption":"Representar\u00e1 Ana Paola Ham a M\u00e9xico en el campeonato mundial de ajedrez"},{"@type":"BreadcrumbList","@id":"https:\/\/conexionnacional.mx\/index.php\/2023\/03\/02\/mexico-en-el-campeonato-mundial-de-ajedrez\/#breadcrumb","itemListElement":[{"@type":"ListItem","position":1,"name":"Inicio","item":"https:\/\/conexionnacional.mx\/"},{"@type":"ListItem","position":2,"name":"Representar\u00e1 Ana Paola Ham a Mexico en el campeonato mundial de ajedrez en Italia :INDE BC"}]},{"@type":"WebSite","@id":"https:\/\/conexionnacional.mx\/#website","url":"https:\/\/conexionnacional.mx\/","name":"Conexi\u00f3n Nacional","description":"Noticias al momento","publisher":{"@id":"https:\/\/conexionnacional.mx\/#organization"},"alternateName":"Noticias nacionales","potentialAction":[{"@type":"SearchAction","target":{"@type":"EntryPoint","urlTemplate":"https:\/\/conexionnacional.mx\/?s={search_term_string}"},"query-input":{"@type":"PropertyValueSpecification","valueRequired":true,"valueName":"search_term_string"}}],"inLanguage":"es"},{"@type":"Organization","@id":"https:\/\/conexionnacional.mx\/#organization","name":"Conexi\u00f3n Nacional","url":"https:\/\/conexionnacional.mx\/","logo":{"@type":"ImageObject","inLanguage":"es","@id":"https:\/\/conexionnacional.mx\/#\/schema\/logo\/image\/","url":"https:\/\/conexionnacional.mx\/wp-content\/uploads\/2022\/09\/conexion_nacional.png","contentUrl":"https:\/\/conexionnacional.mx\/wp-content\/uploads\/2022\/09\/conexion_nacional.png","width":2964,"height":1173,"caption":"Conexi\u00f3n Nacional"},"image":{"@id":"https:\/\/conexionnacional.mx\/#\/schema\/logo\/image\/"},"sameAs":["https:\/\/www.facebook.com\/cnmxradio"]},{"@type":"Person","@id":"https:\/\/conexionnacional.mx\/#\/schema\/person\/dd14aeda902120f5e0e021903fdb6931","name":"Conexi\u00f3n Nacional","image":{"@type":"ImageObject","inLanguage":"es","@id":"https:\/\/secure.gravatar.com\/avatar\/e523100f284110b2ecca7e17b2be9cf140a5e8f35294c9ec0543e6916cc1f9be?s=96&d=blank&r=g","url":"https:\/\/secure.gravatar.com\/avatar\/e523100f284110b2ecca7e17b2be9cf140a5e8f35294c9ec0543e6916cc1f9be?s=96&d=blank&r=g","contentUrl":"https:\/\/secure.gravatar.com\/avatar\/e523100f284110b2ecca7e17b2be9cf140a5e8f35294c9ec0543e6916cc1f9be?s=96&d=blank&r=g","caption":"Conexi\u00f3n Nacional"},"sameAs":["https:\/\/conexionnacional.mx"],"url":"https:\/\/conexionnacional.mx\/index.php\/author\/administrador\/"}]}},"_links":{"self":[{"href":"https:\/\/conexionnacional.mx\/index.php\/wp-json\/wp\/v2\/posts\/10119","targetHints":{"allow":["GET"]}}],"collection":[{"href":"https:\/\/conexionnacional.mx\/index.php\/wp-json\/wp\/v2\/posts"}],"about":[{"href":"https:\/\/conexionnacional.mx\/index.php\/wp-json\/wp\/v2\/types\/post"}],"author":[{"embeddable":true,"href":"https:\/\/conexionnacional.mx\/index.php\/wp-json\/wp\/v2\/users\/1"}],"replies":[{"embeddable":true,"href":"https:\/\/conexionnacional.mx\/index.php\/wp-json\/wp\/v2\/comments?post=10119"}],"version-history":[{"count":1,"href":"https:\/\/conexionnacional.mx\/index.php\/wp-json\/wp\/v2\/posts\/10119\/revisions"}],"predecessor-version":[{"id":10121,"href":"https:\/\/conexionnacional.mx\/index.php\/wp-json\/wp\/v2\/posts\/10119\/revisions\/10121"}],"wp:featuredmedia":[{"embeddable":true,"href":"https:\/\/conexionnacional.mx\/index.php\/wp-json\/wp\/v2\/media\/10120"}],"wp:attachment":[{"href":"https:\/\/conexionnacional.mx\/index.php\/wp-json\/wp\/v2\/media?parent=10119"}],"wp:term":[{"taxonomy":"category","embeddable":true,"href":"https:\/\/conexionnacional.mx\/index.php\/wp-json\/wp\/v2\/categories?post=10119"},{"taxonomy":"post_tag","embeddable":true,"href":"https:\/\/conexionnacional.mx\/index.php\/wp-json\/wp\/v2\/tags?post=10119"}],"curies":[{"name":"wp","href":"https:\/\/api.w.org\/{rel}","templated":true}]}}