{"id":10082,"date":"2023-03-02T10:43:05","date_gmt":"2023-03-02T16:43:05","guid":{"rendered":"https:\/\/conexionnacional.mx\/?p=10082"},"modified":"2023-03-02T10:43:06","modified_gmt":"2023-03-02T16:43:06","slug":"presiona-eeuu-a-amlo","status":"publish","type":"post","link":"https:\/\/conexionnacional.mx\/index.php\/2023\/03\/02\/presiona-eeuu-a-amlo\/","title":{"rendered":"<strong>Presiona EEUU a AMLO, el fiscal general ve bien declarar terroristas a los narcos mexicanos<\/strong>"},"content":{"rendered":"\n<p>Por: <a href=\"https:\/\/www.cydnoticias.mx\/2023\/03\/02\/presiona-eeuu-a-amlo\/\">Roberto D\u00edaz | cydnoticias.mx<\/a> &nbsp; |<\/p>\n\n\n\n<p>El<strong> fiscal general de Estados Unidos<\/strong>, asegur\u00f3 que no se opondr\u00eda a designar como <strong>terroristas a los c\u00e1rteles mexicanos<\/strong> de la droga.<\/p>\n\n\n\n<p>Sin embargo, dijo que se debe considerar las implicaciones diplom\u00e1ticas que tendr\u00eda con M\u00e9xico.<\/p>\n\n\n\n<p>Al abordar el tema del <strong>fentanilo<\/strong> y la cantidad de muertes que est\u00e1 provocando en Estados Unidos,&nbsp; en una audiencia del <strong>Comit\u00e9 Judicial del Senado<\/strong>, el senador republicano <strong>Lindsey Graham<\/strong> abog\u00f3 entonces por designar terroristas a los c\u00e1rteles.<\/p>\n\n\n\n<figure class=\"wp-block-embed is-type-wp-embed is-provider-claro-y-directo-mx wp-block-embed-claro-y-directo-mx\"><div class=\"wp-block-embed__wrapper\">\nhttps:\/\/www.cydnoticias.mx\/2023\/02\/09\/declarar-terroristas-a-los-carteles-mexicanos\/\n<\/div><\/figure>\n\n\n\n<p>Y es que el senador republicano <strong>Graham<\/strong> le pregunt\u00f3 directamente al fiscal general si se opondr\u00eda a designarlos como <strong>Organizaciones Terroristas Extranjeras<\/strong>, a lo que el fiscal respondi\u00f3:<\/p>\n\n\n\n<blockquote class=\"wp-block-quote is-layout-flow wp-block-quote-is-layout-flow\">\n<p><em>\u201cNo me opondr\u00eda\u201d. Sin embargo, de inmediato acot\u00f3 que una acci\u00f3n as\u00ed tendr\u00eda implicaciones diplom\u00e1ticas con el gobierno mexicano.&nbsp;<\/em><\/p>\n<\/blockquote>\n\n\n\n<p>El fiscal general de <strong>Estados Unidos, Merrick Garland<\/strong>, opin\u00f3 este mi\u00e9rcoles que el <strong>Gobierno<\/strong> mexicano podr\u00eda hacer \u201cmucho m\u00e1s\u201d para combatir el tr\u00e1fico de fentanilo, una droga sint\u00e9tica causante de la mayor\u00eda de muertes por sobredosis en territorio estadounidense.<\/p>\n\n\n\n<blockquote class=\"wp-block-quote is-layout-flow wp-block-quote-is-layout-flow\">\n<p><em>\u201cNos est\u00e1n ayudando pero podr\u00edan hacer mucho m\u00e1s. No tengo ninguna duda sobre esto\u201d, declar\u00f3 el titular del Departamento de Justicia durante una comparecencia ante el Senado estadounidense.<\/em><\/p>\n<\/blockquote>\n\n\n\n<p>El fentanilo, un opioide sint\u00e9tico 50 veces m\u00e1s potente que la morfina y que se mezcla con otras drogas para potenciar su efecto, se fabrica en <strong>M\u00e9xico<\/strong> a partir de precursores importados desde <strong>China<\/strong> y luego se trafica a <strong>Estados Unidos<\/strong>.<\/p>\n\n\n\n<figure class=\"wp-block-embed is-type-wp-embed is-provider-claro-y-directo-mx wp-block-embed-claro-y-directo-mx\"><div class=\"wp-block-embed__wrapper\">\nhttps:\/\/www.cydnoticias.mx\/2022\/08\/03\/narco-arrasa-con-bosques\/\n<\/div><\/figure>\n\n\n\n<p>Garland consider\u00f3 que Estados Unidos sufre una \u201chorrible epidemia\u201d de fentanilo, que mat\u00f3 a m\u00e1s de 100.000 estadounidenses el a\u00f1o pasado y que est\u00e1 \u201cprovocada\u201d por los c<strong>\u00e1rteles mexicanos de Sinaloa y el de Jalisco Nueva Generaci\u00f3n (CJNG)<\/strong>.<\/p>\n\n\n\n<p>Con Informaci\u00f3n de <a href=\"http:\/\/cydnoticias.mx\/\">Claro y Directo Mx\u00ae<\/a><\/p>\n","protected":false},"excerpt":{"rendered":"<p>Por: Roberto D\u00edaz | cydnoticias.mx &nbsp; | El fiscal general de Estados Unidos, asegur\u00f3 que no se opondr\u00eda a designar como terroristas a los c\u00e1rteles mexicanos de la droga. Sin embargo, dijo que se debe considerar las implicaciones diplom\u00e1ticas que tendr\u00eda con M\u00e9xico. Al abordar el tema del fentanilo y la cantidad de muertes que [&hellip;]<\/p>\n","protected":false},"author":1,"featured_media":10083,"comment_status":"closed","ping_status":"closed","sticky":false,"template":"","format":"aside","meta":{"googlesitekit_rrm_CAowytPeCw:productID":"","footnotes":""},"categories":[8],"tags":[7,280,35,3358,2054],"class_list":["post-10082","post","type-post","status-publish","format-aside","has-post-thumbnail","hentry","category-internacional","tag-amlo","tag-cartel","tag-estados-unidos","tag-narcotraficantes","tag-terrorismo","post_format-post-format-aside"],"yoast_head":"<!-- This site is optimized with the Yoast SEO plugin v27.5 - https:\/\/yoast.com\/product\/yoast-seo-wordpress\/ -->\n<title>Presiona EEUU a AMLO, el fiscal general ve bien declarar terroristas a los narcos mexicanos |<\/title>\n<meta name=\"description\" content=\"El fiscal general de Estados Unidos, asegur\u00f3 que no se opondr\u00eda a designar como terroristas a los c\u00e1rteles mexicanos de la droga.\" \/>\n<meta name=\"robots\" content=\"index, follow, max-snippet:-1, max-image-preview:large, max-video-preview:-1\" \/>\n<link rel=\"canonical\" href=\"https:\/\/conexionnacional.mx\/index.php\/2023\/03\/02\/presiona-eeuu-a-amlo\/\" \/>\n<meta property=\"og:locale\" content=\"es_MX\" \/>\n<meta property=\"og:type\" content=\"article\" \/>\n<meta property=\"og:title\" content=\"Presiona EEUU a AMLO, el fiscal general ve bien declarar terroristas a los narcos mexicanos |\" \/>\n<meta property=\"og:description\" content=\"El fiscal general de Estados Unidos, asegur\u00f3 que no se opondr\u00eda a designar como terroristas a los c\u00e1rteles mexicanos de la droga.\" \/>\n<meta property=\"og:url\" content=\"https:\/\/conexionnacional.mx\/index.php\/2023\/03\/02\/presiona-eeuu-a-amlo\/\" \/>\n<meta property=\"og:site_name\" content=\"Conexi\u00f3n Nacional\" \/>\n<meta property=\"article:publisher\" content=\"https:\/\/www.facebook.com\/cnmxradio\" \/>\n<meta property=\"article:published_time\" content=\"2023-03-02T16:43:05+00:00\" \/>\n<meta property=\"article:modified_time\" content=\"2023-03-02T16:43:06+00:00\" \/>\n<meta property=\"og:image\" content=\"https:\/\/conexionnacional.mx\/wp-content\/uploads\/2023\/03\/Presiona-EEUU-a-AMLO-CN.jpg\" \/>\n\t<meta property=\"og:image:width\" content=\"1000\" \/>\n\t<meta property=\"og:image:height\" content=\"600\" \/>\n\t<meta property=\"og:image:type\" content=\"image\/jpeg\" \/>\n<meta name=\"author\" content=\"Conexi\u00f3n Nacional\" \/>\n<meta name=\"twitter:card\" content=\"summary_large_image\" \/>\n<meta name=\"twitter:label1\" content=\"Escrito por\" \/>\n\t<meta name=\"twitter:data1\" content=\"Conexi\u00f3n Nacional\" \/>\n\t<meta name=\"twitter:label2\" content=\"Tiempo de lectura\" \/>\n\t<meta name=\"twitter:data2\" content=\"2 minutos\" \/>\n<script type=\"application\/ld+json\" class=\"yoast-schema-graph\">{\"@context\":\"https:\\\/\\\/schema.org\",\"@graph\":[{\"@type\":\"Article\",\"@id\":\"https:\\\/\\\/conexionnacional.mx\\\/index.php\\\/2023\\\/03\\\/02\\\/presiona-eeuu-a-amlo\\\/#article\",\"isPartOf\":{\"@id\":\"https:\\\/\\\/conexionnacional.mx\\\/index.php\\\/2023\\\/03\\\/02\\\/presiona-eeuu-a-amlo\\\/\"},\"author\":{\"name\":\"Conexi\u00f3n Nacional\",\"@id\":\"https:\\\/\\\/conexionnacional.mx\\\/#\\\/schema\\\/person\\\/dd14aeda902120f5e0e021903fdb6931\"},\"headline\":\"Presiona EEUU a AMLO, el fiscal general ve bien declarar terroristas a los narcos mexicanos\",\"datePublished\":\"2023-03-02T16:43:05+00:00\",\"dateModified\":\"2023-03-02T16:43:06+00:00\",\"mainEntityOfPage\":{\"@id\":\"https:\\\/\\\/conexionnacional.mx\\\/index.php\\\/2023\\\/03\\\/02\\\/presiona-eeuu-a-amlo\\\/\"},\"wordCount\":334,\"publisher\":{\"@id\":\"https:\\\/\\\/conexionnacional.mx\\\/#organization\"},\"image\":{\"@id\":\"https:\\\/\\\/conexionnacional.mx\\\/index.php\\\/2023\\\/03\\\/02\\\/presiona-eeuu-a-amlo\\\/#primaryimage\"},\"thumbnailUrl\":\"https:\\\/\\\/conexionnacional.mx\\\/wp-content\\\/uploads\\\/2023\\\/03\\\/Presiona-EEUU-a-AMLO-CN.jpg\",\"keywords\":[\"AMLO\",\"C\u00e1rtel\",\"Estados Unidos\",\"narcotraficantes\",\"terrorismo\"],\"articleSection\":[\"Internacional\"],\"inLanguage\":\"es\"},{\"@type\":\"WebPage\",\"@id\":\"https:\\\/\\\/conexionnacional.mx\\\/index.php\\\/2023\\\/03\\\/02\\\/presiona-eeuu-a-amlo\\\/\",\"url\":\"https:\\\/\\\/conexionnacional.mx\\\/index.php\\\/2023\\\/03\\\/02\\\/presiona-eeuu-a-amlo\\\/\",\"name\":\"Presiona EEUU a AMLO, el fiscal general ve bien declarar terroristas a los narcos mexicanos |\",\"isPartOf\":{\"@id\":\"https:\\\/\\\/conexionnacional.mx\\\/#website\"},\"primaryImageOfPage\":{\"@id\":\"https:\\\/\\\/conexionnacional.mx\\\/index.php\\\/2023\\\/03\\\/02\\\/presiona-eeuu-a-amlo\\\/#primaryimage\"},\"image\":{\"@id\":\"https:\\\/\\\/conexionnacional.mx\\\/index.php\\\/2023\\\/03\\\/02\\\/presiona-eeuu-a-amlo\\\/#primaryimage\"},\"thumbnailUrl\":\"https:\\\/\\\/conexionnacional.mx\\\/wp-content\\\/uploads\\\/2023\\\/03\\\/Presiona-EEUU-a-AMLO-CN.jpg\",\"datePublished\":\"2023-03-02T16:43:05+00:00\",\"dateModified\":\"2023-03-02T16:43:06+00:00\",\"description\":\"El fiscal general de Estados Unidos, asegur\u00f3 que no se opondr\u00eda a designar como terroristas a los c\u00e1rteles mexicanos de la droga.\",\"breadcrumb\":{\"@id\":\"https:\\\/\\\/conexionnacional.mx\\\/index.php\\\/2023\\\/03\\\/02\\\/presiona-eeuu-a-amlo\\\/#breadcrumb\"},\"inLanguage\":\"es\",\"potentialAction\":[{\"@type\":\"ReadAction\",\"target\":[\"https:\\\/\\\/conexionnacional.mx\\\/index.php\\\/2023\\\/03\\\/02\\\/presiona-eeuu-a-amlo\\\/\"]}]},{\"@type\":\"ImageObject\",\"inLanguage\":\"es\",\"@id\":\"https:\\\/\\\/conexionnacional.mx\\\/index.php\\\/2023\\\/03\\\/02\\\/presiona-eeuu-a-amlo\\\/#primaryimage\",\"url\":\"https:\\\/\\\/conexionnacional.mx\\\/wp-content\\\/uploads\\\/2023\\\/03\\\/Presiona-EEUU-a-AMLO-CN.jpg\",\"contentUrl\":\"https:\\\/\\\/conexionnacional.mx\\\/wp-content\\\/uploads\\\/2023\\\/03\\\/Presiona-EEUU-a-AMLO-CN.jpg\",\"width\":1000,\"height\":600,\"caption\":\"Presiona EEUU a AMLO, el fiscal general ve bien declarar terroristas a los narcos mexicanos\"},{\"@type\":\"BreadcrumbList\",\"@id\":\"https:\\\/\\\/conexionnacional.mx\\\/index.php\\\/2023\\\/03\\\/02\\\/presiona-eeuu-a-amlo\\\/#breadcrumb\",\"itemListElement\":[{\"@type\":\"ListItem\",\"position\":1,\"name\":\"Inicio\",\"item\":\"https:\\\/\\\/conexionnacional.mx\\\/\"},{\"@type\":\"ListItem\",\"position\":2,\"name\":\"Presiona EEUU a AMLO, el fiscal general ve bien declarar terroristas a los narcos mexicanos\"}]},{\"@type\":\"WebSite\",\"@id\":\"https:\\\/\\\/conexionnacional.mx\\\/#website\",\"url\":\"https:\\\/\\\/conexionnacional.mx\\\/\",\"name\":\"Conexi\u00f3n Nacional\",\"description\":\"Noticias al momento\",\"publisher\":{\"@id\":\"https:\\\/\\\/conexionnacional.mx\\\/#organization\"},\"alternateName\":\"Noticias nacionales\",\"potentialAction\":[{\"@type\":\"SearchAction\",\"target\":{\"@type\":\"EntryPoint\",\"urlTemplate\":\"https:\\\/\\\/conexionnacional.mx\\\/?s={search_term_string}\"},\"query-input\":{\"@type\":\"PropertyValueSpecification\",\"valueRequired\":true,\"valueName\":\"search_term_string\"}}],\"inLanguage\":\"es\"},{\"@type\":\"Organization\",\"@id\":\"https:\\\/\\\/conexionnacional.mx\\\/#organization\",\"name\":\"Conexi\u00f3n Nacional\",\"url\":\"https:\\\/\\\/conexionnacional.mx\\\/\",\"logo\":{\"@type\":\"ImageObject\",\"inLanguage\":\"es\",\"@id\":\"https:\\\/\\\/conexionnacional.mx\\\/#\\\/schema\\\/logo\\\/image\\\/\",\"url\":\"https:\\\/\\\/conexionnacional.mx\\\/wp-content\\\/uploads\\\/2022\\\/09\\\/conexion_nacional.png\",\"contentUrl\":\"https:\\\/\\\/conexionnacional.mx\\\/wp-content\\\/uploads\\\/2022\\\/09\\\/conexion_nacional.png\",\"width\":2964,\"height\":1173,\"caption\":\"Conexi\u00f3n Nacional\"},\"image\":{\"@id\":\"https:\\\/\\\/conexionnacional.mx\\\/#\\\/schema\\\/logo\\\/image\\\/\"},\"sameAs\":[\"https:\\\/\\\/www.facebook.com\\\/cnmxradio\"]},{\"@type\":\"Person\",\"@id\":\"https:\\\/\\\/conexionnacional.mx\\\/#\\\/schema\\\/person\\\/dd14aeda902120f5e0e021903fdb6931\",\"name\":\"Conexi\u00f3n Nacional\",\"image\":{\"@type\":\"ImageObject\",\"inLanguage\":\"es\",\"@id\":\"https:\\\/\\\/secure.gravatar.com\\\/avatar\\\/e523100f284110b2ecca7e17b2be9cf140a5e8f35294c9ec0543e6916cc1f9be?s=96&d=blank&r=g\",\"url\":\"https:\\\/\\\/secure.gravatar.com\\\/avatar\\\/e523100f284110b2ecca7e17b2be9cf140a5e8f35294c9ec0543e6916cc1f9be?s=96&d=blank&r=g\",\"contentUrl\":\"https:\\\/\\\/secure.gravatar.com\\\/avatar\\\/e523100f284110b2ecca7e17b2be9cf140a5e8f35294c9ec0543e6916cc1f9be?s=96&d=blank&r=g\",\"caption\":\"Conexi\u00f3n Nacional\"},\"sameAs\":[\"https:\\\/\\\/conexionnacional.mx\"],\"url\":\"https:\\\/\\\/conexionnacional.mx\\\/index.php\\\/author\\\/administrador\\\/\"}]}<\/script>\n<!-- \/ Yoast SEO plugin. -->","yoast_head_json":{"title":"Presiona EEUU a AMLO, el fiscal general ve bien declarar terroristas a los narcos mexicanos |","description":"El fiscal general de Estados Unidos, asegur\u00f3 que no se opondr\u00eda a designar como terroristas a los c\u00e1rteles mexicanos de la droga.","robots":{"index":"index","follow":"follow","max-snippet":"max-snippet:-1","max-image-preview":"max-image-preview:large","max-video-preview":"max-video-preview:-1"},"canonical":"https:\/\/conexionnacional.mx\/index.php\/2023\/03\/02\/presiona-eeuu-a-amlo\/","og_locale":"es_MX","og_type":"article","og_title":"Presiona EEUU a AMLO, el fiscal general ve bien declarar terroristas a los narcos mexicanos |","og_description":"El fiscal general de Estados Unidos, asegur\u00f3 que no se opondr\u00eda a designar como terroristas a los c\u00e1rteles mexicanos de la droga.","og_url":"https:\/\/conexionnacional.mx\/index.php\/2023\/03\/02\/presiona-eeuu-a-amlo\/","og_site_name":"Conexi\u00f3n Nacional","article_publisher":"https:\/\/www.facebook.com\/cnmxradio","article_published_time":"2023-03-02T16:43:05+00:00","article_modified_time":"2023-03-02T16:43:06+00:00","og_image":[{"width":1000,"height":600,"url":"https:\/\/conexionnacional.mx\/wp-content\/uploads\/2023\/03\/Presiona-EEUU-a-AMLO-CN.jpg","type":"image\/jpeg"}],"author":"Conexi\u00f3n Nacional","twitter_card":"summary_large_image","twitter_misc":{"Escrito por":"Conexi\u00f3n Nacional","Tiempo de lectura":"2 minutos"},"schema":{"@context":"https:\/\/schema.org","@graph":[{"@type":"Article","@id":"https:\/\/conexionnacional.mx\/index.php\/2023\/03\/02\/presiona-eeuu-a-amlo\/#article","isPartOf":{"@id":"https:\/\/conexionnacional.mx\/index.php\/2023\/03\/02\/presiona-eeuu-a-amlo\/"},"author":{"name":"Conexi\u00f3n Nacional","@id":"https:\/\/conexionnacional.mx\/#\/schema\/person\/dd14aeda902120f5e0e021903fdb6931"},"headline":"Presiona EEUU a AMLO, el fiscal general ve bien declarar terroristas a los narcos mexicanos","datePublished":"2023-03-02T16:43:05+00:00","dateModified":"2023-03-02T16:43:06+00:00","mainEntityOfPage":{"@id":"https:\/\/conexionnacional.mx\/index.php\/2023\/03\/02\/presiona-eeuu-a-amlo\/"},"wordCount":334,"publisher":{"@id":"https:\/\/conexionnacional.mx\/#organization"},"image":{"@id":"https:\/\/conexionnacional.mx\/index.php\/2023\/03\/02\/presiona-eeuu-a-amlo\/#primaryimage"},"thumbnailUrl":"https:\/\/conexionnacional.mx\/wp-content\/uploads\/2023\/03\/Presiona-EEUU-a-AMLO-CN.jpg","keywords":["AMLO","C\u00e1rtel","Estados Unidos","narcotraficantes","terrorismo"],"articleSection":["Internacional"],"inLanguage":"es"},{"@type":"WebPage","@id":"https:\/\/conexionnacional.mx\/index.php\/2023\/03\/02\/presiona-eeuu-a-amlo\/","url":"https:\/\/conexionnacional.mx\/index.php\/2023\/03\/02\/presiona-eeuu-a-amlo\/","name":"Presiona EEUU a AMLO, el fiscal general ve bien declarar terroristas a los narcos mexicanos |","isPartOf":{"@id":"https:\/\/conexionnacional.mx\/#website"},"primaryImageOfPage":{"@id":"https:\/\/conexionnacional.mx\/index.php\/2023\/03\/02\/presiona-eeuu-a-amlo\/#primaryimage"},"image":{"@id":"https:\/\/conexionnacional.mx\/index.php\/2023\/03\/02\/presiona-eeuu-a-amlo\/#primaryimage"},"thumbnailUrl":"https:\/\/conexionnacional.mx\/wp-content\/uploads\/2023\/03\/Presiona-EEUU-a-AMLO-CN.jpg","datePublished":"2023-03-02T16:43:05+00:00","dateModified":"2023-03-02T16:43:06+00:00","description":"El fiscal general de Estados Unidos, asegur\u00f3 que no se opondr\u00eda a designar como terroristas a los c\u00e1rteles mexicanos de la droga.","breadcrumb":{"@id":"https:\/\/conexionnacional.mx\/index.php\/2023\/03\/02\/presiona-eeuu-a-amlo\/#breadcrumb"},"inLanguage":"es","potentialAction":[{"@type":"ReadAction","target":["https:\/\/conexionnacional.mx\/index.php\/2023\/03\/02\/presiona-eeuu-a-amlo\/"]}]},{"@type":"ImageObject","inLanguage":"es","@id":"https:\/\/conexionnacional.mx\/index.php\/2023\/03\/02\/presiona-eeuu-a-amlo\/#primaryimage","url":"https:\/\/conexionnacional.mx\/wp-content\/uploads\/2023\/03\/Presiona-EEUU-a-AMLO-CN.jpg","contentUrl":"https:\/\/conexionnacional.mx\/wp-content\/uploads\/2023\/03\/Presiona-EEUU-a-AMLO-CN.jpg","width":1000,"height":600,"caption":"Presiona EEUU a AMLO, el fiscal general ve bien declarar terroristas a los narcos mexicanos"},{"@type":"BreadcrumbList","@id":"https:\/\/conexionnacional.mx\/index.php\/2023\/03\/02\/presiona-eeuu-a-amlo\/#breadcrumb","itemListElement":[{"@type":"ListItem","position":1,"name":"Inicio","item":"https:\/\/conexionnacional.mx\/"},{"@type":"ListItem","position":2,"name":"Presiona EEUU a AMLO, el fiscal general ve bien declarar terroristas a los narcos mexicanos"}]},{"@type":"WebSite","@id":"https:\/\/conexionnacional.mx\/#website","url":"https:\/\/conexionnacional.mx\/","name":"Conexi\u00f3n Nacional","description":"Noticias al momento","publisher":{"@id":"https:\/\/conexionnacional.mx\/#organization"},"alternateName":"Noticias nacionales","potentialAction":[{"@type":"SearchAction","target":{"@type":"EntryPoint","urlTemplate":"https:\/\/conexionnacional.mx\/?s={search_term_string}"},"query-input":{"@type":"PropertyValueSpecification","valueRequired":true,"valueName":"search_term_string"}}],"inLanguage":"es"},{"@type":"Organization","@id":"https:\/\/conexionnacional.mx\/#organization","name":"Conexi\u00f3n Nacional","url":"https:\/\/conexionnacional.mx\/","logo":{"@type":"ImageObject","inLanguage":"es","@id":"https:\/\/conexionnacional.mx\/#\/schema\/logo\/image\/","url":"https:\/\/conexionnacional.mx\/wp-content\/uploads\/2022\/09\/conexion_nacional.png","contentUrl":"https:\/\/conexionnacional.mx\/wp-content\/uploads\/2022\/09\/conexion_nacional.png","width":2964,"height":1173,"caption":"Conexi\u00f3n Nacional"},"image":{"@id":"https:\/\/conexionnacional.mx\/#\/schema\/logo\/image\/"},"sameAs":["https:\/\/www.facebook.com\/cnmxradio"]},{"@type":"Person","@id":"https:\/\/conexionnacional.mx\/#\/schema\/person\/dd14aeda902120f5e0e021903fdb6931","name":"Conexi\u00f3n Nacional","image":{"@type":"ImageObject","inLanguage":"es","@id":"https:\/\/secure.gravatar.com\/avatar\/e523100f284110b2ecca7e17b2be9cf140a5e8f35294c9ec0543e6916cc1f9be?s=96&d=blank&r=g","url":"https:\/\/secure.gravatar.com\/avatar\/e523100f284110b2ecca7e17b2be9cf140a5e8f35294c9ec0543e6916cc1f9be?s=96&d=blank&r=g","contentUrl":"https:\/\/secure.gravatar.com\/avatar\/e523100f284110b2ecca7e17b2be9cf140a5e8f35294c9ec0543e6916cc1f9be?s=96&d=blank&r=g","caption":"Conexi\u00f3n Nacional"},"sameAs":["https:\/\/conexionnacional.mx"],"url":"https:\/\/conexionnacional.mx\/index.php\/author\/administrador\/"}]}},"_links":{"self":[{"href":"https:\/\/conexionnacional.mx\/index.php\/wp-json\/wp\/v2\/posts\/10082","targetHints":{"allow":["GET"]}}],"collection":[{"href":"https:\/\/conexionnacional.mx\/index.php\/wp-json\/wp\/v2\/posts"}],"about":[{"href":"https:\/\/conexionnacional.mx\/index.php\/wp-json\/wp\/v2\/types\/post"}],"author":[{"embeddable":true,"href":"https:\/\/conexionnacional.mx\/index.php\/wp-json\/wp\/v2\/users\/1"}],"replies":[{"embeddable":true,"href":"https:\/\/conexionnacional.mx\/index.php\/wp-json\/wp\/v2\/comments?post=10082"}],"version-history":[{"count":1,"href":"https:\/\/conexionnacional.mx\/index.php\/wp-json\/wp\/v2\/posts\/10082\/revisions"}],"predecessor-version":[{"id":10084,"href":"https:\/\/conexionnacional.mx\/index.php\/wp-json\/wp\/v2\/posts\/10082\/revisions\/10084"}],"wp:featuredmedia":[{"embeddable":true,"href":"https:\/\/conexionnacional.mx\/index.php\/wp-json\/wp\/v2\/media\/10083"}],"wp:attachment":[{"href":"https:\/\/conexionnacional.mx\/index.php\/wp-json\/wp\/v2\/media?parent=10082"}],"wp:term":[{"taxonomy":"category","embeddable":true,"href":"https:\/\/conexionnacional.mx\/index.php\/wp-json\/wp\/v2\/categories?post=10082"},{"taxonomy":"post_tag","embeddable":true,"href":"https:\/\/conexionnacional.mx\/index.php\/wp-json\/wp\/v2\/tags?post=10082"}],"curies":[{"name":"wp","href":"https:\/\/api.w.org\/{rel}","templated":true}]}}